{"id":1468,"date":"2017-02-06T11:00:03","date_gmt":"2017-02-06T10:00:03","guid":{"rendered":"https:\/\/www.organisator.ch\/?p=1468"},"modified":"2017-02-06T11:00:03","modified_gmt":"2017-02-06T10:00:03","slug":"vorsicht-bei-massenentlassung-vorschriften-beachten","status":"publish","type":"post","link":"https:\/\/www.organisator.ch\/en\/management\/finanzen_recht\/2017-02-06\/vorsicht-bei-massenentlassung-vorschriften-beachten\/","title":{"rendered":"Caution with mass dismissal: Observe regulations!"},"content":{"rendered":"<figure id=\"attachment_1470\" aria-describedby=\"caption-attachment-1470\" style=\"width: 640px\" class=\"wp-caption alignnone\"><img loading=\"lazy\" decoding=\"async\" class=\"size-full wp-image-1470\" src=\"https:\/\/www.organisator.ch\/wp-content\/uploads\/2017\/02\/Vorsicht-bei-Massenentlassung-Vorschriften-beachten_Organisator.jpg\" alt=\"\" width=\"640\" height=\"423\" srcset=\"https:\/\/www.organisator.ch\/wp-content\/uploads\/2017\/02\/Vorsicht-bei-Massenentlassung-Vorschriften-beachten_Organisator.jpg 640w, https:\/\/www.organisator.ch\/wp-content\/uploads\/2017\/02\/Vorsicht-bei-Massenentlassung-Vorschriften-beachten_Organisator-16x12.jpg 16w, https:\/\/www.organisator.ch\/wp-content\/uploads\/2017\/02\/Vorsicht-bei-Massenentlassung-Vorschriften-beachten_Organisator-265x175.jpg 265w, https:\/\/www.organisator.ch\/wp-content\/uploads\/2017\/02\/Vorsicht-bei-Massenentlassung-Vorschriften-beachten_Organisator-530x350.jpg 530w, https:\/\/www.organisator.ch\/wp-content\/uploads\/2017\/02\/Vorsicht-bei-Massenentlassung-Vorschriften-beachten_Organisator-300x198.jpg 300w\" sizes=\"auto, (max-width: 640px) 100vw, 640px\" \/><figcaption id=\"caption-attachment-1470\" class=\"wp-caption-text\">The Swiss Code of Obligations defines when a staff reduction is a mass dismissal (Image: Fotolia.com)<\/figcaption><\/figure>\n<p>For a mass dismissal within the meaning of the law, the number of terminations in relation to the size of the company is primarily decisive. In companies that usually employ between more than 20 and less than 100 employees, at least ten terminations are required for the mass dismissal rules to apply. In companies with 100 to 300 employees, at least ten percent of the workforce must be affected by the dismissals, and in companies with more than 300 employees, 30 or more dismissals constitute a mass dismissal.<\/p>\n<p>In addition, the dismissals in question must be made within 30 days for reasons unrelated to the personality of the employees concerned. This means that only dismissals due to economic, technical or organizational circumstances are taken into account. Dismissals due to insufficient performance or undisciplined behavior are not included in the calculation. If there are mixed reasons for dismissal, the decisive reason must be identified in the event of a dispute.<\/p>\n<p>Important: In the case of cessation of operations as a result of court decisions, as well as in the case of dismissals in bankruptcy or in the case of a composition agreement with assignment of assets, there is no mass dismissal within the meaning of the Code of Obligations. Other regulations apply.<\/p>\n<h2>Inform and consult employees before mass dismissal<\/h2>\n<p>If a company plans to make a large number of redundancies, it is essential to clarify in advance whether a mass redundancy is involved. If this is the case, the relevant provisions of the Swiss Code of Obligations must be complied with.<\/p>\n<p>The following applies: Before the employer definitively decides on a mass dismissal, the employees must be consulted in good time. For this purpose, the employee representation or, if there is no such representation, the employees must be informed directly and appropriately about the reasons for the mass dismissal and the number and period of the planned dismissals. A copy of this notification must be sent to the cantonal employment office.<\/p>\n<p>The employer must also give the employees the opportunity to submit proposals as to how the dismissals can be avoided or limited or their consequences mitigated. In this consultation procedure, the employees must be given a sufficiently long period of time. The employer is at least obliged to seriously consider the proposals. However, it is not necessary to give detailed reasons for rejecting them.<\/p>\n<p>The obligation to inform and consult the workforce also exists if the mass dismissal has been decided by a foreign parent company without the influence of the Swiss subsidiary. In Switzerland, the Swiss subsidiary is the formal employer and in this capacity must comply with all legal obligations.<\/p>\n<h2>Information from the Labor Office: Start to the 30-day minimum notice period.<\/h2>\n<p>In addition to the initial employee information and after the employee consultation has been carried out, the employer must notify the relevant employment office in writing of the intended mass dismissal. A copy shall be sent to the employees or their representatives. The notification must contain the results of the employee consultation and all relevant information on the mass dismissal. The employees may also submit their comments to the Labor Office. The Labor Office is not required to verify whether the consultation procedure has been complied with. However, the Office shall, by law, seek solutions to the problems posed by the intended mass dismissal.<\/p>\n<p>Important: An employment relationship terminated in the context of a mass layoff shall in any case end at the earliest 30 days after notification to the employment office or, in accordance with the contractual provisions, on a later date.<\/p>\n<h2>Obligation for a social plan<\/h2>\n<p>Companies with usually at least 250 employees that plan a mass dismissal of at least 30 employees within 30 days are obliged to draw up a social plan with the employee representatives. This sets out the measures to be taken to avoid or limit the redundancies or to mitigate their consequences. The subjects of the agreement are often internal job placement, customized outplacement including training, courses and further education, early retirement or severance payments.<\/p>\n<h2>Sanctions for employers in case of non-compliance with mass dismissal rules<\/h2>\n<p>If there is a mass dismissal and the rules of the Code of Obligations are not complied with, this has noticeable consequences for the employer at fault. According to Article 336 of the Code of Obligations, any dismissal that takes place in the context of a mass dismissal covered by the law without consulting the employee representatives or the employees is abusive. Any employee affected who raises an objection to his or her termination in good time is then entitled to a maximum of two months' salary. In addition, failure to report the dismissal of more than ten employees can be punished with fines of up to CHF 40,000.<\/p>\n<h2>Assemble a project team for mass redundancy<\/h2>\n<p>With regard to a mass layoff, it is advantageous to assemble a project team. In addition to management representatives and experts in the fields of law, tax, insurance and communications, this team should include a specialist for personnel issues in times of change. This is because a planned and necessary mass layoff is associated with considerable risks for the future of the company. In particular, unnecessary costs must be avoided.<\/p>\n<p>The consequences of reputational damage and the negative impact on the morale of remaining employees associated with productivity losses are often underestimated. It is therefore important to organize and implement mass redundancies as smoothly as possible. The choice of the most suitable personnel measures for the benefit of the affected and remaining employees plays a key role.<\/p>\n<p><em>Caroline Pfeiffer Marinho is Country Manager Switzerland at\u00a0<a href=\"http:\/\/www.lhh.ch\/de-ch\/\">Lee Hecht Harrison <\/a>in Zurich.<\/em><\/p>","protected":false},"excerpt":{"rendered":"<p>F\u00fcr eine Massenentlassung im Sinne des Gesetzes ist in erster Linie die Anzahl K\u00fcndigungen im Verh\u00e4ltnis zur Betriebsgr\u00f6sse ausschlaggebend. In Betrieben, die zumeist zwischen mehr als 20 und weniger als 100 Mitarbeitende besch\u00e4ftigen, braucht es mindestens zehn K\u00fcndigungen, damit die Massenentlassungsregeln anzuwenden sind. Bei Betrieben mit 100 bis 300 Mitarbeitenden m\u00fcssen mindestens zehn Prozent der [&hellip;]<\/p>\n","protected":false},"author":4,"featured_media":1470,"comment_status":"open","ping_status":"open","sticky":false,"template":"","format":"standard","meta":{"_acf_changed":false,"_yoast_wpseo_focuskw":"Massenentlassung","_yoast_wpseo_metadesc":"F\u00fcr Arbeitgeber, die Personal abbauen m\u00fcssen, ist es unabdingbar abzukl\u00e4ren, ob \u00abnur\u00bb normale Entlassungen oder eine Massenentlassung vorliegt.","articlekey":"","footnotes":""},"categories":[24],"tags":[202,254,335,410],"class_list":["post-1468","post","type-post","status-publish","format-standard","has-post-thumbnail","hentry","category-finanzen_recht","tag-finanzenrecht","tag-hrm","tag-management-und-unternehmensfuehrung","tag-regulierung"],"acf":[],"yoast_head":"<!-- This site is optimized with the Yoast SEO plugin v27.4 - https:\/\/yoast.com\/product\/yoast-seo-wordpress\/ -->\n<title>Vorsicht bei Massenentlassung: Vorschriften beachten! - Organisator<\/title>\n<meta name=\"description\" content=\"F\u00fcr Arbeitgeber, die Personal abbauen m\u00fcssen, ist es unabdingbar abzukl\u00e4ren, ob \u00abnur\u00bb normale Entlassungen oder eine Massenentlassung vorliegt.\" \/>\n<meta name=\"robots\" content=\"index, follow, max-snippet:-1, max-image-preview:large, max-video-preview:-1\" \/>\n<link rel=\"canonical\" href=\"https:\/\/www.organisator.ch\/en\/management\/finanzen_recht\/2017-02-06\/vorsicht-bei-massenentlassung-vorschriften-beachten\/\" \/>\n<meta property=\"og:locale\" content=\"en_US\" \/>\n<meta property=\"og:type\" content=\"article\" \/>\n<meta property=\"og:title\" content=\"Vorsicht bei Massenentlassung: Vorschriften beachten!\" \/>\n<meta property=\"og:description\" content=\"F\u00fcr Arbeitgeber, die Personal abbauen m\u00fcssen, ist es unabdingbar abzukl\u00e4ren, ob \u00abnur\u00bb normale #Entlassungen oder eine #Massenentlassung vorliegt.\" \/>\n<meta property=\"og:url\" content=\"https:\/\/www.organisator.ch\/en\/management\/finanzen_recht\/2017-02-06\/vorsicht-bei-massenentlassung-vorschriften-beachten\/\" \/>\n<meta property=\"og:site_name\" content=\"Organisator\" \/>\n<meta property=\"article:publisher\" content=\"https:\/\/www.facebook.com\/OrganisatorFachmagazin\" \/>\n<meta property=\"article:published_time\" content=\"2017-02-06T10:00:03+00:00\" \/>\n<meta property=\"og:image\" content=\"https:\/\/www.organisator.ch\/wp-content\/uploads\/2017\/02\/Vorsicht-bei-Massenentlassung-Vorschriften-beachten_Organisator.jpg\" \/>\n\t<meta property=\"og:image:width\" content=\"640\" \/>\n\t<meta property=\"og:image:height\" content=\"423\" \/>\n\t<meta property=\"og:image:type\" content=\"image\/jpeg\" \/>\n<meta name=\"author\" content=\"thomas.berner\" \/>\n<meta name=\"twitter:card\" content=\"summary_large_image\" \/>\n<meta name=\"twitter:title\" content=\"Vorsicht bei #Massenentlassung: Vorschriften im #Obligationenrecht #Art335d-g beachten!\" \/>\n<meta name=\"twitter:description\" content=\"F\u00fcr Arbeitgeber, die Personal abbauen m\u00fcssen, ist es unabdingbar abzukl\u00e4ren, ob \u00abnur\u00bb normale #Entlassungen oder eine #Massenentlassung vorliegt.\" \/>\n<meta name=\"twitter:image\" content=\"https:\/\/www.organisator.ch\/wp-content\/uploads\/2017\/02\/Vorsicht-bei-Massenentlassung-Vorschriften-beachten_Organisator.jpg\" \/>\n<script type=\"application\/ld+json\" class=\"yoast-schema-graph\">{\"@context\":\"https:\\\/\\\/schema.org\",\"@graph\":[{\"@type\":\"Article\",\"@id\":\"https:\\\/\\\/www.organisator.ch\\\/management\\\/finanzen_recht\\\/2017-02-06\\\/vorsicht-bei-massenentlassung-vorschriften-beachten\\\/#article\",\"isPartOf\":{\"@id\":\"https:\\\/\\\/www.organisator.ch\\\/management\\\/finanzen_recht\\\/2017-02-06\\\/vorsicht-bei-massenentlassung-vorschriften-beachten\\\/\"},\"author\":{\"name\":\"thomas.berner\",\"@id\":\"https:\\\/\\\/www.organisator.ch\\\/#\\\/schema\\\/person\\\/6f650f90b2842cd4c0cc334b4e36f67e\"},\"headline\":\"Vorsicht bei Massenentlassung: Vorschriften beachten!\",\"datePublished\":\"2017-02-06T10:00:03+00:00\",\"mainEntityOfPage\":{\"@id\":\"https:\\\/\\\/www.organisator.ch\\\/management\\\/finanzen_recht\\\/2017-02-06\\\/vorsicht-bei-massenentlassung-vorschriften-beachten\\\/\"},\"wordCount\":866,\"commentCount\":0,\"publisher\":{\"@id\":\"https:\\\/\\\/www.organisator.ch\\\/#organization\"},\"image\":{\"@id\":\"https:\\\/\\\/www.organisator.ch\\\/management\\\/finanzen_recht\\\/2017-02-06\\\/vorsicht-bei-massenentlassung-vorschriften-beachten\\\/#primaryimage\"},\"thumbnailUrl\":\"https:\\\/\\\/www.organisator.ch\\\/wp-content\\\/uploads\\\/2017\\\/02\\\/Vorsicht-bei-Massenentlassung-Vorschriften-beachten_Organisator.jpg\",\"keywords\":[\"Finanzen\\\/Recht\",\"HRM\",\"Management und Unternehmensf\u00fchrung\",\"Regulierung\"],\"articleSection\":[\"FINANZEN\\\/RECHT\"],\"inLanguage\":\"en-US\"},{\"@type\":\"WebPage\",\"@id\":\"https:\\\/\\\/www.organisator.ch\\\/management\\\/finanzen_recht\\\/2017-02-06\\\/vorsicht-bei-massenentlassung-vorschriften-beachten\\\/\",\"url\":\"https:\\\/\\\/www.organisator.ch\\\/management\\\/finanzen_recht\\\/2017-02-06\\\/vorsicht-bei-massenentlassung-vorschriften-beachten\\\/\",\"name\":\"Vorsicht bei Massenentlassung: Vorschriften beachten! - Organisator\",\"isPartOf\":{\"@id\":\"https:\\\/\\\/www.organisator.ch\\\/#website\"},\"primaryImageOfPage\":{\"@id\":\"https:\\\/\\\/www.organisator.ch\\\/management\\\/finanzen_recht\\\/2017-02-06\\\/vorsicht-bei-massenentlassung-vorschriften-beachten\\\/#primaryimage\"},\"image\":{\"@id\":\"https:\\\/\\\/www.organisator.ch\\\/management\\\/finanzen_recht\\\/2017-02-06\\\/vorsicht-bei-massenentlassung-vorschriften-beachten\\\/#primaryimage\"},\"thumbnailUrl\":\"https:\\\/\\\/www.organisator.ch\\\/wp-content\\\/uploads\\\/2017\\\/02\\\/Vorsicht-bei-Massenentlassung-Vorschriften-beachten_Organisator.jpg\",\"datePublished\":\"2017-02-06T10:00:03+00:00\",\"description\":\"F\u00fcr Arbeitgeber, die Personal abbauen m\u00fcssen, ist es unabdingbar abzukl\u00e4ren, ob \u00abnur\u00bb normale Entlassungen oder eine Massenentlassung vorliegt.\",\"breadcrumb\":{\"@id\":\"https:\\\/\\\/www.organisator.ch\\\/management\\\/finanzen_recht\\\/2017-02-06\\\/vorsicht-bei-massenentlassung-vorschriften-beachten\\\/#breadcrumb\"},\"inLanguage\":\"en-US\",\"potentialAction\":[{\"@type\":\"ReadAction\",\"target\":[\"https:\\\/\\\/www.organisator.ch\\\/management\\\/finanzen_recht\\\/2017-02-06\\\/vorsicht-bei-massenentlassung-vorschriften-beachten\\\/\"]}]},{\"@type\":\"ImageObject\",\"inLanguage\":\"en-US\",\"@id\":\"https:\\\/\\\/www.organisator.ch\\\/management\\\/finanzen_recht\\\/2017-02-06\\\/vorsicht-bei-massenentlassung-vorschriften-beachten\\\/#primaryimage\",\"url\":\"https:\\\/\\\/www.organisator.ch\\\/wp-content\\\/uploads\\\/2017\\\/02\\\/Vorsicht-bei-Massenentlassung-Vorschriften-beachten_Organisator.jpg\",\"contentUrl\":\"https:\\\/\\\/www.organisator.ch\\\/wp-content\\\/uploads\\\/2017\\\/02\\\/Vorsicht-bei-Massenentlassung-Vorschriften-beachten_Organisator.jpg\",\"width\":640,\"height\":423,\"caption\":\"Wann es sich bei einem Personalabbau um eine Massenentlassung handelt, ist im Schweizer Obligationenrecht definiert (Bild: Fotolia.com)\"},{\"@type\":\"BreadcrumbList\",\"@id\":\"https:\\\/\\\/www.organisator.ch\\\/management\\\/finanzen_recht\\\/2017-02-06\\\/vorsicht-bei-massenentlassung-vorschriften-beachten\\\/#breadcrumb\",\"itemListElement\":[{\"@type\":\"ListItem\",\"position\":1,\"name\":\"Home\",\"item\":\"https:\\\/\\\/www.organisator.ch\\\/\"},{\"@type\":\"ListItem\",\"position\":2,\"name\":\"Vorsicht bei Massenentlassung: Vorschriften beachten!\"}]},{\"@type\":\"WebSite\",\"@id\":\"https:\\\/\\\/www.organisator.ch\\\/#website\",\"url\":\"https:\\\/\\\/www.organisator.ch\\\/\",\"name\":\"Organisator\",\"description\":\"Kompetent. Praxisnah. Der ORGANISATOR bereitet in 10 Ausgaben pro Jahr die wesentlichen Themen f\u00fcr F\u00fchrungskr\u00e4fte von KMU auf.\",\"publisher\":{\"@id\":\"https:\\\/\\\/www.organisator.ch\\\/#organization\"},\"potentialAction\":[{\"@type\":\"SearchAction\",\"target\":{\"@type\":\"EntryPoint\",\"urlTemplate\":\"https:\\\/\\\/www.organisator.ch\\\/?s={search_term_string}\"},\"query-input\":{\"@type\":\"PropertyValueSpecification\",\"valueRequired\":true,\"valueName\":\"search_term_string\"}}],\"inLanguage\":\"en-US\"},{\"@type\":\"Organization\",\"@id\":\"https:\\\/\\\/www.organisator.ch\\\/#organization\",\"name\":\"Organisator\",\"url\":\"https:\\\/\\\/www.organisator.ch\\\/\",\"logo\":{\"@type\":\"ImageObject\",\"inLanguage\":\"en-US\",\"@id\":\"https:\\\/\\\/www.organisator.ch\\\/#\\\/schema\\\/logo\\\/image\\\/\",\"url\":\"https:\\\/\\\/www.organisator.ch\\\/wp-content\\\/uploads\\\/2022\\\/01\\\/Logo_Organisator_Website.png\",\"contentUrl\":\"https:\\\/\\\/www.organisator.ch\\\/wp-content\\\/uploads\\\/2022\\\/01\\\/Logo_Organisator_Website.png\",\"width\":800,\"height\":77,\"caption\":\"Organisator\"},\"image\":{\"@id\":\"https:\\\/\\\/www.organisator.ch\\\/#\\\/schema\\\/logo\\\/image\\\/\"},\"sameAs\":[\"https:\\\/\\\/www.facebook.com\\\/OrganisatorFachmagazin\",\"https:\\\/\\\/www.linkedin.com\\\/showcase\\\/organisator-das-magazin-fr-kmu\",\"https:\\\/\\\/www.xing.com\\\/news\\\/pages\\\/organisator-ch-695\",\"https:\\\/\\\/www.youtube.com\\\/channel\\\/UCGP2Sq0iWaZwT3BdIAQFYpw\"]},{\"@type\":\"Person\",\"@id\":\"https:\\\/\\\/www.organisator.ch\\\/#\\\/schema\\\/person\\\/6f650f90b2842cd4c0cc334b4e36f67e\",\"name\":\"thomas.berner\",\"image\":{\"@type\":\"ImageObject\",\"inLanguage\":\"en-US\",\"@id\":\"https:\\\/\\\/secure.gravatar.com\\\/avatar\\\/ac5001d2a36cb6c6cd3e50789007ffca834b477b74a2144564522e944eabff61?s=96&d=mm&r=g\",\"url\":\"https:\\\/\\\/secure.gravatar.com\\\/avatar\\\/ac5001d2a36cb6c6cd3e50789007ffca834b477b74a2144564522e944eabff61?s=96&d=mm&r=g\",\"contentUrl\":\"https:\\\/\\\/secure.gravatar.com\\\/avatar\\\/ac5001d2a36cb6c6cd3e50789007ffca834b477b74a2144564522e944eabff61?s=96&d=mm&r=g\",\"caption\":\"thomas.berner\"},\"url\":\"https:\\\/\\\/www.organisator.ch\\\/en\\\/author\\\/thomas-berner\\\/\"}]}<\/script>\n<!-- \/ Yoast SEO plugin. -->","yoast_head_json":{"title":"Beware of mass dismissal: follow the regulations! - Organizer","description":"For employers who need to reduce staff, it is essential to clarify whether there are \"only\" normal redundancies or a mass redundancy.","robots":{"index":"index","follow":"follow","max-snippet":"max-snippet:-1","max-image-preview":"max-image-preview:large","max-video-preview":"max-video-preview:-1"},"canonical":"https:\/\/www.organisator.ch\/en\/management\/finanzen_recht\/2017-02-06\/vorsicht-bei-massenentlassung-vorschriften-beachten\/","og_locale":"en_US","og_type":"article","og_title":"Vorsicht bei Massenentlassung: Vorschriften beachten!","og_description":"F\u00fcr Arbeitgeber, die Personal abbauen m\u00fcssen, ist es unabdingbar abzukl\u00e4ren, ob \u00abnur\u00bb normale #Entlassungen oder eine #Massenentlassung vorliegt.","og_url":"https:\/\/www.organisator.ch\/en\/management\/finanzen_recht\/2017-02-06\/vorsicht-bei-massenentlassung-vorschriften-beachten\/","og_site_name":"Organisator","article_publisher":"https:\/\/www.facebook.com\/OrganisatorFachmagazin","article_published_time":"2017-02-06T10:00:03+00:00","og_image":[{"width":640,"height":423,"url":"https:\/\/www.organisator.ch\/wp-content\/uploads\/2017\/02\/Vorsicht-bei-Massenentlassung-Vorschriften-beachten_Organisator.jpg","type":"image\/jpeg"}],"author":"thomas.berner","twitter_card":"summary_large_image","twitter_title":"Vorsicht bei #Massenentlassung: Vorschriften im #Obligationenrecht #Art335d-g beachten!","twitter_description":"F\u00fcr Arbeitgeber, die Personal abbauen m\u00fcssen, ist es unabdingbar abzukl\u00e4ren, ob \u00abnur\u00bb normale #Entlassungen oder eine #Massenentlassung vorliegt.","twitter_image":"https:\/\/www.organisator.ch\/wp-content\/uploads\/2017\/02\/Vorsicht-bei-Massenentlassung-Vorschriften-beachten_Organisator.jpg","schema":{"@context":"https:\/\/schema.org","@graph":[{"@type":"Article","@id":"https:\/\/www.organisator.ch\/management\/finanzen_recht\/2017-02-06\/vorsicht-bei-massenentlassung-vorschriften-beachten\/#article","isPartOf":{"@id":"https:\/\/www.organisator.ch\/management\/finanzen_recht\/2017-02-06\/vorsicht-bei-massenentlassung-vorschriften-beachten\/"},"author":{"name":"thomas.berner","@id":"https:\/\/www.organisator.ch\/#\/schema\/person\/6f650f90b2842cd4c0cc334b4e36f67e"},"headline":"Vorsicht bei Massenentlassung: Vorschriften beachten!","datePublished":"2017-02-06T10:00:03+00:00","mainEntityOfPage":{"@id":"https:\/\/www.organisator.ch\/management\/finanzen_recht\/2017-02-06\/vorsicht-bei-massenentlassung-vorschriften-beachten\/"},"wordCount":866,"commentCount":0,"publisher":{"@id":"https:\/\/www.organisator.ch\/#organization"},"image":{"@id":"https:\/\/www.organisator.ch\/management\/finanzen_recht\/2017-02-06\/vorsicht-bei-massenentlassung-vorschriften-beachten\/#primaryimage"},"thumbnailUrl":"https:\/\/www.organisator.ch\/wp-content\/uploads\/2017\/02\/Vorsicht-bei-Massenentlassung-Vorschriften-beachten_Organisator.jpg","keywords":["Finanzen\/Recht","HRM","Management und Unternehmensf\u00fchrung","Regulierung"],"articleSection":["FINANZEN\/RECHT"],"inLanguage":"en-US"},{"@type":"WebPage","@id":"https:\/\/www.organisator.ch\/management\/finanzen_recht\/2017-02-06\/vorsicht-bei-massenentlassung-vorschriften-beachten\/","url":"https:\/\/www.organisator.ch\/management\/finanzen_recht\/2017-02-06\/vorsicht-bei-massenentlassung-vorschriften-beachten\/","name":"Beware of mass dismissal: follow the regulations! - Organizer","isPartOf":{"@id":"https:\/\/www.organisator.ch\/#website"},"primaryImageOfPage":{"@id":"https:\/\/www.organisator.ch\/management\/finanzen_recht\/2017-02-06\/vorsicht-bei-massenentlassung-vorschriften-beachten\/#primaryimage"},"image":{"@id":"https:\/\/www.organisator.ch\/management\/finanzen_recht\/2017-02-06\/vorsicht-bei-massenentlassung-vorschriften-beachten\/#primaryimage"},"thumbnailUrl":"https:\/\/www.organisator.ch\/wp-content\/uploads\/2017\/02\/Vorsicht-bei-Massenentlassung-Vorschriften-beachten_Organisator.jpg","datePublished":"2017-02-06T10:00:03+00:00","description":"For employers who need to reduce staff, it is essential to clarify whether there are \"only\" normal redundancies or a mass redundancy.","breadcrumb":{"@id":"https:\/\/www.organisator.ch\/management\/finanzen_recht\/2017-02-06\/vorsicht-bei-massenentlassung-vorschriften-beachten\/#breadcrumb"},"inLanguage":"en-US","potentialAction":[{"@type":"ReadAction","target":["https:\/\/www.organisator.ch\/management\/finanzen_recht\/2017-02-06\/vorsicht-bei-massenentlassung-vorschriften-beachten\/"]}]},{"@type":"ImageObject","inLanguage":"en-US","@id":"https:\/\/www.organisator.ch\/management\/finanzen_recht\/2017-02-06\/vorsicht-bei-massenentlassung-vorschriften-beachten\/#primaryimage","url":"https:\/\/www.organisator.ch\/wp-content\/uploads\/2017\/02\/Vorsicht-bei-Massenentlassung-Vorschriften-beachten_Organisator.jpg","contentUrl":"https:\/\/www.organisator.ch\/wp-content\/uploads\/2017\/02\/Vorsicht-bei-Massenentlassung-Vorschriften-beachten_Organisator.jpg","width":640,"height":423,"caption":"Wann es sich bei einem Personalabbau um eine Massenentlassung handelt, ist im Schweizer Obligationenrecht definiert (Bild: Fotolia.com)"},{"@type":"BreadcrumbList","@id":"https:\/\/www.organisator.ch\/management\/finanzen_recht\/2017-02-06\/vorsicht-bei-massenentlassung-vorschriften-beachten\/#breadcrumb","itemListElement":[{"@type":"ListItem","position":1,"name":"Home","item":"https:\/\/www.organisator.ch\/"},{"@type":"ListItem","position":2,"name":"Vorsicht bei Massenentlassung: Vorschriften beachten!"}]},{"@type":"WebSite","@id":"https:\/\/www.organisator.ch\/#website","url":"https:\/\/www.organisator.ch\/","name":"Organizer","description":"Competent. Practical. In 10 issues per year, ORGANISATOR presents the essential topics for managers of SMEs.","publisher":{"@id":"https:\/\/www.organisator.ch\/#organization"},"potentialAction":[{"@type":"SearchAction","target":{"@type":"EntryPoint","urlTemplate":"https:\/\/www.organisator.ch\/?s={search_term_string}"},"query-input":{"@type":"PropertyValueSpecification","valueRequired":true,"valueName":"search_term_string"}}],"inLanguage":"en-US"},{"@type":"Organization","@id":"https:\/\/www.organisator.ch\/#organization","name":"Organizer","url":"https:\/\/www.organisator.ch\/","logo":{"@type":"ImageObject","inLanguage":"en-US","@id":"https:\/\/www.organisator.ch\/#\/schema\/logo\/image\/","url":"https:\/\/www.organisator.ch\/wp-content\/uploads\/2022\/01\/Logo_Organisator_Website.png","contentUrl":"https:\/\/www.organisator.ch\/wp-content\/uploads\/2022\/01\/Logo_Organisator_Website.png","width":800,"height":77,"caption":"Organisator"},"image":{"@id":"https:\/\/www.organisator.ch\/#\/schema\/logo\/image\/"},"sameAs":["https:\/\/www.facebook.com\/OrganisatorFachmagazin","https:\/\/www.linkedin.com\/showcase\/organisator-das-magazin-fr-kmu","https:\/\/www.xing.com\/news\/pages\/organisator-ch-695","https:\/\/www.youtube.com\/channel\/UCGP2Sq0iWaZwT3BdIAQFYpw"]},{"@type":"Person","@id":"https:\/\/www.organisator.ch\/#\/schema\/person\/6f650f90b2842cd4c0cc334b4e36f67e","name":"thomas.berner","image":{"@type":"ImageObject","inLanguage":"en-US","@id":"https:\/\/secure.gravatar.com\/avatar\/ac5001d2a36cb6c6cd3e50789007ffca834b477b74a2144564522e944eabff61?s=96&d=mm&r=g","url":"https:\/\/secure.gravatar.com\/avatar\/ac5001d2a36cb6c6cd3e50789007ffca834b477b74a2144564522e944eabff61?s=96&d=mm&r=g","contentUrl":"https:\/\/secure.gravatar.com\/avatar\/ac5001d2a36cb6c6cd3e50789007ffca834b477b74a2144564522e944eabff61?s=96&d=mm&r=g","caption":"thomas.berner"},"url":"https:\/\/www.organisator.ch\/en\/author\/thomas-berner\/"}]}},"_links":{"self":[{"href":"https:\/\/www.organisator.ch\/en\/wp-json\/wp\/v2\/posts\/1468","targetHints":{"allow":["GET"]}}],"collection":[{"href":"https:\/\/www.organisator.ch\/en\/wp-json\/wp\/v2\/posts"}],"about":[{"href":"https:\/\/www.organisator.ch\/en\/wp-json\/wp\/v2\/types\/post"}],"author":[{"embeddable":true,"href":"https:\/\/www.organisator.ch\/en\/wp-json\/wp\/v2\/users\/4"}],"replies":[{"embeddable":true,"href":"https:\/\/www.organisator.ch\/en\/wp-json\/wp\/v2\/comments?post=1468"}],"version-history":[{"count":0,"href":"https:\/\/www.organisator.ch\/en\/wp-json\/wp\/v2\/posts\/1468\/revisions"}],"wp:featuredmedia":[{"embeddable":true,"href":"https:\/\/www.organisator.ch\/en\/wp-json\/wp\/v2\/media\/1470"}],"wp:attachment":[{"href":"https:\/\/www.organisator.ch\/en\/wp-json\/wp\/v2\/media?parent=1468"}],"wp:term":[{"taxonomy":"category","embeddable":true,"href":"https:\/\/www.organisator.ch\/en\/wp-json\/wp\/v2\/categories?post=1468"},{"taxonomy":"post_tag","embeddable":true,"href":"https:\/\/www.organisator.ch\/en\/wp-json\/wp\/v2\/tags?post=1468"}],"curies":[{"name":"wp","href":"https:\/\/api.w.org\/{rel}","templated":true}]}}