{"id":1492,"date":"2018-02-13T13:45:15","date_gmt":"2018-02-13T12:45:15","guid":{"rendered":"https:\/\/www.umweltperspektiven.ch\/?p=1492"},"modified":"2018-02-13T13:45:15","modified_gmt":"2018-02-13T12:45:15","slug":"bfu-befragung-zu-selbstunfaellen-auf-dem-e-bike","status":"publish","type":"post","link":"https:\/\/www.organisator.ch\/en\/allgemein\/2018-02-13\/bfu-befragung-zu-selbstunfaellen-auf-dem-e-bike\/","title":{"rendered":"bfu survey on self-accidents on the e-bike"},"content":{"rendered":"<div class=\"ym-grid is-detail-page\">\n<div class=\"ym-g66 ym-gl\">\n<div class=\"is-detail-page-content\">\n<div class=\"is-detail-information-content\">\n<figure id=\"attachment_1493\" aria-describedby=\"caption-attachment-1493\" style=\"width: 680px\" class=\"wp-caption alignnone\"><img loading=\"lazy\" decoding=\"async\" class=\"size-medium wp-image-1493\" src=\"\/\/www.umweltperspektiven.ch\/wp-content\/uploads\/2018\/02\/bfu-Befragung-zu-Selbstunf\u00e4llen-auf-dem-E-Bike-up-umweltperspektiven.jpg\" alt=\"\" width=\"680\" height=\"453\" \/><figcaption id=\"caption-attachment-1493\" class=\"wp-caption-text\">The idyll is deceptive: one in six e-bike riders has already crashed in road traffic. (Image: Pixabay)<\/figcaption><\/figure>\n<\/div>\n<div><\/div>\n<div class=\"is-detail-information-content\">The bfu survey on self-accidents with e-bikes shows clear trends. E-bikes have been conquering Swiss roads for a few years now. In 2016, more than 75,000 e-bikes were sold, which corresponds to around a quarter of all bicycles sold in Switzerland. This is reflected in the accident statistics: between 2011 and 2016, accidents involving e-bikes tripled.<\/div>\n<div><\/div>\n<div class=\"is-detail-information-content\">\n<p>As expected, the greatest risk of a self-inflicted road traffic accident is posed by riders who frequently use an e-bike. Particularly at risk are those who also use the e-bike in winter, men and people who use the e-bike to get to work or school. Age does not play a major role here; all age groups are equally affected.<\/p>\n<p><strong>Slipping as the most frequent cause of accidents<\/strong><\/p>\n<p>The bfu survey shows that slipping is the most common cause of self-inflicted accidents, for example on icy or wet ground, accounting for one third of all cases. The e-bike is rarely considered to be a (contributing) cause of the accident. More than 80 % of the respondents are of the opinion that the accident would also have happened with a normal bicycle.<\/p>\n<p>Three quarters of the self-inflicted accidents ended smoothly and resulted in no or only minor injuries. However, 18 % of the respondents sustained moderately severe injuries and had to be treated in a doctor's office. 7 % injured themselves to such an extent that inpatient treatment in hospital was necessary.<\/p>\n<p><strong>Possible prevention measures<\/strong><\/p>\n<p>According to their own information, e-bike riders feel relatively safe on Swiss roads. Nevertheless, in the view of the respondents and the bfu, the road safety of e-bikes can be improved with various measures - for example, by checking and improving the bicycle infrastructure, through regular road maintenance, and with awareness campaigns for e-bike and car riders. Advances in e-bike technology can also further improve safety.<\/p>\n<p><a href=\"\/\/www.bfu.ch\">www.bfu.ch<\/a><\/p>\n<p>&nbsp;<\/p>\n<p><iframe loading=\"lazy\" title=\"The e-bike is faster than you think\" width=\"768\" height=\"432\" src=\"https:\/\/www.youtube.com\/embed\/EsGiPnVzpOM?feature=oembed\" frameborder=\"0\" allow=\"accelerometer; autoplay; clipboard-write; encrypted-media; gyroscope; picture-in-picture\" allowfullscreen><\/iframe><\/p>\n<\/div>\n<div class=\"is-detail-information-content\"><\/div>\n<\/div>\n<\/div>\n<\/div>\n<p>&nbsp;<\/p>","protected":false},"excerpt":{"rendered":"<p>Die bfu-Befragung zu Selbstunf\u00e4llen mit E-Bikes zeigt eindeutige Tendenzen auf. Seit ein paar Jahren erobern E-Bikes Schweizer Strassen. 2016 wurden \u00fcber 75 000 E-Bikes verkauft, was rund einem Viertel aller in der Schweiz verkauften Velos entspricht. Dies zeigt sich in der Unfallstatistik: Zwischen 2011 und 2016 haben sich die Unf\u00e4lle mit E-Bikes verdreifacht. Das gr\u00f6sste [&hellip;]<\/p>\n","protected":false},"author":5,"featured_media":1493,"comment_status":"open","ping_status":"open","sticky":false,"template":"","format":"standard","meta":{"_acf_changed":false,"_yoast_wpseo_focuskw":"bfu-Befragung","_yoast_wpseo_metadesc":"Eine bfu-Befragung der Beratungsstelle f\u00fcr Unfallverh\u00fctung zeigt, dass rund jeder sechste E-Bike-Fahrende bereits einmal im Strassenverkehr verunfallte.","articlekey":"","footnotes":""},"categories":[1],"tags":[1001,1006,424,2214],"class_list":["post-1492","post","type-post","status-publish","format-standard","has-post-thumbnail","hentry","category-allgemein","tag-e-bikes","tag-e-mobilitaet","tag-schweiz","tag-strassenverkehr"],"acf":[],"yoast_head":"<!-- This site is optimized with the Yoast SEO plugin v27.5 - https:\/\/yoast.com\/product\/yoast-seo-wordpress\/ -->\n<title>bfu-Befragung zu Selbstunf\u00e4llen auf dem E-Bike - Organisator<\/title>\n<meta name=\"description\" content=\"Eine bfu-Befragung der Beratungsstelle f\u00fcr Unfallverh\u00fctung zeigt, dass rund jeder sechste E-Bike-Fahrende bereits einmal im Strassenverkehr verunfallte.\" \/>\n<meta name=\"robots\" content=\"index, follow, max-snippet:-1, max-image-preview:large, max-video-preview:-1\" \/>\n<link rel=\"canonical\" href=\"https:\/\/www.organisator.ch\/en\/general\/2018-02-13\/bfu-befragung-zu-selbstunfaellen-auf-dem-e-bike\/\" \/>\n<meta property=\"og:locale\" content=\"en_US\" \/>\n<meta property=\"og:type\" content=\"article\" \/>\n<meta property=\"og:title\" content=\"bfu-Befragung zu Selbstunf\u00e4llen auf dem E-Bike\" \/>\n<meta property=\"og:description\" content=\"Eine bfu-Befragung der Beratungsstelle f\u00fcr Unfallverh\u00fctung zeigt, dass rund jeder sechste E-Bike-Fahrende bereits einmal im Strassenverkehr verunfallte.\" \/>\n<meta property=\"og:url\" content=\"https:\/\/www.organisator.ch\/en\/general\/2018-02-13\/bfu-befragung-zu-selbstunfaellen-auf-dem-e-bike\/\" \/>\n<meta property=\"og:site_name\" content=\"Organisator\" \/>\n<meta property=\"article:publisher\" content=\"https:\/\/www.facebook.com\/OrganisatorFachmagazin\" \/>\n<meta property=\"article:published_time\" content=\"2018-02-13T12:45:15+00:00\" \/>\n<meta property=\"og:image\" content=\"https:\/\/www.organisator.ch\/wp-content\/uploads\/2018\/02\/bfu-Befragung-zu-Selbstunfaellen-auf-dem-E-Bike-up-umweltperspektiven.jpg\" \/>\n\t<meta property=\"og:image:width\" content=\"1920\" \/>\n\t<meta property=\"og:image:height\" content=\"1280\" \/>\n\t<meta property=\"og:image:type\" content=\"image\/jpeg\" \/>\n<meta name=\"author\" content=\"michael.merz\" \/>\n<meta name=\"twitter:card\" content=\"summary_large_image\" \/>\n<script type=\"application\/ld+json\" class=\"yoast-schema-graph\">{\"@context\":\"https:\\\/\\\/schema.org\",\"@graph\":[{\"@type\":\"Article\",\"@id\":\"https:\\\/\\\/www.organisator.ch\\\/it\\\/generale\\\/2018-02-13\\\/bfu-befragung-zu-selbstunfaellen-auf-dem-e-bike\\\/#article\",\"isPartOf\":{\"@id\":\"https:\\\/\\\/www.organisator.ch\\\/it\\\/generale\\\/2018-02-13\\\/bfu-befragung-zu-selbstunfaellen-auf-dem-e-bike\\\/\"},\"author\":{\"name\":\"michael.merz\",\"@id\":\"https:\\\/\\\/www.organisator.ch\\\/#\\\/schema\\\/person\\\/134708ca9321c57b0362cceb7948ffbd\"},\"headline\":\"bfu-Befragung zu Selbstunf\u00e4llen auf dem E-Bike\",\"datePublished\":\"2018-02-13T12:45:15+00:00\",\"mainEntityOfPage\":{\"@id\":\"https:\\\/\\\/www.organisator.ch\\\/it\\\/generale\\\/2018-02-13\\\/bfu-befragung-zu-selbstunfaellen-auf-dem-e-bike\\\/\"},\"wordCount\":330,\"commentCount\":0,\"publisher\":{\"@id\":\"https:\\\/\\\/www.organisator.ch\\\/#organization\"},\"image\":{\"@id\":\"https:\\\/\\\/www.organisator.ch\\\/it\\\/generale\\\/2018-02-13\\\/bfu-befragung-zu-selbstunfaellen-auf-dem-e-bike\\\/#primaryimage\"},\"thumbnailUrl\":\"https:\\\/\\\/www.organisator.ch\\\/wp-content\\\/uploads\\\/2018\\\/02\\\/bfu-Befragung-zu-Selbstunfaellen-auf-dem-E-Bike-up-umweltperspektiven.jpg\",\"keywords\":[\"E-Bikes\",\"E-Mobilit\u00e4t\",\"Schweiz\",\"Strassenverkehr\"],\"articleSection\":[\"Allgemein\"],\"inLanguage\":\"en-US\"},{\"@type\":\"WebPage\",\"@id\":\"https:\\\/\\\/www.organisator.ch\\\/it\\\/generale\\\/2018-02-13\\\/bfu-befragung-zu-selbstunfaellen-auf-dem-e-bike\\\/\",\"url\":\"https:\\\/\\\/www.organisator.ch\\\/it\\\/generale\\\/2018-02-13\\\/bfu-befragung-zu-selbstunfaellen-auf-dem-e-bike\\\/\",\"name\":\"bfu-Befragung zu Selbstunf\u00e4llen auf dem E-Bike - Organisator\",\"isPartOf\":{\"@id\":\"https:\\\/\\\/www.organisator.ch\\\/#website\"},\"primaryImageOfPage\":{\"@id\":\"https:\\\/\\\/www.organisator.ch\\\/it\\\/generale\\\/2018-02-13\\\/bfu-befragung-zu-selbstunfaellen-auf-dem-e-bike\\\/#primaryimage\"},\"image\":{\"@id\":\"https:\\\/\\\/www.organisator.ch\\\/it\\\/generale\\\/2018-02-13\\\/bfu-befragung-zu-selbstunfaellen-auf-dem-e-bike\\\/#primaryimage\"},\"thumbnailUrl\":\"https:\\\/\\\/www.organisator.ch\\\/wp-content\\\/uploads\\\/2018\\\/02\\\/bfu-Befragung-zu-Selbstunfaellen-auf-dem-E-Bike-up-umweltperspektiven.jpg\",\"datePublished\":\"2018-02-13T12:45:15+00:00\",\"description\":\"Eine bfu-Befragung der Beratungsstelle f\u00fcr Unfallverh\u00fctung zeigt, dass rund jeder sechste E-Bike-Fahrende bereits einmal im Strassenverkehr verunfallte.\",\"breadcrumb\":{\"@id\":\"https:\\\/\\\/www.organisator.ch\\\/it\\\/generale\\\/2018-02-13\\\/bfu-befragung-zu-selbstunfaellen-auf-dem-e-bike\\\/#breadcrumb\"},\"inLanguage\":\"en-US\",\"potentialAction\":[{\"@type\":\"ReadAction\",\"target\":[\"https:\\\/\\\/www.organisator.ch\\\/it\\\/generale\\\/2018-02-13\\\/bfu-befragung-zu-selbstunfaellen-auf-dem-e-bike\\\/\"]}]},{\"@type\":\"ImageObject\",\"inLanguage\":\"en-US\",\"@id\":\"https:\\\/\\\/www.organisator.ch\\\/it\\\/generale\\\/2018-02-13\\\/bfu-befragung-zu-selbstunfaellen-auf-dem-e-bike\\\/#primaryimage\",\"url\":\"https:\\\/\\\/www.organisator.ch\\\/wp-content\\\/uploads\\\/2018\\\/02\\\/bfu-Befragung-zu-Selbstunfaellen-auf-dem-E-Bike-up-umweltperspektiven.jpg\",\"contentUrl\":\"https:\\\/\\\/www.organisator.ch\\\/wp-content\\\/uploads\\\/2018\\\/02\\\/bfu-Befragung-zu-Selbstunfaellen-auf-dem-E-Bike-up-umweltperspektiven.jpg\",\"width\":1920,\"height\":1280,\"caption\":\"Die Idylle tr\u00fcgt: Einer von sechs E-Bike-Fahrenden ist bereits im Strassenverkehr gest\u00fcrz. (Bild: Pixabay)\"},{\"@type\":\"BreadcrumbList\",\"@id\":\"https:\\\/\\\/www.organisator.ch\\\/it\\\/generale\\\/2018-02-13\\\/bfu-befragung-zu-selbstunfaellen-auf-dem-e-bike\\\/#breadcrumb\",\"itemListElement\":[{\"@type\":\"ListItem\",\"position\":1,\"name\":\"Home\",\"item\":\"https:\\\/\\\/www.organisator.ch\\\/\"},{\"@type\":\"ListItem\",\"position\":2,\"name\":\"bfu-Befragung zu Selbstunf\u00e4llen auf dem E-Bike\"}]},{\"@type\":\"WebSite\",\"@id\":\"https:\\\/\\\/www.organisator.ch\\\/#website\",\"url\":\"https:\\\/\\\/www.organisator.ch\\\/\",\"name\":\"Organisator\",\"description\":\"Kompetent. Praxisnah. Der ORGANISATOR bereitet in 10 Ausgaben pro Jahr die wesentlichen Themen f\u00fcr F\u00fchrungskr\u00e4fte von KMU auf.\",\"publisher\":{\"@id\":\"https:\\\/\\\/www.organisator.ch\\\/#organization\"},\"potentialAction\":[{\"@type\":\"SearchAction\",\"target\":{\"@type\":\"EntryPoint\",\"urlTemplate\":\"https:\\\/\\\/www.organisator.ch\\\/?s={search_term_string}\"},\"query-input\":{\"@type\":\"PropertyValueSpecification\",\"valueRequired\":true,\"valueName\":\"search_term_string\"}}],\"inLanguage\":\"en-US\"},{\"@type\":\"Organization\",\"@id\":\"https:\\\/\\\/www.organisator.ch\\\/#organization\",\"name\":\"Organisator\",\"url\":\"https:\\\/\\\/www.organisator.ch\\\/\",\"logo\":{\"@type\":\"ImageObject\",\"inLanguage\":\"en-US\",\"@id\":\"https:\\\/\\\/www.organisator.ch\\\/#\\\/schema\\\/logo\\\/image\\\/\",\"url\":\"https:\\\/\\\/www.organisator.ch\\\/wp-content\\\/uploads\\\/2022\\\/01\\\/Logo_Organisator_Website.png\",\"contentUrl\":\"https:\\\/\\\/www.organisator.ch\\\/wp-content\\\/uploads\\\/2022\\\/01\\\/Logo_Organisator_Website.png\",\"width\":800,\"height\":77,\"caption\":\"Organisator\"},\"image\":{\"@id\":\"https:\\\/\\\/www.organisator.ch\\\/#\\\/schema\\\/logo\\\/image\\\/\"},\"sameAs\":[\"https:\\\/\\\/www.facebook.com\\\/OrganisatorFachmagazin\",\"https:\\\/\\\/www.linkedin.com\\\/showcase\\\/organisator-das-magazin-fr-kmu\",\"https:\\\/\\\/www.xing.com\\\/news\\\/pages\\\/organisator-ch-695\",\"https:\\\/\\\/www.youtube.com\\\/channel\\\/UCGP2Sq0iWaZwT3BdIAQFYpw\"]},{\"@type\":\"Person\",\"@id\":\"https:\\\/\\\/www.organisator.ch\\\/#\\\/schema\\\/person\\\/134708ca9321c57b0362cceb7948ffbd\",\"name\":\"michael.merz\",\"image\":{\"@type\":\"ImageObject\",\"inLanguage\":\"en-US\",\"@id\":\"https:\\\/\\\/secure.gravatar.com\\\/avatar\\\/?s=96&d=mm&r=g\",\"url\":\"https:\\\/\\\/secure.gravatar.com\\\/avatar\\\/?s=96&d=mm&r=g\",\"contentUrl\":\"https:\\\/\\\/secure.gravatar.com\\\/avatar\\\/?s=96&d=mm&r=g\",\"caption\":\"michael.merz\"},\"url\":\"https:\\\/\\\/www.organisator.ch\\\/en\\\/author\\\/michael-merz\\\/\"}]}<\/script>\n<!-- \/ Yoast SEO plugin. -->","yoast_head_json":{"title":"bfu survey on e-bike self-accidents - Organizer","description":"A survey by the Swiss Council for Accident Prevention (bfu) shows that around one in six e-bike riders has already had an accident on the road.","robots":{"index":"index","follow":"follow","max-snippet":"max-snippet:-1","max-image-preview":"max-image-preview:large","max-video-preview":"max-video-preview:-1"},"canonical":"https:\/\/www.organisator.ch\/en\/general\/2018-02-13\/bfu-befragung-zu-selbstunfaellen-auf-dem-e-bike\/","og_locale":"en_US","og_type":"article","og_title":"bfu-Befragung zu Selbstunf\u00e4llen auf dem E-Bike","og_description":"Eine bfu-Befragung der Beratungsstelle f\u00fcr Unfallverh\u00fctung zeigt, dass rund jeder sechste E-Bike-Fahrende bereits einmal im Strassenverkehr verunfallte.","og_url":"https:\/\/www.organisator.ch\/en\/general\/2018-02-13\/bfu-befragung-zu-selbstunfaellen-auf-dem-e-bike\/","og_site_name":"Organisator","article_publisher":"https:\/\/www.facebook.com\/OrganisatorFachmagazin","article_published_time":"2018-02-13T12:45:15+00:00","og_image":[{"width":1920,"height":1280,"url":"https:\/\/www.organisator.ch\/wp-content\/uploads\/2018\/02\/bfu-Befragung-zu-Selbstunfaellen-auf-dem-E-Bike-up-umweltperspektiven.jpg","type":"image\/jpeg"}],"author":"michael.merz","twitter_card":"summary_large_image","schema":{"@context":"https:\/\/schema.org","@graph":[{"@type":"Article","@id":"https:\/\/www.organisator.ch\/it\/generale\/2018-02-13\/bfu-befragung-zu-selbstunfaellen-auf-dem-e-bike\/#article","isPartOf":{"@id":"https:\/\/www.organisator.ch\/it\/generale\/2018-02-13\/bfu-befragung-zu-selbstunfaellen-auf-dem-e-bike\/"},"author":{"name":"michael.merz","@id":"https:\/\/www.organisator.ch\/#\/schema\/person\/134708ca9321c57b0362cceb7948ffbd"},"headline":"bfu-Befragung zu Selbstunf\u00e4llen auf dem E-Bike","datePublished":"2018-02-13T12:45:15+00:00","mainEntityOfPage":{"@id":"https:\/\/www.organisator.ch\/it\/generale\/2018-02-13\/bfu-befragung-zu-selbstunfaellen-auf-dem-e-bike\/"},"wordCount":330,"commentCount":0,"publisher":{"@id":"https:\/\/www.organisator.ch\/#organization"},"image":{"@id":"https:\/\/www.organisator.ch\/it\/generale\/2018-02-13\/bfu-befragung-zu-selbstunfaellen-auf-dem-e-bike\/#primaryimage"},"thumbnailUrl":"https:\/\/www.organisator.ch\/wp-content\/uploads\/2018\/02\/bfu-Befragung-zu-Selbstunfaellen-auf-dem-E-Bike-up-umweltperspektiven.jpg","keywords":["E-Bikes","E-Mobilit\u00e4t","Schweiz","Strassenverkehr"],"articleSection":["Allgemein"],"inLanguage":"en-US"},{"@type":"WebPage","@id":"https:\/\/www.organisator.ch\/it\/generale\/2018-02-13\/bfu-befragung-zu-selbstunfaellen-auf-dem-e-bike\/","url":"https:\/\/www.organisator.ch\/it\/generale\/2018-02-13\/bfu-befragung-zu-selbstunfaellen-auf-dem-e-bike\/","name":"bfu survey on e-bike self-accidents - Organizer","isPartOf":{"@id":"https:\/\/www.organisator.ch\/#website"},"primaryImageOfPage":{"@id":"https:\/\/www.organisator.ch\/it\/generale\/2018-02-13\/bfu-befragung-zu-selbstunfaellen-auf-dem-e-bike\/#primaryimage"},"image":{"@id":"https:\/\/www.organisator.ch\/it\/generale\/2018-02-13\/bfu-befragung-zu-selbstunfaellen-auf-dem-e-bike\/#primaryimage"},"thumbnailUrl":"https:\/\/www.organisator.ch\/wp-content\/uploads\/2018\/02\/bfu-Befragung-zu-Selbstunfaellen-auf-dem-E-Bike-up-umweltperspektiven.jpg","datePublished":"2018-02-13T12:45:15+00:00","description":"A survey by the Swiss Council for Accident Prevention (bfu) shows that around one in six e-bike riders has already had an accident on the road.","breadcrumb":{"@id":"https:\/\/www.organisator.ch\/it\/generale\/2018-02-13\/bfu-befragung-zu-selbstunfaellen-auf-dem-e-bike\/#breadcrumb"},"inLanguage":"en-US","potentialAction":[{"@type":"ReadAction","target":["https:\/\/www.organisator.ch\/it\/generale\/2018-02-13\/bfu-befragung-zu-selbstunfaellen-auf-dem-e-bike\/"]}]},{"@type":"ImageObject","inLanguage":"en-US","@id":"https:\/\/www.organisator.ch\/it\/generale\/2018-02-13\/bfu-befragung-zu-selbstunfaellen-auf-dem-e-bike\/#primaryimage","url":"https:\/\/www.organisator.ch\/wp-content\/uploads\/2018\/02\/bfu-Befragung-zu-Selbstunfaellen-auf-dem-E-Bike-up-umweltperspektiven.jpg","contentUrl":"https:\/\/www.organisator.ch\/wp-content\/uploads\/2018\/02\/bfu-Befragung-zu-Selbstunfaellen-auf-dem-E-Bike-up-umweltperspektiven.jpg","width":1920,"height":1280,"caption":"Die Idylle tr\u00fcgt: Einer von sechs E-Bike-Fahrenden ist bereits im Strassenverkehr gest\u00fcrz. (Bild: Pixabay)"},{"@type":"BreadcrumbList","@id":"https:\/\/www.organisator.ch\/it\/generale\/2018-02-13\/bfu-befragung-zu-selbstunfaellen-auf-dem-e-bike\/#breadcrumb","itemListElement":[{"@type":"ListItem","position":1,"name":"Home","item":"https:\/\/www.organisator.ch\/"},{"@type":"ListItem","position":2,"name":"bfu-Befragung zu Selbstunf\u00e4llen auf dem E-Bike"}]},{"@type":"WebSite","@id":"https:\/\/www.organisator.ch\/#website","url":"https:\/\/www.organisator.ch\/","name":"Organizer","description":"Competent. Practical. In 10 issues per year, ORGANISATOR presents the essential topics for managers of SMEs.","publisher":{"@id":"https:\/\/www.organisator.ch\/#organization"},"potentialAction":[{"@type":"SearchAction","target":{"@type":"EntryPoint","urlTemplate":"https:\/\/www.organisator.ch\/?s={search_term_string}"},"query-input":{"@type":"PropertyValueSpecification","valueRequired":true,"valueName":"search_term_string"}}],"inLanguage":"en-US"},{"@type":"Organization","@id":"https:\/\/www.organisator.ch\/#organization","name":"Organizer","url":"https:\/\/www.organisator.ch\/","logo":{"@type":"ImageObject","inLanguage":"en-US","@id":"https:\/\/www.organisator.ch\/#\/schema\/logo\/image\/","url":"https:\/\/www.organisator.ch\/wp-content\/uploads\/2022\/01\/Logo_Organisator_Website.png","contentUrl":"https:\/\/www.organisator.ch\/wp-content\/uploads\/2022\/01\/Logo_Organisator_Website.png","width":800,"height":77,"caption":"Organisator"},"image":{"@id":"https:\/\/www.organisator.ch\/#\/schema\/logo\/image\/"},"sameAs":["https:\/\/www.facebook.com\/OrganisatorFachmagazin","https:\/\/www.linkedin.com\/showcase\/organisator-das-magazin-fr-kmu","https:\/\/www.xing.com\/news\/pages\/organisator-ch-695","https:\/\/www.youtube.com\/channel\/UCGP2Sq0iWaZwT3BdIAQFYpw"]},{"@type":"Person","@id":"https:\/\/www.organisator.ch\/#\/schema\/person\/134708ca9321c57b0362cceb7948ffbd","name":"michael.merz","image":{"@type":"ImageObject","inLanguage":"en-US","@id":"https:\/\/secure.gravatar.com\/avatar\/?s=96&d=mm&r=g","url":"https:\/\/secure.gravatar.com\/avatar\/?s=96&d=mm&r=g","contentUrl":"https:\/\/secure.gravatar.com\/avatar\/?s=96&d=mm&r=g","caption":"michael.merz"},"url":"https:\/\/www.organisator.ch\/en\/author\/michael-merz\/"}]}},"_links":{"self":[{"href":"https:\/\/www.organisator.ch\/en\/wp-json\/wp\/v2\/posts\/1492","targetHints":{"allow":["GET"]}}],"collection":[{"href":"https:\/\/www.organisator.ch\/en\/wp-json\/wp\/v2\/posts"}],"about":[{"href":"https:\/\/www.organisator.ch\/en\/wp-json\/wp\/v2\/types\/post"}],"author":[{"embeddable":true,"href":"https:\/\/www.organisator.ch\/en\/wp-json\/wp\/v2\/users\/5"}],"replies":[{"embeddable":true,"href":"https:\/\/www.organisator.ch\/en\/wp-json\/wp\/v2\/comments?post=1492"}],"version-history":[{"count":0,"href":"https:\/\/www.organisator.ch\/en\/wp-json\/wp\/v2\/posts\/1492\/revisions"}],"wp:featuredmedia":[{"embeddable":true,"href":"https:\/\/www.organisator.ch\/en\/wp-json\/wp\/v2\/media\/1493"}],"wp:attachment":[{"href":"https:\/\/www.organisator.ch\/en\/wp-json\/wp\/v2\/media?parent=1492"}],"wp:term":[{"taxonomy":"category","embeddable":true,"href":"https:\/\/www.organisator.ch\/en\/wp-json\/wp\/v2\/categories?post=1492"},{"taxonomy":"post_tag","embeddable":true,"href":"https:\/\/www.organisator.ch\/en\/wp-json\/wp\/v2\/tags?post=1492"}],"curies":[{"name":"wp","href":"https:\/\/api.w.org\/{rel}","templated":true}]}}