{"id":15036,"date":"2022-06-16T14:23:08","date_gmt":"2022-06-16T12:23:08","guid":{"rendered":"https:\/\/www.organisator.ch\/?p=15036"},"modified":"2022-06-16T14:23:08","modified_gmt":"2022-06-16T12:23:08","slug":"inklusion-von-lgbt-wirkt-sich-positiv-auf-arbeitsplatz-aus","status":"publish","type":"post","link":"https:\/\/www.organisator.ch\/en\/human-resources\/2022-06-16\/inklusion-von-lgbt-wirkt-sich-positiv-auf-arbeitsplatz-aus\/","title":{"rendered":"LGBT+ inclusion has positive impact on workplace"},"content":{"rendered":"<figure id=\"attachment_15046\" aria-describedby=\"caption-attachment-15046\" style=\"width: 680px\" class=\"wp-caption alignnone\"><img loading=\"lazy\" decoding=\"async\" class=\"size-full wp-image-15046\" src=\"https:\/\/www.organisator.ch\/wp-content\/uploads\/2022\/06\/Inklusion-von-LGBT-wirkt-sich-positiv-auf-Arbeitsplatz-aus_Organisator.jpg\" alt=\"\" width=\"680\" height=\"452\" srcset=\"https:\/\/www.organisator.ch\/wp-content\/uploads\/2022\/06\/Inklusion-von-LGBT-wirkt-sich-positiv-auf-Arbeitsplatz-aus_Organisator.jpg 680w, https:\/\/www.organisator.ch\/wp-content\/uploads\/2022\/06\/Inklusion-von-LGBT-wirkt-sich-positiv-auf-Arbeitsplatz-aus_Organisator-18x12.jpg 18w, https:\/\/www.organisator.ch\/wp-content\/uploads\/2022\/06\/Inklusion-von-LGBT-wirkt-sich-positiv-auf-Arbeitsplatz-aus_Organisator-263x175.jpg 263w, https:\/\/www.organisator.ch\/wp-content\/uploads\/2022\/06\/Inklusion-von-LGBT-wirkt-sich-positiv-auf-Arbeitsplatz-aus_Organisator-527x350.jpg 527w, https:\/\/www.organisator.ch\/wp-content\/uploads\/2022\/06\/Inklusion-von-LGBT-wirkt-sich-positiv-auf-Arbeitsplatz-aus_Organisator-300x199.jpg 300w\" sizes=\"auto, (max-width: 680px) 100vw, 680px\" \/><figcaption id=\"caption-attachment-15046\" class=\"wp-caption-text\">LGBT+ inclusion efforts are having a positive impact on workplace, but much remains for companies to do to create a discrimination-free work environment. (Image: Unsplash.com)<\/figcaption><\/figure>\n<p>Many companies in Switzerland and other developed countries give high priority to the inclusion of queer employees - and this has an overall positive impact on the workplace. This is according to a study by Deloitte entitled \"LGBT+ Inclusion@Work\". It surveyed 600 people in the LGBT+ community from 12 countries. No one from Switzerland was surveyed, but the situation is comparable.<\/p>\n<h3>Visible support important<\/h3>\n<p>The study provides a snapshot of the lived experiences of LGBT+ employees. More than 70 percent of them are more likely to stay in their current employment because their organization takes an active approach to LGBT+ inclusion, according to the survey. This is all the more significant in light of the current severe shortage of skilled workers, according to the study authors.<\/p>\n<p>Respondents cited visible support from other employees (so-called \"LGBT+ allies\") and promoting internal networking and visibility as important prerequisites for an inclusive culture. Despite these efforts, 42 percent of all respondents reported experiencing non-inclusive behaviors and discrimination in the workplace.<\/p>\n<h3>Safe outing must be possible<\/h3>\n<p>\"Many companies around the world have taken steps in recent years to improve LGBT+ acceptance and increase mutual tolerance. And the queer community appreciates this as well. The efforts should be integrated and strategically supported in the general efforts for diversity, equal treatment and inclusion,\" explains Liza Engel, Chief People Officer at Deloitte Switzerland. \"However, companies globally and in Switzerland need to do much more to fully embed LGBT+ in their everyday culture. They need to go beyond individual programs to create a truly respectful culture where non-inclusive behavior is not tolerated. All employees must be able to safely come out in the workplace.\"<\/p>\n<p>Around 80 percent of respondents in the survey said that their company has introduced measures and initiatives for LGBT+ inclusion. Ninety-five percent of them believe that this has led to meaningful support for LGBT+ employees in their respective companies. The vast majority (93%) of respondents working at global companies (55%) believe that company-level communication and LGBT+ inclusion measures also empower LGBT+ in their home countries.<\/p>\n<h3>Discrimination against LGBT+ still takes place<\/h3>\n<p>As noted above, more than two-fifths of respondents still experience discrimination in the workplace. Unwanted sexual remarks or jokes (33%), hurtful comments about gender identity (25%) or appearance (23%), and unwanted physical contact (21%) are among the most frequently cited discriminatory behaviors. Of those affected, nearly three-quarters reported their experiences to the company, and six in ten were satisfied with the response.<\/p>\n<p>Many still choose not to share their sexual orientation or gender identity with the majority of their colleagues. One in five people (19%) do not talk about their sexual orientation with anyone at work, while one third (34%) at least discuss it with their closest environment.<\/p>\n<h3>Three central elements for inclusive culture<\/h3>\n<p>For LGBT+ organizations to be sustainably inclusive, leaders must focus on three critical elements, according to one conclusion from the study: Making sure all employees feel they are doing their best at work; creating an environment where non-inclusive behavior is not tolerated by anyone; and promoting and communicating visible support. Those who implement this consistently may, after successfully passing an assessment, be awarded a label by the Swiss LGBTI Working Group. The label is awarded to companies and organizations that, in a \"holistic management of diversity &amp; inclusion, have anchored the diversity dimensions of sexual orientation, gender identity and gender characteristics in their organizational culture through systematic measures and live openness and inclusion in their daily practice.\" Deloitte, which conducted the study mentioned here, also recently received this label.<\/p>\n<p><em>Source: <a href=\"http:\/\/www.deloitte.ch\">Deloitte<\/a><\/em><\/p>","protected":false},"excerpt":{"rendered":"<p>Viele Unternehmen in der Schweiz und anderen entwickelten L\u00e4ndern r\u00e4umen der Inklusion von queeren Mitarbeitenden eine hohe Priorit\u00e4t ein \u2013 und das wirke sich insgesamt positiv auf den Arbeitsplatz aus. Dies geht aus einer Studie von Deloitte mit dem Titel \u00abLGBT+ Inclusion@Work\u00bb hervor. Darin wurden 600 Personen in der LGBT+-Community aus 12 L\u00e4ndern befragt. Aus [&hellip;]<\/p>\n","protected":false},"author":4,"featured_media":0,"comment_status":"closed","ping_status":"closed","sticky":false,"template":"","format":"standard","meta":{"_acf_changed":false,"_yoast_wpseo_focuskw":"LGBT+","_yoast_wpseo_metadesc":"Gem\u00e4ss einer Umfrage in der LGBT+-Community r\u00e4umen viele Unternehmen der Inklusion von queeren Mitarbeitenden eine hohe Priorit\u00e4t ein.","articlekey":"","footnotes":""},"categories":[579],"tags":[51,159,459],"class_list":["post-15036","post","type-post","status-publish","format-standard","hentry","category-human-resources","tag-arbeitsplatzgestaltung","tag-diversity","tag-studie"],"acf":[],"yoast_head":"<!-- This site is optimized with the Yoast SEO plugin v27.4 - https:\/\/yoast.com\/product\/yoast-seo-wordpress\/ -->\n<title>Inklusion von LGBT+ wirkt sich positiv auf Arbeitsplatz aus - Organisator<\/title>\n<meta name=\"description\" content=\"Gem\u00e4ss einer Umfrage in der LGBT+-Community r\u00e4umen viele Unternehmen der Inklusion von queeren Mitarbeitenden eine hohe Priorit\u00e4t ein.\" \/>\n<meta name=\"robots\" content=\"index, follow, max-snippet:-1, max-image-preview:large, max-video-preview:-1\" \/>\n<link rel=\"canonical\" href=\"https:\/\/www.organisator.ch\/en\/human-resources\/2022-06-16\/inklusion-von-lgbt-wirkt-sich-positiv-auf-arbeitsplatz-aus\/\" \/>\n<meta property=\"og:locale\" content=\"en_US\" \/>\n<meta property=\"og:type\" content=\"article\" \/>\n<meta property=\"og:title\" content=\"Inklusion von LGBT+ wirkt sich positiv auf Arbeitsplatz aus\" \/>\n<meta property=\"og:description\" content=\"Gem\u00e4ss einer Umfrage in der LGBT+-Community r\u00e4umen viele Unternehmen der Inklusion von queeren Mitarbeitenden eine hohe Priorit\u00e4t ein.\" \/>\n<meta property=\"og:url\" content=\"https:\/\/www.organisator.ch\/en\/human-resources\/2022-06-16\/inklusion-von-lgbt-wirkt-sich-positiv-auf-arbeitsplatz-aus\/\" \/>\n<meta property=\"og:site_name\" content=\"Organisator\" \/>\n<meta property=\"article:publisher\" content=\"https:\/\/www.facebook.com\/OrganisatorFachmagazin\" \/>\n<meta property=\"article:published_time\" content=\"2022-06-16T12:23:08+00:00\" \/>\n<meta property=\"og:image\" content=\"https:\/\/www.organisator.ch\/wp-content\/uploads\/2022\/06\/Inklusion-von-LGBT-wirkt-sich-positiv-auf-Arbeitsplatz-aus_Organisator.jpg\" \/>\n\t<meta property=\"og:image:width\" content=\"680\" \/>\n\t<meta property=\"og:image:height\" content=\"452\" \/>\n\t<meta property=\"og:image:type\" content=\"image\/jpeg\" \/>\n<meta name=\"author\" content=\"thomas.berner\" \/>\n<meta name=\"twitter:card\" content=\"summary_large_image\" \/>\n<meta name=\"twitter:title\" content=\"#Inklusion von #LGBT+ wirkt sich positiv auf Arbeitsplatz aus\" \/>\n<meta name=\"twitter:description\" content=\"Gem\u00e4ss einer Umfrage in der #LGBT+-Community r\u00e4umen viele Unternehmen der #Inklusion von queeren Mitarbeitenden eine hohe Priorit\u00e4t ein.\" \/>\n<meta name=\"twitter:image\" content=\"https:\/\/www.organisator.ch\/wp-content\/uploads\/2022\/06\/Inklusion-von-LGBT-wirkt-sich-positiv-auf-Arbeitsplatz-aus_Organisator.jpg\" \/>\n<script type=\"application\/ld+json\" class=\"yoast-schema-graph\">{\"@context\":\"https:\\\/\\\/schema.org\",\"@graph\":[{\"@type\":\"Article\",\"@id\":\"https:\\\/\\\/www.organisator.ch\\\/human-resources\\\/2022-06-16\\\/inklusion-von-lgbt-wirkt-sich-positiv-auf-arbeitsplatz-aus\\\/#article\",\"isPartOf\":{\"@id\":\"https:\\\/\\\/www.organisator.ch\\\/human-resources\\\/2022-06-16\\\/inklusion-von-lgbt-wirkt-sich-positiv-auf-arbeitsplatz-aus\\\/\"},\"author\":{\"name\":\"thomas.berner\",\"@id\":\"https:\\\/\\\/www.organisator.ch\\\/#\\\/schema\\\/person\\\/6f650f90b2842cd4c0cc334b4e36f67e\"},\"headline\":\"Inklusion von LGBT+ wirkt sich positiv auf Arbeitsplatz aus\",\"datePublished\":\"2022-06-16T12:23:08+00:00\",\"mainEntityOfPage\":{\"@id\":\"https:\\\/\\\/www.organisator.ch\\\/human-resources\\\/2022-06-16\\\/inklusion-von-lgbt-wirkt-sich-positiv-auf-arbeitsplatz-aus\\\/\"},\"wordCount\":704,\"publisher\":{\"@id\":\"https:\\\/\\\/www.organisator.ch\\\/#organization\"},\"image\":{\"@id\":\"https:\\\/\\\/www.organisator.ch\\\/human-resources\\\/2022-06-16\\\/inklusion-von-lgbt-wirkt-sich-positiv-auf-arbeitsplatz-aus\\\/#primaryimage\"},\"thumbnailUrl\":\"https:\\\/\\\/www.organisator.ch\\\/wp-content\\\/uploads\\\/2022\\\/06\\\/Inklusion-von-LGBT-wirkt-sich-positiv-auf-Arbeitsplatz-aus_Organisator.jpg\",\"keywords\":[\"Arbeitsplatzgestaltung\",\"Diversity\",\"Studie\"],\"articleSection\":[\"HUMAN RESOURCES\"],\"inLanguage\":\"en-US\"},{\"@type\":\"WebPage\",\"@id\":\"https:\\\/\\\/www.organisator.ch\\\/human-resources\\\/2022-06-16\\\/inklusion-von-lgbt-wirkt-sich-positiv-auf-arbeitsplatz-aus\\\/\",\"url\":\"https:\\\/\\\/www.organisator.ch\\\/human-resources\\\/2022-06-16\\\/inklusion-von-lgbt-wirkt-sich-positiv-auf-arbeitsplatz-aus\\\/\",\"name\":\"Inklusion von LGBT+ wirkt sich positiv auf Arbeitsplatz aus - Organisator\",\"isPartOf\":{\"@id\":\"https:\\\/\\\/www.organisator.ch\\\/#website\"},\"primaryImageOfPage\":{\"@id\":\"https:\\\/\\\/www.organisator.ch\\\/human-resources\\\/2022-06-16\\\/inklusion-von-lgbt-wirkt-sich-positiv-auf-arbeitsplatz-aus\\\/#primaryimage\"},\"image\":{\"@id\":\"https:\\\/\\\/www.organisator.ch\\\/human-resources\\\/2022-06-16\\\/inklusion-von-lgbt-wirkt-sich-positiv-auf-arbeitsplatz-aus\\\/#primaryimage\"},\"thumbnailUrl\":\"https:\\\/\\\/www.organisator.ch\\\/wp-content\\\/uploads\\\/2022\\\/06\\\/Inklusion-von-LGBT-wirkt-sich-positiv-auf-Arbeitsplatz-aus_Organisator.jpg\",\"datePublished\":\"2022-06-16T12:23:08+00:00\",\"description\":\"Gem\u00e4ss einer Umfrage in der LGBT+-Community r\u00e4umen viele Unternehmen der Inklusion von queeren Mitarbeitenden eine hohe Priorit\u00e4t ein.\",\"breadcrumb\":{\"@id\":\"https:\\\/\\\/www.organisator.ch\\\/human-resources\\\/2022-06-16\\\/inklusion-von-lgbt-wirkt-sich-positiv-auf-arbeitsplatz-aus\\\/#breadcrumb\"},\"inLanguage\":\"en-US\",\"potentialAction\":[{\"@type\":\"ReadAction\",\"target\":[\"https:\\\/\\\/www.organisator.ch\\\/human-resources\\\/2022-06-16\\\/inklusion-von-lgbt-wirkt-sich-positiv-auf-arbeitsplatz-aus\\\/\"]}]},{\"@type\":\"ImageObject\",\"inLanguage\":\"en-US\",\"@id\":\"https:\\\/\\\/www.organisator.ch\\\/human-resources\\\/2022-06-16\\\/inklusion-von-lgbt-wirkt-sich-positiv-auf-arbeitsplatz-aus\\\/#primaryimage\",\"url\":\"https:\\\/\\\/www.organisator.ch\\\/wp-content\\\/uploads\\\/2022\\\/06\\\/Inklusion-von-LGBT-wirkt-sich-positiv-auf-Arbeitsplatz-aus_Organisator.jpg\",\"contentUrl\":\"https:\\\/\\\/www.organisator.ch\\\/wp-content\\\/uploads\\\/2022\\\/06\\\/Inklusion-von-LGBT-wirkt-sich-positiv-auf-Arbeitsplatz-aus_Organisator.jpg\"},{\"@type\":\"BreadcrumbList\",\"@id\":\"https:\\\/\\\/www.organisator.ch\\\/human-resources\\\/2022-06-16\\\/inklusion-von-lgbt-wirkt-sich-positiv-auf-arbeitsplatz-aus\\\/#breadcrumb\",\"itemListElement\":[{\"@type\":\"ListItem\",\"position\":1,\"name\":\"Home\",\"item\":\"https:\\\/\\\/www.organisator.ch\\\/\"},{\"@type\":\"ListItem\",\"position\":2,\"name\":\"Inklusion von LGBT+ wirkt sich positiv auf Arbeitsplatz aus\"}]},{\"@type\":\"WebSite\",\"@id\":\"https:\\\/\\\/www.organisator.ch\\\/#website\",\"url\":\"https:\\\/\\\/www.organisator.ch\\\/\",\"name\":\"Organisator\",\"description\":\"Kompetent. Praxisnah. Der ORGANISATOR bereitet in 10 Ausgaben pro Jahr die wesentlichen Themen f\u00fcr F\u00fchrungskr\u00e4fte von KMU auf.\",\"publisher\":{\"@id\":\"https:\\\/\\\/www.organisator.ch\\\/#organization\"},\"potentialAction\":[{\"@type\":\"SearchAction\",\"target\":{\"@type\":\"EntryPoint\",\"urlTemplate\":\"https:\\\/\\\/www.organisator.ch\\\/?s={search_term_string}\"},\"query-input\":{\"@type\":\"PropertyValueSpecification\",\"valueRequired\":true,\"valueName\":\"search_term_string\"}}],\"inLanguage\":\"en-US\"},{\"@type\":\"Organization\",\"@id\":\"https:\\\/\\\/www.organisator.ch\\\/#organization\",\"name\":\"Organisator\",\"url\":\"https:\\\/\\\/www.organisator.ch\\\/\",\"logo\":{\"@type\":\"ImageObject\",\"inLanguage\":\"en-US\",\"@id\":\"https:\\\/\\\/www.organisator.ch\\\/#\\\/schema\\\/logo\\\/image\\\/\",\"url\":\"https:\\\/\\\/www.organisator.ch\\\/wp-content\\\/uploads\\\/2022\\\/01\\\/Logo_Organisator_Website.png\",\"contentUrl\":\"https:\\\/\\\/www.organisator.ch\\\/wp-content\\\/uploads\\\/2022\\\/01\\\/Logo_Organisator_Website.png\",\"width\":800,\"height\":77,\"caption\":\"Organisator\"},\"image\":{\"@id\":\"https:\\\/\\\/www.organisator.ch\\\/#\\\/schema\\\/logo\\\/image\\\/\"},\"sameAs\":[\"https:\\\/\\\/www.facebook.com\\\/OrganisatorFachmagazin\",\"https:\\\/\\\/www.linkedin.com\\\/showcase\\\/organisator-das-magazin-fr-kmu\",\"https:\\\/\\\/www.xing.com\\\/news\\\/pages\\\/organisator-ch-695\",\"https:\\\/\\\/www.youtube.com\\\/channel\\\/UCGP2Sq0iWaZwT3BdIAQFYpw\"]},{\"@type\":\"Person\",\"@id\":\"https:\\\/\\\/www.organisator.ch\\\/#\\\/schema\\\/person\\\/6f650f90b2842cd4c0cc334b4e36f67e\",\"name\":\"thomas.berner\",\"image\":{\"@type\":\"ImageObject\",\"inLanguage\":\"en-US\",\"@id\":\"https:\\\/\\\/secure.gravatar.com\\\/avatar\\\/ac5001d2a36cb6c6cd3e50789007ffca834b477b74a2144564522e944eabff61?s=96&d=mm&r=g\",\"url\":\"https:\\\/\\\/secure.gravatar.com\\\/avatar\\\/ac5001d2a36cb6c6cd3e50789007ffca834b477b74a2144564522e944eabff61?s=96&d=mm&r=g\",\"contentUrl\":\"https:\\\/\\\/secure.gravatar.com\\\/avatar\\\/ac5001d2a36cb6c6cd3e50789007ffca834b477b74a2144564522e944eabff61?s=96&d=mm&r=g\",\"caption\":\"thomas.berner\"},\"url\":\"https:\\\/\\\/www.organisator.ch\\\/en\\\/author\\\/thomas-berner\\\/\"}]}<\/script>\n<!-- \/ Yoast SEO plugin. -->","yoast_head_json":{"title":"LGBT+ inclusion has positive impact on workplace - organizer","description":"According to a survey of the LGBT+ community, many companies place a high priority on the inclusion of queer employees.","robots":{"index":"index","follow":"follow","max-snippet":"max-snippet:-1","max-image-preview":"max-image-preview:large","max-video-preview":"max-video-preview:-1"},"canonical":"https:\/\/www.organisator.ch\/en\/human-resources\/2022-06-16\/inklusion-von-lgbt-wirkt-sich-positiv-auf-arbeitsplatz-aus\/","og_locale":"en_US","og_type":"article","og_title":"Inklusion von LGBT+ wirkt sich positiv auf Arbeitsplatz aus","og_description":"Gem\u00e4ss einer Umfrage in der LGBT+-Community r\u00e4umen viele Unternehmen der Inklusion von queeren Mitarbeitenden eine hohe Priorit\u00e4t ein.","og_url":"https:\/\/www.organisator.ch\/en\/human-resources\/2022-06-16\/inklusion-von-lgbt-wirkt-sich-positiv-auf-arbeitsplatz-aus\/","og_site_name":"Organisator","article_publisher":"https:\/\/www.facebook.com\/OrganisatorFachmagazin","article_published_time":"2022-06-16T12:23:08+00:00","og_image":[{"width":680,"height":452,"url":"https:\/\/www.organisator.ch\/wp-content\/uploads\/2022\/06\/Inklusion-von-LGBT-wirkt-sich-positiv-auf-Arbeitsplatz-aus_Organisator.jpg","type":"image\/jpeg"}],"author":"thomas.berner","twitter_card":"summary_large_image","twitter_title":"#Inklusion von #LGBT+ wirkt sich positiv auf Arbeitsplatz aus","twitter_description":"Gem\u00e4ss einer Umfrage in der #LGBT+-Community r\u00e4umen viele Unternehmen der #Inklusion von queeren Mitarbeitenden eine hohe Priorit\u00e4t ein.","twitter_image":"https:\/\/www.organisator.ch\/wp-content\/uploads\/2022\/06\/Inklusion-von-LGBT-wirkt-sich-positiv-auf-Arbeitsplatz-aus_Organisator.jpg","schema":{"@context":"https:\/\/schema.org","@graph":[{"@type":"Article","@id":"https:\/\/www.organisator.ch\/human-resources\/2022-06-16\/inklusion-von-lgbt-wirkt-sich-positiv-auf-arbeitsplatz-aus\/#article","isPartOf":{"@id":"https:\/\/www.organisator.ch\/human-resources\/2022-06-16\/inklusion-von-lgbt-wirkt-sich-positiv-auf-arbeitsplatz-aus\/"},"author":{"name":"thomas.berner","@id":"https:\/\/www.organisator.ch\/#\/schema\/person\/6f650f90b2842cd4c0cc334b4e36f67e"},"headline":"Inklusion von LGBT+ wirkt sich positiv auf Arbeitsplatz aus","datePublished":"2022-06-16T12:23:08+00:00","mainEntityOfPage":{"@id":"https:\/\/www.organisator.ch\/human-resources\/2022-06-16\/inklusion-von-lgbt-wirkt-sich-positiv-auf-arbeitsplatz-aus\/"},"wordCount":704,"publisher":{"@id":"https:\/\/www.organisator.ch\/#organization"},"image":{"@id":"https:\/\/www.organisator.ch\/human-resources\/2022-06-16\/inklusion-von-lgbt-wirkt-sich-positiv-auf-arbeitsplatz-aus\/#primaryimage"},"thumbnailUrl":"https:\/\/www.organisator.ch\/wp-content\/uploads\/2022\/06\/Inklusion-von-LGBT-wirkt-sich-positiv-auf-Arbeitsplatz-aus_Organisator.jpg","keywords":["Arbeitsplatzgestaltung","Diversity","Studie"],"articleSection":["HUMAN RESOURCES"],"inLanguage":"en-US"},{"@type":"WebPage","@id":"https:\/\/www.organisator.ch\/human-resources\/2022-06-16\/inklusion-von-lgbt-wirkt-sich-positiv-auf-arbeitsplatz-aus\/","url":"https:\/\/www.organisator.ch\/human-resources\/2022-06-16\/inklusion-von-lgbt-wirkt-sich-positiv-auf-arbeitsplatz-aus\/","name":"LGBT+ inclusion has positive impact on workplace - organizer","isPartOf":{"@id":"https:\/\/www.organisator.ch\/#website"},"primaryImageOfPage":{"@id":"https:\/\/www.organisator.ch\/human-resources\/2022-06-16\/inklusion-von-lgbt-wirkt-sich-positiv-auf-arbeitsplatz-aus\/#primaryimage"},"image":{"@id":"https:\/\/www.organisator.ch\/human-resources\/2022-06-16\/inklusion-von-lgbt-wirkt-sich-positiv-auf-arbeitsplatz-aus\/#primaryimage"},"thumbnailUrl":"https:\/\/www.organisator.ch\/wp-content\/uploads\/2022\/06\/Inklusion-von-LGBT-wirkt-sich-positiv-auf-Arbeitsplatz-aus_Organisator.jpg","datePublished":"2022-06-16T12:23:08+00:00","description":"According to a survey of the LGBT+ community, many companies place a high priority on the inclusion of queer employees.","breadcrumb":{"@id":"https:\/\/www.organisator.ch\/human-resources\/2022-06-16\/inklusion-von-lgbt-wirkt-sich-positiv-auf-arbeitsplatz-aus\/#breadcrumb"},"inLanguage":"en-US","potentialAction":[{"@type":"ReadAction","target":["https:\/\/www.organisator.ch\/human-resources\/2022-06-16\/inklusion-von-lgbt-wirkt-sich-positiv-auf-arbeitsplatz-aus\/"]}]},{"@type":"ImageObject","inLanguage":"en-US","@id":"https:\/\/www.organisator.ch\/human-resources\/2022-06-16\/inklusion-von-lgbt-wirkt-sich-positiv-auf-arbeitsplatz-aus\/#primaryimage","url":"https:\/\/www.organisator.ch\/wp-content\/uploads\/2022\/06\/Inklusion-von-LGBT-wirkt-sich-positiv-auf-Arbeitsplatz-aus_Organisator.jpg","contentUrl":"https:\/\/www.organisator.ch\/wp-content\/uploads\/2022\/06\/Inklusion-von-LGBT-wirkt-sich-positiv-auf-Arbeitsplatz-aus_Organisator.jpg"},{"@type":"BreadcrumbList","@id":"https:\/\/www.organisator.ch\/human-resources\/2022-06-16\/inklusion-von-lgbt-wirkt-sich-positiv-auf-arbeitsplatz-aus\/#breadcrumb","itemListElement":[{"@type":"ListItem","position":1,"name":"Home","item":"https:\/\/www.organisator.ch\/"},{"@type":"ListItem","position":2,"name":"Inklusion von LGBT+ wirkt sich positiv auf Arbeitsplatz aus"}]},{"@type":"WebSite","@id":"https:\/\/www.organisator.ch\/#website","url":"https:\/\/www.organisator.ch\/","name":"Organizer","description":"Competent. Practical. In 10 issues per year, ORGANISATOR presents the essential topics for managers of SMEs.","publisher":{"@id":"https:\/\/www.organisator.ch\/#organization"},"potentialAction":[{"@type":"SearchAction","target":{"@type":"EntryPoint","urlTemplate":"https:\/\/www.organisator.ch\/?s={search_term_string}"},"query-input":{"@type":"PropertyValueSpecification","valueRequired":true,"valueName":"search_term_string"}}],"inLanguage":"en-US"},{"@type":"Organization","@id":"https:\/\/www.organisator.ch\/#organization","name":"Organizer","url":"https:\/\/www.organisator.ch\/","logo":{"@type":"ImageObject","inLanguage":"en-US","@id":"https:\/\/www.organisator.ch\/#\/schema\/logo\/image\/","url":"https:\/\/www.organisator.ch\/wp-content\/uploads\/2022\/01\/Logo_Organisator_Website.png","contentUrl":"https:\/\/www.organisator.ch\/wp-content\/uploads\/2022\/01\/Logo_Organisator_Website.png","width":800,"height":77,"caption":"Organisator"},"image":{"@id":"https:\/\/www.organisator.ch\/#\/schema\/logo\/image\/"},"sameAs":["https:\/\/www.facebook.com\/OrganisatorFachmagazin","https:\/\/www.linkedin.com\/showcase\/organisator-das-magazin-fr-kmu","https:\/\/www.xing.com\/news\/pages\/organisator-ch-695","https:\/\/www.youtube.com\/channel\/UCGP2Sq0iWaZwT3BdIAQFYpw"]},{"@type":"Person","@id":"https:\/\/www.organisator.ch\/#\/schema\/person\/6f650f90b2842cd4c0cc334b4e36f67e","name":"thomas.berner","image":{"@type":"ImageObject","inLanguage":"en-US","@id":"https:\/\/secure.gravatar.com\/avatar\/ac5001d2a36cb6c6cd3e50789007ffca834b477b74a2144564522e944eabff61?s=96&d=mm&r=g","url":"https:\/\/secure.gravatar.com\/avatar\/ac5001d2a36cb6c6cd3e50789007ffca834b477b74a2144564522e944eabff61?s=96&d=mm&r=g","contentUrl":"https:\/\/secure.gravatar.com\/avatar\/ac5001d2a36cb6c6cd3e50789007ffca834b477b74a2144564522e944eabff61?s=96&d=mm&r=g","caption":"thomas.berner"},"url":"https:\/\/www.organisator.ch\/en\/author\/thomas-berner\/"}]}},"_links":{"self":[{"href":"https:\/\/www.organisator.ch\/en\/wp-json\/wp\/v2\/posts\/15036","targetHints":{"allow":["GET"]}}],"collection":[{"href":"https:\/\/www.organisator.ch\/en\/wp-json\/wp\/v2\/posts"}],"about":[{"href":"https:\/\/www.organisator.ch\/en\/wp-json\/wp\/v2\/types\/post"}],"author":[{"embeddable":true,"href":"https:\/\/www.organisator.ch\/en\/wp-json\/wp\/v2\/users\/4"}],"replies":[{"embeddable":true,"href":"https:\/\/www.organisator.ch\/en\/wp-json\/wp\/v2\/comments?post=15036"}],"version-history":[{"count":1,"href":"https:\/\/www.organisator.ch\/en\/wp-json\/wp\/v2\/posts\/15036\/revisions"}],"predecessor-version":[{"id":15049,"href":"https:\/\/www.organisator.ch\/en\/wp-json\/wp\/v2\/posts\/15036\/revisions\/15049"}],"wp:attachment":[{"href":"https:\/\/www.organisator.ch\/en\/wp-json\/wp\/v2\/media?parent=15036"}],"wp:term":[{"taxonomy":"category","embeddable":true,"href":"https:\/\/www.organisator.ch\/en\/wp-json\/wp\/v2\/categories?post=15036"},{"taxonomy":"post_tag","embeddable":true,"href":"https:\/\/www.organisator.ch\/en\/wp-json\/wp\/v2\/tags?post=15036"}],"curies":[{"name":"wp","href":"https:\/\/api.w.org\/{rel}","templated":true}]}}