{"id":1508,"date":"2017-02-13T17:19:31","date_gmt":"2017-02-13T16:19:31","guid":{"rendered":"https:\/\/www.organisator.ch\/?p=1508"},"modified":"2017-02-13T17:19:31","modified_gmt":"2017-02-13T16:19:31","slug":"psychische-krise-wege-zurueck-an-die-arbeit","status":"publish","type":"post","link":"https:\/\/www.organisator.ch\/en\/human-resources\/hrm\/2017-02-13\/psychische-krise-wege-zurueck-an-die-arbeit\/","title":{"rendered":"Mental crisis - ways back to work"},"content":{"rendered":"<figure id=\"attachment_1511\" aria-describedby=\"caption-attachment-1511\" style=\"width: 640px\" class=\"wp-caption alignnone\"><img loading=\"lazy\" decoding=\"async\" class=\"size-full wp-image-1511\" src=\"https:\/\/www.organisator.ch\/wp-content\/uploads\/2017\/02\/Psychische-Krise-\u2013-Wege-zurueck-an-die-Arbeit-2_Organisator.jpg\" alt=\"\" width=\"640\" height=\"425\" srcset=\"https:\/\/www.organisator.ch\/wp-content\/uploads\/2017\/02\/Psychische-Krise-\u2013-Wege-zurueck-an-die-Arbeit-2_Organisator.jpg 640w, https:\/\/www.organisator.ch\/wp-content\/uploads\/2017\/02\/Psychische-Krise-\u2013-Wege-zurueck-an-die-Arbeit-2_Organisator-16x12.jpg 16w, https:\/\/www.organisator.ch\/wp-content\/uploads\/2017\/02\/Psychische-Krise-\u2013-Wege-zurueck-an-die-Arbeit-2_Organisator-264x175.jpg 264w, https:\/\/www.organisator.ch\/wp-content\/uploads\/2017\/02\/Psychische-Krise-\u2013-Wege-zurueck-an-die-Arbeit-2_Organisator-527x350.jpg 527w, https:\/\/www.organisator.ch\/wp-content\/uploads\/2017\/02\/Psychische-Krise-\u2013-Wege-zurueck-an-die-Arbeit-2_Organisator-300x199.jpg 300w\" sizes=\"auto, (max-width: 640px) 100vw, 640px\" \/><figcaption id=\"caption-attachment-1511\" class=\"wp-caption-text\">Mental health crisis at work: many employers know little about how to deal with it. (Image: Fotolia.com)<\/figcaption><\/figure>\n<p>Several organizations of people with disabilities will address the topic of mental crisis - ways back to work on Monday, March 13, 2017 at the Forum in the Pfalzkeller in St.Gallen. According to Prof. Dr.med. Wolfram Kawohl, Chief Physician and Head of Psychiatry and Psychotherapy at the Psychiatric Services Aargau - he is present at the forum - it is possible to continue working despite mental illness in many more cases than previously thought. The field of application can be changed to create a better fit between employee and workplace.<\/p>\n<p><strong>Mental crisis: what to do?<\/strong><\/p>\n<p>There is uncertainty all around. The person concerned is afraid of losing his or her job, the supervisor is afraid of bringing up a sensitive topic, the therapist is afraid of violating confidentiality. The IV is often wrongly perceived as an adversary instead of a partner. A conversation can go wrong - but usually does not. But if you don't talk and the employee really has a problem, it will go wrong in any case.<\/p>\n<figure id=\"attachment_1510\" aria-describedby=\"caption-attachment-1510\" style=\"width: 680px\" class=\"wp-caption alignnone\"><img loading=\"lazy\" decoding=\"async\" class=\"size-medium wp-image-1510\" src=\"https:\/\/www.organisator.ch\/wp-content\/uploads\/2017\/02\/Psychische-Krise---Wege-zurueck-an-die-Arbeit_Organisator.jpg\" alt=\"\" width=\"680\" height=\"452\" srcset=\"\" sizes=\"auto, (max-width: 680px) 100vw, 680px\" data-srcset=\"\" \/><figcaption id=\"caption-attachment-1510\" class=\"wp-caption-text\">Prof. Dr.med. Wolfram Kawohl, Chief Physician and Head of Psychiatry and Psychotherapy at the Psychiatric Services Aargau speaks on the topic of \"Mental Crisis\". (Photo: zVg)<\/figcaption><\/figure>\n<p>How have employees with a mental illness managed to return to work together with their employer? Practical examples with participants present, together with expert advice and experiences from the audience, show the ways of return. The panel of experts consists of job coaching, psychiatry, occupational integration IV, law and insurance.<\/p>\n<p><strong>Register now<\/strong><\/p>\n<p>For the ninth time, the St.Gallen Forum in the Pfalzkeller is dedicated to the topic of work integration of people with a disability. The event is aimed primarily at employers from regional SMEs. At the aperitif, representatives of all organizations and the experts will be available to answer participants' questions. The forum is organized by Profil Arbeit &amp; Handicap, Obvita, dreischiibe, Procap and Suva, and supported by the IV, SVA, the Employers' Association, Gewerbe St. Gallen, the Chamber of Industry and Commerce and \"Wirtschaft Region St. Gallen\". The event will begin at 6 p.m. in the Pfalzkeller. The forum lasts until 8 p.m.<\/p>\n<p><em>Registration and further information on <a href=\"http:\/\/www.forumimpfalzkeller.ch\">www.forumimpfalzkeller.ch<\/a><\/em><\/p>","protected":false},"excerpt":{"rendered":"<p>Mehrere Behindertenorganisationen besch\u00e4ftigen sich am Montag, 13. M\u00e4rz 2017 im Forum im Pfalzkeller in St.Gallen\u00a0mit dem Thema Psychische Krise \u2013 Wege zur\u00fcck an die Arbeit. Gem\u00e4ss Prof. Dr.med. Wolfram Kawohl, Chefarzt und Bereichsleiter Psychiatrie und Psychotherapie bei den Psychiatrischen Diensten Aargau \u2013 er ist am Forum anwesend \u2013 ist es trotz psychischer Erkrankung in viel [&hellip;]<\/p>\n","protected":false},"author":4,"featured_media":1511,"comment_status":"open","ping_status":"open","sticky":false,"template":"","format":"standard","meta":{"_acf_changed":false,"_yoast_wpseo_focuskw":"Psychische Krise","_yoast_wpseo_metadesc":"Mehrere Behindertenorganisationen besch\u00e4ftigen sich am Montag, 13. M\u00e4rz 2017 im Forum im Pfalzkeller in St.Gallen mit dem Thema Psychische Krise.","articlekey":"","footnotes":""},"categories":[26],"tags":[77,193,400,463,502],"class_list":["post-1508","post","type-post","status-publish","format-standard","has-post-thumbnail","hentry","category-hrm","tag-betriebliches-gesundheitsmanagement","tag-fachkongressfachmesse","tag-psychische-gesundheit","tag-suva","tag-veranstaltungen"],"acf":[],"yoast_head":"<!-- This site is optimized with the Yoast SEO plugin v27.4 - https:\/\/yoast.com\/product\/yoast-seo-wordpress\/ -->\n<title>Psychische Krise \u2013 Wege zur\u00fcck an die Arbeit - Organisator<\/title>\n<meta name=\"description\" content=\"Mehrere Behindertenorganisationen besch\u00e4ftigen sich am Montag, 13. M\u00e4rz 2017 im Forum im Pfalzkeller in St.Gallen mit dem Thema Psychische Krise.\" \/>\n<meta name=\"robots\" content=\"index, follow, max-snippet:-1, max-image-preview:large, max-video-preview:-1\" \/>\n<link rel=\"canonical\" href=\"https:\/\/www.organisator.ch\/en\/human-resources\/hrm\/2017-02-13\/psychische-krise-wege-zurueck-an-die-arbeit\/\" \/>\n<meta property=\"og:locale\" content=\"en_US\" \/>\n<meta property=\"og:type\" content=\"article\" \/>\n<meta property=\"og:title\" content=\"Psychische Krise \u2013 Wege zur\u00fcck an die Arbeit\" \/>\n<meta property=\"og:description\" content=\"Mehrere #Behindertenorganisationen besch\u00e4ftigen sich am Montag, 13. M\u00e4rz 2017 im Forum im #Pfalzkeller in St.Gallen mit dem Thema Psychische Krise.\" \/>\n<meta property=\"og:url\" content=\"https:\/\/www.organisator.ch\/en\/human-resources\/hrm\/2017-02-13\/psychische-krise-wege-zurueck-an-die-arbeit\/\" \/>\n<meta property=\"og:site_name\" content=\"Organisator\" \/>\n<meta property=\"article:publisher\" content=\"https:\/\/www.facebook.com\/OrganisatorFachmagazin\" \/>\n<meta property=\"article:published_time\" content=\"2017-02-13T16:19:31+00:00\" \/>\n<meta property=\"og:image\" content=\"https:\/\/www.organisator.ch\/wp-content\/uploads\/2017\/02\/Psychische-Krise-\u2013-Wege-zurueck-an-die-Arbeit_Organisator.jpg\" \/>\n\t<meta property=\"og:image:width\" content=\"1024\" \/>\n\t<meta property=\"og:image:height\" content=\"681\" \/>\n\t<meta property=\"og:image:type\" content=\"image\/jpeg\" \/>\n<meta name=\"author\" content=\"thomas.berner\" \/>\n<meta name=\"twitter:card\" content=\"summary_large_image\" \/>\n<meta name=\"twitter:title\" content=\"#ForumimPfalzkeller: Psychische Krise \u2013 Wege zur\u00fcck an die Arbeit\" \/>\n<meta name=\"twitter:description\" content=\"Mehrere #Behindertenorganisationen besch\u00e4ftigen sich am Montag, 13. M\u00e4rz 2017 im Forum im #Pfalzkeller in St.Gallen mit dem Thema Psychische Krise.\" \/>\n<meta name=\"twitter:image\" content=\"https:\/\/www.organisator.ch\/wp-content\/uploads\/2017\/02\/Psychische-Krise-\u2013-Wege-zur\u00fcck-an-die-Arbeit_Organisator.jpg\" \/>\n<script type=\"application\/ld+json\" class=\"yoast-schema-graph\">{\"@context\":\"https:\\\/\\\/schema.org\",\"@graph\":[{\"@type\":\"Article\",\"@id\":\"https:\\\/\\\/www.organisator.ch\\\/human-resources\\\/hrm\\\/2017-02-13\\\/psychische-krise-wege-zurueck-an-die-arbeit\\\/#article\",\"isPartOf\":{\"@id\":\"https:\\\/\\\/www.organisator.ch\\\/human-resources\\\/hrm\\\/2017-02-13\\\/psychische-krise-wege-zurueck-an-die-arbeit\\\/\"},\"author\":{\"name\":\"thomas.berner\",\"@id\":\"https:\\\/\\\/www.organisator.ch\\\/#\\\/schema\\\/person\\\/6f650f90b2842cd4c0cc334b4e36f67e\"},\"headline\":\"Psychische Krise \u2013 Wege zur\u00fcck an die Arbeit\",\"datePublished\":\"2017-02-13T16:19:31+00:00\",\"mainEntityOfPage\":{\"@id\":\"https:\\\/\\\/www.organisator.ch\\\/human-resources\\\/hrm\\\/2017-02-13\\\/psychische-krise-wege-zurueck-an-die-arbeit\\\/\"},\"wordCount\":372,\"commentCount\":0,\"publisher\":{\"@id\":\"https:\\\/\\\/www.organisator.ch\\\/#organization\"},\"image\":{\"@id\":\"https:\\\/\\\/www.organisator.ch\\\/human-resources\\\/hrm\\\/2017-02-13\\\/psychische-krise-wege-zurueck-an-die-arbeit\\\/#primaryimage\"},\"thumbnailUrl\":\"https:\\\/\\\/www.organisator.ch\\\/wp-content\\\/uploads\\\/2017\\\/02\\\/Psychische-Krise-\u2013-Wege-zurueck-an-die-Arbeit-2_Organisator.jpg\",\"keywords\":[\"Betriebliches Gesundheitsmanagement\",\"Fachkongress\\\/Fachmesse\",\"Psychische Gesundheit\",\"SUVA\",\"Veranstaltungen\"],\"articleSection\":[\"HRM\"],\"inLanguage\":\"en-US\"},{\"@type\":\"WebPage\",\"@id\":\"https:\\\/\\\/www.organisator.ch\\\/human-resources\\\/hrm\\\/2017-02-13\\\/psychische-krise-wege-zurueck-an-die-arbeit\\\/\",\"url\":\"https:\\\/\\\/www.organisator.ch\\\/human-resources\\\/hrm\\\/2017-02-13\\\/psychische-krise-wege-zurueck-an-die-arbeit\\\/\",\"name\":\"Psychische Krise \u2013 Wege zur\u00fcck an die Arbeit - Organisator\",\"isPartOf\":{\"@id\":\"https:\\\/\\\/www.organisator.ch\\\/#website\"},\"primaryImageOfPage\":{\"@id\":\"https:\\\/\\\/www.organisator.ch\\\/human-resources\\\/hrm\\\/2017-02-13\\\/psychische-krise-wege-zurueck-an-die-arbeit\\\/#primaryimage\"},\"image\":{\"@id\":\"https:\\\/\\\/www.organisator.ch\\\/human-resources\\\/hrm\\\/2017-02-13\\\/psychische-krise-wege-zurueck-an-die-arbeit\\\/#primaryimage\"},\"thumbnailUrl\":\"https:\\\/\\\/www.organisator.ch\\\/wp-content\\\/uploads\\\/2017\\\/02\\\/Psychische-Krise-\u2013-Wege-zurueck-an-die-Arbeit-2_Organisator.jpg\",\"datePublished\":\"2017-02-13T16:19:31+00:00\",\"description\":\"Mehrere Behindertenorganisationen besch\u00e4ftigen sich am Montag, 13. M\u00e4rz 2017 im Forum im Pfalzkeller in St.Gallen mit dem Thema Psychische Krise.\",\"breadcrumb\":{\"@id\":\"https:\\\/\\\/www.organisator.ch\\\/human-resources\\\/hrm\\\/2017-02-13\\\/psychische-krise-wege-zurueck-an-die-arbeit\\\/#breadcrumb\"},\"inLanguage\":\"en-US\",\"potentialAction\":[{\"@type\":\"ReadAction\",\"target\":[\"https:\\\/\\\/www.organisator.ch\\\/human-resources\\\/hrm\\\/2017-02-13\\\/psychische-krise-wege-zurueck-an-die-arbeit\\\/\"]}]},{\"@type\":\"ImageObject\",\"inLanguage\":\"en-US\",\"@id\":\"https:\\\/\\\/www.organisator.ch\\\/human-resources\\\/hrm\\\/2017-02-13\\\/psychische-krise-wege-zurueck-an-die-arbeit\\\/#primaryimage\",\"url\":\"https:\\\/\\\/www.organisator.ch\\\/wp-content\\\/uploads\\\/2017\\\/02\\\/Psychische-Krise-\u2013-Wege-zurueck-an-die-Arbeit-2_Organisator.jpg\",\"contentUrl\":\"https:\\\/\\\/www.organisator.ch\\\/wp-content\\\/uploads\\\/2017\\\/02\\\/Psychische-Krise-\u2013-Wege-zurueck-an-die-Arbeit-2_Organisator.jpg\",\"width\":640,\"height\":425,\"caption\":\"Psychische Krise am Arbeitsplatz: Viele Arbeitgeber wissen wenig, wie man damit umgeht. (Bild: Fotolia.com)\"},{\"@type\":\"BreadcrumbList\",\"@id\":\"https:\\\/\\\/www.organisator.ch\\\/human-resources\\\/hrm\\\/2017-02-13\\\/psychische-krise-wege-zurueck-an-die-arbeit\\\/#breadcrumb\",\"itemListElement\":[{\"@type\":\"ListItem\",\"position\":1,\"name\":\"Home\",\"item\":\"https:\\\/\\\/www.organisator.ch\\\/\"},{\"@type\":\"ListItem\",\"position\":2,\"name\":\"Psychische Krise \u2013 Wege zur\u00fcck an die Arbeit\"}]},{\"@type\":\"WebSite\",\"@id\":\"https:\\\/\\\/www.organisator.ch\\\/#website\",\"url\":\"https:\\\/\\\/www.organisator.ch\\\/\",\"name\":\"Organisator\",\"description\":\"Kompetent. Praxisnah. Der ORGANISATOR bereitet in 10 Ausgaben pro Jahr die wesentlichen Themen f\u00fcr F\u00fchrungskr\u00e4fte von KMU auf.\",\"publisher\":{\"@id\":\"https:\\\/\\\/www.organisator.ch\\\/#organization\"},\"potentialAction\":[{\"@type\":\"SearchAction\",\"target\":{\"@type\":\"EntryPoint\",\"urlTemplate\":\"https:\\\/\\\/www.organisator.ch\\\/?s={search_term_string}\"},\"query-input\":{\"@type\":\"PropertyValueSpecification\",\"valueRequired\":true,\"valueName\":\"search_term_string\"}}],\"inLanguage\":\"en-US\"},{\"@type\":\"Organization\",\"@id\":\"https:\\\/\\\/www.organisator.ch\\\/#organization\",\"name\":\"Organisator\",\"url\":\"https:\\\/\\\/www.organisator.ch\\\/\",\"logo\":{\"@type\":\"ImageObject\",\"inLanguage\":\"en-US\",\"@id\":\"https:\\\/\\\/www.organisator.ch\\\/#\\\/schema\\\/logo\\\/image\\\/\",\"url\":\"https:\\\/\\\/www.organisator.ch\\\/wp-content\\\/uploads\\\/2022\\\/01\\\/Logo_Organisator_Website.png\",\"contentUrl\":\"https:\\\/\\\/www.organisator.ch\\\/wp-content\\\/uploads\\\/2022\\\/01\\\/Logo_Organisator_Website.png\",\"width\":800,\"height\":77,\"caption\":\"Organisator\"},\"image\":{\"@id\":\"https:\\\/\\\/www.organisator.ch\\\/#\\\/schema\\\/logo\\\/image\\\/\"},\"sameAs\":[\"https:\\\/\\\/www.facebook.com\\\/OrganisatorFachmagazin\",\"https:\\\/\\\/www.linkedin.com\\\/showcase\\\/organisator-das-magazin-fr-kmu\",\"https:\\\/\\\/www.xing.com\\\/news\\\/pages\\\/organisator-ch-695\",\"https:\\\/\\\/www.youtube.com\\\/channel\\\/UCGP2Sq0iWaZwT3BdIAQFYpw\"]},{\"@type\":\"Person\",\"@id\":\"https:\\\/\\\/www.organisator.ch\\\/#\\\/schema\\\/person\\\/6f650f90b2842cd4c0cc334b4e36f67e\",\"name\":\"thomas.berner\",\"image\":{\"@type\":\"ImageObject\",\"inLanguage\":\"en-US\",\"@id\":\"https:\\\/\\\/secure.gravatar.com\\\/avatar\\\/ac5001d2a36cb6c6cd3e50789007ffca834b477b74a2144564522e944eabff61?s=96&d=mm&r=g\",\"url\":\"https:\\\/\\\/secure.gravatar.com\\\/avatar\\\/ac5001d2a36cb6c6cd3e50789007ffca834b477b74a2144564522e944eabff61?s=96&d=mm&r=g\",\"contentUrl\":\"https:\\\/\\\/secure.gravatar.com\\\/avatar\\\/ac5001d2a36cb6c6cd3e50789007ffca834b477b74a2144564522e944eabff61?s=96&d=mm&r=g\",\"caption\":\"thomas.berner\"},\"url\":\"https:\\\/\\\/www.organisator.ch\\\/en\\\/author\\\/thomas-berner\\\/\"}]}<\/script>\n<!-- \/ Yoast SEO plugin. -->","yoast_head_json":{"title":"Mental crisis - ways back to work - organizer","description":"Several disability organizations will address the topic of mental health crisis on Monday, March 13, 2017 at the Forum in the Pfalzkeller in St.Gallen.","robots":{"index":"index","follow":"follow","max-snippet":"max-snippet:-1","max-image-preview":"max-image-preview:large","max-video-preview":"max-video-preview:-1"},"canonical":"https:\/\/www.organisator.ch\/en\/human-resources\/hrm\/2017-02-13\/psychische-krise-wege-zurueck-an-die-arbeit\/","og_locale":"en_US","og_type":"article","og_title":"Psychische Krise \u2013 Wege zur\u00fcck an die Arbeit","og_description":"Mehrere #Behindertenorganisationen besch\u00e4ftigen sich am Montag, 13. M\u00e4rz 2017 im Forum im #Pfalzkeller in St.Gallen mit dem Thema Psychische Krise.","og_url":"https:\/\/www.organisator.ch\/en\/human-resources\/hrm\/2017-02-13\/psychische-krise-wege-zurueck-an-die-arbeit\/","og_site_name":"Organisator","article_publisher":"https:\/\/www.facebook.com\/OrganisatorFachmagazin","article_published_time":"2017-02-13T16:19:31+00:00","og_image":[{"width":1024,"height":681,"url":"https:\/\/www.organisator.ch\/wp-content\/uploads\/2017\/02\/Psychische-Krise-\u2013-Wege-zurueck-an-die-Arbeit_Organisator.jpg","type":"image\/jpeg"}],"author":"thomas.berner","twitter_card":"summary_large_image","twitter_title":"#ForumimPfalzkeller: Psychische Krise \u2013 Wege zur\u00fcck an die Arbeit","twitter_description":"Mehrere #Behindertenorganisationen besch\u00e4ftigen sich am Montag, 13. M\u00e4rz 2017 im Forum im #Pfalzkeller in St.Gallen mit dem Thema Psychische Krise.","twitter_image":"https:\/\/www.organisator.ch\/wp-content\/uploads\/2017\/02\/Psychische-Krise-\u2013-Wege-zur\u00fcck-an-die-Arbeit_Organisator.jpg","schema":{"@context":"https:\/\/schema.org","@graph":[{"@type":"Article","@id":"https:\/\/www.organisator.ch\/human-resources\/hrm\/2017-02-13\/psychische-krise-wege-zurueck-an-die-arbeit\/#article","isPartOf":{"@id":"https:\/\/www.organisator.ch\/human-resources\/hrm\/2017-02-13\/psychische-krise-wege-zurueck-an-die-arbeit\/"},"author":{"name":"thomas.berner","@id":"https:\/\/www.organisator.ch\/#\/schema\/person\/6f650f90b2842cd4c0cc334b4e36f67e"},"headline":"Psychische Krise \u2013 Wege zur\u00fcck an die Arbeit","datePublished":"2017-02-13T16:19:31+00:00","mainEntityOfPage":{"@id":"https:\/\/www.organisator.ch\/human-resources\/hrm\/2017-02-13\/psychische-krise-wege-zurueck-an-die-arbeit\/"},"wordCount":372,"commentCount":0,"publisher":{"@id":"https:\/\/www.organisator.ch\/#organization"},"image":{"@id":"https:\/\/www.organisator.ch\/human-resources\/hrm\/2017-02-13\/psychische-krise-wege-zurueck-an-die-arbeit\/#primaryimage"},"thumbnailUrl":"https:\/\/www.organisator.ch\/wp-content\/uploads\/2017\/02\/Psychische-Krise-\u2013-Wege-zurueck-an-die-Arbeit-2_Organisator.jpg","keywords":["Betriebliches Gesundheitsmanagement","Fachkongress\/Fachmesse","Psychische Gesundheit","SUVA","Veranstaltungen"],"articleSection":["HRM"],"inLanguage":"en-US"},{"@type":"WebPage","@id":"https:\/\/www.organisator.ch\/human-resources\/hrm\/2017-02-13\/psychische-krise-wege-zurueck-an-die-arbeit\/","url":"https:\/\/www.organisator.ch\/human-resources\/hrm\/2017-02-13\/psychische-krise-wege-zurueck-an-die-arbeit\/","name":"Mental crisis - ways back to work - organizer","isPartOf":{"@id":"https:\/\/www.organisator.ch\/#website"},"primaryImageOfPage":{"@id":"https:\/\/www.organisator.ch\/human-resources\/hrm\/2017-02-13\/psychische-krise-wege-zurueck-an-die-arbeit\/#primaryimage"},"image":{"@id":"https:\/\/www.organisator.ch\/human-resources\/hrm\/2017-02-13\/psychische-krise-wege-zurueck-an-die-arbeit\/#primaryimage"},"thumbnailUrl":"https:\/\/www.organisator.ch\/wp-content\/uploads\/2017\/02\/Psychische-Krise-\u2013-Wege-zurueck-an-die-Arbeit-2_Organisator.jpg","datePublished":"2017-02-13T16:19:31+00:00","description":"Several disability organizations will address the topic of mental health crisis on Monday, March 13, 2017 at the Forum in the Pfalzkeller in St.Gallen.","breadcrumb":{"@id":"https:\/\/www.organisator.ch\/human-resources\/hrm\/2017-02-13\/psychische-krise-wege-zurueck-an-die-arbeit\/#breadcrumb"},"inLanguage":"en-US","potentialAction":[{"@type":"ReadAction","target":["https:\/\/www.organisator.ch\/human-resources\/hrm\/2017-02-13\/psychische-krise-wege-zurueck-an-die-arbeit\/"]}]},{"@type":"ImageObject","inLanguage":"en-US","@id":"https:\/\/www.organisator.ch\/human-resources\/hrm\/2017-02-13\/psychische-krise-wege-zurueck-an-die-arbeit\/#primaryimage","url":"https:\/\/www.organisator.ch\/wp-content\/uploads\/2017\/02\/Psychische-Krise-\u2013-Wege-zurueck-an-die-Arbeit-2_Organisator.jpg","contentUrl":"https:\/\/www.organisator.ch\/wp-content\/uploads\/2017\/02\/Psychische-Krise-\u2013-Wege-zurueck-an-die-Arbeit-2_Organisator.jpg","width":640,"height":425,"caption":"Psychische Krise am Arbeitsplatz: Viele Arbeitgeber wissen wenig, wie man damit umgeht. (Bild: Fotolia.com)"},{"@type":"BreadcrumbList","@id":"https:\/\/www.organisator.ch\/human-resources\/hrm\/2017-02-13\/psychische-krise-wege-zurueck-an-die-arbeit\/#breadcrumb","itemListElement":[{"@type":"ListItem","position":1,"name":"Home","item":"https:\/\/www.organisator.ch\/"},{"@type":"ListItem","position":2,"name":"Psychische Krise \u2013 Wege zur\u00fcck an die Arbeit"}]},{"@type":"WebSite","@id":"https:\/\/www.organisator.ch\/#website","url":"https:\/\/www.organisator.ch\/","name":"Organizer","description":"Competent. Practical. In 10 issues per year, ORGANISATOR presents the essential topics for managers of SMEs.","publisher":{"@id":"https:\/\/www.organisator.ch\/#organization"},"potentialAction":[{"@type":"SearchAction","target":{"@type":"EntryPoint","urlTemplate":"https:\/\/www.organisator.ch\/?s={search_term_string}"},"query-input":{"@type":"PropertyValueSpecification","valueRequired":true,"valueName":"search_term_string"}}],"inLanguage":"en-US"},{"@type":"Organization","@id":"https:\/\/www.organisator.ch\/#organization","name":"Organizer","url":"https:\/\/www.organisator.ch\/","logo":{"@type":"ImageObject","inLanguage":"en-US","@id":"https:\/\/www.organisator.ch\/#\/schema\/logo\/image\/","url":"https:\/\/www.organisator.ch\/wp-content\/uploads\/2022\/01\/Logo_Organisator_Website.png","contentUrl":"https:\/\/www.organisator.ch\/wp-content\/uploads\/2022\/01\/Logo_Organisator_Website.png","width":800,"height":77,"caption":"Organisator"},"image":{"@id":"https:\/\/www.organisator.ch\/#\/schema\/logo\/image\/"},"sameAs":["https:\/\/www.facebook.com\/OrganisatorFachmagazin","https:\/\/www.linkedin.com\/showcase\/organisator-das-magazin-fr-kmu","https:\/\/www.xing.com\/news\/pages\/organisator-ch-695","https:\/\/www.youtube.com\/channel\/UCGP2Sq0iWaZwT3BdIAQFYpw"]},{"@type":"Person","@id":"https:\/\/www.organisator.ch\/#\/schema\/person\/6f650f90b2842cd4c0cc334b4e36f67e","name":"thomas.berner","image":{"@type":"ImageObject","inLanguage":"en-US","@id":"https:\/\/secure.gravatar.com\/avatar\/ac5001d2a36cb6c6cd3e50789007ffca834b477b74a2144564522e944eabff61?s=96&d=mm&r=g","url":"https:\/\/secure.gravatar.com\/avatar\/ac5001d2a36cb6c6cd3e50789007ffca834b477b74a2144564522e944eabff61?s=96&d=mm&r=g","contentUrl":"https:\/\/secure.gravatar.com\/avatar\/ac5001d2a36cb6c6cd3e50789007ffca834b477b74a2144564522e944eabff61?s=96&d=mm&r=g","caption":"thomas.berner"},"url":"https:\/\/www.organisator.ch\/en\/author\/thomas-berner\/"}]}},"_links":{"self":[{"href":"https:\/\/www.organisator.ch\/en\/wp-json\/wp\/v2\/posts\/1508","targetHints":{"allow":["GET"]}}],"collection":[{"href":"https:\/\/www.organisator.ch\/en\/wp-json\/wp\/v2\/posts"}],"about":[{"href":"https:\/\/www.organisator.ch\/en\/wp-json\/wp\/v2\/types\/post"}],"author":[{"embeddable":true,"href":"https:\/\/www.organisator.ch\/en\/wp-json\/wp\/v2\/users\/4"}],"replies":[{"embeddable":true,"href":"https:\/\/www.organisator.ch\/en\/wp-json\/wp\/v2\/comments?post=1508"}],"version-history":[{"count":0,"href":"https:\/\/www.organisator.ch\/en\/wp-json\/wp\/v2\/posts\/1508\/revisions"}],"wp:featuredmedia":[{"embeddable":true,"href":"https:\/\/www.organisator.ch\/en\/wp-json\/wp\/v2\/media\/1511"}],"wp:attachment":[{"href":"https:\/\/www.organisator.ch\/en\/wp-json\/wp\/v2\/media?parent=1508"}],"wp:term":[{"taxonomy":"category","embeddable":true,"href":"https:\/\/www.organisator.ch\/en\/wp-json\/wp\/v2\/categories?post=1508"},{"taxonomy":"post_tag","embeddable":true,"href":"https:\/\/www.organisator.ch\/en\/wp-json\/wp\/v2\/tags?post=1508"}],"curies":[{"name":"wp","href":"https:\/\/api.w.org\/{rel}","templated":true}]}}