{"id":1522,"date":"2017-02-15T14:49:35","date_gmt":"2017-02-15T13:49:35","guid":{"rendered":"https:\/\/www.organisator.ch\/?p=1522"},"modified":"2017-02-15T14:49:35","modified_gmt":"2017-02-15T13:49:35","slug":"immer-weniger-berufsunfaelle","status":"publish","type":"post","link":"https:\/\/www.organisator.ch\/en\/human-resources\/fit_im_job\/2017-02-15\/immer-weniger-berufsunfaelle\/","title":{"rendered":"Fewer and fewer occupational accidents"},"content":{"rendered":"<figure id=\"attachment_1524\" aria-describedby=\"caption-attachment-1524\" style=\"width: 480px\" class=\"wp-caption alignnone\"><img loading=\"lazy\" decoding=\"async\" class=\"size-full wp-image-1524\" src=\"https:\/\/www.organisator.ch\/wp-content\/uploads\/2017\/02\/Immer-weniger-Berufsunfaelle_Organisator.jpg\" alt=\"\" width=\"480\" height=\"480\" srcset=\"https:\/\/www.organisator.ch\/wp-content\/uploads\/2017\/02\/Immer-weniger-Berufsunfaelle_Organisator.jpg 480w, https:\/\/www.organisator.ch\/wp-content\/uploads\/2017\/02\/Immer-weniger-Berufsunfaelle_Organisator-150x150.jpg 150w, https:\/\/www.organisator.ch\/wp-content\/uploads\/2017\/02\/Immer-weniger-Berufsunfaelle_Organisator-12x12.jpg 12w, https:\/\/www.organisator.ch\/wp-content\/uploads\/2017\/02\/Immer-weniger-Berufsunfaelle_Organisator-175x175.jpg 175w, https:\/\/www.organisator.ch\/wp-content\/uploads\/2017\/02\/Immer-weniger-Berufsunfaelle_Organisator-350x350.jpg 350w, https:\/\/www.organisator.ch\/wp-content\/uploads\/2017\/02\/Immer-weniger-Berufsunfaelle_Organisator-250x250.jpg 250w, https:\/\/www.organisator.ch\/wp-content\/uploads\/2017\/02\/Immer-weniger-Berufsunfaelle_Organisator-300x300.jpg 300w, https:\/\/www.organisator.ch\/wp-content\/uploads\/2017\/02\/Immer-weniger-Berufsunfaelle_Organisator-100x100.jpg 100w\" sizes=\"auto, (max-width: 480px) 100vw, 480px\" \/><figcaption id=\"caption-attachment-1524\" class=\"wp-caption-text\">The number of occupational accidents declined again in 2016, according to Suva.(KEYSTONE\/PHOTOALTO\/Vincent Hazat)<\/figcaption><\/figure>\n<p>In 2016, insured persons reported 461,000 accidents to Suva, as the company shows in its latest figures. The number of occupational and non-occupational accidents remained slightly below the previous year: The approximately 178,000 registered occupational accidents and occupational illnesses fell by 1.1 percent, while non-occupational accidents fell by 0.5 percent to just under 264,000. In accident insurance for the unemployed, the accident figures rose almost in parallel with the increase in job seekers. The figures were communicated via press release on February 15, 2017.<\/p>\n<figure id=\"attachment_1523\" aria-describedby=\"caption-attachment-1523\" style=\"width: 640px\" class=\"wp-caption alignnone\"><img loading=\"lazy\" decoding=\"async\" class=\"size-full wp-image-1523\" src=\"https:\/\/www.organisator.ch\/wp-content\/uploads\/2017\/02\/Immer-weniger-Berufsunfaelle-2_Organisator.jpg\" alt=\"\" width=\"640\" height=\"214\" srcset=\"https:\/\/www.organisator.ch\/wp-content\/uploads\/2017\/02\/Immer-weniger-Berufsunfaelle-2_Organisator.jpg 640w, https:\/\/www.organisator.ch\/wp-content\/uploads\/2017\/02\/Immer-weniger-Berufsunfaelle-2_Organisator-16x5.jpg 16w, https:\/\/www.organisator.ch\/wp-content\/uploads\/2017\/02\/Immer-weniger-Berufsunfaelle-2_Organisator-375x125.jpg 375w, https:\/\/www.organisator.ch\/wp-content\/uploads\/2017\/02\/Immer-weniger-Berufsunfaelle-2_Organisator-300x100.jpg 300w\" sizes=\"auto, (max-width: 640px) 100vw, 640px\" \/><figcaption id=\"caption-attachment-1523\" class=\"wp-caption-text\">Accidents registered with Suva (source: Suva)<\/figcaption><\/figure>\n<p>In occupational accident insurance, the number of accidents has fallen continuously by a total of 5.5 percent since 2011. This is despite the fact that the number of full-time employees has increased over this period. The occupational accident risk (number of accidents per 1,000 fulltime employees) has also been decreasing for years, the company adds. Suva attributes this decline on the one hand to its prevention work in the area of occupational safety. On the other hand, high-risk activities are generally decreasing as a result of ongoing structural change - for example, due to the increase in automated processes, it adds.<\/p>\n<p>Overall, Suva can report a good result despite higher costs: The insurance company incurred daily allowance costs of CHF 1.35 billion in 2016, 3.5 percent more than in the previous year. However, the average duration of daily allowance payments remained stable at around 40 days. The higher daily allowance costs are partly due to the fact that more cases were settled in 2016 (+2.6 percent), namely a total of almost 231,000 cases. The reason for this, according to Suva, is that in 2015 they switched to new software for settling claims. This changeover led to backlogs of work that could be worked off last year. This is now reflected in the figures. Furthermore, the daily allowance costs were influenced by the general increase in average wages and the increase in the maximum insured earnings as of January 1, 2016, Suva added.<\/p>\n<p><em>Source: <a href=\"http:\/\/www.suva.ch\">Suva<\/a><\/em><\/p>","protected":false},"excerpt":{"rendered":"<p>2016 meldeten die Versicherten der Suva 461 000 Unf\u00e4lle, wie das Unternehmen in seinen aktuellen Zahlen nachweist. Dabei blieb die Anzahl Berufs- und Nichtberufsunf\u00e4lle leicht unter dem Vorjahr: Die rund 178 000 registrierten Berufsunf\u00e4lle und Berufskrankheiten gingen um 1,1 Prozent zur\u00fcck, die Nichtberufsunf\u00e4lle sanken um 0,5 Prozent auf knapp 264 000. In der Unfallversicherung f\u00fcr [&hellip;]<\/p>\n","protected":false},"author":4,"featured_media":1524,"comment_status":"open","ping_status":"open","sticky":false,"template":"","format":"standard","meta":{"_acf_changed":false,"_yoast_wpseo_focuskw":"Berufsunf\u00e4lle","_yoast_wpseo_metadesc":"Erneut weniger Berufsunf\u00e4lle und tiefere Heilkosten pro Fall: Das zeigt die Auswertung des Versicherungsjahrs 2016 der Suva.","articlekey":"","footnotes":""},"categories":[25],"tags":[77,208,244,463,511],"class_list":["post-1522","post","type-post","status-publish","format-standard","has-post-thumbnail","hentry","category-fit_im_job","tag-betriebliches-gesundheitsmanagement","tag-fit-im-job","tag-gesundheitsschutz","tag-suva","tag-versicherungen"],"acf":[],"yoast_head":"<!-- This site is optimized with the Yoast SEO plugin v27.4 - https:\/\/yoast.com\/product\/yoast-seo-wordpress\/ -->\n<title>Immer weniger Berufsunf\u00e4lle - Organisator<\/title>\n<meta name=\"description\" content=\"Erneut weniger Berufsunf\u00e4lle und tiefere Heilkosten pro Fall: Das zeigt die Auswertung des Versicherungsjahrs 2016 der Suva.\" \/>\n<meta name=\"robots\" content=\"index, follow, max-snippet:-1, max-image-preview:large, max-video-preview:-1\" \/>\n<link rel=\"canonical\" href=\"https:\/\/www.organisator.ch\/en\/human-resources\/fit_im_job\/2017-02-15\/immer-weniger-berufsunfaelle\/\" \/>\n<meta property=\"og:locale\" content=\"en_US\" \/>\n<meta property=\"og:type\" content=\"article\" \/>\n<meta property=\"og:title\" content=\"Immer weniger Berufsunf\u00e4lle\" \/>\n<meta property=\"og:description\" content=\"Erneut weniger #Berufsunf\u00e4lle und tiefere #Heilkosten pro Fall: Das zeigt die Auswertung des Versicherungsjahrs 2016 der #Suva. Insgesamt gingen die Unfallzahlen im letzten Jahr ebenfalls leicht zur\u00fcck.\" \/>\n<meta property=\"og:url\" content=\"https:\/\/www.organisator.ch\/en\/human-resources\/fit_im_job\/2017-02-15\/immer-weniger-berufsunfaelle\/\" \/>\n<meta property=\"og:site_name\" content=\"Organisator\" \/>\n<meta property=\"article:publisher\" content=\"https:\/\/www.facebook.com\/OrganisatorFachmagazin\" \/>\n<meta property=\"article:published_time\" content=\"2017-02-15T13:49:35+00:00\" \/>\n<meta property=\"og:image\" content=\"https:\/\/www.organisator.ch\/wp-content\/uploads\/2017\/02\/Immer-weniger-Berufsunfaelle_Organisator.jpg\" \/>\n\t<meta property=\"og:image:width\" content=\"480\" \/>\n\t<meta property=\"og:image:height\" content=\"480\" \/>\n\t<meta property=\"og:image:type\" content=\"image\/jpeg\" \/>\n<meta name=\"author\" content=\"thomas.berner\" \/>\n<meta name=\"twitter:card\" content=\"summary_large_image\" \/>\n<meta name=\"twitter:title\" content=\"Die #Suva pr\u00e4sentiert neuste Zahlen: Immer weniger #Berufsunf\u00e4lle\" \/>\n<meta name=\"twitter:description\" content=\"Erneut weniger #Berufsunf\u00e4lle und tiefere #Heilkosten pro Fall: Das zeigt die Auswertung des Versicherungsjahrs 2016 der #Suva. Insgesamt gingen die Unfallzahlen im letzten Jahr ebenfalls leicht zur\u00fcck.\" \/>\n<meta name=\"twitter:image\" content=\"https:\/\/www.organisator.ch\/wp-content\/uploads\/2017\/02\/Immer-weniger-Berufsunf\u00e4lle_Organisator.jpg\" \/>\n<script type=\"application\/ld+json\" class=\"yoast-schema-graph\">{\"@context\":\"https:\\\/\\\/schema.org\",\"@graph\":[{\"@type\":\"Article\",\"@id\":\"https:\\\/\\\/www.organisator.ch\\\/human-resources\\\/fit_im_job\\\/2017-02-15\\\/immer-weniger-berufsunfaelle\\\/#article\",\"isPartOf\":{\"@id\":\"https:\\\/\\\/www.organisator.ch\\\/human-resources\\\/fit_im_job\\\/2017-02-15\\\/immer-weniger-berufsunfaelle\\\/\"},\"author\":{\"name\":\"thomas.berner\",\"@id\":\"https:\\\/\\\/www.organisator.ch\\\/#\\\/schema\\\/person\\\/6f650f90b2842cd4c0cc334b4e36f67e\"},\"headline\":\"Immer weniger Berufsunf\u00e4lle\",\"datePublished\":\"2017-02-15T13:49:35+00:00\",\"mainEntityOfPage\":{\"@id\":\"https:\\\/\\\/www.organisator.ch\\\/human-resources\\\/fit_im_job\\\/2017-02-15\\\/immer-weniger-berufsunfaelle\\\/\"},\"wordCount\":332,\"commentCount\":0,\"publisher\":{\"@id\":\"https:\\\/\\\/www.organisator.ch\\\/#organization\"},\"image\":{\"@id\":\"https:\\\/\\\/www.organisator.ch\\\/human-resources\\\/fit_im_job\\\/2017-02-15\\\/immer-weniger-berufsunfaelle\\\/#primaryimage\"},\"thumbnailUrl\":\"https:\\\/\\\/www.organisator.ch\\\/wp-content\\\/uploads\\\/2017\\\/02\\\/Immer-weniger-Berufsunfaelle_Organisator.jpg\",\"keywords\":[\"Betriebliches Gesundheitsmanagement\",\"Fit im Job\",\"Gesundheitsschutz\",\"SUVA\",\"Versicherungen\"],\"articleSection\":[\"FIT IM JOB\"],\"inLanguage\":\"en-US\"},{\"@type\":\"WebPage\",\"@id\":\"https:\\\/\\\/www.organisator.ch\\\/human-resources\\\/fit_im_job\\\/2017-02-15\\\/immer-weniger-berufsunfaelle\\\/\",\"url\":\"https:\\\/\\\/www.organisator.ch\\\/human-resources\\\/fit_im_job\\\/2017-02-15\\\/immer-weniger-berufsunfaelle\\\/\",\"name\":\"Immer weniger Berufsunf\u00e4lle - Organisator\",\"isPartOf\":{\"@id\":\"https:\\\/\\\/www.organisator.ch\\\/#website\"},\"primaryImageOfPage\":{\"@id\":\"https:\\\/\\\/www.organisator.ch\\\/human-resources\\\/fit_im_job\\\/2017-02-15\\\/immer-weniger-berufsunfaelle\\\/#primaryimage\"},\"image\":{\"@id\":\"https:\\\/\\\/www.organisator.ch\\\/human-resources\\\/fit_im_job\\\/2017-02-15\\\/immer-weniger-berufsunfaelle\\\/#primaryimage\"},\"thumbnailUrl\":\"https:\\\/\\\/www.organisator.ch\\\/wp-content\\\/uploads\\\/2017\\\/02\\\/Immer-weniger-Berufsunfaelle_Organisator.jpg\",\"datePublished\":\"2017-02-15T13:49:35+00:00\",\"description\":\"Erneut weniger Berufsunf\u00e4lle und tiefere Heilkosten pro Fall: Das zeigt die Auswertung des Versicherungsjahrs 2016 der Suva.\",\"breadcrumb\":{\"@id\":\"https:\\\/\\\/www.organisator.ch\\\/human-resources\\\/fit_im_job\\\/2017-02-15\\\/immer-weniger-berufsunfaelle\\\/#breadcrumb\"},\"inLanguage\":\"en-US\",\"potentialAction\":[{\"@type\":\"ReadAction\",\"target\":[\"https:\\\/\\\/www.organisator.ch\\\/human-resources\\\/fit_im_job\\\/2017-02-15\\\/immer-weniger-berufsunfaelle\\\/\"]}]},{\"@type\":\"ImageObject\",\"inLanguage\":\"en-US\",\"@id\":\"https:\\\/\\\/www.organisator.ch\\\/human-resources\\\/fit_im_job\\\/2017-02-15\\\/immer-weniger-berufsunfaelle\\\/#primaryimage\",\"url\":\"https:\\\/\\\/www.organisator.ch\\\/wp-content\\\/uploads\\\/2017\\\/02\\\/Immer-weniger-Berufsunfaelle_Organisator.jpg\",\"contentUrl\":\"https:\\\/\\\/www.organisator.ch\\\/wp-content\\\/uploads\\\/2017\\\/02\\\/Immer-weniger-Berufsunfaelle_Organisator.jpg\",\"width\":480,\"height\":480,\"caption\":\"Die Zahl der Berufsunf\u00e4lle ging laut Suva 2016 erneut zur\u00fcck.(KEYSTONE\\\/PHOTOALTO\\\/Vincent Hazat)\"},{\"@type\":\"BreadcrumbList\",\"@id\":\"https:\\\/\\\/www.organisator.ch\\\/human-resources\\\/fit_im_job\\\/2017-02-15\\\/immer-weniger-berufsunfaelle\\\/#breadcrumb\",\"itemListElement\":[{\"@type\":\"ListItem\",\"position\":1,\"name\":\"Home\",\"item\":\"https:\\\/\\\/www.organisator.ch\\\/\"},{\"@type\":\"ListItem\",\"position\":2,\"name\":\"Immer weniger Berufsunf\u00e4lle\"}]},{\"@type\":\"WebSite\",\"@id\":\"https:\\\/\\\/www.organisator.ch\\\/#website\",\"url\":\"https:\\\/\\\/www.organisator.ch\\\/\",\"name\":\"Organisator\",\"description\":\"Kompetent. Praxisnah. Der ORGANISATOR bereitet in 10 Ausgaben pro Jahr die wesentlichen Themen f\u00fcr F\u00fchrungskr\u00e4fte von KMU auf.\",\"publisher\":{\"@id\":\"https:\\\/\\\/www.organisator.ch\\\/#organization\"},\"potentialAction\":[{\"@type\":\"SearchAction\",\"target\":{\"@type\":\"EntryPoint\",\"urlTemplate\":\"https:\\\/\\\/www.organisator.ch\\\/?s={search_term_string}\"},\"query-input\":{\"@type\":\"PropertyValueSpecification\",\"valueRequired\":true,\"valueName\":\"search_term_string\"}}],\"inLanguage\":\"en-US\"},{\"@type\":\"Organization\",\"@id\":\"https:\\\/\\\/www.organisator.ch\\\/#organization\",\"name\":\"Organisator\",\"url\":\"https:\\\/\\\/www.organisator.ch\\\/\",\"logo\":{\"@type\":\"ImageObject\",\"inLanguage\":\"en-US\",\"@id\":\"https:\\\/\\\/www.organisator.ch\\\/#\\\/schema\\\/logo\\\/image\\\/\",\"url\":\"https:\\\/\\\/www.organisator.ch\\\/wp-content\\\/uploads\\\/2022\\\/01\\\/Logo_Organisator_Website.png\",\"contentUrl\":\"https:\\\/\\\/www.organisator.ch\\\/wp-content\\\/uploads\\\/2022\\\/01\\\/Logo_Organisator_Website.png\",\"width\":800,\"height\":77,\"caption\":\"Organisator\"},\"image\":{\"@id\":\"https:\\\/\\\/www.organisator.ch\\\/#\\\/schema\\\/logo\\\/image\\\/\"},\"sameAs\":[\"https:\\\/\\\/www.facebook.com\\\/OrganisatorFachmagazin\",\"https:\\\/\\\/www.linkedin.com\\\/showcase\\\/organisator-das-magazin-fr-kmu\",\"https:\\\/\\\/www.xing.com\\\/news\\\/pages\\\/organisator-ch-695\",\"https:\\\/\\\/www.youtube.com\\\/channel\\\/UCGP2Sq0iWaZwT3BdIAQFYpw\"]},{\"@type\":\"Person\",\"@id\":\"https:\\\/\\\/www.organisator.ch\\\/#\\\/schema\\\/person\\\/6f650f90b2842cd4c0cc334b4e36f67e\",\"name\":\"thomas.berner\",\"image\":{\"@type\":\"ImageObject\",\"inLanguage\":\"en-US\",\"@id\":\"https:\\\/\\\/secure.gravatar.com\\\/avatar\\\/ac5001d2a36cb6c6cd3e50789007ffca834b477b74a2144564522e944eabff61?s=96&d=mm&r=g\",\"url\":\"https:\\\/\\\/secure.gravatar.com\\\/avatar\\\/ac5001d2a36cb6c6cd3e50789007ffca834b477b74a2144564522e944eabff61?s=96&d=mm&r=g\",\"contentUrl\":\"https:\\\/\\\/secure.gravatar.com\\\/avatar\\\/ac5001d2a36cb6c6cd3e50789007ffca834b477b74a2144564522e944eabff61?s=96&d=mm&r=g\",\"caption\":\"thomas.berner\"},\"url\":\"https:\\\/\\\/www.organisator.ch\\\/en\\\/author\\\/thomas-berner\\\/\"}]}<\/script>\n<!-- \/ Yoast SEO plugin. -->","yoast_head_json":{"title":"Less and less occupational accidents - Organizer","description":"Once again, fewer occupational accidents and lower medical costs per case: This is shown by Suva's evaluation of the 2016 insurance year.","robots":{"index":"index","follow":"follow","max-snippet":"max-snippet:-1","max-image-preview":"max-image-preview:large","max-video-preview":"max-video-preview:-1"},"canonical":"https:\/\/www.organisator.ch\/en\/human-resources\/fit_im_job\/2017-02-15\/immer-weniger-berufsunfaelle\/","og_locale":"en_US","og_type":"article","og_title":"Immer weniger Berufsunf\u00e4lle","og_description":"Erneut weniger #Berufsunf\u00e4lle und tiefere #Heilkosten pro Fall: Das zeigt die Auswertung des Versicherungsjahrs 2016 der #Suva. Insgesamt gingen die Unfallzahlen im letzten Jahr ebenfalls leicht zur\u00fcck.","og_url":"https:\/\/www.organisator.ch\/en\/human-resources\/fit_im_job\/2017-02-15\/immer-weniger-berufsunfaelle\/","og_site_name":"Organisator","article_publisher":"https:\/\/www.facebook.com\/OrganisatorFachmagazin","article_published_time":"2017-02-15T13:49:35+00:00","og_image":[{"width":480,"height":480,"url":"https:\/\/www.organisator.ch\/wp-content\/uploads\/2017\/02\/Immer-weniger-Berufsunfaelle_Organisator.jpg","type":"image\/jpeg"}],"author":"thomas.berner","twitter_card":"summary_large_image","twitter_title":"Die #Suva pr\u00e4sentiert neuste Zahlen: Immer weniger #Berufsunf\u00e4lle","twitter_description":"Erneut weniger #Berufsunf\u00e4lle und tiefere #Heilkosten pro Fall: Das zeigt die Auswertung des Versicherungsjahrs 2016 der #Suva. Insgesamt gingen die Unfallzahlen im letzten Jahr ebenfalls leicht zur\u00fcck.","twitter_image":"https:\/\/www.organisator.ch\/wp-content\/uploads\/2017\/02\/Immer-weniger-Berufsunf\u00e4lle_Organisator.jpg","schema":{"@context":"https:\/\/schema.org","@graph":[{"@type":"Article","@id":"https:\/\/www.organisator.ch\/human-resources\/fit_im_job\/2017-02-15\/immer-weniger-berufsunfaelle\/#article","isPartOf":{"@id":"https:\/\/www.organisator.ch\/human-resources\/fit_im_job\/2017-02-15\/immer-weniger-berufsunfaelle\/"},"author":{"name":"thomas.berner","@id":"https:\/\/www.organisator.ch\/#\/schema\/person\/6f650f90b2842cd4c0cc334b4e36f67e"},"headline":"Immer weniger Berufsunf\u00e4lle","datePublished":"2017-02-15T13:49:35+00:00","mainEntityOfPage":{"@id":"https:\/\/www.organisator.ch\/human-resources\/fit_im_job\/2017-02-15\/immer-weniger-berufsunfaelle\/"},"wordCount":332,"commentCount":0,"publisher":{"@id":"https:\/\/www.organisator.ch\/#organization"},"image":{"@id":"https:\/\/www.organisator.ch\/human-resources\/fit_im_job\/2017-02-15\/immer-weniger-berufsunfaelle\/#primaryimage"},"thumbnailUrl":"https:\/\/www.organisator.ch\/wp-content\/uploads\/2017\/02\/Immer-weniger-Berufsunfaelle_Organisator.jpg","keywords":["Betriebliches Gesundheitsmanagement","Fit im Job","Gesundheitsschutz","SUVA","Versicherungen"],"articleSection":["FIT IM JOB"],"inLanguage":"en-US"},{"@type":"WebPage","@id":"https:\/\/www.organisator.ch\/human-resources\/fit_im_job\/2017-02-15\/immer-weniger-berufsunfaelle\/","url":"https:\/\/www.organisator.ch\/human-resources\/fit_im_job\/2017-02-15\/immer-weniger-berufsunfaelle\/","name":"Less and less occupational accidents - Organizer","isPartOf":{"@id":"https:\/\/www.organisator.ch\/#website"},"primaryImageOfPage":{"@id":"https:\/\/www.organisator.ch\/human-resources\/fit_im_job\/2017-02-15\/immer-weniger-berufsunfaelle\/#primaryimage"},"image":{"@id":"https:\/\/www.organisator.ch\/human-resources\/fit_im_job\/2017-02-15\/immer-weniger-berufsunfaelle\/#primaryimage"},"thumbnailUrl":"https:\/\/www.organisator.ch\/wp-content\/uploads\/2017\/02\/Immer-weniger-Berufsunfaelle_Organisator.jpg","datePublished":"2017-02-15T13:49:35+00:00","description":"Once again, fewer occupational accidents and lower medical costs per case: This is shown by Suva's evaluation of the 2016 insurance year.","breadcrumb":{"@id":"https:\/\/www.organisator.ch\/human-resources\/fit_im_job\/2017-02-15\/immer-weniger-berufsunfaelle\/#breadcrumb"},"inLanguage":"en-US","potentialAction":[{"@type":"ReadAction","target":["https:\/\/www.organisator.ch\/human-resources\/fit_im_job\/2017-02-15\/immer-weniger-berufsunfaelle\/"]}]},{"@type":"ImageObject","inLanguage":"en-US","@id":"https:\/\/www.organisator.ch\/human-resources\/fit_im_job\/2017-02-15\/immer-weniger-berufsunfaelle\/#primaryimage","url":"https:\/\/www.organisator.ch\/wp-content\/uploads\/2017\/02\/Immer-weniger-Berufsunfaelle_Organisator.jpg","contentUrl":"https:\/\/www.organisator.ch\/wp-content\/uploads\/2017\/02\/Immer-weniger-Berufsunfaelle_Organisator.jpg","width":480,"height":480,"caption":"Die Zahl der Berufsunf\u00e4lle ging laut Suva 2016 erneut zur\u00fcck.(KEYSTONE\/PHOTOALTO\/Vincent Hazat)"},{"@type":"BreadcrumbList","@id":"https:\/\/www.organisator.ch\/human-resources\/fit_im_job\/2017-02-15\/immer-weniger-berufsunfaelle\/#breadcrumb","itemListElement":[{"@type":"ListItem","position":1,"name":"Home","item":"https:\/\/www.organisator.ch\/"},{"@type":"ListItem","position":2,"name":"Immer weniger Berufsunf\u00e4lle"}]},{"@type":"WebSite","@id":"https:\/\/www.organisator.ch\/#website","url":"https:\/\/www.organisator.ch\/","name":"Organizer","description":"Competent. Practical. In 10 issues per year, ORGANISATOR presents the essential topics for managers of SMEs.","publisher":{"@id":"https:\/\/www.organisator.ch\/#organization"},"potentialAction":[{"@type":"SearchAction","target":{"@type":"EntryPoint","urlTemplate":"https:\/\/www.organisator.ch\/?s={search_term_string}"},"query-input":{"@type":"PropertyValueSpecification","valueRequired":true,"valueName":"search_term_string"}}],"inLanguage":"en-US"},{"@type":"Organization","@id":"https:\/\/www.organisator.ch\/#organization","name":"Organizer","url":"https:\/\/www.organisator.ch\/","logo":{"@type":"ImageObject","inLanguage":"en-US","@id":"https:\/\/www.organisator.ch\/#\/schema\/logo\/image\/","url":"https:\/\/www.organisator.ch\/wp-content\/uploads\/2022\/01\/Logo_Organisator_Website.png","contentUrl":"https:\/\/www.organisator.ch\/wp-content\/uploads\/2022\/01\/Logo_Organisator_Website.png","width":800,"height":77,"caption":"Organisator"},"image":{"@id":"https:\/\/www.organisator.ch\/#\/schema\/logo\/image\/"},"sameAs":["https:\/\/www.facebook.com\/OrganisatorFachmagazin","https:\/\/www.linkedin.com\/showcase\/organisator-das-magazin-fr-kmu","https:\/\/www.xing.com\/news\/pages\/organisator-ch-695","https:\/\/www.youtube.com\/channel\/UCGP2Sq0iWaZwT3BdIAQFYpw"]},{"@type":"Person","@id":"https:\/\/www.organisator.ch\/#\/schema\/person\/6f650f90b2842cd4c0cc334b4e36f67e","name":"thomas.berner","image":{"@type":"ImageObject","inLanguage":"en-US","@id":"https:\/\/secure.gravatar.com\/avatar\/ac5001d2a36cb6c6cd3e50789007ffca834b477b74a2144564522e944eabff61?s=96&d=mm&r=g","url":"https:\/\/secure.gravatar.com\/avatar\/ac5001d2a36cb6c6cd3e50789007ffca834b477b74a2144564522e944eabff61?s=96&d=mm&r=g","contentUrl":"https:\/\/secure.gravatar.com\/avatar\/ac5001d2a36cb6c6cd3e50789007ffca834b477b74a2144564522e944eabff61?s=96&d=mm&r=g","caption":"thomas.berner"},"url":"https:\/\/www.organisator.ch\/en\/author\/thomas-berner\/"}]}},"_links":{"self":[{"href":"https:\/\/www.organisator.ch\/en\/wp-json\/wp\/v2\/posts\/1522","targetHints":{"allow":["GET"]}}],"collection":[{"href":"https:\/\/www.organisator.ch\/en\/wp-json\/wp\/v2\/posts"}],"about":[{"href":"https:\/\/www.organisator.ch\/en\/wp-json\/wp\/v2\/types\/post"}],"author":[{"embeddable":true,"href":"https:\/\/www.organisator.ch\/en\/wp-json\/wp\/v2\/users\/4"}],"replies":[{"embeddable":true,"href":"https:\/\/www.organisator.ch\/en\/wp-json\/wp\/v2\/comments?post=1522"}],"version-history":[{"count":0,"href":"https:\/\/www.organisator.ch\/en\/wp-json\/wp\/v2\/posts\/1522\/revisions"}],"wp:featuredmedia":[{"embeddable":true,"href":"https:\/\/www.organisator.ch\/en\/wp-json\/wp\/v2\/media\/1524"}],"wp:attachment":[{"href":"https:\/\/www.organisator.ch\/en\/wp-json\/wp\/v2\/media?parent=1522"}],"wp:term":[{"taxonomy":"category","embeddable":true,"href":"https:\/\/www.organisator.ch\/en\/wp-json\/wp\/v2\/categories?post=1522"},{"taxonomy":"post_tag","embeddable":true,"href":"https:\/\/www.organisator.ch\/en\/wp-json\/wp\/v2\/tags?post=1522"}],"curies":[{"name":"wp","href":"https:\/\/api.w.org\/{rel}","templated":true}]}}