{"id":15295,"date":"2022-06-17T10:42:32","date_gmt":"2022-06-17T08:42:32","guid":{"rendered":"https:\/\/www.werbewoche.ch\/?p=178241"},"modified":"2022-07-25T12:37:09","modified_gmt":"2022-07-25T10:37:09","slug":"schoene-boeden-marke-haro-geschaerft-zusammen-mit-process","status":"publish","type":"post","link":"https:\/\/www.organisator.ch\/en\/marketing\/2022-06-17\/schoene-boeden-marke-haro-geschaerft-zusammen-mit-process\/","title":{"rendered":"Beautiful floors: Haro brand sharpened - together with Process"},"content":{"rendered":"<img class=\"alignnone wp-image-178242 size-full\" src=\"https:\/\/www.werbewoche.ch\/wp-content\/uploads\/2022\/06\/PR_MM_HARO_1_Key.jpg\" alt=\"Haro\" width=\"1920\" height=\"1080\" \/>\r\n\r\nBuying a new floor is a one-off for many people. At the right moment, it is important to convince customers - and not just with the price. \"Many suppliers have high-quality products in their range. It is therefore difficult for customers to recognize differences. We have decided to invest in our brand. We want to profile it and communicate to everyone who wants to beautify their home how Haro floors enrich their lives,\" reports Andreas Merz, Head of Marketing and responsible for the Haro brand.\r\n<h3><strong>Consistency in brand management<\/strong><\/h3>\r\nThe collaboration with Process began in 2020 - at a time when many people are looking more intensively at their living space. Together, the Haro brand is being sharpened and charged with emotion. The new claim \"Naturally beautiful floors\" conveys Haro's core competence on the one hand and expresses the natural attitude to life and the beauty of high-quality products that customers want to surround themselves with on the other.\r\n\r\nBecause, identification with the central brand theme is important. Not only for the buyers, but also for the dealers worldwide who distribute Haro exclusively and contribute decisively to the company's success. \"A strong brand also brings those who sell Haro products forward. It gives them a well-told story that differentiates them from the competition and convinces customers - and ultimately increases sales,\" says Michel Gabriel, Consulting Director at Process and responsible for the mandate.\r\n\r\n<a href=\"https:\/\/www.werbewoche.ch\/de\/marketing\/marken\/2022-06-17\/schoene-boeden-marke-haro-geschaerft-zusammen-mit-process\/attachment\/pr_mm_haro_2\/\"><img class=\"attachment-large alignnone\" src=\"https:\/\/www.werbewoche.ch\/wp-content\/uploads\/2022\/06\/PR_MM_HARO_2-1024x576.jpg\" alt=\"Haro\" width=\"768\" height=\"432\" \/><\/a>\r\n<a href=\"https:\/\/www.werbewoche.ch\/de\/marketing\/marken\/2022-06-17\/schoene-boeden-marke-haro-geschaerft-zusammen-mit-process\/attachment\/pr_mm_haro_7\/\"><img class=\"attachment-large alignnone\" src=\"https:\/\/www.werbewoche.ch\/wp-content\/uploads\/2022\/06\/PR_MM_HARO_7-1024x576.jpg\" alt=\"Haro\" width=\"768\" height=\"432\" \/><\/a>\r\n<a href=\"https:\/\/www.werbewoche.ch\/de\/marketing\/marken\/2022-06-17\/schoene-boeden-marke-haro-geschaerft-zusammen-mit-process\/attachment\/pr_mm_haro_6\/\"><img class=\"attachment-large alignnone\" src=\"https:\/\/www.werbewoche.ch\/wp-content\/uploads\/2022\/06\/PR_MM_HARO_6-1024x576.jpg\" alt=\"Haro\" width=\"768\" height=\"432\" \/><\/a>\r\n<a href=\"https:\/\/www.werbewoche.ch\/de\/marketing\/marken\/2022-06-17\/schoene-boeden-marke-haro-geschaerft-zusammen-mit-process\/attachment\/pr_mm_haro_5\/\"><img class=\"attachment-large alignnone\" src=\"https:\/\/www.werbewoche.ch\/wp-content\/uploads\/2022\/06\/PR_MM_HARO_5-1024x576.jpg\" alt=\"Haro\" width=\"768\" height=\"432\" \/><\/a>\r\n<a href=\"https:\/\/www.werbewoche.ch\/de\/marketing\/marken\/2022-06-17\/schoene-boeden-marke-haro-geschaerft-zusammen-mit-process\/attachment\/pr_mm_haro_4\/\"><img class=\"attachment-large alignnone\" src=\"https:\/\/www.werbewoche.ch\/wp-content\/uploads\/2022\/06\/PR_MM_HARO_4-1024x576.jpg\" alt=\"Haro\" width=\"768\" height=\"432\" \/><\/a>\r\n<a href=\"https:\/\/www.werbewoche.ch\/de\/marketing\/marken\/2022-06-17\/schoene-boeden-marke-haro-geschaerft-zusammen-mit-process\/attachment\/pr_mm_haro_3\/\"><img class=\"attachment-large alignnone\" src=\"https:\/\/www.werbewoche.ch\/wp-content\/uploads\/2022\/06\/PR_MM_HARO_3-1024x576.jpg\" alt=\"Haro\" width=\"768\" height=\"432\" \/><\/a>\r\n\r\n&nbsp;\r\n\r\n<strong>Natural beauty along the customer journey<\/strong>\r\n\r\nOver a period of two years, Process developed and applied all the building blocks that make up this new brand story: First, the brand was defined and positioned, and then brought to life in the new, modular brand design. A clear, sometimes humorous brand voice gives the communication the HARO-typical \"twist\". This is followed by redesigns of the packaging, the trade fair presence and store modules for showrooms and POS, the product range catalogs, sales documents, dealer mailings, truck and building signage. In addition, there are digital applications such as the look for the new HARO Academy, the online training offer for dealers, which is produced in the company's own studio.\r\n\r\n&nbsp;\r\n\r\n<strong>Digital and personal<\/strong>\r\n\r\nAt the beginning of 2022, an important milestone will be reached: the relaunch of <a href=\"https:\/\/www.haro.com\/\">Haro.com<\/a> in six languages. Process developed the complete user experience for this, which addresses the needs of customers and focuses on sales via local retailers. The new product finder facilitates selection and the virtual assistant \"Floorentine\" provides information on products and services as a first point of contact. \"Customers should also experience online that solutions for their individual preferences and wishes are found at HARO. That's why we provide them with effective tools, such as catalogs that can be personalized for product favorites,\" explains Bruno Manser, Creative Director Digital at Process.\r\n\r\n&nbsp;\r\n\r\n<img class=\"alignnone wp-image-178252 size-full\" src=\"https:\/\/www.werbewoche.ch\/wp-content\/uploads\/2022\/06\/PR_MM_HARO_9-1.jpg\" alt=\"Haro\" width=\"1300\" height=\"731\" \/> <img class=\"alignnone wp-image-178253 size-full\" src=\"https:\/\/www.werbewoche.ch\/wp-content\/uploads\/2022\/06\/PR_MM_HARO_8-1.jpg\" alt=\"Haro\" width=\"1920\" height=\"1080\" \/>((PR_MM_HARO_8.png))\r\n\r\n((PR_MM_HARO_9.png))\r\n\r\n \r\n\r\n \r\n\r\n\"We are very happy with the results. We have now created important conditions to lead HARO into the future and create further applications for a customer experience focused on natural beauty.\"\r\n\r\n<hr \/>\r\n\r\nResponsible at Haro: Andreas Merz, Head of Marketing. Responsible agency: Process Zurich","protected":false},"excerpt":{"rendered":"<p>Der Kauf eines neuen Bodens ist f\u00fcr viele Menschen eine einmalige Sache. Im richtigen Moment gilt es die Kundinnen und Kunden zu \u00fcberzeugen \u2013 nicht nur mit dem Preis. \u00abViele Anbieter haben qualitativ hochwertige Produkte im Sortiment. F\u00fcr die Kunden ist es daher schwierig Unterschiede zu erkennen. Wir haben uns entschieden in unsere Marke zu [\u2026]<\/p>\n","protected":false},"author":8,"featured_media":0,"comment_status":"closed","ping_status":"closed","sticky":false,"template":"","format":"standard","meta":{"_acf_changed":false,"_yoast_wpseo_focuskw":"Haro","_yoast_wpseo_metadesc":"Hamberger Flooring, europaweit t\u00e4tiger Bodenbelagshersteller, legt mit dem Fokus auf nat\u00fcrlich sch\u00f6ne B\u00f6den den Grundstein f\u00fcr eine umfassende Erneuerung der Marke Haro.","articlekey":"","footnotes":""},"categories":[29],"tags":[2974,2975],"class_list":["post-15295","post","type-post","status-publish","format-standard","hentry","category-marketing","tag-haro","tag-process"],"acf":[],"yoast_head":"<!-- This site is optimized with the Yoast SEO plugin v27.5 - https:\/\/yoast.com\/product\/yoast-seo-wordpress\/ -->\n<title>Sch\u00f6ne B\u00f6den: Marke Haro gesch\u00e4rft \u2013\u00a0zusammen mit Process - Organisator<\/title>\n<meta name=\"description\" content=\"Hamberger Flooring, europaweit t\u00e4tiger Bodenbelagshersteller, legt mit dem Fokus auf nat\u00fcrlich sch\u00f6ne B\u00f6den den Grundstein f\u00fcr eine umfassende Erneuerung der Marke Haro.\" \/>\n<meta name=\"robots\" content=\"index, follow, max-snippet:-1, max-image-preview:large, max-video-preview:-1\" \/>\n<link rel=\"canonical\" href=\"https:\/\/www.werbewoche.ch\/de\/marketing\/marken\/2022-06-17\/schoene-boeden-marke-haro-geschaerft-zusammen-mit-process\/\" \/>\n<meta property=\"og:locale\" content=\"en_US\" \/>\n<meta property=\"og:type\" content=\"article\" \/>\n<meta property=\"og:title\" content=\"Sch\u00f6ne B\u00f6den: Marke Haro gesch\u00e4rft \u2013\u00a0zusammen mit Process - Organisator\" \/>\n<meta property=\"og:description\" content=\"Hamberger Flooring, europaweit t\u00e4tiger Bodenbelagshersteller, legt mit dem Fokus auf nat\u00fcrlich sch\u00f6ne B\u00f6den den Grundstein f\u00fcr eine umfassende Erneuerung der Marke Haro.\" \/>\n<meta property=\"og:url\" content=\"https:\/\/www.werbewoche.ch\/de\/marketing\/marken\/2022-06-17\/schoene-boeden-marke-haro-geschaerft-zusammen-mit-process\/\" \/>\n<meta property=\"og:site_name\" content=\"Organisator\" \/>\n<meta property=\"article:publisher\" content=\"https:\/\/www.facebook.com\/OrganisatorFachmagazin\" \/>\n<meta property=\"article:published_time\" content=\"2022-06-17T08:42:32+00:00\" \/>\n<meta property=\"article:modified_time\" content=\"2022-07-25T10:37:09+00:00\" \/>\n<meta property=\"og:image\" content=\"https:\/\/www.werbewoche.ch\/wp-content\/uploads\/2022\/06\/PR_MM_HARO_1_Key.jpg\" \/>\n<meta name=\"author\" content=\"galledia\" \/>\n<meta name=\"twitter:card\" content=\"summary_large_image\" \/>\n<meta name=\"twitter:creator\" content=\"@admin\" \/>\n<script type=\"application\/ld+json\" class=\"yoast-schema-graph\">{\"@context\":\"https:\\\/\\\/schema.org\",\"@graph\":[{\"@type\":\"Article\",\"@id\":\"https:\\\/\\\/www.werbewoche.ch\\\/de\\\/marketing\\\/marken\\\/2022-06-17\\\/schoene-boeden-marke-haro-geschaerft-zusammen-mit-process\\\/#article\",\"isPartOf\":{\"@id\":\"https:\\\/\\\/www.organisator.ch\\\/marketing\\\/2022-06-17\\\/schoene-boeden-marke-haro-geschaerft-zusammen-mit-process\\\/\"},\"author\":{\"name\":\"galledia\",\"@id\":\"https:\\\/\\\/www.organisator.ch\\\/#\\\/schema\\\/person\\\/4e51799071cd2dd1232ac003643ef5f0\"},\"headline\":\"Sch\u00f6ne B\u00f6den: Marke Haro gesch\u00e4rft \u2013\u00a0zusammen mit Process\",\"datePublished\":\"2022-06-17T08:42:32+00:00\",\"dateModified\":\"2022-07-25T10:37:09+00:00\",\"mainEntityOfPage\":{\"@id\":\"https:\\\/\\\/www.organisator.ch\\\/marketing\\\/2022-06-17\\\/schoene-boeden-marke-haro-geschaerft-zusammen-mit-process\\\/\"},\"wordCount\":540,\"publisher\":{\"@id\":\"https:\\\/\\\/www.organisator.ch\\\/#organization\"},\"image\":{\"@id\":\"https:\\\/\\\/www.werbewoche.ch\\\/de\\\/marketing\\\/marken\\\/2022-06-17\\\/schoene-boeden-marke-haro-geschaerft-zusammen-mit-process\\\/#primaryimage\"},\"thumbnailUrl\":\"https:\\\/\\\/www.werbewoche.ch\\\/wp-content\\\/uploads\\\/2022\\\/06\\\/PR_MM_HARO_1_Key.jpg\",\"keywords\":[\"Haro\",\"Process\"],\"articleSection\":[\"MARKETING\"],\"inLanguage\":\"en-US\"},{\"@type\":\"WebPage\",\"@id\":\"https:\\\/\\\/www.organisator.ch\\\/marketing\\\/2022-06-17\\\/schoene-boeden-marke-haro-geschaerft-zusammen-mit-process\\\/\",\"url\":\"https:\\\/\\\/www.werbewoche.ch\\\/de\\\/marketing\\\/marken\\\/2022-06-17\\\/schoene-boeden-marke-haro-geschaerft-zusammen-mit-process\\\/\",\"name\":\"Sch\u00f6ne B\u00f6den: Marke Haro gesch\u00e4rft \u2013\u00a0zusammen mit Process - Organisator\",\"isPartOf\":{\"@id\":\"https:\\\/\\\/www.organisator.ch\\\/#website\"},\"primaryImageOfPage\":{\"@id\":\"https:\\\/\\\/www.werbewoche.ch\\\/de\\\/marketing\\\/marken\\\/2022-06-17\\\/schoene-boeden-marke-haro-geschaerft-zusammen-mit-process\\\/#primaryimage\"},\"image\":{\"@id\":\"https:\\\/\\\/www.werbewoche.ch\\\/de\\\/marketing\\\/marken\\\/2022-06-17\\\/schoene-boeden-marke-haro-geschaerft-zusammen-mit-process\\\/#primaryimage\"},\"thumbnailUrl\":\"https:\\\/\\\/www.werbewoche.ch\\\/wp-content\\\/uploads\\\/2022\\\/06\\\/PR_MM_HARO_1_Key.jpg\",\"datePublished\":\"2022-06-17T08:42:32+00:00\",\"dateModified\":\"2022-07-25T10:37:09+00:00\",\"description\":\"Hamberger Flooring, europaweit t\u00e4tiger Bodenbelagshersteller, legt mit dem Fokus auf nat\u00fcrlich sch\u00f6ne B\u00f6den den Grundstein f\u00fcr eine umfassende Erneuerung der Marke Haro.\",\"breadcrumb\":{\"@id\":\"https:\\\/\\\/www.werbewoche.ch\\\/de\\\/marketing\\\/marken\\\/2022-06-17\\\/schoene-boeden-marke-haro-geschaerft-zusammen-mit-process\\\/#breadcrumb\"},\"inLanguage\":\"en-US\",\"potentialAction\":[{\"@type\":\"ReadAction\",\"target\":[\"https:\\\/\\\/www.werbewoche.ch\\\/de\\\/marketing\\\/marken\\\/2022-06-17\\\/schoene-boeden-marke-haro-geschaerft-zusammen-mit-process\\\/\"]}]},{\"@type\":\"ImageObject\",\"inLanguage\":\"en-US\",\"@id\":\"https:\\\/\\\/www.werbewoche.ch\\\/de\\\/marketing\\\/marken\\\/2022-06-17\\\/schoene-boeden-marke-haro-geschaerft-zusammen-mit-process\\\/#primaryimage\",\"url\":\"https:\\\/\\\/www.werbewoche.ch\\\/wp-content\\\/uploads\\\/2022\\\/06\\\/PR_MM_HARO_1_Key.jpg\",\"contentUrl\":\"https:\\\/\\\/www.werbewoche.ch\\\/wp-content\\\/uploads\\\/2022\\\/06\\\/PR_MM_HARO_1_Key.jpg\"},{\"@type\":\"BreadcrumbList\",\"@id\":\"https:\\\/\\\/www.werbewoche.ch\\\/de\\\/marketing\\\/marken\\\/2022-06-17\\\/schoene-boeden-marke-haro-geschaerft-zusammen-mit-process\\\/#breadcrumb\",\"itemListElement\":[{\"@type\":\"ListItem\",\"position\":1,\"name\":\"Home\",\"item\":\"https:\\\/\\\/www.organisator.ch\\\/\"},{\"@type\":\"ListItem\",\"position\":2,\"name\":\"Sch\u00f6ne B\u00f6den: Marke Haro gesch\u00e4rft \u2013\u00a0zusammen mit Process\"}]},{\"@type\":\"WebSite\",\"@id\":\"https:\\\/\\\/www.organisator.ch\\\/#website\",\"url\":\"https:\\\/\\\/www.organisator.ch\\\/\",\"name\":\"Organisator\",\"description\":\"Kompetent. Praxisnah. Der ORGANISATOR bereitet in 10 Ausgaben pro Jahr die wesentlichen Themen f\u00fcr F\u00fchrungskr\u00e4fte von KMU auf.\",\"publisher\":{\"@id\":\"https:\\\/\\\/www.organisator.ch\\\/#organization\"},\"potentialAction\":[{\"@type\":\"SearchAction\",\"target\":{\"@type\":\"EntryPoint\",\"urlTemplate\":\"https:\\\/\\\/www.organisator.ch\\\/?s={search_term_string}\"},\"query-input\":{\"@type\":\"PropertyValueSpecification\",\"valueRequired\":true,\"valueName\":\"search_term_string\"}}],\"inLanguage\":\"en-US\"},{\"@type\":\"Organization\",\"@id\":\"https:\\\/\\\/www.organisator.ch\\\/#organization\",\"name\":\"Organisator\",\"url\":\"https:\\\/\\\/www.organisator.ch\\\/\",\"logo\":{\"@type\":\"ImageObject\",\"inLanguage\":\"en-US\",\"@id\":\"https:\\\/\\\/www.organisator.ch\\\/#\\\/schema\\\/logo\\\/image\\\/\",\"url\":\"https:\\\/\\\/www.organisator.ch\\\/wp-content\\\/uploads\\\/2022\\\/01\\\/Logo_Organisator_Website.png\",\"contentUrl\":\"https:\\\/\\\/www.organisator.ch\\\/wp-content\\\/uploads\\\/2022\\\/01\\\/Logo_Organisator_Website.png\",\"width\":800,\"height\":77,\"caption\":\"Organisator\"},\"image\":{\"@id\":\"https:\\\/\\\/www.organisator.ch\\\/#\\\/schema\\\/logo\\\/image\\\/\"},\"sameAs\":[\"https:\\\/\\\/www.facebook.com\\\/OrganisatorFachmagazin\",\"https:\\\/\\\/www.linkedin.com\\\/showcase\\\/organisator-das-magazin-fr-kmu\",\"https:\\\/\\\/www.xing.com\\\/news\\\/pages\\\/organisator-ch-695\",\"https:\\\/\\\/www.youtube.com\\\/channel\\\/UCGP2Sq0iWaZwT3BdIAQFYpw\"]},{\"@type\":\"Person\",\"@id\":\"https:\\\/\\\/www.organisator.ch\\\/#\\\/schema\\\/person\\\/4e51799071cd2dd1232ac003643ef5f0\",\"name\":\"galledia\",\"image\":{\"@type\":\"ImageObject\",\"inLanguage\":\"en-US\",\"@id\":\"https:\\\/\\\/secure.gravatar.com\\\/avatar\\\/78a7f90c01fc2bfc875782a0d4922b37cde2cf184ce347b91316d23cd7f69a36?s=96&d=mm&r=g\",\"url\":\"https:\\\/\\\/secure.gravatar.com\\\/avatar\\\/78a7f90c01fc2bfc875782a0d4922b37cde2cf184ce347b91316d23cd7f69a36?s=96&d=mm&r=g\",\"contentUrl\":\"https:\\\/\\\/secure.gravatar.com\\\/avatar\\\/78a7f90c01fc2bfc875782a0d4922b37cde2cf184ce347b91316d23cd7f69a36?s=96&d=mm&r=g\",\"caption\":\"galledia\"},\"sameAs\":[\"https:\\\/\\\/x.com\\\/admin\"],\"url\":\"https:\\\/\\\/www.organisator.ch\\\/en\\\/author\\\/galledia\\\/\"}]}<\/script>\n<!-- \/ Yoast SEO plugin. -->","yoast_head_json":{"title":"Beautiful floors: Haro brand sharpened - together with Process - organizer","description":"Hamberger Flooring, pan-European flooring manufacturer, lays the foundation for a comprehensive renewal of the Haro brand with a focus on naturally beautiful floors.","robots":{"index":"index","follow":"follow","max-snippet":"max-snippet:-1","max-image-preview":"max-image-preview:large","max-video-preview":"max-video-preview:-1"},"canonical":"https:\/\/www.werbewoche.ch\/de\/marketing\/marken\/2022-06-17\/schoene-boeden-marke-haro-geschaerft-zusammen-mit-process\/","og_locale":"en_US","og_type":"article","og_title":"Sch\u00f6ne B\u00f6den: Marke Haro gesch\u00e4rft \u2013\u00a0zusammen mit Process - Organisator","og_description":"Hamberger Flooring, europaweit t\u00e4tiger Bodenbelagshersteller, legt mit dem Fokus auf nat\u00fcrlich sch\u00f6ne B\u00f6den den Grundstein f\u00fcr eine umfassende Erneuerung der Marke Haro.","og_url":"https:\/\/www.werbewoche.ch\/de\/marketing\/marken\/2022-06-17\/schoene-boeden-marke-haro-geschaerft-zusammen-mit-process\/","og_site_name":"Organisator","article_publisher":"https:\/\/www.facebook.com\/OrganisatorFachmagazin","article_published_time":"2022-06-17T08:42:32+00:00","article_modified_time":"2022-07-25T10:37:09+00:00","og_image":[{"url":"https:\/\/www.werbewoche.ch\/wp-content\/uploads\/2022\/06\/PR_MM_HARO_1_Key.jpg","type":"","width":"","height":""}],"author":"galledia","twitter_card":"summary_large_image","twitter_creator":"@admin","schema":{"@context":"https:\/\/schema.org","@graph":[{"@type":"Article","@id":"https:\/\/www.werbewoche.ch\/de\/marketing\/marken\/2022-06-17\/schoene-boeden-marke-haro-geschaerft-zusammen-mit-process\/#article","isPartOf":{"@id":"https:\/\/www.organisator.ch\/marketing\/2022-06-17\/schoene-boeden-marke-haro-geschaerft-zusammen-mit-process\/"},"author":{"name":"galledia","@id":"https:\/\/www.organisator.ch\/#\/schema\/person\/4e51799071cd2dd1232ac003643ef5f0"},"headline":"Sch\u00f6ne B\u00f6den: Marke Haro gesch\u00e4rft \u2013\u00a0zusammen mit Process","datePublished":"2022-06-17T08:42:32+00:00","dateModified":"2022-07-25T10:37:09+00:00","mainEntityOfPage":{"@id":"https:\/\/www.organisator.ch\/marketing\/2022-06-17\/schoene-boeden-marke-haro-geschaerft-zusammen-mit-process\/"},"wordCount":540,"publisher":{"@id":"https:\/\/www.organisator.ch\/#organization"},"image":{"@id":"https:\/\/www.werbewoche.ch\/de\/marketing\/marken\/2022-06-17\/schoene-boeden-marke-haro-geschaerft-zusammen-mit-process\/#primaryimage"},"thumbnailUrl":"https:\/\/www.werbewoche.ch\/wp-content\/uploads\/2022\/06\/PR_MM_HARO_1_Key.jpg","keywords":["Haro","Process"],"articleSection":["MARKETING"],"inLanguage":"en-US"},{"@type":"WebPage","@id":"https:\/\/www.organisator.ch\/marketing\/2022-06-17\/schoene-boeden-marke-haro-geschaerft-zusammen-mit-process\/","url":"https:\/\/www.werbewoche.ch\/de\/marketing\/marken\/2022-06-17\/schoene-boeden-marke-haro-geschaerft-zusammen-mit-process\/","name":"Beautiful floors: Haro brand sharpened - together with Process - organizer","isPartOf":{"@id":"https:\/\/www.organisator.ch\/#website"},"primaryImageOfPage":{"@id":"https:\/\/www.werbewoche.ch\/de\/marketing\/marken\/2022-06-17\/schoene-boeden-marke-haro-geschaerft-zusammen-mit-process\/#primaryimage"},"image":{"@id":"https:\/\/www.werbewoche.ch\/de\/marketing\/marken\/2022-06-17\/schoene-boeden-marke-haro-geschaerft-zusammen-mit-process\/#primaryimage"},"thumbnailUrl":"https:\/\/www.werbewoche.ch\/wp-content\/uploads\/2022\/06\/PR_MM_HARO_1_Key.jpg","datePublished":"2022-06-17T08:42:32+00:00","dateModified":"2022-07-25T10:37:09+00:00","description":"Hamberger Flooring, pan-European flooring manufacturer, lays the foundation for a comprehensive renewal of the Haro brand with a focus on naturally beautiful floors.","breadcrumb":{"@id":"https:\/\/www.werbewoche.ch\/de\/marketing\/marken\/2022-06-17\/schoene-boeden-marke-haro-geschaerft-zusammen-mit-process\/#breadcrumb"},"inLanguage":"en-US","potentialAction":[{"@type":"ReadAction","target":["https:\/\/www.werbewoche.ch\/de\/marketing\/marken\/2022-06-17\/schoene-boeden-marke-haro-geschaerft-zusammen-mit-process\/"]}]},{"@type":"ImageObject","inLanguage":"en-US","@id":"https:\/\/www.werbewoche.ch\/de\/marketing\/marken\/2022-06-17\/schoene-boeden-marke-haro-geschaerft-zusammen-mit-process\/#primaryimage","url":"https:\/\/www.werbewoche.ch\/wp-content\/uploads\/2022\/06\/PR_MM_HARO_1_Key.jpg","contentUrl":"https:\/\/www.werbewoche.ch\/wp-content\/uploads\/2022\/06\/PR_MM_HARO_1_Key.jpg"},{"@type":"BreadcrumbList","@id":"https:\/\/www.werbewoche.ch\/de\/marketing\/marken\/2022-06-17\/schoene-boeden-marke-haro-geschaerft-zusammen-mit-process\/#breadcrumb","itemListElement":[{"@type":"ListItem","position":1,"name":"Home","item":"https:\/\/www.organisator.ch\/"},{"@type":"ListItem","position":2,"name":"Sch\u00f6ne B\u00f6den: Marke Haro gesch\u00e4rft \u2013\u00a0zusammen mit Process"}]},{"@type":"WebSite","@id":"https:\/\/www.organisator.ch\/#website","url":"https:\/\/www.organisator.ch\/","name":"Organizer","description":"Competent. Practical. In 10 issues per year, ORGANISATOR presents the essential topics for managers of SMEs.","publisher":{"@id":"https:\/\/www.organisator.ch\/#organization"},"potentialAction":[{"@type":"SearchAction","target":{"@type":"EntryPoint","urlTemplate":"https:\/\/www.organisator.ch\/?s={search_term_string}"},"query-input":{"@type":"PropertyValueSpecification","valueRequired":true,"valueName":"search_term_string"}}],"inLanguage":"en-US"},{"@type":"Organization","@id":"https:\/\/www.organisator.ch\/#organization","name":"Organizer","url":"https:\/\/www.organisator.ch\/","logo":{"@type":"ImageObject","inLanguage":"en-US","@id":"https:\/\/www.organisator.ch\/#\/schema\/logo\/image\/","url":"https:\/\/www.organisator.ch\/wp-content\/uploads\/2022\/01\/Logo_Organisator_Website.png","contentUrl":"https:\/\/www.organisator.ch\/wp-content\/uploads\/2022\/01\/Logo_Organisator_Website.png","width":800,"height":77,"caption":"Organisator"},"image":{"@id":"https:\/\/www.organisator.ch\/#\/schema\/logo\/image\/"},"sameAs":["https:\/\/www.facebook.com\/OrganisatorFachmagazin","https:\/\/www.linkedin.com\/showcase\/organisator-das-magazin-fr-kmu","https:\/\/www.xing.com\/news\/pages\/organisator-ch-695","https:\/\/www.youtube.com\/channel\/UCGP2Sq0iWaZwT3BdIAQFYpw"]},{"@type":"Person","@id":"https:\/\/www.organisator.ch\/#\/schema\/person\/4e51799071cd2dd1232ac003643ef5f0","name":"galledia","image":{"@type":"ImageObject","inLanguage":"en-US","@id":"https:\/\/secure.gravatar.com\/avatar\/78a7f90c01fc2bfc875782a0d4922b37cde2cf184ce347b91316d23cd7f69a36?s=96&d=mm&r=g","url":"https:\/\/secure.gravatar.com\/avatar\/78a7f90c01fc2bfc875782a0d4922b37cde2cf184ce347b91316d23cd7f69a36?s=96&d=mm&r=g","contentUrl":"https:\/\/secure.gravatar.com\/avatar\/78a7f90c01fc2bfc875782a0d4922b37cde2cf184ce347b91316d23cd7f69a36?s=96&d=mm&r=g","caption":"galledia"},"sameAs":["https:\/\/x.com\/admin"],"url":"https:\/\/www.organisator.ch\/en\/author\/galledia\/"}]}},"_links":{"self":[{"href":"https:\/\/www.organisator.ch\/en\/wp-json\/wp\/v2\/posts\/15295","targetHints":{"allow":["GET"]}}],"collection":[{"href":"https:\/\/www.organisator.ch\/en\/wp-json\/wp\/v2\/posts"}],"about":[{"href":"https:\/\/www.organisator.ch\/en\/wp-json\/wp\/v2\/types\/post"}],"author":[{"embeddable":true,"href":"https:\/\/www.organisator.ch\/en\/wp-json\/wp\/v2\/users\/8"}],"replies":[{"embeddable":true,"href":"https:\/\/www.organisator.ch\/en\/wp-json\/wp\/v2\/comments?post=15295"}],"version-history":[{"count":2,"href":"https:\/\/www.organisator.ch\/en\/wp-json\/wp\/v2\/posts\/15295\/revisions"}],"predecessor-version":[{"id":15804,"href":"https:\/\/www.organisator.ch\/en\/wp-json\/wp\/v2\/posts\/15295\/revisions\/15804"}],"wp:attachment":[{"href":"https:\/\/www.organisator.ch\/en\/wp-json\/wp\/v2\/media?parent=15295"}],"wp:term":[{"taxonomy":"category","embeddable":true,"href":"https:\/\/www.organisator.ch\/en\/wp-json\/wp\/v2\/categories?post=15295"},{"taxonomy":"post_tag","embeddable":true,"href":"https:\/\/www.organisator.ch\/en\/wp-json\/wp\/v2\/tags?post=15295"}],"curies":[{"name":"wp","href":"https:\/\/api.w.org\/{rel}","templated":true}]}}