{"id":15391,"date":"2022-06-21T15:20:01","date_gmt":"2022-06-21T13:20:01","guid":{"rendered":"https:\/\/www.m-q.ch\/?p=16513"},"modified":"2022-07-25T12:24:00","modified_gmt":"2022-07-25T10:24:00","slug":"ifolor-mit-erstzertifizierung-nach-iso-140012015","status":"publish","type":"post","link":"https:\/\/www.organisator.ch\/en\/operational-excellence\/2022-06-21\/ifolor-mit-erstzertifizierung-nach-iso-140012015\/","title":{"rendered":"Ifolor with first certification according to ISO 14001:2015"},"content":{"rendered":"<figure id=\"attachment_16514\" class=\"wp-caption alignnone\" style=\"width: 680px\" aria-describedby=\"caption-attachment-16514\"><img class=\"alignnone wp-image-16514 size-full\" src=\"https:\/\/www.m-q.ch\/wp-content\/uploads\/2022\/06\/Ifolor-mit-Erstzertifizierung-nach-ISO-14001_2015_MQ.jpg\" alt=\"Ifolor\" width=\"680\" height=\"453\" \/><figcaption id=\"caption-attachment-16514\" class=\"wp-caption-text\">Pictured: The project team (from left to right) Iris Hicks, Tobias Lang, Caren Hereth-Walter, Andreas Schmidt, Cidem Aytac, Dafina Kajtazi, Axel Ulrich, \u0160\u00e1rka van Eijck. (Image: Ifolor)<\/figcaption><\/figure>\r\nThe company Ifolor has been focusing on improving its own environmental performance for years. Since 2012, the well-known manufacturer of photo books, photo calendars, photo greeting cards, wall decorations and photo gifts of all kinds has already been working CO<sub>2<\/sub>-neutral: The ecological footprint is minimized and unavoidable emissions from business operations are fully offset. In April 2022, Swiss Climate again awarded the family-owned company the \"Certified CO2 Neutral by Swiss Climate\" label.\r\n<h3>Detailed environmental relevance analysis carried out<\/h3>\r\nAs of June 2022, Ifolor will now receive initial certification to ISO 14001:2015 from SQS - the Swiss Association for Quality and Management Systems. The company has strived to apply the same systematic and continuous approach to environmental management as it does to its existing integrated management system for quality and data protection. Ifolor has held these two quality certificates since 1994 and 2003 respectively. For a thorough organization in setting up and implementing environmental management, Ifolor brought in Linz &amp; Partner, an external consultancy, to prepare a detailed environmental relevance analysis in the areas of infrastructure, mobility and over the entire life cycle of products and services, and to meet the other elements of the standard.\r\n<h3>Ifolor focuses on sustainable products<\/h3>\r\nThe decisive functionaries within Ifolor AG have acquired the necessary knowledge in further training courses in order to constantly develop and optimize the commitment to environmental issues as part of the integrated management system and to also thoroughly train their employees. In this way, the company contributes its share to the protection of the environment with the contributions such as the reduction of waste, the reduction of energy consumption, the use of reusable materials and the climate compensation of the business activity. The photo service provider also places great emphasis on the introduction and design of sustainable products.\r\n\r\nFounded in 1961, the family-owned company Ifolor operates in fifteen countries, employs around 250 people and generates annual sales of more than CHF 100 million. The popular photo products are manufactured at the Swiss headquarters in Kreuzlingen and in Kerava, Finland.\r\n\r\n<a href=\"http:\/\/www.ifolor.ch\/\"><em>Source and further information<\/em><\/a>\n<p class=\"syndicated-attribution\">This article originally appeared on m-q.ch - <a href=\"https:\/\/www.m-q.ch\/de\/ifolor-mit-erstzertifizierung-nach-iso-140012015\/\" target=\"_blank\">https:\/\/www.m-q.ch\/de\/ifolor-mit-erstzertifizierung-nach-iso-140012015\/<\/a><\/p>","protected":false},"excerpt":{"rendered":"<p>Das Unternehmen Ifolor setzt seinen Fokus seit Jahren auf die Verbesserung der eigenen Umweltleistung. Seit 2012 arbeitet der bekannte Hersteller von Fotob\u00fcchern, Fotokalendern, Fotogrusskarten, Wanddekorationen und Fotogeschenken aller Art bereits CO2-neutral: Der \u00f6kologische Fussabdruck wird minimiert und unvermeidbare Emissionen des Gesch\u00e4ftsbetriebes vollst\u00e4ndig kompensiert. Daf\u00fcr zeichnete Swiss Climate das Familienunternehmen im April 2022 erneut mit dem [\u2026]<\/p>\n","protected":false},"author":8,"featured_media":0,"comment_status":"closed","ping_status":"closed","sticky":false,"template":"","format":"standard","meta":{"_acf_changed":false,"_yoast_wpseo_focuskw":"Ifolor","_yoast_wpseo_metadesc":"Ifolor macht unvergessliche Momente in personalisierten Fotoprodukten wiedererlebbar. Das Unternehmen mit Sitz in Kreuzlingen TG wird nun erstmals f\u00fcr die Einhaltung des ISO-Standards 14001:2015 zertifiziert.","articlekey":"","footnotes":""},"categories":[582],"tags":[3088,1448],"class_list":["post-15391","post","type-post","status-publish","format-standard","hentry","category-operational-excellence","tag-ifolor","tag-iso"],"acf":[],"yoast_head":"<!-- This site is optimized with the Yoast SEO plugin v27.5 - https:\/\/yoast.com\/product\/yoast-seo-wordpress\/ -->\n<title>Ifolor mit Erstzertifizierung nach ISO 14001:2015 - Organisator<\/title>\n<meta name=\"description\" content=\"Ifolor macht unvergessliche Momente in personalisierten Fotoprodukten wiedererlebbar. Das Unternehmen mit Sitz in Kreuzlingen TG wird nun erstmals f\u00fcr die Einhaltung des ISO-Standards 14001:2015 zertifiziert.\" \/>\n<meta name=\"robots\" content=\"index, follow, max-snippet:-1, max-image-preview:large, max-video-preview:-1\" \/>\n<link rel=\"canonical\" href=\"https:\/\/www.m-q.ch\/de\/ifolor-mit-erstzertifizierung-nach-iso-140012015\/\" \/>\n<meta property=\"og:locale\" content=\"en_US\" \/>\n<meta property=\"og:type\" content=\"article\" \/>\n<meta property=\"og:title\" content=\"Ifolor mit Erstzertifizierung nach ISO 14001:2015 - Organisator\" \/>\n<meta property=\"og:description\" content=\"Ifolor macht unvergessliche Momente in personalisierten Fotoprodukten wiedererlebbar. Das Unternehmen mit Sitz in Kreuzlingen TG wird nun erstmals f\u00fcr die Einhaltung des ISO-Standards 14001:2015 zertifiziert.\" \/>\n<meta property=\"og:url\" content=\"https:\/\/www.m-q.ch\/de\/ifolor-mit-erstzertifizierung-nach-iso-140012015\/\" \/>\n<meta property=\"og:site_name\" content=\"Organisator\" \/>\n<meta property=\"article:publisher\" content=\"https:\/\/www.facebook.com\/OrganisatorFachmagazin\" \/>\n<meta property=\"article:published_time\" content=\"2022-06-21T13:20:01+00:00\" \/>\n<meta property=\"article:modified_time\" content=\"2022-07-25T10:24:00+00:00\" \/>\n<meta property=\"og:image\" content=\"https:\/\/www.m-q.ch\/wp-content\/uploads\/2022\/06\/Ifolor-mit-Erstzertifizierung-nach-ISO-14001_2015_MQ.jpg\" \/>\n<meta name=\"author\" content=\"galledia\" \/>\n<meta name=\"twitter:card\" content=\"summary_large_image\" \/>\n<meta name=\"twitter:creator\" content=\"@admin\" \/>\n<script type=\"application\/ld+json\" class=\"yoast-schema-graph\">{\"@context\":\"https:\\\/\\\/schema.org\",\"@graph\":[{\"@type\":\"Article\",\"@id\":\"https:\\\/\\\/www.m-q.ch\\\/de\\\/ifolor-mit-erstzertifizierung-nach-iso-140012015\\\/#article\",\"isPartOf\":{\"@id\":\"https:\\\/\\\/www.organisator.ch\\\/operational-excellence\\\/2022-06-21\\\/ifolor-mit-erstzertifizierung-nach-iso-140012015\\\/\"},\"author\":{\"name\":\"galledia\",\"@id\":\"https:\\\/\\\/www.organisator.ch\\\/#\\\/schema\\\/person\\\/4e51799071cd2dd1232ac003643ef5f0\"},\"headline\":\"Ifolor mit Erstzertifizierung nach ISO 14001:2015\",\"datePublished\":\"2022-06-21T13:20:01+00:00\",\"dateModified\":\"2022-07-25T10:24:00+00:00\",\"mainEntityOfPage\":{\"@id\":\"https:\\\/\\\/www.organisator.ch\\\/operational-excellence\\\/2022-06-21\\\/ifolor-mit-erstzertifizierung-nach-iso-140012015\\\/\"},\"wordCount\":349,\"publisher\":{\"@id\":\"https:\\\/\\\/www.organisator.ch\\\/#organization\"},\"image\":{\"@id\":\"https:\\\/\\\/www.m-q.ch\\\/de\\\/ifolor-mit-erstzertifizierung-nach-iso-140012015\\\/#primaryimage\"},\"thumbnailUrl\":\"https:\\\/\\\/www.m-q.ch\\\/wp-content\\\/uploads\\\/2022\\\/06\\\/Ifolor-mit-Erstzertifizierung-nach-ISO-14001_2015_MQ.jpg\",\"keywords\":[\"Ifolor\",\"ISO\"],\"articleSection\":[\"OPERATIONAL EXCELLENCE\"],\"inLanguage\":\"en-US\"},{\"@type\":\"WebPage\",\"@id\":\"https:\\\/\\\/www.organisator.ch\\\/operational-excellence\\\/2022-06-21\\\/ifolor-mit-erstzertifizierung-nach-iso-140012015\\\/\",\"url\":\"https:\\\/\\\/www.m-q.ch\\\/de\\\/ifolor-mit-erstzertifizierung-nach-iso-140012015\\\/\",\"name\":\"Ifolor mit Erstzertifizierung nach ISO 14001:2015 - Organisator\",\"isPartOf\":{\"@id\":\"https:\\\/\\\/www.organisator.ch\\\/#website\"},\"primaryImageOfPage\":{\"@id\":\"https:\\\/\\\/www.m-q.ch\\\/de\\\/ifolor-mit-erstzertifizierung-nach-iso-140012015\\\/#primaryimage\"},\"image\":{\"@id\":\"https:\\\/\\\/www.m-q.ch\\\/de\\\/ifolor-mit-erstzertifizierung-nach-iso-140012015\\\/#primaryimage\"},\"thumbnailUrl\":\"https:\\\/\\\/www.m-q.ch\\\/wp-content\\\/uploads\\\/2022\\\/06\\\/Ifolor-mit-Erstzertifizierung-nach-ISO-14001_2015_MQ.jpg\",\"datePublished\":\"2022-06-21T13:20:01+00:00\",\"dateModified\":\"2022-07-25T10:24:00+00:00\",\"description\":\"Ifolor macht unvergessliche Momente in personalisierten Fotoprodukten wiedererlebbar. Das Unternehmen mit Sitz in Kreuzlingen TG wird nun erstmals f\u00fcr die Einhaltung des ISO-Standards 14001:2015 zertifiziert.\",\"breadcrumb\":{\"@id\":\"https:\\\/\\\/www.m-q.ch\\\/de\\\/ifolor-mit-erstzertifizierung-nach-iso-140012015\\\/#breadcrumb\"},\"inLanguage\":\"en-US\",\"potentialAction\":[{\"@type\":\"ReadAction\",\"target\":[\"https:\\\/\\\/www.m-q.ch\\\/de\\\/ifolor-mit-erstzertifizierung-nach-iso-140012015\\\/\"]}]},{\"@type\":\"ImageObject\",\"inLanguage\":\"en-US\",\"@id\":\"https:\\\/\\\/www.m-q.ch\\\/de\\\/ifolor-mit-erstzertifizierung-nach-iso-140012015\\\/#primaryimage\",\"url\":\"https:\\\/\\\/www.m-q.ch\\\/wp-content\\\/uploads\\\/2022\\\/06\\\/Ifolor-mit-Erstzertifizierung-nach-ISO-14001_2015_MQ.jpg\",\"contentUrl\":\"https:\\\/\\\/www.m-q.ch\\\/wp-content\\\/uploads\\\/2022\\\/06\\\/Ifolor-mit-Erstzertifizierung-nach-ISO-14001_2015_MQ.jpg\"},{\"@type\":\"BreadcrumbList\",\"@id\":\"https:\\\/\\\/www.m-q.ch\\\/de\\\/ifolor-mit-erstzertifizierung-nach-iso-140012015\\\/#breadcrumb\",\"itemListElement\":[{\"@type\":\"ListItem\",\"position\":1,\"name\":\"Home\",\"item\":\"https:\\\/\\\/www.organisator.ch\\\/\"},{\"@type\":\"ListItem\",\"position\":2,\"name\":\"Ifolor mit Erstzertifizierung nach ISO 14001:2015\"}]},{\"@type\":\"WebSite\",\"@id\":\"https:\\\/\\\/www.organisator.ch\\\/#website\",\"url\":\"https:\\\/\\\/www.organisator.ch\\\/\",\"name\":\"Organisator\",\"description\":\"Kompetent. Praxisnah. Der ORGANISATOR bereitet in 10 Ausgaben pro Jahr die wesentlichen Themen f\u00fcr F\u00fchrungskr\u00e4fte von KMU auf.\",\"publisher\":{\"@id\":\"https:\\\/\\\/www.organisator.ch\\\/#organization\"},\"potentialAction\":[{\"@type\":\"SearchAction\",\"target\":{\"@type\":\"EntryPoint\",\"urlTemplate\":\"https:\\\/\\\/www.organisator.ch\\\/?s={search_term_string}\"},\"query-input\":{\"@type\":\"PropertyValueSpecification\",\"valueRequired\":true,\"valueName\":\"search_term_string\"}}],\"inLanguage\":\"en-US\"},{\"@type\":\"Organization\",\"@id\":\"https:\\\/\\\/www.organisator.ch\\\/#organization\",\"name\":\"Organisator\",\"url\":\"https:\\\/\\\/www.organisator.ch\\\/\",\"logo\":{\"@type\":\"ImageObject\",\"inLanguage\":\"en-US\",\"@id\":\"https:\\\/\\\/www.organisator.ch\\\/#\\\/schema\\\/logo\\\/image\\\/\",\"url\":\"https:\\\/\\\/www.organisator.ch\\\/wp-content\\\/uploads\\\/2022\\\/01\\\/Logo_Organisator_Website.png\",\"contentUrl\":\"https:\\\/\\\/www.organisator.ch\\\/wp-content\\\/uploads\\\/2022\\\/01\\\/Logo_Organisator_Website.png\",\"width\":800,\"height\":77,\"caption\":\"Organisator\"},\"image\":{\"@id\":\"https:\\\/\\\/www.organisator.ch\\\/#\\\/schema\\\/logo\\\/image\\\/\"},\"sameAs\":[\"https:\\\/\\\/www.facebook.com\\\/OrganisatorFachmagazin\",\"https:\\\/\\\/www.linkedin.com\\\/showcase\\\/organisator-das-magazin-fr-kmu\",\"https:\\\/\\\/www.xing.com\\\/news\\\/pages\\\/organisator-ch-695\",\"https:\\\/\\\/www.youtube.com\\\/channel\\\/UCGP2Sq0iWaZwT3BdIAQFYpw\"]},{\"@type\":\"Person\",\"@id\":\"https:\\\/\\\/www.organisator.ch\\\/#\\\/schema\\\/person\\\/4e51799071cd2dd1232ac003643ef5f0\",\"name\":\"galledia\",\"image\":{\"@type\":\"ImageObject\",\"inLanguage\":\"en-US\",\"@id\":\"https:\\\/\\\/secure.gravatar.com\\\/avatar\\\/78a7f90c01fc2bfc875782a0d4922b37cde2cf184ce347b91316d23cd7f69a36?s=96&d=mm&r=g\",\"url\":\"https:\\\/\\\/secure.gravatar.com\\\/avatar\\\/78a7f90c01fc2bfc875782a0d4922b37cde2cf184ce347b91316d23cd7f69a36?s=96&d=mm&r=g\",\"contentUrl\":\"https:\\\/\\\/secure.gravatar.com\\\/avatar\\\/78a7f90c01fc2bfc875782a0d4922b37cde2cf184ce347b91316d23cd7f69a36?s=96&d=mm&r=g\",\"caption\":\"galledia\"},\"sameAs\":[\"https:\\\/\\\/x.com\\\/admin\"],\"url\":\"https:\\\/\\\/www.organisator.ch\\\/en\\\/author\\\/galledia\\\/\"}]}<\/script>\n<!-- \/ Yoast SEO plugin. -->","yoast_head_json":{"title":"Ifolor with first ISO 14001:2015 certification - Organizer","description":"Ifolor makes unforgettable moments reliveable in personalized photo products. The company, headquartered in Kreuzlingen TG, is now certified for the first time for compliance with the ISO 14001:2015 standard.","robots":{"index":"index","follow":"follow","max-snippet":"max-snippet:-1","max-image-preview":"max-image-preview:large","max-video-preview":"max-video-preview:-1"},"canonical":"https:\/\/www.m-q.ch\/de\/ifolor-mit-erstzertifizierung-nach-iso-140012015\/","og_locale":"en_US","og_type":"article","og_title":"Ifolor mit Erstzertifizierung nach ISO 14001:2015 - Organisator","og_description":"Ifolor macht unvergessliche Momente in personalisierten Fotoprodukten wiedererlebbar. Das Unternehmen mit Sitz in Kreuzlingen TG wird nun erstmals f\u00fcr die Einhaltung des ISO-Standards 14001:2015 zertifiziert.","og_url":"https:\/\/www.m-q.ch\/de\/ifolor-mit-erstzertifizierung-nach-iso-140012015\/","og_site_name":"Organisator","article_publisher":"https:\/\/www.facebook.com\/OrganisatorFachmagazin","article_published_time":"2022-06-21T13:20:01+00:00","article_modified_time":"2022-07-25T10:24:00+00:00","og_image":[{"url":"https:\/\/www.m-q.ch\/wp-content\/uploads\/2022\/06\/Ifolor-mit-Erstzertifizierung-nach-ISO-14001_2015_MQ.jpg","type":"","width":"","height":""}],"author":"galledia","twitter_card":"summary_large_image","twitter_creator":"@admin","schema":{"@context":"https:\/\/schema.org","@graph":[{"@type":"Article","@id":"https:\/\/www.m-q.ch\/de\/ifolor-mit-erstzertifizierung-nach-iso-140012015\/#article","isPartOf":{"@id":"https:\/\/www.organisator.ch\/operational-excellence\/2022-06-21\/ifolor-mit-erstzertifizierung-nach-iso-140012015\/"},"author":{"name":"galledia","@id":"https:\/\/www.organisator.ch\/#\/schema\/person\/4e51799071cd2dd1232ac003643ef5f0"},"headline":"Ifolor mit Erstzertifizierung nach ISO 14001:2015","datePublished":"2022-06-21T13:20:01+00:00","dateModified":"2022-07-25T10:24:00+00:00","mainEntityOfPage":{"@id":"https:\/\/www.organisator.ch\/operational-excellence\/2022-06-21\/ifolor-mit-erstzertifizierung-nach-iso-140012015\/"},"wordCount":349,"publisher":{"@id":"https:\/\/www.organisator.ch\/#organization"},"image":{"@id":"https:\/\/www.m-q.ch\/de\/ifolor-mit-erstzertifizierung-nach-iso-140012015\/#primaryimage"},"thumbnailUrl":"https:\/\/www.m-q.ch\/wp-content\/uploads\/2022\/06\/Ifolor-mit-Erstzertifizierung-nach-ISO-14001_2015_MQ.jpg","keywords":["Ifolor","ISO"],"articleSection":["OPERATIONAL EXCELLENCE"],"inLanguage":"en-US"},{"@type":"WebPage","@id":"https:\/\/www.organisator.ch\/operational-excellence\/2022-06-21\/ifolor-mit-erstzertifizierung-nach-iso-140012015\/","url":"https:\/\/www.m-q.ch\/de\/ifolor-mit-erstzertifizierung-nach-iso-140012015\/","name":"Ifolor with first ISO 14001:2015 certification - Organizer","isPartOf":{"@id":"https:\/\/www.organisator.ch\/#website"},"primaryImageOfPage":{"@id":"https:\/\/www.m-q.ch\/de\/ifolor-mit-erstzertifizierung-nach-iso-140012015\/#primaryimage"},"image":{"@id":"https:\/\/www.m-q.ch\/de\/ifolor-mit-erstzertifizierung-nach-iso-140012015\/#primaryimage"},"thumbnailUrl":"https:\/\/www.m-q.ch\/wp-content\/uploads\/2022\/06\/Ifolor-mit-Erstzertifizierung-nach-ISO-14001_2015_MQ.jpg","datePublished":"2022-06-21T13:20:01+00:00","dateModified":"2022-07-25T10:24:00+00:00","description":"Ifolor makes unforgettable moments reliveable in personalized photo products. The company, headquartered in Kreuzlingen TG, is now certified for the first time for compliance with the ISO 14001:2015 standard.","breadcrumb":{"@id":"https:\/\/www.m-q.ch\/de\/ifolor-mit-erstzertifizierung-nach-iso-140012015\/#breadcrumb"},"inLanguage":"en-US","potentialAction":[{"@type":"ReadAction","target":["https:\/\/www.m-q.ch\/de\/ifolor-mit-erstzertifizierung-nach-iso-140012015\/"]}]},{"@type":"ImageObject","inLanguage":"en-US","@id":"https:\/\/www.m-q.ch\/de\/ifolor-mit-erstzertifizierung-nach-iso-140012015\/#primaryimage","url":"https:\/\/www.m-q.ch\/wp-content\/uploads\/2022\/06\/Ifolor-mit-Erstzertifizierung-nach-ISO-14001_2015_MQ.jpg","contentUrl":"https:\/\/www.m-q.ch\/wp-content\/uploads\/2022\/06\/Ifolor-mit-Erstzertifizierung-nach-ISO-14001_2015_MQ.jpg"},{"@type":"BreadcrumbList","@id":"https:\/\/www.m-q.ch\/de\/ifolor-mit-erstzertifizierung-nach-iso-140012015\/#breadcrumb","itemListElement":[{"@type":"ListItem","position":1,"name":"Home","item":"https:\/\/www.organisator.ch\/"},{"@type":"ListItem","position":2,"name":"Ifolor mit Erstzertifizierung nach ISO 14001:2015"}]},{"@type":"WebSite","@id":"https:\/\/www.organisator.ch\/#website","url":"https:\/\/www.organisator.ch\/","name":"Organizer","description":"Competent. Practical. In 10 issues per year, ORGANISATOR presents the essential topics for managers of SMEs.","publisher":{"@id":"https:\/\/www.organisator.ch\/#organization"},"potentialAction":[{"@type":"SearchAction","target":{"@type":"EntryPoint","urlTemplate":"https:\/\/www.organisator.ch\/?s={search_term_string}"},"query-input":{"@type":"PropertyValueSpecification","valueRequired":true,"valueName":"search_term_string"}}],"inLanguage":"en-US"},{"@type":"Organization","@id":"https:\/\/www.organisator.ch\/#organization","name":"Organizer","url":"https:\/\/www.organisator.ch\/","logo":{"@type":"ImageObject","inLanguage":"en-US","@id":"https:\/\/www.organisator.ch\/#\/schema\/logo\/image\/","url":"https:\/\/www.organisator.ch\/wp-content\/uploads\/2022\/01\/Logo_Organisator_Website.png","contentUrl":"https:\/\/www.organisator.ch\/wp-content\/uploads\/2022\/01\/Logo_Organisator_Website.png","width":800,"height":77,"caption":"Organisator"},"image":{"@id":"https:\/\/www.organisator.ch\/#\/schema\/logo\/image\/"},"sameAs":["https:\/\/www.facebook.com\/OrganisatorFachmagazin","https:\/\/www.linkedin.com\/showcase\/organisator-das-magazin-fr-kmu","https:\/\/www.xing.com\/news\/pages\/organisator-ch-695","https:\/\/www.youtube.com\/channel\/UCGP2Sq0iWaZwT3BdIAQFYpw"]},{"@type":"Person","@id":"https:\/\/www.organisator.ch\/#\/schema\/person\/4e51799071cd2dd1232ac003643ef5f0","name":"galledia","image":{"@type":"ImageObject","inLanguage":"en-US","@id":"https:\/\/secure.gravatar.com\/avatar\/78a7f90c01fc2bfc875782a0d4922b37cde2cf184ce347b91316d23cd7f69a36?s=96&d=mm&r=g","url":"https:\/\/secure.gravatar.com\/avatar\/78a7f90c01fc2bfc875782a0d4922b37cde2cf184ce347b91316d23cd7f69a36?s=96&d=mm&r=g","contentUrl":"https:\/\/secure.gravatar.com\/avatar\/78a7f90c01fc2bfc875782a0d4922b37cde2cf184ce347b91316d23cd7f69a36?s=96&d=mm&r=g","caption":"galledia"},"sameAs":["https:\/\/x.com\/admin"],"url":"https:\/\/www.organisator.ch\/en\/author\/galledia\/"}]}},"_links":{"self":[{"href":"https:\/\/www.organisator.ch\/en\/wp-json\/wp\/v2\/posts\/15391","targetHints":{"allow":["GET"]}}],"collection":[{"href":"https:\/\/www.organisator.ch\/en\/wp-json\/wp\/v2\/posts"}],"about":[{"href":"https:\/\/www.organisator.ch\/en\/wp-json\/wp\/v2\/types\/post"}],"author":[{"embeddable":true,"href":"https:\/\/www.organisator.ch\/en\/wp-json\/wp\/v2\/users\/8"}],"replies":[{"embeddable":true,"href":"https:\/\/www.organisator.ch\/en\/wp-json\/wp\/v2\/comments?post=15391"}],"version-history":[{"count":4,"href":"https:\/\/www.organisator.ch\/en\/wp-json\/wp\/v2\/posts\/15391\/revisions"}],"predecessor-version":[{"id":15792,"href":"https:\/\/www.organisator.ch\/en\/wp-json\/wp\/v2\/posts\/15391\/revisions\/15792"}],"wp:attachment":[{"href":"https:\/\/www.organisator.ch\/en\/wp-json\/wp\/v2\/media?parent=15391"}],"wp:term":[{"taxonomy":"category","embeddable":true,"href":"https:\/\/www.organisator.ch\/en\/wp-json\/wp\/v2\/categories?post=15391"},{"taxonomy":"post_tag","embeddable":true,"href":"https:\/\/www.organisator.ch\/en\/wp-json\/wp\/v2\/tags?post=15391"}],"curies":[{"name":"wp","href":"https:\/\/api.w.org\/{rel}","templated":true}]}}