{"id":15393,"date":"2022-06-21T14:55:27","date_gmt":"2022-06-21T12:55:27","guid":{"rendered":"https:\/\/www.m-q.ch\/?p=16508"},"modified":"2022-07-25T12:29:31","modified_gmt":"2022-07-25T10:29:31","slug":"transformation-ist-ein-handwerk","status":"publish","type":"post","link":"https:\/\/www.organisator.ch\/en\/operational-excellence\/2022-06-21\/transformation-ist-ein-handwerk\/","title":{"rendered":"Transformation is a craft"},"content":{"rendered":"<figure id=\"attachment_16509\" class=\"wp-caption alignnone\" style=\"width: 680px\" aria-describedby=\"caption-attachment-16509\"><img class=\"alignnone wp-image-16509 size-full\" src=\"https:\/\/www.m-q.ch\/wp-content\/uploads\/2022\/06\/Transformation-ist-ein-Handwerk-1_MQ.jpg\" alt=\"ESPRIX Forum\" width=\"680\" height=\"427\" \/><figcaption id=\"caption-attachment-16509\" class=\"wp-caption-text\">The Clinique de La Source team around Dimitri Djordj\u00e9vic (with trophy) is happy about the award. On the far left, wearing a red scarf, jury president Christian Hunziker, Wolfgang Martz (at the lectern) gives the laudation. (Image: Thomas Berner)<\/figcaption><\/figure>\r\nAfter a break due to corona, it finally took place again: The ESPRIX Forum, which is always dedicated to the presentation of the ESPRIX Swiss Awards for Excellence. This year, even though there was no main winner, there were two award winners: Clinique de La Source from Lausanne and Sch\u00fctzen Rheinfelden AG. Both were thoroughly \"screened\" by honorary EFQM assessors during several days and finally evaluated by the jury chaired by Christian Hunziker. Clinique de La Source, led by Dimitri Djordj\u00e9vic, won the \"Creating value for customers\" award for the second time after 2014. Director Dr. med. Hans-Peter Flury received the trophy on behalf of Sch\u00fctzen Rheinfelden AG, which operates hotels and a clinic for mental illnesses under one roof. Sch\u00fctzen Rheinfelden AG was recognized in particular for its holistic, people-focused operating culture.\r\n<figure id=\"attachment_16510\" class=\"wp-caption alignnone\" style=\"width: 680px\" aria-describedby=\"caption-attachment-16510\"><img class=\"alignnone wp-image-16510 size-full\" src=\"https:\/\/www.m-q.ch\/wp-content\/uploads\/2022\/06\/Transformation-ist-ein-Handwerk-3_MQ.jpg\" alt=\"ESPRIX Forum\" width=\"680\" height=\"373\" \/><figcaption id=\"caption-attachment-16510\" class=\"wp-caption-text\">Sch\u00fctzen Rheinfelden AG is also an ESPRIX award winner. The laudatory speech here is given by Stephan Campi, Secretary General of the Department of Health and Social Affairs (DGS) of the Canton of Aargau. (Image: Thomas Berner)<\/figcaption><\/figure>\r\n<h3>The need for transformation<\/h3>\r\nBefore the award ceremony, Prof. Dr. Dr. Stefan Brunnhuber spoke on the topic of \"The Art of Transformation. The medical doctor, economic sociologist, psychiatrist and economist is a member of the Austrian Chapter of the Club of Rome, the organization that first pointed out the finite nature of global resources in a report 50 years ago. Accordingly, Brunnhuber was emphatic in pointing out that the process of \"Loosing Earth\" has accelerated massively in recent years - not only through the consumption of resources, but also through the consequences caused by this, such as environmental pollution and climate change. \"The costs have already been incurred, but the bill has not yet been paid,\" Brunnhuber said. But he also pointed to the opportunities: infinite, for example, is the resource of the human mind. This is the basis for being able to solve many problems or adapt to new situations. The invention of the needle, for example, has enabled humans to adapt to climates for which they were not actually designed. This example underscores the fact that transformation is ultimately pure craftsmanship. Keywords in this context - the speaker speaks of six \"R \"s - are: Regionalization (instead of globalization), reduction, returning to regenerative agriculture, resilience, rules and re-shaping (in the sense that we modify our lifestyle). Let's hope that Brunnhuber's remarks will not only fall on fertile ground among those present...\r\n<figure id=\"attachment_16511\" class=\"wp-caption alignnone\" style=\"width: 680px\" aria-describedby=\"caption-attachment-16511\"><img class=\"alignnone wp-image-16511 size-full\" src=\"https:\/\/www.m-q.ch\/wp-content\/uploads\/2022\/06\/Transformation-ist-ein-Handwerk-2_MQ.jpg\" alt=\"ESPRIX Forum\" width=\"680\" height=\"449\" \/><figcaption id=\"caption-attachment-16511\" class=\"wp-caption-text\">Prof. Dr. Dr. Stefan Brunnhuber during his lecture. (Image: Thomas Berner)<\/figcaption><\/figure>\r\n<h3>Next ESPRIX Swiss Award for Excellence: June 2024<\/h3>\r\nPhil Dankner led through the evening, which was pleasantly interrupted by various show blocks, such as the tambourine group \"Stickstoff\" or the singer \"Elle\". The location and the summery weather created an overall atmosphere worthy of the award. Franz Odermatt, president of the foundation board of ESPRIX Excellence Suisse, was also very pleased with the successful evening. He encourages organizations that are already very advanced on their EFQM path to apply for the next ESPRIX Swiss Award for Excellence. This is scheduled for June 2024.\r\n\r\n<em>More information: <a href=\"http:\/\/www.esprix.ch\/\">www.esprix.ch<\/a><\/em>\n<p class=\"syndicated-attribution\">This article originally appeared on m-q.ch - <a href=\"https:\/\/www.m-q.ch\/de\/transformation-ist-ein-handwerk\/\" target=\"_blank\">https:\/\/www.m-q.ch\/de\/transformation-ist-ein-handwerk\/<\/a><\/p>","protected":false},"excerpt":{"rendered":"<p>Nach corona-bedingter Pause durfte es endlich wieder stattfinden: Das ESPRIX Forum, das jeweils ganz im Zeichen der Vergabe des ESPRIX Swiss Awards for Excellence steht. Dieses Jahr gab es, auch wenn es keinen Hauptgewinner gab, zwei Preistr\u00e4ger: Die Clinique de La Source aus Lausanne und die Sch\u00fctzen Rheinfelden AG. Beide wurden durch ehrenamtliche EFQM-Assessorinnen und [\u2026]<\/p>\n","protected":false},"author":8,"featured_media":0,"comment_status":"closed","ping_status":"closed","sticky":false,"template":"","format":"standard","meta":{"_acf_changed":false,"_yoast_wpseo_focuskw":"ESPRIX Forum","_yoast_wpseo_metadesc":"Am 17. Juni 2022 fand im B\u00fcrgenstock Resort das ESPRIX Forum statt. Dabei vermittelte Prof. Dr. Dr. Stefan Brunnhuber interessante Einsichten, weshalb Transformation wichtiger denn je ist.","articlekey":"","footnotes":""},"categories":[582],"tags":[3090],"class_list":["post-15393","post","type-post","status-publish","format-standard","hentry","category-operational-excellence","tag-esprix-forum"],"acf":[],"yoast_head":"<!-- This site is optimized with the Yoast SEO plugin v27.5 - https:\/\/yoast.com\/product\/yoast-seo-wordpress\/ -->\n<title>Transformation ist ein Handwerk - Organisator<\/title>\n<meta name=\"description\" content=\"Am 17. Juni 2022 fand im B\u00fcrgenstock Resort das ESPRIX Forum statt. Dabei vermittelte Prof. Dr. Dr. Stefan Brunnhuber interessante Einsichten, weshalb Transformation wichtiger denn je ist.\" \/>\n<meta name=\"robots\" content=\"index, follow, max-snippet:-1, max-image-preview:large, max-video-preview:-1\" \/>\n<link rel=\"canonical\" href=\"https:\/\/www.m-q.ch\/de\/transformation-ist-ein-handwerk\/\" \/>\n<meta property=\"og:locale\" content=\"en_US\" \/>\n<meta property=\"og:type\" content=\"article\" \/>\n<meta property=\"og:title\" content=\"Transformation ist ein Handwerk - Organisator\" \/>\n<meta property=\"og:description\" content=\"Am 17. Juni 2022 fand im B\u00fcrgenstock Resort das ESPRIX Forum statt. Dabei vermittelte Prof. Dr. Dr. Stefan Brunnhuber interessante Einsichten, weshalb Transformation wichtiger denn je ist.\" \/>\n<meta property=\"og:url\" content=\"https:\/\/www.m-q.ch\/de\/transformation-ist-ein-handwerk\/\" \/>\n<meta property=\"og:site_name\" content=\"Organisator\" \/>\n<meta property=\"article:publisher\" content=\"https:\/\/www.facebook.com\/OrganisatorFachmagazin\" \/>\n<meta property=\"article:published_time\" content=\"2022-06-21T12:55:27+00:00\" \/>\n<meta property=\"article:modified_time\" content=\"2022-07-25T10:29:31+00:00\" \/>\n<meta property=\"og:image\" content=\"https:\/\/www.m-q.ch\/wp-content\/uploads\/2022\/06\/Transformation-ist-ein-Handwerk-1_MQ.jpg\" \/>\n<meta name=\"author\" content=\"galledia\" \/>\n<meta name=\"twitter:card\" content=\"summary_large_image\" \/>\n<meta name=\"twitter:creator\" content=\"@admin\" \/>\n<script type=\"application\/ld+json\" class=\"yoast-schema-graph\">{\"@context\":\"https:\\\/\\\/schema.org\",\"@graph\":[{\"@type\":\"Article\",\"@id\":\"https:\\\/\\\/www.m-q.ch\\\/de\\\/transformation-ist-ein-handwerk\\\/#article\",\"isPartOf\":{\"@id\":\"https:\\\/\\\/www.organisator.ch\\\/operational-excellence\\\/2022-06-21\\\/transformation-ist-ein-handwerk\\\/\"},\"author\":{\"name\":\"galledia\",\"@id\":\"https:\\\/\\\/www.organisator.ch\\\/#\\\/schema\\\/person\\\/4e51799071cd2dd1232ac003643ef5f0\"},\"headline\":\"Transformation ist ein Handwerk\",\"datePublished\":\"2022-06-21T12:55:27+00:00\",\"dateModified\":\"2022-07-25T10:29:31+00:00\",\"mainEntityOfPage\":{\"@id\":\"https:\\\/\\\/www.organisator.ch\\\/operational-excellence\\\/2022-06-21\\\/transformation-ist-ein-handwerk\\\/\"},\"wordCount\":565,\"publisher\":{\"@id\":\"https:\\\/\\\/www.organisator.ch\\\/#organization\"},\"image\":{\"@id\":\"https:\\\/\\\/www.m-q.ch\\\/de\\\/transformation-ist-ein-handwerk\\\/#primaryimage\"},\"thumbnailUrl\":\"https:\\\/\\\/www.m-q.ch\\\/wp-content\\\/uploads\\\/2022\\\/06\\\/Transformation-ist-ein-Handwerk-1_MQ.jpg\",\"keywords\":[\"ESPRIX Forum\"],\"articleSection\":[\"OPERATIONAL EXCELLENCE\"],\"inLanguage\":\"en-US\"},{\"@type\":\"WebPage\",\"@id\":\"https:\\\/\\\/www.organisator.ch\\\/operational-excellence\\\/2022-06-21\\\/transformation-ist-ein-handwerk\\\/\",\"url\":\"https:\\\/\\\/www.m-q.ch\\\/de\\\/transformation-ist-ein-handwerk\\\/\",\"name\":\"Transformation ist ein Handwerk - Organisator\",\"isPartOf\":{\"@id\":\"https:\\\/\\\/www.organisator.ch\\\/#website\"},\"primaryImageOfPage\":{\"@id\":\"https:\\\/\\\/www.m-q.ch\\\/de\\\/transformation-ist-ein-handwerk\\\/#primaryimage\"},\"image\":{\"@id\":\"https:\\\/\\\/www.m-q.ch\\\/de\\\/transformation-ist-ein-handwerk\\\/#primaryimage\"},\"thumbnailUrl\":\"https:\\\/\\\/www.m-q.ch\\\/wp-content\\\/uploads\\\/2022\\\/06\\\/Transformation-ist-ein-Handwerk-1_MQ.jpg\",\"datePublished\":\"2022-06-21T12:55:27+00:00\",\"dateModified\":\"2022-07-25T10:29:31+00:00\",\"description\":\"Am 17. Juni 2022 fand im B\u00fcrgenstock Resort das ESPRIX Forum statt. Dabei vermittelte Prof. Dr. Dr. Stefan Brunnhuber interessante Einsichten, weshalb Transformation wichtiger denn je ist.\",\"breadcrumb\":{\"@id\":\"https:\\\/\\\/www.m-q.ch\\\/de\\\/transformation-ist-ein-handwerk\\\/#breadcrumb\"},\"inLanguage\":\"en-US\",\"potentialAction\":[{\"@type\":\"ReadAction\",\"target\":[\"https:\\\/\\\/www.m-q.ch\\\/de\\\/transformation-ist-ein-handwerk\\\/\"]}]},{\"@type\":\"ImageObject\",\"inLanguage\":\"en-US\",\"@id\":\"https:\\\/\\\/www.m-q.ch\\\/de\\\/transformation-ist-ein-handwerk\\\/#primaryimage\",\"url\":\"https:\\\/\\\/www.m-q.ch\\\/wp-content\\\/uploads\\\/2022\\\/06\\\/Transformation-ist-ein-Handwerk-1_MQ.jpg\",\"contentUrl\":\"https:\\\/\\\/www.m-q.ch\\\/wp-content\\\/uploads\\\/2022\\\/06\\\/Transformation-ist-ein-Handwerk-1_MQ.jpg\"},{\"@type\":\"BreadcrumbList\",\"@id\":\"https:\\\/\\\/www.m-q.ch\\\/de\\\/transformation-ist-ein-handwerk\\\/#breadcrumb\",\"itemListElement\":[{\"@type\":\"ListItem\",\"position\":1,\"name\":\"Home\",\"item\":\"https:\\\/\\\/www.organisator.ch\\\/\"},{\"@type\":\"ListItem\",\"position\":2,\"name\":\"Transformation ist ein Handwerk\"}]},{\"@type\":\"WebSite\",\"@id\":\"https:\\\/\\\/www.organisator.ch\\\/#website\",\"url\":\"https:\\\/\\\/www.organisator.ch\\\/\",\"name\":\"Organisator\",\"description\":\"Kompetent. Praxisnah. Der ORGANISATOR bereitet in 10 Ausgaben pro Jahr die wesentlichen Themen f\u00fcr F\u00fchrungskr\u00e4fte von KMU auf.\",\"publisher\":{\"@id\":\"https:\\\/\\\/www.organisator.ch\\\/#organization\"},\"potentialAction\":[{\"@type\":\"SearchAction\",\"target\":{\"@type\":\"EntryPoint\",\"urlTemplate\":\"https:\\\/\\\/www.organisator.ch\\\/?s={search_term_string}\"},\"query-input\":{\"@type\":\"PropertyValueSpecification\",\"valueRequired\":true,\"valueName\":\"search_term_string\"}}],\"inLanguage\":\"en-US\"},{\"@type\":\"Organization\",\"@id\":\"https:\\\/\\\/www.organisator.ch\\\/#organization\",\"name\":\"Organisator\",\"url\":\"https:\\\/\\\/www.organisator.ch\\\/\",\"logo\":{\"@type\":\"ImageObject\",\"inLanguage\":\"en-US\",\"@id\":\"https:\\\/\\\/www.organisator.ch\\\/#\\\/schema\\\/logo\\\/image\\\/\",\"url\":\"https:\\\/\\\/www.organisator.ch\\\/wp-content\\\/uploads\\\/2022\\\/01\\\/Logo_Organisator_Website.png\",\"contentUrl\":\"https:\\\/\\\/www.organisator.ch\\\/wp-content\\\/uploads\\\/2022\\\/01\\\/Logo_Organisator_Website.png\",\"width\":800,\"height\":77,\"caption\":\"Organisator\"},\"image\":{\"@id\":\"https:\\\/\\\/www.organisator.ch\\\/#\\\/schema\\\/logo\\\/image\\\/\"},\"sameAs\":[\"https:\\\/\\\/www.facebook.com\\\/OrganisatorFachmagazin\",\"https:\\\/\\\/www.linkedin.com\\\/showcase\\\/organisator-das-magazin-fr-kmu\",\"https:\\\/\\\/www.xing.com\\\/news\\\/pages\\\/organisator-ch-695\",\"https:\\\/\\\/www.youtube.com\\\/channel\\\/UCGP2Sq0iWaZwT3BdIAQFYpw\"]},{\"@type\":\"Person\",\"@id\":\"https:\\\/\\\/www.organisator.ch\\\/#\\\/schema\\\/person\\\/4e51799071cd2dd1232ac003643ef5f0\",\"name\":\"galledia\",\"image\":{\"@type\":\"ImageObject\",\"inLanguage\":\"en-US\",\"@id\":\"https:\\\/\\\/secure.gravatar.com\\\/avatar\\\/78a7f90c01fc2bfc875782a0d4922b37cde2cf184ce347b91316d23cd7f69a36?s=96&d=mm&r=g\",\"url\":\"https:\\\/\\\/secure.gravatar.com\\\/avatar\\\/78a7f90c01fc2bfc875782a0d4922b37cde2cf184ce347b91316d23cd7f69a36?s=96&d=mm&r=g\",\"contentUrl\":\"https:\\\/\\\/secure.gravatar.com\\\/avatar\\\/78a7f90c01fc2bfc875782a0d4922b37cde2cf184ce347b91316d23cd7f69a36?s=96&d=mm&r=g\",\"caption\":\"galledia\"},\"sameAs\":[\"https:\\\/\\\/x.com\\\/admin\"],\"url\":\"https:\\\/\\\/www.organisator.ch\\\/en\\\/author\\\/galledia\\\/\"}]}<\/script>\n<!-- \/ Yoast SEO plugin. -->","yoast_head_json":{"title":"Transformation is a craft - organizer","description":"On June 17, 2022, the ESPRIX Forum took place at the B\u00fcrgenstock Resort. Prof. Dr. Dr. Stefan Brunnhuber provided interesting insights into why transformation is more important than ever.","robots":{"index":"index","follow":"follow","max-snippet":"max-snippet:-1","max-image-preview":"max-image-preview:large","max-video-preview":"max-video-preview:-1"},"canonical":"https:\/\/www.m-q.ch\/de\/transformation-ist-ein-handwerk\/","og_locale":"en_US","og_type":"article","og_title":"Transformation ist ein Handwerk - Organisator","og_description":"Am 17. Juni 2022 fand im B\u00fcrgenstock Resort das ESPRIX Forum statt. Dabei vermittelte Prof. Dr. Dr. Stefan Brunnhuber interessante Einsichten, weshalb Transformation wichtiger denn je ist.","og_url":"https:\/\/www.m-q.ch\/de\/transformation-ist-ein-handwerk\/","og_site_name":"Organisator","article_publisher":"https:\/\/www.facebook.com\/OrganisatorFachmagazin","article_published_time":"2022-06-21T12:55:27+00:00","article_modified_time":"2022-07-25T10:29:31+00:00","og_image":[{"url":"https:\/\/www.m-q.ch\/wp-content\/uploads\/2022\/06\/Transformation-ist-ein-Handwerk-1_MQ.jpg","type":"","width":"","height":""}],"author":"galledia","twitter_card":"summary_large_image","twitter_creator":"@admin","schema":{"@context":"https:\/\/schema.org","@graph":[{"@type":"Article","@id":"https:\/\/www.m-q.ch\/de\/transformation-ist-ein-handwerk\/#article","isPartOf":{"@id":"https:\/\/www.organisator.ch\/operational-excellence\/2022-06-21\/transformation-ist-ein-handwerk\/"},"author":{"name":"galledia","@id":"https:\/\/www.organisator.ch\/#\/schema\/person\/4e51799071cd2dd1232ac003643ef5f0"},"headline":"Transformation ist ein Handwerk","datePublished":"2022-06-21T12:55:27+00:00","dateModified":"2022-07-25T10:29:31+00:00","mainEntityOfPage":{"@id":"https:\/\/www.organisator.ch\/operational-excellence\/2022-06-21\/transformation-ist-ein-handwerk\/"},"wordCount":565,"publisher":{"@id":"https:\/\/www.organisator.ch\/#organization"},"image":{"@id":"https:\/\/www.m-q.ch\/de\/transformation-ist-ein-handwerk\/#primaryimage"},"thumbnailUrl":"https:\/\/www.m-q.ch\/wp-content\/uploads\/2022\/06\/Transformation-ist-ein-Handwerk-1_MQ.jpg","keywords":["ESPRIX Forum"],"articleSection":["OPERATIONAL EXCELLENCE"],"inLanguage":"en-US"},{"@type":"WebPage","@id":"https:\/\/www.organisator.ch\/operational-excellence\/2022-06-21\/transformation-ist-ein-handwerk\/","url":"https:\/\/www.m-q.ch\/de\/transformation-ist-ein-handwerk\/","name":"Transformation is a craft - organizer","isPartOf":{"@id":"https:\/\/www.organisator.ch\/#website"},"primaryImageOfPage":{"@id":"https:\/\/www.m-q.ch\/de\/transformation-ist-ein-handwerk\/#primaryimage"},"image":{"@id":"https:\/\/www.m-q.ch\/de\/transformation-ist-ein-handwerk\/#primaryimage"},"thumbnailUrl":"https:\/\/www.m-q.ch\/wp-content\/uploads\/2022\/06\/Transformation-ist-ein-Handwerk-1_MQ.jpg","datePublished":"2022-06-21T12:55:27+00:00","dateModified":"2022-07-25T10:29:31+00:00","description":"On June 17, 2022, the ESPRIX Forum took place at the B\u00fcrgenstock Resort. Prof. Dr. Dr. Stefan Brunnhuber provided interesting insights into why transformation is more important than ever.","breadcrumb":{"@id":"https:\/\/www.m-q.ch\/de\/transformation-ist-ein-handwerk\/#breadcrumb"},"inLanguage":"en-US","potentialAction":[{"@type":"ReadAction","target":["https:\/\/www.m-q.ch\/de\/transformation-ist-ein-handwerk\/"]}]},{"@type":"ImageObject","inLanguage":"en-US","@id":"https:\/\/www.m-q.ch\/de\/transformation-ist-ein-handwerk\/#primaryimage","url":"https:\/\/www.m-q.ch\/wp-content\/uploads\/2022\/06\/Transformation-ist-ein-Handwerk-1_MQ.jpg","contentUrl":"https:\/\/www.m-q.ch\/wp-content\/uploads\/2022\/06\/Transformation-ist-ein-Handwerk-1_MQ.jpg"},{"@type":"BreadcrumbList","@id":"https:\/\/www.m-q.ch\/de\/transformation-ist-ein-handwerk\/#breadcrumb","itemListElement":[{"@type":"ListItem","position":1,"name":"Home","item":"https:\/\/www.organisator.ch\/"},{"@type":"ListItem","position":2,"name":"Transformation ist ein Handwerk"}]},{"@type":"WebSite","@id":"https:\/\/www.organisator.ch\/#website","url":"https:\/\/www.organisator.ch\/","name":"Organizer","description":"Competent. Practical. In 10 issues per year, ORGANISATOR presents the essential topics for managers of SMEs.","publisher":{"@id":"https:\/\/www.organisator.ch\/#organization"},"potentialAction":[{"@type":"SearchAction","target":{"@type":"EntryPoint","urlTemplate":"https:\/\/www.organisator.ch\/?s={search_term_string}"},"query-input":{"@type":"PropertyValueSpecification","valueRequired":true,"valueName":"search_term_string"}}],"inLanguage":"en-US"},{"@type":"Organization","@id":"https:\/\/www.organisator.ch\/#organization","name":"Organizer","url":"https:\/\/www.organisator.ch\/","logo":{"@type":"ImageObject","inLanguage":"en-US","@id":"https:\/\/www.organisator.ch\/#\/schema\/logo\/image\/","url":"https:\/\/www.organisator.ch\/wp-content\/uploads\/2022\/01\/Logo_Organisator_Website.png","contentUrl":"https:\/\/www.organisator.ch\/wp-content\/uploads\/2022\/01\/Logo_Organisator_Website.png","width":800,"height":77,"caption":"Organisator"},"image":{"@id":"https:\/\/www.organisator.ch\/#\/schema\/logo\/image\/"},"sameAs":["https:\/\/www.facebook.com\/OrganisatorFachmagazin","https:\/\/www.linkedin.com\/showcase\/organisator-das-magazin-fr-kmu","https:\/\/www.xing.com\/news\/pages\/organisator-ch-695","https:\/\/www.youtube.com\/channel\/UCGP2Sq0iWaZwT3BdIAQFYpw"]},{"@type":"Person","@id":"https:\/\/www.organisator.ch\/#\/schema\/person\/4e51799071cd2dd1232ac003643ef5f0","name":"galledia","image":{"@type":"ImageObject","inLanguage":"en-US","@id":"https:\/\/secure.gravatar.com\/avatar\/78a7f90c01fc2bfc875782a0d4922b37cde2cf184ce347b91316d23cd7f69a36?s=96&d=mm&r=g","url":"https:\/\/secure.gravatar.com\/avatar\/78a7f90c01fc2bfc875782a0d4922b37cde2cf184ce347b91316d23cd7f69a36?s=96&d=mm&r=g","contentUrl":"https:\/\/secure.gravatar.com\/avatar\/78a7f90c01fc2bfc875782a0d4922b37cde2cf184ce347b91316d23cd7f69a36?s=96&d=mm&r=g","caption":"galledia"},"sameAs":["https:\/\/x.com\/admin"],"url":"https:\/\/www.organisator.ch\/en\/author\/galledia\/"}]}},"_links":{"self":[{"href":"https:\/\/www.organisator.ch\/en\/wp-json\/wp\/v2\/posts\/15393","targetHints":{"allow":["GET"]}}],"collection":[{"href":"https:\/\/www.organisator.ch\/en\/wp-json\/wp\/v2\/posts"}],"about":[{"href":"https:\/\/www.organisator.ch\/en\/wp-json\/wp\/v2\/types\/post"}],"author":[{"embeddable":true,"href":"https:\/\/www.organisator.ch\/en\/wp-json\/wp\/v2\/users\/8"}],"replies":[{"embeddable":true,"href":"https:\/\/www.organisator.ch\/en\/wp-json\/wp\/v2\/comments?post=15393"}],"version-history":[{"count":3,"href":"https:\/\/www.organisator.ch\/en\/wp-json\/wp\/v2\/posts\/15393\/revisions"}],"predecessor-version":[{"id":15796,"href":"https:\/\/www.organisator.ch\/en\/wp-json\/wp\/v2\/posts\/15393\/revisions\/15796"}],"wp:attachment":[{"href":"https:\/\/www.organisator.ch\/en\/wp-json\/wp\/v2\/media?parent=15393"}],"wp:term":[{"taxonomy":"category","embeddable":true,"href":"https:\/\/www.organisator.ch\/en\/wp-json\/wp\/v2\/categories?post=15393"},{"taxonomy":"post_tag","embeddable":true,"href":"https:\/\/www.organisator.ch\/en\/wp-json\/wp\/v2\/tags?post=15393"}],"curies":[{"name":"wp","href":"https:\/\/api.w.org\/{rel}","templated":true}]}}