{"id":15444,"date":"2022-06-24T11:28:56","date_gmt":"2022-06-24T09:28:56","guid":{"rendered":"https:\/\/www.organisator.ch\/?p=15444"},"modified":"2022-06-24T11:28:56","modified_gmt":"2022-06-24T09:28:56","slug":"ifat-munich-2022-mit-starkem-neustart-fuer-den-klimaschutz","status":"publish","type":"post","link":"https:\/\/www.organisator.ch\/en\/sustainability\/2022-06-24\/ifat-munich-2022-mit-starkem-neustart-fuer-den-klimaschutz\/","title":{"rendered":"IFAT Munich 2022 with a strong new start for climate protection"},"content":{"rendered":"<figure id=\"attachment_15445\" aria-describedby=\"caption-attachment-15445\" style=\"width: 680px\" class=\"wp-caption alignnone\"><img loading=\"lazy\" decoding=\"async\" class=\"size-full wp-image-15445\" src=\"https:\/\/www.organisator.ch\/wp-content\/uploads\/2022\/06\/IFAT-Munich-2022-mit-starkem-Neustart-fuer-den-Klimaschutz_Organisator.jpg\" alt=\"\" width=\"680\" height=\"451\" srcset=\"https:\/\/www.organisator.ch\/wp-content\/uploads\/2022\/06\/IFAT-Munich-2022-mit-starkem-Neustart-fuer-den-Klimaschutz_Organisator.jpg 680w, https:\/\/www.organisator.ch\/wp-content\/uploads\/2022\/06\/IFAT-Munich-2022-mit-starkem-Neustart-fuer-den-Klimaschutz_Organisator-18x12.jpg 18w, https:\/\/www.organisator.ch\/wp-content\/uploads\/2022\/06\/IFAT-Munich-2022-mit-starkem-Neustart-fuer-den-Klimaschutz_Organisator-264x175.jpg 264w, https:\/\/www.organisator.ch\/wp-content\/uploads\/2022\/06\/IFAT-Munich-2022-mit-starkem-Neustart-fuer-den-Klimaschutz_Organisator-528x350.jpg 528w, https:\/\/www.organisator.ch\/wp-content\/uploads\/2022\/06\/IFAT-Munich-2022-mit-starkem-Neustart-fuer-den-Klimaschutz_Organisator-300x199.jpg 300w\" sizes=\"auto, (max-width: 680px) 100vw, 680px\" \/><figcaption id=\"caption-attachment-15445\" class=\"wp-caption-text\">IFAT Munich 2022 saw a strong new start for climate protection and a high level of international trade fair participation, according to the organizers. (Image: Messe M\u00fcnchen)<\/figcaption><\/figure>\n<p>\"A huge trade fair, concentrated knowledge transfer, networking - IFAT Munich 2022 was pure inspiration and is a driver of the sustainable transformation of industries and of climate-resilient communities,\" says Stefan Rummel, Managing Director of Messe M\u00fcnchen. \"With 2,984 exhibitors from 59 countries and around 119,000 visitors from 155 countries, the show is approaching pre-Corona levels, reflecting the great potential of environmental technologies and confirming its position as the world's leading platform for water, sewage, waste and raw materials management.\" Dr. Johannes F. Kirchhoff, Chairman of the IFAT Munich Advisory Board, added: \"The high level of international participation at the show in these challenging times is impressive. It's great to see IFAT back so strongly. After all, it is a very important, sustainable driver for the circular economy and the environmental industry.\"<\/p>\n<h2>Whether plastic or water - focus on closed cycles<\/h2>\n<p>More space than ever was devoted to the circular economy at the trade show. Germany's Federal Environment Minister Steffi Lemke stated at the opening: \"A functioning circular economy saves primary resources, reduces dependencies and makes a significant contribution to climate and species protection. I want my policy to help strengthen the circular economy at all stages of its cycle and make environmental protection an interesting business model.\"<\/p>\n<p>Four special areas alone were devoted to the circular economy, for example in plastics and building materials. In the case of water, too, everything revolved around sustainable use and closed cycles, for example in industrial production - and in cities, which have to prepare themselves for extreme drought and heavy rainfall with intelligent water management. The trade show showcased the technologies for this, and in the lecture program more than 300 experts shared their knowledge and there were numerous live demonstrations and guided solution tours.<\/p>\n<h2>The most important key figures for the trade fair<\/h2>\n<p>IFAT Munich occupied all 18 halls and a large part of the outdoor exhibition area at Messe M\u00fcnchen, totaling 260,000 square meters. 2,984 exhibitors traveled from 59 countries and regions (2018: 3,305\/58) and some 119,000 visitors from 155 countries and regions (2018: 142,472\/162). Half of the exhibitors and visitors came from abroad. Compared to the previous event, the strong participation from China and Russia was notably absent. A start-up area gathered 49 start-ups from 16 nations. 15 international joint stands from Europe as well as Japan, Canada, South Korea and the USA exhibited. High-ranking representatives from politics traveled to the event, including from Egypt, Belgium and Malaysia, as well as the environment ministers of Brazil and Singapore and numerous international delegations.<\/p>\n<h2>Valuable platform for the environmental industry<\/h2>\n<p>\"IFAT has not lost its appeal for the environmental service sector and will continue to maintain its importance as the world's leading trade fair in the future,\" explains Max K\u00f6ttgen, CEO of Remondis, a leading company for recycling, water management, and municipal and industrial services. \"I am very impressed by the size of the show, the number of visitors and the unique expert platform, and I am pleased that we were able to hold numerous relevant discussions with customers and partners,\" adds Anja Eimer, head of the global water business at Siemens. The trade fair is an \"excellent platform to present our products and solutions to the public\" (Georg Huber, Chairman of the Board, HUBER), it is the \"most important international trade fair to reflect industry trends based on our sustainable product and service innovations\" (Ottmar Steinebrunner, Managing Director Sales &amp; Service Europe and Americas, Bucher Municipal), it offers as the \"world's leading trade fair for the municipal sector an ideal platform to experience our versatile industry solutions\" (Dr. Ralf Forcher, Head of Mercedes-Benz Special Trucks).<\/p>\n<p><em>Source and further information: <a href=\"http:\/\/www.ifat.de\">www.ifat.de<\/a><\/em><\/p>","protected":false},"excerpt":{"rendered":"<p>\u201eEine riesige Messe, geballter Wissenstransfer, Networking \u2013 die IFAT Munich 2022 war Inspiration pur und ist Treiber der nachhaltigen Transformation von Industrien und von klimaresilienten Kommunen\u201c, sagt Stefan Rummel, Gesch\u00e4ftsf\u00fchrer der Messe M\u00fcnchen. \u201eMit 2.984 Ausstellern aus 59 L\u00e4ndern und rund 119.000 Besuchern aus 155 L\u00e4ndern n\u00e4hert sich die Messe dem Vor-Corona-Niveau, spiegelt das grosse [&hellip;]<\/p>\n","protected":false},"author":4,"featured_media":15445,"comment_status":"closed","ping_status":"closed","sticky":false,"template":"","format":"standard","meta":{"_acf_changed":false,"_yoast_wpseo_focuskw":"IFAT Munich","_yoast_wpseo_metadesc":"Vom 30. Mai bis 3. Juni 2022 fand die IFAT Munich, die Weltleitmesse der Wasser-, Abwasser-, Abfall- und Rohstoffwirtschaft statt.","articlekey":"","footnotes":""},"categories":[580],"tags":[1100,193,1392,358],"class_list":["post-15444","post","type-post","status-publish","format-standard","has-post-thumbnail","hentry","category-sustainability","tag-entsorgung","tag-fachkongressfachmesse","tag-ifat","tag-nachhaltige-wirtschaft"],"acf":[],"yoast_head":"<!-- This site is optimized with the Yoast SEO plugin v27.4 - https:\/\/yoast.com\/product\/yoast-seo-wordpress\/ -->\n<title>IFAT Munich 2022 mit starkem Neustart f\u00fcr den Klimaschutz - Organisator<\/title>\n<meta name=\"description\" content=\"Vom 30. Mai bis 3. Juni 2022 fand die IFAT Munich, die Weltleitmesse der Wasser-, Abwasser-, Abfall- und Rohstoffwirtschaft statt.\" \/>\n<meta name=\"robots\" content=\"index, follow, max-snippet:-1, max-image-preview:large, max-video-preview:-1\" \/>\n<link rel=\"canonical\" href=\"https:\/\/www.organisator.ch\/en\/sustainability\/2022-06-24\/ifat-munich-2022-mit-starkem-neustart-fuer-den-klimaschutz\/\" \/>\n<meta property=\"og:locale\" content=\"en_US\" \/>\n<meta property=\"og:type\" content=\"article\" \/>\n<meta property=\"og:title\" content=\"IFAT Munich 2022 mit starkem Neustart f\u00fcr den Klimaschutz\" \/>\n<meta property=\"og:description\" content=\"Vom 30. Mai bis 3. Juni 2022 fand die IFAT Munich, die Weltleitmesse der Wasser-, Abwasser-, Abfall- und Rohstoffwirtschaft statt.\" \/>\n<meta property=\"og:url\" content=\"https:\/\/www.organisator.ch\/en\/sustainability\/2022-06-24\/ifat-munich-2022-mit-starkem-neustart-fuer-den-klimaschutz\/\" \/>\n<meta property=\"og:site_name\" content=\"Organisator\" \/>\n<meta property=\"article:publisher\" content=\"https:\/\/www.facebook.com\/OrganisatorFachmagazin\" \/>\n<meta property=\"article:published_time\" content=\"2022-06-24T09:28:56+00:00\" \/>\n<meta property=\"og:image\" content=\"https:\/\/www.organisator.ch\/wp-content\/uploads\/2022\/06\/IFAT-Munich-2022-mit-starkem-Neustart-fuer-den-Klimaschutz_Organisator.jpg\" \/>\n\t<meta property=\"og:image:width\" content=\"680\" \/>\n\t<meta property=\"og:image:height\" content=\"451\" \/>\n\t<meta property=\"og:image:type\" content=\"image\/jpeg\" \/>\n<meta name=\"author\" content=\"thomas.berner\" \/>\n<meta name=\"twitter:card\" content=\"summary_large_image\" \/>\n<meta name=\"twitter:title\" content=\"#IFAT Munich 2022 mit starkem Neustart f\u00fcr den #Klimaschutz\" \/>\n<meta name=\"twitter:description\" content=\"Vom 30. Mai bis 3. Juni 2022 fand die #IFAT Munich, die #Weltleitmesse der Wasser-, Abwasser-, Abfall- und #Rohstoffwirtschaft statt.\" \/>\n<meta name=\"twitter:image\" content=\"https:\/\/www.organisator.ch\/wp-content\/uploads\/2022\/06\/IFAT-Munich-2022-mit-starkem-Neustart-fuer-den-Klimaschutz_Organisator.jpg\" \/>\n<script type=\"application\/ld+json\" class=\"yoast-schema-graph\">{\"@context\":\"https:\\\/\\\/schema.org\",\"@graph\":[{\"@type\":\"Article\",\"@id\":\"https:\\\/\\\/www.organisator.ch\\\/sustainability\\\/2022-06-24\\\/ifat-munich-2022-mit-starkem-neustart-fuer-den-klimaschutz\\\/#article\",\"isPartOf\":{\"@id\":\"https:\\\/\\\/www.organisator.ch\\\/sustainability\\\/2022-06-24\\\/ifat-munich-2022-mit-starkem-neustart-fuer-den-klimaschutz\\\/\"},\"author\":{\"name\":\"thomas.berner\",\"@id\":\"https:\\\/\\\/www.organisator.ch\\\/#\\\/schema\\\/person\\\/6f650f90b2842cd4c0cc334b4e36f67e\"},\"headline\":\"IFAT Munich 2022 mit starkem Neustart f\u00fcr den Klimaschutz\",\"datePublished\":\"2022-06-24T09:28:56+00:00\",\"mainEntityOfPage\":{\"@id\":\"https:\\\/\\\/www.organisator.ch\\\/sustainability\\\/2022-06-24\\\/ifat-munich-2022-mit-starkem-neustart-fuer-den-klimaschutz\\\/\"},\"wordCount\":603,\"publisher\":{\"@id\":\"https:\\\/\\\/www.organisator.ch\\\/#organization\"},\"image\":{\"@id\":\"https:\\\/\\\/www.organisator.ch\\\/sustainability\\\/2022-06-24\\\/ifat-munich-2022-mit-starkem-neustart-fuer-den-klimaschutz\\\/#primaryimage\"},\"thumbnailUrl\":\"https:\\\/\\\/www.organisator.ch\\\/wp-content\\\/uploads\\\/2022\\\/06\\\/IFAT-Munich-2022-mit-starkem-Neustart-fuer-den-Klimaschutz_Organisator.jpg\",\"keywords\":[\"Entsorgung\",\"Fachkongress\\\/Fachmesse\",\"IFAT\",\"Nachhaltige Wirtschaft\"],\"articleSection\":[\"SUSTAINABILITY\"],\"inLanguage\":\"en-US\"},{\"@type\":\"WebPage\",\"@id\":\"https:\\\/\\\/www.organisator.ch\\\/sustainability\\\/2022-06-24\\\/ifat-munich-2022-mit-starkem-neustart-fuer-den-klimaschutz\\\/\",\"url\":\"https:\\\/\\\/www.organisator.ch\\\/sustainability\\\/2022-06-24\\\/ifat-munich-2022-mit-starkem-neustart-fuer-den-klimaschutz\\\/\",\"name\":\"IFAT Munich 2022 mit starkem Neustart f\u00fcr den Klimaschutz - Organisator\",\"isPartOf\":{\"@id\":\"https:\\\/\\\/www.organisator.ch\\\/#website\"},\"primaryImageOfPage\":{\"@id\":\"https:\\\/\\\/www.organisator.ch\\\/sustainability\\\/2022-06-24\\\/ifat-munich-2022-mit-starkem-neustart-fuer-den-klimaschutz\\\/#primaryimage\"},\"image\":{\"@id\":\"https:\\\/\\\/www.organisator.ch\\\/sustainability\\\/2022-06-24\\\/ifat-munich-2022-mit-starkem-neustart-fuer-den-klimaschutz\\\/#primaryimage\"},\"thumbnailUrl\":\"https:\\\/\\\/www.organisator.ch\\\/wp-content\\\/uploads\\\/2022\\\/06\\\/IFAT-Munich-2022-mit-starkem-Neustart-fuer-den-Klimaschutz_Organisator.jpg\",\"datePublished\":\"2022-06-24T09:28:56+00:00\",\"description\":\"Vom 30. Mai bis 3. Juni 2022 fand die IFAT Munich, die Weltleitmesse der Wasser-, Abwasser-, Abfall- und Rohstoffwirtschaft statt.\",\"breadcrumb\":{\"@id\":\"https:\\\/\\\/www.organisator.ch\\\/sustainability\\\/2022-06-24\\\/ifat-munich-2022-mit-starkem-neustart-fuer-den-klimaschutz\\\/#breadcrumb\"},\"inLanguage\":\"en-US\",\"potentialAction\":[{\"@type\":\"ReadAction\",\"target\":[\"https:\\\/\\\/www.organisator.ch\\\/sustainability\\\/2022-06-24\\\/ifat-munich-2022-mit-starkem-neustart-fuer-den-klimaschutz\\\/\"]}]},{\"@type\":\"ImageObject\",\"inLanguage\":\"en-US\",\"@id\":\"https:\\\/\\\/www.organisator.ch\\\/sustainability\\\/2022-06-24\\\/ifat-munich-2022-mit-starkem-neustart-fuer-den-klimaschutz\\\/#primaryimage\",\"url\":\"https:\\\/\\\/www.organisator.ch\\\/wp-content\\\/uploads\\\/2022\\\/06\\\/IFAT-Munich-2022-mit-starkem-Neustart-fuer-den-Klimaschutz_Organisator.jpg\",\"contentUrl\":\"https:\\\/\\\/www.organisator.ch\\\/wp-content\\\/uploads\\\/2022\\\/06\\\/IFAT-Munich-2022-mit-starkem-Neustart-fuer-den-Klimaschutz_Organisator.jpg\",\"width\":680,\"height\":451,\"caption\":\"Die IFAT Munich 2022 verzeichnete gem\u00e4ss Angaben der Veranstalter einen starken Neustart f\u00fcr den Klimaschutz und eine hohe internationale Messebeteiligung. (Bild: Messe M\u00fcnchen)\"},{\"@type\":\"BreadcrumbList\",\"@id\":\"https:\\\/\\\/www.organisator.ch\\\/sustainability\\\/2022-06-24\\\/ifat-munich-2022-mit-starkem-neustart-fuer-den-klimaschutz\\\/#breadcrumb\",\"itemListElement\":[{\"@type\":\"ListItem\",\"position\":1,\"name\":\"Home\",\"item\":\"https:\\\/\\\/www.organisator.ch\\\/\"},{\"@type\":\"ListItem\",\"position\":2,\"name\":\"IFAT Munich 2022 mit starkem Neustart f\u00fcr den Klimaschutz\"}]},{\"@type\":\"WebSite\",\"@id\":\"https:\\\/\\\/www.organisator.ch\\\/#website\",\"url\":\"https:\\\/\\\/www.organisator.ch\\\/\",\"name\":\"Organisator\",\"description\":\"Kompetent. Praxisnah. Der ORGANISATOR bereitet in 10 Ausgaben pro Jahr die wesentlichen Themen f\u00fcr F\u00fchrungskr\u00e4fte von KMU auf.\",\"publisher\":{\"@id\":\"https:\\\/\\\/www.organisator.ch\\\/#organization\"},\"potentialAction\":[{\"@type\":\"SearchAction\",\"target\":{\"@type\":\"EntryPoint\",\"urlTemplate\":\"https:\\\/\\\/www.organisator.ch\\\/?s={search_term_string}\"},\"query-input\":{\"@type\":\"PropertyValueSpecification\",\"valueRequired\":true,\"valueName\":\"search_term_string\"}}],\"inLanguage\":\"en-US\"},{\"@type\":\"Organization\",\"@id\":\"https:\\\/\\\/www.organisator.ch\\\/#organization\",\"name\":\"Organisator\",\"url\":\"https:\\\/\\\/www.organisator.ch\\\/\",\"logo\":{\"@type\":\"ImageObject\",\"inLanguage\":\"en-US\",\"@id\":\"https:\\\/\\\/www.organisator.ch\\\/#\\\/schema\\\/logo\\\/image\\\/\",\"url\":\"https:\\\/\\\/www.organisator.ch\\\/wp-content\\\/uploads\\\/2022\\\/01\\\/Logo_Organisator_Website.png\",\"contentUrl\":\"https:\\\/\\\/www.organisator.ch\\\/wp-content\\\/uploads\\\/2022\\\/01\\\/Logo_Organisator_Website.png\",\"width\":800,\"height\":77,\"caption\":\"Organisator\"},\"image\":{\"@id\":\"https:\\\/\\\/www.organisator.ch\\\/#\\\/schema\\\/logo\\\/image\\\/\"},\"sameAs\":[\"https:\\\/\\\/www.facebook.com\\\/OrganisatorFachmagazin\",\"https:\\\/\\\/www.linkedin.com\\\/showcase\\\/organisator-das-magazin-fr-kmu\",\"https:\\\/\\\/www.xing.com\\\/news\\\/pages\\\/organisator-ch-695\",\"https:\\\/\\\/www.youtube.com\\\/channel\\\/UCGP2Sq0iWaZwT3BdIAQFYpw\"]},{\"@type\":\"Person\",\"@id\":\"https:\\\/\\\/www.organisator.ch\\\/#\\\/schema\\\/person\\\/6f650f90b2842cd4c0cc334b4e36f67e\",\"name\":\"thomas.berner\",\"image\":{\"@type\":\"ImageObject\",\"inLanguage\":\"en-US\",\"@id\":\"https:\\\/\\\/secure.gravatar.com\\\/avatar\\\/ac5001d2a36cb6c6cd3e50789007ffca834b477b74a2144564522e944eabff61?s=96&d=mm&r=g\",\"url\":\"https:\\\/\\\/secure.gravatar.com\\\/avatar\\\/ac5001d2a36cb6c6cd3e50789007ffca834b477b74a2144564522e944eabff61?s=96&d=mm&r=g\",\"contentUrl\":\"https:\\\/\\\/secure.gravatar.com\\\/avatar\\\/ac5001d2a36cb6c6cd3e50789007ffca834b477b74a2144564522e944eabff61?s=96&d=mm&r=g\",\"caption\":\"thomas.berner\"},\"url\":\"https:\\\/\\\/www.organisator.ch\\\/en\\\/author\\\/thomas-berner\\\/\"}]}<\/script>\n<!-- \/ Yoast SEO plugin. -->","yoast_head_json":{"title":"IFAT Munich 2022 with a strong new start for climate protection - Organizer","description":"IFAT Munich, the world's leading trade fair for water, sewage, waste and raw materials management, was held from May 30 to June 3, 2022.","robots":{"index":"index","follow":"follow","max-snippet":"max-snippet:-1","max-image-preview":"max-image-preview:large","max-video-preview":"max-video-preview:-1"},"canonical":"https:\/\/www.organisator.ch\/en\/sustainability\/2022-06-24\/ifat-munich-2022-mit-starkem-neustart-fuer-den-klimaschutz\/","og_locale":"en_US","og_type":"article","og_title":"IFAT Munich 2022 mit starkem Neustart f\u00fcr den Klimaschutz","og_description":"Vom 30. Mai bis 3. Juni 2022 fand die IFAT Munich, die Weltleitmesse der Wasser-, Abwasser-, Abfall- und Rohstoffwirtschaft statt.","og_url":"https:\/\/www.organisator.ch\/en\/sustainability\/2022-06-24\/ifat-munich-2022-mit-starkem-neustart-fuer-den-klimaschutz\/","og_site_name":"Organisator","article_publisher":"https:\/\/www.facebook.com\/OrganisatorFachmagazin","article_published_time":"2022-06-24T09:28:56+00:00","og_image":[{"width":680,"height":451,"url":"https:\/\/www.organisator.ch\/wp-content\/uploads\/2022\/06\/IFAT-Munich-2022-mit-starkem-Neustart-fuer-den-Klimaschutz_Organisator.jpg","type":"image\/jpeg"}],"author":"thomas.berner","twitter_card":"summary_large_image","twitter_title":"#IFAT Munich 2022 mit starkem Neustart f\u00fcr den #Klimaschutz","twitter_description":"Vom 30. Mai bis 3. Juni 2022 fand die #IFAT Munich, die #Weltleitmesse der Wasser-, Abwasser-, Abfall- und #Rohstoffwirtschaft statt.","twitter_image":"https:\/\/www.organisator.ch\/wp-content\/uploads\/2022\/06\/IFAT-Munich-2022-mit-starkem-Neustart-fuer-den-Klimaschutz_Organisator.jpg","schema":{"@context":"https:\/\/schema.org","@graph":[{"@type":"Article","@id":"https:\/\/www.organisator.ch\/sustainability\/2022-06-24\/ifat-munich-2022-mit-starkem-neustart-fuer-den-klimaschutz\/#article","isPartOf":{"@id":"https:\/\/www.organisator.ch\/sustainability\/2022-06-24\/ifat-munich-2022-mit-starkem-neustart-fuer-den-klimaschutz\/"},"author":{"name":"thomas.berner","@id":"https:\/\/www.organisator.ch\/#\/schema\/person\/6f650f90b2842cd4c0cc334b4e36f67e"},"headline":"IFAT Munich 2022 mit starkem Neustart f\u00fcr den Klimaschutz","datePublished":"2022-06-24T09:28:56+00:00","mainEntityOfPage":{"@id":"https:\/\/www.organisator.ch\/sustainability\/2022-06-24\/ifat-munich-2022-mit-starkem-neustart-fuer-den-klimaschutz\/"},"wordCount":603,"publisher":{"@id":"https:\/\/www.organisator.ch\/#organization"},"image":{"@id":"https:\/\/www.organisator.ch\/sustainability\/2022-06-24\/ifat-munich-2022-mit-starkem-neustart-fuer-den-klimaschutz\/#primaryimage"},"thumbnailUrl":"https:\/\/www.organisator.ch\/wp-content\/uploads\/2022\/06\/IFAT-Munich-2022-mit-starkem-Neustart-fuer-den-Klimaschutz_Organisator.jpg","keywords":["Entsorgung","Fachkongress\/Fachmesse","IFAT","Nachhaltige Wirtschaft"],"articleSection":["SUSTAINABILITY"],"inLanguage":"en-US"},{"@type":"WebPage","@id":"https:\/\/www.organisator.ch\/sustainability\/2022-06-24\/ifat-munich-2022-mit-starkem-neustart-fuer-den-klimaschutz\/","url":"https:\/\/www.organisator.ch\/sustainability\/2022-06-24\/ifat-munich-2022-mit-starkem-neustart-fuer-den-klimaschutz\/","name":"IFAT Munich 2022 with a strong new start for climate protection - Organizer","isPartOf":{"@id":"https:\/\/www.organisator.ch\/#website"},"primaryImageOfPage":{"@id":"https:\/\/www.organisator.ch\/sustainability\/2022-06-24\/ifat-munich-2022-mit-starkem-neustart-fuer-den-klimaschutz\/#primaryimage"},"image":{"@id":"https:\/\/www.organisator.ch\/sustainability\/2022-06-24\/ifat-munich-2022-mit-starkem-neustart-fuer-den-klimaschutz\/#primaryimage"},"thumbnailUrl":"https:\/\/www.organisator.ch\/wp-content\/uploads\/2022\/06\/IFAT-Munich-2022-mit-starkem-Neustart-fuer-den-Klimaschutz_Organisator.jpg","datePublished":"2022-06-24T09:28:56+00:00","description":"IFAT Munich, the world's leading trade fair for water, sewage, waste and raw materials management, was held from May 30 to June 3, 2022.","breadcrumb":{"@id":"https:\/\/www.organisator.ch\/sustainability\/2022-06-24\/ifat-munich-2022-mit-starkem-neustart-fuer-den-klimaschutz\/#breadcrumb"},"inLanguage":"en-US","potentialAction":[{"@type":"ReadAction","target":["https:\/\/www.organisator.ch\/sustainability\/2022-06-24\/ifat-munich-2022-mit-starkem-neustart-fuer-den-klimaschutz\/"]}]},{"@type":"ImageObject","inLanguage":"en-US","@id":"https:\/\/www.organisator.ch\/sustainability\/2022-06-24\/ifat-munich-2022-mit-starkem-neustart-fuer-den-klimaschutz\/#primaryimage","url":"https:\/\/www.organisator.ch\/wp-content\/uploads\/2022\/06\/IFAT-Munich-2022-mit-starkem-Neustart-fuer-den-Klimaschutz_Organisator.jpg","contentUrl":"https:\/\/www.organisator.ch\/wp-content\/uploads\/2022\/06\/IFAT-Munich-2022-mit-starkem-Neustart-fuer-den-Klimaschutz_Organisator.jpg","width":680,"height":451,"caption":"Die IFAT Munich 2022 verzeichnete gem\u00e4ss Angaben der Veranstalter einen starken Neustart f\u00fcr den Klimaschutz und eine hohe internationale Messebeteiligung. (Bild: Messe M\u00fcnchen)"},{"@type":"BreadcrumbList","@id":"https:\/\/www.organisator.ch\/sustainability\/2022-06-24\/ifat-munich-2022-mit-starkem-neustart-fuer-den-klimaschutz\/#breadcrumb","itemListElement":[{"@type":"ListItem","position":1,"name":"Home","item":"https:\/\/www.organisator.ch\/"},{"@type":"ListItem","position":2,"name":"IFAT Munich 2022 mit starkem Neustart f\u00fcr den Klimaschutz"}]},{"@type":"WebSite","@id":"https:\/\/www.organisator.ch\/#website","url":"https:\/\/www.organisator.ch\/","name":"Organizer","description":"Competent. Practical. In 10 issues per year, ORGANISATOR presents the essential topics for managers of SMEs.","publisher":{"@id":"https:\/\/www.organisator.ch\/#organization"},"potentialAction":[{"@type":"SearchAction","target":{"@type":"EntryPoint","urlTemplate":"https:\/\/www.organisator.ch\/?s={search_term_string}"},"query-input":{"@type":"PropertyValueSpecification","valueRequired":true,"valueName":"search_term_string"}}],"inLanguage":"en-US"},{"@type":"Organization","@id":"https:\/\/www.organisator.ch\/#organization","name":"Organizer","url":"https:\/\/www.organisator.ch\/","logo":{"@type":"ImageObject","inLanguage":"en-US","@id":"https:\/\/www.organisator.ch\/#\/schema\/logo\/image\/","url":"https:\/\/www.organisator.ch\/wp-content\/uploads\/2022\/01\/Logo_Organisator_Website.png","contentUrl":"https:\/\/www.organisator.ch\/wp-content\/uploads\/2022\/01\/Logo_Organisator_Website.png","width":800,"height":77,"caption":"Organisator"},"image":{"@id":"https:\/\/www.organisator.ch\/#\/schema\/logo\/image\/"},"sameAs":["https:\/\/www.facebook.com\/OrganisatorFachmagazin","https:\/\/www.linkedin.com\/showcase\/organisator-das-magazin-fr-kmu","https:\/\/www.xing.com\/news\/pages\/organisator-ch-695","https:\/\/www.youtube.com\/channel\/UCGP2Sq0iWaZwT3BdIAQFYpw"]},{"@type":"Person","@id":"https:\/\/www.organisator.ch\/#\/schema\/person\/6f650f90b2842cd4c0cc334b4e36f67e","name":"thomas.berner","image":{"@type":"ImageObject","inLanguage":"en-US","@id":"https:\/\/secure.gravatar.com\/avatar\/ac5001d2a36cb6c6cd3e50789007ffca834b477b74a2144564522e944eabff61?s=96&d=mm&r=g","url":"https:\/\/secure.gravatar.com\/avatar\/ac5001d2a36cb6c6cd3e50789007ffca834b477b74a2144564522e944eabff61?s=96&d=mm&r=g","contentUrl":"https:\/\/secure.gravatar.com\/avatar\/ac5001d2a36cb6c6cd3e50789007ffca834b477b74a2144564522e944eabff61?s=96&d=mm&r=g","caption":"thomas.berner"},"url":"https:\/\/www.organisator.ch\/en\/author\/thomas-berner\/"}]}},"_links":{"self":[{"href":"https:\/\/www.organisator.ch\/en\/wp-json\/wp\/v2\/posts\/15444","targetHints":{"allow":["GET"]}}],"collection":[{"href":"https:\/\/www.organisator.ch\/en\/wp-json\/wp\/v2\/posts"}],"about":[{"href":"https:\/\/www.organisator.ch\/en\/wp-json\/wp\/v2\/types\/post"}],"author":[{"embeddable":true,"href":"https:\/\/www.organisator.ch\/en\/wp-json\/wp\/v2\/users\/4"}],"replies":[{"embeddable":true,"href":"https:\/\/www.organisator.ch\/en\/wp-json\/wp\/v2\/comments?post=15444"}],"version-history":[{"count":3,"href":"https:\/\/www.organisator.ch\/en\/wp-json\/wp\/v2\/posts\/15444\/revisions"}],"predecessor-version":[{"id":15512,"href":"https:\/\/www.organisator.ch\/en\/wp-json\/wp\/v2\/posts\/15444\/revisions\/15512"}],"wp:featuredmedia":[{"embeddable":true,"href":"https:\/\/www.organisator.ch\/en\/wp-json\/wp\/v2\/media\/15445"}],"wp:attachment":[{"href":"https:\/\/www.organisator.ch\/en\/wp-json\/wp\/v2\/media?parent=15444"}],"wp:term":[{"taxonomy":"category","embeddable":true,"href":"https:\/\/www.organisator.ch\/en\/wp-json\/wp\/v2\/categories?post=15444"},{"taxonomy":"post_tag","embeddable":true,"href":"https:\/\/www.organisator.ch\/en\/wp-json\/wp\/v2\/tags?post=15444"}],"curies":[{"name":"wp","href":"https:\/\/api.w.org\/{rel}","templated":true}]}}