{"id":155,"date":"2016-02-25T16:30:59","date_gmt":"2016-02-25T15:30:59","guid":{"rendered":"http:\/\/dev.organisator.ch\/?p=155"},"modified":"2016-02-25T16:30:59","modified_gmt":"2016-02-25T15:30:59","slug":"kaufmaennischer-verband-zuerich-in-modernsten-schulungsraeumen","status":"publish","type":"post","link":"https:\/\/www.organisator.ch\/en\/human-resources\/hrm\/2016-02-25\/kaufmaennischer-verband-zuerich-in-modernsten-schulungsraeumen\/","title":{"rendered":"Kaufm\u00e4nnischer Verband Z\u00fcrich in state-of-the-art training facilities"},"content":{"rendered":"<figure id=\"attachment_156\" aria-describedby=\"caption-attachment-156\" style=\"width: 680px\" class=\"wp-caption alignnone\"><img loading=\"lazy\" decoding=\"async\" class=\"size-medium wp-image-156\" src=\"https:\/\/organisator.ch\/wp-content\/uploads\/2016\/12\/Kaufm\u00e4nnischer-Verband-Z\u00fcrich-in-modernsten-Schulungsr\u00e4umen-organisator.jpg\" alt=\"\" width=\"680\" height=\"511\" \/><figcaption id=\"caption-attachment-156\" class=\"wp-caption-text\">Here, the useful is combined with the pleasant in front of the actual training rooms in Zurich's Sihlpost.<\/figcaption><\/figure>\n<blockquote><p>\"Education has become very digitized\" - Rolf Butz, Managing Director of Kaufm\u00e4nnischer Verband Z\u00fcrich.<\/p><\/blockquote>\n<p>The education center could not be better situated between Zurich's city center and the new, up-and-coming \"Europaallee\" district. In addition to an ideal location, the new training and seminar facilities offer excellent learning opportunities for adults.<\/p>\n<p>Instead of chalkboards or overhead projectors like those found in classic KV classrooms around Escherwyss-Platz, the renovated, modern Sihlpost premises feature touch-screen monitors and other e-learning gadgets.<\/p>\n<p><strong>Interactive didactics<\/strong><\/p>\n<p>Rolf Butz, Managing Director of Kaufm\u00e4nnischer Verband Z\u00fcrich, emphasizes: \"Education has become very digitalized. Our new offerings incorporate an active, if not interactive, didactic approach.\"<\/p>\n<p>By the way, each of the rooms can be adapted to the needs of learners (from small groups to larger events) in terms of its layout. In total, 24 training and seminar rooms and 7 meeting rooms were realized.<\/p>\n<p>The educational courses and seminars, such as \"Data Protection Law\" for adults, can be found at <a href=\"http:\/\/www.kvz-weiterbildung.ch\" target=\"_blank\" data-cke-saved-href=\"http:\/\/www.kvz-weiterbildung.ch\" rel=\"noopener\">www.kvz-weiterbildung.ch<\/a><\/p>","protected":false},"excerpt":{"rendered":"<p>\u201eDie Bildung hat sich sehr stark digitalisiert&#8220; &#8211; Rolf Butz, Gesch\u00e4ftsleiter Kaufm\u00e4nnischer Verband Z\u00fcrich. Das Bildungszentrum k\u00f6nnte nicht besser zwischen der Z\u00fcrcher Innenstadt und dem neuen, aufstrebenden Viertel der \u201eEuropaallee\u201c situiert sein. Die neuen Schulungs- und Seminarr\u00e4umlichkeiten bieten neben einem idealen Standort vortreffliche Lernm\u00f6glichkeiten f\u00fcr Erwachsene. Anstelle von Kreidetafeln oder Hellraumprojektoren wie man sie von [&hellip;]<\/p>\n","protected":false},"author":1,"featured_media":156,"comment_status":"open","ping_status":"open","sticky":false,"template":"","format":"standard","meta":{"_acf_changed":false,"_yoast_wpseo_focuskw":"modernsten Schulungsr\u00e4umen","_yoast_wpseo_metadesc":"Direkt beim Hauptbahnhof Z\u00fcrich, er\u00f6ffnet der Kaufm\u00e4nnische Verband Z\u00fcrich ein topmodernes Bildungszentrum, mit modernsten Schulungsr\u00e4umen f\u00fcr Erwachsene.","articlekey":"","footnotes":""},"categories":[26],"tags":[62,254],"class_list":["post-155","post","type-post","status-publish","format-standard","has-post-thumbnail","hentry","category-hrm","tag-aus-weiterbildung","tag-hrm"],"acf":[],"yoast_head":"<!-- This site is optimized with the Yoast SEO plugin v27.4 - https:\/\/yoast.com\/product\/yoast-seo-wordpress\/ -->\n<title>Kaufm\u00e4nnischer Verband Z\u00fcrich in modernsten Schulungsr\u00e4umen - Organisator<\/title>\n<meta name=\"description\" content=\"Direkt beim Hauptbahnhof Z\u00fcrich, er\u00f6ffnet der Kaufm\u00e4nnische Verband Z\u00fcrich ein topmodernes Bildungszentrum, mit modernsten Schulungsr\u00e4umen f\u00fcr Erwachsene.\" \/>\n<meta name=\"robots\" content=\"index, follow, max-snippet:-1, max-image-preview:large, max-video-preview:-1\" \/>\n<link rel=\"canonical\" href=\"https:\/\/www.organisator.ch\/en\/human-resources\/hrm\/2016-02-25\/kaufmaennischer-verband-zuerich-in-modernsten-schulungsraeumen\/\" \/>\n<meta property=\"og:locale\" content=\"en_US\" \/>\n<meta property=\"og:type\" content=\"article\" \/>\n<meta property=\"og:title\" content=\"Kaufm\u00e4nnischer Verband Z\u00fcrich in modernsten Schulungsr\u00e4umen\" \/>\n<meta property=\"og:description\" content=\"Direkt neben einem der wichtigsten Verkehrsknotenpunkte der Schweiz, dem Z\u00fcrcher Hauptbahnhof, er\u00f6ffnet der Kaufm\u00e4nnische Verband Z\u00fcrich ein topmodernes Bildungszentrum f\u00fcr Erwachsene. Der Weiterbildungsbereich der KV Z\u00fcrich Business School \u00f6ffnet am 18. M\u00e4rz 2016.\" \/>\n<meta property=\"og:url\" content=\"https:\/\/www.organisator.ch\/en\/human-resources\/hrm\/2016-02-25\/kaufmaennischer-verband-zuerich-in-modernsten-schulungsraeumen\/\" \/>\n<meta property=\"og:site_name\" content=\"Organisator\" \/>\n<meta property=\"article:publisher\" content=\"https:\/\/www.facebook.com\/OrganisatorFachmagazin\" \/>\n<meta property=\"article:published_time\" content=\"2016-02-25T15:30:59+00:00\" \/>\n<meta name=\"author\" content=\"admin\" \/>\n<meta name=\"twitter:card\" content=\"summary_large_image\" \/>\n<meta name=\"twitter:image\" content=\"https:\/\/www.organisator.ch\/wp-content\/uploads\/2016\/12\/Kaufmaennischer-Verband-Zuerich-in-modernsten-Schulungsraeumen-organisator.jpg\" \/>\n<script type=\"application\/ld+json\" class=\"yoast-schema-graph\">{\"@context\":\"https:\\\/\\\/schema.org\",\"@graph\":[{\"@type\":\"Article\",\"@id\":\"https:\\\/\\\/www.organisator.ch\\\/human-resources\\\/hrm\\\/2016-02-25\\\/kaufmaennischer-verband-zuerich-in-modernsten-schulungsraeumen\\\/#article\",\"isPartOf\":{\"@id\":\"https:\\\/\\\/www.organisator.ch\\\/human-resources\\\/hrm\\\/2016-02-25\\\/kaufmaennischer-verband-zuerich-in-modernsten-schulungsraeumen\\\/\"},\"author\":{\"name\":\"admin\",\"@id\":\"https:\\\/\\\/www.organisator.ch\\\/#\\\/schema\\\/person\\\/aa2bace6c5c5aad60102004a50c4eb1c\"},\"headline\":\"Kaufm\u00e4nnischer Verband Z\u00fcrich in modernsten Schulungsr\u00e4umen\",\"datePublished\":\"2016-02-25T15:30:59+00:00\",\"mainEntityOfPage\":{\"@id\":\"https:\\\/\\\/www.organisator.ch\\\/human-resources\\\/hrm\\\/2016-02-25\\\/kaufmaennischer-verband-zuerich-in-modernsten-schulungsraeumen\\\/\"},\"wordCount\":207,\"commentCount\":0,\"publisher\":{\"@id\":\"https:\\\/\\\/www.organisator.ch\\\/#organization\"},\"image\":{\"@id\":\"https:\\\/\\\/www.organisator.ch\\\/human-resources\\\/hrm\\\/2016-02-25\\\/kaufmaennischer-verband-zuerich-in-modernsten-schulungsraeumen\\\/#primaryimage\"},\"thumbnailUrl\":\"https:\\\/\\\/www.organisator.ch\\\/wp-content\\\/uploads\\\/2016\\\/12\\\/Kaufmaennischer-Verband-Zuerich-in-modernsten-Schulungsraeumen-organisator.jpg\",\"keywords\":[\"Aus-\\\/Weiterbildung\",\"HRM\"],\"articleSection\":[\"HRM\"],\"inLanguage\":\"en-US\"},{\"@type\":\"WebPage\",\"@id\":\"https:\\\/\\\/www.organisator.ch\\\/human-resources\\\/hrm\\\/2016-02-25\\\/kaufmaennischer-verband-zuerich-in-modernsten-schulungsraeumen\\\/\",\"url\":\"https:\\\/\\\/www.organisator.ch\\\/human-resources\\\/hrm\\\/2016-02-25\\\/kaufmaennischer-verband-zuerich-in-modernsten-schulungsraeumen\\\/\",\"name\":\"Kaufm\u00e4nnischer Verband Z\u00fcrich in modernsten Schulungsr\u00e4umen - Organisator\",\"isPartOf\":{\"@id\":\"https:\\\/\\\/www.organisator.ch\\\/#website\"},\"primaryImageOfPage\":{\"@id\":\"https:\\\/\\\/www.organisator.ch\\\/human-resources\\\/hrm\\\/2016-02-25\\\/kaufmaennischer-verband-zuerich-in-modernsten-schulungsraeumen\\\/#primaryimage\"},\"image\":{\"@id\":\"https:\\\/\\\/www.organisator.ch\\\/human-resources\\\/hrm\\\/2016-02-25\\\/kaufmaennischer-verband-zuerich-in-modernsten-schulungsraeumen\\\/#primaryimage\"},\"thumbnailUrl\":\"https:\\\/\\\/www.organisator.ch\\\/wp-content\\\/uploads\\\/2016\\\/12\\\/Kaufmaennischer-Verband-Zuerich-in-modernsten-Schulungsraeumen-organisator.jpg\",\"datePublished\":\"2016-02-25T15:30:59+00:00\",\"description\":\"Direkt beim Hauptbahnhof Z\u00fcrich, er\u00f6ffnet der Kaufm\u00e4nnische Verband Z\u00fcrich ein topmodernes Bildungszentrum, mit modernsten Schulungsr\u00e4umen f\u00fcr Erwachsene.\",\"breadcrumb\":{\"@id\":\"https:\\\/\\\/www.organisator.ch\\\/human-resources\\\/hrm\\\/2016-02-25\\\/kaufmaennischer-verband-zuerich-in-modernsten-schulungsraeumen\\\/#breadcrumb\"},\"inLanguage\":\"en-US\",\"potentialAction\":[{\"@type\":\"ReadAction\",\"target\":[\"https:\\\/\\\/www.organisator.ch\\\/human-resources\\\/hrm\\\/2016-02-25\\\/kaufmaennischer-verband-zuerich-in-modernsten-schulungsraeumen\\\/\"]}]},{\"@type\":\"ImageObject\",\"inLanguage\":\"en-US\",\"@id\":\"https:\\\/\\\/www.organisator.ch\\\/human-resources\\\/hrm\\\/2016-02-25\\\/kaufmaennischer-verband-zuerich-in-modernsten-schulungsraeumen\\\/#primaryimage\",\"url\":\"https:\\\/\\\/www.organisator.ch\\\/wp-content\\\/uploads\\\/2016\\\/12\\\/Kaufmaennischer-Verband-Zuerich-in-modernsten-Schulungsraeumen-organisator.jpg\",\"contentUrl\":\"https:\\\/\\\/www.organisator.ch\\\/wp-content\\\/uploads\\\/2016\\\/12\\\/Kaufmaennischer-Verband-Zuerich-in-modernsten-Schulungsraeumen-organisator.jpg\",\"width\":731,\"height\":549,\"caption\":\"Hier verkn\u00fcpft sich das N\u00fctzliche mit dem Angenehmen vor den eigentlichen Schulungsr\u00e4umen in der Z\u00fcrcher Sihlpost.\"},{\"@type\":\"BreadcrumbList\",\"@id\":\"https:\\\/\\\/www.organisator.ch\\\/human-resources\\\/hrm\\\/2016-02-25\\\/kaufmaennischer-verband-zuerich-in-modernsten-schulungsraeumen\\\/#breadcrumb\",\"itemListElement\":[{\"@type\":\"ListItem\",\"position\":1,\"name\":\"Home\",\"item\":\"https:\\\/\\\/www.organisator.ch\\\/\"},{\"@type\":\"ListItem\",\"position\":2,\"name\":\"Kaufm\u00e4nnischer Verband Z\u00fcrich in modernsten Schulungsr\u00e4umen\"}]},{\"@type\":\"WebSite\",\"@id\":\"https:\\\/\\\/www.organisator.ch\\\/#website\",\"url\":\"https:\\\/\\\/www.organisator.ch\\\/\",\"name\":\"Organisator\",\"description\":\"Kompetent. Praxisnah. Der ORGANISATOR bereitet in 10 Ausgaben pro Jahr die wesentlichen Themen f\u00fcr F\u00fchrungskr\u00e4fte von KMU auf.\",\"publisher\":{\"@id\":\"https:\\\/\\\/www.organisator.ch\\\/#organization\"},\"potentialAction\":[{\"@type\":\"SearchAction\",\"target\":{\"@type\":\"EntryPoint\",\"urlTemplate\":\"https:\\\/\\\/www.organisator.ch\\\/?s={search_term_string}\"},\"query-input\":{\"@type\":\"PropertyValueSpecification\",\"valueRequired\":true,\"valueName\":\"search_term_string\"}}],\"inLanguage\":\"en-US\"},{\"@type\":\"Organization\",\"@id\":\"https:\\\/\\\/www.organisator.ch\\\/#organization\",\"name\":\"Organisator\",\"url\":\"https:\\\/\\\/www.organisator.ch\\\/\",\"logo\":{\"@type\":\"ImageObject\",\"inLanguage\":\"en-US\",\"@id\":\"https:\\\/\\\/www.organisator.ch\\\/#\\\/schema\\\/logo\\\/image\\\/\",\"url\":\"https:\\\/\\\/www.organisator.ch\\\/wp-content\\\/uploads\\\/2022\\\/01\\\/Logo_Organisator_Website.png\",\"contentUrl\":\"https:\\\/\\\/www.organisator.ch\\\/wp-content\\\/uploads\\\/2022\\\/01\\\/Logo_Organisator_Website.png\",\"width\":800,\"height\":77,\"caption\":\"Organisator\"},\"image\":{\"@id\":\"https:\\\/\\\/www.organisator.ch\\\/#\\\/schema\\\/logo\\\/image\\\/\"},\"sameAs\":[\"https:\\\/\\\/www.facebook.com\\\/OrganisatorFachmagazin\",\"https:\\\/\\\/www.linkedin.com\\\/showcase\\\/organisator-das-magazin-fr-kmu\",\"https:\\\/\\\/www.xing.com\\\/news\\\/pages\\\/organisator-ch-695\",\"https:\\\/\\\/www.youtube.com\\\/channel\\\/UCGP2Sq0iWaZwT3BdIAQFYpw\"]},{\"@type\":\"Person\",\"@id\":\"https:\\\/\\\/www.organisator.ch\\\/#\\\/schema\\\/person\\\/aa2bace6c5c5aad60102004a50c4eb1c\",\"name\":\"admin\",\"image\":{\"@type\":\"ImageObject\",\"inLanguage\":\"en-US\",\"@id\":\"https:\\\/\\\/secure.gravatar.com\\\/avatar\\\/ae2f4d718e6c49043e314ce431e7e645d646302a24a5ef5a8bc8e3f5a032e319?s=96&d=mm&r=g\",\"url\":\"https:\\\/\\\/secure.gravatar.com\\\/avatar\\\/ae2f4d718e6c49043e314ce431e7e645d646302a24a5ef5a8bc8e3f5a032e319?s=96&d=mm&r=g\",\"contentUrl\":\"https:\\\/\\\/secure.gravatar.com\\\/avatar\\\/ae2f4d718e6c49043e314ce431e7e645d646302a24a5ef5a8bc8e3f5a032e319?s=96&d=mm&r=g\",\"caption\":\"admin\"},\"sameAs\":[\"https:\\\/\\\/www.organisator.ch\"],\"url\":\"https:\\\/\\\/www.organisator.ch\\\/en\\\/author\\\/admin\\\/\"}]}<\/script>\n<!-- \/ Yoast SEO plugin. -->","yoast_head_json":{"title":"Kaufm\u00e4nnischer Verband Z\u00fcrich in state-of-the-art training facilities - Organizer","description":"Right next to Zurich's main train station, the Kaufm\u00e4nnische Verband Z\u00fcrich is opening a state-of-the-art training center, with state-of-the-art classrooms for adults.","robots":{"index":"index","follow":"follow","max-snippet":"max-snippet:-1","max-image-preview":"max-image-preview:large","max-video-preview":"max-video-preview:-1"},"canonical":"https:\/\/www.organisator.ch\/en\/human-resources\/hrm\/2016-02-25\/kaufmaennischer-verband-zuerich-in-modernsten-schulungsraeumen\/","og_locale":"en_US","og_type":"article","og_title":"Kaufm\u00e4nnischer Verband Z\u00fcrich in modernsten Schulungsr\u00e4umen","og_description":"Direkt neben einem der wichtigsten Verkehrsknotenpunkte der Schweiz, dem Z\u00fcrcher Hauptbahnhof, er\u00f6ffnet der Kaufm\u00e4nnische Verband Z\u00fcrich ein topmodernes Bildungszentrum f\u00fcr Erwachsene. Der Weiterbildungsbereich der KV Z\u00fcrich Business School \u00f6ffnet am 18. M\u00e4rz 2016.","og_url":"https:\/\/www.organisator.ch\/en\/human-resources\/hrm\/2016-02-25\/kaufmaennischer-verband-zuerich-in-modernsten-schulungsraeumen\/","og_site_name":"Organisator","article_publisher":"https:\/\/www.facebook.com\/OrganisatorFachmagazin","article_published_time":"2016-02-25T15:30:59+00:00","author":"admin","twitter_card":"summary_large_image","twitter_image":"https:\/\/www.organisator.ch\/wp-content\/uploads\/2016\/12\/Kaufmaennischer-Verband-Zuerich-in-modernsten-Schulungsraeumen-organisator.jpg","schema":{"@context":"https:\/\/schema.org","@graph":[{"@type":"Article","@id":"https:\/\/www.organisator.ch\/human-resources\/hrm\/2016-02-25\/kaufmaennischer-verband-zuerich-in-modernsten-schulungsraeumen\/#article","isPartOf":{"@id":"https:\/\/www.organisator.ch\/human-resources\/hrm\/2016-02-25\/kaufmaennischer-verband-zuerich-in-modernsten-schulungsraeumen\/"},"author":{"name":"admin","@id":"https:\/\/www.organisator.ch\/#\/schema\/person\/aa2bace6c5c5aad60102004a50c4eb1c"},"headline":"Kaufm\u00e4nnischer Verband Z\u00fcrich in modernsten Schulungsr\u00e4umen","datePublished":"2016-02-25T15:30:59+00:00","mainEntityOfPage":{"@id":"https:\/\/www.organisator.ch\/human-resources\/hrm\/2016-02-25\/kaufmaennischer-verband-zuerich-in-modernsten-schulungsraeumen\/"},"wordCount":207,"commentCount":0,"publisher":{"@id":"https:\/\/www.organisator.ch\/#organization"},"image":{"@id":"https:\/\/www.organisator.ch\/human-resources\/hrm\/2016-02-25\/kaufmaennischer-verband-zuerich-in-modernsten-schulungsraeumen\/#primaryimage"},"thumbnailUrl":"https:\/\/www.organisator.ch\/wp-content\/uploads\/2016\/12\/Kaufmaennischer-Verband-Zuerich-in-modernsten-Schulungsraeumen-organisator.jpg","keywords":["Aus-\/Weiterbildung","HRM"],"articleSection":["HRM"],"inLanguage":"en-US"},{"@type":"WebPage","@id":"https:\/\/www.organisator.ch\/human-resources\/hrm\/2016-02-25\/kaufmaennischer-verband-zuerich-in-modernsten-schulungsraeumen\/","url":"https:\/\/www.organisator.ch\/human-resources\/hrm\/2016-02-25\/kaufmaennischer-verband-zuerich-in-modernsten-schulungsraeumen\/","name":"Kaufm\u00e4nnischer Verband Z\u00fcrich in state-of-the-art training facilities - Organizer","isPartOf":{"@id":"https:\/\/www.organisator.ch\/#website"},"primaryImageOfPage":{"@id":"https:\/\/www.organisator.ch\/human-resources\/hrm\/2016-02-25\/kaufmaennischer-verband-zuerich-in-modernsten-schulungsraeumen\/#primaryimage"},"image":{"@id":"https:\/\/www.organisator.ch\/human-resources\/hrm\/2016-02-25\/kaufmaennischer-verband-zuerich-in-modernsten-schulungsraeumen\/#primaryimage"},"thumbnailUrl":"https:\/\/www.organisator.ch\/wp-content\/uploads\/2016\/12\/Kaufmaennischer-Verband-Zuerich-in-modernsten-Schulungsraeumen-organisator.jpg","datePublished":"2016-02-25T15:30:59+00:00","description":"Right next to Zurich's main train station, the Kaufm\u00e4nnische Verband Z\u00fcrich is opening a state-of-the-art training center, with state-of-the-art classrooms for adults.","breadcrumb":{"@id":"https:\/\/www.organisator.ch\/human-resources\/hrm\/2016-02-25\/kaufmaennischer-verband-zuerich-in-modernsten-schulungsraeumen\/#breadcrumb"},"inLanguage":"en-US","potentialAction":[{"@type":"ReadAction","target":["https:\/\/www.organisator.ch\/human-resources\/hrm\/2016-02-25\/kaufmaennischer-verband-zuerich-in-modernsten-schulungsraeumen\/"]}]},{"@type":"ImageObject","inLanguage":"en-US","@id":"https:\/\/www.organisator.ch\/human-resources\/hrm\/2016-02-25\/kaufmaennischer-verband-zuerich-in-modernsten-schulungsraeumen\/#primaryimage","url":"https:\/\/www.organisator.ch\/wp-content\/uploads\/2016\/12\/Kaufmaennischer-Verband-Zuerich-in-modernsten-Schulungsraeumen-organisator.jpg","contentUrl":"https:\/\/www.organisator.ch\/wp-content\/uploads\/2016\/12\/Kaufmaennischer-Verband-Zuerich-in-modernsten-Schulungsraeumen-organisator.jpg","width":731,"height":549,"caption":"Hier verkn\u00fcpft sich das N\u00fctzliche mit dem Angenehmen vor den eigentlichen Schulungsr\u00e4umen in der Z\u00fcrcher Sihlpost."},{"@type":"BreadcrumbList","@id":"https:\/\/www.organisator.ch\/human-resources\/hrm\/2016-02-25\/kaufmaennischer-verband-zuerich-in-modernsten-schulungsraeumen\/#breadcrumb","itemListElement":[{"@type":"ListItem","position":1,"name":"Home","item":"https:\/\/www.organisator.ch\/"},{"@type":"ListItem","position":2,"name":"Kaufm\u00e4nnischer Verband Z\u00fcrich in modernsten Schulungsr\u00e4umen"}]},{"@type":"WebSite","@id":"https:\/\/www.organisator.ch\/#website","url":"https:\/\/www.organisator.ch\/","name":"Organizer","description":"Competent. Practical. In 10 issues per year, ORGANISATOR presents the essential topics for managers of SMEs.","publisher":{"@id":"https:\/\/www.organisator.ch\/#organization"},"potentialAction":[{"@type":"SearchAction","target":{"@type":"EntryPoint","urlTemplate":"https:\/\/www.organisator.ch\/?s={search_term_string}"},"query-input":{"@type":"PropertyValueSpecification","valueRequired":true,"valueName":"search_term_string"}}],"inLanguage":"en-US"},{"@type":"Organization","@id":"https:\/\/www.organisator.ch\/#organization","name":"Organizer","url":"https:\/\/www.organisator.ch\/","logo":{"@type":"ImageObject","inLanguage":"en-US","@id":"https:\/\/www.organisator.ch\/#\/schema\/logo\/image\/","url":"https:\/\/www.organisator.ch\/wp-content\/uploads\/2022\/01\/Logo_Organisator_Website.png","contentUrl":"https:\/\/www.organisator.ch\/wp-content\/uploads\/2022\/01\/Logo_Organisator_Website.png","width":800,"height":77,"caption":"Organisator"},"image":{"@id":"https:\/\/www.organisator.ch\/#\/schema\/logo\/image\/"},"sameAs":["https:\/\/www.facebook.com\/OrganisatorFachmagazin","https:\/\/www.linkedin.com\/showcase\/organisator-das-magazin-fr-kmu","https:\/\/www.xing.com\/news\/pages\/organisator-ch-695","https:\/\/www.youtube.com\/channel\/UCGP2Sq0iWaZwT3BdIAQFYpw"]},{"@type":"Person","@id":"https:\/\/www.organisator.ch\/#\/schema\/person\/aa2bace6c5c5aad60102004a50c4eb1c","name":"admin","image":{"@type":"ImageObject","inLanguage":"en-US","@id":"https:\/\/secure.gravatar.com\/avatar\/ae2f4d718e6c49043e314ce431e7e645d646302a24a5ef5a8bc8e3f5a032e319?s=96&d=mm&r=g","url":"https:\/\/secure.gravatar.com\/avatar\/ae2f4d718e6c49043e314ce431e7e645d646302a24a5ef5a8bc8e3f5a032e319?s=96&d=mm&r=g","contentUrl":"https:\/\/secure.gravatar.com\/avatar\/ae2f4d718e6c49043e314ce431e7e645d646302a24a5ef5a8bc8e3f5a032e319?s=96&d=mm&r=g","caption":"admin"},"sameAs":["https:\/\/www.organisator.ch"],"url":"https:\/\/www.organisator.ch\/en\/author\/admin\/"}]}},"_links":{"self":[{"href":"https:\/\/www.organisator.ch\/en\/wp-json\/wp\/v2\/posts\/155","targetHints":{"allow":["GET"]}}],"collection":[{"href":"https:\/\/www.organisator.ch\/en\/wp-json\/wp\/v2\/posts"}],"about":[{"href":"https:\/\/www.organisator.ch\/en\/wp-json\/wp\/v2\/types\/post"}],"author":[{"embeddable":true,"href":"https:\/\/www.organisator.ch\/en\/wp-json\/wp\/v2\/users\/1"}],"replies":[{"embeddable":true,"href":"https:\/\/www.organisator.ch\/en\/wp-json\/wp\/v2\/comments?post=155"}],"version-history":[{"count":0,"href":"https:\/\/www.organisator.ch\/en\/wp-json\/wp\/v2\/posts\/155\/revisions"}],"wp:featuredmedia":[{"embeddable":true,"href":"https:\/\/www.organisator.ch\/en\/wp-json\/wp\/v2\/media\/156"}],"wp:attachment":[{"href":"https:\/\/www.organisator.ch\/en\/wp-json\/wp\/v2\/media?parent=155"}],"wp:term":[{"taxonomy":"category","embeddable":true,"href":"https:\/\/www.organisator.ch\/en\/wp-json\/wp\/v2\/categories?post=155"},{"taxonomy":"post_tag","embeddable":true,"href":"https:\/\/www.organisator.ch\/en\/wp-json\/wp\/v2\/tags?post=155"}],"curies":[{"name":"wp","href":"https:\/\/api.w.org\/{rel}","templated":true}]}}