{"id":1550,"date":"2017-02-21T12:46:35","date_gmt":"2017-02-21T11:46:35","guid":{"rendered":"https:\/\/www.organisator.ch\/?p=1550"},"modified":"2017-02-21T12:46:35","modified_gmt":"2017-02-21T11:46:35","slug":"business-travel-schweizer-travel-manager-sehen-schwarz","status":"publish","type":"post","link":"https:\/\/www.organisator.ch\/en\/allgemein\/2017-02-21\/business-travel-schweizer-travel-manager-sehen-schwarz\/","title":{"rendered":"Business Travel: Swiss Travel Managers See Black"},"content":{"rendered":"<figure id=\"attachment_1551\" aria-describedby=\"caption-attachment-1551\" style=\"width: 680px\" class=\"wp-caption alignnone\"><img loading=\"lazy\" decoding=\"async\" class=\"size-medium wp-image-1551\" src=\"https:\/\/www.organisator.ch\/wp-content\/uploads\/2017\/02\/Business-Travel-Schweizer-Business-Travel-Manager_AirPlus-Studie-org-Organisator.jpg\" alt=\"\" width=\"680\" height=\"454\" srcset=\"https:\/\/www.organisator.ch\/wp-content\/uploads\/2017\/02\/Business-Travel-Schweizer-Business-Travel-Manager_AirPlus-Studie-org-Organisator.jpg 1000w, https:\/\/www.organisator.ch\/wp-content\/uploads\/2017\/02\/Business-Travel-Schweizer-Business-Travel-Manager_AirPlus-Studie-org-Organisator-680x454.jpg 680w, https:\/\/www.organisator.ch\/wp-content\/uploads\/2017\/02\/Business-Travel-Schweizer-Business-Travel-Manager_AirPlus-Studie-org-Organisator-768x512.jpg 768w, https:\/\/www.organisator.ch\/wp-content\/uploads\/2017\/02\/Business-Travel-Schweizer-Business-Travel-Manager_AirPlus-Studie-org-Organisator-16x12.jpg 16w, https:\/\/www.organisator.ch\/wp-content\/uploads\/2017\/02\/Business-Travel-Schweizer-Business-Travel-Manager_AirPlus-Studie-org-Organisator-262x175.jpg 262w, https:\/\/www.organisator.ch\/wp-content\/uploads\/2017\/02\/Business-Travel-Schweizer-Business-Travel-Manager_AirPlus-Studie-org-Organisator-525x350.jpg 525w, https:\/\/www.organisator.ch\/wp-content\/uploads\/2017\/02\/Business-Travel-Schweizer-Business-Travel-Manager_AirPlus-Studie-org-Organisator-920x614.jpg 920w, https:\/\/www.organisator.ch\/wp-content\/uploads\/2017\/02\/Business-Travel-Schweizer-Business-Travel-Manager_AirPlus-Studie-org-Organisator-300x200.jpg 300w\" sizes=\"auto, (max-width: 680px) 100vw, 680px\" \/><figcaption id=\"caption-attachment-1551\" class=\"wp-caption-text\">The strong franc and loose pound bring few advantages for Swiss business managers. (Image: depositphotos_ dementat)<\/figcaption><\/figure>\n<p>Only 15% of Swiss travel managers expect more travel in 2017 than in the previous year. In 2016, this figure was still 23%, already 11 percentage points behind 2015, meaning that the Swiss are more pessimistic about the future than their international colleagues (33%). At the same time, however, the number of travel managers in Switzerland expecting fewer business trips this year fell from 16% in 2016 to 8% at present (13% globally).<\/p>\n<p><strong>Expectations are mixed <\/strong><\/p>\n<p>According to AirPlus, the falling cost of business travel as well as the non-homogeneous Swiss export market could be responsible for this contradictory situation. While some industries (e.g. pharmaceuticals) continue to do well, the processing industry (e.g. mechanical engineering) is struggling. Swiss business travelers are more confident about the situation: 13% believe there will be less travel in 2017 (2016: 17%), while 29% expect an increase (2016: 19%).<\/p>\n<p>In addition to the strong Swiss franc, this could also be due to another trend among Swiss companies, namely the relocation of production facilities abroad<\/p>\n<p><strong>New travel orientations \u00a0<\/strong><\/p>\n<p>The above reasons could increase the need for business travel at the management level. On an international level, Americans have the highest expectations for 2017: 71% of corporate travel managers expect travel numbers to increase. In 2016, the figure was just 26%. Also optimistic are 60% of Indian travel managers and 78% of business travelers, who expect an increase in business trips due to the economic boom and rising exports.<\/p>\n<p><strong>Swiss pessimistic <\/strong><\/p>\n<p>The economic impact on their market has been increasingly viewed more positively by international travel managers in recent years. 2017 is the first year in which the number of positively minded travel planners (29%) is greater than that of their negatively minded colleagues (23%). This means that the proportion of optimistic managers has more than doubled in the last three years (2014: 14%).<\/p>\n<p>In Switzerland, the picture is different: Only 5% of Swiss travel managers believe that the current economic environment will have a positive impact on business travel. The number who see a negative impact has fallen from 31% in 2016 to 20%. This means that 71% of travel managers see no economic impact on business travel (2016: 62%). Swiss business travelers are significantly more optimistic, putting them more in line with the Western European average.<\/p>\n<p>22% of Business Travelers in Switzerland each expect the economy to have a positive or negative impact on the business travel segment.<\/p>\n<p>The 12th \"International Travel Management Study by AirPlus International\" can be found under this <a href=\"https:\/\/www.airplus.com\/editorial-files\/switzerland\/documents\/german\/airplus_international_travel_management_study_2017_part_1_ch-de.pdf\">Link<\/a><\/p>\n<p>&nbsp;<\/p>","protected":false},"excerpt":{"rendered":"<p>Lediglich 15% der Schweizer Travel Manager rechnen 2017 mit mehr Reisen als im Vorjahr. 2016 lag dieser Wert noch bei 23% und damit bereits 11 Prozentpunkte hinter 2015. Damit blicken die Schweizer pessimistischer in die Zukunft als ihre internationalen Kollegen (33%). Gleichzeitig sank hierzulande aber auch die Zahl der Reiseverantwortlichen, welche dieses Jahr weniger Gesch\u00e4ftsreisen [&hellip;]<\/p>\n","protected":false},"author":5,"featured_media":1551,"comment_status":"open","ping_status":"open","sticky":false,"template":"","format":"standard","meta":{"_acf_changed":false,"_yoast_wpseo_focuskw":"Business Travel","_yoast_wpseo_metadesc":"Business Travel Manager gehen 2017 von einem stabilen oder wachsenden Gesch\u00e4ft aus, unterstreicht die aktuelle Studie von AirPlus.","articlekey":"","footnotes":""},"categories":[1],"tags":[34,107,492],"class_list":["post-1550","post","type-post","status-publish","format-standard","has-post-thumbnail","hentry","category-allgemein","tag-airplus","tag-business-travel","tag-unternehmen"],"acf":[],"yoast_head":"<!-- This site is optimized with the Yoast SEO plugin v27.5 - https:\/\/yoast.com\/product\/yoast-seo-wordpress\/ -->\n<title>Business Travel: Schweizer Travel Manager sehen schwarz - Organisator<\/title>\n<meta name=\"description\" content=\"Business Travel Manager gehen 2017 von einem stabilen oder wachsenden Gesch\u00e4ft aus, unterstreicht die aktuelle Studie von AirPlus.\" \/>\n<meta name=\"robots\" content=\"index, follow, max-snippet:-1, max-image-preview:large, max-video-preview:-1\" \/>\n<link rel=\"canonical\" href=\"https:\/\/www.organisator.ch\/en\/general\/2017-02-21\/business-travel-schweizer-travel-manager-sehen-schwarz\/\" \/>\n<meta property=\"og:locale\" content=\"en_US\" \/>\n<meta property=\"og:type\" content=\"article\" \/>\n<meta property=\"og:title\" content=\"Business Travel: Schweizer Travel Manager sehen schwarz\" \/>\n<meta property=\"og:description\" content=\"Business Travel Manager und 84 Prozent der Gesch\u00e4ftsreisenden gehen 2017 von einem stabilen oder wachsenden Gesch\u00e4ft aus, unterstreicht eine aktuelle Studie von AirPlus.\" \/>\n<meta property=\"og:url\" content=\"https:\/\/www.organisator.ch\/en\/general\/2017-02-21\/business-travel-schweizer-travel-manager-sehen-schwarz\/\" \/>\n<meta property=\"og:site_name\" content=\"Organisator\" \/>\n<meta property=\"article:publisher\" content=\"https:\/\/www.facebook.com\/OrganisatorFachmagazin\" \/>\n<meta property=\"article:published_time\" content=\"2017-02-21T11:46:35+00:00\" \/>\n<meta property=\"og:image\" content=\"https:\/\/www.organisator.ch\/wp-content\/uploads\/2017\/02\/Business-Travel-Schweizer-Business-Travel-Manager_AirPlus-Studie-org-Organisator.jpg\" \/>\n\t<meta property=\"og:image:width\" content=\"1000\" \/>\n\t<meta property=\"og:image:height\" content=\"667\" \/>\n\t<meta property=\"og:image:type\" content=\"image\/jpeg\" \/>\n<meta name=\"author\" content=\"michael.merz\" \/>\n<meta name=\"twitter:card\" content=\"summary_large_image\" \/>\n<script type=\"application\/ld+json\" class=\"yoast-schema-graph\">{\"@context\":\"https:\\\/\\\/schema.org\",\"@graph\":[{\"@type\":\"Article\",\"@id\":\"https:\\\/\\\/www.organisator.ch\\\/de\\\/allgemein\\\/2017-02-21\\\/business-travel-schweizer-travel-manager-sehen-schwarz\\\/#article\",\"isPartOf\":{\"@id\":\"https:\\\/\\\/www.organisator.ch\\\/de\\\/allgemein\\\/2017-02-21\\\/business-travel-schweizer-travel-manager-sehen-schwarz\\\/\"},\"author\":{\"name\":\"michael.merz\",\"@id\":\"https:\\\/\\\/www.organisator.ch\\\/#\\\/schema\\\/person\\\/134708ca9321c57b0362cceb7948ffbd\"},\"headline\":\"Business Travel: Schweizer Travel Manager sehen schwarz\",\"datePublished\":\"2017-02-21T11:46:35+00:00\",\"mainEntityOfPage\":{\"@id\":\"https:\\\/\\\/www.organisator.ch\\\/de\\\/allgemein\\\/2017-02-21\\\/business-travel-schweizer-travel-manager-sehen-schwarz\\\/\"},\"wordCount\":406,\"commentCount\":0,\"publisher\":{\"@id\":\"https:\\\/\\\/www.organisator.ch\\\/#organization\"},\"image\":{\"@id\":\"https:\\\/\\\/www.organisator.ch\\\/de\\\/allgemein\\\/2017-02-21\\\/business-travel-schweizer-travel-manager-sehen-schwarz\\\/#primaryimage\"},\"thumbnailUrl\":\"https:\\\/\\\/www.organisator.ch\\\/wp-content\\\/uploads\\\/2017\\\/02\\\/Business-Travel-Schweizer-Business-Travel-Manager_AirPlus-Studie-org-Organisator.jpg\",\"keywords\":[\"AirPlus\",\"Business Travel\",\"Unternehmen\"],\"articleSection\":[\"Allgemein\"],\"inLanguage\":\"en-US\"},{\"@type\":\"WebPage\",\"@id\":\"https:\\\/\\\/www.organisator.ch\\\/de\\\/allgemein\\\/2017-02-21\\\/business-travel-schweizer-travel-manager-sehen-schwarz\\\/\",\"url\":\"https:\\\/\\\/www.organisator.ch\\\/de\\\/allgemein\\\/2017-02-21\\\/business-travel-schweizer-travel-manager-sehen-schwarz\\\/\",\"name\":\"Business Travel: Schweizer Travel Manager sehen schwarz - Organisator\",\"isPartOf\":{\"@id\":\"https:\\\/\\\/www.organisator.ch\\\/#website\"},\"primaryImageOfPage\":{\"@id\":\"https:\\\/\\\/www.organisator.ch\\\/de\\\/allgemein\\\/2017-02-21\\\/business-travel-schweizer-travel-manager-sehen-schwarz\\\/#primaryimage\"},\"image\":{\"@id\":\"https:\\\/\\\/www.organisator.ch\\\/de\\\/allgemein\\\/2017-02-21\\\/business-travel-schweizer-travel-manager-sehen-schwarz\\\/#primaryimage\"},\"thumbnailUrl\":\"https:\\\/\\\/www.organisator.ch\\\/wp-content\\\/uploads\\\/2017\\\/02\\\/Business-Travel-Schweizer-Business-Travel-Manager_AirPlus-Studie-org-Organisator.jpg\",\"datePublished\":\"2017-02-21T11:46:35+00:00\",\"description\":\"Business Travel Manager gehen 2017 von einem stabilen oder wachsenden Gesch\u00e4ft aus, unterstreicht die aktuelle Studie von AirPlus.\",\"breadcrumb\":{\"@id\":\"https:\\\/\\\/www.organisator.ch\\\/de\\\/allgemein\\\/2017-02-21\\\/business-travel-schweizer-travel-manager-sehen-schwarz\\\/#breadcrumb\"},\"inLanguage\":\"en-US\",\"potentialAction\":[{\"@type\":\"ReadAction\",\"target\":[\"https:\\\/\\\/www.organisator.ch\\\/de\\\/allgemein\\\/2017-02-21\\\/business-travel-schweizer-travel-manager-sehen-schwarz\\\/\"]}]},{\"@type\":\"ImageObject\",\"inLanguage\":\"en-US\",\"@id\":\"https:\\\/\\\/www.organisator.ch\\\/de\\\/allgemein\\\/2017-02-21\\\/business-travel-schweizer-travel-manager-sehen-schwarz\\\/#primaryimage\",\"url\":\"https:\\\/\\\/www.organisator.ch\\\/wp-content\\\/uploads\\\/2017\\\/02\\\/Business-Travel-Schweizer-Business-Travel-Manager_AirPlus-Studie-org-Organisator.jpg\",\"contentUrl\":\"https:\\\/\\\/www.organisator.ch\\\/wp-content\\\/uploads\\\/2017\\\/02\\\/Business-Travel-Schweizer-Business-Travel-Manager_AirPlus-Studie-org-Organisator.jpg\",\"width\":1000,\"height\":667,\"caption\":\"Shot of airplane flying above glass office buildings. Fisheye lens effect.\"},{\"@type\":\"BreadcrumbList\",\"@id\":\"https:\\\/\\\/www.organisator.ch\\\/de\\\/allgemein\\\/2017-02-21\\\/business-travel-schweizer-travel-manager-sehen-schwarz\\\/#breadcrumb\",\"itemListElement\":[{\"@type\":\"ListItem\",\"position\":1,\"name\":\"Home\",\"item\":\"https:\\\/\\\/www.organisator.ch\\\/\"},{\"@type\":\"ListItem\",\"position\":2,\"name\":\"Business Travel: Schweizer Travel Manager sehen schwarz\"}]},{\"@type\":\"WebSite\",\"@id\":\"https:\\\/\\\/www.organisator.ch\\\/#website\",\"url\":\"https:\\\/\\\/www.organisator.ch\\\/\",\"name\":\"Organisator\",\"description\":\"Kompetent. Praxisnah. Der ORGANISATOR bereitet in 10 Ausgaben pro Jahr die wesentlichen Themen f\u00fcr F\u00fchrungskr\u00e4fte von KMU auf.\",\"publisher\":{\"@id\":\"https:\\\/\\\/www.organisator.ch\\\/#organization\"},\"potentialAction\":[{\"@type\":\"SearchAction\",\"target\":{\"@type\":\"EntryPoint\",\"urlTemplate\":\"https:\\\/\\\/www.organisator.ch\\\/?s={search_term_string}\"},\"query-input\":{\"@type\":\"PropertyValueSpecification\",\"valueRequired\":true,\"valueName\":\"search_term_string\"}}],\"inLanguage\":\"en-US\"},{\"@type\":\"Organization\",\"@id\":\"https:\\\/\\\/www.organisator.ch\\\/#organization\",\"name\":\"Organisator\",\"url\":\"https:\\\/\\\/www.organisator.ch\\\/\",\"logo\":{\"@type\":\"ImageObject\",\"inLanguage\":\"en-US\",\"@id\":\"https:\\\/\\\/www.organisator.ch\\\/#\\\/schema\\\/logo\\\/image\\\/\",\"url\":\"https:\\\/\\\/www.organisator.ch\\\/wp-content\\\/uploads\\\/2022\\\/01\\\/Logo_Organisator_Website.png\",\"contentUrl\":\"https:\\\/\\\/www.organisator.ch\\\/wp-content\\\/uploads\\\/2022\\\/01\\\/Logo_Organisator_Website.png\",\"width\":800,\"height\":77,\"caption\":\"Organisator\"},\"image\":{\"@id\":\"https:\\\/\\\/www.organisator.ch\\\/#\\\/schema\\\/logo\\\/image\\\/\"},\"sameAs\":[\"https:\\\/\\\/www.facebook.com\\\/OrganisatorFachmagazin\",\"https:\\\/\\\/www.linkedin.com\\\/showcase\\\/organisator-das-magazin-fr-kmu\",\"https:\\\/\\\/www.xing.com\\\/news\\\/pages\\\/organisator-ch-695\",\"https:\\\/\\\/www.youtube.com\\\/channel\\\/UCGP2Sq0iWaZwT3BdIAQFYpw\"]},{\"@type\":\"Person\",\"@id\":\"https:\\\/\\\/www.organisator.ch\\\/#\\\/schema\\\/person\\\/134708ca9321c57b0362cceb7948ffbd\",\"name\":\"michael.merz\",\"image\":{\"@type\":\"ImageObject\",\"inLanguage\":\"en-US\",\"@id\":\"https:\\\/\\\/secure.gravatar.com\\\/avatar\\\/?s=96&d=mm&r=g\",\"url\":\"https:\\\/\\\/secure.gravatar.com\\\/avatar\\\/?s=96&d=mm&r=g\",\"contentUrl\":\"https:\\\/\\\/secure.gravatar.com\\\/avatar\\\/?s=96&d=mm&r=g\",\"caption\":\"michael.merz\"},\"url\":\"https:\\\/\\\/www.organisator.ch\\\/en\\\/author\\\/michael-merz\\\/\"}]}<\/script>\n<!-- \/ Yoast SEO plugin. -->","yoast_head_json":{"title":"Business Travel: Swiss travel managers see black - Organizer","description":"Business travel managers expect business to remain stable or grow in 2017, underlines the latest study by AirPlus.","robots":{"index":"index","follow":"follow","max-snippet":"max-snippet:-1","max-image-preview":"max-image-preview:large","max-video-preview":"max-video-preview:-1"},"canonical":"https:\/\/www.organisator.ch\/en\/general\/2017-02-21\/business-travel-schweizer-travel-manager-sehen-schwarz\/","og_locale":"en_US","og_type":"article","og_title":"Business Travel: Schweizer Travel Manager sehen schwarz","og_description":"Business Travel Manager und 84 Prozent der Gesch\u00e4ftsreisenden gehen 2017 von einem stabilen oder wachsenden Gesch\u00e4ft aus, unterstreicht eine aktuelle Studie von AirPlus.","og_url":"https:\/\/www.organisator.ch\/en\/general\/2017-02-21\/business-travel-schweizer-travel-manager-sehen-schwarz\/","og_site_name":"Organisator","article_publisher":"https:\/\/www.facebook.com\/OrganisatorFachmagazin","article_published_time":"2017-02-21T11:46:35+00:00","og_image":[{"width":1000,"height":667,"url":"https:\/\/www.organisator.ch\/wp-content\/uploads\/2017\/02\/Business-Travel-Schweizer-Business-Travel-Manager_AirPlus-Studie-org-Organisator.jpg","type":"image\/jpeg"}],"author":"michael.merz","twitter_card":"summary_large_image","schema":{"@context":"https:\/\/schema.org","@graph":[{"@type":"Article","@id":"https:\/\/www.organisator.ch\/de\/allgemein\/2017-02-21\/business-travel-schweizer-travel-manager-sehen-schwarz\/#article","isPartOf":{"@id":"https:\/\/www.organisator.ch\/de\/allgemein\/2017-02-21\/business-travel-schweizer-travel-manager-sehen-schwarz\/"},"author":{"name":"michael.merz","@id":"https:\/\/www.organisator.ch\/#\/schema\/person\/134708ca9321c57b0362cceb7948ffbd"},"headline":"Business Travel: Schweizer Travel Manager sehen schwarz","datePublished":"2017-02-21T11:46:35+00:00","mainEntityOfPage":{"@id":"https:\/\/www.organisator.ch\/de\/allgemein\/2017-02-21\/business-travel-schweizer-travel-manager-sehen-schwarz\/"},"wordCount":406,"commentCount":0,"publisher":{"@id":"https:\/\/www.organisator.ch\/#organization"},"image":{"@id":"https:\/\/www.organisator.ch\/de\/allgemein\/2017-02-21\/business-travel-schweizer-travel-manager-sehen-schwarz\/#primaryimage"},"thumbnailUrl":"https:\/\/www.organisator.ch\/wp-content\/uploads\/2017\/02\/Business-Travel-Schweizer-Business-Travel-Manager_AirPlus-Studie-org-Organisator.jpg","keywords":["AirPlus","Business Travel","Unternehmen"],"articleSection":["Allgemein"],"inLanguage":"en-US"},{"@type":"WebPage","@id":"https:\/\/www.organisator.ch\/de\/allgemein\/2017-02-21\/business-travel-schweizer-travel-manager-sehen-schwarz\/","url":"https:\/\/www.organisator.ch\/de\/allgemein\/2017-02-21\/business-travel-schweizer-travel-manager-sehen-schwarz\/","name":"Business Travel: Swiss travel managers see black - Organizer","isPartOf":{"@id":"https:\/\/www.organisator.ch\/#website"},"primaryImageOfPage":{"@id":"https:\/\/www.organisator.ch\/de\/allgemein\/2017-02-21\/business-travel-schweizer-travel-manager-sehen-schwarz\/#primaryimage"},"image":{"@id":"https:\/\/www.organisator.ch\/de\/allgemein\/2017-02-21\/business-travel-schweizer-travel-manager-sehen-schwarz\/#primaryimage"},"thumbnailUrl":"https:\/\/www.organisator.ch\/wp-content\/uploads\/2017\/02\/Business-Travel-Schweizer-Business-Travel-Manager_AirPlus-Studie-org-Organisator.jpg","datePublished":"2017-02-21T11:46:35+00:00","description":"Business travel managers expect business to remain stable or grow in 2017, underlines the latest study by AirPlus.","breadcrumb":{"@id":"https:\/\/www.organisator.ch\/de\/allgemein\/2017-02-21\/business-travel-schweizer-travel-manager-sehen-schwarz\/#breadcrumb"},"inLanguage":"en-US","potentialAction":[{"@type":"ReadAction","target":["https:\/\/www.organisator.ch\/de\/allgemein\/2017-02-21\/business-travel-schweizer-travel-manager-sehen-schwarz\/"]}]},{"@type":"ImageObject","inLanguage":"en-US","@id":"https:\/\/www.organisator.ch\/de\/allgemein\/2017-02-21\/business-travel-schweizer-travel-manager-sehen-schwarz\/#primaryimage","url":"https:\/\/www.organisator.ch\/wp-content\/uploads\/2017\/02\/Business-Travel-Schweizer-Business-Travel-Manager_AirPlus-Studie-org-Organisator.jpg","contentUrl":"https:\/\/www.organisator.ch\/wp-content\/uploads\/2017\/02\/Business-Travel-Schweizer-Business-Travel-Manager_AirPlus-Studie-org-Organisator.jpg","width":1000,"height":667,"caption":"Shot of airplane flying above glass office buildings. Fisheye lens effect."},{"@type":"BreadcrumbList","@id":"https:\/\/www.organisator.ch\/de\/allgemein\/2017-02-21\/business-travel-schweizer-travel-manager-sehen-schwarz\/#breadcrumb","itemListElement":[{"@type":"ListItem","position":1,"name":"Home","item":"https:\/\/www.organisator.ch\/"},{"@type":"ListItem","position":2,"name":"Business Travel: Schweizer Travel Manager sehen schwarz"}]},{"@type":"WebSite","@id":"https:\/\/www.organisator.ch\/#website","url":"https:\/\/www.organisator.ch\/","name":"Organizer","description":"Competent. Practical. In 10 issues per year, ORGANISATOR presents the essential topics for managers of SMEs.","publisher":{"@id":"https:\/\/www.organisator.ch\/#organization"},"potentialAction":[{"@type":"SearchAction","target":{"@type":"EntryPoint","urlTemplate":"https:\/\/www.organisator.ch\/?s={search_term_string}"},"query-input":{"@type":"PropertyValueSpecification","valueRequired":true,"valueName":"search_term_string"}}],"inLanguage":"en-US"},{"@type":"Organization","@id":"https:\/\/www.organisator.ch\/#organization","name":"Organizer","url":"https:\/\/www.organisator.ch\/","logo":{"@type":"ImageObject","inLanguage":"en-US","@id":"https:\/\/www.organisator.ch\/#\/schema\/logo\/image\/","url":"https:\/\/www.organisator.ch\/wp-content\/uploads\/2022\/01\/Logo_Organisator_Website.png","contentUrl":"https:\/\/www.organisator.ch\/wp-content\/uploads\/2022\/01\/Logo_Organisator_Website.png","width":800,"height":77,"caption":"Organisator"},"image":{"@id":"https:\/\/www.organisator.ch\/#\/schema\/logo\/image\/"},"sameAs":["https:\/\/www.facebook.com\/OrganisatorFachmagazin","https:\/\/www.linkedin.com\/showcase\/organisator-das-magazin-fr-kmu","https:\/\/www.xing.com\/news\/pages\/organisator-ch-695","https:\/\/www.youtube.com\/channel\/UCGP2Sq0iWaZwT3BdIAQFYpw"]},{"@type":"Person","@id":"https:\/\/www.organisator.ch\/#\/schema\/person\/134708ca9321c57b0362cceb7948ffbd","name":"michael.merz","image":{"@type":"ImageObject","inLanguage":"en-US","@id":"https:\/\/secure.gravatar.com\/avatar\/?s=96&d=mm&r=g","url":"https:\/\/secure.gravatar.com\/avatar\/?s=96&d=mm&r=g","contentUrl":"https:\/\/secure.gravatar.com\/avatar\/?s=96&d=mm&r=g","caption":"michael.merz"},"url":"https:\/\/www.organisator.ch\/en\/author\/michael-merz\/"}]}},"_links":{"self":[{"href":"https:\/\/www.organisator.ch\/en\/wp-json\/wp\/v2\/posts\/1550","targetHints":{"allow":["GET"]}}],"collection":[{"href":"https:\/\/www.organisator.ch\/en\/wp-json\/wp\/v2\/posts"}],"about":[{"href":"https:\/\/www.organisator.ch\/en\/wp-json\/wp\/v2\/types\/post"}],"author":[{"embeddable":true,"href":"https:\/\/www.organisator.ch\/en\/wp-json\/wp\/v2\/users\/5"}],"replies":[{"embeddable":true,"href":"https:\/\/www.organisator.ch\/en\/wp-json\/wp\/v2\/comments?post=1550"}],"version-history":[{"count":0,"href":"https:\/\/www.organisator.ch\/en\/wp-json\/wp\/v2\/posts\/1550\/revisions"}],"wp:featuredmedia":[{"embeddable":true,"href":"https:\/\/www.organisator.ch\/en\/wp-json\/wp\/v2\/media\/1551"}],"wp:attachment":[{"href":"https:\/\/www.organisator.ch\/en\/wp-json\/wp\/v2\/media?parent=1550"}],"wp:term":[{"taxonomy":"category","embeddable":true,"href":"https:\/\/www.organisator.ch\/en\/wp-json\/wp\/v2\/categories?post=1550"},{"taxonomy":"post_tag","embeddable":true,"href":"https:\/\/www.organisator.ch\/en\/wp-json\/wp\/v2\/tags?post=1550"}],"curies":[{"name":"wp","href":"https:\/\/api.w.org\/{rel}","templated":true}]}}