{"id":15540,"date":"2022-07-04T13:40:15","date_gmt":"2022-07-04T11:40:15","guid":{"rendered":"https:\/\/www.organisator.ch\/?p=15540"},"modified":"2022-07-04T13:40:15","modified_gmt":"2022-07-04T11:40:15","slug":"sap-schweiz-mit-neuen-koepfen-an-der-spitze","status":"publish","type":"post","link":"https:\/\/www.organisator.ch\/en\/management\/2022-07-04\/sap-schweiz-mit-neuen-koepfen-an-der-spitze\/","title":{"rendered":"SAP Switzerland with new heads at the top"},"content":{"rendered":"<figure id=\"attachment_15541\" aria-describedby=\"caption-attachment-15541\" style=\"width: 680px\" class=\"wp-caption alignnone\"><img loading=\"lazy\" decoding=\"async\" class=\"size-full wp-image-15541\" src=\"https:\/\/www.organisator.ch\/wp-content\/uploads\/2022\/07\/SAP-Schweiz-mit-neuen-Koepfen-an-der-Spitze_Organisator.jpg\" alt=\"\" width=\"680\" height=\"251\" srcset=\"https:\/\/www.organisator.ch\/wp-content\/uploads\/2022\/07\/SAP-Schweiz-mit-neuen-Koepfen-an-der-Spitze_Organisator.jpg 680w, https:\/\/www.organisator.ch\/wp-content\/uploads\/2022\/07\/SAP-Schweiz-mit-neuen-Koepfen-an-der-Spitze_Organisator-18x7.jpg 18w, https:\/\/www.organisator.ch\/wp-content\/uploads\/2022\/07\/SAP-Schweiz-mit-neuen-Koepfen-an-der-Spitze_Organisator-375x138.jpg 375w, https:\/\/www.organisator.ch\/wp-content\/uploads\/2022\/07\/SAP-Schweiz-mit-neuen-Koepfen-an-der-Spitze_Organisator-300x111.jpg 300w\" sizes=\"auto, (max-width: 680px) 100vw, 680px\" \/><figcaption id=\"caption-attachment-15541\" class=\"wp-caption-text\">Sebastian Kaczynski, Alexander Finger and Alexander Kehrli (from left to right) have taken on various management functions at SAP Switzerland. Image: zVg \/ Press Office SAP).<\/figcaption><\/figure>\n<p>These days, SAP Switzerland is making new appointments to various management positions. \"With these new appointments, we are well positioned to support our customers and partners with innovations and proven expertise on their way to becoming highly competitive, sustainable companies,\" says Michael Locher-Tjoa, Managing Director SAP Switzerland, commenting on the personnel changes. \"With the new position of Chief Sustainability Officer, we are also putting our strategy of broad-based commitment to a sustainable economy into action at SAP in Switzerland.\"<\/p>\n<h3><strong>Newly created function of Chief Sustainability Officer<\/strong><\/h3>\n<p>The newly created function of Chief Sustainability Officer is part of SAP's sustainability strategy. Behind it are various measures to reduce the carbon footprint, shift supply and value chains to circular processes to avoid waste, protect the planet and preserve biodiversity on Earth, and incorporate ESG (environment, social, governance) dimensions into financial reporting, according to the company. The new chief sustainability officer (SCO) is Sebastian Kaczynski, who SAP says is a professional \"who has followed his passion for sustainability and has been working on innovations to solve sustainability problems since his student days.\" At both RWE and innogy, Kaczysnki was responsible for developing data-driven business models for a more sustainable energy system. During his more than six years at SAP, he held various roles in innovation, consulting and presales.<\/p>\n<p>As CSO of SAP Switzerland, Sebastian Kaczynski aims to leverage SAP's expertise in sustainability, ecosystems and technologies to effectively support customers on their journey to smart and sustainable businesses. \"At SAP, we believe that companies need to put sustainability at the heart of their business strategies and integrate sustainability data into their end-to-end processes. This is the only way they can gain the insights they need to transition to a more inclusive, regenerative, and net-zero economy and act accordingly,\" Sebastian Kaczynski specifies. He lives near Zurich, loves beautiful hiking and climbing trips, and is involved as a mentor and coach for disadvantaged people.<\/p>\n<h3><strong>Alexander Finger is new Chief Technology Officer<\/strong><\/h3>\n<p>The role of Chief Technology Officer (CTO) of SAP Switzerland will be assumed by Alexander Finger. He succeeds Ren\u00e9 Fitterer, who is taking on new responsibilities within SAP. Technology, innovation and entrepreneurial spirit have accompanied the new CTO since he started his working and professional life. In 1995, in an early phase of the Internet, he founded one of the first Internet service providers in Germany. The phase as a company founder was followed by positions at Deutsche Post and Geneva-based CPGmarket.com, and then many years at Swisscom, where he held various consulting and management positions. A good two years ago, he joined SAP Switzerland, where he looked after customers from the energy industry and initiated numerous forward-looking projects as an innovation ambassador.<\/p>\n<p>Alexander Finger says he sees digital transformation with SAP as a tool for achieving sustainable success. \"This requires close interaction with those people at our customers who work on the two axes of innovation: in the context of continuous improvement on the one hand, and in the area of disruptive innovation on the other,\" he elaborates. \"Both groups have a need for technological innovation. We are properly positioned when SAP is the natural partner for business development.\" To achieve this, his central task is to communicate SAP's strategy and vision, as well as to actively seek dialog with customers, partners and colleagues.<\/p>\n<p>Alexander Finger has been devoting himself to studying law part-time since 2015, graduating with a master's degree in 2021. Since November, he has been working on his doctorate at the University of Fribourg on the topic of \"Internal Control Systems\". After many years in France, Alexander Finger now lives with his wife in bilingual Murten. He likes to spend his sparse free time sailing and in the south of France.<\/p>\n<h3><strong>Robert Kehrli: Newly responsible for SMEs at SAP Switzerland<\/strong><\/h3>\n<p>The business unit that looks after SMEs and partner management has a new head in Robert Kehrli. He replaces Simon Hammer, who has accepted a new challenge outside SAP after four years in this position. Robert Kehrli brings 20 years of sales and management experience. Since 2016, he has held various management positions at SAP Switzerland, most recently that of Head of Business Technology Platform, where he ensured significant growth. Previously, he held various sales, support, consulting and management roles at IBM, Hewlett-Packard and its successor organization HPE. After an apprenticeship as an electromechanic, he continued his education until he earned a master's degree in business information systems.<\/p>\n<p>In his new role, Robert Kehrli has made it his mission to drive the digital transformation and the development into an intelligent, sustainable company with the help of SAP technologies together with the partners in the SME segment. \"A particular concern of mine is to lead and accompany our customers in the SME segment into the cloud together with our partners,\" emphasizes Robert Kehrli. \"With our powerful team, we can generate innovative projects with real added value and serve customers and partners unbureaucratically, quickly and efficiently.\"<\/p>\n<p>In addition to his professional activities, Robert Kehrli is heavily involved in the local soccer club, where he coaches the women's team and junior teams. Then, when he still has time besides his family, he enjoys skiing and golfing. Robert Kehrli is married, father of three adult children and lives in Zugerland.<\/p>\n<p><a href=\"http:\/\/www.sap.ch\"><em>Source and further information<\/em><\/a><\/p>","protected":false},"excerpt":{"rendered":"<p>In diesen Tagen werden bei SAP Schweiz diverse Leitungsfunktionen neu besetzt. \u00abMit den Neubesetzungen sind wir gut aufgestellt, um unsere Kunden und Partner mit Innovationen und ausgewiesenem Know-how auf dem Weg zu wettbewerbsstarken, nachhaltigen Unternehmen zu begleiten\u00bb, kommentiert Michael Locher-Tjoa, Managing Director SAP Schweiz, die personellen Ver\u00e4nderungen. \u00abMit der neuen Position des Chief Sustainability Officer [&hellip;]<\/p>\n","protected":false},"author":4,"featured_media":15541,"comment_status":"closed","ping_status":"closed","sticky":false,"template":"","format":"standard","meta":{"_acf_changed":false,"_yoast_wpseo_focuskw":"SAP Schweiz","_yoast_wpseo_metadesc":"SAP Schweiz besetzt mehrere F\u00fchrungspositionen neu, darunter auch die Leitung der f\u00fcr KMU und Partner zust\u00e4ndigen Gesch\u00e4ftseinheit.","articlekey":"","footnotes":""},"categories":[28],"tags":[287,334,381],"class_list":["post-15540","post","type-post","status-publish","format-standard","has-post-thumbnail","hentry","category-management","tag-itbusiness-software","tag-management","tag-personalia"],"acf":[],"yoast_head":"<!-- This site is optimized with the Yoast SEO plugin v27.5 - https:\/\/yoast.com\/product\/yoast-seo-wordpress\/ -->\n<title>SAP Schweiz mit neuen K\u00f6pfen an der Spitze - Organisator<\/title>\n<meta name=\"description\" content=\"SAP Schweiz besetzt mehrere F\u00fchrungspositionen neu, darunter auch die Leitung der f\u00fcr KMU und Partner zust\u00e4ndigen Gesch\u00e4ftseinheit.\" \/>\n<meta name=\"robots\" content=\"index, follow, max-snippet:-1, max-image-preview:large, max-video-preview:-1\" \/>\n<link rel=\"canonical\" href=\"https:\/\/www.organisator.ch\/en\/management\/2022-07-04\/sap-schweiz-mit-neuen-koepfen-an-der-spitze\/\" \/>\n<meta property=\"og:locale\" content=\"en_US\" \/>\n<meta property=\"og:type\" content=\"article\" \/>\n<meta property=\"og:title\" content=\"SAP Schweiz mit neuen K\u00f6pfen an der Spitze\" \/>\n<meta property=\"og:description\" content=\"SAP Schweiz besetzt mehrere F\u00fchrungspositionen neu, darunter auch die Leitung der f\u00fcr KMU und Partner zust\u00e4ndigen Gesch\u00e4ftseinheit.\" \/>\n<meta property=\"og:url\" content=\"https:\/\/www.organisator.ch\/en\/management\/2022-07-04\/sap-schweiz-mit-neuen-koepfen-an-der-spitze\/\" \/>\n<meta property=\"og:site_name\" content=\"Organisator\" \/>\n<meta property=\"article:publisher\" content=\"https:\/\/www.facebook.com\/OrganisatorFachmagazin\" \/>\n<meta property=\"article:published_time\" content=\"2022-07-04T11:40:15+00:00\" \/>\n<meta property=\"og:image\" content=\"https:\/\/www.organisator.ch\/wp-content\/uploads\/2022\/07\/SAP-Schweiz-mit-neuen-Koepfen-an-der-Spitze_Organisator.jpg\" \/>\n\t<meta property=\"og:image:width\" content=\"680\" \/>\n\t<meta property=\"og:image:height\" content=\"251\" \/>\n\t<meta property=\"og:image:type\" content=\"image\/jpeg\" \/>\n<meta name=\"author\" content=\"thomas.berner\" \/>\n<meta name=\"twitter:card\" content=\"summary_large_image\" \/>\n<meta name=\"twitter:title\" content=\"#SAP Schweiz mit neuen K\u00f6pfen an der Spitze\" \/>\n<meta name=\"twitter:description\" content=\"#SAP Schweiz besetzt mehrere #F\u00fchrungspositionen neu, darunter auch die Leitung der f\u00fcr KMU und Partner zust\u00e4ndigen #Gesch\u00e4ftseinheit.\" \/>\n<meta name=\"twitter:image\" content=\"https:\/\/www.organisator.ch\/wp-content\/uploads\/2022\/07\/SAP-Schweiz-mit-neuen-Koepfen-an-der-Spitze_Organisator.jpg\" \/>\n<script type=\"application\/ld+json\" class=\"yoast-schema-graph\">{\"@context\":\"https:\\\/\\\/schema.org\",\"@graph\":[{\"@type\":\"Article\",\"@id\":\"https:\\\/\\\/www.organisator.ch\\\/management\\\/2022-07-04\\\/sap-schweiz-mit-neuen-koepfen-an-der-spitze\\\/#article\",\"isPartOf\":{\"@id\":\"https:\\\/\\\/www.organisator.ch\\\/management\\\/2022-07-04\\\/sap-schweiz-mit-neuen-koepfen-an-der-spitze\\\/\"},\"author\":{\"name\":\"thomas.berner\",\"@id\":\"https:\\\/\\\/www.organisator.ch\\\/#\\\/schema\\\/person\\\/6f650f90b2842cd4c0cc334b4e36f67e\"},\"headline\":\"SAP Schweiz mit neuen K\u00f6pfen an der Spitze\",\"datePublished\":\"2022-07-04T11:40:15+00:00\",\"mainEntityOfPage\":{\"@id\":\"https:\\\/\\\/www.organisator.ch\\\/management\\\/2022-07-04\\\/sap-schweiz-mit-neuen-koepfen-an-der-spitze\\\/\"},\"wordCount\":926,\"publisher\":{\"@id\":\"https:\\\/\\\/www.organisator.ch\\\/#organization\"},\"image\":{\"@id\":\"https:\\\/\\\/www.organisator.ch\\\/management\\\/2022-07-04\\\/sap-schweiz-mit-neuen-koepfen-an-der-spitze\\\/#primaryimage\"},\"thumbnailUrl\":\"https:\\\/\\\/www.organisator.ch\\\/wp-content\\\/uploads\\\/2022\\\/07\\\/SAP-Schweiz-mit-neuen-Koepfen-an-der-Spitze_Organisator.jpg\",\"keywords\":[\"IT\u2009&amp;\u2009Business Software\",\"Management\",\"Personalia\"],\"articleSection\":[\"MANAGEMENT\"],\"inLanguage\":\"en-US\"},{\"@type\":\"WebPage\",\"@id\":\"https:\\\/\\\/www.organisator.ch\\\/management\\\/2022-07-04\\\/sap-schweiz-mit-neuen-koepfen-an-der-spitze\\\/\",\"url\":\"https:\\\/\\\/www.organisator.ch\\\/management\\\/2022-07-04\\\/sap-schweiz-mit-neuen-koepfen-an-der-spitze\\\/\",\"name\":\"SAP Schweiz mit neuen K\u00f6pfen an der Spitze - Organisator\",\"isPartOf\":{\"@id\":\"https:\\\/\\\/www.organisator.ch\\\/#website\"},\"primaryImageOfPage\":{\"@id\":\"https:\\\/\\\/www.organisator.ch\\\/management\\\/2022-07-04\\\/sap-schweiz-mit-neuen-koepfen-an-der-spitze\\\/#primaryimage\"},\"image\":{\"@id\":\"https:\\\/\\\/www.organisator.ch\\\/management\\\/2022-07-04\\\/sap-schweiz-mit-neuen-koepfen-an-der-spitze\\\/#primaryimage\"},\"thumbnailUrl\":\"https:\\\/\\\/www.organisator.ch\\\/wp-content\\\/uploads\\\/2022\\\/07\\\/SAP-Schweiz-mit-neuen-Koepfen-an-der-Spitze_Organisator.jpg\",\"datePublished\":\"2022-07-04T11:40:15+00:00\",\"description\":\"SAP Schweiz besetzt mehrere F\u00fchrungspositionen neu, darunter auch die Leitung der f\u00fcr KMU und Partner zust\u00e4ndigen Gesch\u00e4ftseinheit.\",\"breadcrumb\":{\"@id\":\"https:\\\/\\\/www.organisator.ch\\\/management\\\/2022-07-04\\\/sap-schweiz-mit-neuen-koepfen-an-der-spitze\\\/#breadcrumb\"},\"inLanguage\":\"en-US\",\"potentialAction\":[{\"@type\":\"ReadAction\",\"target\":[\"https:\\\/\\\/www.organisator.ch\\\/management\\\/2022-07-04\\\/sap-schweiz-mit-neuen-koepfen-an-der-spitze\\\/\"]}]},{\"@type\":\"ImageObject\",\"inLanguage\":\"en-US\",\"@id\":\"https:\\\/\\\/www.organisator.ch\\\/management\\\/2022-07-04\\\/sap-schweiz-mit-neuen-koepfen-an-der-spitze\\\/#primaryimage\",\"url\":\"https:\\\/\\\/www.organisator.ch\\\/wp-content\\\/uploads\\\/2022\\\/07\\\/SAP-Schweiz-mit-neuen-Koepfen-an-der-Spitze_Organisator.jpg\",\"contentUrl\":\"https:\\\/\\\/www.organisator.ch\\\/wp-content\\\/uploads\\\/2022\\\/07\\\/SAP-Schweiz-mit-neuen-Koepfen-an-der-Spitze_Organisator.jpg\",\"width\":680,\"height\":251,\"caption\":\"Bekleiden neu verschiedene F\u00fchrungsfunktionen bei SAP Schweiz: Sebastian Kaczynski, Alexander Finger und Alexander Kehrli (v.l.n.r.). Bild: zVg \\\/ SAP)\"},{\"@type\":\"BreadcrumbList\",\"@id\":\"https:\\\/\\\/www.organisator.ch\\\/management\\\/2022-07-04\\\/sap-schweiz-mit-neuen-koepfen-an-der-spitze\\\/#breadcrumb\",\"itemListElement\":[{\"@type\":\"ListItem\",\"position\":1,\"name\":\"Home\",\"item\":\"https:\\\/\\\/www.organisator.ch\\\/\"},{\"@type\":\"ListItem\",\"position\":2,\"name\":\"SAP Schweiz mit neuen K\u00f6pfen an der Spitze\"}]},{\"@type\":\"WebSite\",\"@id\":\"https:\\\/\\\/www.organisator.ch\\\/#website\",\"url\":\"https:\\\/\\\/www.organisator.ch\\\/\",\"name\":\"Organisator\",\"description\":\"Kompetent. Praxisnah. Der ORGANISATOR bereitet in 10 Ausgaben pro Jahr die wesentlichen Themen f\u00fcr F\u00fchrungskr\u00e4fte von KMU auf.\",\"publisher\":{\"@id\":\"https:\\\/\\\/www.organisator.ch\\\/#organization\"},\"potentialAction\":[{\"@type\":\"SearchAction\",\"target\":{\"@type\":\"EntryPoint\",\"urlTemplate\":\"https:\\\/\\\/www.organisator.ch\\\/?s={search_term_string}\"},\"query-input\":{\"@type\":\"PropertyValueSpecification\",\"valueRequired\":true,\"valueName\":\"search_term_string\"}}],\"inLanguage\":\"en-US\"},{\"@type\":\"Organization\",\"@id\":\"https:\\\/\\\/www.organisator.ch\\\/#organization\",\"name\":\"Organisator\",\"url\":\"https:\\\/\\\/www.organisator.ch\\\/\",\"logo\":{\"@type\":\"ImageObject\",\"inLanguage\":\"en-US\",\"@id\":\"https:\\\/\\\/www.organisator.ch\\\/#\\\/schema\\\/logo\\\/image\\\/\",\"url\":\"https:\\\/\\\/www.organisator.ch\\\/wp-content\\\/uploads\\\/2022\\\/01\\\/Logo_Organisator_Website.png\",\"contentUrl\":\"https:\\\/\\\/www.organisator.ch\\\/wp-content\\\/uploads\\\/2022\\\/01\\\/Logo_Organisator_Website.png\",\"width\":800,\"height\":77,\"caption\":\"Organisator\"},\"image\":{\"@id\":\"https:\\\/\\\/www.organisator.ch\\\/#\\\/schema\\\/logo\\\/image\\\/\"},\"sameAs\":[\"https:\\\/\\\/www.facebook.com\\\/OrganisatorFachmagazin\",\"https:\\\/\\\/www.linkedin.com\\\/showcase\\\/organisator-das-magazin-fr-kmu\",\"https:\\\/\\\/www.xing.com\\\/news\\\/pages\\\/organisator-ch-695\",\"https:\\\/\\\/www.youtube.com\\\/channel\\\/UCGP2Sq0iWaZwT3BdIAQFYpw\"]},{\"@type\":\"Person\",\"@id\":\"https:\\\/\\\/www.organisator.ch\\\/#\\\/schema\\\/person\\\/6f650f90b2842cd4c0cc334b4e36f67e\",\"name\":\"thomas.berner\",\"image\":{\"@type\":\"ImageObject\",\"inLanguage\":\"en-US\",\"@id\":\"https:\\\/\\\/secure.gravatar.com\\\/avatar\\\/ac5001d2a36cb6c6cd3e50789007ffca834b477b74a2144564522e944eabff61?s=96&d=mm&r=g\",\"url\":\"https:\\\/\\\/secure.gravatar.com\\\/avatar\\\/ac5001d2a36cb6c6cd3e50789007ffca834b477b74a2144564522e944eabff61?s=96&d=mm&r=g\",\"contentUrl\":\"https:\\\/\\\/secure.gravatar.com\\\/avatar\\\/ac5001d2a36cb6c6cd3e50789007ffca834b477b74a2144564522e944eabff61?s=96&d=mm&r=g\",\"caption\":\"thomas.berner\"},\"url\":\"https:\\\/\\\/www.organisator.ch\\\/en\\\/author\\\/thomas-berner\\\/\"}]}<\/script>\n<!-- \/ Yoast SEO plugin. -->","yoast_head_json":{"title":"SAP Switzerland with new heads at the top - Organizer","description":"SAP Switzerland is filling several management positions, including the head of the business unit responsible for SMEs and partners.","robots":{"index":"index","follow":"follow","max-snippet":"max-snippet:-1","max-image-preview":"max-image-preview:large","max-video-preview":"max-video-preview:-1"},"canonical":"https:\/\/www.organisator.ch\/en\/management\/2022-07-04\/sap-schweiz-mit-neuen-koepfen-an-der-spitze\/","og_locale":"en_US","og_type":"article","og_title":"SAP Schweiz mit neuen K\u00f6pfen an der Spitze","og_description":"SAP Schweiz besetzt mehrere F\u00fchrungspositionen neu, darunter auch die Leitung der f\u00fcr KMU und Partner zust\u00e4ndigen Gesch\u00e4ftseinheit.","og_url":"https:\/\/www.organisator.ch\/en\/management\/2022-07-04\/sap-schweiz-mit-neuen-koepfen-an-der-spitze\/","og_site_name":"Organisator","article_publisher":"https:\/\/www.facebook.com\/OrganisatorFachmagazin","article_published_time":"2022-07-04T11:40:15+00:00","og_image":[{"width":680,"height":251,"url":"https:\/\/www.organisator.ch\/wp-content\/uploads\/2022\/07\/SAP-Schweiz-mit-neuen-Koepfen-an-der-Spitze_Organisator.jpg","type":"image\/jpeg"}],"author":"thomas.berner","twitter_card":"summary_large_image","twitter_title":"#SAP Schweiz mit neuen K\u00f6pfen an der Spitze","twitter_description":"#SAP Schweiz besetzt mehrere #F\u00fchrungspositionen neu, darunter auch die Leitung der f\u00fcr KMU und Partner zust\u00e4ndigen #Gesch\u00e4ftseinheit.","twitter_image":"https:\/\/www.organisator.ch\/wp-content\/uploads\/2022\/07\/SAP-Schweiz-mit-neuen-Koepfen-an-der-Spitze_Organisator.jpg","schema":{"@context":"https:\/\/schema.org","@graph":[{"@type":"Article","@id":"https:\/\/www.organisator.ch\/management\/2022-07-04\/sap-schweiz-mit-neuen-koepfen-an-der-spitze\/#article","isPartOf":{"@id":"https:\/\/www.organisator.ch\/management\/2022-07-04\/sap-schweiz-mit-neuen-koepfen-an-der-spitze\/"},"author":{"name":"thomas.berner","@id":"https:\/\/www.organisator.ch\/#\/schema\/person\/6f650f90b2842cd4c0cc334b4e36f67e"},"headline":"SAP Schweiz mit neuen K\u00f6pfen an der Spitze","datePublished":"2022-07-04T11:40:15+00:00","mainEntityOfPage":{"@id":"https:\/\/www.organisator.ch\/management\/2022-07-04\/sap-schweiz-mit-neuen-koepfen-an-der-spitze\/"},"wordCount":926,"publisher":{"@id":"https:\/\/www.organisator.ch\/#organization"},"image":{"@id":"https:\/\/www.organisator.ch\/management\/2022-07-04\/sap-schweiz-mit-neuen-koepfen-an-der-spitze\/#primaryimage"},"thumbnailUrl":"https:\/\/www.organisator.ch\/wp-content\/uploads\/2022\/07\/SAP-Schweiz-mit-neuen-Koepfen-an-der-Spitze_Organisator.jpg","keywords":["IT\u2009&amp;\u2009Business Software","Management","Personalia"],"articleSection":["MANAGEMENT"],"inLanguage":"en-US"},{"@type":"WebPage","@id":"https:\/\/www.organisator.ch\/management\/2022-07-04\/sap-schweiz-mit-neuen-koepfen-an-der-spitze\/","url":"https:\/\/www.organisator.ch\/management\/2022-07-04\/sap-schweiz-mit-neuen-koepfen-an-der-spitze\/","name":"SAP Switzerland with new heads at the top - Organizer","isPartOf":{"@id":"https:\/\/www.organisator.ch\/#website"},"primaryImageOfPage":{"@id":"https:\/\/www.organisator.ch\/management\/2022-07-04\/sap-schweiz-mit-neuen-koepfen-an-der-spitze\/#primaryimage"},"image":{"@id":"https:\/\/www.organisator.ch\/management\/2022-07-04\/sap-schweiz-mit-neuen-koepfen-an-der-spitze\/#primaryimage"},"thumbnailUrl":"https:\/\/www.organisator.ch\/wp-content\/uploads\/2022\/07\/SAP-Schweiz-mit-neuen-Koepfen-an-der-Spitze_Organisator.jpg","datePublished":"2022-07-04T11:40:15+00:00","description":"SAP Switzerland is filling several management positions, including the head of the business unit responsible for SMEs and partners.","breadcrumb":{"@id":"https:\/\/www.organisator.ch\/management\/2022-07-04\/sap-schweiz-mit-neuen-koepfen-an-der-spitze\/#breadcrumb"},"inLanguage":"en-US","potentialAction":[{"@type":"ReadAction","target":["https:\/\/www.organisator.ch\/management\/2022-07-04\/sap-schweiz-mit-neuen-koepfen-an-der-spitze\/"]}]},{"@type":"ImageObject","inLanguage":"en-US","@id":"https:\/\/www.organisator.ch\/management\/2022-07-04\/sap-schweiz-mit-neuen-koepfen-an-der-spitze\/#primaryimage","url":"https:\/\/www.organisator.ch\/wp-content\/uploads\/2022\/07\/SAP-Schweiz-mit-neuen-Koepfen-an-der-Spitze_Organisator.jpg","contentUrl":"https:\/\/www.organisator.ch\/wp-content\/uploads\/2022\/07\/SAP-Schweiz-mit-neuen-Koepfen-an-der-Spitze_Organisator.jpg","width":680,"height":251,"caption":"Bekleiden neu verschiedene F\u00fchrungsfunktionen bei SAP Schweiz: Sebastian Kaczynski, Alexander Finger und Alexander Kehrli (v.l.n.r.). Bild: zVg \/ SAP)"},{"@type":"BreadcrumbList","@id":"https:\/\/www.organisator.ch\/management\/2022-07-04\/sap-schweiz-mit-neuen-koepfen-an-der-spitze\/#breadcrumb","itemListElement":[{"@type":"ListItem","position":1,"name":"Home","item":"https:\/\/www.organisator.ch\/"},{"@type":"ListItem","position":2,"name":"SAP Schweiz mit neuen K\u00f6pfen an der Spitze"}]},{"@type":"WebSite","@id":"https:\/\/www.organisator.ch\/#website","url":"https:\/\/www.organisator.ch\/","name":"Organizer","description":"Competent. Practical. In 10 issues per year, ORGANISATOR presents the essential topics for managers of SMEs.","publisher":{"@id":"https:\/\/www.organisator.ch\/#organization"},"potentialAction":[{"@type":"SearchAction","target":{"@type":"EntryPoint","urlTemplate":"https:\/\/www.organisator.ch\/?s={search_term_string}"},"query-input":{"@type":"PropertyValueSpecification","valueRequired":true,"valueName":"search_term_string"}}],"inLanguage":"en-US"},{"@type":"Organization","@id":"https:\/\/www.organisator.ch\/#organization","name":"Organizer","url":"https:\/\/www.organisator.ch\/","logo":{"@type":"ImageObject","inLanguage":"en-US","@id":"https:\/\/www.organisator.ch\/#\/schema\/logo\/image\/","url":"https:\/\/www.organisator.ch\/wp-content\/uploads\/2022\/01\/Logo_Organisator_Website.png","contentUrl":"https:\/\/www.organisator.ch\/wp-content\/uploads\/2022\/01\/Logo_Organisator_Website.png","width":800,"height":77,"caption":"Organisator"},"image":{"@id":"https:\/\/www.organisator.ch\/#\/schema\/logo\/image\/"},"sameAs":["https:\/\/www.facebook.com\/OrganisatorFachmagazin","https:\/\/www.linkedin.com\/showcase\/organisator-das-magazin-fr-kmu","https:\/\/www.xing.com\/news\/pages\/organisator-ch-695","https:\/\/www.youtube.com\/channel\/UCGP2Sq0iWaZwT3BdIAQFYpw"]},{"@type":"Person","@id":"https:\/\/www.organisator.ch\/#\/schema\/person\/6f650f90b2842cd4c0cc334b4e36f67e","name":"thomas.berner","image":{"@type":"ImageObject","inLanguage":"en-US","@id":"https:\/\/secure.gravatar.com\/avatar\/ac5001d2a36cb6c6cd3e50789007ffca834b477b74a2144564522e944eabff61?s=96&d=mm&r=g","url":"https:\/\/secure.gravatar.com\/avatar\/ac5001d2a36cb6c6cd3e50789007ffca834b477b74a2144564522e944eabff61?s=96&d=mm&r=g","contentUrl":"https:\/\/secure.gravatar.com\/avatar\/ac5001d2a36cb6c6cd3e50789007ffca834b477b74a2144564522e944eabff61?s=96&d=mm&r=g","caption":"thomas.berner"},"url":"https:\/\/www.organisator.ch\/en\/author\/thomas-berner\/"}]}},"_links":{"self":[{"href":"https:\/\/www.organisator.ch\/en\/wp-json\/wp\/v2\/posts\/15540","targetHints":{"allow":["GET"]}}],"collection":[{"href":"https:\/\/www.organisator.ch\/en\/wp-json\/wp\/v2\/posts"}],"about":[{"href":"https:\/\/www.organisator.ch\/en\/wp-json\/wp\/v2\/types\/post"}],"author":[{"embeddable":true,"href":"https:\/\/www.organisator.ch\/en\/wp-json\/wp\/v2\/users\/4"}],"replies":[{"embeddable":true,"href":"https:\/\/www.organisator.ch\/en\/wp-json\/wp\/v2\/comments?post=15540"}],"version-history":[{"count":1,"href":"https:\/\/www.organisator.ch\/en\/wp-json\/wp\/v2\/posts\/15540\/revisions"}],"predecessor-version":[{"id":15542,"href":"https:\/\/www.organisator.ch\/en\/wp-json\/wp\/v2\/posts\/15540\/revisions\/15542"}],"wp:featuredmedia":[{"embeddable":true,"href":"https:\/\/www.organisator.ch\/en\/wp-json\/wp\/v2\/media\/15541"}],"wp:attachment":[{"href":"https:\/\/www.organisator.ch\/en\/wp-json\/wp\/v2\/media?parent=15540"}],"wp:term":[{"taxonomy":"category","embeddable":true,"href":"https:\/\/www.organisator.ch\/en\/wp-json\/wp\/v2\/categories?post=15540"},{"taxonomy":"post_tag","embeddable":true,"href":"https:\/\/www.organisator.ch\/en\/wp-json\/wp\/v2\/tags?post=15540"}],"curies":[{"name":"wp","href":"https:\/\/api.w.org\/{rel}","templated":true}]}}