{"id":15584,"date":"2022-07-07T09:22:43","date_gmt":"2022-07-07T07:22:43","guid":{"rendered":"https:\/\/www.organisator.ch\/?p=15584"},"modified":"2022-07-28T08:11:19","modified_gmt":"2022-07-28T06:11:19","slug":"record-year-for-bike-to-work-80000-rides-22-million-kilometers","status":"publish","type":"post","link":"https:\/\/www.organisator.ch\/en\/sustainability\/2022-07-07\/rekordjahr-fuer-bike-to-work-80000-fahren-22-mio-kilometer\/","title":{"rendered":"Record year for bike to work: 80,000 ride 22 million kilometers!"},"content":{"rendered":"<figure id=\"attachment_15586\" aria-describedby=\"caption-attachment-15586\" style=\"width: 680px\" class=\"wp-caption alignnone\"><img loading=\"lazy\" decoding=\"async\" class=\"size-full wp-image-15586\" src=\"https:\/\/www.organisator.ch\/wp-content\/uploads\/2022\/07\/Rekordjahr-fuer-bike-to-work-80000-fahren-22-Mio-Kilometer_Organisator.jpg\" alt=\"\" width=\"680\" height=\"453\" srcset=\"https:\/\/www.organisator.ch\/wp-content\/uploads\/2022\/07\/Rekordjahr-fuer-bike-to-work-80000-fahren-22-Mio-Kilometer_Organisator.jpg 680w, https:\/\/www.organisator.ch\/wp-content\/uploads\/2022\/07\/Rekordjahr-fuer-bike-to-work-80000-fahren-22-Mio-Kilometer_Organisator-18x12.jpg 18w, https:\/\/www.organisator.ch\/wp-content\/uploads\/2022\/07\/Rekordjahr-fuer-bike-to-work-80000-fahren-22-Mio-Kilometer_Organisator-263x175.jpg 263w, https:\/\/www.organisator.ch\/wp-content\/uploads\/2022\/07\/Rekordjahr-fuer-bike-to-work-80000-fahren-22-Mio-Kilometer_Organisator-525x350.jpg 525w, https:\/\/www.organisator.ch\/wp-content\/uploads\/2022\/07\/Rekordjahr-fuer-bike-to-work-80000-fahren-22-Mio-Kilometer_Organisator-300x200.jpg 300w\" sizes=\"auto, (max-width: 680px) 100vw, 680px\" \/><figcaption id=\"caption-attachment-15586\" class=\"wp-caption-text\">Continued bike boom: over 80,000 workers traveled over 22 million kilometers by bike in 2022. (Image: Unsplash.com)<\/figcaption><\/figure>\n<p>The bicycle boom continues: 21823 teams from a total of 2829 companies covered a total of 22,184,698 kilometers by bicycle. This corresponds to a CO<sub>2<\/sub>-equivalent of 3,195 metric tons with a calculation basis of 144g\/km CO<sub>2<\/sub>-emissions. This development naturally pleases Mai Poffet, project manager of bike to work: \"For many employees, participating in bike to work is a refreshing change in their daily work routine and brings momentum into the team. This year's success is based on many factors, the most important of which is definitely the \"post-Corona feeling.\" Employees return to the offices, companies want to strengthen the teams and offer something to their employees. So many companies are using the campaign to boost team spirit and a sense of optimism.\"<\/p>\n<h3>Google also participated in bike to work<\/h3>\n<p>Companies have also recognized the value of the bicycle and actively promote it. Patrick Warnking, Country Director Google Switzerland: \"Cycling and public transport are Google Switzerland's preference when it comes to means of transport. It is important to us that our employees are able to cycle quickly and safely to work, as well as between our sites in Zurich. We actively promote cycling and here in Zurich we offer our employees over 1,500 modern bicycle parking spaces. We also welcome the expansion of the bicycle network and infrastructure, which are essential for sustainable micromobility. And we are investing in innovation to bike information and routes in Google Maps.\"<\/p>\n<h3>Action for health promotion in companies<\/h3>\n<p>In the 18th implementation of bike to work, 28% of the participants took part with an e-bike. In 2019, the figure was 19%. The e-bike is becoming increasingly attractive for commuters and replaces inefficient and environmentally harmful car journeys.<\/p>\n<p>The bike to work Challenge is a national campaign by Pro Velo Schweiz to promote cycling and health in companies. It takes place every May and June and is supported by Veloplus, SUVA and Panter. In addition to numerous SMEs, large corporations also participate in bike to work. There are prizes worth a total of over CHF 120,000 to be won.<\/p>\n<h3><strong>Top 3 companies by number of participants<\/strong><\/h3>\n<ol>\n<li>Migros Group: 1447 participants<\/li>\n<li>Island group: 1059 participants<\/li>\n<li>Swiss Post: 960 participants<\/li>\n<\/ol>\n<p>The overview of all top 10 operations <a href=\"https:\/\/www.organisator.ch\/wp-content\/uploads\/2022\/07\/Top10_bike_to_work_2022.pdf\">is available here<\/a>.<\/p>\n<p><em>Source and further information: <a href=\"https:\/\/pro-velo.us12.list-manage.com\/track\/click?u=5e1ce0f2058c644a1250e58ca&amp;id=b19ec87d69&amp;e=0825f3e74f\">Pro Velo Switzerland<\/a><\/em><\/p>","protected":false},"excerpt":{"rendered":"<p>Der Veloboom h\u00e4lt an: 21823 Teams aus insgesamt 2829 Firmen haben zusammen 22\u2018184\u2018698 Kilometer per Velo zur\u00fcckgelegt. Das entspricht einer CO2-\u00c4quivalenz von 3\u2018195 Tonnen\u00a0 bei einer Berechnungsgrundlage von 144g\/km CO2-Ausstoss. Diese Entwicklung erfreut nat\u00fcrlich Mai Poffet, Projektleiterin von bike to work: \u00abF\u00fcr viele Mitarbeitende ist die Teilnahme bei bike to work eine erfrischende Abwechslung im [&hellip;]<\/p>\n","protected":false},"author":4,"featured_media":15586,"comment_status":"closed","ping_status":"closed","sticky":false,"template":"","format":"standard","meta":{"_acf_changed":false,"_yoast_wpseo_focuskw":"bike to work","_yoast_wpseo_metadesc":"Der Veloboom h\u00e4lt an: Die 18. Auflage der bike to work Challenge verzeichnet ein Wachstum von 30% gegen\u00fcber dem Vorjahr.","articlekey":"","footnotes":""},"categories":[580],"tags":[77,81,208,358],"class_list":["post-15584","post","type-post","status-publish","format-standard","has-post-thumbnail","hentry","category-sustainability","tag-betriebliches-gesundheitsmanagement","tag-bike-to-work","tag-fit-im-job","tag-nachhaltige-wirtschaft"],"acf":[],"yoast_head":"<!-- This site is optimized with the Yoast SEO plugin v27.4 - https:\/\/yoast.com\/product\/yoast-seo-wordpress\/ -->\n<title>Rekordjahr f\u00fcr bike to work: 80&#039;000 fahren 22 Mio. Kilometer! - Organisator<\/title>\n<meta name=\"description\" content=\"Der Veloboom h\u00e4lt an: Die 18. Auflage der bike to work Challenge verzeichnet ein Wachstum von 30% gegen\u00fcber dem Vorjahr.\" \/>\n<meta name=\"robots\" content=\"index, follow, max-snippet:-1, max-image-preview:large, max-video-preview:-1\" \/>\n<link rel=\"canonical\" href=\"https:\/\/www.organisator.ch\/en\/sustainability\/2022-07-07\/record-year-for-bike-to-work-80000-rides-22-million-kilometers\/\" \/>\n<meta property=\"og:locale\" content=\"en_US\" \/>\n<meta property=\"og:type\" content=\"article\" \/>\n<meta property=\"og:title\" content=\"Rekordjahr f\u00fcr bike to work: 80&#039;000 fahren 22 Mio. Kilometer!\" \/>\n<meta property=\"og:description\" content=\"Der Veloboom h\u00e4lt an: Die 18. Auflage der bike to work Challenge verzeichnet ein Wachstum von 30% gegen\u00fcber dem Vorjahr.\" \/>\n<meta property=\"og:url\" content=\"https:\/\/www.organisator.ch\/en\/sustainability\/2022-07-07\/record-year-for-bike-to-work-80000-rides-22-million-kilometers\/\" \/>\n<meta property=\"og:site_name\" content=\"Organisator\" \/>\n<meta property=\"article:publisher\" content=\"https:\/\/www.facebook.com\/OrganisatorFachmagazin\" \/>\n<meta property=\"article:published_time\" content=\"2022-07-07T07:22:43+00:00\" \/>\n<meta property=\"article:modified_time\" content=\"2022-07-28T06:11:19+00:00\" \/>\n<meta property=\"og:image\" content=\"https:\/\/www.organisator.ch\/wp-content\/uploads\/2022\/07\/Rekordjahr-fuer-bike-to-work-80000-fahren-22-Mio-Kilometer_Organisator.jpg\" \/>\n\t<meta property=\"og:image:width\" content=\"680\" \/>\n\t<meta property=\"og:image:height\" content=\"453\" \/>\n\t<meta property=\"og:image:type\" content=\"image\/jpeg\" \/>\n<meta name=\"author\" content=\"thomas.berner\" \/>\n<meta name=\"twitter:card\" content=\"summary_large_image\" \/>\n<meta name=\"twitter:title\" content=\"#Rekordjahr f\u00fcr bike to work: 80&#039;000 fahren 22 Mio. Kilometer!\" \/>\n<meta name=\"twitter:description\" content=\"Der #Veloboom h\u00e4lt an: Die 18. Auflage der bike to work Challenge verzeichnet ein Wachstum von 30% gegen\u00fcber dem Vorjahr.\" \/>\n<meta name=\"twitter:image\" content=\"https:\/\/www.organisator.ch\/wp-content\/uploads\/2022\/07\/Rekordjahr-fuer-bike-to-work-80000-fahren-22-Mio-Kilometer_Organisator.jpg\" \/>\n<script type=\"application\/ld+json\" class=\"yoast-schema-graph\">{\"@context\":\"https:\\\/\\\/schema.org\",\"@graph\":[{\"@type\":\"Article\",\"@id\":\"https:\\\/\\\/www.organisator.ch\\\/sustainability\\\/2022-07-07\\\/rekordjahr-fuer-bike-to-work-80000-fahren-22-mio-kilometer\\\/#article\",\"isPartOf\":{\"@id\":\"https:\\\/\\\/www.organisator.ch\\\/sustainability\\\/2022-07-07\\\/rekordjahr-fuer-bike-to-work-80000-fahren-22-mio-kilometer\\\/\"},\"author\":{\"name\":\"thomas.berner\",\"@id\":\"https:\\\/\\\/www.organisator.ch\\\/#\\\/schema\\\/person\\\/6f650f90b2842cd4c0cc334b4e36f67e\"},\"headline\":\"Rekordjahr f\u00fcr bike to work: 80&#8217;000 fahren 22 Mio. Kilometer!\",\"datePublished\":\"2022-07-07T07:22:43+00:00\",\"dateModified\":\"2022-07-28T06:11:19+00:00\",\"mainEntityOfPage\":{\"@id\":\"https:\\\/\\\/www.organisator.ch\\\/sustainability\\\/2022-07-07\\\/rekordjahr-fuer-bike-to-work-80000-fahren-22-mio-kilometer\\\/\"},\"wordCount\":402,\"publisher\":{\"@id\":\"https:\\\/\\\/www.organisator.ch\\\/#organization\"},\"image\":{\"@id\":\"https:\\\/\\\/www.organisator.ch\\\/sustainability\\\/2022-07-07\\\/rekordjahr-fuer-bike-to-work-80000-fahren-22-mio-kilometer\\\/#primaryimage\"},\"thumbnailUrl\":\"https:\\\/\\\/www.organisator.ch\\\/wp-content\\\/uploads\\\/2022\\\/07\\\/Rekordjahr-fuer-bike-to-work-80000-fahren-22-Mio-Kilometer_Organisator.jpg\",\"keywords\":[\"Betriebliches Gesundheitsmanagement\",\"Bike to Work\",\"Fit im Job\",\"Nachhaltige Wirtschaft\"],\"articleSection\":[\"SUSTAINABILITY\"],\"inLanguage\":\"en-US\"},{\"@type\":\"WebPage\",\"@id\":\"https:\\\/\\\/www.organisator.ch\\\/sustainability\\\/2022-07-07\\\/rekordjahr-fuer-bike-to-work-80000-fahren-22-mio-kilometer\\\/\",\"url\":\"https:\\\/\\\/www.organisator.ch\\\/sustainability\\\/2022-07-07\\\/rekordjahr-fuer-bike-to-work-80000-fahren-22-mio-kilometer\\\/\",\"name\":\"Rekordjahr f\u00fcr bike to work: 80'000 fahren 22 Mio. Kilometer! - Organisator\",\"isPartOf\":{\"@id\":\"https:\\\/\\\/www.organisator.ch\\\/#website\"},\"primaryImageOfPage\":{\"@id\":\"https:\\\/\\\/www.organisator.ch\\\/sustainability\\\/2022-07-07\\\/rekordjahr-fuer-bike-to-work-80000-fahren-22-mio-kilometer\\\/#primaryimage\"},\"image\":{\"@id\":\"https:\\\/\\\/www.organisator.ch\\\/sustainability\\\/2022-07-07\\\/rekordjahr-fuer-bike-to-work-80000-fahren-22-mio-kilometer\\\/#primaryimage\"},\"thumbnailUrl\":\"https:\\\/\\\/www.organisator.ch\\\/wp-content\\\/uploads\\\/2022\\\/07\\\/Rekordjahr-fuer-bike-to-work-80000-fahren-22-Mio-Kilometer_Organisator.jpg\",\"datePublished\":\"2022-07-07T07:22:43+00:00\",\"dateModified\":\"2022-07-28T06:11:19+00:00\",\"description\":\"Der Veloboom h\u00e4lt an: Die 18. Auflage der bike to work Challenge verzeichnet ein Wachstum von 30% gegen\u00fcber dem Vorjahr.\",\"breadcrumb\":{\"@id\":\"https:\\\/\\\/www.organisator.ch\\\/sustainability\\\/2022-07-07\\\/rekordjahr-fuer-bike-to-work-80000-fahren-22-mio-kilometer\\\/#breadcrumb\"},\"inLanguage\":\"en-US\",\"potentialAction\":[{\"@type\":\"ReadAction\",\"target\":[\"https:\\\/\\\/www.organisator.ch\\\/sustainability\\\/2022-07-07\\\/rekordjahr-fuer-bike-to-work-80000-fahren-22-mio-kilometer\\\/\"]}]},{\"@type\":\"ImageObject\",\"inLanguage\":\"en-US\",\"@id\":\"https:\\\/\\\/www.organisator.ch\\\/sustainability\\\/2022-07-07\\\/rekordjahr-fuer-bike-to-work-80000-fahren-22-mio-kilometer\\\/#primaryimage\",\"url\":\"https:\\\/\\\/www.organisator.ch\\\/wp-content\\\/uploads\\\/2022\\\/07\\\/Rekordjahr-fuer-bike-to-work-80000-fahren-22-Mio-Kilometer_Organisator.jpg\",\"contentUrl\":\"https:\\\/\\\/www.organisator.ch\\\/wp-content\\\/uploads\\\/2022\\\/07\\\/Rekordjahr-fuer-bike-to-work-80000-fahren-22-Mio-Kilometer_Organisator.jpg\",\"width\":680,\"height\":453,\"caption\":\"Anhaltender Veloboom: Die Aktion bike to work verzeichnete ein Rekordjahr. (Bild: Unsplash.com)\"},{\"@type\":\"BreadcrumbList\",\"@id\":\"https:\\\/\\\/www.organisator.ch\\\/sustainability\\\/2022-07-07\\\/rekordjahr-fuer-bike-to-work-80000-fahren-22-mio-kilometer\\\/#breadcrumb\",\"itemListElement\":[{\"@type\":\"ListItem\",\"position\":1,\"name\":\"Home\",\"item\":\"https:\\\/\\\/www.organisator.ch\\\/\"},{\"@type\":\"ListItem\",\"position\":2,\"name\":\"Rekordjahr f\u00fcr bike to work: 80&#8217;000 fahren 22 Mio. Kilometer!\"}]},{\"@type\":\"WebSite\",\"@id\":\"https:\\\/\\\/www.organisator.ch\\\/#website\",\"url\":\"https:\\\/\\\/www.organisator.ch\\\/\",\"name\":\"Organisator\",\"description\":\"Kompetent. Praxisnah. Der ORGANISATOR bereitet in 10 Ausgaben pro Jahr die wesentlichen Themen f\u00fcr F\u00fchrungskr\u00e4fte von KMU auf.\",\"publisher\":{\"@id\":\"https:\\\/\\\/www.organisator.ch\\\/#organization\"},\"potentialAction\":[{\"@type\":\"SearchAction\",\"target\":{\"@type\":\"EntryPoint\",\"urlTemplate\":\"https:\\\/\\\/www.organisator.ch\\\/?s={search_term_string}\"},\"query-input\":{\"@type\":\"PropertyValueSpecification\",\"valueRequired\":true,\"valueName\":\"search_term_string\"}}],\"inLanguage\":\"en-US\"},{\"@type\":\"Organization\",\"@id\":\"https:\\\/\\\/www.organisator.ch\\\/#organization\",\"name\":\"Organisator\",\"url\":\"https:\\\/\\\/www.organisator.ch\\\/\",\"logo\":{\"@type\":\"ImageObject\",\"inLanguage\":\"en-US\",\"@id\":\"https:\\\/\\\/www.organisator.ch\\\/#\\\/schema\\\/logo\\\/image\\\/\",\"url\":\"https:\\\/\\\/www.organisator.ch\\\/wp-content\\\/uploads\\\/2022\\\/01\\\/Logo_Organisator_Website.png\",\"contentUrl\":\"https:\\\/\\\/www.organisator.ch\\\/wp-content\\\/uploads\\\/2022\\\/01\\\/Logo_Organisator_Website.png\",\"width\":800,\"height\":77,\"caption\":\"Organisator\"},\"image\":{\"@id\":\"https:\\\/\\\/www.organisator.ch\\\/#\\\/schema\\\/logo\\\/image\\\/\"},\"sameAs\":[\"https:\\\/\\\/www.facebook.com\\\/OrganisatorFachmagazin\",\"https:\\\/\\\/www.linkedin.com\\\/showcase\\\/organisator-das-magazin-fr-kmu\",\"https:\\\/\\\/www.xing.com\\\/news\\\/pages\\\/organisator-ch-695\",\"https:\\\/\\\/www.youtube.com\\\/channel\\\/UCGP2Sq0iWaZwT3BdIAQFYpw\"]},{\"@type\":\"Person\",\"@id\":\"https:\\\/\\\/www.organisator.ch\\\/#\\\/schema\\\/person\\\/6f650f90b2842cd4c0cc334b4e36f67e\",\"name\":\"thomas.berner\",\"image\":{\"@type\":\"ImageObject\",\"inLanguage\":\"en-US\",\"@id\":\"https:\\\/\\\/secure.gravatar.com\\\/avatar\\\/ac5001d2a36cb6c6cd3e50789007ffca834b477b74a2144564522e944eabff61?s=96&d=mm&r=g\",\"url\":\"https:\\\/\\\/secure.gravatar.com\\\/avatar\\\/ac5001d2a36cb6c6cd3e50789007ffca834b477b74a2144564522e944eabff61?s=96&d=mm&r=g\",\"contentUrl\":\"https:\\\/\\\/secure.gravatar.com\\\/avatar\\\/ac5001d2a36cb6c6cd3e50789007ffca834b477b74a2144564522e944eabff61?s=96&d=mm&r=g\",\"caption\":\"thomas.berner\"},\"url\":\"https:\\\/\\\/www.organisator.ch\\\/en\\\/author\\\/thomas-berner\\\/\"}]}<\/script>\n<!-- \/ Yoast SEO plugin. -->","yoast_head_json":{"title":"Record year for bike to work: 80,000 ride 22 million kilometers! - Organizer","description":"The bike boom continues: The 18th edition of the bike to work Challenge recorded a growth of 30% compared to the previous year.","robots":{"index":"index","follow":"follow","max-snippet":"max-snippet:-1","max-image-preview":"max-image-preview:large","max-video-preview":"max-video-preview:-1"},"canonical":"https:\/\/www.organisator.ch\/en\/sustainability\/2022-07-07\/record-year-for-bike-to-work-80000-rides-22-million-kilometers\/","og_locale":"en_US","og_type":"article","og_title":"Rekordjahr f\u00fcr bike to work: 80'000 fahren 22 Mio. Kilometer!","og_description":"Der Veloboom h\u00e4lt an: Die 18. Auflage der bike to work Challenge verzeichnet ein Wachstum von 30% gegen\u00fcber dem Vorjahr.","og_url":"https:\/\/www.organisator.ch\/en\/sustainability\/2022-07-07\/record-year-for-bike-to-work-80000-rides-22-million-kilometers\/","og_site_name":"Organisator","article_publisher":"https:\/\/www.facebook.com\/OrganisatorFachmagazin","article_published_time":"2022-07-07T07:22:43+00:00","article_modified_time":"2022-07-28T06:11:19+00:00","og_image":[{"width":680,"height":453,"url":"https:\/\/www.organisator.ch\/wp-content\/uploads\/2022\/07\/Rekordjahr-fuer-bike-to-work-80000-fahren-22-Mio-Kilometer_Organisator.jpg","type":"image\/jpeg"}],"author":"thomas.berner","twitter_card":"summary_large_image","twitter_title":"#Rekordjahr f\u00fcr bike to work: 80'000 fahren 22 Mio. Kilometer!","twitter_description":"Der #Veloboom h\u00e4lt an: Die 18. Auflage der bike to work Challenge verzeichnet ein Wachstum von 30% gegen\u00fcber dem Vorjahr.","twitter_image":"https:\/\/www.organisator.ch\/wp-content\/uploads\/2022\/07\/Rekordjahr-fuer-bike-to-work-80000-fahren-22-Mio-Kilometer_Organisator.jpg","schema":{"@context":"https:\/\/schema.org","@graph":[{"@type":"Article","@id":"https:\/\/www.organisator.ch\/sustainability\/2022-07-07\/rekordjahr-fuer-bike-to-work-80000-fahren-22-mio-kilometer\/#article","isPartOf":{"@id":"https:\/\/www.organisator.ch\/sustainability\/2022-07-07\/rekordjahr-fuer-bike-to-work-80000-fahren-22-mio-kilometer\/"},"author":{"name":"thomas.berner","@id":"https:\/\/www.organisator.ch\/#\/schema\/person\/6f650f90b2842cd4c0cc334b4e36f67e"},"headline":"Rekordjahr f\u00fcr bike to work: 80&#8217;000 fahren 22 Mio. Kilometer!","datePublished":"2022-07-07T07:22:43+00:00","dateModified":"2022-07-28T06:11:19+00:00","mainEntityOfPage":{"@id":"https:\/\/www.organisator.ch\/sustainability\/2022-07-07\/rekordjahr-fuer-bike-to-work-80000-fahren-22-mio-kilometer\/"},"wordCount":402,"publisher":{"@id":"https:\/\/www.organisator.ch\/#organization"},"image":{"@id":"https:\/\/www.organisator.ch\/sustainability\/2022-07-07\/rekordjahr-fuer-bike-to-work-80000-fahren-22-mio-kilometer\/#primaryimage"},"thumbnailUrl":"https:\/\/www.organisator.ch\/wp-content\/uploads\/2022\/07\/Rekordjahr-fuer-bike-to-work-80000-fahren-22-Mio-Kilometer_Organisator.jpg","keywords":["Betriebliches Gesundheitsmanagement","Bike to Work","Fit im Job","Nachhaltige Wirtschaft"],"articleSection":["SUSTAINABILITY"],"inLanguage":"en-US"},{"@type":"WebPage","@id":"https:\/\/www.organisator.ch\/sustainability\/2022-07-07\/rekordjahr-fuer-bike-to-work-80000-fahren-22-mio-kilometer\/","url":"https:\/\/www.organisator.ch\/sustainability\/2022-07-07\/rekordjahr-fuer-bike-to-work-80000-fahren-22-mio-kilometer\/","name":"Record year for bike to work: 80,000 ride 22 million kilometers! - Organizer","isPartOf":{"@id":"https:\/\/www.organisator.ch\/#website"},"primaryImageOfPage":{"@id":"https:\/\/www.organisator.ch\/sustainability\/2022-07-07\/rekordjahr-fuer-bike-to-work-80000-fahren-22-mio-kilometer\/#primaryimage"},"image":{"@id":"https:\/\/www.organisator.ch\/sustainability\/2022-07-07\/rekordjahr-fuer-bike-to-work-80000-fahren-22-mio-kilometer\/#primaryimage"},"thumbnailUrl":"https:\/\/www.organisator.ch\/wp-content\/uploads\/2022\/07\/Rekordjahr-fuer-bike-to-work-80000-fahren-22-Mio-Kilometer_Organisator.jpg","datePublished":"2022-07-07T07:22:43+00:00","dateModified":"2022-07-28T06:11:19+00:00","description":"The bike boom continues: The 18th edition of the bike to work Challenge recorded a growth of 30% compared to the previous year.","breadcrumb":{"@id":"https:\/\/www.organisator.ch\/sustainability\/2022-07-07\/rekordjahr-fuer-bike-to-work-80000-fahren-22-mio-kilometer\/#breadcrumb"},"inLanguage":"en-US","potentialAction":[{"@type":"ReadAction","target":["https:\/\/www.organisator.ch\/sustainability\/2022-07-07\/rekordjahr-fuer-bike-to-work-80000-fahren-22-mio-kilometer\/"]}]},{"@type":"ImageObject","inLanguage":"en-US","@id":"https:\/\/www.organisator.ch\/sustainability\/2022-07-07\/rekordjahr-fuer-bike-to-work-80000-fahren-22-mio-kilometer\/#primaryimage","url":"https:\/\/www.organisator.ch\/wp-content\/uploads\/2022\/07\/Rekordjahr-fuer-bike-to-work-80000-fahren-22-Mio-Kilometer_Organisator.jpg","contentUrl":"https:\/\/www.organisator.ch\/wp-content\/uploads\/2022\/07\/Rekordjahr-fuer-bike-to-work-80000-fahren-22-Mio-Kilometer_Organisator.jpg","width":680,"height":453,"caption":"Anhaltender Veloboom: Die Aktion bike to work verzeichnete ein Rekordjahr. (Bild: Unsplash.com)"},{"@type":"BreadcrumbList","@id":"https:\/\/www.organisator.ch\/sustainability\/2022-07-07\/rekordjahr-fuer-bike-to-work-80000-fahren-22-mio-kilometer\/#breadcrumb","itemListElement":[{"@type":"ListItem","position":1,"name":"Home","item":"https:\/\/www.organisator.ch\/"},{"@type":"ListItem","position":2,"name":"Rekordjahr f\u00fcr bike to work: 80&#8217;000 fahren 22 Mio. Kilometer!"}]},{"@type":"WebSite","@id":"https:\/\/www.organisator.ch\/#website","url":"https:\/\/www.organisator.ch\/","name":"Organizer","description":"Competent. Practical. In 10 issues per year, ORGANISATOR presents the essential topics for managers of SMEs.","publisher":{"@id":"https:\/\/www.organisator.ch\/#organization"},"potentialAction":[{"@type":"SearchAction","target":{"@type":"EntryPoint","urlTemplate":"https:\/\/www.organisator.ch\/?s={search_term_string}"},"query-input":{"@type":"PropertyValueSpecification","valueRequired":true,"valueName":"search_term_string"}}],"inLanguage":"en-US"},{"@type":"Organization","@id":"https:\/\/www.organisator.ch\/#organization","name":"Organizer","url":"https:\/\/www.organisator.ch\/","logo":{"@type":"ImageObject","inLanguage":"en-US","@id":"https:\/\/www.organisator.ch\/#\/schema\/logo\/image\/","url":"https:\/\/www.organisator.ch\/wp-content\/uploads\/2022\/01\/Logo_Organisator_Website.png","contentUrl":"https:\/\/www.organisator.ch\/wp-content\/uploads\/2022\/01\/Logo_Organisator_Website.png","width":800,"height":77,"caption":"Organisator"},"image":{"@id":"https:\/\/www.organisator.ch\/#\/schema\/logo\/image\/"},"sameAs":["https:\/\/www.facebook.com\/OrganisatorFachmagazin","https:\/\/www.linkedin.com\/showcase\/organisator-das-magazin-fr-kmu","https:\/\/www.xing.com\/news\/pages\/organisator-ch-695","https:\/\/www.youtube.com\/channel\/UCGP2Sq0iWaZwT3BdIAQFYpw"]},{"@type":"Person","@id":"https:\/\/www.organisator.ch\/#\/schema\/person\/6f650f90b2842cd4c0cc334b4e36f67e","name":"thomas.berner","image":{"@type":"ImageObject","inLanguage":"en-US","@id":"https:\/\/secure.gravatar.com\/avatar\/ac5001d2a36cb6c6cd3e50789007ffca834b477b74a2144564522e944eabff61?s=96&d=mm&r=g","url":"https:\/\/secure.gravatar.com\/avatar\/ac5001d2a36cb6c6cd3e50789007ffca834b477b74a2144564522e944eabff61?s=96&d=mm&r=g","contentUrl":"https:\/\/secure.gravatar.com\/avatar\/ac5001d2a36cb6c6cd3e50789007ffca834b477b74a2144564522e944eabff61?s=96&d=mm&r=g","caption":"thomas.berner"},"url":"https:\/\/www.organisator.ch\/en\/author\/thomas-berner\/"}]}},"_links":{"self":[{"href":"https:\/\/www.organisator.ch\/en\/wp-json\/wp\/v2\/posts\/15584","targetHints":{"allow":["GET"]}}],"collection":[{"href":"https:\/\/www.organisator.ch\/en\/wp-json\/wp\/v2\/posts"}],"about":[{"href":"https:\/\/www.organisator.ch\/en\/wp-json\/wp\/v2\/types\/post"}],"author":[{"embeddable":true,"href":"https:\/\/www.organisator.ch\/en\/wp-json\/wp\/v2\/users\/4"}],"replies":[{"embeddable":true,"href":"https:\/\/www.organisator.ch\/en\/wp-json\/wp\/v2\/comments?post=15584"}],"version-history":[{"count":6,"href":"https:\/\/www.organisator.ch\/en\/wp-json\/wp\/v2\/posts\/15584\/revisions"}],"predecessor-version":[{"id":15891,"href":"https:\/\/www.organisator.ch\/en\/wp-json\/wp\/v2\/posts\/15584\/revisions\/15891"}],"wp:featuredmedia":[{"embeddable":true,"href":"https:\/\/www.organisator.ch\/en\/wp-json\/wp\/v2\/media\/15586"}],"wp:attachment":[{"href":"https:\/\/www.organisator.ch\/en\/wp-json\/wp\/v2\/media?parent=15584"}],"wp:term":[{"taxonomy":"category","embeddable":true,"href":"https:\/\/www.organisator.ch\/en\/wp-json\/wp\/v2\/categories?post=15584"},{"taxonomy":"post_tag","embeddable":true,"href":"https:\/\/www.organisator.ch\/en\/wp-json\/wp\/v2\/tags?post=15584"}],"curies":[{"name":"wp","href":"https:\/\/api.w.org\/{rel}","templated":true}]}}