{"id":15606,"date":"2022-07-13T07:32:08","date_gmt":"2022-07-13T05:32:08","guid":{"rendered":"https:\/\/www.organisator.ch\/?p=15606"},"modified":"2022-07-08T08:50:22","modified_gmt":"2022-07-08T06:50:22","slug":"around-1150-young-professionals-ready-for-the-swiss-profession-championship","status":"publish","type":"post","link":"https:\/\/www.organisator.ch\/en\/human-resources\/2022-07-13\/rund-1150-junge-berufsleute-bereit-fuer-die-schweizer-berufs-meisterschaft\/","title":{"rendered":"Around 1,150 young professionals ready for the Swiss Skills Championships"},"content":{"rendered":"<figure id=\"attachment_15607\" aria-describedby=\"caption-attachment-15607\" style=\"width: 679px\" class=\"wp-caption alignnone\"><img loading=\"lazy\" decoding=\"async\" class=\"size-full wp-image-15607\" src=\"https:\/\/www.organisator.ch\/wp-content\/uploads\/2022\/07\/Rund-1150-junge-Berufsleute-bereit-fuer-die-Schweizer-Berufs-Meisterschaft_Organisator.jpg\" alt=\"\" width=\"679\" height=\"396\" srcset=\"https:\/\/www.organisator.ch\/wp-content\/uploads\/2022\/07\/Rund-1150-junge-Berufsleute-bereit-fuer-die-Schweizer-Berufs-Meisterschaft_Organisator.jpg 679w, https:\/\/www.organisator.ch\/wp-content\/uploads\/2022\/07\/Rund-1150-junge-Berufsleute-bereit-fuer-die-Schweizer-Berufs-Meisterschaft_Organisator-18x10.jpg 18w, https:\/\/www.organisator.ch\/wp-content\/uploads\/2022\/07\/Rund-1150-junge-Berufsleute-bereit-fuer-die-Schweizer-Berufs-Meisterschaft_Organisator-300x175.jpg 300w, https:\/\/www.organisator.ch\/wp-content\/uploads\/2022\/07\/Rund-1150-junge-Berufsleute-bereit-fuer-die-Schweizer-Berufs-Meisterschaft_Organisator-600x350.jpg 600w\" sizes=\"auto, (max-width: 679px) 100vw, 679px\" \/><figcaption id=\"caption-attachment-15607\" class=\"wp-caption-text\">Vocational championships in front of a large audience again: Around 1,150 young professionals get ready for the Swiss Skills Championships in Bern. (Image: zVg SwissSkills)<\/figcaption><\/figure>\n<p>From September 7 to 11, 2022, the grounds of Bernexpo will be transformed for the third time after 2014 and 2018 into a huge temporary stage for young talent from around 150 different apprenticeship professions. Around 1,150 of the best young Swiss professionals will offer an inspiring insight into the diversity and excellence of Swiss vocational education and training during SwissSkills 2022. The third staging of these central Swiss vocational championships had originally been planned for 2020 and had to be postponed by two years due to the Corona pandemic. This makes it all the more gratifying that the overall showcase of Swiss vocational education and training can once again take place in full.<\/p>\n<h3>Participants of the professions are determined<\/h3>\n<p>A total of around 1,150 apprentices and apprenticeship graduates will compete at SwissSkills 2022. As diverse as the SwissSkills professions are, so are the participation criteria for SwissSkills set by the respective professional associations. With the exception of a few associations that will not determine their participants until after the final apprenticeship examinations in summer 2022, most professional associations have completed the selection process.<\/p>\n<p>The currently more than 850 nominated candidates will be published on the SwissSkills 2022 website at <a href=\"http:\/\/www.swiss-skills2022.ch\/de\/teilnehmende\" target=\"_blank\" rel=\"noopener\">www.swiss-skills2022.ch\/de\/teilnehmende<\/a> presented. The list is continuously supplemented with further participants.<\/p>\n<h3>Championship of the Professionals: A Crowd Puller<\/h3>\n<p>The unique format of the central SwissSkills enables the public and especially young people in the career orientation process to look over the shoulders of the country's best young professionals at work and thus experience a wide variety of apprenticeships on a 1:1 basis. In addition, the more than 60 participating professional associations offer the public attractive opportunities to try out the professions for themselves right on the spot.<\/p>\n<p>Around 120,000 visitors are expected over five days. Among others, 2426 school classes with more than 60,000 students from all over Switzerland will visit the event.<\/p>\n<h3>Showcase for vocational training<\/h3>\n<p>\"The Swiss vocational education and training system has proven itself extremely well, especially during the Corona pandemic, as a central pillar of Switzerland as a place to work and think, and offers young people in the country many prospects,\" says OC President Daniel Arn. \"More than ever, SwissSkills 2022 will become the great showcase for vocational education and training. Together with all those involved and, above all, the young professionals, we will send out an important signal of new beginnings.\"<\/p>","protected":false},"excerpt":{"rendered":"<p>Das Gel\u00e4nde der Bernexpo wird vom 7. bis 11. September 2022 zum dritten Mal nach 2014 und 2018 zur riesigen tempor\u00e4ren B\u00fchne f\u00fcr den Nachwuchs aus rund 150 verschiedenen Lehrberufen. Etwa 1\u2019150 der besten jungen Schweizer Berufsleute bieten w\u00e4hrend den SwissSkills 2022 einen inspirierenden Einblick in die Vielfalt und Exzellenz der Schweizer Berufsbildung. Die dritte [&hellip;]<\/p>\n","protected":false},"author":4,"featured_media":15607,"comment_status":"closed","ping_status":"closed","sticky":false,"template":"","format":"standard","meta":{"_acf_changed":false,"_yoast_wpseo_focuskw":"Berufsleute","_yoast_wpseo_metadesc":"An den \u00abSwissSkills 2022\u00bb, die in zwei Monaten in Bern er\u00f6ffnet werden, stellen die besten jungen Berufsleute der Schweiz ihr K\u00f6nnen vor.","articlekey":"","footnotes":""},"categories":[579],"tags":[62,254,2699],"class_list":["post-15606","post","type-post","status-publish","format-standard","has-post-thumbnail","hentry","category-human-resources","tag-aus-weiterbildung","tag-hrm","tag-swissskills"],"acf":[],"yoast_head":"<!-- This site is optimized with the Yoast SEO plugin v27.5 - https:\/\/yoast.com\/product\/yoast-seo-wordpress\/ -->\n<title>Rund 1&#039;150 junge Berufsleute bereit f\u00fcr die Schweizer Berufs-Meisterschaft - Organisator<\/title>\n<meta name=\"description\" content=\"An den \u00abSwissSkills 2022\u00bb, die in zwei Monaten in Bern er\u00f6ffnet werden, stellen die besten jungen Berufsleute der Schweiz ihr K\u00f6nnen vor.\" \/>\n<meta name=\"robots\" content=\"index, follow, max-snippet:-1, max-image-preview:large, max-video-preview:-1\" \/>\n<link rel=\"canonical\" href=\"https:\/\/www.organisator.ch\/en\/human-resources\/2022-07-13\/around-1150-young-professionals-ready-for-the-swiss-profession-championship\/\" \/>\n<meta property=\"og:locale\" content=\"en_US\" \/>\n<meta property=\"og:type\" content=\"article\" \/>\n<meta property=\"og:title\" content=\"Rund 1&#039;150 junge Berufsleute bereit f\u00fcr die Schweizer Berufs-Meisterschaft\" \/>\n<meta property=\"og:description\" content=\"An den \u00abSwissSkills 2022\u00bb, die in zwei Monaten in Bern er\u00f6ffnet werden, stellen die besten jungen Berufsleute der Schweiz ihr K\u00f6nnen vor.\" \/>\n<meta property=\"og:url\" content=\"https:\/\/www.organisator.ch\/en\/human-resources\/2022-07-13\/around-1150-young-professionals-ready-for-the-swiss-profession-championship\/\" \/>\n<meta property=\"og:site_name\" content=\"Organisator\" \/>\n<meta property=\"article:publisher\" content=\"https:\/\/www.facebook.com\/OrganisatorFachmagazin\" \/>\n<meta property=\"article:published_time\" content=\"2022-07-13T05:32:08+00:00\" \/>\n<meta property=\"og:image\" content=\"https:\/\/www.organisator.ch\/wp-content\/uploads\/2022\/07\/Rund-1150-junge-Berufsleute-bereit-fuer-die-Schweizer-Berufs-Meisterschaft_Organisator.jpg\" \/>\n\t<meta property=\"og:image:width\" content=\"679\" \/>\n\t<meta property=\"og:image:height\" content=\"396\" \/>\n\t<meta property=\"og:image:type\" content=\"image\/jpeg\" \/>\n<meta name=\"author\" content=\"thomas.berner\" \/>\n<meta name=\"twitter:card\" content=\"summary_large_image\" \/>\n<meta name=\"twitter:title\" content=\"Rund 1&#039;150 junge #Berufsleute bereit f\u00fcr die Schweizer #Berufs-Meisterschaft\" \/>\n<meta name=\"twitter:description\" content=\"An den \u00ab#SwissSkills 2022\u00bb, die in zwei Monaten in Bern er\u00f6ffnet werden, stellen die besten jungen #Berufsleute der Schweiz ihr K\u00f6nnen vor.\" \/>\n<meta name=\"twitter:image\" content=\"https:\/\/www.organisator.ch\/wp-content\/uploads\/2022\/07\/Rund-1150-junge-Berufsleute-bereit-fuer-die-Schweizer-Berufs-Meisterschaft_Organisator.jpg\" \/>\n<script type=\"application\/ld+json\" class=\"yoast-schema-graph\">{\"@context\":\"https:\\\/\\\/schema.org\",\"@graph\":[{\"@type\":\"Article\",\"@id\":\"https:\\\/\\\/www.organisator.ch\\\/human-resources\\\/2022-07-13\\\/rund-1150-junge-berufsleute-bereit-fuer-die-schweizer-berufs-meisterschaft\\\/#article\",\"isPartOf\":{\"@id\":\"https:\\\/\\\/www.organisator.ch\\\/human-resources\\\/2022-07-13\\\/rund-1150-junge-berufsleute-bereit-fuer-die-schweizer-berufs-meisterschaft\\\/\"},\"author\":{\"name\":\"thomas.berner\",\"@id\":\"https:\\\/\\\/www.organisator.ch\\\/#\\\/schema\\\/person\\\/6f650f90b2842cd4c0cc334b4e36f67e\"},\"headline\":\"Rund 1&#8217;150 junge Berufsleute bereit f\u00fcr die Schweizer Berufs-Meisterschaft\",\"datePublished\":\"2022-07-13T05:32:08+00:00\",\"mainEntityOfPage\":{\"@id\":\"https:\\\/\\\/www.organisator.ch\\\/human-resources\\\/2022-07-13\\\/rund-1150-junge-berufsleute-bereit-fuer-die-schweizer-berufs-meisterschaft\\\/\"},\"wordCount\":389,\"publisher\":{\"@id\":\"https:\\\/\\\/www.organisator.ch\\\/#organization\"},\"image\":{\"@id\":\"https:\\\/\\\/www.organisator.ch\\\/human-resources\\\/2022-07-13\\\/rund-1150-junge-berufsleute-bereit-fuer-die-schweizer-berufs-meisterschaft\\\/#primaryimage\"},\"thumbnailUrl\":\"https:\\\/\\\/www.organisator.ch\\\/wp-content\\\/uploads\\\/2022\\\/07\\\/Rund-1150-junge-Berufsleute-bereit-fuer-die-Schweizer-Berufs-Meisterschaft_Organisator.jpg\",\"keywords\":[\"Aus-\\\/Weiterbildung\",\"HRM\",\"SwissSkills\"],\"articleSection\":[\"HUMAN RESOURCES\"],\"inLanguage\":\"en-US\"},{\"@type\":\"WebPage\",\"@id\":\"https:\\\/\\\/www.organisator.ch\\\/human-resources\\\/2022-07-13\\\/rund-1150-junge-berufsleute-bereit-fuer-die-schweizer-berufs-meisterschaft\\\/\",\"url\":\"https:\\\/\\\/www.organisator.ch\\\/human-resources\\\/2022-07-13\\\/rund-1150-junge-berufsleute-bereit-fuer-die-schweizer-berufs-meisterschaft\\\/\",\"name\":\"Rund 1'150 junge Berufsleute bereit f\u00fcr die Schweizer Berufs-Meisterschaft - Organisator\",\"isPartOf\":{\"@id\":\"https:\\\/\\\/www.organisator.ch\\\/#website\"},\"primaryImageOfPage\":{\"@id\":\"https:\\\/\\\/www.organisator.ch\\\/human-resources\\\/2022-07-13\\\/rund-1150-junge-berufsleute-bereit-fuer-die-schweizer-berufs-meisterschaft\\\/#primaryimage\"},\"image\":{\"@id\":\"https:\\\/\\\/www.organisator.ch\\\/human-resources\\\/2022-07-13\\\/rund-1150-junge-berufsleute-bereit-fuer-die-schweizer-berufs-meisterschaft\\\/#primaryimage\"},\"thumbnailUrl\":\"https:\\\/\\\/www.organisator.ch\\\/wp-content\\\/uploads\\\/2022\\\/07\\\/Rund-1150-junge-Berufsleute-bereit-fuer-die-Schweizer-Berufs-Meisterschaft_Organisator.jpg\",\"datePublished\":\"2022-07-13T05:32:08+00:00\",\"description\":\"An den \u00abSwissSkills 2022\u00bb, die in zwei Monaten in Bern er\u00f6ffnet werden, stellen die besten jungen Berufsleute der Schweiz ihr K\u00f6nnen vor.\",\"breadcrumb\":{\"@id\":\"https:\\\/\\\/www.organisator.ch\\\/human-resources\\\/2022-07-13\\\/rund-1150-junge-berufsleute-bereit-fuer-die-schweizer-berufs-meisterschaft\\\/#breadcrumb\"},\"inLanguage\":\"en-US\",\"potentialAction\":[{\"@type\":\"ReadAction\",\"target\":[\"https:\\\/\\\/www.organisator.ch\\\/human-resources\\\/2022-07-13\\\/rund-1150-junge-berufsleute-bereit-fuer-die-schweizer-berufs-meisterschaft\\\/\"]}]},{\"@type\":\"ImageObject\",\"inLanguage\":\"en-US\",\"@id\":\"https:\\\/\\\/www.organisator.ch\\\/human-resources\\\/2022-07-13\\\/rund-1150-junge-berufsleute-bereit-fuer-die-schweizer-berufs-meisterschaft\\\/#primaryimage\",\"url\":\"https:\\\/\\\/www.organisator.ch\\\/wp-content\\\/uploads\\\/2022\\\/07\\\/Rund-1150-junge-Berufsleute-bereit-fuer-die-Schweizer-Berufs-Meisterschaft_Organisator.jpg\",\"contentUrl\":\"https:\\\/\\\/www.organisator.ch\\\/wp-content\\\/uploads\\\/2022\\\/07\\\/Rund-1150-junge-Berufsleute-bereit-fuer-die-Schweizer-Berufs-Meisterschaft_Organisator.jpg\",\"width\":679,\"height\":396,\"caption\":\"Wieder Berufsmeisterschaft vor grossem Publikum: Rund 1'150 junge Berufsleute machen sich f\u00fcr die Schweizer Meisterschaften der Berufsleute in Bern bereit. (Bild: zVg SwissSkills)\"},{\"@type\":\"BreadcrumbList\",\"@id\":\"https:\\\/\\\/www.organisator.ch\\\/human-resources\\\/2022-07-13\\\/rund-1150-junge-berufsleute-bereit-fuer-die-schweizer-berufs-meisterschaft\\\/#breadcrumb\",\"itemListElement\":[{\"@type\":\"ListItem\",\"position\":1,\"name\":\"Home\",\"item\":\"https:\\\/\\\/www.organisator.ch\\\/\"},{\"@type\":\"ListItem\",\"position\":2,\"name\":\"Rund 1&#8217;150 junge Berufsleute bereit f\u00fcr die Schweizer Berufs-Meisterschaft\"}]},{\"@type\":\"WebSite\",\"@id\":\"https:\\\/\\\/www.organisator.ch\\\/#website\",\"url\":\"https:\\\/\\\/www.organisator.ch\\\/\",\"name\":\"Organisator\",\"description\":\"Kompetent. Praxisnah. Der ORGANISATOR bereitet in 10 Ausgaben pro Jahr die wesentlichen Themen f\u00fcr F\u00fchrungskr\u00e4fte von KMU auf.\",\"publisher\":{\"@id\":\"https:\\\/\\\/www.organisator.ch\\\/#organization\"},\"potentialAction\":[{\"@type\":\"SearchAction\",\"target\":{\"@type\":\"EntryPoint\",\"urlTemplate\":\"https:\\\/\\\/www.organisator.ch\\\/?s={search_term_string}\"},\"query-input\":{\"@type\":\"PropertyValueSpecification\",\"valueRequired\":true,\"valueName\":\"search_term_string\"}}],\"inLanguage\":\"en-US\"},{\"@type\":\"Organization\",\"@id\":\"https:\\\/\\\/www.organisator.ch\\\/#organization\",\"name\":\"Organisator\",\"url\":\"https:\\\/\\\/www.organisator.ch\\\/\",\"logo\":{\"@type\":\"ImageObject\",\"inLanguage\":\"en-US\",\"@id\":\"https:\\\/\\\/www.organisator.ch\\\/#\\\/schema\\\/logo\\\/image\\\/\",\"url\":\"https:\\\/\\\/www.organisator.ch\\\/wp-content\\\/uploads\\\/2022\\\/01\\\/Logo_Organisator_Website.png\",\"contentUrl\":\"https:\\\/\\\/www.organisator.ch\\\/wp-content\\\/uploads\\\/2022\\\/01\\\/Logo_Organisator_Website.png\",\"width\":800,\"height\":77,\"caption\":\"Organisator\"},\"image\":{\"@id\":\"https:\\\/\\\/www.organisator.ch\\\/#\\\/schema\\\/logo\\\/image\\\/\"},\"sameAs\":[\"https:\\\/\\\/www.facebook.com\\\/OrganisatorFachmagazin\",\"https:\\\/\\\/www.linkedin.com\\\/showcase\\\/organisator-das-magazin-fr-kmu\",\"https:\\\/\\\/www.xing.com\\\/news\\\/pages\\\/organisator-ch-695\",\"https:\\\/\\\/www.youtube.com\\\/channel\\\/UCGP2Sq0iWaZwT3BdIAQFYpw\"]},{\"@type\":\"Person\",\"@id\":\"https:\\\/\\\/www.organisator.ch\\\/#\\\/schema\\\/person\\\/6f650f90b2842cd4c0cc334b4e36f67e\",\"name\":\"thomas.berner\",\"image\":{\"@type\":\"ImageObject\",\"inLanguage\":\"en-US\",\"@id\":\"https:\\\/\\\/secure.gravatar.com\\\/avatar\\\/ac5001d2a36cb6c6cd3e50789007ffca834b477b74a2144564522e944eabff61?s=96&d=mm&r=g\",\"url\":\"https:\\\/\\\/secure.gravatar.com\\\/avatar\\\/ac5001d2a36cb6c6cd3e50789007ffca834b477b74a2144564522e944eabff61?s=96&d=mm&r=g\",\"contentUrl\":\"https:\\\/\\\/secure.gravatar.com\\\/avatar\\\/ac5001d2a36cb6c6cd3e50789007ffca834b477b74a2144564522e944eabff61?s=96&d=mm&r=g\",\"caption\":\"thomas.berner\"},\"url\":\"https:\\\/\\\/www.organisator.ch\\\/en\\\/author\\\/thomas-berner\\\/\"}]}<\/script>\n<!-- \/ Yoast SEO plugin. -->","yoast_head_json":{"title":"Around 1,150 young professionals ready for the Swiss Skills Championships - organizer","description":"At the \"SwissSkills 2022\", which will open in Bern in two months, Switzerland's best young professionals will showcase their skills.","robots":{"index":"index","follow":"follow","max-snippet":"max-snippet:-1","max-image-preview":"max-image-preview:large","max-video-preview":"max-video-preview:-1"},"canonical":"https:\/\/www.organisator.ch\/en\/human-resources\/2022-07-13\/around-1150-young-professionals-ready-for-the-swiss-profession-championship\/","og_locale":"en_US","og_type":"article","og_title":"Rund 1'150 junge Berufsleute bereit f\u00fcr die Schweizer Berufs-Meisterschaft","og_description":"An den \u00abSwissSkills 2022\u00bb, die in zwei Monaten in Bern er\u00f6ffnet werden, stellen die besten jungen Berufsleute der Schweiz ihr K\u00f6nnen vor.","og_url":"https:\/\/www.organisator.ch\/en\/human-resources\/2022-07-13\/around-1150-young-professionals-ready-for-the-swiss-profession-championship\/","og_site_name":"Organisator","article_publisher":"https:\/\/www.facebook.com\/OrganisatorFachmagazin","article_published_time":"2022-07-13T05:32:08+00:00","og_image":[{"width":679,"height":396,"url":"https:\/\/www.organisator.ch\/wp-content\/uploads\/2022\/07\/Rund-1150-junge-Berufsleute-bereit-fuer-die-Schweizer-Berufs-Meisterschaft_Organisator.jpg","type":"image\/jpeg"}],"author":"thomas.berner","twitter_card":"summary_large_image","twitter_title":"Rund 1'150 junge #Berufsleute bereit f\u00fcr die Schweizer #Berufs-Meisterschaft","twitter_description":"An den \u00ab#SwissSkills 2022\u00bb, die in zwei Monaten in Bern er\u00f6ffnet werden, stellen die besten jungen #Berufsleute der Schweiz ihr K\u00f6nnen vor.","twitter_image":"https:\/\/www.organisator.ch\/wp-content\/uploads\/2022\/07\/Rund-1150-junge-Berufsleute-bereit-fuer-die-Schweizer-Berufs-Meisterschaft_Organisator.jpg","schema":{"@context":"https:\/\/schema.org","@graph":[{"@type":"Article","@id":"https:\/\/www.organisator.ch\/human-resources\/2022-07-13\/rund-1150-junge-berufsleute-bereit-fuer-die-schweizer-berufs-meisterschaft\/#article","isPartOf":{"@id":"https:\/\/www.organisator.ch\/human-resources\/2022-07-13\/rund-1150-junge-berufsleute-bereit-fuer-die-schweizer-berufs-meisterschaft\/"},"author":{"name":"thomas.berner","@id":"https:\/\/www.organisator.ch\/#\/schema\/person\/6f650f90b2842cd4c0cc334b4e36f67e"},"headline":"Rund 1&#8217;150 junge Berufsleute bereit f\u00fcr die Schweizer Berufs-Meisterschaft","datePublished":"2022-07-13T05:32:08+00:00","mainEntityOfPage":{"@id":"https:\/\/www.organisator.ch\/human-resources\/2022-07-13\/rund-1150-junge-berufsleute-bereit-fuer-die-schweizer-berufs-meisterschaft\/"},"wordCount":389,"publisher":{"@id":"https:\/\/www.organisator.ch\/#organization"},"image":{"@id":"https:\/\/www.organisator.ch\/human-resources\/2022-07-13\/rund-1150-junge-berufsleute-bereit-fuer-die-schweizer-berufs-meisterschaft\/#primaryimage"},"thumbnailUrl":"https:\/\/www.organisator.ch\/wp-content\/uploads\/2022\/07\/Rund-1150-junge-Berufsleute-bereit-fuer-die-Schweizer-Berufs-Meisterschaft_Organisator.jpg","keywords":["Aus-\/Weiterbildung","HRM","SwissSkills"],"articleSection":["HUMAN RESOURCES"],"inLanguage":"en-US"},{"@type":"WebPage","@id":"https:\/\/www.organisator.ch\/human-resources\/2022-07-13\/rund-1150-junge-berufsleute-bereit-fuer-die-schweizer-berufs-meisterschaft\/","url":"https:\/\/www.organisator.ch\/human-resources\/2022-07-13\/rund-1150-junge-berufsleute-bereit-fuer-die-schweizer-berufs-meisterschaft\/","name":"Around 1,150 young professionals ready for the Swiss Skills Championships - organizer","isPartOf":{"@id":"https:\/\/www.organisator.ch\/#website"},"primaryImageOfPage":{"@id":"https:\/\/www.organisator.ch\/human-resources\/2022-07-13\/rund-1150-junge-berufsleute-bereit-fuer-die-schweizer-berufs-meisterschaft\/#primaryimage"},"image":{"@id":"https:\/\/www.organisator.ch\/human-resources\/2022-07-13\/rund-1150-junge-berufsleute-bereit-fuer-die-schweizer-berufs-meisterschaft\/#primaryimage"},"thumbnailUrl":"https:\/\/www.organisator.ch\/wp-content\/uploads\/2022\/07\/Rund-1150-junge-Berufsleute-bereit-fuer-die-Schweizer-Berufs-Meisterschaft_Organisator.jpg","datePublished":"2022-07-13T05:32:08+00:00","description":"At the \"SwissSkills 2022\", which will open in Bern in two months, Switzerland's best young professionals will showcase their skills.","breadcrumb":{"@id":"https:\/\/www.organisator.ch\/human-resources\/2022-07-13\/rund-1150-junge-berufsleute-bereit-fuer-die-schweizer-berufs-meisterschaft\/#breadcrumb"},"inLanguage":"en-US","potentialAction":[{"@type":"ReadAction","target":["https:\/\/www.organisator.ch\/human-resources\/2022-07-13\/rund-1150-junge-berufsleute-bereit-fuer-die-schweizer-berufs-meisterschaft\/"]}]},{"@type":"ImageObject","inLanguage":"en-US","@id":"https:\/\/www.organisator.ch\/human-resources\/2022-07-13\/rund-1150-junge-berufsleute-bereit-fuer-die-schweizer-berufs-meisterschaft\/#primaryimage","url":"https:\/\/www.organisator.ch\/wp-content\/uploads\/2022\/07\/Rund-1150-junge-Berufsleute-bereit-fuer-die-Schweizer-Berufs-Meisterschaft_Organisator.jpg","contentUrl":"https:\/\/www.organisator.ch\/wp-content\/uploads\/2022\/07\/Rund-1150-junge-Berufsleute-bereit-fuer-die-Schweizer-Berufs-Meisterschaft_Organisator.jpg","width":679,"height":396,"caption":"Wieder Berufsmeisterschaft vor grossem Publikum: Rund 1'150 junge Berufsleute machen sich f\u00fcr die Schweizer Meisterschaften der Berufsleute in Bern bereit. (Bild: zVg SwissSkills)"},{"@type":"BreadcrumbList","@id":"https:\/\/www.organisator.ch\/human-resources\/2022-07-13\/rund-1150-junge-berufsleute-bereit-fuer-die-schweizer-berufs-meisterschaft\/#breadcrumb","itemListElement":[{"@type":"ListItem","position":1,"name":"Home","item":"https:\/\/www.organisator.ch\/"},{"@type":"ListItem","position":2,"name":"Rund 1&#8217;150 junge Berufsleute bereit f\u00fcr die Schweizer Berufs-Meisterschaft"}]},{"@type":"WebSite","@id":"https:\/\/www.organisator.ch\/#website","url":"https:\/\/www.organisator.ch\/","name":"Organizer","description":"Competent. Practical. In 10 issues per year, ORGANISATOR presents the essential topics for managers of SMEs.","publisher":{"@id":"https:\/\/www.organisator.ch\/#organization"},"potentialAction":[{"@type":"SearchAction","target":{"@type":"EntryPoint","urlTemplate":"https:\/\/www.organisator.ch\/?s={search_term_string}"},"query-input":{"@type":"PropertyValueSpecification","valueRequired":true,"valueName":"search_term_string"}}],"inLanguage":"en-US"},{"@type":"Organization","@id":"https:\/\/www.organisator.ch\/#organization","name":"Organizer","url":"https:\/\/www.organisator.ch\/","logo":{"@type":"ImageObject","inLanguage":"en-US","@id":"https:\/\/www.organisator.ch\/#\/schema\/logo\/image\/","url":"https:\/\/www.organisator.ch\/wp-content\/uploads\/2022\/01\/Logo_Organisator_Website.png","contentUrl":"https:\/\/www.organisator.ch\/wp-content\/uploads\/2022\/01\/Logo_Organisator_Website.png","width":800,"height":77,"caption":"Organisator"},"image":{"@id":"https:\/\/www.organisator.ch\/#\/schema\/logo\/image\/"},"sameAs":["https:\/\/www.facebook.com\/OrganisatorFachmagazin","https:\/\/www.linkedin.com\/showcase\/organisator-das-magazin-fr-kmu","https:\/\/www.xing.com\/news\/pages\/organisator-ch-695","https:\/\/www.youtube.com\/channel\/UCGP2Sq0iWaZwT3BdIAQFYpw"]},{"@type":"Person","@id":"https:\/\/www.organisator.ch\/#\/schema\/person\/6f650f90b2842cd4c0cc334b4e36f67e","name":"thomas.berner","image":{"@type":"ImageObject","inLanguage":"en-US","@id":"https:\/\/secure.gravatar.com\/avatar\/ac5001d2a36cb6c6cd3e50789007ffca834b477b74a2144564522e944eabff61?s=96&d=mm&r=g","url":"https:\/\/secure.gravatar.com\/avatar\/ac5001d2a36cb6c6cd3e50789007ffca834b477b74a2144564522e944eabff61?s=96&d=mm&r=g","contentUrl":"https:\/\/secure.gravatar.com\/avatar\/ac5001d2a36cb6c6cd3e50789007ffca834b477b74a2144564522e944eabff61?s=96&d=mm&r=g","caption":"thomas.berner"},"url":"https:\/\/www.organisator.ch\/en\/author\/thomas-berner\/"}]}},"_links":{"self":[{"href":"https:\/\/www.organisator.ch\/en\/wp-json\/wp\/v2\/posts\/15606","targetHints":{"allow":["GET"]}}],"collection":[{"href":"https:\/\/www.organisator.ch\/en\/wp-json\/wp\/v2\/posts"}],"about":[{"href":"https:\/\/www.organisator.ch\/en\/wp-json\/wp\/v2\/types\/post"}],"author":[{"embeddable":true,"href":"https:\/\/www.organisator.ch\/en\/wp-json\/wp\/v2\/users\/4"}],"replies":[{"embeddable":true,"href":"https:\/\/www.organisator.ch\/en\/wp-json\/wp\/v2\/comments?post=15606"}],"version-history":[{"count":1,"href":"https:\/\/www.organisator.ch\/en\/wp-json\/wp\/v2\/posts\/15606\/revisions"}],"predecessor-version":[{"id":15608,"href":"https:\/\/www.organisator.ch\/en\/wp-json\/wp\/v2\/posts\/15606\/revisions\/15608"}],"wp:featuredmedia":[{"embeddable":true,"href":"https:\/\/www.organisator.ch\/en\/wp-json\/wp\/v2\/media\/15607"}],"wp:attachment":[{"href":"https:\/\/www.organisator.ch\/en\/wp-json\/wp\/v2\/media?parent=15606"}],"wp:term":[{"taxonomy":"category","embeddable":true,"href":"https:\/\/www.organisator.ch\/en\/wp-json\/wp\/v2\/categories?post=15606"},{"taxonomy":"post_tag","embeddable":true,"href":"https:\/\/www.organisator.ch\/en\/wp-json\/wp\/v2\/tags?post=15606"}],"curies":[{"name":"wp","href":"https:\/\/api.w.org\/{rel}","templated":true}]}}