{"id":15637,"date":"2022-07-11T17:29:32","date_gmt":"2022-07-11T15:29:32","guid":{"rendered":"https:\/\/www.werbewoche.ch\/?p=183554"},"modified":"2022-07-21T12:26:10","modified_gmt":"2022-07-21T10:26:10","slug":"auf-der-richtigen-flughoehe-mit-ecmt-und-tbs","status":"publish","type":"post","link":"https:\/\/www.organisator.ch\/en\/marketing\/2022-07-11\/auf-der-richtigen-flughoehe-mit-ecmt-und-tbs\/","title":{"rendered":"At the right altitude with Ecmt and TBS"},"content":{"rendered":"<img class=\"aligncenter wp-image-183559 size-full\" src=\"https:\/\/www.werbewoche.ch\/wp-content\/uploads\/2022\/07\/ecmt_Website_Branding_1.jpg\" alt=\"Ecmt\" width=\"1200\" height=\"753\" \/>Ecmt bildet mit ihrer Software Seismograph umfassende Informationen risikobasiert und strukturiert ab. Dies hilft Unternehmen dabei, Komplexit\u00e4t zu reduzieren und damit die richtigen Entscheidungen zu treffen. Das Unternehmen arbeitet mit kritischen Infrastrukturen wie Airlines, Energieversorgern oder Unternehmen im Transportsektor sowie Organisationen auf Kantons- und Bundesebene zusammen. Dar\u00fcber hinaus nutzen auch immer mehr privatwirtschaftliche Unternehmen wie Versicherungen das L\u00f6sungsangebot und Know-how von Ecmt f\u00fcr sich. Mit der kontinuierlichen Weiterentwicklung von Seismograph soll deshalb der kommunikative Auftritt verst\u00e4rkt werden.\r\n\r\n<img class=\"aligncenter wp-image-183560 size-full\" src=\"https:\/\/www.werbewoche.ch\/wp-content\/uploads\/2022\/07\/ecmt_Website_Branding_2.jpg\" alt=\"Ecmt\" width=\"1200\" height=\"753\" \/> <img class=\"aligncenter wp-image-183555 size-full\" src=\"https:\/\/www.werbewoche.ch\/wp-content\/uploads\/2022\/07\/ecmt_Website_Branding_3.jpg\" alt=\"Ecmt\" width=\"1200\" height=\"753\" \/>\r\n<h3>Der Blick auf das grosse Ganze<\/h3>\r\nMit Seismograph bewegen sich Entscheider:innen auf der richtigen strategischen Flugh\u00f6he und behalten in allen Lagen den \u00dcberblick. Diese Perspektive soll sich im neuen visuellen Auftritt und in der Bildsprache widerspiegeln. Als zus\u00e4tzliches formales Element illustrieren die stilisierten Datenpunkte vernetztes Denken und intelligente L\u00f6sungen im Verbund.\r\n\r\nMit dem selbstbewussten Auftritt m\u00f6chte sich Ecmt klar von ihrem Umfeld abheben und damit gleichzeitig mehr Identifikation schaffen. Die neu gestalteten Inhalte sollen die komplexe Materie vereinfachen und die Kernleistung direkt auf den Punkt bringen.\r\n\r\nNeben den Leistungen bildet die <a href=\"https:\/\/www.ecmt.ch\/\">Site<\/a> die ganzheitliche Beratungs- und L\u00f6sungskompetenz von Ecmt ab und zeigt die M\u00f6glichkeiten ihres Tools in anschaulichen Use Cases auf. Dazu wurde in enger Zusammenarbeit ein gesch\u00e4rftes Messaging entwickelt und neue inhaltliche Schwerpunkte gesetzt.\r\n\r\n<img class=\"aligncenter wp-image-183556 size-full\" src=\"https:\/\/www.werbewoche.ch\/wp-content\/uploads\/2022\/07\/ecmt_Website_Branding_4.jpg\" alt=\"Ecmt\" width=\"1200\" height=\"753\" \/> <img class=\"aligncenter wp-image-183557 size-full\" src=\"https:\/\/www.werbewoche.ch\/wp-content\/uploads\/2022\/07\/ecmt_Website_Branding_5.jpg\" alt=\"Ecmt\" width=\"1200\" height=\"753\" \/> <img class=\"aligncenter wp-image-183558 size-full\" src=\"https:\/\/www.werbewoche.ch\/wp-content\/uploads\/2022\/07\/ecmt_Website_Branding_6.jpg\" alt=\"Ecmt\" width=\"1200\" height=\"753\" \/>\r\n<h3>Effektiv und effizient<\/h3>\r\nVom Briefing \u00fcber Strategie, Konzeption und Design bis zur final realisierten Website vergingen circa zw\u00f6lf Wochen. Analog zur Website wurde zudem eine pr\u00e4gnante Unternehmenspr\u00e4sentation entwickelt.\r\n\r\nNach ersten Testl\u00e4ufen zeigt sich Roberto Perot, Chief Operating Officer bei Ecmt, sichtlich zufrieden mit dem rundum erneuerten Erscheinungsbild: \u00abTBS hat f\u00fcr uns in k\u00fcrzester Zeit einen Markenauftritt geschaffen, hinter dem wir zu 100 Prozent stehen k\u00f6nnen. Dabei hat uns neben ihrer ausgewiesenen Markenexpertise und Designkompetenz auch die unkomplizierte und pers\u00f6nliche Arbeitsweise \u00fcberzeugt.\u00bb\r\n<div class=\"wp-video\" style=\"width: 768px\"><!-- [if lt IE 9]&gt;document.createElement('video');&lt;![endif]-->\r\n<video id=\"video-183554-1\" class=\"wp-video-shortcode\" preload=\"metadata\" controls=\"controls\" width=\"768\" height=\"432\"><a href=\"https:\/\/www.werbewoche.ch\/wp-content\/uploads\/2022\/07\/ecmt_Website_Branding_Film_1920x1080.mp4\">https:\/\/www.werbewoche.ch\/wp-content\/uploads\/2022\/07\/ecmt_Website_Branding_Film_1920x1080.mp4<\/a><\/video><\/div>","protected":false},"excerpt":{"rendered":"<p>Ecmt bildet mit ihrer Software Seismograph umfassende Informationen risikobasiert und strukturiert ab. Dies hilft Unternehmen dabei, Komplexit\u00e4t zu reduzieren und damit die richtigen Entscheidungen zu treffen. Das Unternehmen arbeitet mit kritischen Infrastrukturen wie Airlines, Energieversorgern oder Unternehmen im Transportsektor sowie Organisationen auf Kantons- und Bundesebene zusammen. Dar\u00fcber hinaus nutzen auch immer mehr privatwirtschaftliche Unternehmen wie [\u2026]<\/p>\n","protected":false},"author":8,"featured_media":0,"comment_status":"closed","ping_status":"closed","sticky":false,"template":"","format":"standard","meta":{"_acf_changed":false,"_yoast_wpseo_focuskw":"Ecmt","_yoast_wpseo_metadesc":"Ecmt unterst\u00fctzt Organisationen und Unternehmen im strategischen Risiko- und Krisenmanagement.","articlekey":"","footnotes":""},"categories":[29],"tags":[3030,3031],"class_list":["post-15637","post","type-post","status-publish","format-standard","hentry","category-marketing","tag-ecmt","tag-tbs"],"acf":[],"yoast_head":"<!-- This site is optimized with the Yoast SEO plugin v27.5 - https:\/\/yoast.com\/product\/yoast-seo-wordpress\/ -->\n<title>Auf der richtigen Flugh\u00f6he mit Ecmt und TBS - Organisator<\/title>\n<meta name=\"description\" content=\"Ecmt unterst\u00fctzt Organisationen und Unternehmen im strategischen Risiko- und Krisenmanagement.\" \/>\n<meta name=\"robots\" content=\"index, follow, max-snippet:-1, max-image-preview:large, max-video-preview:-1\" \/>\n<link rel=\"canonical\" href=\"https:\/\/www.werbewoche.ch\/de\/marketing\/marken\/2022-07-11\/auf-der-richtigen-flughoehe-mit-ecmt-und-tbs\/\" \/>\n<meta property=\"og:locale\" content=\"en_US\" \/>\n<meta property=\"og:type\" content=\"article\" \/>\n<meta property=\"og:title\" content=\"Auf der richtigen Flugh\u00f6he mit Ecmt und TBS - Organisator\" \/>\n<meta property=\"og:description\" content=\"Ecmt unterst\u00fctzt Organisationen und Unternehmen im strategischen Risiko- und Krisenmanagement.\" \/>\n<meta property=\"og:url\" content=\"https:\/\/www.werbewoche.ch\/de\/marketing\/marken\/2022-07-11\/auf-der-richtigen-flughoehe-mit-ecmt-und-tbs\/\" \/>\n<meta property=\"og:site_name\" content=\"Organisator\" \/>\n<meta property=\"article:publisher\" content=\"https:\/\/www.facebook.com\/OrganisatorFachmagazin\" \/>\n<meta property=\"article:published_time\" content=\"2022-07-11T15:29:32+00:00\" \/>\n<meta property=\"article:modified_time\" content=\"2022-07-21T10:26:10+00:00\" \/>\n<meta property=\"og:image\" content=\"https:\/\/www.werbewoche.ch\/wp-content\/uploads\/2022\/07\/ecmt_Website_Branding_1.jpg\" \/>\n<meta name=\"author\" content=\"galledia\" \/>\n<meta name=\"twitter:card\" content=\"summary_large_image\" \/>\n<meta name=\"twitter:creator\" content=\"@admin\" \/>\n<script type=\"application\/ld+json\" class=\"yoast-schema-graph\">{\"@context\":\"https:\\\/\\\/schema.org\",\"@graph\":[{\"@type\":\"Article\",\"@id\":\"https:\\\/\\\/www.werbewoche.ch\\\/de\\\/marketing\\\/marken\\\/2022-07-11\\\/auf-der-richtigen-flughoehe-mit-ecmt-und-tbs\\\/#article\",\"isPartOf\":{\"@id\":\"https:\\\/\\\/www.organisator.ch\\\/marketing\\\/2022-07-11\\\/auf-der-richtigen-flughoehe-mit-ecmt-und-tbs\\\/\"},\"author\":{\"name\":\"galledia\",\"@id\":\"https:\\\/\\\/www.organisator.ch\\\/#\\\/schema\\\/person\\\/4e51799071cd2dd1232ac003643ef5f0\"},\"headline\":\"Auf der richtigen Flugh\u00f6he mit Ecmt und TBS\",\"datePublished\":\"2022-07-11T15:29:32+00:00\",\"dateModified\":\"2022-07-21T10:26:10+00:00\",\"mainEntityOfPage\":{\"@id\":\"https:\\\/\\\/www.organisator.ch\\\/marketing\\\/2022-07-11\\\/auf-der-richtigen-flughoehe-mit-ecmt-und-tbs\\\/\"},\"wordCount\":324,\"publisher\":{\"@id\":\"https:\\\/\\\/www.organisator.ch\\\/#organization\"},\"image\":{\"@id\":\"https:\\\/\\\/www.werbewoche.ch\\\/de\\\/marketing\\\/marken\\\/2022-07-11\\\/auf-der-richtigen-flughoehe-mit-ecmt-und-tbs\\\/#primaryimage\"},\"thumbnailUrl\":\"https:\\\/\\\/www.werbewoche.ch\\\/wp-content\\\/uploads\\\/2022\\\/07\\\/ecmt_Website_Branding_1.jpg\",\"keywords\":[\"Ecmt\",\"TBS\"],\"articleSection\":[\"MARKETING\"],\"inLanguage\":\"en-US\"},{\"@type\":\"WebPage\",\"@id\":\"https:\\\/\\\/www.organisator.ch\\\/marketing\\\/2022-07-11\\\/auf-der-richtigen-flughoehe-mit-ecmt-und-tbs\\\/\",\"url\":\"https:\\\/\\\/www.werbewoche.ch\\\/de\\\/marketing\\\/marken\\\/2022-07-11\\\/auf-der-richtigen-flughoehe-mit-ecmt-und-tbs\\\/\",\"name\":\"Auf der richtigen Flugh\u00f6he mit Ecmt und TBS - Organisator\",\"isPartOf\":{\"@id\":\"https:\\\/\\\/www.organisator.ch\\\/#website\"},\"primaryImageOfPage\":{\"@id\":\"https:\\\/\\\/www.werbewoche.ch\\\/de\\\/marketing\\\/marken\\\/2022-07-11\\\/auf-der-richtigen-flughoehe-mit-ecmt-und-tbs\\\/#primaryimage\"},\"image\":{\"@id\":\"https:\\\/\\\/www.werbewoche.ch\\\/de\\\/marketing\\\/marken\\\/2022-07-11\\\/auf-der-richtigen-flughoehe-mit-ecmt-und-tbs\\\/#primaryimage\"},\"thumbnailUrl\":\"https:\\\/\\\/www.werbewoche.ch\\\/wp-content\\\/uploads\\\/2022\\\/07\\\/ecmt_Website_Branding_1.jpg\",\"datePublished\":\"2022-07-11T15:29:32+00:00\",\"dateModified\":\"2022-07-21T10:26:10+00:00\",\"description\":\"Ecmt unterst\u00fctzt Organisationen und Unternehmen im strategischen Risiko- und Krisenmanagement.\",\"breadcrumb\":{\"@id\":\"https:\\\/\\\/www.werbewoche.ch\\\/de\\\/marketing\\\/marken\\\/2022-07-11\\\/auf-der-richtigen-flughoehe-mit-ecmt-und-tbs\\\/#breadcrumb\"},\"inLanguage\":\"en-US\",\"potentialAction\":[{\"@type\":\"ReadAction\",\"target\":[\"https:\\\/\\\/www.werbewoche.ch\\\/de\\\/marketing\\\/marken\\\/2022-07-11\\\/auf-der-richtigen-flughoehe-mit-ecmt-und-tbs\\\/\"]}]},{\"@type\":\"ImageObject\",\"inLanguage\":\"en-US\",\"@id\":\"https:\\\/\\\/www.werbewoche.ch\\\/de\\\/marketing\\\/marken\\\/2022-07-11\\\/auf-der-richtigen-flughoehe-mit-ecmt-und-tbs\\\/#primaryimage\",\"url\":\"https:\\\/\\\/www.werbewoche.ch\\\/wp-content\\\/uploads\\\/2022\\\/07\\\/ecmt_Website_Branding_1.jpg\",\"contentUrl\":\"https:\\\/\\\/www.werbewoche.ch\\\/wp-content\\\/uploads\\\/2022\\\/07\\\/ecmt_Website_Branding_1.jpg\"},{\"@type\":\"BreadcrumbList\",\"@id\":\"https:\\\/\\\/www.werbewoche.ch\\\/de\\\/marketing\\\/marken\\\/2022-07-11\\\/auf-der-richtigen-flughoehe-mit-ecmt-und-tbs\\\/#breadcrumb\",\"itemListElement\":[{\"@type\":\"ListItem\",\"position\":1,\"name\":\"Home\",\"item\":\"https:\\\/\\\/www.organisator.ch\\\/\"},{\"@type\":\"ListItem\",\"position\":2,\"name\":\"Auf der richtigen Flugh\u00f6he mit Ecmt und TBS\"}]},{\"@type\":\"WebSite\",\"@id\":\"https:\\\/\\\/www.organisator.ch\\\/#website\",\"url\":\"https:\\\/\\\/www.organisator.ch\\\/\",\"name\":\"Organisator\",\"description\":\"Kompetent. Praxisnah. Der ORGANISATOR bereitet in 10 Ausgaben pro Jahr die wesentlichen Themen f\u00fcr F\u00fchrungskr\u00e4fte von KMU auf.\",\"publisher\":{\"@id\":\"https:\\\/\\\/www.organisator.ch\\\/#organization\"},\"potentialAction\":[{\"@type\":\"SearchAction\",\"target\":{\"@type\":\"EntryPoint\",\"urlTemplate\":\"https:\\\/\\\/www.organisator.ch\\\/?s={search_term_string}\"},\"query-input\":{\"@type\":\"PropertyValueSpecification\",\"valueRequired\":true,\"valueName\":\"search_term_string\"}}],\"inLanguage\":\"en-US\"},{\"@type\":\"Organization\",\"@id\":\"https:\\\/\\\/www.organisator.ch\\\/#organization\",\"name\":\"Organisator\",\"url\":\"https:\\\/\\\/www.organisator.ch\\\/\",\"logo\":{\"@type\":\"ImageObject\",\"inLanguage\":\"en-US\",\"@id\":\"https:\\\/\\\/www.organisator.ch\\\/#\\\/schema\\\/logo\\\/image\\\/\",\"url\":\"https:\\\/\\\/www.organisator.ch\\\/wp-content\\\/uploads\\\/2022\\\/01\\\/Logo_Organisator_Website.png\",\"contentUrl\":\"https:\\\/\\\/www.organisator.ch\\\/wp-content\\\/uploads\\\/2022\\\/01\\\/Logo_Organisator_Website.png\",\"width\":800,\"height\":77,\"caption\":\"Organisator\"},\"image\":{\"@id\":\"https:\\\/\\\/www.organisator.ch\\\/#\\\/schema\\\/logo\\\/image\\\/\"},\"sameAs\":[\"https:\\\/\\\/www.facebook.com\\\/OrganisatorFachmagazin\",\"https:\\\/\\\/www.linkedin.com\\\/showcase\\\/organisator-das-magazin-fr-kmu\",\"https:\\\/\\\/www.xing.com\\\/news\\\/pages\\\/organisator-ch-695\",\"https:\\\/\\\/www.youtube.com\\\/channel\\\/UCGP2Sq0iWaZwT3BdIAQFYpw\"]},{\"@type\":\"Person\",\"@id\":\"https:\\\/\\\/www.organisator.ch\\\/#\\\/schema\\\/person\\\/4e51799071cd2dd1232ac003643ef5f0\",\"name\":\"galledia\",\"image\":{\"@type\":\"ImageObject\",\"inLanguage\":\"en-US\",\"@id\":\"https:\\\/\\\/secure.gravatar.com\\\/avatar\\\/78a7f90c01fc2bfc875782a0d4922b37cde2cf184ce347b91316d23cd7f69a36?s=96&d=mm&r=g\",\"url\":\"https:\\\/\\\/secure.gravatar.com\\\/avatar\\\/78a7f90c01fc2bfc875782a0d4922b37cde2cf184ce347b91316d23cd7f69a36?s=96&d=mm&r=g\",\"contentUrl\":\"https:\\\/\\\/secure.gravatar.com\\\/avatar\\\/78a7f90c01fc2bfc875782a0d4922b37cde2cf184ce347b91316d23cd7f69a36?s=96&d=mm&r=g\",\"caption\":\"galledia\"},\"sameAs\":[\"https:\\\/\\\/x.com\\\/admin\"],\"url\":\"https:\\\/\\\/www.organisator.ch\\\/en\\\/author\\\/galledia\\\/\"}]}<\/script>\n<!-- \/ Yoast SEO plugin. -->","yoast_head_json":{"title":"On the right flight level with Ecmt and TBS - Organizer","description":"Ecmt supports organizations and companies in strategic risk and crisis management.","robots":{"index":"index","follow":"follow","max-snippet":"max-snippet:-1","max-image-preview":"max-image-preview:large","max-video-preview":"max-video-preview:-1"},"canonical":"https:\/\/www.werbewoche.ch\/de\/marketing\/marken\/2022-07-11\/auf-der-richtigen-flughoehe-mit-ecmt-und-tbs\/","og_locale":"en_US","og_type":"article","og_title":"Auf der richtigen Flugh\u00f6he mit Ecmt und TBS - Organisator","og_description":"Ecmt unterst\u00fctzt Organisationen und Unternehmen im strategischen Risiko- und Krisenmanagement.","og_url":"https:\/\/www.werbewoche.ch\/de\/marketing\/marken\/2022-07-11\/auf-der-richtigen-flughoehe-mit-ecmt-und-tbs\/","og_site_name":"Organisator","article_publisher":"https:\/\/www.facebook.com\/OrganisatorFachmagazin","article_published_time":"2022-07-11T15:29:32+00:00","article_modified_time":"2022-07-21T10:26:10+00:00","og_image":[{"url":"https:\/\/www.werbewoche.ch\/wp-content\/uploads\/2022\/07\/ecmt_Website_Branding_1.jpg","type":"","width":"","height":""}],"author":"galledia","twitter_card":"summary_large_image","twitter_creator":"@admin","schema":{"@context":"https:\/\/schema.org","@graph":[{"@type":"Article","@id":"https:\/\/www.werbewoche.ch\/de\/marketing\/marken\/2022-07-11\/auf-der-richtigen-flughoehe-mit-ecmt-und-tbs\/#article","isPartOf":{"@id":"https:\/\/www.organisator.ch\/marketing\/2022-07-11\/auf-der-richtigen-flughoehe-mit-ecmt-und-tbs\/"},"author":{"name":"galledia","@id":"https:\/\/www.organisator.ch\/#\/schema\/person\/4e51799071cd2dd1232ac003643ef5f0"},"headline":"Auf der richtigen Flugh\u00f6he mit Ecmt und TBS","datePublished":"2022-07-11T15:29:32+00:00","dateModified":"2022-07-21T10:26:10+00:00","mainEntityOfPage":{"@id":"https:\/\/www.organisator.ch\/marketing\/2022-07-11\/auf-der-richtigen-flughoehe-mit-ecmt-und-tbs\/"},"wordCount":324,"publisher":{"@id":"https:\/\/www.organisator.ch\/#organization"},"image":{"@id":"https:\/\/www.werbewoche.ch\/de\/marketing\/marken\/2022-07-11\/auf-der-richtigen-flughoehe-mit-ecmt-und-tbs\/#primaryimage"},"thumbnailUrl":"https:\/\/www.werbewoche.ch\/wp-content\/uploads\/2022\/07\/ecmt_Website_Branding_1.jpg","keywords":["Ecmt","TBS"],"articleSection":["MARKETING"],"inLanguage":"en-US"},{"@type":"WebPage","@id":"https:\/\/www.organisator.ch\/marketing\/2022-07-11\/auf-der-richtigen-flughoehe-mit-ecmt-und-tbs\/","url":"https:\/\/www.werbewoche.ch\/de\/marketing\/marken\/2022-07-11\/auf-der-richtigen-flughoehe-mit-ecmt-und-tbs\/","name":"On the right flight level with Ecmt and TBS - Organizer","isPartOf":{"@id":"https:\/\/www.organisator.ch\/#website"},"primaryImageOfPage":{"@id":"https:\/\/www.werbewoche.ch\/de\/marketing\/marken\/2022-07-11\/auf-der-richtigen-flughoehe-mit-ecmt-und-tbs\/#primaryimage"},"image":{"@id":"https:\/\/www.werbewoche.ch\/de\/marketing\/marken\/2022-07-11\/auf-der-richtigen-flughoehe-mit-ecmt-und-tbs\/#primaryimage"},"thumbnailUrl":"https:\/\/www.werbewoche.ch\/wp-content\/uploads\/2022\/07\/ecmt_Website_Branding_1.jpg","datePublished":"2022-07-11T15:29:32+00:00","dateModified":"2022-07-21T10:26:10+00:00","description":"Ecmt supports organizations and companies in strategic risk and crisis management.","breadcrumb":{"@id":"https:\/\/www.werbewoche.ch\/de\/marketing\/marken\/2022-07-11\/auf-der-richtigen-flughoehe-mit-ecmt-und-tbs\/#breadcrumb"},"inLanguage":"en-US","potentialAction":[{"@type":"ReadAction","target":["https:\/\/www.werbewoche.ch\/de\/marketing\/marken\/2022-07-11\/auf-der-richtigen-flughoehe-mit-ecmt-und-tbs\/"]}]},{"@type":"ImageObject","inLanguage":"en-US","@id":"https:\/\/www.werbewoche.ch\/de\/marketing\/marken\/2022-07-11\/auf-der-richtigen-flughoehe-mit-ecmt-und-tbs\/#primaryimage","url":"https:\/\/www.werbewoche.ch\/wp-content\/uploads\/2022\/07\/ecmt_Website_Branding_1.jpg","contentUrl":"https:\/\/www.werbewoche.ch\/wp-content\/uploads\/2022\/07\/ecmt_Website_Branding_1.jpg"},{"@type":"BreadcrumbList","@id":"https:\/\/www.werbewoche.ch\/de\/marketing\/marken\/2022-07-11\/auf-der-richtigen-flughoehe-mit-ecmt-und-tbs\/#breadcrumb","itemListElement":[{"@type":"ListItem","position":1,"name":"Home","item":"https:\/\/www.organisator.ch\/"},{"@type":"ListItem","position":2,"name":"Auf der richtigen Flugh\u00f6he mit Ecmt und TBS"}]},{"@type":"WebSite","@id":"https:\/\/www.organisator.ch\/#website","url":"https:\/\/www.organisator.ch\/","name":"Organizer","description":"Competent. Practical. In 10 issues per year, ORGANISATOR presents the essential topics for managers of SMEs.","publisher":{"@id":"https:\/\/www.organisator.ch\/#organization"},"potentialAction":[{"@type":"SearchAction","target":{"@type":"EntryPoint","urlTemplate":"https:\/\/www.organisator.ch\/?s={search_term_string}"},"query-input":{"@type":"PropertyValueSpecification","valueRequired":true,"valueName":"search_term_string"}}],"inLanguage":"en-US"},{"@type":"Organization","@id":"https:\/\/www.organisator.ch\/#organization","name":"Organizer","url":"https:\/\/www.organisator.ch\/","logo":{"@type":"ImageObject","inLanguage":"en-US","@id":"https:\/\/www.organisator.ch\/#\/schema\/logo\/image\/","url":"https:\/\/www.organisator.ch\/wp-content\/uploads\/2022\/01\/Logo_Organisator_Website.png","contentUrl":"https:\/\/www.organisator.ch\/wp-content\/uploads\/2022\/01\/Logo_Organisator_Website.png","width":800,"height":77,"caption":"Organisator"},"image":{"@id":"https:\/\/www.organisator.ch\/#\/schema\/logo\/image\/"},"sameAs":["https:\/\/www.facebook.com\/OrganisatorFachmagazin","https:\/\/www.linkedin.com\/showcase\/organisator-das-magazin-fr-kmu","https:\/\/www.xing.com\/news\/pages\/organisator-ch-695","https:\/\/www.youtube.com\/channel\/UCGP2Sq0iWaZwT3BdIAQFYpw"]},{"@type":"Person","@id":"https:\/\/www.organisator.ch\/#\/schema\/person\/4e51799071cd2dd1232ac003643ef5f0","name":"galledia","image":{"@type":"ImageObject","inLanguage":"en-US","@id":"https:\/\/secure.gravatar.com\/avatar\/78a7f90c01fc2bfc875782a0d4922b37cde2cf184ce347b91316d23cd7f69a36?s=96&d=mm&r=g","url":"https:\/\/secure.gravatar.com\/avatar\/78a7f90c01fc2bfc875782a0d4922b37cde2cf184ce347b91316d23cd7f69a36?s=96&d=mm&r=g","contentUrl":"https:\/\/secure.gravatar.com\/avatar\/78a7f90c01fc2bfc875782a0d4922b37cde2cf184ce347b91316d23cd7f69a36?s=96&d=mm&r=g","caption":"galledia"},"sameAs":["https:\/\/x.com\/admin"],"url":"https:\/\/www.organisator.ch\/en\/author\/galledia\/"}]}},"_links":{"self":[{"href":"https:\/\/www.organisator.ch\/en\/wp-json\/wp\/v2\/posts\/15637","targetHints":{"allow":["GET"]}}],"collection":[{"href":"https:\/\/www.organisator.ch\/en\/wp-json\/wp\/v2\/posts"}],"about":[{"href":"https:\/\/www.organisator.ch\/en\/wp-json\/wp\/v2\/types\/post"}],"author":[{"embeddable":true,"href":"https:\/\/www.organisator.ch\/en\/wp-json\/wp\/v2\/users\/8"}],"replies":[{"embeddable":true,"href":"https:\/\/www.organisator.ch\/en\/wp-json\/wp\/v2\/comments?post=15637"}],"version-history":[{"count":7,"href":"https:\/\/www.organisator.ch\/en\/wp-json\/wp\/v2\/posts\/15637\/revisions"}],"predecessor-version":[{"id":15739,"href":"https:\/\/www.organisator.ch\/en\/wp-json\/wp\/v2\/posts\/15637\/revisions\/15739"}],"wp:attachment":[{"href":"https:\/\/www.organisator.ch\/en\/wp-json\/wp\/v2\/media?parent=15637"}],"wp:term":[{"taxonomy":"category","embeddable":true,"href":"https:\/\/www.organisator.ch\/en\/wp-json\/wp\/v2\/categories?post=15637"},{"taxonomy":"post_tag","embeddable":true,"href":"https:\/\/www.organisator.ch\/en\/wp-json\/wp\/v2\/tags?post=15637"}],"curies":[{"name":"wp","href":"https:\/\/api.w.org\/{rel}","templated":true}]}}