{"id":1568,"date":"2018-03-06T11:55:34","date_gmt":"2018-03-06T10:55:34","guid":{"rendered":"https:\/\/www.umweltperspektiven.ch\/?p=1568"},"modified":"2022-02-09T11:10:54","modified_gmt":"2022-02-09T10:10:54","slug":"vom-see-ins-lavabo-zuercher-wasserversorgung-feiert-jubilaeum","status":"publish","type":"post","link":"https:\/\/www.organisator.ch\/en\/sustainability\/2018-03-06\/vom-see-ins-lavabo-zuercher-wasserversorgung-feiert-jubilaeum\/","title":{"rendered":"From the lake into the sink - Zurich Water Supply celebrates anniversary"},"content":{"rendered":"<div class=\"row\"><\/div>\n<div class=\"row\">\n<div class=\"col-xs-12 col-lg-8\">\n<div class=\"row\">\n<div class=\"col-lg-11\">\n<figure id=\"attachment_1569\" aria-describedby=\"caption-attachment-1569\" style=\"width: 680px\" class=\"wp-caption alignnone\"><img loading=\"lazy\" decoding=\"async\" class=\"size-medium wp-image-1569\" src=\"\/\/www.umweltperspektiven.ch\/wp-content\/uploads\/2018\/03\/150JahreWasserVersorgungStadtZurich-up-umweltperspektiven.jpg\" alt=\"\" width=\"680\" height=\"452\" srcset=\"https:\/\/www.organisator.ch\/wp-content\/uploads\/2018\/03\/150JahreWasserVersorgungStadtZurich-up-umweltperspektiven.jpg 1115w, https:\/\/www.organisator.ch\/wp-content\/uploads\/2018\/03\/150JahreWasserVersorgungStadtZurich-up-umweltperspektiven-680x452.jpg 680w, https:\/\/www.organisator.ch\/wp-content\/uploads\/2018\/03\/150JahreWasserVersorgungStadtZurich-up-umweltperspektiven-1024x681.jpg 1024w, https:\/\/www.organisator.ch\/wp-content\/uploads\/2018\/03\/150JahreWasserVersorgungStadtZurich-up-umweltperspektiven-768x510.jpg 768w, https:\/\/www.organisator.ch\/wp-content\/uploads\/2018\/03\/150JahreWasserVersorgungStadtZurich-up-umweltperspektiven-18x12.jpg 18w, https:\/\/www.organisator.ch\/wp-content\/uploads\/2018\/03\/150JahreWasserVersorgungStadtZurich-up-umweltperspektiven-263x175.jpg 263w, https:\/\/www.organisator.ch\/wp-content\/uploads\/2018\/03\/150JahreWasserVersorgungStadtZurich-up-umweltperspektiven-527x350.jpg 527w, https:\/\/www.organisator.ch\/wp-content\/uploads\/2018\/03\/150JahreWasserVersorgungStadtZurich-up-umweltperspektiven-920x611.jpg 920w, https:\/\/www.organisator.ch\/wp-content\/uploads\/2018\/03\/150JahreWasserVersorgungStadtZurich-up-umweltperspektiven-300x199.jpg 300w\" sizes=\"auto, (max-width: 680px) 100vw, 680px\" \/><figcaption id=\"caption-attachment-1569\" class=\"wp-caption-text\">In such a location will be celebrated in 2018: As part of its 150th anniversary, Zurich Water Supply is holding concerts for the public in an empty chamber of a drinking water reservoir. (Image: Zurich Water Supply)<\/figcaption><\/figure>\n<p>A water supply for a city like Zurich became unavoidable. Because the city is located on the lake, it was obvious to use lake water. How the water makes its way from the lake to the house is shown by the city of Zurich this year on special guided tours to mark its 150th anniversary.<\/p>\n<p><strong>Whole year anniversary<\/strong><\/p>\n<p>Throughout the year, events are held for the public, as the water supply company announced today. During tours of the waterworks, interested parties can gain an insight into how lake water is turned into drinking water.<\/p>\n<p>In addition, Camerata Schweiz will play three concerts in empty reservoir chambers in June.<\/p>\n<p><strong>Big logistic step<\/strong><\/p>\n<p>The introduction of a water supply to homes in 1868 was a big step, the release says.<\/p>\n<p>In 1914, construction began on the first Moos lake waterworks in Wollishofen. Later, the Lengg lake water plant, the Hardhof groundwater plant and the Sihlbrugg spring water plant were added.<\/p>\n<p id=\"plista_widget_outstream_5a9e6fed31d3c60\" class=\"plista_widget_outstream\">To mark the anniversary, the book \"The City and the Water\" by Jean-Daniel Blanc will be published by Orell F\u00fcssli Verlag on May 31, 2018. Postcards with various subjects - such as historical photographs of work on the lake - are also available from the water supply company.<\/p>\n<p><em>With an app, the history of the 90 fountains in downtown Zurich can also be experienced in a playful way in Kreis 1. If you collect water at these fountains, fairytale creatures appear on the smartphone screen:<\/em><\/p>\n<\/div>\n<p>Launch Anniversary <a class=\"icon extern\" href=\"\/\/www.stadt-zuerich.ch\/dib\/de\/index\/wasserversorgung\/brunnen\/Brunnen_App_A_Tale_of_Wells.html\" target=\"_blank\" rel=\"noopener\">Fountain app<\/a> \"A Tale of Wells,\" March 2018<\/p>\n<\/div>\n<p>To the events: <a href=\"\/\/www.facebook.com\/wasserversorgung\">http:\/\/www.facebook.com\/wasserversorgung<\/a><\/p>\n<p>&nbsp;<\/p>\n<p>&nbsp;<\/p>\n<\/div>\n<\/div>","protected":false},"excerpt":{"rendered":"<p>Eine Wasserversorgung f\u00fcr eine Stadt wir Z\u00fcrich wurde umung\u00e4nglich. Weil die Stadt am See gelegen ist, lag es nahe Seewasser zu nutzen. Wie das Wasser seinen Weg vom See zum Haus nimmt, zeigt die Stadt Z\u00fcrich dieses Jahr an speziellen F\u00fchrungen zum 150-Jahr-Jubil\u00e4um. Ganze Jahr Jubil\u00e4um W\u00e4hrend des ganzen Jahres finden Veranstaltungen f\u00fcr die Bev\u00f6lkerung [&hellip;]<\/p>\n","protected":false},"author":5,"featured_media":1569,"comment_status":"open","ping_status":"open","sticky":false,"template":"","format":"standard","meta":{"_acf_changed":false,"_yoast_wpseo_focuskw":"Wasserversorgung","_yoast_wpseo_metadesc":"Die Wasserversorgung wird untersch\u00e4tzt. Erst, wenn das Lebenselexier nicht rinnt, wird man unruhig. Die Wasserversorgung Z\u00fcrich feiert Jubil\u00e4um.","articlekey":"","footnotes":""},"categories":[580],"tags":[292,2100,2182,2528],"class_list":["post-1568","post","type-post","status-publish","format-standard","has-post-thumbnail","hentry","category-sustainability","tag-jubilaeum","tag-seewasser","tag-stadt-zuerich","tag-wasserversorgung"],"acf":[],"yoast_head":"<!-- This site is optimized with the Yoast SEO plugin v27.4 - https:\/\/yoast.com\/product\/yoast-seo-wordpress\/ -->\n<title>Vom See ins Lavabo - Z\u00fcrcher Wasserversorgung feiert Jubil\u00e4um - Organisator<\/title>\n<meta name=\"description\" content=\"Die Wasserversorgung wird untersch\u00e4tzt. Erst, wenn das Lebenselexier nicht rinnt, wird man unruhig. Die Wasserversorgung Z\u00fcrich feiert Jubil\u00e4um.\" \/>\n<meta name=\"robots\" content=\"index, follow, max-snippet:-1, max-image-preview:large, max-video-preview:-1\" \/>\n<link rel=\"canonical\" href=\"https:\/\/www.organisator.ch\/en\/sustainability\/2018-03-06\/vom-see-ins-lavabo-zuercher-wasserversorgung-feiert-jubilaeum\/\" \/>\n<meta property=\"og:locale\" content=\"en_US\" \/>\n<meta property=\"og:type\" content=\"article\" \/>\n<meta property=\"og:title\" content=\"Vom See ins Lavabo - Z\u00fcrcher Wasserversorgung feiert Jubil\u00e4um - Organisator\" \/>\n<meta property=\"og:description\" content=\"Die Wasserversorgung wird untersch\u00e4tzt. Erst, wenn das Lebenselexier nicht rinnt, wird man unruhig. Die Wasserversorgung Z\u00fcrich feiert Jubil\u00e4um.\" \/>\n<meta property=\"og:url\" content=\"https:\/\/www.organisator.ch\/en\/sustainability\/2018-03-06\/vom-see-ins-lavabo-zuercher-wasserversorgung-feiert-jubilaeum\/\" \/>\n<meta property=\"og:site_name\" content=\"Organisator\" \/>\n<meta property=\"article:publisher\" content=\"https:\/\/www.facebook.com\/OrganisatorFachmagazin\" \/>\n<meta property=\"article:published_time\" content=\"2018-03-06T10:55:34+00:00\" \/>\n<meta property=\"article:modified_time\" content=\"2022-02-09T10:10:54+00:00\" \/>\n<meta property=\"og:image\" content=\"https:\/\/www.organisator.ch\/wp-content\/uploads\/2018\/03\/150JahreWasserVersorgungStadtZurich-up-umweltperspektiven.jpg\" \/>\n\t<meta property=\"og:image:width\" content=\"1115\" \/>\n\t<meta property=\"og:image:height\" content=\"741\" \/>\n\t<meta property=\"og:image:type\" content=\"image\/jpeg\" \/>\n<meta name=\"author\" content=\"michael.merz\" \/>\n<meta name=\"twitter:card\" content=\"summary_large_image\" \/>\n<script type=\"application\/ld+json\" class=\"yoast-schema-graph\">{\"@context\":\"https:\\\/\\\/schema.org\",\"@graph\":[{\"@type\":\"Article\",\"@id\":\"https:\\\/\\\/www.organisator.ch\\\/sustainability\\\/2018-03-06\\\/vom-see-ins-lavabo-zuercher-wasserversorgung-feiert-jubilaeum\\\/#article\",\"isPartOf\":{\"@id\":\"https:\\\/\\\/www.organisator.ch\\\/sustainability\\\/2018-03-06\\\/vom-see-ins-lavabo-zuercher-wasserversorgung-feiert-jubilaeum\\\/\"},\"author\":{\"name\":\"michael.merz\",\"@id\":\"https:\\\/\\\/www.organisator.ch\\\/#\\\/schema\\\/person\\\/134708ca9321c57b0362cceb7948ffbd\"},\"headline\":\"Vom See ins Lavabo &#8211; Z\u00fcrcher Wasserversorgung feiert Jubil\u00e4um\",\"datePublished\":\"2018-03-06T10:55:34+00:00\",\"dateModified\":\"2022-02-09T10:10:54+00:00\",\"mainEntityOfPage\":{\"@id\":\"https:\\\/\\\/www.organisator.ch\\\/sustainability\\\/2018-03-06\\\/vom-see-ins-lavabo-zuercher-wasserversorgung-feiert-jubilaeum\\\/\"},\"wordCount\":295,\"commentCount\":0,\"publisher\":{\"@id\":\"https:\\\/\\\/www.organisator.ch\\\/#organization\"},\"image\":{\"@id\":\"https:\\\/\\\/www.organisator.ch\\\/sustainability\\\/2018-03-06\\\/vom-see-ins-lavabo-zuercher-wasserversorgung-feiert-jubilaeum\\\/#primaryimage\"},\"thumbnailUrl\":\"https:\\\/\\\/www.organisator.ch\\\/wp-content\\\/uploads\\\/2018\\\/03\\\/150JahreWasserVersorgungStadtZurich-up-umweltperspektiven.jpg\",\"keywords\":[\"Jubil\u00e4um\",\"Seewasser\",\"Stadt Z\u00fcrich\",\"Wasserversorgung\"],\"articleSection\":[\"SUSTAINABILITY\"],\"inLanguage\":\"en-US\"},{\"@type\":\"WebPage\",\"@id\":\"https:\\\/\\\/www.organisator.ch\\\/sustainability\\\/2018-03-06\\\/vom-see-ins-lavabo-zuercher-wasserversorgung-feiert-jubilaeum\\\/\",\"url\":\"https:\\\/\\\/www.organisator.ch\\\/sustainability\\\/2018-03-06\\\/vom-see-ins-lavabo-zuercher-wasserversorgung-feiert-jubilaeum\\\/\",\"name\":\"Vom See ins Lavabo - Z\u00fcrcher Wasserversorgung feiert Jubil\u00e4um - Organisator\",\"isPartOf\":{\"@id\":\"https:\\\/\\\/www.organisator.ch\\\/#website\"},\"primaryImageOfPage\":{\"@id\":\"https:\\\/\\\/www.organisator.ch\\\/sustainability\\\/2018-03-06\\\/vom-see-ins-lavabo-zuercher-wasserversorgung-feiert-jubilaeum\\\/#primaryimage\"},\"image\":{\"@id\":\"https:\\\/\\\/www.organisator.ch\\\/sustainability\\\/2018-03-06\\\/vom-see-ins-lavabo-zuercher-wasserversorgung-feiert-jubilaeum\\\/#primaryimage\"},\"thumbnailUrl\":\"https:\\\/\\\/www.organisator.ch\\\/wp-content\\\/uploads\\\/2018\\\/03\\\/150JahreWasserVersorgungStadtZurich-up-umweltperspektiven.jpg\",\"datePublished\":\"2018-03-06T10:55:34+00:00\",\"dateModified\":\"2022-02-09T10:10:54+00:00\",\"description\":\"Die Wasserversorgung wird untersch\u00e4tzt. Erst, wenn das Lebenselexier nicht rinnt, wird man unruhig. Die Wasserversorgung Z\u00fcrich feiert Jubil\u00e4um.\",\"breadcrumb\":{\"@id\":\"https:\\\/\\\/www.organisator.ch\\\/sustainability\\\/2018-03-06\\\/vom-see-ins-lavabo-zuercher-wasserversorgung-feiert-jubilaeum\\\/#breadcrumb\"},\"inLanguage\":\"en-US\",\"potentialAction\":[{\"@type\":\"ReadAction\",\"target\":[\"https:\\\/\\\/www.organisator.ch\\\/sustainability\\\/2018-03-06\\\/vom-see-ins-lavabo-zuercher-wasserversorgung-feiert-jubilaeum\\\/\"]}]},{\"@type\":\"ImageObject\",\"inLanguage\":\"en-US\",\"@id\":\"https:\\\/\\\/www.organisator.ch\\\/sustainability\\\/2018-03-06\\\/vom-see-ins-lavabo-zuercher-wasserversorgung-feiert-jubilaeum\\\/#primaryimage\",\"url\":\"https:\\\/\\\/www.organisator.ch\\\/wp-content\\\/uploads\\\/2018\\\/03\\\/150JahreWasserVersorgungStadtZurich-up-umweltperspektiven.jpg\",\"contentUrl\":\"https:\\\/\\\/www.organisator.ch\\\/wp-content\\\/uploads\\\/2018\\\/03\\\/150JahreWasserVersorgungStadtZurich-up-umweltperspektiven.jpg\",\"width\":1115,\"height\":741,\"caption\":\"In einer solchen Lokalit\u00e4t wird 2018 gefeiert: Im Rahmen des 150-j\u00e4hrigen Jubil\u00e4ums veranstaltet die Wasserversorgung Z\u00fcrich f\u00fcr die Bev\u00f6lkerung Konzerte in einer leeren Kammer eines Trinkwasserreservoirs. (Bild: Wasserversorgung Z\u00fcrich)\"},{\"@type\":\"BreadcrumbList\",\"@id\":\"https:\\\/\\\/www.organisator.ch\\\/sustainability\\\/2018-03-06\\\/vom-see-ins-lavabo-zuercher-wasserversorgung-feiert-jubilaeum\\\/#breadcrumb\",\"itemListElement\":[{\"@type\":\"ListItem\",\"position\":1,\"name\":\"Home\",\"item\":\"https:\\\/\\\/www.organisator.ch\\\/\"},{\"@type\":\"ListItem\",\"position\":2,\"name\":\"Vom See ins Lavabo &#8211; Z\u00fcrcher Wasserversorgung feiert Jubil\u00e4um\"}]},{\"@type\":\"WebSite\",\"@id\":\"https:\\\/\\\/www.organisator.ch\\\/#website\",\"url\":\"https:\\\/\\\/www.organisator.ch\\\/\",\"name\":\"Organisator\",\"description\":\"Kompetent. Praxisnah. Der ORGANISATOR bereitet in 10 Ausgaben pro Jahr die wesentlichen Themen f\u00fcr F\u00fchrungskr\u00e4fte von KMU auf.\",\"publisher\":{\"@id\":\"https:\\\/\\\/www.organisator.ch\\\/#organization\"},\"potentialAction\":[{\"@type\":\"SearchAction\",\"target\":{\"@type\":\"EntryPoint\",\"urlTemplate\":\"https:\\\/\\\/www.organisator.ch\\\/?s={search_term_string}\"},\"query-input\":{\"@type\":\"PropertyValueSpecification\",\"valueRequired\":true,\"valueName\":\"search_term_string\"}}],\"inLanguage\":\"en-US\"},{\"@type\":\"Organization\",\"@id\":\"https:\\\/\\\/www.organisator.ch\\\/#organization\",\"name\":\"Organisator\",\"url\":\"https:\\\/\\\/www.organisator.ch\\\/\",\"logo\":{\"@type\":\"ImageObject\",\"inLanguage\":\"en-US\",\"@id\":\"https:\\\/\\\/www.organisator.ch\\\/#\\\/schema\\\/logo\\\/image\\\/\",\"url\":\"https:\\\/\\\/www.organisator.ch\\\/wp-content\\\/uploads\\\/2022\\\/01\\\/Logo_Organisator_Website.png\",\"contentUrl\":\"https:\\\/\\\/www.organisator.ch\\\/wp-content\\\/uploads\\\/2022\\\/01\\\/Logo_Organisator_Website.png\",\"width\":800,\"height\":77,\"caption\":\"Organisator\"},\"image\":{\"@id\":\"https:\\\/\\\/www.organisator.ch\\\/#\\\/schema\\\/logo\\\/image\\\/\"},\"sameAs\":[\"https:\\\/\\\/www.facebook.com\\\/OrganisatorFachmagazin\",\"https:\\\/\\\/www.linkedin.com\\\/showcase\\\/organisator-das-magazin-fr-kmu\",\"https:\\\/\\\/www.xing.com\\\/news\\\/pages\\\/organisator-ch-695\",\"https:\\\/\\\/www.youtube.com\\\/channel\\\/UCGP2Sq0iWaZwT3BdIAQFYpw\"]},{\"@type\":\"Person\",\"@id\":\"https:\\\/\\\/www.organisator.ch\\\/#\\\/schema\\\/person\\\/134708ca9321c57b0362cceb7948ffbd\",\"name\":\"michael.merz\",\"image\":{\"@type\":\"ImageObject\",\"inLanguage\":\"en-US\",\"@id\":\"https:\\\/\\\/secure.gravatar.com\\\/avatar\\\/?s=96&d=mm&r=g\",\"url\":\"https:\\\/\\\/secure.gravatar.com\\\/avatar\\\/?s=96&d=mm&r=g\",\"contentUrl\":\"https:\\\/\\\/secure.gravatar.com\\\/avatar\\\/?s=96&d=mm&r=g\",\"caption\":\"michael.merz\"},\"url\":\"https:\\\/\\\/www.organisator.ch\\\/en\\\/author\\\/michael-merz\\\/\"}]}<\/script>\n<!-- \/ Yoast SEO plugin. -->","yoast_head_json":{"title":"From the lake to the sink - Zurich Water Supply celebrates anniversary - Organizer","description":"The water supply is underestimated. Only when the elixir of life does not flow do people get restless. Zurich Water Supply celebrates its anniversary.","robots":{"index":"index","follow":"follow","max-snippet":"max-snippet:-1","max-image-preview":"max-image-preview:large","max-video-preview":"max-video-preview:-1"},"canonical":"https:\/\/www.organisator.ch\/en\/sustainability\/2018-03-06\/vom-see-ins-lavabo-zuercher-wasserversorgung-feiert-jubilaeum\/","og_locale":"en_US","og_type":"article","og_title":"Vom See ins Lavabo - Z\u00fcrcher Wasserversorgung feiert Jubil\u00e4um - Organisator","og_description":"Die Wasserversorgung wird untersch\u00e4tzt. Erst, wenn das Lebenselexier nicht rinnt, wird man unruhig. Die Wasserversorgung Z\u00fcrich feiert Jubil\u00e4um.","og_url":"https:\/\/www.organisator.ch\/en\/sustainability\/2018-03-06\/vom-see-ins-lavabo-zuercher-wasserversorgung-feiert-jubilaeum\/","og_site_name":"Organisator","article_publisher":"https:\/\/www.facebook.com\/OrganisatorFachmagazin","article_published_time":"2018-03-06T10:55:34+00:00","article_modified_time":"2022-02-09T10:10:54+00:00","og_image":[{"width":1115,"height":741,"url":"https:\/\/www.organisator.ch\/wp-content\/uploads\/2018\/03\/150JahreWasserVersorgungStadtZurich-up-umweltperspektiven.jpg","type":"image\/jpeg"}],"author":"michael.merz","twitter_card":"summary_large_image","schema":{"@context":"https:\/\/schema.org","@graph":[{"@type":"Article","@id":"https:\/\/www.organisator.ch\/sustainability\/2018-03-06\/vom-see-ins-lavabo-zuercher-wasserversorgung-feiert-jubilaeum\/#article","isPartOf":{"@id":"https:\/\/www.organisator.ch\/sustainability\/2018-03-06\/vom-see-ins-lavabo-zuercher-wasserversorgung-feiert-jubilaeum\/"},"author":{"name":"michael.merz","@id":"https:\/\/www.organisator.ch\/#\/schema\/person\/134708ca9321c57b0362cceb7948ffbd"},"headline":"Vom See ins Lavabo &#8211; Z\u00fcrcher Wasserversorgung feiert Jubil\u00e4um","datePublished":"2018-03-06T10:55:34+00:00","dateModified":"2022-02-09T10:10:54+00:00","mainEntityOfPage":{"@id":"https:\/\/www.organisator.ch\/sustainability\/2018-03-06\/vom-see-ins-lavabo-zuercher-wasserversorgung-feiert-jubilaeum\/"},"wordCount":295,"commentCount":0,"publisher":{"@id":"https:\/\/www.organisator.ch\/#organization"},"image":{"@id":"https:\/\/www.organisator.ch\/sustainability\/2018-03-06\/vom-see-ins-lavabo-zuercher-wasserversorgung-feiert-jubilaeum\/#primaryimage"},"thumbnailUrl":"https:\/\/www.organisator.ch\/wp-content\/uploads\/2018\/03\/150JahreWasserVersorgungStadtZurich-up-umweltperspektiven.jpg","keywords":["Jubil\u00e4um","Seewasser","Stadt Z\u00fcrich","Wasserversorgung"],"articleSection":["SUSTAINABILITY"],"inLanguage":"en-US"},{"@type":"WebPage","@id":"https:\/\/www.organisator.ch\/sustainability\/2018-03-06\/vom-see-ins-lavabo-zuercher-wasserversorgung-feiert-jubilaeum\/","url":"https:\/\/www.organisator.ch\/sustainability\/2018-03-06\/vom-see-ins-lavabo-zuercher-wasserversorgung-feiert-jubilaeum\/","name":"From the lake to the sink - Zurich Water Supply celebrates anniversary - Organizer","isPartOf":{"@id":"https:\/\/www.organisator.ch\/#website"},"primaryImageOfPage":{"@id":"https:\/\/www.organisator.ch\/sustainability\/2018-03-06\/vom-see-ins-lavabo-zuercher-wasserversorgung-feiert-jubilaeum\/#primaryimage"},"image":{"@id":"https:\/\/www.organisator.ch\/sustainability\/2018-03-06\/vom-see-ins-lavabo-zuercher-wasserversorgung-feiert-jubilaeum\/#primaryimage"},"thumbnailUrl":"https:\/\/www.organisator.ch\/wp-content\/uploads\/2018\/03\/150JahreWasserVersorgungStadtZurich-up-umweltperspektiven.jpg","datePublished":"2018-03-06T10:55:34+00:00","dateModified":"2022-02-09T10:10:54+00:00","description":"The water supply is underestimated. Only when the elixir of life does not flow do people get restless. Zurich Water Supply celebrates its anniversary.","breadcrumb":{"@id":"https:\/\/www.organisator.ch\/sustainability\/2018-03-06\/vom-see-ins-lavabo-zuercher-wasserversorgung-feiert-jubilaeum\/#breadcrumb"},"inLanguage":"en-US","potentialAction":[{"@type":"ReadAction","target":["https:\/\/www.organisator.ch\/sustainability\/2018-03-06\/vom-see-ins-lavabo-zuercher-wasserversorgung-feiert-jubilaeum\/"]}]},{"@type":"ImageObject","inLanguage":"en-US","@id":"https:\/\/www.organisator.ch\/sustainability\/2018-03-06\/vom-see-ins-lavabo-zuercher-wasserversorgung-feiert-jubilaeum\/#primaryimage","url":"https:\/\/www.organisator.ch\/wp-content\/uploads\/2018\/03\/150JahreWasserVersorgungStadtZurich-up-umweltperspektiven.jpg","contentUrl":"https:\/\/www.organisator.ch\/wp-content\/uploads\/2018\/03\/150JahreWasserVersorgungStadtZurich-up-umweltperspektiven.jpg","width":1115,"height":741,"caption":"In einer solchen Lokalit\u00e4t wird 2018 gefeiert: Im Rahmen des 150-j\u00e4hrigen Jubil\u00e4ums veranstaltet die Wasserversorgung Z\u00fcrich f\u00fcr die Bev\u00f6lkerung Konzerte in einer leeren Kammer eines Trinkwasserreservoirs. (Bild: Wasserversorgung Z\u00fcrich)"},{"@type":"BreadcrumbList","@id":"https:\/\/www.organisator.ch\/sustainability\/2018-03-06\/vom-see-ins-lavabo-zuercher-wasserversorgung-feiert-jubilaeum\/#breadcrumb","itemListElement":[{"@type":"ListItem","position":1,"name":"Home","item":"https:\/\/www.organisator.ch\/"},{"@type":"ListItem","position":2,"name":"Vom See ins Lavabo &#8211; Z\u00fcrcher Wasserversorgung feiert Jubil\u00e4um"}]},{"@type":"WebSite","@id":"https:\/\/www.organisator.ch\/#website","url":"https:\/\/www.organisator.ch\/","name":"Organizer","description":"Competent. Practical. In 10 issues per year, ORGANISATOR presents the essential topics for managers of SMEs.","publisher":{"@id":"https:\/\/www.organisator.ch\/#organization"},"potentialAction":[{"@type":"SearchAction","target":{"@type":"EntryPoint","urlTemplate":"https:\/\/www.organisator.ch\/?s={search_term_string}"},"query-input":{"@type":"PropertyValueSpecification","valueRequired":true,"valueName":"search_term_string"}}],"inLanguage":"en-US"},{"@type":"Organization","@id":"https:\/\/www.organisator.ch\/#organization","name":"Organizer","url":"https:\/\/www.organisator.ch\/","logo":{"@type":"ImageObject","inLanguage":"en-US","@id":"https:\/\/www.organisator.ch\/#\/schema\/logo\/image\/","url":"https:\/\/www.organisator.ch\/wp-content\/uploads\/2022\/01\/Logo_Organisator_Website.png","contentUrl":"https:\/\/www.organisator.ch\/wp-content\/uploads\/2022\/01\/Logo_Organisator_Website.png","width":800,"height":77,"caption":"Organisator"},"image":{"@id":"https:\/\/www.organisator.ch\/#\/schema\/logo\/image\/"},"sameAs":["https:\/\/www.facebook.com\/OrganisatorFachmagazin","https:\/\/www.linkedin.com\/showcase\/organisator-das-magazin-fr-kmu","https:\/\/www.xing.com\/news\/pages\/organisator-ch-695","https:\/\/www.youtube.com\/channel\/UCGP2Sq0iWaZwT3BdIAQFYpw"]},{"@type":"Person","@id":"https:\/\/www.organisator.ch\/#\/schema\/person\/134708ca9321c57b0362cceb7948ffbd","name":"michael.merz","image":{"@type":"ImageObject","inLanguage":"en-US","@id":"https:\/\/secure.gravatar.com\/avatar\/?s=96&d=mm&r=g","url":"https:\/\/secure.gravatar.com\/avatar\/?s=96&d=mm&r=g","contentUrl":"https:\/\/secure.gravatar.com\/avatar\/?s=96&d=mm&r=g","caption":"michael.merz"},"url":"https:\/\/www.organisator.ch\/en\/author\/michael-merz\/"}]}},"_links":{"self":[{"href":"https:\/\/www.organisator.ch\/en\/wp-json\/wp\/v2\/posts\/1568","targetHints":{"allow":["GET"]}}],"collection":[{"href":"https:\/\/www.organisator.ch\/en\/wp-json\/wp\/v2\/posts"}],"about":[{"href":"https:\/\/www.organisator.ch\/en\/wp-json\/wp\/v2\/types\/post"}],"author":[{"embeddable":true,"href":"https:\/\/www.organisator.ch\/en\/wp-json\/wp\/v2\/users\/5"}],"replies":[{"embeddable":true,"href":"https:\/\/www.organisator.ch\/en\/wp-json\/wp\/v2\/comments?post=1568"}],"version-history":[{"count":1,"href":"https:\/\/www.organisator.ch\/en\/wp-json\/wp\/v2\/posts\/1568\/revisions"}],"predecessor-version":[{"id":11035,"href":"https:\/\/www.organisator.ch\/en\/wp-json\/wp\/v2\/posts\/1568\/revisions\/11035"}],"wp:featuredmedia":[{"embeddable":true,"href":"https:\/\/www.organisator.ch\/en\/wp-json\/wp\/v2\/media\/1569"}],"wp:attachment":[{"href":"https:\/\/www.organisator.ch\/en\/wp-json\/wp\/v2\/media?parent=1568"}],"wp:term":[{"taxonomy":"category","embeddable":true,"href":"https:\/\/www.organisator.ch\/en\/wp-json\/wp\/v2\/categories?post=1568"},{"taxonomy":"post_tag","embeddable":true,"href":"https:\/\/www.organisator.ch\/en\/wp-json\/wp\/v2\/tags?post=1568"}],"curies":[{"name":"wp","href":"https:\/\/api.w.org\/{rel}","templated":true}]}}