{"id":15839,"date":"2022-07-26T09:22:34","date_gmt":"2022-07-26T07:22:34","guid":{"rendered":"https:\/\/www.m-q.ch\/?p=16623"},"modified":"2022-07-26T11:09:36","modified_gmt":"2022-07-26T09:09:36","slug":"gelungene-synprovis-erfa-tagung","status":"publish","type":"post","link":"https:\/\/www.organisator.ch\/en\/operational-excellence\/2022-07-26\/gelungene-synprovis-erfa-tagung\/","title":{"rendered":"Successful Synprovis-ERFA meeting"},"content":{"rendered":"<figure id=\"attachment_16624\" class=\"wp-caption alignnone\" style=\"width: 925px\" aria-describedby=\"caption-attachment-16624\"><img class=\"alignnone wp-image-16624 size-full\" src=\"https:\/\/www.m-q.ch\/wp-content\/uploads\/2022\/07\/MQ-Management-Qualitaet-Gelungene-Synprovis-ERFA-Tagung.jpg\" alt=\"Synprovis ERFA Conference\" width=\"925\" height=\"625\" \/><figcaption id=\"caption-attachment-16624\" class=\"wp-caption-text\">The Synprovis team with sponsored ski athlete Joel L\u00fctolf (4th from left) and artist Wetz (2nd from right).\r\nImage: Christian Hartmann<\/figcaption><\/figure>\r\nSynprovis GmbH from Eich (LU) is one of the leading players in the field of holistic quality management with its Improve software. The intensive exchange with customers is also cultivated in annual ERFA meetings. The 10th meeting took place on May 19, 2022 at the KKLB (Kunst und Kultur im Landessender Berom\u00fcnster). 70 participating customers were inspired by the multiple award-winning host artist Wetz and his gripping presentations. The current exhibition \"Flowers for Art\" with contributions from many artists offered the conference participants a fascinating cultural setting.\r\n\r\nThe Improve presentations by CEO Hubert Geisseler and the Synprovis software developers also earned positive feedback. The practiced philosophy of permanent software development, a forward-looking view into the medium-term performance future and optimal investment protection for users was convincingly presented on the basis of various topics. \"The introduction of Improve has brought our quality sensor technology much closer to people, processes and products\" - according to Geisseler, this customer statement aptly describes the effect that Synprovis wants to achieve among users.\r\n<h2>Synprovis GmbH - 20 years of QM competence<\/h2>\r\nSince its founding in 2002, Synprovis has been all about holistic quality management for SMEs. Synprovis is successful throughout Europe with its Improve QM web software. The company sees the key to success in the extremely easy-to-use front end of its software, which is naturally also expressed in the low training requirement. The basic idea is to use errors as an indispensable source of knowledge for improving processes. A measurable optimization measure or the elimination of the cause of the error is to be enforced via each individual error message. Another reason for the market success of production, service and trading companies is the high speed of software development. The Synprovis team quickly implements new or revised quality standards in modules or new releases. The above-average close contact with customers, including via ERFA meetings, ensures that the tool is always at the highest level of practical suitability. \"Today, Improve is an integrated management system for the comprehensive monitoring and control of all processes,\" says Hubert Geisseler.\r\n<h2>Modular software<\/h2>\r\nThe event-based tool works consistently according to the structure \"record, decide, complete, improve\" and completely maps quality management with the following modules: 8D report, occupational safety, audit management, measures\/costs, employee assessment, test equipment management, risk management, environmental management, knowledge and competencies.\r\n<h2>Family company<\/h2>\r\nHubert and Lisbeth Geisseler sign as company owners, whereby Lisbeth Geisseler is responsible for finances and administration. The four qualified software developers Pirmin Stalder, Alex Bosshard, Philipp Gr\u00fcter and Kevin Leisibach are also project managers with intensive customer contact - a special solution with a clear contribution to the company's success.\r\n<h2>Author<\/h2>\r\nUeli Eigenmann is a freelance concept writer\/copywriter with a marketing and business administration backpack.\r\n&gt; <a href=\"http:\/\/www.werbung-texte.ch\/home.html\">advertising-texts.ch<\/a>\n<p class=\"syndicated-attribution\">This article originally appeared on m-q.ch - <a href=\"https:\/\/www.m-q.ch\/de\/gelungene-synprovis-erfa-tagung\/\" target=\"_blank\">https:\/\/www.m-q.ch\/de\/gelungene-synprovis-erfa-tagung\/<\/a><\/p>","protected":false},"excerpt":{"rendered":"<p>Die Synprovis GmbH aus Eich (LU) geh\u00f6rt mit ihrer Software Improve zu den f\u00fchrenden Playern im Bereich des ganzheitlichen Qualit\u00e4tsmanagements. Der intensive Austausch mit den Kunden wird auch in j\u00e4hrlichen ERFA-Tagungen gepflegt. Die 10. Tagung ging am 19. Mai 2022 im KKLB (Kunst und Kultur im Landessender Berom\u00fcnster) \u00fcber die B\u00fchne. 70 teilnehmende Kundinnen und [\u2026]<\/p>\n","protected":false},"author":8,"featured_media":0,"comment_status":"closed","ping_status":"closed","sticky":false,"template":"","format":"standard","meta":{"_acf_changed":false,"_yoast_wpseo_focuskw":"Synprovis","_yoast_wpseo_metadesc":"Am 19. Mai 2022 f\u00fchrte Synprovis, Hersteller von Software f\u00fcr das Qualit\u00e4tsmanagement, zum zehnten Mal eine Kundentagung durch.","articlekey":"","footnotes":""},"categories":[582],"tags":[3105,3108,3109],"class_list":["post-15839","post","type-post","status-publish","format-standard","hentry","category-operational-excellence","tag-ausgabe-7-8-2022","tag-erfa","tag-synprovis"],"acf":[],"yoast_head":"<!-- This site is optimized with the Yoast SEO plugin v27.5 - https:\/\/yoast.com\/product\/yoast-seo-wordpress\/ -->\n<title>Gelungene Synprovis-ERFA-Tagung - Organisator<\/title>\n<meta name=\"description\" content=\"Am 19. Mai 2022 f\u00fchrte Synprovis, Hersteller von Software f\u00fcr das Qualit\u00e4tsmanagement, zum zehnten Mal eine Kundentagung durch.\" \/>\n<meta name=\"robots\" content=\"index, follow, max-snippet:-1, max-image-preview:large, max-video-preview:-1\" \/>\n<link rel=\"canonical\" href=\"https:\/\/www.m-q.ch\/de\/gelungene-synprovis-erfa-tagung\/\" \/>\n<meta property=\"og:locale\" content=\"en_US\" \/>\n<meta property=\"og:type\" content=\"article\" \/>\n<meta property=\"og:title\" content=\"Gelungene Synprovis-ERFA-Tagung - Organisator\" \/>\n<meta property=\"og:description\" content=\"Am 19. Mai 2022 f\u00fchrte Synprovis, Hersteller von Software f\u00fcr das Qualit\u00e4tsmanagement, zum zehnten Mal eine Kundentagung durch.\" \/>\n<meta property=\"og:url\" content=\"https:\/\/www.m-q.ch\/de\/gelungene-synprovis-erfa-tagung\/\" \/>\n<meta property=\"og:site_name\" content=\"Organisator\" \/>\n<meta property=\"article:publisher\" content=\"https:\/\/www.facebook.com\/OrganisatorFachmagazin\" \/>\n<meta property=\"article:published_time\" content=\"2022-07-26T07:22:34+00:00\" \/>\n<meta property=\"article:modified_time\" content=\"2022-07-26T09:09:36+00:00\" \/>\n<meta property=\"og:image\" content=\"https:\/\/www.m-q.ch\/wp-content\/uploads\/2022\/07\/MQ-Management-Qualitaet-Gelungene-Synprovis-ERFA-Tagung.jpg\" \/>\n<meta name=\"author\" content=\"galledia\" \/>\n<meta name=\"twitter:card\" content=\"summary_large_image\" \/>\n<meta name=\"twitter:creator\" content=\"@admin\" \/>\n<script type=\"application\/ld+json\" class=\"yoast-schema-graph\">{\"@context\":\"https:\\\/\\\/schema.org\",\"@graph\":[{\"@type\":\"Article\",\"@id\":\"https:\\\/\\\/www.m-q.ch\\\/de\\\/gelungene-synprovis-erfa-tagung\\\/#article\",\"isPartOf\":{\"@id\":\"https:\\\/\\\/www.organisator.ch\\\/operational-excellence\\\/2022-07-26\\\/gelungene-synprovis-erfa-tagung\\\/\"},\"author\":{\"name\":\"galledia\",\"@id\":\"https:\\\/\\\/www.organisator.ch\\\/#\\\/schema\\\/person\\\/4e51799071cd2dd1232ac003643ef5f0\"},\"headline\":\"Gelungene Synprovis-ERFA-Tagung\",\"datePublished\":\"2022-07-26T07:22:34+00:00\",\"dateModified\":\"2022-07-26T09:09:36+00:00\",\"mainEntityOfPage\":{\"@id\":\"https:\\\/\\\/www.organisator.ch\\\/operational-excellence\\\/2022-07-26\\\/gelungene-synprovis-erfa-tagung\\\/\"},\"wordCount\":444,\"publisher\":{\"@id\":\"https:\\\/\\\/www.organisator.ch\\\/#organization\"},\"image\":{\"@id\":\"https:\\\/\\\/www.m-q.ch\\\/de\\\/gelungene-synprovis-erfa-tagung\\\/#primaryimage\"},\"thumbnailUrl\":\"https:\\\/\\\/www.m-q.ch\\\/wp-content\\\/uploads\\\/2022\\\/07\\\/MQ-Management-Qualitaet-Gelungene-Synprovis-ERFA-Tagung.jpg\",\"keywords\":[\"Ausgabe 7-8\\\/2022\",\"ERFA\",\"Synprovis\"],\"articleSection\":[\"OPERATIONAL EXCELLENCE\"],\"inLanguage\":\"en-US\"},{\"@type\":\"WebPage\",\"@id\":\"https:\\\/\\\/www.organisator.ch\\\/operational-excellence\\\/2022-07-26\\\/gelungene-synprovis-erfa-tagung\\\/\",\"url\":\"https:\\\/\\\/www.m-q.ch\\\/de\\\/gelungene-synprovis-erfa-tagung\\\/\",\"name\":\"Gelungene Synprovis-ERFA-Tagung - Organisator\",\"isPartOf\":{\"@id\":\"https:\\\/\\\/www.organisator.ch\\\/#website\"},\"primaryImageOfPage\":{\"@id\":\"https:\\\/\\\/www.m-q.ch\\\/de\\\/gelungene-synprovis-erfa-tagung\\\/#primaryimage\"},\"image\":{\"@id\":\"https:\\\/\\\/www.m-q.ch\\\/de\\\/gelungene-synprovis-erfa-tagung\\\/#primaryimage\"},\"thumbnailUrl\":\"https:\\\/\\\/www.m-q.ch\\\/wp-content\\\/uploads\\\/2022\\\/07\\\/MQ-Management-Qualitaet-Gelungene-Synprovis-ERFA-Tagung.jpg\",\"datePublished\":\"2022-07-26T07:22:34+00:00\",\"dateModified\":\"2022-07-26T09:09:36+00:00\",\"description\":\"Am 19. Mai 2022 f\u00fchrte Synprovis, Hersteller von Software f\u00fcr das Qualit\u00e4tsmanagement, zum zehnten Mal eine Kundentagung durch.\",\"breadcrumb\":{\"@id\":\"https:\\\/\\\/www.m-q.ch\\\/de\\\/gelungene-synprovis-erfa-tagung\\\/#breadcrumb\"},\"inLanguage\":\"en-US\",\"potentialAction\":[{\"@type\":\"ReadAction\",\"target\":[\"https:\\\/\\\/www.m-q.ch\\\/de\\\/gelungene-synprovis-erfa-tagung\\\/\"]}]},{\"@type\":\"ImageObject\",\"inLanguage\":\"en-US\",\"@id\":\"https:\\\/\\\/www.m-q.ch\\\/de\\\/gelungene-synprovis-erfa-tagung\\\/#primaryimage\",\"url\":\"https:\\\/\\\/www.m-q.ch\\\/wp-content\\\/uploads\\\/2022\\\/07\\\/MQ-Management-Qualitaet-Gelungene-Synprovis-ERFA-Tagung.jpg\",\"contentUrl\":\"https:\\\/\\\/www.m-q.ch\\\/wp-content\\\/uploads\\\/2022\\\/07\\\/MQ-Management-Qualitaet-Gelungene-Synprovis-ERFA-Tagung.jpg\"},{\"@type\":\"BreadcrumbList\",\"@id\":\"https:\\\/\\\/www.m-q.ch\\\/de\\\/gelungene-synprovis-erfa-tagung\\\/#breadcrumb\",\"itemListElement\":[{\"@type\":\"ListItem\",\"position\":1,\"name\":\"Home\",\"item\":\"https:\\\/\\\/www.organisator.ch\\\/\"},{\"@type\":\"ListItem\",\"position\":2,\"name\":\"Gelungene Synprovis-ERFA-Tagung\"}]},{\"@type\":\"WebSite\",\"@id\":\"https:\\\/\\\/www.organisator.ch\\\/#website\",\"url\":\"https:\\\/\\\/www.organisator.ch\\\/\",\"name\":\"Organisator\",\"description\":\"Kompetent. Praxisnah. Der ORGANISATOR bereitet in 10 Ausgaben pro Jahr die wesentlichen Themen f\u00fcr F\u00fchrungskr\u00e4fte von KMU auf.\",\"publisher\":{\"@id\":\"https:\\\/\\\/www.organisator.ch\\\/#organization\"},\"potentialAction\":[{\"@type\":\"SearchAction\",\"target\":{\"@type\":\"EntryPoint\",\"urlTemplate\":\"https:\\\/\\\/www.organisator.ch\\\/?s={search_term_string}\"},\"query-input\":{\"@type\":\"PropertyValueSpecification\",\"valueRequired\":true,\"valueName\":\"search_term_string\"}}],\"inLanguage\":\"en-US\"},{\"@type\":\"Organization\",\"@id\":\"https:\\\/\\\/www.organisator.ch\\\/#organization\",\"name\":\"Organisator\",\"url\":\"https:\\\/\\\/www.organisator.ch\\\/\",\"logo\":{\"@type\":\"ImageObject\",\"inLanguage\":\"en-US\",\"@id\":\"https:\\\/\\\/www.organisator.ch\\\/#\\\/schema\\\/logo\\\/image\\\/\",\"url\":\"https:\\\/\\\/www.organisator.ch\\\/wp-content\\\/uploads\\\/2022\\\/01\\\/Logo_Organisator_Website.png\",\"contentUrl\":\"https:\\\/\\\/www.organisator.ch\\\/wp-content\\\/uploads\\\/2022\\\/01\\\/Logo_Organisator_Website.png\",\"width\":800,\"height\":77,\"caption\":\"Organisator\"},\"image\":{\"@id\":\"https:\\\/\\\/www.organisator.ch\\\/#\\\/schema\\\/logo\\\/image\\\/\"},\"sameAs\":[\"https:\\\/\\\/www.facebook.com\\\/OrganisatorFachmagazin\",\"https:\\\/\\\/www.linkedin.com\\\/showcase\\\/organisator-das-magazin-fr-kmu\",\"https:\\\/\\\/www.xing.com\\\/news\\\/pages\\\/organisator-ch-695\",\"https:\\\/\\\/www.youtube.com\\\/channel\\\/UCGP2Sq0iWaZwT3BdIAQFYpw\"]},{\"@type\":\"Person\",\"@id\":\"https:\\\/\\\/www.organisator.ch\\\/#\\\/schema\\\/person\\\/4e51799071cd2dd1232ac003643ef5f0\",\"name\":\"galledia\",\"image\":{\"@type\":\"ImageObject\",\"inLanguage\":\"en-US\",\"@id\":\"https:\\\/\\\/secure.gravatar.com\\\/avatar\\\/78a7f90c01fc2bfc875782a0d4922b37cde2cf184ce347b91316d23cd7f69a36?s=96&d=mm&r=g\",\"url\":\"https:\\\/\\\/secure.gravatar.com\\\/avatar\\\/78a7f90c01fc2bfc875782a0d4922b37cde2cf184ce347b91316d23cd7f69a36?s=96&d=mm&r=g\",\"contentUrl\":\"https:\\\/\\\/secure.gravatar.com\\\/avatar\\\/78a7f90c01fc2bfc875782a0d4922b37cde2cf184ce347b91316d23cd7f69a36?s=96&d=mm&r=g\",\"caption\":\"galledia\"},\"sameAs\":[\"https:\\\/\\\/x.com\\\/admin\"],\"url\":\"https:\\\/\\\/www.organisator.ch\\\/en\\\/author\\\/galledia\\\/\"}]}<\/script>\n<!-- \/ Yoast SEO plugin. -->","yoast_head_json":{"title":"Successful Synprovis-ERFA meeting - organizer","description":"On May 19, 2022, Synprovis, manufacturer of software for quality management, held its tenth customer conference.","robots":{"index":"index","follow":"follow","max-snippet":"max-snippet:-1","max-image-preview":"max-image-preview:large","max-video-preview":"max-video-preview:-1"},"canonical":"https:\/\/www.m-q.ch\/de\/gelungene-synprovis-erfa-tagung\/","og_locale":"en_US","og_type":"article","og_title":"Gelungene Synprovis-ERFA-Tagung - Organisator","og_description":"Am 19. Mai 2022 f\u00fchrte Synprovis, Hersteller von Software f\u00fcr das Qualit\u00e4tsmanagement, zum zehnten Mal eine Kundentagung durch.","og_url":"https:\/\/www.m-q.ch\/de\/gelungene-synprovis-erfa-tagung\/","og_site_name":"Organisator","article_publisher":"https:\/\/www.facebook.com\/OrganisatorFachmagazin","article_published_time":"2022-07-26T07:22:34+00:00","article_modified_time":"2022-07-26T09:09:36+00:00","og_image":[{"url":"https:\/\/www.m-q.ch\/wp-content\/uploads\/2022\/07\/MQ-Management-Qualitaet-Gelungene-Synprovis-ERFA-Tagung.jpg","type":"","width":"","height":""}],"author":"galledia","twitter_card":"summary_large_image","twitter_creator":"@admin","schema":{"@context":"https:\/\/schema.org","@graph":[{"@type":"Article","@id":"https:\/\/www.m-q.ch\/de\/gelungene-synprovis-erfa-tagung\/#article","isPartOf":{"@id":"https:\/\/www.organisator.ch\/operational-excellence\/2022-07-26\/gelungene-synprovis-erfa-tagung\/"},"author":{"name":"galledia","@id":"https:\/\/www.organisator.ch\/#\/schema\/person\/4e51799071cd2dd1232ac003643ef5f0"},"headline":"Gelungene Synprovis-ERFA-Tagung","datePublished":"2022-07-26T07:22:34+00:00","dateModified":"2022-07-26T09:09:36+00:00","mainEntityOfPage":{"@id":"https:\/\/www.organisator.ch\/operational-excellence\/2022-07-26\/gelungene-synprovis-erfa-tagung\/"},"wordCount":444,"publisher":{"@id":"https:\/\/www.organisator.ch\/#organization"},"image":{"@id":"https:\/\/www.m-q.ch\/de\/gelungene-synprovis-erfa-tagung\/#primaryimage"},"thumbnailUrl":"https:\/\/www.m-q.ch\/wp-content\/uploads\/2022\/07\/MQ-Management-Qualitaet-Gelungene-Synprovis-ERFA-Tagung.jpg","keywords":["Ausgabe 7-8\/2022","ERFA","Synprovis"],"articleSection":["OPERATIONAL EXCELLENCE"],"inLanguage":"en-US"},{"@type":"WebPage","@id":"https:\/\/www.organisator.ch\/operational-excellence\/2022-07-26\/gelungene-synprovis-erfa-tagung\/","url":"https:\/\/www.m-q.ch\/de\/gelungene-synprovis-erfa-tagung\/","name":"Successful Synprovis-ERFA meeting - organizer","isPartOf":{"@id":"https:\/\/www.organisator.ch\/#website"},"primaryImageOfPage":{"@id":"https:\/\/www.m-q.ch\/de\/gelungene-synprovis-erfa-tagung\/#primaryimage"},"image":{"@id":"https:\/\/www.m-q.ch\/de\/gelungene-synprovis-erfa-tagung\/#primaryimage"},"thumbnailUrl":"https:\/\/www.m-q.ch\/wp-content\/uploads\/2022\/07\/MQ-Management-Qualitaet-Gelungene-Synprovis-ERFA-Tagung.jpg","datePublished":"2022-07-26T07:22:34+00:00","dateModified":"2022-07-26T09:09:36+00:00","description":"On May 19, 2022, Synprovis, manufacturer of software for quality management, held its tenth customer conference.","breadcrumb":{"@id":"https:\/\/www.m-q.ch\/de\/gelungene-synprovis-erfa-tagung\/#breadcrumb"},"inLanguage":"en-US","potentialAction":[{"@type":"ReadAction","target":["https:\/\/www.m-q.ch\/de\/gelungene-synprovis-erfa-tagung\/"]}]},{"@type":"ImageObject","inLanguage":"en-US","@id":"https:\/\/www.m-q.ch\/de\/gelungene-synprovis-erfa-tagung\/#primaryimage","url":"https:\/\/www.m-q.ch\/wp-content\/uploads\/2022\/07\/MQ-Management-Qualitaet-Gelungene-Synprovis-ERFA-Tagung.jpg","contentUrl":"https:\/\/www.m-q.ch\/wp-content\/uploads\/2022\/07\/MQ-Management-Qualitaet-Gelungene-Synprovis-ERFA-Tagung.jpg"},{"@type":"BreadcrumbList","@id":"https:\/\/www.m-q.ch\/de\/gelungene-synprovis-erfa-tagung\/#breadcrumb","itemListElement":[{"@type":"ListItem","position":1,"name":"Home","item":"https:\/\/www.organisator.ch\/"},{"@type":"ListItem","position":2,"name":"Gelungene Synprovis-ERFA-Tagung"}]},{"@type":"WebSite","@id":"https:\/\/www.organisator.ch\/#website","url":"https:\/\/www.organisator.ch\/","name":"Organizer","description":"Competent. Practical. In 10 issues per year, ORGANISATOR presents the essential topics for managers of SMEs.","publisher":{"@id":"https:\/\/www.organisator.ch\/#organization"},"potentialAction":[{"@type":"SearchAction","target":{"@type":"EntryPoint","urlTemplate":"https:\/\/www.organisator.ch\/?s={search_term_string}"},"query-input":{"@type":"PropertyValueSpecification","valueRequired":true,"valueName":"search_term_string"}}],"inLanguage":"en-US"},{"@type":"Organization","@id":"https:\/\/www.organisator.ch\/#organization","name":"Organizer","url":"https:\/\/www.organisator.ch\/","logo":{"@type":"ImageObject","inLanguage":"en-US","@id":"https:\/\/www.organisator.ch\/#\/schema\/logo\/image\/","url":"https:\/\/www.organisator.ch\/wp-content\/uploads\/2022\/01\/Logo_Organisator_Website.png","contentUrl":"https:\/\/www.organisator.ch\/wp-content\/uploads\/2022\/01\/Logo_Organisator_Website.png","width":800,"height":77,"caption":"Organisator"},"image":{"@id":"https:\/\/www.organisator.ch\/#\/schema\/logo\/image\/"},"sameAs":["https:\/\/www.facebook.com\/OrganisatorFachmagazin","https:\/\/www.linkedin.com\/showcase\/organisator-das-magazin-fr-kmu","https:\/\/www.xing.com\/news\/pages\/organisator-ch-695","https:\/\/www.youtube.com\/channel\/UCGP2Sq0iWaZwT3BdIAQFYpw"]},{"@type":"Person","@id":"https:\/\/www.organisator.ch\/#\/schema\/person\/4e51799071cd2dd1232ac003643ef5f0","name":"galledia","image":{"@type":"ImageObject","inLanguage":"en-US","@id":"https:\/\/secure.gravatar.com\/avatar\/78a7f90c01fc2bfc875782a0d4922b37cde2cf184ce347b91316d23cd7f69a36?s=96&d=mm&r=g","url":"https:\/\/secure.gravatar.com\/avatar\/78a7f90c01fc2bfc875782a0d4922b37cde2cf184ce347b91316d23cd7f69a36?s=96&d=mm&r=g","contentUrl":"https:\/\/secure.gravatar.com\/avatar\/78a7f90c01fc2bfc875782a0d4922b37cde2cf184ce347b91316d23cd7f69a36?s=96&d=mm&r=g","caption":"galledia"},"sameAs":["https:\/\/x.com\/admin"],"url":"https:\/\/www.organisator.ch\/en\/author\/galledia\/"}]}},"_links":{"self":[{"href":"https:\/\/www.organisator.ch\/en\/wp-json\/wp\/v2\/posts\/15839","targetHints":{"allow":["GET"]}}],"collection":[{"href":"https:\/\/www.organisator.ch\/en\/wp-json\/wp\/v2\/posts"}],"about":[{"href":"https:\/\/www.organisator.ch\/en\/wp-json\/wp\/v2\/types\/post"}],"author":[{"embeddable":true,"href":"https:\/\/www.organisator.ch\/en\/wp-json\/wp\/v2\/users\/8"}],"replies":[{"embeddable":true,"href":"https:\/\/www.organisator.ch\/en\/wp-json\/wp\/v2\/comments?post=15839"}],"version-history":[{"count":4,"href":"https:\/\/www.organisator.ch\/en\/wp-json\/wp\/v2\/posts\/15839\/revisions"}],"predecessor-version":[{"id":15844,"href":"https:\/\/www.organisator.ch\/en\/wp-json\/wp\/v2\/posts\/15839\/revisions\/15844"}],"wp:attachment":[{"href":"https:\/\/www.organisator.ch\/en\/wp-json\/wp\/v2\/media?parent=15839"}],"wp:term":[{"taxonomy":"category","embeddable":true,"href":"https:\/\/www.organisator.ch\/en\/wp-json\/wp\/v2\/categories?post=15839"},{"taxonomy":"post_tag","embeddable":true,"href":"https:\/\/www.organisator.ch\/en\/wp-json\/wp\/v2\/tags?post=15839"}],"curies":[{"name":"wp","href":"https:\/\/api.w.org\/{rel}","templated":true}]}}