{"id":15858,"date":"2022-07-27T06:06:02","date_gmt":"2022-07-27T04:06:02","guid":{"rendered":"https:\/\/www.organisator.ch\/?p=15858"},"modified":"2022-07-26T16:25:52","modified_gmt":"2022-07-26T14:25:52","slug":"co-presidents-lead-swiss-outplacement-industry-association","status":"publish","type":"post","link":"https:\/\/www.organisator.ch\/en\/human-resources\/2022-07-27\/co-praesidentinnen-fuehren-schweizer-outplacement-branchenverband\/","title":{"rendered":"Co-Presidents lead Swiss outplacement industry association"},"content":{"rendered":"<figure id=\"attachment_15859\" aria-describedby=\"caption-attachment-15859\" style=\"width: 680px\" class=\"wp-caption alignnone\"><img loading=\"lazy\" decoding=\"async\" class=\"size-full wp-image-15859\" src=\"https:\/\/www.organisator.ch\/wp-content\/uploads\/2022\/07\/Zwei-Co-Prasidentinnen-fuhren-Schweizer-Outplacement-Branchenverband_Organisator.jpg\" alt=\"\" width=\"680\" height=\"349\" srcset=\"https:\/\/www.organisator.ch\/wp-content\/uploads\/2022\/07\/Zwei-Co-Prasidentinnen-fuhren-Schweizer-Outplacement-Branchenverband_Organisator.jpg 680w, https:\/\/www.organisator.ch\/wp-content\/uploads\/2022\/07\/Zwei-Co-Prasidentinnen-fuhren-Schweizer-Outplacement-Branchenverband_Organisator-18x9.jpg 18w, https:\/\/www.organisator.ch\/wp-content\/uploads\/2022\/07\/Zwei-Co-Prasidentinnen-fuhren-Schweizer-Outplacement-Branchenverband_Organisator-341x175.jpg 341w, https:\/\/www.organisator.ch\/wp-content\/uploads\/2022\/07\/Zwei-Co-Prasidentinnen-fuhren-Schweizer-Outplacement-Branchenverband_Organisator-300x154.jpg 300w\" sizes=\"auto, (max-width: 680px) 100vw, 680px\" \/><figcaption id=\"caption-attachment-15859\" class=\"wp-caption-text\">The new co-presidents of ACF Switzerland: Carine Dilitz (left) and Regula M\u00e4der Steiner. (Pictures: ACF Switzerland)<\/figcaption><\/figure>\n<p>At the last General Assembly of the Swiss Association for Outplacement (ACF Switzerland), the members unanimously elected Carine Dilitz and Regula M\u00e4der Steiner as new Co-Presidents. Together with current board member Roland Bartl Andreoli (Finance), they will form the new ACF Switzerland board as of June 1, 2022. While Carine Dilitz represents the association in French-speaking Switzerland, Regula M\u00e4der Steiner is responsible for German-speaking Switzerland. They take over the leadership of the association from the previous president, Pascal-Laurent Favre, who during his 10-year term of office was constantly concerned with promoting and developing the association of the leading providers of career management and organizational development in Switzerland in a rapidly changing environment and also increasingly presenting the association in the media. \"After ten years, it is time for me to hand over the leadership of the association to new hands, and I am very pleased that with Regula M\u00e4der Steiner and Carine Dilitz we have been able to win over two outstanding personalities and experts from our industry to do so,\" explains Pascal-Laurent Favre on his resignation.<\/p>\n<h3>Outplacement market is changing<\/h3>\n<p>In the past ten years, the environment and the outplacement market have changed drastically, Favre continued. This is also reflected in the market study on outplacement and newplacement consulting published annually by the association. Digitalization, globalization and demographic change have led to far-reaching upheavals in human life realities and greatly changed ways of working, \"including in our profession, key words being remote working and coaching,\" confirms the outgoing president. \"The demands for support in professional reorientation are continuously increasing, and professional and modern outplacement and newplacement must position themselves much more clearly in the context of digitalization and increasingly offer individual solutions.\"<\/p>\n<p>This is also the view of the Co-Presidents.  Regula M\u00e4der Steiner explains: \"This is where the association and our members will continue to be challenged in the future. Topics such as demographic change, the shortage of labor, resulting market trends such as new work models, changed employment processes and generally new questions of the different generations about their own careers will bring great challenges for the Swiss labor market, both for companies and employers as well as job seekers. As an independent association of Swiss Career Firms, we would like to become more visible in this regard in the future and be available to politicians and the business community to answer questions with our expertise.\"<\/p>\n<h3>Increasing demands on modern consulting in outplacement and newplacement<\/h3>\n<p>In addition, the aftermath of the pandemic, war, rising energy and raw material costs, interrupted supply chains, inflation and the shortage of skilled workers are increasingly becoming a burden on the economy, presenting companies with growing problems in this regard. Co-President Carine Dilitz is therefore convinced: \"There will be no quick return to the status quo ante, even in Switzerland, despite a high employment rate by international standards. Professional advice and support for companies and job seekers with programs and measures for successful reintegration into the Swiss labor market is therefore of great importance. A key concern is therefore that we as an association set the right priorities and want to get involved in the political process - increasingly also with partners and allies.\"<\/p>\n<h3>A brief portrait of the Co-Presidents<\/h3>\n<p>Carine Dilitz is Managing Director and Partner at Oasys Consultants. Together with B\u00e9atrice Elattar, she acquired the majority of shares in the company in 2021. She has 15 years of successful experience in management and organizational development as well as in supporting career transitions in an international, national and regional environment. After earning a master's degree in psychology and a post-graduate diploma in criminology, she completed her studies with an Advanced Management Program in Business Management. She is also certified in Emergency Psychology and has also participated in the recruitment process of Swiss Army officers through assessment centers. Carine Dilitz is a native French speaker, but is also fluent in English, German and Swiss-German.<\/p>\n<p>Regula M\u00e4der Steiner has been the owner and managing director of M\u00e4der &amp; Partner AG New Placement since 2009, with offices in Zurich, Basel, Baden, St. Gallen, Olten, Bern, Lucerne and Zug. She has many years of management experience in outplacement, leadership coaching and in supporting companies in change processes. As a member of the management team in Human Resources at the largest Swiss life insurance company, she was responsible for the development of internal outplacement. As an International Certified Coach and Assessor with a Master's degree in HR Management and a Bachelor of Science degree, she advises and accompanies teams and individuals in the areas of leadership and team development, 360\u00b0 feedback, coaching for managers and specialists, assessments for all hierarchical levels and functions, and change management. Since 2005 she has been a lecturer at two universities of applied sciences in the field of human resources on the subject of change management. Regula M\u00e4der Steiner is fluent in German, English and French.<\/p>\n<p><em>Source: <a href=\"https:\/\/acfswitzerland.ch\/\">ACF Switzerland<\/a><\/em><\/p>","protected":false},"excerpt":{"rendered":"<p>An der vergangenen Generalversammlung des Schweizer Branchenverbands f\u00fcr Outplacement (ACF Switzerland) w\u00e4hlten die Mitglieder einstimmig Carine Dilitz und Regula M\u00e4der Steiner als neue Co-Pr\u00e4sidentinnen. Zusammen mit dem bisherigen Vorstandsmitglied Roland Bartl Andreoli (Finanzen) bilden sie seit dem 1. Juni 2022 den neuen Vorstand von ACF Switzerland. W\u00e4hrend Carine Dilitz den Verband in der Romandie repr\u00e4sentiert, [&hellip;]<\/p>\n","protected":false},"author":4,"featured_media":15859,"comment_status":"closed","ping_status":"closed","sticky":false,"template":"","format":"standard","meta":{"_acf_changed":false,"_yoast_wpseo_focuskw":"Co-Pr\u00e4sidentinnen","_yoast_wpseo_metadesc":"Der Schweizer Branchenverband f\u00fcr Outplacement (ACF Switzerland) hat ein neues Pr\u00e4sidium mit erstmals zwei Co-Pr\u00e4sidentinnen gew\u00e4hlt.","articlekey":"","footnotes":""},"categories":[579],"tags":[254,371,381,503],"class_list":["post-15858","post","type-post","status-publish","format-standard","has-post-thumbnail","hentry","category-human-resources","tag-hrm","tag-outplacement","tag-personalia","tag-verbaende"],"acf":[],"yoast_head":"<!-- This site is optimized with the Yoast SEO plugin v27.5 - https:\/\/yoast.com\/product\/yoast-seo-wordpress\/ -->\n<title>Co-Pr\u00e4sidentinnen f\u00fchren Schweizer Outplacement-Branchenverband - Organisator<\/title>\n<meta name=\"description\" content=\"Der Schweizer Branchenverband f\u00fcr Outplacement (ACF Switzerland) hat ein neues Pr\u00e4sidium mit erstmals zwei Co-Pr\u00e4sidentinnen gew\u00e4hlt.\" \/>\n<meta name=\"robots\" content=\"index, follow, max-snippet:-1, max-image-preview:large, max-video-preview:-1\" \/>\n<link rel=\"canonical\" href=\"https:\/\/www.organisator.ch\/en\/human-resources\/2022-07-27\/co-presidents-lead-swiss-outplacement-industry-association\/\" \/>\n<meta property=\"og:locale\" content=\"en_US\" \/>\n<meta property=\"og:type\" content=\"article\" \/>\n<meta property=\"og:title\" content=\"Zwei Co-Pr\u00e4sidentinnen f\u00fchren Schweizer Outplacement-Branchenverband\" \/>\n<meta property=\"og:description\" content=\"Der Schweizer Branchenverband f\u00fcr Outplacement (ACF Switzerland) hat ein neues Pr\u00e4sidium mit erstmals zwei Co-Pr\u00e4sidentinnen gew\u00e4hlt.\" \/>\n<meta property=\"og:url\" content=\"https:\/\/www.organisator.ch\/en\/human-resources\/2022-07-27\/co-presidents-lead-swiss-outplacement-industry-association\/\" \/>\n<meta property=\"og:site_name\" content=\"Organisator\" \/>\n<meta property=\"article:publisher\" content=\"https:\/\/www.facebook.com\/OrganisatorFachmagazin\" \/>\n<meta property=\"article:published_time\" content=\"2022-07-27T04:06:02+00:00\" \/>\n<meta property=\"og:image\" content=\"https:\/\/www.organisator.ch\/wp-content\/uploads\/2022\/07\/Zwei-Co-Prasidentinnen-fuhren-Schweizer-Outplacement-Branchenverband_Organisator.jpg\" \/>\n\t<meta property=\"og:image:width\" content=\"680\" \/>\n\t<meta property=\"og:image:height\" content=\"349\" \/>\n\t<meta property=\"og:image:type\" content=\"image\/jpeg\" \/>\n<meta name=\"author\" content=\"thomas.berner\" \/>\n<meta name=\"twitter:card\" content=\"summary_large_image\" \/>\n<meta name=\"twitter:title\" content=\"Zwei #Co-Pr\u00e4sidentinnen f\u00fchren Schweizer #Outplacement-Branchenverband\" \/>\n<meta name=\"twitter:description\" content=\"Der Schweizer #Branchenverband f\u00fcr Outplacement (#ACF Switzerland) hat ein neues Pr\u00e4sidium mit erstmals zwei #Co-Pr\u00e4sidentinnen gew\u00e4hlt.\" \/>\n<meta name=\"twitter:image\" content=\"https:\/\/www.organisator.ch\/wp-content\/uploads\/2022\/07\/Zwei-Co-Prasidentinnen-fuhren-Schweizer-Outplacement-Branchenverband_Organisator.jpg\" \/>\n<script type=\"application\/ld+json\" class=\"yoast-schema-graph\">{\"@context\":\"https:\\\/\\\/schema.org\",\"@graph\":[{\"@type\":\"Article\",\"@id\":\"https:\\\/\\\/www.organisator.ch\\\/human-resources\\\/2022-07-27\\\/co-praesidentinnen-fuehren-schweizer-outplacement-branchenverband\\\/#article\",\"isPartOf\":{\"@id\":\"https:\\\/\\\/www.organisator.ch\\\/human-resources\\\/2022-07-27\\\/co-praesidentinnen-fuehren-schweizer-outplacement-branchenverband\\\/\"},\"author\":{\"name\":\"thomas.berner\",\"@id\":\"https:\\\/\\\/www.organisator.ch\\\/#\\\/schema\\\/person\\\/6f650f90b2842cd4c0cc334b4e36f67e\"},\"headline\":\"Co-Pr\u00e4sidentinnen f\u00fchren Schweizer Outplacement-Branchenverband\",\"datePublished\":\"2022-07-27T04:06:02+00:00\",\"mainEntityOfPage\":{\"@id\":\"https:\\\/\\\/www.organisator.ch\\\/human-resources\\\/2022-07-27\\\/co-praesidentinnen-fuehren-schweizer-outplacement-branchenverband\\\/\"},\"wordCount\":829,\"publisher\":{\"@id\":\"https:\\\/\\\/www.organisator.ch\\\/#organization\"},\"image\":{\"@id\":\"https:\\\/\\\/www.organisator.ch\\\/human-resources\\\/2022-07-27\\\/co-praesidentinnen-fuehren-schweizer-outplacement-branchenverband\\\/#primaryimage\"},\"thumbnailUrl\":\"https:\\\/\\\/www.organisator.ch\\\/wp-content\\\/uploads\\\/2022\\\/07\\\/Zwei-Co-Prasidentinnen-fuhren-Schweizer-Outplacement-Branchenverband_Organisator.jpg\",\"keywords\":[\"HRM\",\"Outplacement\",\"Personalia\",\"Verb\u00e4nde\"],\"articleSection\":[\"HUMAN RESOURCES\"],\"inLanguage\":\"en-US\"},{\"@type\":\"WebPage\",\"@id\":\"https:\\\/\\\/www.organisator.ch\\\/human-resources\\\/2022-07-27\\\/co-praesidentinnen-fuehren-schweizer-outplacement-branchenverband\\\/\",\"url\":\"https:\\\/\\\/www.organisator.ch\\\/human-resources\\\/2022-07-27\\\/co-praesidentinnen-fuehren-schweizer-outplacement-branchenverband\\\/\",\"name\":\"Co-Pr\u00e4sidentinnen f\u00fchren Schweizer Outplacement-Branchenverband - Organisator\",\"isPartOf\":{\"@id\":\"https:\\\/\\\/www.organisator.ch\\\/#website\"},\"primaryImageOfPage\":{\"@id\":\"https:\\\/\\\/www.organisator.ch\\\/human-resources\\\/2022-07-27\\\/co-praesidentinnen-fuehren-schweizer-outplacement-branchenverband\\\/#primaryimage\"},\"image\":{\"@id\":\"https:\\\/\\\/www.organisator.ch\\\/human-resources\\\/2022-07-27\\\/co-praesidentinnen-fuehren-schweizer-outplacement-branchenverband\\\/#primaryimage\"},\"thumbnailUrl\":\"https:\\\/\\\/www.organisator.ch\\\/wp-content\\\/uploads\\\/2022\\\/07\\\/Zwei-Co-Prasidentinnen-fuhren-Schweizer-Outplacement-Branchenverband_Organisator.jpg\",\"datePublished\":\"2022-07-27T04:06:02+00:00\",\"description\":\"Der Schweizer Branchenverband f\u00fcr Outplacement (ACF Switzerland) hat ein neues Pr\u00e4sidium mit erstmals zwei Co-Pr\u00e4sidentinnen gew\u00e4hlt.\",\"breadcrumb\":{\"@id\":\"https:\\\/\\\/www.organisator.ch\\\/human-resources\\\/2022-07-27\\\/co-praesidentinnen-fuehren-schweizer-outplacement-branchenverband\\\/#breadcrumb\"},\"inLanguage\":\"en-US\",\"potentialAction\":[{\"@type\":\"ReadAction\",\"target\":[\"https:\\\/\\\/www.organisator.ch\\\/human-resources\\\/2022-07-27\\\/co-praesidentinnen-fuehren-schweizer-outplacement-branchenverband\\\/\"]}]},{\"@type\":\"ImageObject\",\"inLanguage\":\"en-US\",\"@id\":\"https:\\\/\\\/www.organisator.ch\\\/human-resources\\\/2022-07-27\\\/co-praesidentinnen-fuehren-schweizer-outplacement-branchenverband\\\/#primaryimage\",\"url\":\"https:\\\/\\\/www.organisator.ch\\\/wp-content\\\/uploads\\\/2022\\\/07\\\/Zwei-Co-Prasidentinnen-fuhren-Schweizer-Outplacement-Branchenverband_Organisator.jpg\",\"contentUrl\":\"https:\\\/\\\/www.organisator.ch\\\/wp-content\\\/uploads\\\/2022\\\/07\\\/Zwei-Co-Prasidentinnen-fuhren-Schweizer-Outplacement-Branchenverband_Organisator.jpg\",\"width\":680,\"height\":349,\"caption\":\"Die neuen Co-Pr\u00e4sidentinnen von ACF Switzerland: Carine Dilitz (links) und Regula M\u00e4der Steiner. (Bilder: ACF Switzerland)\"},{\"@type\":\"BreadcrumbList\",\"@id\":\"https:\\\/\\\/www.organisator.ch\\\/human-resources\\\/2022-07-27\\\/co-praesidentinnen-fuehren-schweizer-outplacement-branchenverband\\\/#breadcrumb\",\"itemListElement\":[{\"@type\":\"ListItem\",\"position\":1,\"name\":\"Home\",\"item\":\"https:\\\/\\\/www.organisator.ch\\\/\"},{\"@type\":\"ListItem\",\"position\":2,\"name\":\"Co-Pr\u00e4sidentinnen f\u00fchren Schweizer Outplacement-Branchenverband\"}]},{\"@type\":\"WebSite\",\"@id\":\"https:\\\/\\\/www.organisator.ch\\\/#website\",\"url\":\"https:\\\/\\\/www.organisator.ch\\\/\",\"name\":\"Organisator\",\"description\":\"Kompetent. Praxisnah. Der ORGANISATOR bereitet in 10 Ausgaben pro Jahr die wesentlichen Themen f\u00fcr F\u00fchrungskr\u00e4fte von KMU auf.\",\"publisher\":{\"@id\":\"https:\\\/\\\/www.organisator.ch\\\/#organization\"},\"potentialAction\":[{\"@type\":\"SearchAction\",\"target\":{\"@type\":\"EntryPoint\",\"urlTemplate\":\"https:\\\/\\\/www.organisator.ch\\\/?s={search_term_string}\"},\"query-input\":{\"@type\":\"PropertyValueSpecification\",\"valueRequired\":true,\"valueName\":\"search_term_string\"}}],\"inLanguage\":\"en-US\"},{\"@type\":\"Organization\",\"@id\":\"https:\\\/\\\/www.organisator.ch\\\/#organization\",\"name\":\"Organisator\",\"url\":\"https:\\\/\\\/www.organisator.ch\\\/\",\"logo\":{\"@type\":\"ImageObject\",\"inLanguage\":\"en-US\",\"@id\":\"https:\\\/\\\/www.organisator.ch\\\/#\\\/schema\\\/logo\\\/image\\\/\",\"url\":\"https:\\\/\\\/www.organisator.ch\\\/wp-content\\\/uploads\\\/2022\\\/01\\\/Logo_Organisator_Website.png\",\"contentUrl\":\"https:\\\/\\\/www.organisator.ch\\\/wp-content\\\/uploads\\\/2022\\\/01\\\/Logo_Organisator_Website.png\",\"width\":800,\"height\":77,\"caption\":\"Organisator\"},\"image\":{\"@id\":\"https:\\\/\\\/www.organisator.ch\\\/#\\\/schema\\\/logo\\\/image\\\/\"},\"sameAs\":[\"https:\\\/\\\/www.facebook.com\\\/OrganisatorFachmagazin\",\"https:\\\/\\\/www.linkedin.com\\\/showcase\\\/organisator-das-magazin-fr-kmu\",\"https:\\\/\\\/www.xing.com\\\/news\\\/pages\\\/organisator-ch-695\",\"https:\\\/\\\/www.youtube.com\\\/channel\\\/UCGP2Sq0iWaZwT3BdIAQFYpw\"]},{\"@type\":\"Person\",\"@id\":\"https:\\\/\\\/www.organisator.ch\\\/#\\\/schema\\\/person\\\/6f650f90b2842cd4c0cc334b4e36f67e\",\"name\":\"thomas.berner\",\"image\":{\"@type\":\"ImageObject\",\"inLanguage\":\"en-US\",\"@id\":\"https:\\\/\\\/secure.gravatar.com\\\/avatar\\\/ac5001d2a36cb6c6cd3e50789007ffca834b477b74a2144564522e944eabff61?s=96&d=mm&r=g\",\"url\":\"https:\\\/\\\/secure.gravatar.com\\\/avatar\\\/ac5001d2a36cb6c6cd3e50789007ffca834b477b74a2144564522e944eabff61?s=96&d=mm&r=g\",\"contentUrl\":\"https:\\\/\\\/secure.gravatar.com\\\/avatar\\\/ac5001d2a36cb6c6cd3e50789007ffca834b477b74a2144564522e944eabff61?s=96&d=mm&r=g\",\"caption\":\"thomas.berner\"},\"url\":\"https:\\\/\\\/www.organisator.ch\\\/en\\\/author\\\/thomas-berner\\\/\"}]}<\/script>\n<!-- \/ Yoast SEO plugin. -->","yoast_head_json":{"title":"Co-presidents lead Swiss outplacement industry association - organizer","description":"The Swiss industry association for outplacement (ACF Switzerland) has elected a new presidium with two co-presidents for the first time.","robots":{"index":"index","follow":"follow","max-snippet":"max-snippet:-1","max-image-preview":"max-image-preview:large","max-video-preview":"max-video-preview:-1"},"canonical":"https:\/\/www.organisator.ch\/en\/human-resources\/2022-07-27\/co-presidents-lead-swiss-outplacement-industry-association\/","og_locale":"en_US","og_type":"article","og_title":"Zwei Co-Pr\u00e4sidentinnen f\u00fchren Schweizer Outplacement-Branchenverband","og_description":"Der Schweizer Branchenverband f\u00fcr Outplacement (ACF Switzerland) hat ein neues Pr\u00e4sidium mit erstmals zwei Co-Pr\u00e4sidentinnen gew\u00e4hlt.","og_url":"https:\/\/www.organisator.ch\/en\/human-resources\/2022-07-27\/co-presidents-lead-swiss-outplacement-industry-association\/","og_site_name":"Organisator","article_publisher":"https:\/\/www.facebook.com\/OrganisatorFachmagazin","article_published_time":"2022-07-27T04:06:02+00:00","og_image":[{"width":680,"height":349,"url":"https:\/\/www.organisator.ch\/wp-content\/uploads\/2022\/07\/Zwei-Co-Prasidentinnen-fuhren-Schweizer-Outplacement-Branchenverband_Organisator.jpg","type":"image\/jpeg"}],"author":"thomas.berner","twitter_card":"summary_large_image","twitter_title":"Zwei #Co-Pr\u00e4sidentinnen f\u00fchren Schweizer #Outplacement-Branchenverband","twitter_description":"Der Schweizer #Branchenverband f\u00fcr Outplacement (#ACF Switzerland) hat ein neues Pr\u00e4sidium mit erstmals zwei #Co-Pr\u00e4sidentinnen gew\u00e4hlt.","twitter_image":"https:\/\/www.organisator.ch\/wp-content\/uploads\/2022\/07\/Zwei-Co-Prasidentinnen-fuhren-Schweizer-Outplacement-Branchenverband_Organisator.jpg","schema":{"@context":"https:\/\/schema.org","@graph":[{"@type":"Article","@id":"https:\/\/www.organisator.ch\/human-resources\/2022-07-27\/co-praesidentinnen-fuehren-schweizer-outplacement-branchenverband\/#article","isPartOf":{"@id":"https:\/\/www.organisator.ch\/human-resources\/2022-07-27\/co-praesidentinnen-fuehren-schweizer-outplacement-branchenverband\/"},"author":{"name":"thomas.berner","@id":"https:\/\/www.organisator.ch\/#\/schema\/person\/6f650f90b2842cd4c0cc334b4e36f67e"},"headline":"Co-Pr\u00e4sidentinnen f\u00fchren Schweizer Outplacement-Branchenverband","datePublished":"2022-07-27T04:06:02+00:00","mainEntityOfPage":{"@id":"https:\/\/www.organisator.ch\/human-resources\/2022-07-27\/co-praesidentinnen-fuehren-schweizer-outplacement-branchenverband\/"},"wordCount":829,"publisher":{"@id":"https:\/\/www.organisator.ch\/#organization"},"image":{"@id":"https:\/\/www.organisator.ch\/human-resources\/2022-07-27\/co-praesidentinnen-fuehren-schweizer-outplacement-branchenverband\/#primaryimage"},"thumbnailUrl":"https:\/\/www.organisator.ch\/wp-content\/uploads\/2022\/07\/Zwei-Co-Prasidentinnen-fuhren-Schweizer-Outplacement-Branchenverband_Organisator.jpg","keywords":["HRM","Outplacement","Personalia","Verb\u00e4nde"],"articleSection":["HUMAN RESOURCES"],"inLanguage":"en-US"},{"@type":"WebPage","@id":"https:\/\/www.organisator.ch\/human-resources\/2022-07-27\/co-praesidentinnen-fuehren-schweizer-outplacement-branchenverband\/","url":"https:\/\/www.organisator.ch\/human-resources\/2022-07-27\/co-praesidentinnen-fuehren-schweizer-outplacement-branchenverband\/","name":"Co-presidents lead Swiss outplacement industry association - organizer","isPartOf":{"@id":"https:\/\/www.organisator.ch\/#website"},"primaryImageOfPage":{"@id":"https:\/\/www.organisator.ch\/human-resources\/2022-07-27\/co-praesidentinnen-fuehren-schweizer-outplacement-branchenverband\/#primaryimage"},"image":{"@id":"https:\/\/www.organisator.ch\/human-resources\/2022-07-27\/co-praesidentinnen-fuehren-schweizer-outplacement-branchenverband\/#primaryimage"},"thumbnailUrl":"https:\/\/www.organisator.ch\/wp-content\/uploads\/2022\/07\/Zwei-Co-Prasidentinnen-fuhren-Schweizer-Outplacement-Branchenverband_Organisator.jpg","datePublished":"2022-07-27T04:06:02+00:00","description":"The Swiss industry association for outplacement (ACF Switzerland) has elected a new presidium with two co-presidents for the first time.","breadcrumb":{"@id":"https:\/\/www.organisator.ch\/human-resources\/2022-07-27\/co-praesidentinnen-fuehren-schweizer-outplacement-branchenverband\/#breadcrumb"},"inLanguage":"en-US","potentialAction":[{"@type":"ReadAction","target":["https:\/\/www.organisator.ch\/human-resources\/2022-07-27\/co-praesidentinnen-fuehren-schweizer-outplacement-branchenverband\/"]}]},{"@type":"ImageObject","inLanguage":"en-US","@id":"https:\/\/www.organisator.ch\/human-resources\/2022-07-27\/co-praesidentinnen-fuehren-schweizer-outplacement-branchenverband\/#primaryimage","url":"https:\/\/www.organisator.ch\/wp-content\/uploads\/2022\/07\/Zwei-Co-Prasidentinnen-fuhren-Schweizer-Outplacement-Branchenverband_Organisator.jpg","contentUrl":"https:\/\/www.organisator.ch\/wp-content\/uploads\/2022\/07\/Zwei-Co-Prasidentinnen-fuhren-Schweizer-Outplacement-Branchenverband_Organisator.jpg","width":680,"height":349,"caption":"Die neuen Co-Pr\u00e4sidentinnen von ACF Switzerland: Carine Dilitz (links) und Regula M\u00e4der Steiner. (Bilder: ACF Switzerland)"},{"@type":"BreadcrumbList","@id":"https:\/\/www.organisator.ch\/human-resources\/2022-07-27\/co-praesidentinnen-fuehren-schweizer-outplacement-branchenverband\/#breadcrumb","itemListElement":[{"@type":"ListItem","position":1,"name":"Home","item":"https:\/\/www.organisator.ch\/"},{"@type":"ListItem","position":2,"name":"Co-Pr\u00e4sidentinnen f\u00fchren Schweizer Outplacement-Branchenverband"}]},{"@type":"WebSite","@id":"https:\/\/www.organisator.ch\/#website","url":"https:\/\/www.organisator.ch\/","name":"Organizer","description":"Competent. Practical. In 10 issues per year, ORGANISATOR presents the essential topics for managers of SMEs.","publisher":{"@id":"https:\/\/www.organisator.ch\/#organization"},"potentialAction":[{"@type":"SearchAction","target":{"@type":"EntryPoint","urlTemplate":"https:\/\/www.organisator.ch\/?s={search_term_string}"},"query-input":{"@type":"PropertyValueSpecification","valueRequired":true,"valueName":"search_term_string"}}],"inLanguage":"en-US"},{"@type":"Organization","@id":"https:\/\/www.organisator.ch\/#organization","name":"Organizer","url":"https:\/\/www.organisator.ch\/","logo":{"@type":"ImageObject","inLanguage":"en-US","@id":"https:\/\/www.organisator.ch\/#\/schema\/logo\/image\/","url":"https:\/\/www.organisator.ch\/wp-content\/uploads\/2022\/01\/Logo_Organisator_Website.png","contentUrl":"https:\/\/www.organisator.ch\/wp-content\/uploads\/2022\/01\/Logo_Organisator_Website.png","width":800,"height":77,"caption":"Organisator"},"image":{"@id":"https:\/\/www.organisator.ch\/#\/schema\/logo\/image\/"},"sameAs":["https:\/\/www.facebook.com\/OrganisatorFachmagazin","https:\/\/www.linkedin.com\/showcase\/organisator-das-magazin-fr-kmu","https:\/\/www.xing.com\/news\/pages\/organisator-ch-695","https:\/\/www.youtube.com\/channel\/UCGP2Sq0iWaZwT3BdIAQFYpw"]},{"@type":"Person","@id":"https:\/\/www.organisator.ch\/#\/schema\/person\/6f650f90b2842cd4c0cc334b4e36f67e","name":"thomas.berner","image":{"@type":"ImageObject","inLanguage":"en-US","@id":"https:\/\/secure.gravatar.com\/avatar\/ac5001d2a36cb6c6cd3e50789007ffca834b477b74a2144564522e944eabff61?s=96&d=mm&r=g","url":"https:\/\/secure.gravatar.com\/avatar\/ac5001d2a36cb6c6cd3e50789007ffca834b477b74a2144564522e944eabff61?s=96&d=mm&r=g","contentUrl":"https:\/\/secure.gravatar.com\/avatar\/ac5001d2a36cb6c6cd3e50789007ffca834b477b74a2144564522e944eabff61?s=96&d=mm&r=g","caption":"thomas.berner"},"url":"https:\/\/www.organisator.ch\/en\/author\/thomas-berner\/"}]}},"_links":{"self":[{"href":"https:\/\/www.organisator.ch\/en\/wp-json\/wp\/v2\/posts\/15858","targetHints":{"allow":["GET"]}}],"collection":[{"href":"https:\/\/www.organisator.ch\/en\/wp-json\/wp\/v2\/posts"}],"about":[{"href":"https:\/\/www.organisator.ch\/en\/wp-json\/wp\/v2\/types\/post"}],"author":[{"embeddable":true,"href":"https:\/\/www.organisator.ch\/en\/wp-json\/wp\/v2\/users\/4"}],"replies":[{"embeddable":true,"href":"https:\/\/www.organisator.ch\/en\/wp-json\/wp\/v2\/comments?post=15858"}],"version-history":[{"count":1,"href":"https:\/\/www.organisator.ch\/en\/wp-json\/wp\/v2\/posts\/15858\/revisions"}],"predecessor-version":[{"id":15860,"href":"https:\/\/www.organisator.ch\/en\/wp-json\/wp\/v2\/posts\/15858\/revisions\/15860"}],"wp:featuredmedia":[{"embeddable":true,"href":"https:\/\/www.organisator.ch\/en\/wp-json\/wp\/v2\/media\/15859"}],"wp:attachment":[{"href":"https:\/\/www.organisator.ch\/en\/wp-json\/wp\/v2\/media?parent=15858"}],"wp:term":[{"taxonomy":"category","embeddable":true,"href":"https:\/\/www.organisator.ch\/en\/wp-json\/wp\/v2\/categories?post=15858"},{"taxonomy":"post_tag","embeddable":true,"href":"https:\/\/www.organisator.ch\/en\/wp-json\/wp\/v2\/tags?post=15858"}],"curies":[{"name":"wp","href":"https:\/\/api.w.org\/{rel}","templated":true}]}}