{"id":1586,"date":"2017-03-06T14:10:03","date_gmt":"2017-03-06T13:10:03","guid":{"rendered":"https:\/\/www.organisator.ch\/?p=1586"},"modified":"2017-03-06T14:10:03","modified_gmt":"2017-03-06T13:10:03","slug":"1586-2","status":"publish","type":"post","link":"https:\/\/www.organisator.ch\/en\/management\/it\/2017-03-06\/1586-2\/","title":{"rendered":"Co-working through smart technologies"},"content":{"rendered":"<figure id=\"attachment_1587\" aria-describedby=\"caption-attachment-1587\" style=\"width: 640px\" class=\"wp-caption alignnone\"><img loading=\"lazy\" decoding=\"async\" class=\"size-full wp-image-1587\" src=\"https:\/\/www.organisator.ch\/wp-content\/uploads\/2017\/03\/Co-Working-und-intelligente-Technologie-org-organisator.jpg\" alt=\"\" width=\"640\" height=\"439\" srcset=\"https:\/\/www.organisator.ch\/wp-content\/uploads\/2017\/03\/Co-Working-und-intelligente-Technologie-org-organisator.jpg 640w, https:\/\/www.organisator.ch\/wp-content\/uploads\/2017\/03\/Co-Working-und-intelligente-Technologie-org-organisator-16x12.jpg 16w, https:\/\/www.organisator.ch\/wp-content\/uploads\/2017\/03\/Co-Working-und-intelligente-Technologie-org-organisator-255x175.jpg 255w, https:\/\/www.organisator.ch\/wp-content\/uploads\/2017\/03\/Co-Working-und-intelligente-Technologie-org-organisator-510x350.jpg 510w, https:\/\/www.organisator.ch\/wp-content\/uploads\/2017\/03\/Co-Working-und-intelligente-Technologie-org-organisator-300x206.jpg 300w\" sizes=\"auto, (max-width: 640px) 100vw, 640px\" \/><figcaption id=\"caption-attachment-1587\" class=\"wp-caption-text\">A typical meeting in a corporate working (abbreviated as co-working) environment. (Image: depositphotos: relwal)<\/figcaption><\/figure>\n<p>Co-working, collaborative home office activities outside of the actual office space is strongly welcomed by young, social media-influenced workers, but studies like the one by the ifo Institute nonetheless emphasize that 74 percent of all workers who are actually allowed to use the home office are still mostly present in the corporate office.<\/p>\n<p>The ifo study concludes that this kind of flexibility makes workspace management more difficult. In other words: Organizing high workspace utilization remains a major challenge. Jenny Noon, Facilities and Real Estate Director at Time Inc. UK, comments: \"As our traditional media company Time Inc. UK reinvents itself for the digital age, the way we work is also changing. We have introduced a 'modern approach to working' across all our branch locations. This includes 'hot desking': employees sharing workstations with the aim of creating a dynamic, collaborative and inspired working atmosphere.\"<\/p>\n<p><strong>Linked needs <\/strong><\/p>\n<p>\"The changed look and feel of our office also helps us work differently,\" elaborates Jenno Noon of Time Inc, \"These changes foster the creativity we need for the important business transformation. They also allow us to work more efficiently by making better use of our expensive real estate in London. - We even designed a 'pub environment' for one of our publications.\"<\/p>\n<p>Jenny Noon continues, \"While a modern work environment brings many benefits, it also comes with the risk of having fewer desks than employees. By now being able to book desks in advance through touchscreens, concerns about whether a free workstation will be available when you arrive at the office are alleviated.\"<\/p>\n<p><strong>Touch screens for desks<\/strong><\/p>\n<p>Condeco recently won the \"Queen's Award\" for its innovative solution to the workstation problem and is now launching the latest generation of touch screens for desk booking. By equipping each workstation with a small internet-enabled screen, Condeco is enabling the introduction of a workstation booking system designed to combat wasted space.<\/p>\n<p>Features such as the LED lighting system, which indicates when a desk is free, are particularly useful. It could also better show the presence of employees. Via beacon technology, employees will also be notified in the future about free workstations in their vicinity based on their location.<\/p>\n<p>Workplace booking screens make office spaces receptive to user and business needs, enabling companies to transform the way they work from the ground up.<\/p>\n<p><strong>Decision-maker<\/strong><\/p>\n<p>Multiple analytics using these screens allow decision makers to reflect employee habits in the design of the office. Paul Statham, founder and managing director of Condeco, says: \"All the developments in the world of work - from flexible working hours to the use of different office locations - are causing headaches for management. And while the many changes are meant to simplify work life, the net effect of all the changes is to make office design more complicated.\"<\/p>\n<p>\"In some offices, finding a free desk is a real challenge. The idea behind the workstation booking touchscreens is that employees can simply enter an office and see directly which desks are available. After logging in, an employee can also see where a particular colleague is sitting, for example. This is very important for successful collaboration.\"<\/p>\n<p>Condeco's research and development team has created a product that combines a simple user experience with a competitive price; making it both affordable and straightforward to deploy. Multiple analytics using the booking displays allow decision makers to reflect the habits of employees in the design of the office.<\/p>\n<p><em>You can find more information about the workstation booking touchscreens at this <a href=\"http:\/\/www.condecosoftware.com\/products\/desk-booking\/desk-screens\/\">Link<\/a><\/em><\/p>\n<p>&nbsp;<\/p>\n<p>&nbsp;<\/p>\n<p>&nbsp;<\/p>\n<p>&nbsp;<\/p>","protected":false},"excerpt":{"rendered":"<p>Co-Working, gemeinschaftliche Home Office Aktivit\u00e4ten ausserhalb des eigentlichen B\u00fcroplatzes wird zwar von jungen, durch Social Media beeinflusste Arbeitnehmenden stark begr\u00fcsst, nicht desto trotz betonen Studien wie jene des ifo Instituts, dass noch 74 Prozent aller Arbeitnehmer, die eigentlich das Home Office nutzen d\u00fcrfen, meistens im Unternehmensb\u00fcro zugegen sind. Die ifo Studie kommt zum Schluss, dass [&hellip;]<\/p>\n","protected":false},"author":5,"featured_media":1587,"comment_status":"open","ping_status":"open","sticky":false,"template":"","format":"standard","meta":{"_acf_changed":false,"_yoast_wpseo_focuskw":"Co-Working","_yoast_wpseo_metadesc":"Co-Working heisst nicht nur flexible Arbeitspl\u00e4tze nutzen, sondern auch gew\u00f6hnliche Ressourcen wie Schreibtische zu vernetzen.","articlekey":"","footnotes":""},"categories":[27,28],"tags":[124,134,276],"class_list":["post-1586","post","type-post","status-publish","format-standard","has-post-thumbnail","hentry","category-it","category-management","tag-co-working","tag-corporate-working","tag-intelligente-technologien"],"acf":[],"yoast_head":"<!-- This site is optimized with the Yoast SEO plugin v27.4 - https:\/\/yoast.com\/product\/yoast-seo-wordpress\/ -->\n<title>Co-Working durch intelligente Technologien - Organisator<\/title>\n<meta name=\"description\" content=\"Co-Working heisst nicht nur flexible Arbeitspl\u00e4tze nutzen, sondern auch gew\u00f6hnliche Ressourcen wie Schreibtische zu vernetzen.\" \/>\n<meta name=\"robots\" content=\"index, follow, max-snippet:-1, max-image-preview:large, max-video-preview:-1\" \/>\n<link rel=\"canonical\" href=\"https:\/\/www.organisator.ch\/en\/management\/it\/2017-03-06\/1586-2\/\" \/>\n<meta property=\"og:locale\" content=\"en_US\" \/>\n<meta property=\"og:type\" content=\"article\" \/>\n<meta property=\"og:title\" content=\"Co-Working durch intelligente Technologien\" \/>\n<meta property=\"og:description\" content=\"Co-Working heisst nicht nur #flexibleArbeitspl\u00e4tze nutzen, sondern auch gew\u00f6hnliche Ressourcen wie #Schreibtische zu vernetzen.\" \/>\n<meta property=\"og:url\" content=\"https:\/\/www.organisator.ch\/en\/management\/it\/2017-03-06\/1586-2\/\" \/>\n<meta property=\"og:site_name\" content=\"Organisator\" \/>\n<meta property=\"article:publisher\" content=\"https:\/\/www.facebook.com\/OrganisatorFachmagazin\" \/>\n<meta property=\"article:published_time\" content=\"2017-03-06T13:10:03+00:00\" \/>\n<meta property=\"og:image\" content=\"https:\/\/www.organisator.ch\/wp-content\/uploads\/2017\/03\/Co-Working-und-intelligente-Technologie-org-organisator.jpg\" \/>\n\t<meta property=\"og:image:width\" content=\"640\" \/>\n\t<meta property=\"og:image:height\" content=\"439\" \/>\n\t<meta property=\"og:image:type\" content=\"image\/jpeg\" \/>\n<meta name=\"author\" content=\"michael.merz\" \/>\n<meta name=\"twitter:card\" content=\"summary_large_image\" \/>\n<script type=\"application\/ld+json\" class=\"yoast-schema-graph\">{\"@context\":\"https:\\\/\\\/schema.org\",\"@graph\":[{\"@type\":\"Article\",\"@id\":\"https:\\\/\\\/www.organisator.ch\\\/management\\\/it\\\/2017-03-06\\\/1586-2\\\/#article\",\"isPartOf\":{\"@id\":\"https:\\\/\\\/www.organisator.ch\\\/management\\\/it\\\/2017-03-06\\\/1586-2\\\/\"},\"author\":{\"name\":\"michael.merz\",\"@id\":\"https:\\\/\\\/www.organisator.ch\\\/#\\\/schema\\\/person\\\/134708ca9321c57b0362cceb7948ffbd\"},\"headline\":\"Co-Working durch intelligente Technologien\",\"datePublished\":\"2017-03-06T13:10:03+00:00\",\"mainEntityOfPage\":{\"@id\":\"https:\\\/\\\/www.organisator.ch\\\/management\\\/it\\\/2017-03-06\\\/1586-2\\\/\"},\"wordCount\":645,\"commentCount\":0,\"publisher\":{\"@id\":\"https:\\\/\\\/www.organisator.ch\\\/#organization\"},\"image\":{\"@id\":\"https:\\\/\\\/www.organisator.ch\\\/management\\\/it\\\/2017-03-06\\\/1586-2\\\/#primaryimage\"},\"thumbnailUrl\":\"https:\\\/\\\/www.organisator.ch\\\/wp-content\\\/uploads\\\/2017\\\/03\\\/Co-Working-und-intelligente-Technologie-org-organisator.jpg\",\"keywords\":[\"Co-Working\",\"Corporate Working\",\"intelligente Technologien\"],\"articleSection\":[\"IT\",\"MANAGEMENT\"],\"inLanguage\":\"en-US\"},{\"@type\":\"WebPage\",\"@id\":\"https:\\\/\\\/www.organisator.ch\\\/management\\\/it\\\/2017-03-06\\\/1586-2\\\/\",\"url\":\"https:\\\/\\\/www.organisator.ch\\\/management\\\/it\\\/2017-03-06\\\/1586-2\\\/\",\"name\":\"Co-Working durch intelligente Technologien - Organisator\",\"isPartOf\":{\"@id\":\"https:\\\/\\\/www.organisator.ch\\\/#website\"},\"primaryImageOfPage\":{\"@id\":\"https:\\\/\\\/www.organisator.ch\\\/management\\\/it\\\/2017-03-06\\\/1586-2\\\/#primaryimage\"},\"image\":{\"@id\":\"https:\\\/\\\/www.organisator.ch\\\/management\\\/it\\\/2017-03-06\\\/1586-2\\\/#primaryimage\"},\"thumbnailUrl\":\"https:\\\/\\\/www.organisator.ch\\\/wp-content\\\/uploads\\\/2017\\\/03\\\/Co-Working-und-intelligente-Technologie-org-organisator.jpg\",\"datePublished\":\"2017-03-06T13:10:03+00:00\",\"description\":\"Co-Working heisst nicht nur flexible Arbeitspl\u00e4tze nutzen, sondern auch gew\u00f6hnliche Ressourcen wie Schreibtische zu vernetzen.\",\"breadcrumb\":{\"@id\":\"https:\\\/\\\/www.organisator.ch\\\/management\\\/it\\\/2017-03-06\\\/1586-2\\\/#breadcrumb\"},\"inLanguage\":\"en-US\",\"potentialAction\":[{\"@type\":\"ReadAction\",\"target\":[\"https:\\\/\\\/www.organisator.ch\\\/management\\\/it\\\/2017-03-06\\\/1586-2\\\/\"]}]},{\"@type\":\"ImageObject\",\"inLanguage\":\"en-US\",\"@id\":\"https:\\\/\\\/www.organisator.ch\\\/management\\\/it\\\/2017-03-06\\\/1586-2\\\/#primaryimage\",\"url\":\"https:\\\/\\\/www.organisator.ch\\\/wp-content\\\/uploads\\\/2017\\\/03\\\/Co-Working-und-intelligente-Technologie-org-organisator.jpg\",\"contentUrl\":\"https:\\\/\\\/www.organisator.ch\\\/wp-content\\\/uploads\\\/2017\\\/03\\\/Co-Working-und-intelligente-Technologie-org-organisator.jpg\",\"width\":640,\"height\":439,\"caption\":\"Ein typisches Meeting in einem Corporate Working - Co-Working -Umfeld. (Bild: depositphotos: relwal)\"},{\"@type\":\"BreadcrumbList\",\"@id\":\"https:\\\/\\\/www.organisator.ch\\\/management\\\/it\\\/2017-03-06\\\/1586-2\\\/#breadcrumb\",\"itemListElement\":[{\"@type\":\"ListItem\",\"position\":1,\"name\":\"Home\",\"item\":\"https:\\\/\\\/www.organisator.ch\\\/\"},{\"@type\":\"ListItem\",\"position\":2,\"name\":\"Co-Working durch intelligente Technologien\"}]},{\"@type\":\"WebSite\",\"@id\":\"https:\\\/\\\/www.organisator.ch\\\/#website\",\"url\":\"https:\\\/\\\/www.organisator.ch\\\/\",\"name\":\"Organisator\",\"description\":\"Kompetent. Praxisnah. Der ORGANISATOR bereitet in 10 Ausgaben pro Jahr die wesentlichen Themen f\u00fcr F\u00fchrungskr\u00e4fte von KMU auf.\",\"publisher\":{\"@id\":\"https:\\\/\\\/www.organisator.ch\\\/#organization\"},\"potentialAction\":[{\"@type\":\"SearchAction\",\"target\":{\"@type\":\"EntryPoint\",\"urlTemplate\":\"https:\\\/\\\/www.organisator.ch\\\/?s={search_term_string}\"},\"query-input\":{\"@type\":\"PropertyValueSpecification\",\"valueRequired\":true,\"valueName\":\"search_term_string\"}}],\"inLanguage\":\"en-US\"},{\"@type\":\"Organization\",\"@id\":\"https:\\\/\\\/www.organisator.ch\\\/#organization\",\"name\":\"Organisator\",\"url\":\"https:\\\/\\\/www.organisator.ch\\\/\",\"logo\":{\"@type\":\"ImageObject\",\"inLanguage\":\"en-US\",\"@id\":\"https:\\\/\\\/www.organisator.ch\\\/#\\\/schema\\\/logo\\\/image\\\/\",\"url\":\"https:\\\/\\\/www.organisator.ch\\\/wp-content\\\/uploads\\\/2022\\\/01\\\/Logo_Organisator_Website.png\",\"contentUrl\":\"https:\\\/\\\/www.organisator.ch\\\/wp-content\\\/uploads\\\/2022\\\/01\\\/Logo_Organisator_Website.png\",\"width\":800,\"height\":77,\"caption\":\"Organisator\"},\"image\":{\"@id\":\"https:\\\/\\\/www.organisator.ch\\\/#\\\/schema\\\/logo\\\/image\\\/\"},\"sameAs\":[\"https:\\\/\\\/www.facebook.com\\\/OrganisatorFachmagazin\",\"https:\\\/\\\/www.linkedin.com\\\/showcase\\\/organisator-das-magazin-fr-kmu\",\"https:\\\/\\\/www.xing.com\\\/news\\\/pages\\\/organisator-ch-695\",\"https:\\\/\\\/www.youtube.com\\\/channel\\\/UCGP2Sq0iWaZwT3BdIAQFYpw\"]},{\"@type\":\"Person\",\"@id\":\"https:\\\/\\\/www.organisator.ch\\\/#\\\/schema\\\/person\\\/134708ca9321c57b0362cceb7948ffbd\",\"name\":\"michael.merz\",\"image\":{\"@type\":\"ImageObject\",\"inLanguage\":\"en-US\",\"@id\":\"https:\\\/\\\/secure.gravatar.com\\\/avatar\\\/?s=96&d=mm&r=g\",\"url\":\"https:\\\/\\\/secure.gravatar.com\\\/avatar\\\/?s=96&d=mm&r=g\",\"contentUrl\":\"https:\\\/\\\/secure.gravatar.com\\\/avatar\\\/?s=96&d=mm&r=g\",\"caption\":\"michael.merz\"},\"url\":\"https:\\\/\\\/www.organisator.ch\\\/en\\\/author\\\/michael-merz\\\/\"}]}<\/script>\n<!-- \/ Yoast SEO plugin. -->","yoast_head_json":{"title":"Co-working through smart technologies - organizer","description":"Co-working means not only using flexible workspaces, but also networking ordinary resources like desks.","robots":{"index":"index","follow":"follow","max-snippet":"max-snippet:-1","max-image-preview":"max-image-preview:large","max-video-preview":"max-video-preview:-1"},"canonical":"https:\/\/www.organisator.ch\/en\/management\/it\/2017-03-06\/1586-2\/","og_locale":"en_US","og_type":"article","og_title":"Co-Working durch intelligente Technologien","og_description":"Co-Working heisst nicht nur #flexibleArbeitspl\u00e4tze nutzen, sondern auch gew\u00f6hnliche Ressourcen wie #Schreibtische zu vernetzen.","og_url":"https:\/\/www.organisator.ch\/en\/management\/it\/2017-03-06\/1586-2\/","og_site_name":"Organisator","article_publisher":"https:\/\/www.facebook.com\/OrganisatorFachmagazin","article_published_time":"2017-03-06T13:10:03+00:00","og_image":[{"width":640,"height":439,"url":"https:\/\/www.organisator.ch\/wp-content\/uploads\/2017\/03\/Co-Working-und-intelligente-Technologie-org-organisator.jpg","type":"image\/jpeg"}],"author":"michael.merz","twitter_card":"summary_large_image","schema":{"@context":"https:\/\/schema.org","@graph":[{"@type":"Article","@id":"https:\/\/www.organisator.ch\/management\/it\/2017-03-06\/1586-2\/#article","isPartOf":{"@id":"https:\/\/www.organisator.ch\/management\/it\/2017-03-06\/1586-2\/"},"author":{"name":"michael.merz","@id":"https:\/\/www.organisator.ch\/#\/schema\/person\/134708ca9321c57b0362cceb7948ffbd"},"headline":"Co-Working durch intelligente Technologien","datePublished":"2017-03-06T13:10:03+00:00","mainEntityOfPage":{"@id":"https:\/\/www.organisator.ch\/management\/it\/2017-03-06\/1586-2\/"},"wordCount":645,"commentCount":0,"publisher":{"@id":"https:\/\/www.organisator.ch\/#organization"},"image":{"@id":"https:\/\/www.organisator.ch\/management\/it\/2017-03-06\/1586-2\/#primaryimage"},"thumbnailUrl":"https:\/\/www.organisator.ch\/wp-content\/uploads\/2017\/03\/Co-Working-und-intelligente-Technologie-org-organisator.jpg","keywords":["Co-Working","Corporate Working","intelligente Technologien"],"articleSection":["IT","MANAGEMENT"],"inLanguage":"en-US"},{"@type":"WebPage","@id":"https:\/\/www.organisator.ch\/management\/it\/2017-03-06\/1586-2\/","url":"https:\/\/www.organisator.ch\/management\/it\/2017-03-06\/1586-2\/","name":"Co-working through smart technologies - organizer","isPartOf":{"@id":"https:\/\/www.organisator.ch\/#website"},"primaryImageOfPage":{"@id":"https:\/\/www.organisator.ch\/management\/it\/2017-03-06\/1586-2\/#primaryimage"},"image":{"@id":"https:\/\/www.organisator.ch\/management\/it\/2017-03-06\/1586-2\/#primaryimage"},"thumbnailUrl":"https:\/\/www.organisator.ch\/wp-content\/uploads\/2017\/03\/Co-Working-und-intelligente-Technologie-org-organisator.jpg","datePublished":"2017-03-06T13:10:03+00:00","description":"Co-working means not only using flexible workspaces, but also networking ordinary resources like desks.","breadcrumb":{"@id":"https:\/\/www.organisator.ch\/management\/it\/2017-03-06\/1586-2\/#breadcrumb"},"inLanguage":"en-US","potentialAction":[{"@type":"ReadAction","target":["https:\/\/www.organisator.ch\/management\/it\/2017-03-06\/1586-2\/"]}]},{"@type":"ImageObject","inLanguage":"en-US","@id":"https:\/\/www.organisator.ch\/management\/it\/2017-03-06\/1586-2\/#primaryimage","url":"https:\/\/www.organisator.ch\/wp-content\/uploads\/2017\/03\/Co-Working-und-intelligente-Technologie-org-organisator.jpg","contentUrl":"https:\/\/www.organisator.ch\/wp-content\/uploads\/2017\/03\/Co-Working-und-intelligente-Technologie-org-organisator.jpg","width":640,"height":439,"caption":"Ein typisches Meeting in einem Corporate Working - Co-Working -Umfeld. (Bild: depositphotos: relwal)"},{"@type":"BreadcrumbList","@id":"https:\/\/www.organisator.ch\/management\/it\/2017-03-06\/1586-2\/#breadcrumb","itemListElement":[{"@type":"ListItem","position":1,"name":"Home","item":"https:\/\/www.organisator.ch\/"},{"@type":"ListItem","position":2,"name":"Co-Working durch intelligente Technologien"}]},{"@type":"WebSite","@id":"https:\/\/www.organisator.ch\/#website","url":"https:\/\/www.organisator.ch\/","name":"Organizer","description":"Competent. Practical. In 10 issues per year, ORGANISATOR presents the essential topics for managers of SMEs.","publisher":{"@id":"https:\/\/www.organisator.ch\/#organization"},"potentialAction":[{"@type":"SearchAction","target":{"@type":"EntryPoint","urlTemplate":"https:\/\/www.organisator.ch\/?s={search_term_string}"},"query-input":{"@type":"PropertyValueSpecification","valueRequired":true,"valueName":"search_term_string"}}],"inLanguage":"en-US"},{"@type":"Organization","@id":"https:\/\/www.organisator.ch\/#organization","name":"Organizer","url":"https:\/\/www.organisator.ch\/","logo":{"@type":"ImageObject","inLanguage":"en-US","@id":"https:\/\/www.organisator.ch\/#\/schema\/logo\/image\/","url":"https:\/\/www.organisator.ch\/wp-content\/uploads\/2022\/01\/Logo_Organisator_Website.png","contentUrl":"https:\/\/www.organisator.ch\/wp-content\/uploads\/2022\/01\/Logo_Organisator_Website.png","width":800,"height":77,"caption":"Organisator"},"image":{"@id":"https:\/\/www.organisator.ch\/#\/schema\/logo\/image\/"},"sameAs":["https:\/\/www.facebook.com\/OrganisatorFachmagazin","https:\/\/www.linkedin.com\/showcase\/organisator-das-magazin-fr-kmu","https:\/\/www.xing.com\/news\/pages\/organisator-ch-695","https:\/\/www.youtube.com\/channel\/UCGP2Sq0iWaZwT3BdIAQFYpw"]},{"@type":"Person","@id":"https:\/\/www.organisator.ch\/#\/schema\/person\/134708ca9321c57b0362cceb7948ffbd","name":"michael.merz","image":{"@type":"ImageObject","inLanguage":"en-US","@id":"https:\/\/secure.gravatar.com\/avatar\/?s=96&d=mm&r=g","url":"https:\/\/secure.gravatar.com\/avatar\/?s=96&d=mm&r=g","contentUrl":"https:\/\/secure.gravatar.com\/avatar\/?s=96&d=mm&r=g","caption":"michael.merz"},"url":"https:\/\/www.organisator.ch\/en\/author\/michael-merz\/"}]}},"_links":{"self":[{"href":"https:\/\/www.organisator.ch\/en\/wp-json\/wp\/v2\/posts\/1586","targetHints":{"allow":["GET"]}}],"collection":[{"href":"https:\/\/www.organisator.ch\/en\/wp-json\/wp\/v2\/posts"}],"about":[{"href":"https:\/\/www.organisator.ch\/en\/wp-json\/wp\/v2\/types\/post"}],"author":[{"embeddable":true,"href":"https:\/\/www.organisator.ch\/en\/wp-json\/wp\/v2\/users\/5"}],"replies":[{"embeddable":true,"href":"https:\/\/www.organisator.ch\/en\/wp-json\/wp\/v2\/comments?post=1586"}],"version-history":[{"count":0,"href":"https:\/\/www.organisator.ch\/en\/wp-json\/wp\/v2\/posts\/1586\/revisions"}],"wp:featuredmedia":[{"embeddable":true,"href":"https:\/\/www.organisator.ch\/en\/wp-json\/wp\/v2\/media\/1587"}],"wp:attachment":[{"href":"https:\/\/www.organisator.ch\/en\/wp-json\/wp\/v2\/media?parent=1586"}],"wp:term":[{"taxonomy":"category","embeddable":true,"href":"https:\/\/www.organisator.ch\/en\/wp-json\/wp\/v2\/categories?post=1586"},{"taxonomy":"post_tag","embeddable":true,"href":"https:\/\/www.organisator.ch\/en\/wp-json\/wp\/v2\/tags?post=1586"}],"curies":[{"name":"wp","href":"https:\/\/api.w.org\/{rel}","templated":true}]}}