{"id":159,"date":"2016-03-01T16:32:32","date_gmt":"2016-03-01T15:32:32","guid":{"rendered":"http:\/\/dev.organisator.ch\/?p=159"},"modified":"2016-03-01T16:32:32","modified_gmt":"2016-03-01T15:32:32","slug":"gdi-trendgespraech-ueber-die-aelterwerdende-gesellschaft","status":"publish","type":"post","link":"https:\/\/www.organisator.ch\/en\/human-resources\/hrm\/2016-03-01\/gdi-trendgespraech-ueber-die-aelterwerdende-gesellschaft\/","title":{"rendered":"GDI Trend Talk on the Aging Society"},"content":{"rendered":"<p><img loading=\"lazy\" decoding=\"async\" class=\"alignnone size-full wp-image-160\" src=\"https:\/\/www.organisator.ch\/wp-content\/uploads\/2016\/12\/GDI-Trendgespraech-ueber-die-aelterwerdende-Gesellschaft-organisator.jpg\" alt=\"\" width=\"643\" height=\"370\" srcset=\"https:\/\/www.organisator.ch\/wp-content\/uploads\/2016\/12\/GDI-Trendgespraech-ueber-die-aelterwerdende-Gesellschaft-organisator.jpg 643w, https:\/\/www.organisator.ch\/wp-content\/uploads\/2016\/12\/GDI-Trendgespraech-ueber-die-aelterwerdende-Gesellschaft-organisator-16x9.jpg 16w, https:\/\/www.organisator.ch\/wp-content\/uploads\/2016\/12\/GDI-Trendgespraech-ueber-die-aelterwerdende-Gesellschaft-organisator-304x175.jpg 304w, https:\/\/www.organisator.ch\/wp-content\/uploads\/2016\/12\/GDI-Trendgespraech-ueber-die-aelterwerdende-Gesellschaft-organisator-608x350.jpg 608w, https:\/\/www.organisator.ch\/wp-content\/uploads\/2016\/12\/GDI-Trendgespraech-ueber-die-aelterwerdende-Gesellschaft-organisator-300x173.jpg 300w\" sizes=\"auto, (max-width: 643px) 100vw, 643px\" \/><\/p>\n<p>The demands of society are changing. The retirees of the digital society want more self-determination, more individualization and more comfort.<\/p>\n<p>This raises questions about the future of nursing and care in Switzerland:<\/p>\n<p>Who will provide for us in old age - the state or private individuals?<\/p>\n<p>What new needs are emerging, and how can they be met?<\/p>\n<p>Which providers and business models will shape the market in the future?<\/p>\n<p>These questions are answered by the Gottlieb Duttweiler Institute in the study \"Fluid Care: Demand Market versus Welfare Structure\" commissioned by Senesuisse. The study will be published at the \"Fluid Care\" trend meeting.<\/p>\n<p>Thursday, March 17, 2016 from 9:00 a.m. to 5:00 p.m. at GDI.<\/p>\n<p>At the meeting, GDI researchers will discuss with high-level experts, including:<\/p>\n<p>Pascal Strupler, Director Federal Office of Public Health (FOPH)<\/p>\n<p>Prof. Dr. Reimer Gronemeyer, Justus Liebig University Giessen, Germany<\/p>\n<p>Clovis D\u00e9fago, President Senesuisse<\/p>\n<p>You can find more information at <a href=\"http:\/\/gdi.ch\/fluidcare\" target=\"_blank\" data-cke-saved-href=\"http:\/\/gdi.ch\/fluidcare\" rel=\"noopener\">gdi.ch\/fluidcare<\/a><\/p>","protected":false},"excerpt":{"rendered":"<p>Die gesellschaftlichen Anforderungen ver\u00e4ndern sich. Die RentnerInnen der digitalen Gesellschaft wollen mehr Selbstbestimmung, mehr Individualisierung und mehr Komfort. Das wirft Fragen auf nach der Zukunft von Pflege und Betreuung in der Schweiz: Wer sorgt f\u00fcr uns im Alter \u2013 der Staat oder Private? Welche neuen Bed\u00fcrfnisse entstehen, und wie k\u00f6nnen sie befriedigt werden? Welche Anbieter [&hellip;]<\/p>\n","protected":false},"author":1,"featured_media":160,"comment_status":"open","ping_status":"open","sticky":false,"template":"","format":"standard","meta":{"_acf_changed":false,"_yoast_wpseo_focuskw":"GDI Trendgespr\u00e4ch","_yoast_wpseo_metadesc":"GDI Trendgespr\u00e4ch: Unsere Gesellschaft wird immer \u00e4lter. Die Folge ist ein steigender Bedarf an Betreuung und Pflege.","articlekey":"","footnotes":""},"categories":[26],"tags":[148,254],"class_list":["post-159","post","type-post","status-publish","format-standard","has-post-thumbnail","hentry","category-hrm","tag-demografie","tag-hrm"],"acf":[],"yoast_head":"<!-- This site is optimized with the Yoast SEO plugin v27.4 - https:\/\/yoast.com\/product\/yoast-seo-wordpress\/ -->\n<title>GDI-Trendgespr\u00e4ch \u00fcber die \u00e4lterwerdende Gesellschaft - Organisator<\/title>\n<meta name=\"description\" content=\"GDI Trendgespr\u00e4ch: Unsere Gesellschaft wird immer \u00e4lter. Die Folge ist ein steigender Bedarf an Betreuung und Pflege.\" \/>\n<meta name=\"robots\" content=\"index, follow, max-snippet:-1, max-image-preview:large, max-video-preview:-1\" \/>\n<link rel=\"canonical\" href=\"https:\/\/www.organisator.ch\/en\/human-resources\/hrm\/2016-03-01\/gdi-trendgespraech-ueber-die-aelterwerdende-gesellschaft\/\" \/>\n<meta property=\"og:locale\" content=\"en_US\" \/>\n<meta property=\"og:type\" content=\"article\" \/>\n<meta property=\"og:title\" content=\"GDI-Trendgespr\u00e4ch \u00fcber die \u00e4lterwerdende Gesellschaft\" \/>\n<meta property=\"og:description\" content=\"Die demographischen Trends sind eindeutig: Unsere Gesellschaft wird immer \u00e4lter. Die Folge ist ein steigender Bedarf an Betreuung und Pflege, schliesslich auch an neuen Technologien.\" \/>\n<meta property=\"og:url\" content=\"https:\/\/www.organisator.ch\/en\/human-resources\/hrm\/2016-03-01\/gdi-trendgespraech-ueber-die-aelterwerdende-gesellschaft\/\" \/>\n<meta property=\"og:site_name\" content=\"Organisator\" \/>\n<meta property=\"article:publisher\" content=\"https:\/\/www.facebook.com\/OrganisatorFachmagazin\" \/>\n<meta property=\"article:published_time\" content=\"2016-03-01T15:32:32+00:00\" \/>\n<meta name=\"author\" content=\"admin\" \/>\n<meta name=\"twitter:card\" content=\"summary_large_image\" \/>\n<meta name=\"twitter:image\" content=\"https:\/\/www.organisator.ch\/wp-content\/uploads\/2016\/12\/GDI-Trendgespraech-ueber-die-aelterwerdende-Gesellschaft-organisator.jpg\" \/>\n<script type=\"application\/ld+json\" class=\"yoast-schema-graph\">{\"@context\":\"https:\\\/\\\/schema.org\",\"@graph\":[{\"@type\":\"Article\",\"@id\":\"https:\\\/\\\/www.organisator.ch\\\/human-resources\\\/hrm\\\/2016-03-01\\\/gdi-trendgespraech-ueber-die-aelterwerdende-gesellschaft\\\/#article\",\"isPartOf\":{\"@id\":\"https:\\\/\\\/www.organisator.ch\\\/human-resources\\\/hrm\\\/2016-03-01\\\/gdi-trendgespraech-ueber-die-aelterwerdende-gesellschaft\\\/\"},\"author\":{\"name\":\"admin\",\"@id\":\"https:\\\/\\\/www.organisator.ch\\\/#\\\/schema\\\/person\\\/aa2bace6c5c5aad60102004a50c4eb1c\"},\"headline\":\"GDI-Trendgespr\u00e4ch \u00fcber die \u00e4lterwerdende Gesellschaft\",\"datePublished\":\"2016-03-01T15:32:32+00:00\",\"mainEntityOfPage\":{\"@id\":\"https:\\\/\\\/www.organisator.ch\\\/human-resources\\\/hrm\\\/2016-03-01\\\/gdi-trendgespraech-ueber-die-aelterwerdende-gesellschaft\\\/\"},\"wordCount\":150,\"commentCount\":0,\"publisher\":{\"@id\":\"https:\\\/\\\/www.organisator.ch\\\/#organization\"},\"image\":{\"@id\":\"https:\\\/\\\/www.organisator.ch\\\/human-resources\\\/hrm\\\/2016-03-01\\\/gdi-trendgespraech-ueber-die-aelterwerdende-gesellschaft\\\/#primaryimage\"},\"thumbnailUrl\":\"https:\\\/\\\/www.organisator.ch\\\/wp-content\\\/uploads\\\/2016\\\/12\\\/GDI-Trendgespraech-ueber-die-aelterwerdende-Gesellschaft-organisator.jpg\",\"keywords\":[\"Demografie\",\"HRM\"],\"articleSection\":[\"HRM\"],\"inLanguage\":\"en-US\"},{\"@type\":\"WebPage\",\"@id\":\"https:\\\/\\\/www.organisator.ch\\\/human-resources\\\/hrm\\\/2016-03-01\\\/gdi-trendgespraech-ueber-die-aelterwerdende-gesellschaft\\\/\",\"url\":\"https:\\\/\\\/www.organisator.ch\\\/human-resources\\\/hrm\\\/2016-03-01\\\/gdi-trendgespraech-ueber-die-aelterwerdende-gesellschaft\\\/\",\"name\":\"GDI-Trendgespr\u00e4ch \u00fcber die \u00e4lterwerdende Gesellschaft - Organisator\",\"isPartOf\":{\"@id\":\"https:\\\/\\\/www.organisator.ch\\\/#website\"},\"primaryImageOfPage\":{\"@id\":\"https:\\\/\\\/www.organisator.ch\\\/human-resources\\\/hrm\\\/2016-03-01\\\/gdi-trendgespraech-ueber-die-aelterwerdende-gesellschaft\\\/#primaryimage\"},\"image\":{\"@id\":\"https:\\\/\\\/www.organisator.ch\\\/human-resources\\\/hrm\\\/2016-03-01\\\/gdi-trendgespraech-ueber-die-aelterwerdende-gesellschaft\\\/#primaryimage\"},\"thumbnailUrl\":\"https:\\\/\\\/www.organisator.ch\\\/wp-content\\\/uploads\\\/2016\\\/12\\\/GDI-Trendgespraech-ueber-die-aelterwerdende-Gesellschaft-organisator.jpg\",\"datePublished\":\"2016-03-01T15:32:32+00:00\",\"description\":\"GDI Trendgespr\u00e4ch: Unsere Gesellschaft wird immer \u00e4lter. Die Folge ist ein steigender Bedarf an Betreuung und Pflege.\",\"breadcrumb\":{\"@id\":\"https:\\\/\\\/www.organisator.ch\\\/human-resources\\\/hrm\\\/2016-03-01\\\/gdi-trendgespraech-ueber-die-aelterwerdende-gesellschaft\\\/#breadcrumb\"},\"inLanguage\":\"en-US\",\"potentialAction\":[{\"@type\":\"ReadAction\",\"target\":[\"https:\\\/\\\/www.organisator.ch\\\/human-resources\\\/hrm\\\/2016-03-01\\\/gdi-trendgespraech-ueber-die-aelterwerdende-gesellschaft\\\/\"]}]},{\"@type\":\"ImageObject\",\"inLanguage\":\"en-US\",\"@id\":\"https:\\\/\\\/www.organisator.ch\\\/human-resources\\\/hrm\\\/2016-03-01\\\/gdi-trendgespraech-ueber-die-aelterwerdende-gesellschaft\\\/#primaryimage\",\"url\":\"https:\\\/\\\/www.organisator.ch\\\/wp-content\\\/uploads\\\/2016\\\/12\\\/GDI-Trendgespraech-ueber-die-aelterwerdende-Gesellschaft-organisator.jpg\",\"contentUrl\":\"https:\\\/\\\/www.organisator.ch\\\/wp-content\\\/uploads\\\/2016\\\/12\\\/GDI-Trendgespraech-ueber-die-aelterwerdende-Gesellschaft-organisator.jpg\",\"width\":643,\"height\":370},{\"@type\":\"BreadcrumbList\",\"@id\":\"https:\\\/\\\/www.organisator.ch\\\/human-resources\\\/hrm\\\/2016-03-01\\\/gdi-trendgespraech-ueber-die-aelterwerdende-gesellschaft\\\/#breadcrumb\",\"itemListElement\":[{\"@type\":\"ListItem\",\"position\":1,\"name\":\"Home\",\"item\":\"https:\\\/\\\/www.organisator.ch\\\/\"},{\"@type\":\"ListItem\",\"position\":2,\"name\":\"GDI-Trendgespr\u00e4ch \u00fcber die \u00e4lterwerdende Gesellschaft\"}]},{\"@type\":\"WebSite\",\"@id\":\"https:\\\/\\\/www.organisator.ch\\\/#website\",\"url\":\"https:\\\/\\\/www.organisator.ch\\\/\",\"name\":\"Organisator\",\"description\":\"Kompetent. Praxisnah. Der ORGANISATOR bereitet in 10 Ausgaben pro Jahr die wesentlichen Themen f\u00fcr F\u00fchrungskr\u00e4fte von KMU auf.\",\"publisher\":{\"@id\":\"https:\\\/\\\/www.organisator.ch\\\/#organization\"},\"potentialAction\":[{\"@type\":\"SearchAction\",\"target\":{\"@type\":\"EntryPoint\",\"urlTemplate\":\"https:\\\/\\\/www.organisator.ch\\\/?s={search_term_string}\"},\"query-input\":{\"@type\":\"PropertyValueSpecification\",\"valueRequired\":true,\"valueName\":\"search_term_string\"}}],\"inLanguage\":\"en-US\"},{\"@type\":\"Organization\",\"@id\":\"https:\\\/\\\/www.organisator.ch\\\/#organization\",\"name\":\"Organisator\",\"url\":\"https:\\\/\\\/www.organisator.ch\\\/\",\"logo\":{\"@type\":\"ImageObject\",\"inLanguage\":\"en-US\",\"@id\":\"https:\\\/\\\/www.organisator.ch\\\/#\\\/schema\\\/logo\\\/image\\\/\",\"url\":\"https:\\\/\\\/www.organisator.ch\\\/wp-content\\\/uploads\\\/2022\\\/01\\\/Logo_Organisator_Website.png\",\"contentUrl\":\"https:\\\/\\\/www.organisator.ch\\\/wp-content\\\/uploads\\\/2022\\\/01\\\/Logo_Organisator_Website.png\",\"width\":800,\"height\":77,\"caption\":\"Organisator\"},\"image\":{\"@id\":\"https:\\\/\\\/www.organisator.ch\\\/#\\\/schema\\\/logo\\\/image\\\/\"},\"sameAs\":[\"https:\\\/\\\/www.facebook.com\\\/OrganisatorFachmagazin\",\"https:\\\/\\\/www.linkedin.com\\\/showcase\\\/organisator-das-magazin-fr-kmu\",\"https:\\\/\\\/www.xing.com\\\/news\\\/pages\\\/organisator-ch-695\",\"https:\\\/\\\/www.youtube.com\\\/channel\\\/UCGP2Sq0iWaZwT3BdIAQFYpw\"]},{\"@type\":\"Person\",\"@id\":\"https:\\\/\\\/www.organisator.ch\\\/#\\\/schema\\\/person\\\/aa2bace6c5c5aad60102004a50c4eb1c\",\"name\":\"admin\",\"image\":{\"@type\":\"ImageObject\",\"inLanguage\":\"en-US\",\"@id\":\"https:\\\/\\\/secure.gravatar.com\\\/avatar\\\/ae2f4d718e6c49043e314ce431e7e645d646302a24a5ef5a8bc8e3f5a032e319?s=96&d=mm&r=g\",\"url\":\"https:\\\/\\\/secure.gravatar.com\\\/avatar\\\/ae2f4d718e6c49043e314ce431e7e645d646302a24a5ef5a8bc8e3f5a032e319?s=96&d=mm&r=g\",\"contentUrl\":\"https:\\\/\\\/secure.gravatar.com\\\/avatar\\\/ae2f4d718e6c49043e314ce431e7e645d646302a24a5ef5a8bc8e3f5a032e319?s=96&d=mm&r=g\",\"caption\":\"admin\"},\"sameAs\":[\"https:\\\/\\\/www.organisator.ch\"],\"url\":\"https:\\\/\\\/www.organisator.ch\\\/en\\\/author\\\/admin\\\/\"}]}<\/script>\n<!-- \/ Yoast SEO plugin. -->","yoast_head_json":{"title":"GDI Trend Talk on the Aging Society - Organizer","description":"GDI Trend Talk: Our society is getting older and older. The result is an increasing need for care and nursing.","robots":{"index":"index","follow":"follow","max-snippet":"max-snippet:-1","max-image-preview":"max-image-preview:large","max-video-preview":"max-video-preview:-1"},"canonical":"https:\/\/www.organisator.ch\/en\/human-resources\/hrm\/2016-03-01\/gdi-trendgespraech-ueber-die-aelterwerdende-gesellschaft\/","og_locale":"en_US","og_type":"article","og_title":"GDI-Trendgespr\u00e4ch \u00fcber die \u00e4lterwerdende Gesellschaft","og_description":"Die demographischen Trends sind eindeutig: Unsere Gesellschaft wird immer \u00e4lter. Die Folge ist ein steigender Bedarf an Betreuung und Pflege, schliesslich auch an neuen Technologien.","og_url":"https:\/\/www.organisator.ch\/en\/human-resources\/hrm\/2016-03-01\/gdi-trendgespraech-ueber-die-aelterwerdende-gesellschaft\/","og_site_name":"Organisator","article_publisher":"https:\/\/www.facebook.com\/OrganisatorFachmagazin","article_published_time":"2016-03-01T15:32:32+00:00","author":"admin","twitter_card":"summary_large_image","twitter_image":"https:\/\/www.organisator.ch\/wp-content\/uploads\/2016\/12\/GDI-Trendgespraech-ueber-die-aelterwerdende-Gesellschaft-organisator.jpg","schema":{"@context":"https:\/\/schema.org","@graph":[{"@type":"Article","@id":"https:\/\/www.organisator.ch\/human-resources\/hrm\/2016-03-01\/gdi-trendgespraech-ueber-die-aelterwerdende-gesellschaft\/#article","isPartOf":{"@id":"https:\/\/www.organisator.ch\/human-resources\/hrm\/2016-03-01\/gdi-trendgespraech-ueber-die-aelterwerdende-gesellschaft\/"},"author":{"name":"admin","@id":"https:\/\/www.organisator.ch\/#\/schema\/person\/aa2bace6c5c5aad60102004a50c4eb1c"},"headline":"GDI-Trendgespr\u00e4ch \u00fcber die \u00e4lterwerdende Gesellschaft","datePublished":"2016-03-01T15:32:32+00:00","mainEntityOfPage":{"@id":"https:\/\/www.organisator.ch\/human-resources\/hrm\/2016-03-01\/gdi-trendgespraech-ueber-die-aelterwerdende-gesellschaft\/"},"wordCount":150,"commentCount":0,"publisher":{"@id":"https:\/\/www.organisator.ch\/#organization"},"image":{"@id":"https:\/\/www.organisator.ch\/human-resources\/hrm\/2016-03-01\/gdi-trendgespraech-ueber-die-aelterwerdende-gesellschaft\/#primaryimage"},"thumbnailUrl":"https:\/\/www.organisator.ch\/wp-content\/uploads\/2016\/12\/GDI-Trendgespraech-ueber-die-aelterwerdende-Gesellschaft-organisator.jpg","keywords":["Demografie","HRM"],"articleSection":["HRM"],"inLanguage":"en-US"},{"@type":"WebPage","@id":"https:\/\/www.organisator.ch\/human-resources\/hrm\/2016-03-01\/gdi-trendgespraech-ueber-die-aelterwerdende-gesellschaft\/","url":"https:\/\/www.organisator.ch\/human-resources\/hrm\/2016-03-01\/gdi-trendgespraech-ueber-die-aelterwerdende-gesellschaft\/","name":"GDI Trend Talk on the Aging Society - Organizer","isPartOf":{"@id":"https:\/\/www.organisator.ch\/#website"},"primaryImageOfPage":{"@id":"https:\/\/www.organisator.ch\/human-resources\/hrm\/2016-03-01\/gdi-trendgespraech-ueber-die-aelterwerdende-gesellschaft\/#primaryimage"},"image":{"@id":"https:\/\/www.organisator.ch\/human-resources\/hrm\/2016-03-01\/gdi-trendgespraech-ueber-die-aelterwerdende-gesellschaft\/#primaryimage"},"thumbnailUrl":"https:\/\/www.organisator.ch\/wp-content\/uploads\/2016\/12\/GDI-Trendgespraech-ueber-die-aelterwerdende-Gesellschaft-organisator.jpg","datePublished":"2016-03-01T15:32:32+00:00","description":"GDI Trend Talk: Our society is getting older and older. The result is an increasing need for care and nursing.","breadcrumb":{"@id":"https:\/\/www.organisator.ch\/human-resources\/hrm\/2016-03-01\/gdi-trendgespraech-ueber-die-aelterwerdende-gesellschaft\/#breadcrumb"},"inLanguage":"en-US","potentialAction":[{"@type":"ReadAction","target":["https:\/\/www.organisator.ch\/human-resources\/hrm\/2016-03-01\/gdi-trendgespraech-ueber-die-aelterwerdende-gesellschaft\/"]}]},{"@type":"ImageObject","inLanguage":"en-US","@id":"https:\/\/www.organisator.ch\/human-resources\/hrm\/2016-03-01\/gdi-trendgespraech-ueber-die-aelterwerdende-gesellschaft\/#primaryimage","url":"https:\/\/www.organisator.ch\/wp-content\/uploads\/2016\/12\/GDI-Trendgespraech-ueber-die-aelterwerdende-Gesellschaft-organisator.jpg","contentUrl":"https:\/\/www.organisator.ch\/wp-content\/uploads\/2016\/12\/GDI-Trendgespraech-ueber-die-aelterwerdende-Gesellschaft-organisator.jpg","width":643,"height":370},{"@type":"BreadcrumbList","@id":"https:\/\/www.organisator.ch\/human-resources\/hrm\/2016-03-01\/gdi-trendgespraech-ueber-die-aelterwerdende-gesellschaft\/#breadcrumb","itemListElement":[{"@type":"ListItem","position":1,"name":"Home","item":"https:\/\/www.organisator.ch\/"},{"@type":"ListItem","position":2,"name":"GDI-Trendgespr\u00e4ch \u00fcber die \u00e4lterwerdende Gesellschaft"}]},{"@type":"WebSite","@id":"https:\/\/www.organisator.ch\/#website","url":"https:\/\/www.organisator.ch\/","name":"Organizer","description":"Competent. Practical. In 10 issues per year, ORGANISATOR presents the essential topics for managers of SMEs.","publisher":{"@id":"https:\/\/www.organisator.ch\/#organization"},"potentialAction":[{"@type":"SearchAction","target":{"@type":"EntryPoint","urlTemplate":"https:\/\/www.organisator.ch\/?s={search_term_string}"},"query-input":{"@type":"PropertyValueSpecification","valueRequired":true,"valueName":"search_term_string"}}],"inLanguage":"en-US"},{"@type":"Organization","@id":"https:\/\/www.organisator.ch\/#organization","name":"Organizer","url":"https:\/\/www.organisator.ch\/","logo":{"@type":"ImageObject","inLanguage":"en-US","@id":"https:\/\/www.organisator.ch\/#\/schema\/logo\/image\/","url":"https:\/\/www.organisator.ch\/wp-content\/uploads\/2022\/01\/Logo_Organisator_Website.png","contentUrl":"https:\/\/www.organisator.ch\/wp-content\/uploads\/2022\/01\/Logo_Organisator_Website.png","width":800,"height":77,"caption":"Organisator"},"image":{"@id":"https:\/\/www.organisator.ch\/#\/schema\/logo\/image\/"},"sameAs":["https:\/\/www.facebook.com\/OrganisatorFachmagazin","https:\/\/www.linkedin.com\/showcase\/organisator-das-magazin-fr-kmu","https:\/\/www.xing.com\/news\/pages\/organisator-ch-695","https:\/\/www.youtube.com\/channel\/UCGP2Sq0iWaZwT3BdIAQFYpw"]},{"@type":"Person","@id":"https:\/\/www.organisator.ch\/#\/schema\/person\/aa2bace6c5c5aad60102004a50c4eb1c","name":"admin","image":{"@type":"ImageObject","inLanguage":"en-US","@id":"https:\/\/secure.gravatar.com\/avatar\/ae2f4d718e6c49043e314ce431e7e645d646302a24a5ef5a8bc8e3f5a032e319?s=96&d=mm&r=g","url":"https:\/\/secure.gravatar.com\/avatar\/ae2f4d718e6c49043e314ce431e7e645d646302a24a5ef5a8bc8e3f5a032e319?s=96&d=mm&r=g","contentUrl":"https:\/\/secure.gravatar.com\/avatar\/ae2f4d718e6c49043e314ce431e7e645d646302a24a5ef5a8bc8e3f5a032e319?s=96&d=mm&r=g","caption":"admin"},"sameAs":["https:\/\/www.organisator.ch"],"url":"https:\/\/www.organisator.ch\/en\/author\/admin\/"}]}},"_links":{"self":[{"href":"https:\/\/www.organisator.ch\/en\/wp-json\/wp\/v2\/posts\/159","targetHints":{"allow":["GET"]}}],"collection":[{"href":"https:\/\/www.organisator.ch\/en\/wp-json\/wp\/v2\/posts"}],"about":[{"href":"https:\/\/www.organisator.ch\/en\/wp-json\/wp\/v2\/types\/post"}],"author":[{"embeddable":true,"href":"https:\/\/www.organisator.ch\/en\/wp-json\/wp\/v2\/users\/1"}],"replies":[{"embeddable":true,"href":"https:\/\/www.organisator.ch\/en\/wp-json\/wp\/v2\/comments?post=159"}],"version-history":[{"count":0,"href":"https:\/\/www.organisator.ch\/en\/wp-json\/wp\/v2\/posts\/159\/revisions"}],"wp:featuredmedia":[{"embeddable":true,"href":"https:\/\/www.organisator.ch\/en\/wp-json\/wp\/v2\/media\/160"}],"wp:attachment":[{"href":"https:\/\/www.organisator.ch\/en\/wp-json\/wp\/v2\/media?parent=159"}],"wp:term":[{"taxonomy":"category","embeddable":true,"href":"https:\/\/www.organisator.ch\/en\/wp-json\/wp\/v2\/categories?post=159"},{"taxonomy":"post_tag","embeddable":true,"href":"https:\/\/www.organisator.ch\/en\/wp-json\/wp\/v2\/tags?post=159"}],"curies":[{"name":"wp","href":"https:\/\/api.w.org\/{rel}","templated":true}]}}