{"id":1599,"date":"2017-03-08T09:19:49","date_gmt":"2017-03-08T08:19:49","guid":{"rendered":"https:\/\/www.organisator.ch\/?p=1599"},"modified":"2017-03-08T09:19:49","modified_gmt":"2017-03-08T08:19:49","slug":"deutschland-fachkraefte-wuenschen-sich-rueckkehrrecht-auf-vollzeit","status":"publish","type":"post","link":"https:\/\/www.organisator.ch\/en\/human-resources\/hrm\/2017-03-08\/deutschland-fachkraefte-wuenschen-sich-rueckkehrrecht-auf-vollzeit\/","title":{"rendered":"Germany: Skilled workers want right to return to full-time work"},"content":{"rendered":"<figure id=\"attachment_1601\" aria-describedby=\"caption-attachment-1601\" style=\"width: 640px\" class=\"wp-caption alignnone\"><img loading=\"lazy\" decoding=\"async\" class=\"size-full wp-image-1601\" src=\"https:\/\/www.organisator.ch\/wp-content\/uploads\/2017\/03\/Deutschland-Fachkraefte-wuenschen-sich-Rueckkehrrecht-auf-Vollzeit_Organisator.jpg\" alt=\"\" width=\"640\" height=\"427\" srcset=\"https:\/\/www.organisator.ch\/wp-content\/uploads\/2017\/03\/Deutschland-Fachkraefte-wuenschen-sich-Rueckkehrrecht-auf-Vollzeit_Organisator.jpg 640w, https:\/\/www.organisator.ch\/wp-content\/uploads\/2017\/03\/Deutschland-Fachkraefte-wuenschen-sich-Rueckkehrrecht-auf-Vollzeit_Organisator-16x12.jpg 16w, https:\/\/www.organisator.ch\/wp-content\/uploads\/2017\/03\/Deutschland-Fachkraefte-wuenschen-sich-Rueckkehrrecht-auf-Vollzeit_Organisator-262x175.jpg 262w, https:\/\/www.organisator.ch\/wp-content\/uploads\/2017\/03\/Deutschland-Fachkraefte-wuenschen-sich-Rueckkehrrecht-auf-Vollzeit_Organisator-525x350.jpg 525w, https:\/\/www.organisator.ch\/wp-content\/uploads\/2017\/03\/Deutschland-Fachkraefte-wuenschen-sich-Rueckkehrrecht-auf-Vollzeit_Organisator-300x200.jpg 300w\" sizes=\"auto, (max-width: 640px) 100vw, 640px\" \/><figcaption id=\"caption-attachment-1601\" class=\"wp-caption-text\">In Germany, many women want to return to work full-time after parental leave. (Image: Fotolia.com)<\/figcaption><\/figure>\n<p>Nine out of ten employees in Germany want the option of returning from part-time work to a full-time position. This makes such a right the most important measure for skilled workers in Germany to reconcile family and career. This is what the online job exchange StepStone found out in a survey of around 5,000 professionals and managers. The study also shows that 28 percent of the women surveyed have firm plans to take on a management role in the future. Just under 60 percent of all part-time employees believe that they can adequately fill a responsible management position even with reduced hours.<\/p>\n<p><strong>Up to 1.5 million part-time workers would work full time<\/strong><\/p>\n<p>\"Highly qualified women in particular want to make a difference at work - even if they want or have to work part-time temporarily. Our market research has shown that four out of ten women would switch to full-time if childcare could be organized optimally. The willingness to work more has thus increased again by ten percentage points compared to our previous year's survey,\" says Simone Reif, Managing Director at StepStone.de. \"For the economy this is good news, because in times of scarce skilled workers companies are dependent on these women.\" According to StepStone estimates, the number of women who would work full time under the right conditions is up to 1.5 million among specialists and managers alone.<\/p>\n<p><strong>Ways out of the part-time trap <\/strong><\/p>\n<p>Flexible working hours are a must for 95 percent of all respondents. Women would like to receive support from their employer in the form of training to prepare them for a management position and measures to specifically promote part-time employees. Almost two-thirds of female professionals were confronted with other tasks after returning from family leave - 28 percent have since taken on less demanding jobs. More than half of the women believe that the career break has damaged their career. This also has financial consequences: 60 percent expect negative effects on their salary in the long term.<\/p>\n<p><strong>In Switzerland: More female managers<\/strong><\/p>\n<p>In Switzerland, on the other hand, the business community is succeeding in filling significantly more vacancies on its executive boards with women. The proportion of women on the management boards of the 100 largest Swiss employers jumped from 6 % to 8 %, and of all new appointments to management boards, 21 % were female - compared with only 4 % in the previous year. On company boards of directors, 21% of the open mandates were also filled by a woman, bringing the proportion of women there to 17%. This is shown by the latest \"schillingreport\" of the executive search specialist Guido Schilling AG. However, if the Swiss economy does not want to lose touch with the other countries in Western Europe, it must consistently continue on the path it has taken. In the public sector, the comparative body of 24 % female government councillors and 14 % female top executives is significantly further ahead than the private sector.<\/p>\n<p><em>Sources: <a href=\"http:\/\/www.stepstone.de\/\">www.stepstone.de,<\/a> <a href=\"http:\/\/guidoschilling.us14.list-manage.com\/track\/click?u=2625059316923baa9b801790a&amp;id=2a92927cdb&amp;e=6a9c33026a\">www.schillingreport.ch<\/a><\/em><\/p>","protected":false},"excerpt":{"rendered":"<p>Neun von zehn Besch\u00e4ftigten in Deutschland wollen die M\u00f6glichkeit haben, aus der Teilzeitarbeit in eine Vollzeitstelle zur\u00fcckzukehren. Damit ist ein solches Recht f\u00fcr Fachkr\u00e4fte in Deutschland die wichtigste Massnahme zur Vereinbarkeit von Familie und Beruf. Das hat die Online-Jobb\u00f6rse StepStone in einer Befragung von rund 5.000 Fach- und F\u00fchrungskr\u00e4ften herausgefunden. Die Studie zeigt auch: 28 [&hellip;]<\/p>\n","protected":false},"author":4,"featured_media":1601,"comment_status":"open","ping_status":"open","sticky":false,"template":"","format":"standard","meta":{"_acf_changed":false,"_yoast_wpseo_focuskw":"Vollzeit","_yoast_wpseo_metadesc":"In unserem n\u00f6rdlichen Nachbarland wollen viele Fachkr\u00e4fte, die Teilzeit arbeiten, wieder auf Vollzeit wechseln. In der Schweiz sieht es anders aus.","articlekey":"","footnotes":""},"categories":[26],"tags":[254,294,334,459],"class_list":["post-1599","post","type-post","status-publish","format-standard","has-post-thumbnail","hentry","category-hrm","tag-hrm","tag-karriere","tag-management","tag-studie"],"acf":[],"yoast_head":"<!-- This site is optimized with the Yoast SEO plugin v27.5 - https:\/\/yoast.com\/product\/yoast-seo-wordpress\/ -->\n<title>Deutschland: Fachkr\u00e4fte w\u00fcnschen sich R\u00fcckkehrrecht auf Vollzeit - Organisator<\/title>\n<meta name=\"description\" content=\"In unserem n\u00f6rdlichen Nachbarland wollen viele Fachkr\u00e4fte, die Teilzeit arbeiten, wieder auf Vollzeit wechseln. In der Schweiz sieht es anders aus.\" \/>\n<meta name=\"robots\" content=\"index, follow, max-snippet:-1, max-image-preview:large, max-video-preview:-1\" \/>\n<link rel=\"canonical\" href=\"https:\/\/www.organisator.ch\/en\/human-resources\/hrm\/2017-03-08\/deutschland-fachkraefte-wuenschen-sich-rueckkehrrecht-auf-vollzeit\/\" \/>\n<meta property=\"og:locale\" content=\"en_US\" \/>\n<meta property=\"og:type\" content=\"article\" \/>\n<meta property=\"og:title\" content=\"Deutschland: Fachkr\u00e4fte w\u00fcnschen sich R\u00fcckkehrrecht auf Vollzeit\" \/>\n<meta property=\"og:description\" content=\"W\u00e4hrend in der Schweiz viel versucht wird, #Teilzeit-Arbeitsmodelle attraktiver zu machen, sieht es in unserem n\u00f6rdlichen Nachbarland anders aus: Da m\u00f6chten viele Fachkr\u00e4fte, die Teilzeit arbeiten, wieder auf #Vollzeit wechseln.\" \/>\n<meta property=\"og:url\" content=\"https:\/\/www.organisator.ch\/en\/human-resources\/hrm\/2017-03-08\/deutschland-fachkraefte-wuenschen-sich-rueckkehrrecht-auf-vollzeit\/\" \/>\n<meta property=\"og:site_name\" content=\"Organisator\" \/>\n<meta property=\"article:publisher\" content=\"https:\/\/www.facebook.com\/OrganisatorFachmagazin\" \/>\n<meta property=\"article:published_time\" content=\"2017-03-08T08:19:49+00:00\" \/>\n<meta property=\"og:image\" content=\"https:\/\/www.organisator.ch\/wp-content\/uploads\/2017\/03\/Deutschland-Fachkraefte-wuenschen-sich-Rueckkehrrecht-auf-Vollzeit_Organisator.jpg\" \/>\n\t<meta property=\"og:image:width\" content=\"640\" \/>\n\t<meta property=\"og:image:height\" content=\"427\" \/>\n\t<meta property=\"og:image:type\" content=\"image\/jpeg\" \/>\n<meta name=\"author\" content=\"thomas.berner\" \/>\n<meta name=\"twitter:card\" content=\"summary_large_image\" \/>\n<meta name=\"twitter:title\" content=\"Deutschland: Fachkr\u00e4fte w\u00fcnschen sich #R\u00fcckkehrrecht auf #Vollzeit #R\u00fcckkehrrechtaufVollzeit\" \/>\n<meta name=\"twitter:description\" content=\"W\u00e4hrend in der Schweiz viel versucht wird, #Teilzeit-Arbeitsmodelle attraktiver zu machen, sieht es in unserem n\u00f6rdlichen Nachbarland anders aus: Da m\u00f6chten viele Fachkr\u00e4fte, die Teilzeit arbeiten, wieder auf #Vollzeit wechseln.\" \/>\n<meta name=\"twitter:image\" content=\"https:\/\/www.organisator.ch\/wp-content\/uploads\/2017\/03\/Deutschland-Fachkr\u00e4fte-w\u00fcnschen-sich-R\u00fcckkehrrecht-auf-Vollzeit_Organisator.jpg\" \/>\n<script type=\"application\/ld+json\" class=\"yoast-schema-graph\">{\"@context\":\"https:\\\/\\\/schema.org\",\"@graph\":[{\"@type\":\"Article\",\"@id\":\"https:\\\/\\\/www.organisator.ch\\\/human-resources\\\/hrm\\\/2017-03-08\\\/deutschland-fachkraefte-wuenschen-sich-rueckkehrrecht-auf-vollzeit\\\/#article\",\"isPartOf\":{\"@id\":\"https:\\\/\\\/www.organisator.ch\\\/human-resources\\\/hrm\\\/2017-03-08\\\/deutschland-fachkraefte-wuenschen-sich-rueckkehrrecht-auf-vollzeit\\\/\"},\"author\":{\"name\":\"thomas.berner\",\"@id\":\"https:\\\/\\\/www.organisator.ch\\\/#\\\/schema\\\/person\\\/6f650f90b2842cd4c0cc334b4e36f67e\"},\"headline\":\"Deutschland: Fachkr\u00e4fte w\u00fcnschen sich R\u00fcckkehrrecht auf Vollzeit\",\"datePublished\":\"2017-03-08T08:19:49+00:00\",\"mainEntityOfPage\":{\"@id\":\"https:\\\/\\\/www.organisator.ch\\\/human-resources\\\/hrm\\\/2017-03-08\\\/deutschland-fachkraefte-wuenschen-sich-rueckkehrrecht-auf-vollzeit\\\/\"},\"wordCount\":493,\"commentCount\":0,\"publisher\":{\"@id\":\"https:\\\/\\\/www.organisator.ch\\\/#organization\"},\"image\":{\"@id\":\"https:\\\/\\\/www.organisator.ch\\\/human-resources\\\/hrm\\\/2017-03-08\\\/deutschland-fachkraefte-wuenschen-sich-rueckkehrrecht-auf-vollzeit\\\/#primaryimage\"},\"thumbnailUrl\":\"https:\\\/\\\/www.organisator.ch\\\/wp-content\\\/uploads\\\/2017\\\/03\\\/Deutschland-Fachkraefte-wuenschen-sich-Rueckkehrrecht-auf-Vollzeit_Organisator.jpg\",\"keywords\":[\"HRM\",\"Karriere\",\"Management\",\"Studie\"],\"articleSection\":[\"HRM\"],\"inLanguage\":\"en-US\"},{\"@type\":\"WebPage\",\"@id\":\"https:\\\/\\\/www.organisator.ch\\\/human-resources\\\/hrm\\\/2017-03-08\\\/deutschland-fachkraefte-wuenschen-sich-rueckkehrrecht-auf-vollzeit\\\/\",\"url\":\"https:\\\/\\\/www.organisator.ch\\\/human-resources\\\/hrm\\\/2017-03-08\\\/deutschland-fachkraefte-wuenschen-sich-rueckkehrrecht-auf-vollzeit\\\/\",\"name\":\"Deutschland: Fachkr\u00e4fte w\u00fcnschen sich R\u00fcckkehrrecht auf Vollzeit - Organisator\",\"isPartOf\":{\"@id\":\"https:\\\/\\\/www.organisator.ch\\\/#website\"},\"primaryImageOfPage\":{\"@id\":\"https:\\\/\\\/www.organisator.ch\\\/human-resources\\\/hrm\\\/2017-03-08\\\/deutschland-fachkraefte-wuenschen-sich-rueckkehrrecht-auf-vollzeit\\\/#primaryimage\"},\"image\":{\"@id\":\"https:\\\/\\\/www.organisator.ch\\\/human-resources\\\/hrm\\\/2017-03-08\\\/deutschland-fachkraefte-wuenschen-sich-rueckkehrrecht-auf-vollzeit\\\/#primaryimage\"},\"thumbnailUrl\":\"https:\\\/\\\/www.organisator.ch\\\/wp-content\\\/uploads\\\/2017\\\/03\\\/Deutschland-Fachkraefte-wuenschen-sich-Rueckkehrrecht-auf-Vollzeit_Organisator.jpg\",\"datePublished\":\"2017-03-08T08:19:49+00:00\",\"description\":\"In unserem n\u00f6rdlichen Nachbarland wollen viele Fachkr\u00e4fte, die Teilzeit arbeiten, wieder auf Vollzeit wechseln. In der Schweiz sieht es anders aus.\",\"breadcrumb\":{\"@id\":\"https:\\\/\\\/www.organisator.ch\\\/human-resources\\\/hrm\\\/2017-03-08\\\/deutschland-fachkraefte-wuenschen-sich-rueckkehrrecht-auf-vollzeit\\\/#breadcrumb\"},\"inLanguage\":\"en-US\",\"potentialAction\":[{\"@type\":\"ReadAction\",\"target\":[\"https:\\\/\\\/www.organisator.ch\\\/human-resources\\\/hrm\\\/2017-03-08\\\/deutschland-fachkraefte-wuenschen-sich-rueckkehrrecht-auf-vollzeit\\\/\"]}]},{\"@type\":\"ImageObject\",\"inLanguage\":\"en-US\",\"@id\":\"https:\\\/\\\/www.organisator.ch\\\/human-resources\\\/hrm\\\/2017-03-08\\\/deutschland-fachkraefte-wuenschen-sich-rueckkehrrecht-auf-vollzeit\\\/#primaryimage\",\"url\":\"https:\\\/\\\/www.organisator.ch\\\/wp-content\\\/uploads\\\/2017\\\/03\\\/Deutschland-Fachkraefte-wuenschen-sich-Rueckkehrrecht-auf-Vollzeit_Organisator.jpg\",\"contentUrl\":\"https:\\\/\\\/www.organisator.ch\\\/wp-content\\\/uploads\\\/2017\\\/03\\\/Deutschland-Fachkraefte-wuenschen-sich-Rueckkehrrecht-auf-Vollzeit_Organisator.jpg\",\"width\":640,\"height\":427,\"caption\":\"In Deutschland wollen viele Frauen nach der Elternzeit wieder Vollzeit arbeiten. (Bild: Fotolia.com)\"},{\"@type\":\"BreadcrumbList\",\"@id\":\"https:\\\/\\\/www.organisator.ch\\\/human-resources\\\/hrm\\\/2017-03-08\\\/deutschland-fachkraefte-wuenschen-sich-rueckkehrrecht-auf-vollzeit\\\/#breadcrumb\",\"itemListElement\":[{\"@type\":\"ListItem\",\"position\":1,\"name\":\"Home\",\"item\":\"https:\\\/\\\/www.organisator.ch\\\/\"},{\"@type\":\"ListItem\",\"position\":2,\"name\":\"Deutschland: Fachkr\u00e4fte w\u00fcnschen sich R\u00fcckkehrrecht auf Vollzeit\"}]},{\"@type\":\"WebSite\",\"@id\":\"https:\\\/\\\/www.organisator.ch\\\/#website\",\"url\":\"https:\\\/\\\/www.organisator.ch\\\/\",\"name\":\"Organisator\",\"description\":\"Kompetent. Praxisnah. Der ORGANISATOR bereitet in 10 Ausgaben pro Jahr die wesentlichen Themen f\u00fcr F\u00fchrungskr\u00e4fte von KMU auf.\",\"publisher\":{\"@id\":\"https:\\\/\\\/www.organisator.ch\\\/#organization\"},\"potentialAction\":[{\"@type\":\"SearchAction\",\"target\":{\"@type\":\"EntryPoint\",\"urlTemplate\":\"https:\\\/\\\/www.organisator.ch\\\/?s={search_term_string}\"},\"query-input\":{\"@type\":\"PropertyValueSpecification\",\"valueRequired\":true,\"valueName\":\"search_term_string\"}}],\"inLanguage\":\"en-US\"},{\"@type\":\"Organization\",\"@id\":\"https:\\\/\\\/www.organisator.ch\\\/#organization\",\"name\":\"Organisator\",\"url\":\"https:\\\/\\\/www.organisator.ch\\\/\",\"logo\":{\"@type\":\"ImageObject\",\"inLanguage\":\"en-US\",\"@id\":\"https:\\\/\\\/www.organisator.ch\\\/#\\\/schema\\\/logo\\\/image\\\/\",\"url\":\"https:\\\/\\\/www.organisator.ch\\\/wp-content\\\/uploads\\\/2022\\\/01\\\/Logo_Organisator_Website.png\",\"contentUrl\":\"https:\\\/\\\/www.organisator.ch\\\/wp-content\\\/uploads\\\/2022\\\/01\\\/Logo_Organisator_Website.png\",\"width\":800,\"height\":77,\"caption\":\"Organisator\"},\"image\":{\"@id\":\"https:\\\/\\\/www.organisator.ch\\\/#\\\/schema\\\/logo\\\/image\\\/\"},\"sameAs\":[\"https:\\\/\\\/www.facebook.com\\\/OrganisatorFachmagazin\",\"https:\\\/\\\/www.linkedin.com\\\/showcase\\\/organisator-das-magazin-fr-kmu\",\"https:\\\/\\\/www.xing.com\\\/news\\\/pages\\\/organisator-ch-695\",\"https:\\\/\\\/www.youtube.com\\\/channel\\\/UCGP2Sq0iWaZwT3BdIAQFYpw\"]},{\"@type\":\"Person\",\"@id\":\"https:\\\/\\\/www.organisator.ch\\\/#\\\/schema\\\/person\\\/6f650f90b2842cd4c0cc334b4e36f67e\",\"name\":\"thomas.berner\",\"image\":{\"@type\":\"ImageObject\",\"inLanguage\":\"en-US\",\"@id\":\"https:\\\/\\\/secure.gravatar.com\\\/avatar\\\/ac5001d2a36cb6c6cd3e50789007ffca834b477b74a2144564522e944eabff61?s=96&d=mm&r=g\",\"url\":\"https:\\\/\\\/secure.gravatar.com\\\/avatar\\\/ac5001d2a36cb6c6cd3e50789007ffca834b477b74a2144564522e944eabff61?s=96&d=mm&r=g\",\"contentUrl\":\"https:\\\/\\\/secure.gravatar.com\\\/avatar\\\/ac5001d2a36cb6c6cd3e50789007ffca834b477b74a2144564522e944eabff61?s=96&d=mm&r=g\",\"caption\":\"thomas.berner\"},\"url\":\"https:\\\/\\\/www.organisator.ch\\\/en\\\/author\\\/thomas-berner\\\/\"}]}<\/script>\n<!-- \/ Yoast SEO plugin. -->","yoast_head_json":{"title":"Germany: Professionals want right to return to full-time work - Organizer","description":"In our neighboring country to the north, many professionals who work part-time want to switch back to full-time. In Switzerland, the situation is different.","robots":{"index":"index","follow":"follow","max-snippet":"max-snippet:-1","max-image-preview":"max-image-preview:large","max-video-preview":"max-video-preview:-1"},"canonical":"https:\/\/www.organisator.ch\/en\/human-resources\/hrm\/2017-03-08\/deutschland-fachkraefte-wuenschen-sich-rueckkehrrecht-auf-vollzeit\/","og_locale":"en_US","og_type":"article","og_title":"Deutschland: Fachkr\u00e4fte w\u00fcnschen sich R\u00fcckkehrrecht auf Vollzeit","og_description":"W\u00e4hrend in der Schweiz viel versucht wird, #Teilzeit-Arbeitsmodelle attraktiver zu machen, sieht es in unserem n\u00f6rdlichen Nachbarland anders aus: Da m\u00f6chten viele Fachkr\u00e4fte, die Teilzeit arbeiten, wieder auf #Vollzeit wechseln.","og_url":"https:\/\/www.organisator.ch\/en\/human-resources\/hrm\/2017-03-08\/deutschland-fachkraefte-wuenschen-sich-rueckkehrrecht-auf-vollzeit\/","og_site_name":"Organisator","article_publisher":"https:\/\/www.facebook.com\/OrganisatorFachmagazin","article_published_time":"2017-03-08T08:19:49+00:00","og_image":[{"width":640,"height":427,"url":"https:\/\/www.organisator.ch\/wp-content\/uploads\/2017\/03\/Deutschland-Fachkraefte-wuenschen-sich-Rueckkehrrecht-auf-Vollzeit_Organisator.jpg","type":"image\/jpeg"}],"author":"thomas.berner","twitter_card":"summary_large_image","twitter_title":"Deutschland: Fachkr\u00e4fte w\u00fcnschen sich #R\u00fcckkehrrecht auf #Vollzeit #R\u00fcckkehrrechtaufVollzeit","twitter_description":"W\u00e4hrend in der Schweiz viel versucht wird, #Teilzeit-Arbeitsmodelle attraktiver zu machen, sieht es in unserem n\u00f6rdlichen Nachbarland anders aus: Da m\u00f6chten viele Fachkr\u00e4fte, die Teilzeit arbeiten, wieder auf #Vollzeit wechseln.","twitter_image":"https:\/\/www.organisator.ch\/wp-content\/uploads\/2017\/03\/Deutschland-Fachkr\u00e4fte-w\u00fcnschen-sich-R\u00fcckkehrrecht-auf-Vollzeit_Organisator.jpg","schema":{"@context":"https:\/\/schema.org","@graph":[{"@type":"Article","@id":"https:\/\/www.organisator.ch\/human-resources\/hrm\/2017-03-08\/deutschland-fachkraefte-wuenschen-sich-rueckkehrrecht-auf-vollzeit\/#article","isPartOf":{"@id":"https:\/\/www.organisator.ch\/human-resources\/hrm\/2017-03-08\/deutschland-fachkraefte-wuenschen-sich-rueckkehrrecht-auf-vollzeit\/"},"author":{"name":"thomas.berner","@id":"https:\/\/www.organisator.ch\/#\/schema\/person\/6f650f90b2842cd4c0cc334b4e36f67e"},"headline":"Deutschland: Fachkr\u00e4fte w\u00fcnschen sich R\u00fcckkehrrecht auf Vollzeit","datePublished":"2017-03-08T08:19:49+00:00","mainEntityOfPage":{"@id":"https:\/\/www.organisator.ch\/human-resources\/hrm\/2017-03-08\/deutschland-fachkraefte-wuenschen-sich-rueckkehrrecht-auf-vollzeit\/"},"wordCount":493,"commentCount":0,"publisher":{"@id":"https:\/\/www.organisator.ch\/#organization"},"image":{"@id":"https:\/\/www.organisator.ch\/human-resources\/hrm\/2017-03-08\/deutschland-fachkraefte-wuenschen-sich-rueckkehrrecht-auf-vollzeit\/#primaryimage"},"thumbnailUrl":"https:\/\/www.organisator.ch\/wp-content\/uploads\/2017\/03\/Deutschland-Fachkraefte-wuenschen-sich-Rueckkehrrecht-auf-Vollzeit_Organisator.jpg","keywords":["HRM","Karriere","Management","Studie"],"articleSection":["HRM"],"inLanguage":"en-US"},{"@type":"WebPage","@id":"https:\/\/www.organisator.ch\/human-resources\/hrm\/2017-03-08\/deutschland-fachkraefte-wuenschen-sich-rueckkehrrecht-auf-vollzeit\/","url":"https:\/\/www.organisator.ch\/human-resources\/hrm\/2017-03-08\/deutschland-fachkraefte-wuenschen-sich-rueckkehrrecht-auf-vollzeit\/","name":"Germany: Professionals want right to return to full-time work - Organizer","isPartOf":{"@id":"https:\/\/www.organisator.ch\/#website"},"primaryImageOfPage":{"@id":"https:\/\/www.organisator.ch\/human-resources\/hrm\/2017-03-08\/deutschland-fachkraefte-wuenschen-sich-rueckkehrrecht-auf-vollzeit\/#primaryimage"},"image":{"@id":"https:\/\/www.organisator.ch\/human-resources\/hrm\/2017-03-08\/deutschland-fachkraefte-wuenschen-sich-rueckkehrrecht-auf-vollzeit\/#primaryimage"},"thumbnailUrl":"https:\/\/www.organisator.ch\/wp-content\/uploads\/2017\/03\/Deutschland-Fachkraefte-wuenschen-sich-Rueckkehrrecht-auf-Vollzeit_Organisator.jpg","datePublished":"2017-03-08T08:19:49+00:00","description":"In our neighboring country to the north, many professionals who work part-time want to switch back to full-time. In Switzerland, the situation is different.","breadcrumb":{"@id":"https:\/\/www.organisator.ch\/human-resources\/hrm\/2017-03-08\/deutschland-fachkraefte-wuenschen-sich-rueckkehrrecht-auf-vollzeit\/#breadcrumb"},"inLanguage":"en-US","potentialAction":[{"@type":"ReadAction","target":["https:\/\/www.organisator.ch\/human-resources\/hrm\/2017-03-08\/deutschland-fachkraefte-wuenschen-sich-rueckkehrrecht-auf-vollzeit\/"]}]},{"@type":"ImageObject","inLanguage":"en-US","@id":"https:\/\/www.organisator.ch\/human-resources\/hrm\/2017-03-08\/deutschland-fachkraefte-wuenschen-sich-rueckkehrrecht-auf-vollzeit\/#primaryimage","url":"https:\/\/www.organisator.ch\/wp-content\/uploads\/2017\/03\/Deutschland-Fachkraefte-wuenschen-sich-Rueckkehrrecht-auf-Vollzeit_Organisator.jpg","contentUrl":"https:\/\/www.organisator.ch\/wp-content\/uploads\/2017\/03\/Deutschland-Fachkraefte-wuenschen-sich-Rueckkehrrecht-auf-Vollzeit_Organisator.jpg","width":640,"height":427,"caption":"In Deutschland wollen viele Frauen nach der Elternzeit wieder Vollzeit arbeiten. (Bild: Fotolia.com)"},{"@type":"BreadcrumbList","@id":"https:\/\/www.organisator.ch\/human-resources\/hrm\/2017-03-08\/deutschland-fachkraefte-wuenschen-sich-rueckkehrrecht-auf-vollzeit\/#breadcrumb","itemListElement":[{"@type":"ListItem","position":1,"name":"Home","item":"https:\/\/www.organisator.ch\/"},{"@type":"ListItem","position":2,"name":"Deutschland: Fachkr\u00e4fte w\u00fcnschen sich R\u00fcckkehrrecht auf Vollzeit"}]},{"@type":"WebSite","@id":"https:\/\/www.organisator.ch\/#website","url":"https:\/\/www.organisator.ch\/","name":"Organizer","description":"Competent. Practical. In 10 issues per year, ORGANISATOR presents the essential topics for managers of SMEs.","publisher":{"@id":"https:\/\/www.organisator.ch\/#organization"},"potentialAction":[{"@type":"SearchAction","target":{"@type":"EntryPoint","urlTemplate":"https:\/\/www.organisator.ch\/?s={search_term_string}"},"query-input":{"@type":"PropertyValueSpecification","valueRequired":true,"valueName":"search_term_string"}}],"inLanguage":"en-US"},{"@type":"Organization","@id":"https:\/\/www.organisator.ch\/#organization","name":"Organizer","url":"https:\/\/www.organisator.ch\/","logo":{"@type":"ImageObject","inLanguage":"en-US","@id":"https:\/\/www.organisator.ch\/#\/schema\/logo\/image\/","url":"https:\/\/www.organisator.ch\/wp-content\/uploads\/2022\/01\/Logo_Organisator_Website.png","contentUrl":"https:\/\/www.organisator.ch\/wp-content\/uploads\/2022\/01\/Logo_Organisator_Website.png","width":800,"height":77,"caption":"Organisator"},"image":{"@id":"https:\/\/www.organisator.ch\/#\/schema\/logo\/image\/"},"sameAs":["https:\/\/www.facebook.com\/OrganisatorFachmagazin","https:\/\/www.linkedin.com\/showcase\/organisator-das-magazin-fr-kmu","https:\/\/www.xing.com\/news\/pages\/organisator-ch-695","https:\/\/www.youtube.com\/channel\/UCGP2Sq0iWaZwT3BdIAQFYpw"]},{"@type":"Person","@id":"https:\/\/www.organisator.ch\/#\/schema\/person\/6f650f90b2842cd4c0cc334b4e36f67e","name":"thomas.berner","image":{"@type":"ImageObject","inLanguage":"en-US","@id":"https:\/\/secure.gravatar.com\/avatar\/ac5001d2a36cb6c6cd3e50789007ffca834b477b74a2144564522e944eabff61?s=96&d=mm&r=g","url":"https:\/\/secure.gravatar.com\/avatar\/ac5001d2a36cb6c6cd3e50789007ffca834b477b74a2144564522e944eabff61?s=96&d=mm&r=g","contentUrl":"https:\/\/secure.gravatar.com\/avatar\/ac5001d2a36cb6c6cd3e50789007ffca834b477b74a2144564522e944eabff61?s=96&d=mm&r=g","caption":"thomas.berner"},"url":"https:\/\/www.organisator.ch\/en\/author\/thomas-berner\/"}]}},"_links":{"self":[{"href":"https:\/\/www.organisator.ch\/en\/wp-json\/wp\/v2\/posts\/1599","targetHints":{"allow":["GET"]}}],"collection":[{"href":"https:\/\/www.organisator.ch\/en\/wp-json\/wp\/v2\/posts"}],"about":[{"href":"https:\/\/www.organisator.ch\/en\/wp-json\/wp\/v2\/types\/post"}],"author":[{"embeddable":true,"href":"https:\/\/www.organisator.ch\/en\/wp-json\/wp\/v2\/users\/4"}],"replies":[{"embeddable":true,"href":"https:\/\/www.organisator.ch\/en\/wp-json\/wp\/v2\/comments?post=1599"}],"version-history":[{"count":0,"href":"https:\/\/www.organisator.ch\/en\/wp-json\/wp\/v2\/posts\/1599\/revisions"}],"wp:featuredmedia":[{"embeddable":true,"href":"https:\/\/www.organisator.ch\/en\/wp-json\/wp\/v2\/media\/1601"}],"wp:attachment":[{"href":"https:\/\/www.organisator.ch\/en\/wp-json\/wp\/v2\/media?parent=1599"}],"wp:term":[{"taxonomy":"category","embeddable":true,"href":"https:\/\/www.organisator.ch\/en\/wp-json\/wp\/v2\/categories?post=1599"},{"taxonomy":"post_tag","embeddable":true,"href":"https:\/\/www.organisator.ch\/en\/wp-json\/wp\/v2\/tags?post=1599"}],"curies":[{"name":"wp","href":"https:\/\/api.w.org\/{rel}","templated":true}]}}