{"id":1630,"date":"2017-03-10T17:22:53","date_gmt":"2017-03-10T16:22:53","guid":{"rendered":"https:\/\/www.organisator.ch\/?p=1630"},"modified":"2017-03-10T17:22:53","modified_gmt":"2017-03-10T16:22:53","slug":"abacus-schliesst-2016-mit-zweistelligen-wachstumsraten-ab","status":"publish","type":"post","link":"https:\/\/www.organisator.ch\/en\/management\/it\/2017-03-10\/abacus-schliesst-2016-mit-zweistelligen-wachstumsraten-ab\/","title":{"rendered":"Abacus closes 2016 with double-digit growth rates"},"content":{"rendered":"<figure id=\"attachment_1631\" aria-describedby=\"caption-attachment-1631\" style=\"width: 640px\" class=\"wp-caption alignnone\"><img loading=\"lazy\" decoding=\"async\" class=\"size-full wp-image-1631\" src=\"https:\/\/www.organisator.ch\/wp-content\/uploads\/2017\/03\/Abacus-schliesst-2016-mit-zweistelligen-Wachstumsraten-ab_Organisator.jpg\" alt=\"\" width=\"640\" height=\"424\" srcset=\"https:\/\/www.organisator.ch\/wp-content\/uploads\/2017\/03\/Abacus-schliesst-2016-mit-zweistelligen-Wachstumsraten-ab_Organisator.jpg 640w, https:\/\/www.organisator.ch\/wp-content\/uploads\/2017\/03\/Abacus-schliesst-2016-mit-zweistelligen-Wachstumsraten-ab_Organisator-16x12.jpg 16w, https:\/\/www.organisator.ch\/wp-content\/uploads\/2017\/03\/Abacus-schliesst-2016-mit-zweistelligen-Wachstumsraten-ab_Organisator-264x175.jpg 264w, https:\/\/www.organisator.ch\/wp-content\/uploads\/2017\/03\/Abacus-schliesst-2016-mit-zweistelligen-Wachstumsraten-ab_Organisator-528x350.jpg 528w, https:\/\/www.organisator.ch\/wp-content\/uploads\/2017\/03\/Abacus-schliesst-2016-mit-zweistelligen-Wachstumsraten-ab_Organisator-300x199.jpg 300w\" sizes=\"auto, (max-width: 640px) 100vw, 640px\" \/><figcaption id=\"caption-attachment-1631\" class=\"wp-caption-text\">The Abacus headquarters in Wittenbach \/ St. Gallen (Photo: PD \/ Daniel Ammann)<\/figcaption><\/figure>\n<p>Abacus was once again able to maintain its leading position in the Swiss market for business software last year, according to a media release sent out on March 9. The solutions are in demand as never before, even in \"times of digitalization\". Last year, more than 4,600 subscriptions were sold for the latest products for mobile applications alone, such as the app for recording working hours and benefits, as well as expense reporting, which allows business processes to be handled electronically from A to Z without media discontinuity, according to Abacus.<\/p>\n<p>The use of Abacus software from the cloud continues to be highly popular. Sales of web subscriptions for the corresponding rental programs increased by 24.5 percent last year compared to the previous year. Since its launch ten years ago, a total of over 15,600 program subscriptions have been purchased by SMEs. There has also been a marked increase in the business with new program licenses. This segment had grown by 43 percent compared to 2015. In total, 350 SMEs decided to use Abacus Business Software for the first time last year. The various industry solutions contributed significantly to this increase in sales, the report continues. In the \"Public Sector\" segment alone, 35 municipalities switched to the financial software of this Swiss software manufacturer.<\/p>\n<p>As has been the case since its beginnings more than 30 years ago, sales of the business software continue to be handled by partner companies. The \"best list\" for the sale of new software licenses is headed by Axept Business Software, ahead of BDO and All Consulting. Claudio Hintermann, CEO of Abacus Research, comments with satisfaction on the good business performance: \"The investments we have made in new technologies for mobile and cloud-based applications are beginning to bear fruit. However, this is only an intermediate step, as there are currently many other developments in the pipeline.\"<\/p>\n<p align=\"LEFT\"><em><a href=\"http:\/\/www.abacus.ch\">Source<\/a><\/em><\/p>\n<p>&nbsp;<\/p>\n<p>&nbsp;<\/p>","protected":false},"excerpt":{"rendered":"<p>Abacus konnte seine f\u00fchrende Stellung im Schweizer Markt f\u00fcr Business Software erneut auch im letzten Jahr behaupten, wie es in der am 9. M\u00e4rz versandten Medienmitteilung heisst. Die L\u00f6sungen seien auch in &#8222;Zeiten der Digitalisierung&#8220; gefragt wie nie zuvor. Allein von den j\u00fcngsten Produkten f\u00fcr Mobilanwendungen wie etwa der App zur Arbeitszeit- und Leistungserfassung sowie [&hellip;]<\/p>\n","protected":false},"author":4,"featured_media":1631,"comment_status":"open","ping_status":"open","sticky":false,"template":"","format":"standard","meta":{"_acf_changed":false,"_yoast_wpseo_focuskw":"Abacus","_yoast_wpseo_metadesc":"Der Schweizer Business Software-Pionier Abacus Research hat 2016 seinen konsolidierten Gesamtumsatz gegenu\u0308ber dem Vorjahr um 10,8 Prozent erho\u0308ht.","articlekey":"","footnotes":""},"categories":[27],"tags":[202,286,288,492],"class_list":["post-1630","post","type-post","status-publish","format-standard","has-post-thumbnail","hentry","category-it","tag-finanzenrecht","tag-it","tag-it-business-software","tag-unternehmen"],"acf":[],"yoast_head":"<!-- This site is optimized with the Yoast SEO plugin v27.4 - https:\/\/yoast.com\/product\/yoast-seo-wordpress\/ -->\n<title>Abacus schliesst 2016 mit zweistelligen Wachstumsraten ab - Organisator<\/title>\n<meta name=\"description\" content=\"Der Schweizer Business Software-Pionier Abacus Research hat 2016 seinen konsolidierten Gesamtumsatz gegenu\u0308ber dem Vorjahr um 10,8 Prozent erho\u0308ht.\" \/>\n<meta name=\"robots\" content=\"index, follow, max-snippet:-1, max-image-preview:large, max-video-preview:-1\" \/>\n<link rel=\"canonical\" href=\"https:\/\/www.organisator.ch\/en\/management\/it\/2017-03-10\/abacus-schliesst-2016-mit-zweistelligen-wachstumsraten-ab\/\" \/>\n<meta property=\"og:locale\" content=\"en_US\" \/>\n<meta property=\"og:type\" content=\"article\" \/>\n<meta property=\"og:title\" content=\"Abacus schliesst 2016 mit zweistelligen Wachstumsraten ab\" \/>\n<meta property=\"og:description\" content=\"Der Schweizer Pionier in Sachen Business Software #AbacusResearch hat 2016 seinen konsolidierten Gesamtumsatz gegenu\u0308ber dem Vorjahr um 10,8 Prozent erho\u0308ht. Auch bei der Anzahl der Besch\u00e4ftigten ist ein Wachstum zu verzeichnen.\" \/>\n<meta property=\"og:url\" content=\"https:\/\/www.organisator.ch\/en\/management\/it\/2017-03-10\/abacus-schliesst-2016-mit-zweistelligen-wachstumsraten-ab\/\" \/>\n<meta property=\"og:site_name\" content=\"Organisator\" \/>\n<meta property=\"article:publisher\" content=\"https:\/\/www.facebook.com\/OrganisatorFachmagazin\" \/>\n<meta property=\"article:published_time\" content=\"2017-03-10T16:22:53+00:00\" \/>\n<meta property=\"og:image\" content=\"https:\/\/www.organisator.ch\/wp-content\/uploads\/2017\/03\/Abacus-schliesst-2016-mit-zweistelligen-Wachstumsraten-ab_Organisator.jpg\" \/>\n\t<meta property=\"og:image:width\" content=\"640\" \/>\n\t<meta property=\"og:image:height\" content=\"424\" \/>\n\t<meta property=\"og:image:type\" content=\"image\/jpeg\" \/>\n<meta name=\"author\" content=\"thomas.berner\" \/>\n<meta name=\"twitter:card\" content=\"summary_large_image\" \/>\n<script type=\"application\/ld+json\" class=\"yoast-schema-graph\">{\"@context\":\"https:\\\/\\\/schema.org\",\"@graph\":[{\"@type\":\"Article\",\"@id\":\"https:\\\/\\\/www.organisator.ch\\\/management\\\/it\\\/2017-03-10\\\/abacus-schliesst-2016-mit-zweistelligen-wachstumsraten-ab\\\/#article\",\"isPartOf\":{\"@id\":\"https:\\\/\\\/www.organisator.ch\\\/management\\\/it\\\/2017-03-10\\\/abacus-schliesst-2016-mit-zweistelligen-wachstumsraten-ab\\\/\"},\"author\":{\"name\":\"thomas.berner\",\"@id\":\"https:\\\/\\\/www.organisator.ch\\\/#\\\/schema\\\/person\\\/6f650f90b2842cd4c0cc334b4e36f67e\"},\"headline\":\"Abacus schliesst 2016 mit zweistelligen Wachstumsraten ab\",\"datePublished\":\"2017-03-10T16:22:53+00:00\",\"mainEntityOfPage\":{\"@id\":\"https:\\\/\\\/www.organisator.ch\\\/management\\\/it\\\/2017-03-10\\\/abacus-schliesst-2016-mit-zweistelligen-wachstumsraten-ab\\\/\"},\"wordCount\":316,\"commentCount\":0,\"publisher\":{\"@id\":\"https:\\\/\\\/www.organisator.ch\\\/#organization\"},\"image\":{\"@id\":\"https:\\\/\\\/www.organisator.ch\\\/management\\\/it\\\/2017-03-10\\\/abacus-schliesst-2016-mit-zweistelligen-wachstumsraten-ab\\\/#primaryimage\"},\"thumbnailUrl\":\"https:\\\/\\\/www.organisator.ch\\\/wp-content\\\/uploads\\\/2017\\\/03\\\/Abacus-schliesst-2016-mit-zweistelligen-Wachstumsraten-ab_Organisator.jpg\",\"keywords\":[\"Finanzen\\\/Recht\",\"IT\",\"IT &amp; Business Software\",\"Unternehmen\"],\"articleSection\":[\"IT\"],\"inLanguage\":\"en-US\"},{\"@type\":\"WebPage\",\"@id\":\"https:\\\/\\\/www.organisator.ch\\\/management\\\/it\\\/2017-03-10\\\/abacus-schliesst-2016-mit-zweistelligen-wachstumsraten-ab\\\/\",\"url\":\"https:\\\/\\\/www.organisator.ch\\\/management\\\/it\\\/2017-03-10\\\/abacus-schliesst-2016-mit-zweistelligen-wachstumsraten-ab\\\/\",\"name\":\"Abacus schliesst 2016 mit zweistelligen Wachstumsraten ab - Organisator\",\"isPartOf\":{\"@id\":\"https:\\\/\\\/www.organisator.ch\\\/#website\"},\"primaryImageOfPage\":{\"@id\":\"https:\\\/\\\/www.organisator.ch\\\/management\\\/it\\\/2017-03-10\\\/abacus-schliesst-2016-mit-zweistelligen-wachstumsraten-ab\\\/#primaryimage\"},\"image\":{\"@id\":\"https:\\\/\\\/www.organisator.ch\\\/management\\\/it\\\/2017-03-10\\\/abacus-schliesst-2016-mit-zweistelligen-wachstumsraten-ab\\\/#primaryimage\"},\"thumbnailUrl\":\"https:\\\/\\\/www.organisator.ch\\\/wp-content\\\/uploads\\\/2017\\\/03\\\/Abacus-schliesst-2016-mit-zweistelligen-Wachstumsraten-ab_Organisator.jpg\",\"datePublished\":\"2017-03-10T16:22:53+00:00\",\"description\":\"Der Schweizer Business Software-Pionier Abacus Research hat 2016 seinen konsolidierten Gesamtumsatz gegenu\u0308ber dem Vorjahr um 10,8 Prozent erho\u0308ht.\",\"breadcrumb\":{\"@id\":\"https:\\\/\\\/www.organisator.ch\\\/management\\\/it\\\/2017-03-10\\\/abacus-schliesst-2016-mit-zweistelligen-wachstumsraten-ab\\\/#breadcrumb\"},\"inLanguage\":\"en-US\",\"potentialAction\":[{\"@type\":\"ReadAction\",\"target\":[\"https:\\\/\\\/www.organisator.ch\\\/management\\\/it\\\/2017-03-10\\\/abacus-schliesst-2016-mit-zweistelligen-wachstumsraten-ab\\\/\"]}]},{\"@type\":\"ImageObject\",\"inLanguage\":\"en-US\",\"@id\":\"https:\\\/\\\/www.organisator.ch\\\/management\\\/it\\\/2017-03-10\\\/abacus-schliesst-2016-mit-zweistelligen-wachstumsraten-ab\\\/#primaryimage\",\"url\":\"https:\\\/\\\/www.organisator.ch\\\/wp-content\\\/uploads\\\/2017\\\/03\\\/Abacus-schliesst-2016-mit-zweistelligen-Wachstumsraten-ab_Organisator.jpg\",\"contentUrl\":\"https:\\\/\\\/www.organisator.ch\\\/wp-content\\\/uploads\\\/2017\\\/03\\\/Abacus-schliesst-2016-mit-zweistelligen-Wachstumsraten-ab_Organisator.jpg\",\"width\":640,\"height\":424,\"caption\":\"Der Hauptsitz von Abacus in Wittenbach \\\/ St. Gallen (Foto: Daniel Ammann)\"},{\"@type\":\"BreadcrumbList\",\"@id\":\"https:\\\/\\\/www.organisator.ch\\\/management\\\/it\\\/2017-03-10\\\/abacus-schliesst-2016-mit-zweistelligen-wachstumsraten-ab\\\/#breadcrumb\",\"itemListElement\":[{\"@type\":\"ListItem\",\"position\":1,\"name\":\"Home\",\"item\":\"https:\\\/\\\/www.organisator.ch\\\/\"},{\"@type\":\"ListItem\",\"position\":2,\"name\":\"Abacus schliesst 2016 mit zweistelligen Wachstumsraten ab\"}]},{\"@type\":\"WebSite\",\"@id\":\"https:\\\/\\\/www.organisator.ch\\\/#website\",\"url\":\"https:\\\/\\\/www.organisator.ch\\\/\",\"name\":\"Organisator\",\"description\":\"Kompetent. Praxisnah. Der ORGANISATOR bereitet in 10 Ausgaben pro Jahr die wesentlichen Themen f\u00fcr F\u00fchrungskr\u00e4fte von KMU auf.\",\"publisher\":{\"@id\":\"https:\\\/\\\/www.organisator.ch\\\/#organization\"},\"potentialAction\":[{\"@type\":\"SearchAction\",\"target\":{\"@type\":\"EntryPoint\",\"urlTemplate\":\"https:\\\/\\\/www.organisator.ch\\\/?s={search_term_string}\"},\"query-input\":{\"@type\":\"PropertyValueSpecification\",\"valueRequired\":true,\"valueName\":\"search_term_string\"}}],\"inLanguage\":\"en-US\"},{\"@type\":\"Organization\",\"@id\":\"https:\\\/\\\/www.organisator.ch\\\/#organization\",\"name\":\"Organisator\",\"url\":\"https:\\\/\\\/www.organisator.ch\\\/\",\"logo\":{\"@type\":\"ImageObject\",\"inLanguage\":\"en-US\",\"@id\":\"https:\\\/\\\/www.organisator.ch\\\/#\\\/schema\\\/logo\\\/image\\\/\",\"url\":\"https:\\\/\\\/www.organisator.ch\\\/wp-content\\\/uploads\\\/2022\\\/01\\\/Logo_Organisator_Website.png\",\"contentUrl\":\"https:\\\/\\\/www.organisator.ch\\\/wp-content\\\/uploads\\\/2022\\\/01\\\/Logo_Organisator_Website.png\",\"width\":800,\"height\":77,\"caption\":\"Organisator\"},\"image\":{\"@id\":\"https:\\\/\\\/www.organisator.ch\\\/#\\\/schema\\\/logo\\\/image\\\/\"},\"sameAs\":[\"https:\\\/\\\/www.facebook.com\\\/OrganisatorFachmagazin\",\"https:\\\/\\\/www.linkedin.com\\\/showcase\\\/organisator-das-magazin-fr-kmu\",\"https:\\\/\\\/www.xing.com\\\/news\\\/pages\\\/organisator-ch-695\",\"https:\\\/\\\/www.youtube.com\\\/channel\\\/UCGP2Sq0iWaZwT3BdIAQFYpw\"]},{\"@type\":\"Person\",\"@id\":\"https:\\\/\\\/www.organisator.ch\\\/#\\\/schema\\\/person\\\/6f650f90b2842cd4c0cc334b4e36f67e\",\"name\":\"thomas.berner\",\"image\":{\"@type\":\"ImageObject\",\"inLanguage\":\"en-US\",\"@id\":\"https:\\\/\\\/secure.gravatar.com\\\/avatar\\\/ac5001d2a36cb6c6cd3e50789007ffca834b477b74a2144564522e944eabff61?s=96&d=mm&r=g\",\"url\":\"https:\\\/\\\/secure.gravatar.com\\\/avatar\\\/ac5001d2a36cb6c6cd3e50789007ffca834b477b74a2144564522e944eabff61?s=96&d=mm&r=g\",\"contentUrl\":\"https:\\\/\\\/secure.gravatar.com\\\/avatar\\\/ac5001d2a36cb6c6cd3e50789007ffca834b477b74a2144564522e944eabff61?s=96&d=mm&r=g\",\"caption\":\"thomas.berner\"},\"url\":\"https:\\\/\\\/www.organisator.ch\\\/en\\\/author\\\/thomas-berner\\\/\"}]}<\/script>\n<!-- \/ Yoast SEO plugin. -->","yoast_head_json":{"title":"Abacus closes 2016 with double-digit growth rates - Organizer","description":"Swiss business software pioneer Abacus Research increased its consolidated total revenue by 10.8 percent year-on-year in 2016.","robots":{"index":"index","follow":"follow","max-snippet":"max-snippet:-1","max-image-preview":"max-image-preview:large","max-video-preview":"max-video-preview:-1"},"canonical":"https:\/\/www.organisator.ch\/en\/management\/it\/2017-03-10\/abacus-schliesst-2016-mit-zweistelligen-wachstumsraten-ab\/","og_locale":"en_US","og_type":"article","og_title":"Abacus schliesst 2016 mit zweistelligen Wachstumsraten ab","og_description":"Der Schweizer Pionier in Sachen Business Software #AbacusResearch hat 2016 seinen konsolidierten Gesamtumsatz gegenu\u0308ber dem Vorjahr um 10,8 Prozent erho\u0308ht. Auch bei der Anzahl der Besch\u00e4ftigten ist ein Wachstum zu verzeichnen.","og_url":"https:\/\/www.organisator.ch\/en\/management\/it\/2017-03-10\/abacus-schliesst-2016-mit-zweistelligen-wachstumsraten-ab\/","og_site_name":"Organisator","article_publisher":"https:\/\/www.facebook.com\/OrganisatorFachmagazin","article_published_time":"2017-03-10T16:22:53+00:00","og_image":[{"width":640,"height":424,"url":"https:\/\/www.organisator.ch\/wp-content\/uploads\/2017\/03\/Abacus-schliesst-2016-mit-zweistelligen-Wachstumsraten-ab_Organisator.jpg","type":"image\/jpeg"}],"author":"thomas.berner","twitter_card":"summary_large_image","schema":{"@context":"https:\/\/schema.org","@graph":[{"@type":"Article","@id":"https:\/\/www.organisator.ch\/management\/it\/2017-03-10\/abacus-schliesst-2016-mit-zweistelligen-wachstumsraten-ab\/#article","isPartOf":{"@id":"https:\/\/www.organisator.ch\/management\/it\/2017-03-10\/abacus-schliesst-2016-mit-zweistelligen-wachstumsraten-ab\/"},"author":{"name":"thomas.berner","@id":"https:\/\/www.organisator.ch\/#\/schema\/person\/6f650f90b2842cd4c0cc334b4e36f67e"},"headline":"Abacus schliesst 2016 mit zweistelligen Wachstumsraten ab","datePublished":"2017-03-10T16:22:53+00:00","mainEntityOfPage":{"@id":"https:\/\/www.organisator.ch\/management\/it\/2017-03-10\/abacus-schliesst-2016-mit-zweistelligen-wachstumsraten-ab\/"},"wordCount":316,"commentCount":0,"publisher":{"@id":"https:\/\/www.organisator.ch\/#organization"},"image":{"@id":"https:\/\/www.organisator.ch\/management\/it\/2017-03-10\/abacus-schliesst-2016-mit-zweistelligen-wachstumsraten-ab\/#primaryimage"},"thumbnailUrl":"https:\/\/www.organisator.ch\/wp-content\/uploads\/2017\/03\/Abacus-schliesst-2016-mit-zweistelligen-Wachstumsraten-ab_Organisator.jpg","keywords":["Finanzen\/Recht","IT","IT &amp; Business Software","Unternehmen"],"articleSection":["IT"],"inLanguage":"en-US"},{"@type":"WebPage","@id":"https:\/\/www.organisator.ch\/management\/it\/2017-03-10\/abacus-schliesst-2016-mit-zweistelligen-wachstumsraten-ab\/","url":"https:\/\/www.organisator.ch\/management\/it\/2017-03-10\/abacus-schliesst-2016-mit-zweistelligen-wachstumsraten-ab\/","name":"Abacus closes 2016 with double-digit growth rates - Organizer","isPartOf":{"@id":"https:\/\/www.organisator.ch\/#website"},"primaryImageOfPage":{"@id":"https:\/\/www.organisator.ch\/management\/it\/2017-03-10\/abacus-schliesst-2016-mit-zweistelligen-wachstumsraten-ab\/#primaryimage"},"image":{"@id":"https:\/\/www.organisator.ch\/management\/it\/2017-03-10\/abacus-schliesst-2016-mit-zweistelligen-wachstumsraten-ab\/#primaryimage"},"thumbnailUrl":"https:\/\/www.organisator.ch\/wp-content\/uploads\/2017\/03\/Abacus-schliesst-2016-mit-zweistelligen-Wachstumsraten-ab_Organisator.jpg","datePublished":"2017-03-10T16:22:53+00:00","description":"Swiss business software pioneer Abacus Research increased its consolidated total revenue by 10.8 percent year-on-year in 2016.","breadcrumb":{"@id":"https:\/\/www.organisator.ch\/management\/it\/2017-03-10\/abacus-schliesst-2016-mit-zweistelligen-wachstumsraten-ab\/#breadcrumb"},"inLanguage":"en-US","potentialAction":[{"@type":"ReadAction","target":["https:\/\/www.organisator.ch\/management\/it\/2017-03-10\/abacus-schliesst-2016-mit-zweistelligen-wachstumsraten-ab\/"]}]},{"@type":"ImageObject","inLanguage":"en-US","@id":"https:\/\/www.organisator.ch\/management\/it\/2017-03-10\/abacus-schliesst-2016-mit-zweistelligen-wachstumsraten-ab\/#primaryimage","url":"https:\/\/www.organisator.ch\/wp-content\/uploads\/2017\/03\/Abacus-schliesst-2016-mit-zweistelligen-Wachstumsraten-ab_Organisator.jpg","contentUrl":"https:\/\/www.organisator.ch\/wp-content\/uploads\/2017\/03\/Abacus-schliesst-2016-mit-zweistelligen-Wachstumsraten-ab_Organisator.jpg","width":640,"height":424,"caption":"Der Hauptsitz von Abacus in Wittenbach \/ St. Gallen (Foto: Daniel Ammann)"},{"@type":"BreadcrumbList","@id":"https:\/\/www.organisator.ch\/management\/it\/2017-03-10\/abacus-schliesst-2016-mit-zweistelligen-wachstumsraten-ab\/#breadcrumb","itemListElement":[{"@type":"ListItem","position":1,"name":"Home","item":"https:\/\/www.organisator.ch\/"},{"@type":"ListItem","position":2,"name":"Abacus schliesst 2016 mit zweistelligen Wachstumsraten ab"}]},{"@type":"WebSite","@id":"https:\/\/www.organisator.ch\/#website","url":"https:\/\/www.organisator.ch\/","name":"Organizer","description":"Competent. Practical. In 10 issues per year, ORGANISATOR presents the essential topics for managers of SMEs.","publisher":{"@id":"https:\/\/www.organisator.ch\/#organization"},"potentialAction":[{"@type":"SearchAction","target":{"@type":"EntryPoint","urlTemplate":"https:\/\/www.organisator.ch\/?s={search_term_string}"},"query-input":{"@type":"PropertyValueSpecification","valueRequired":true,"valueName":"search_term_string"}}],"inLanguage":"en-US"},{"@type":"Organization","@id":"https:\/\/www.organisator.ch\/#organization","name":"Organizer","url":"https:\/\/www.organisator.ch\/","logo":{"@type":"ImageObject","inLanguage":"en-US","@id":"https:\/\/www.organisator.ch\/#\/schema\/logo\/image\/","url":"https:\/\/www.organisator.ch\/wp-content\/uploads\/2022\/01\/Logo_Organisator_Website.png","contentUrl":"https:\/\/www.organisator.ch\/wp-content\/uploads\/2022\/01\/Logo_Organisator_Website.png","width":800,"height":77,"caption":"Organisator"},"image":{"@id":"https:\/\/www.organisator.ch\/#\/schema\/logo\/image\/"},"sameAs":["https:\/\/www.facebook.com\/OrganisatorFachmagazin","https:\/\/www.linkedin.com\/showcase\/organisator-das-magazin-fr-kmu","https:\/\/www.xing.com\/news\/pages\/organisator-ch-695","https:\/\/www.youtube.com\/channel\/UCGP2Sq0iWaZwT3BdIAQFYpw"]},{"@type":"Person","@id":"https:\/\/www.organisator.ch\/#\/schema\/person\/6f650f90b2842cd4c0cc334b4e36f67e","name":"thomas.berner","image":{"@type":"ImageObject","inLanguage":"en-US","@id":"https:\/\/secure.gravatar.com\/avatar\/ac5001d2a36cb6c6cd3e50789007ffca834b477b74a2144564522e944eabff61?s=96&d=mm&r=g","url":"https:\/\/secure.gravatar.com\/avatar\/ac5001d2a36cb6c6cd3e50789007ffca834b477b74a2144564522e944eabff61?s=96&d=mm&r=g","contentUrl":"https:\/\/secure.gravatar.com\/avatar\/ac5001d2a36cb6c6cd3e50789007ffca834b477b74a2144564522e944eabff61?s=96&d=mm&r=g","caption":"thomas.berner"},"url":"https:\/\/www.organisator.ch\/en\/author\/thomas-berner\/"}]}},"_links":{"self":[{"href":"https:\/\/www.organisator.ch\/en\/wp-json\/wp\/v2\/posts\/1630","targetHints":{"allow":["GET"]}}],"collection":[{"href":"https:\/\/www.organisator.ch\/en\/wp-json\/wp\/v2\/posts"}],"about":[{"href":"https:\/\/www.organisator.ch\/en\/wp-json\/wp\/v2\/types\/post"}],"author":[{"embeddable":true,"href":"https:\/\/www.organisator.ch\/en\/wp-json\/wp\/v2\/users\/4"}],"replies":[{"embeddable":true,"href":"https:\/\/www.organisator.ch\/en\/wp-json\/wp\/v2\/comments?post=1630"}],"version-history":[{"count":0,"href":"https:\/\/www.organisator.ch\/en\/wp-json\/wp\/v2\/posts\/1630\/revisions"}],"wp:featuredmedia":[{"embeddable":true,"href":"https:\/\/www.organisator.ch\/en\/wp-json\/wp\/v2\/media\/1631"}],"wp:attachment":[{"href":"https:\/\/www.organisator.ch\/en\/wp-json\/wp\/v2\/media?parent=1630"}],"wp:term":[{"taxonomy":"category","embeddable":true,"href":"https:\/\/www.organisator.ch\/en\/wp-json\/wp\/v2\/categories?post=1630"},{"taxonomy":"post_tag","embeddable":true,"href":"https:\/\/www.organisator.ch\/en\/wp-json\/wp\/v2\/tags?post=1630"}],"curies":[{"name":"wp","href":"https:\/\/api.w.org\/{rel}","templated":true}]}}