{"id":16346,"date":"2022-08-04T13:34:53","date_gmt":"2022-08-04T11:34:53","guid":{"rendered":"https:\/\/www.organisator.ch\/?p=16346"},"modified":"2022-08-04T13:34:53","modified_gmt":"2022-08-04T11:34:53","slug":"entry-into-mobility-for-840-learners","status":"publish","type":"post","link":"https:\/\/www.organisator.ch\/en\/human-resources\/2022-08-04\/einstieg-in-die-mobilitaet-fuer-840-lernende\/","title":{"rendered":"Entry into mobility for 840 learners"},"content":{"rendered":"<figure id=\"attachment_16347\" aria-describedby=\"caption-attachment-16347\" style=\"width: 680px\" class=\"wp-caption alignnone\"><img loading=\"lazy\" decoding=\"async\" class=\"size-full wp-image-16347\" src=\"https:\/\/www.organisator.ch\/wp-content\/uploads\/2022\/08\/Einstieg-in-die-Mobilitat-fur-840-Lernende_Organisator.jpg\" alt=\"\" width=\"680\" height=\"429\" srcset=\"https:\/\/www.organisator.ch\/wp-content\/uploads\/2022\/08\/Einstieg-in-die-Mobilitat-fur-840-Lernende_Organisator.jpg 680w, https:\/\/www.organisator.ch\/wp-content\/uploads\/2022\/08\/Einstieg-in-die-Mobilitat-fur-840-Lernende_Organisator-18x12.jpg 18w, https:\/\/www.organisator.ch\/wp-content\/uploads\/2022\/08\/Einstieg-in-die-Mobilitat-fur-840-Lernende_Organisator-277x175.jpg 277w, https:\/\/www.organisator.ch\/wp-content\/uploads\/2022\/08\/Einstieg-in-die-Mobilitat-fur-840-Lernende_Organisator-555x350.jpg 555w, https:\/\/www.organisator.ch\/wp-content\/uploads\/2022\/08\/Einstieg-in-die-Mobilitat-fur-840-Lernende_Organisator-300x189.jpg 300w\" sizes=\"auto, (max-width: 680px) 100vw, 680px\" \/><figcaption id=\"caption-attachment-16347\" class=\"wp-caption-text\">The mobility sector is attracting young apprentices: 840 apprentices are starting vocational training in public transport this year. (Image: login Berufsbildung AG)<\/figcaption><\/figure>\n<p>A new phase of life began for 840 apprentices on August 2, 2022: The young people began their training at an apprenticeship with SBB, BLS, Rhaetian Railway or one of the more than 50 partner companies of the login training association in the world of mobility. The introductory week, the so-called \"lowo\", marks the start of the apprenticeship. Here, the young people learn what to expect during their apprenticeship and get to know their trainers as well as tools and processes. Last but not least, they get to know their future \"Gsp\u00e4nli\". \"Together with our partner companies in the mobility industry, we extend a warm welcome to the new apprentices and trainees. They can look forward to a varied and exciting training. During the training period, they will become professionals in their profession, grow as personalities and can look forward to very good career prospects,\" says Michael Schweizer, CEO of login.<\/p>\n<h3>Two newly designed vocational apprenticeships with \"mobility\" profile<\/h3>\n<p>The newly designed apprenticeship \"Retail Specialist EFZ, Public Transport\" will in future offer two career paths: Customer attendants drive in passenger trains, inform the guests, ensure punctuality and a safe travel experience; customer advisors work in the travel center, advise customers and arrange their trips. In addition, the vocational training program \"Public Transport Specialist EFZ\" has also been redesigned with a focus on \"Mobility\" and \"Train Traffic Management\".<\/p>\n<h3>Great satisfaction among learners<\/h3>\n<p>The fact that the apprenticeships are well received by young people is demonstrated by login's renewed certification as a \"Great Start!\" company. For the fourth time in a row, login 2022 has received the coveted award from the \"Great Place to Work\u00ae\" institute. In an anonymous survey, the apprentices and trainees confirmed their great satisfaction with their training place. One of the main features of the training programs at login are the diverse and attractive training forms and places, such as the Junior Stations, where retail trainees, accompanied by coaches, run their own station. In this way, young people learn to assume responsibility at an early stage and to think and act in an entrepreneurial manner.<\/p>\n<h3>login celebrates 20-year anniversary<\/h3>\n<p>This year login Vocational Training celebrates its 20th birthday. Since January 1, 2002, login has been the leading apprenticeship organization in the world of public transport and mobility. Since 2014, it has been a public limited company with the sponsoring companies SBB, BLS, RhB and the Association of Public Transport (V\u00f6V). In these 20 years, the training association has grown significantly: Today, more than 2,000 apprentices prepare for their degrees in over 25 different vocational apprenticeships at login every year. Since 2002, around 15,000 young professionals have been trained for the world of mobility. While login counted eight public transport companies among its customers at the beginning, today there are 58 including the sponsoring companies. The apprentices are given the opportunity to network across professions and to acquire their skills in different companies and departments.<\/p>\n<p><em>Source: <a href=\"http:\/\/www.login.org\">login Vocational Training AG<\/a><\/em><\/p>","protected":false},"excerpt":{"rendered":"<p>F\u00fcr 840 Lernende hat am 2. August 2022 ein neuer Lebensabschnitt begonnen: Die Jugendlichen begannen ihre Ausbildung an einem Ausbildungsplatz bei der SBB, BLS, Rh\u00e4tische Bahn oder einem der mehr als 50 Partnerunternehmen des Ausbildungsverbands login in der Welt der Mobilit\u00e4t. Die Einf\u00fchrungswoche, die sogenannte \u00ablowo\u00bb, markiert den Startschuss in die Lehre. Hier erfahren die [&hellip;]<\/p>\n","protected":false},"author":4,"featured_media":0,"comment_status":"closed","ping_status":"closed","sticky":false,"template":"","format":"standard","meta":{"_acf_changed":false,"_yoast_wpseo_focuskw":"Mobilit\u00e4t","_yoast_wpseo_metadesc":"Am 2. August 2022 starteten 840 Jugendliche eine Berufslehre oder ein Praktikum im Bereich Mobilit\u00e4t - eine Zunahme gegen\u00fcber dem Vorjahr.","articlekey":"","footnotes":""},"categories":[579],"tags":[62,73,254,354],"class_list":["post-16346","post","type-post","status-publish","format-standard","hentry","category-human-resources","tag-aus-weiterbildung","tag-berufsbildung","tag-hrm","tag-mobilitaet"],"acf":[],"yoast_head":"<!-- This site is optimized with the Yoast SEO plugin v27.5 - https:\/\/yoast.com\/product\/yoast-seo-wordpress\/ -->\n<title>Einstieg in die Mobilit\u00e4t f\u00fcr 840 Lernende - Organisator<\/title>\n<meta name=\"description\" content=\"Am 2. August 2022 starteten 840 Jugendliche eine Berufslehre oder ein Praktikum im Bereich Mobilit\u00e4t - eine Zunahme gegen\u00fcber dem Vorjahr.\" \/>\n<meta name=\"robots\" content=\"index, follow, max-snippet:-1, max-image-preview:large, max-video-preview:-1\" \/>\n<link rel=\"canonical\" href=\"https:\/\/www.organisator.ch\/en\/human-resources\/2022-08-04\/entry-into-mobility-for-840-learners\/\" \/>\n<meta property=\"og:locale\" content=\"en_US\" \/>\n<meta property=\"og:type\" content=\"article\" \/>\n<meta property=\"og:title\" content=\"Einstieg in die Mobilit\u00e4t f\u00fcr 840 Lernende\" \/>\n<meta property=\"og:description\" content=\"Am 2. August 2022 starteten 840 Jugendliche eine Berufslehre oder ein Praktikum im Bereich Mobilit\u00e4t - eine Zunahme gegen\u00fcber dem Vorjahr.\" \/>\n<meta property=\"og:url\" content=\"https:\/\/www.organisator.ch\/en\/human-resources\/2022-08-04\/entry-into-mobility-for-840-learners\/\" \/>\n<meta property=\"og:site_name\" content=\"Organisator\" \/>\n<meta property=\"article:publisher\" content=\"https:\/\/www.facebook.com\/OrganisatorFachmagazin\" \/>\n<meta property=\"article:published_time\" content=\"2022-08-04T11:34:53+00:00\" \/>\n<meta property=\"og:image\" content=\"https:\/\/www.organisator.ch\/wp-content\/uploads\/2022\/08\/Einstieg-in-die-Mobilitat-fur-840-Lernende_Organisator.jpg\" \/>\n\t<meta property=\"og:image:width\" content=\"680\" \/>\n\t<meta property=\"og:image:height\" content=\"429\" \/>\n\t<meta property=\"og:image:type\" content=\"image\/jpeg\" \/>\n<meta name=\"author\" content=\"thomas.berner\" \/>\n<meta name=\"twitter:card\" content=\"summary_large_image\" \/>\n<meta name=\"twitter:title\" content=\"Einstieg in die #Mobilit\u00e4t f\u00fcr 840 #Lernende\" \/>\n<meta name=\"twitter:description\" content=\"Am 2. August 2022 starteten 840 #Jugendliche eine #Berufslehre oder ein Praktikum im Bereich #Mobilit\u00e4t - eine Zunahme gegen\u00fcber dem Vorjahr.\" \/>\n<meta name=\"twitter:image\" content=\"https:\/\/www.organisator.ch\/wp-content\/uploads\/2022\/08\/Einstieg-in-die-Mobilitat-fur-840-Lernende_Organisator.jpg\" \/>\n<script type=\"application\/ld+json\" class=\"yoast-schema-graph\">{\"@context\":\"https:\\\/\\\/schema.org\",\"@graph\":[{\"@type\":\"Article\",\"@id\":\"https:\\\/\\\/www.organisator.ch\\\/human-resources\\\/2022-08-04\\\/einstieg-in-die-mobilitaet-fuer-840-lernende\\\/#article\",\"isPartOf\":{\"@id\":\"https:\\\/\\\/www.organisator.ch\\\/human-resources\\\/2022-08-04\\\/einstieg-in-die-mobilitaet-fuer-840-lernende\\\/\"},\"author\":{\"name\":\"thomas.berner\",\"@id\":\"https:\\\/\\\/www.organisator.ch\\\/#\\\/schema\\\/person\\\/6f650f90b2842cd4c0cc334b4e36f67e\"},\"headline\":\"Einstieg in die Mobilit\u00e4t f\u00fcr 840 Lernende\",\"datePublished\":\"2022-08-04T11:34:53+00:00\",\"mainEntityOfPage\":{\"@id\":\"https:\\\/\\\/www.organisator.ch\\\/human-resources\\\/2022-08-04\\\/einstieg-in-die-mobilitaet-fuer-840-lernende\\\/\"},\"wordCount\":492,\"publisher\":{\"@id\":\"https:\\\/\\\/www.organisator.ch\\\/#organization\"},\"image\":{\"@id\":\"https:\\\/\\\/www.organisator.ch\\\/human-resources\\\/2022-08-04\\\/einstieg-in-die-mobilitaet-fuer-840-lernende\\\/#primaryimage\"},\"thumbnailUrl\":\"https:\\\/\\\/www.organisator.ch\\\/wp-content\\\/uploads\\\/2022\\\/08\\\/Einstieg-in-die-Mobilitat-fur-840-Lernende_Organisator.jpg\",\"keywords\":[\"Aus-\\\/Weiterbildung\",\"Berufsbildung\",\"HRM\",\"Mobilit\u00e4t\"],\"articleSection\":[\"HUMAN RESOURCES\"],\"inLanguage\":\"en-US\"},{\"@type\":\"WebPage\",\"@id\":\"https:\\\/\\\/www.organisator.ch\\\/human-resources\\\/2022-08-04\\\/einstieg-in-die-mobilitaet-fuer-840-lernende\\\/\",\"url\":\"https:\\\/\\\/www.organisator.ch\\\/human-resources\\\/2022-08-04\\\/einstieg-in-die-mobilitaet-fuer-840-lernende\\\/\",\"name\":\"Einstieg in die Mobilit\u00e4t f\u00fcr 840 Lernende - Organisator\",\"isPartOf\":{\"@id\":\"https:\\\/\\\/www.organisator.ch\\\/#website\"},\"primaryImageOfPage\":{\"@id\":\"https:\\\/\\\/www.organisator.ch\\\/human-resources\\\/2022-08-04\\\/einstieg-in-die-mobilitaet-fuer-840-lernende\\\/#primaryimage\"},\"image\":{\"@id\":\"https:\\\/\\\/www.organisator.ch\\\/human-resources\\\/2022-08-04\\\/einstieg-in-die-mobilitaet-fuer-840-lernende\\\/#primaryimage\"},\"thumbnailUrl\":\"https:\\\/\\\/www.organisator.ch\\\/wp-content\\\/uploads\\\/2022\\\/08\\\/Einstieg-in-die-Mobilitat-fur-840-Lernende_Organisator.jpg\",\"datePublished\":\"2022-08-04T11:34:53+00:00\",\"description\":\"Am 2. August 2022 starteten 840 Jugendliche eine Berufslehre oder ein Praktikum im Bereich Mobilit\u00e4t - eine Zunahme gegen\u00fcber dem Vorjahr.\",\"breadcrumb\":{\"@id\":\"https:\\\/\\\/www.organisator.ch\\\/human-resources\\\/2022-08-04\\\/einstieg-in-die-mobilitaet-fuer-840-lernende\\\/#breadcrumb\"},\"inLanguage\":\"en-US\",\"potentialAction\":[{\"@type\":\"ReadAction\",\"target\":[\"https:\\\/\\\/www.organisator.ch\\\/human-resources\\\/2022-08-04\\\/einstieg-in-die-mobilitaet-fuer-840-lernende\\\/\"]}]},{\"@type\":\"ImageObject\",\"inLanguage\":\"en-US\",\"@id\":\"https:\\\/\\\/www.organisator.ch\\\/human-resources\\\/2022-08-04\\\/einstieg-in-die-mobilitaet-fuer-840-lernende\\\/#primaryimage\",\"url\":\"https:\\\/\\\/www.organisator.ch\\\/wp-content\\\/uploads\\\/2022\\\/08\\\/Einstieg-in-die-Mobilitat-fur-840-Lernende_Organisator.jpg\",\"contentUrl\":\"https:\\\/\\\/www.organisator.ch\\\/wp-content\\\/uploads\\\/2022\\\/08\\\/Einstieg-in-die-Mobilitat-fur-840-Lernende_Organisator.jpg\"},{\"@type\":\"BreadcrumbList\",\"@id\":\"https:\\\/\\\/www.organisator.ch\\\/human-resources\\\/2022-08-04\\\/einstieg-in-die-mobilitaet-fuer-840-lernende\\\/#breadcrumb\",\"itemListElement\":[{\"@type\":\"ListItem\",\"position\":1,\"name\":\"Home\",\"item\":\"https:\\\/\\\/www.organisator.ch\\\/\"},{\"@type\":\"ListItem\",\"position\":2,\"name\":\"Einstieg in die Mobilit\u00e4t f\u00fcr 840 Lernende\"}]},{\"@type\":\"WebSite\",\"@id\":\"https:\\\/\\\/www.organisator.ch\\\/#website\",\"url\":\"https:\\\/\\\/www.organisator.ch\\\/\",\"name\":\"Organisator\",\"description\":\"Kompetent. Praxisnah. Der ORGANISATOR bereitet in 10 Ausgaben pro Jahr die wesentlichen Themen f\u00fcr F\u00fchrungskr\u00e4fte von KMU auf.\",\"publisher\":{\"@id\":\"https:\\\/\\\/www.organisator.ch\\\/#organization\"},\"potentialAction\":[{\"@type\":\"SearchAction\",\"target\":{\"@type\":\"EntryPoint\",\"urlTemplate\":\"https:\\\/\\\/www.organisator.ch\\\/?s={search_term_string}\"},\"query-input\":{\"@type\":\"PropertyValueSpecification\",\"valueRequired\":true,\"valueName\":\"search_term_string\"}}],\"inLanguage\":\"en-US\"},{\"@type\":\"Organization\",\"@id\":\"https:\\\/\\\/www.organisator.ch\\\/#organization\",\"name\":\"Organisator\",\"url\":\"https:\\\/\\\/www.organisator.ch\\\/\",\"logo\":{\"@type\":\"ImageObject\",\"inLanguage\":\"en-US\",\"@id\":\"https:\\\/\\\/www.organisator.ch\\\/#\\\/schema\\\/logo\\\/image\\\/\",\"url\":\"https:\\\/\\\/www.organisator.ch\\\/wp-content\\\/uploads\\\/2022\\\/01\\\/Logo_Organisator_Website.png\",\"contentUrl\":\"https:\\\/\\\/www.organisator.ch\\\/wp-content\\\/uploads\\\/2022\\\/01\\\/Logo_Organisator_Website.png\",\"width\":800,\"height\":77,\"caption\":\"Organisator\"},\"image\":{\"@id\":\"https:\\\/\\\/www.organisator.ch\\\/#\\\/schema\\\/logo\\\/image\\\/\"},\"sameAs\":[\"https:\\\/\\\/www.facebook.com\\\/OrganisatorFachmagazin\",\"https:\\\/\\\/www.linkedin.com\\\/showcase\\\/organisator-das-magazin-fr-kmu\",\"https:\\\/\\\/www.xing.com\\\/news\\\/pages\\\/organisator-ch-695\",\"https:\\\/\\\/www.youtube.com\\\/channel\\\/UCGP2Sq0iWaZwT3BdIAQFYpw\"]},{\"@type\":\"Person\",\"@id\":\"https:\\\/\\\/www.organisator.ch\\\/#\\\/schema\\\/person\\\/6f650f90b2842cd4c0cc334b4e36f67e\",\"name\":\"thomas.berner\",\"image\":{\"@type\":\"ImageObject\",\"inLanguage\":\"en-US\",\"@id\":\"https:\\\/\\\/secure.gravatar.com\\\/avatar\\\/ac5001d2a36cb6c6cd3e50789007ffca834b477b74a2144564522e944eabff61?s=96&d=mm&r=g\",\"url\":\"https:\\\/\\\/secure.gravatar.com\\\/avatar\\\/ac5001d2a36cb6c6cd3e50789007ffca834b477b74a2144564522e944eabff61?s=96&d=mm&r=g\",\"contentUrl\":\"https:\\\/\\\/secure.gravatar.com\\\/avatar\\\/ac5001d2a36cb6c6cd3e50789007ffca834b477b74a2144564522e944eabff61?s=96&d=mm&r=g\",\"caption\":\"thomas.berner\"},\"url\":\"https:\\\/\\\/www.organisator.ch\\\/en\\\/author\\\/thomas-berner\\\/\"}]}<\/script>\n<!-- \/ Yoast SEO plugin. -->","yoast_head_json":{"title":"Entry into mobility for 840 learners - organizer","description":"On August 2, 2022, 840 young people started an apprenticeship or traineeship in mobility - an increase from the previous year.","robots":{"index":"index","follow":"follow","max-snippet":"max-snippet:-1","max-image-preview":"max-image-preview:large","max-video-preview":"max-video-preview:-1"},"canonical":"https:\/\/www.organisator.ch\/en\/human-resources\/2022-08-04\/entry-into-mobility-for-840-learners\/","og_locale":"en_US","og_type":"article","og_title":"Einstieg in die Mobilit\u00e4t f\u00fcr 840 Lernende","og_description":"Am 2. August 2022 starteten 840 Jugendliche eine Berufslehre oder ein Praktikum im Bereich Mobilit\u00e4t - eine Zunahme gegen\u00fcber dem Vorjahr.","og_url":"https:\/\/www.organisator.ch\/en\/human-resources\/2022-08-04\/entry-into-mobility-for-840-learners\/","og_site_name":"Organisator","article_publisher":"https:\/\/www.facebook.com\/OrganisatorFachmagazin","article_published_time":"2022-08-04T11:34:53+00:00","og_image":[{"width":680,"height":429,"url":"https:\/\/www.organisator.ch\/wp-content\/uploads\/2022\/08\/Einstieg-in-die-Mobilitat-fur-840-Lernende_Organisator.jpg","type":"image\/jpeg"}],"author":"thomas.berner","twitter_card":"summary_large_image","twitter_title":"Einstieg in die #Mobilit\u00e4t f\u00fcr 840 #Lernende","twitter_description":"Am 2. August 2022 starteten 840 #Jugendliche eine #Berufslehre oder ein Praktikum im Bereich #Mobilit\u00e4t - eine Zunahme gegen\u00fcber dem Vorjahr.","twitter_image":"https:\/\/www.organisator.ch\/wp-content\/uploads\/2022\/08\/Einstieg-in-die-Mobilitat-fur-840-Lernende_Organisator.jpg","schema":{"@context":"https:\/\/schema.org","@graph":[{"@type":"Article","@id":"https:\/\/www.organisator.ch\/human-resources\/2022-08-04\/einstieg-in-die-mobilitaet-fuer-840-lernende\/#article","isPartOf":{"@id":"https:\/\/www.organisator.ch\/human-resources\/2022-08-04\/einstieg-in-die-mobilitaet-fuer-840-lernende\/"},"author":{"name":"thomas.berner","@id":"https:\/\/www.organisator.ch\/#\/schema\/person\/6f650f90b2842cd4c0cc334b4e36f67e"},"headline":"Einstieg in die Mobilit\u00e4t f\u00fcr 840 Lernende","datePublished":"2022-08-04T11:34:53+00:00","mainEntityOfPage":{"@id":"https:\/\/www.organisator.ch\/human-resources\/2022-08-04\/einstieg-in-die-mobilitaet-fuer-840-lernende\/"},"wordCount":492,"publisher":{"@id":"https:\/\/www.organisator.ch\/#organization"},"image":{"@id":"https:\/\/www.organisator.ch\/human-resources\/2022-08-04\/einstieg-in-die-mobilitaet-fuer-840-lernende\/#primaryimage"},"thumbnailUrl":"https:\/\/www.organisator.ch\/wp-content\/uploads\/2022\/08\/Einstieg-in-die-Mobilitat-fur-840-Lernende_Organisator.jpg","keywords":["Aus-\/Weiterbildung","Berufsbildung","HRM","Mobilit\u00e4t"],"articleSection":["HUMAN RESOURCES"],"inLanguage":"en-US"},{"@type":"WebPage","@id":"https:\/\/www.organisator.ch\/human-resources\/2022-08-04\/einstieg-in-die-mobilitaet-fuer-840-lernende\/","url":"https:\/\/www.organisator.ch\/human-resources\/2022-08-04\/einstieg-in-die-mobilitaet-fuer-840-lernende\/","name":"Entry into mobility for 840 learners - organizer","isPartOf":{"@id":"https:\/\/www.organisator.ch\/#website"},"primaryImageOfPage":{"@id":"https:\/\/www.organisator.ch\/human-resources\/2022-08-04\/einstieg-in-die-mobilitaet-fuer-840-lernende\/#primaryimage"},"image":{"@id":"https:\/\/www.organisator.ch\/human-resources\/2022-08-04\/einstieg-in-die-mobilitaet-fuer-840-lernende\/#primaryimage"},"thumbnailUrl":"https:\/\/www.organisator.ch\/wp-content\/uploads\/2022\/08\/Einstieg-in-die-Mobilitat-fur-840-Lernende_Organisator.jpg","datePublished":"2022-08-04T11:34:53+00:00","description":"On August 2, 2022, 840 young people started an apprenticeship or traineeship in mobility - an increase from the previous year.","breadcrumb":{"@id":"https:\/\/www.organisator.ch\/human-resources\/2022-08-04\/einstieg-in-die-mobilitaet-fuer-840-lernende\/#breadcrumb"},"inLanguage":"en-US","potentialAction":[{"@type":"ReadAction","target":["https:\/\/www.organisator.ch\/human-resources\/2022-08-04\/einstieg-in-die-mobilitaet-fuer-840-lernende\/"]}]},{"@type":"ImageObject","inLanguage":"en-US","@id":"https:\/\/www.organisator.ch\/human-resources\/2022-08-04\/einstieg-in-die-mobilitaet-fuer-840-lernende\/#primaryimage","url":"https:\/\/www.organisator.ch\/wp-content\/uploads\/2022\/08\/Einstieg-in-die-Mobilitat-fur-840-Lernende_Organisator.jpg","contentUrl":"https:\/\/www.organisator.ch\/wp-content\/uploads\/2022\/08\/Einstieg-in-die-Mobilitat-fur-840-Lernende_Organisator.jpg"},{"@type":"BreadcrumbList","@id":"https:\/\/www.organisator.ch\/human-resources\/2022-08-04\/einstieg-in-die-mobilitaet-fuer-840-lernende\/#breadcrumb","itemListElement":[{"@type":"ListItem","position":1,"name":"Home","item":"https:\/\/www.organisator.ch\/"},{"@type":"ListItem","position":2,"name":"Einstieg in die Mobilit\u00e4t f\u00fcr 840 Lernende"}]},{"@type":"WebSite","@id":"https:\/\/www.organisator.ch\/#website","url":"https:\/\/www.organisator.ch\/","name":"Organizer","description":"Competent. Practical. In 10 issues per year, ORGANISATOR presents the essential topics for managers of SMEs.","publisher":{"@id":"https:\/\/www.organisator.ch\/#organization"},"potentialAction":[{"@type":"SearchAction","target":{"@type":"EntryPoint","urlTemplate":"https:\/\/www.organisator.ch\/?s={search_term_string}"},"query-input":{"@type":"PropertyValueSpecification","valueRequired":true,"valueName":"search_term_string"}}],"inLanguage":"en-US"},{"@type":"Organization","@id":"https:\/\/www.organisator.ch\/#organization","name":"Organizer","url":"https:\/\/www.organisator.ch\/","logo":{"@type":"ImageObject","inLanguage":"en-US","@id":"https:\/\/www.organisator.ch\/#\/schema\/logo\/image\/","url":"https:\/\/www.organisator.ch\/wp-content\/uploads\/2022\/01\/Logo_Organisator_Website.png","contentUrl":"https:\/\/www.organisator.ch\/wp-content\/uploads\/2022\/01\/Logo_Organisator_Website.png","width":800,"height":77,"caption":"Organisator"},"image":{"@id":"https:\/\/www.organisator.ch\/#\/schema\/logo\/image\/"},"sameAs":["https:\/\/www.facebook.com\/OrganisatorFachmagazin","https:\/\/www.linkedin.com\/showcase\/organisator-das-magazin-fr-kmu","https:\/\/www.xing.com\/news\/pages\/organisator-ch-695","https:\/\/www.youtube.com\/channel\/UCGP2Sq0iWaZwT3BdIAQFYpw"]},{"@type":"Person","@id":"https:\/\/www.organisator.ch\/#\/schema\/person\/6f650f90b2842cd4c0cc334b4e36f67e","name":"thomas.berner","image":{"@type":"ImageObject","inLanguage":"en-US","@id":"https:\/\/secure.gravatar.com\/avatar\/ac5001d2a36cb6c6cd3e50789007ffca834b477b74a2144564522e944eabff61?s=96&d=mm&r=g","url":"https:\/\/secure.gravatar.com\/avatar\/ac5001d2a36cb6c6cd3e50789007ffca834b477b74a2144564522e944eabff61?s=96&d=mm&r=g","contentUrl":"https:\/\/secure.gravatar.com\/avatar\/ac5001d2a36cb6c6cd3e50789007ffca834b477b74a2144564522e944eabff61?s=96&d=mm&r=g","caption":"thomas.berner"},"url":"https:\/\/www.organisator.ch\/en\/author\/thomas-berner\/"}]}},"_links":{"self":[{"href":"https:\/\/www.organisator.ch\/en\/wp-json\/wp\/v2\/posts\/16346","targetHints":{"allow":["GET"]}}],"collection":[{"href":"https:\/\/www.organisator.ch\/en\/wp-json\/wp\/v2\/posts"}],"about":[{"href":"https:\/\/www.organisator.ch\/en\/wp-json\/wp\/v2\/types\/post"}],"author":[{"embeddable":true,"href":"https:\/\/www.organisator.ch\/en\/wp-json\/wp\/v2\/users\/4"}],"replies":[{"embeddable":true,"href":"https:\/\/www.organisator.ch\/en\/wp-json\/wp\/v2\/comments?post=16346"}],"version-history":[{"count":1,"href":"https:\/\/www.organisator.ch\/en\/wp-json\/wp\/v2\/posts\/16346\/revisions"}],"predecessor-version":[{"id":16348,"href":"https:\/\/www.organisator.ch\/en\/wp-json\/wp\/v2\/posts\/16346\/revisions\/16348"}],"wp:attachment":[{"href":"https:\/\/www.organisator.ch\/en\/wp-json\/wp\/v2\/media?parent=16346"}],"wp:term":[{"taxonomy":"category","embeddable":true,"href":"https:\/\/www.organisator.ch\/en\/wp-json\/wp\/v2\/categories?post=16346"},{"taxonomy":"post_tag","embeddable":true,"href":"https:\/\/www.organisator.ch\/en\/wp-json\/wp\/v2\/tags?post=16346"}],"curies":[{"name":"wp","href":"https:\/\/api.w.org\/{rel}","templated":true}]}}