{"id":16359,"date":"2022-08-05T08:00:22","date_gmt":"2022-08-05T06:00:22","guid":{"rendered":"https:\/\/www.organisator.ch\/?p=16359"},"modified":"2022-08-16T16:53:09","modified_gmt":"2022-08-16T14:53:09","slug":"lead-without-learning-authorization","status":"publish","type":"post","link":"https:\/\/www.organisator.ch\/en\/management\/2022-08-05\/fuehren-ohne-weisungsbefugnis-lernen\/","title":{"rendered":"Learning to lead without authority"},"content":{"rendered":"<figure id=\"attachment_16360\" aria-describedby=\"caption-attachment-16360\" style=\"width: 680px\" class=\"wp-caption alignnone\"><img loading=\"lazy\" decoding=\"async\" class=\"size-full wp-image-16360\" src=\"https:\/\/www.organisator.ch\/wp-content\/uploads\/2022\/08\/Fuhren-ohne-Weisungsbefugnis-lernen_Organisator.jpg\" alt=\"\" width=\"680\" height=\"395\" srcset=\"https:\/\/www.organisator.ch\/wp-content\/uploads\/2022\/08\/Fuhren-ohne-Weisungsbefugnis-lernen_Organisator.jpg 680w, https:\/\/www.organisator.ch\/wp-content\/uploads\/2022\/08\/Fuhren-ohne-Weisungsbefugnis-lernen_Organisator-18x10.jpg 18w, https:\/\/www.organisator.ch\/wp-content\/uploads\/2022\/08\/Fuhren-ohne-Weisungsbefugnis-lernen_Organisator-301x175.jpg 301w, https:\/\/www.organisator.ch\/wp-content\/uploads\/2022\/08\/Fuhren-ohne-Weisungsbefugnis-lernen_Organisator-603x350.jpg 603w, https:\/\/www.organisator.ch\/wp-content\/uploads\/2022\/08\/Fuhren-ohne-Weisungsbefugnis-lernen_Organisator-300x174.jpg 300w\" sizes=\"auto, (max-width: 680px) 100vw, 680px\" \/><figcaption id=\"caption-attachment-16360\" class=\"wp-caption-text\">Leading without authority: how does it work? (Image: Unsplash.com)<\/figcaption><\/figure>\n<p>In the Tayloristically organized companies of the past, their areas stood largely unconnected next to each other - equal to columns. And each area had its clearly defined field of activity. Employees also had clearly defined tasks that were either defined in their job descriptions or assigned to them by their superiors. Today, this is different - \"at least in those companies that provide complex services for their customers,\" emphasizes <a href=\"https:\/\/www.kraus-und-partner.de\/\">Prof. Dr. Georg Kraus from Bruchsal<\/a>. As a rule, they have a network-like structure. And divisional boundaries and hierarchical levels? \"They play an increasingly minor role in everyday work - especially because services are increasingly provided in cross-divisional and often even cross-company teamwork\".<\/p>\n<h3><strong>Complex structures require a different management style<\/strong><\/h3>\n<p>In such an environment, traditional leadership, which is largely based on disciplinary power conferred by position, often reaches its limits, explains the management consultant <a href=\"https:\/\/www.mticonsultancy.com\/\">Hans-Peter Machw\u00fcrth<\/a>, Visselh\u00f6vede. Instead, so-called lateral leadership is gaining in importance, \"which is based on trust and understanding and strives to connect the interests of those involved as far as possible by creating a common framework of thinking.\" This type of leadership, because disciplinary authority to issue directives is eliminated, must rely on other sources of power - for example<\/p>\n<ul>\n<li>a high level of personal authority and integrity or<\/li>\n<li>a proven expertise or<\/li>\n<li>targeted networking that strengthens its own informal power base.<\/li>\n<\/ul>\n<p>According to the classic understanding of leadership, the term \"lateral leadership\" is a contradiction in terms. According to this understanding, leadership is inextricably linked to hierarchical authority. Despite this, lateral leadership is becoming increasingly important in companies. This is shown, among other things, by the study \"<a href=\"https:\/\/www.organisator.ch\/de\/management\/2022-03-28\/alpha-collaboration-fuehrung-und-zusammenarbeit-im-umbruch\/\">Alpha Collaboration - Leadership in Transition; Perspectives for the Collaboration of the Future<\/a>\" of the <a href=\"https:\/\/ifidz.de\/\">Institute for Leadership Culture in the Digital Age (IFIDZ)<\/a>, Frankfurt.<\/p>\n<h3><strong>Challenge: Winning approval<\/strong><\/h3>\n<p>Lateral leadership means more than coordination, emphasizes IFIDZ Director Barbara Liebermeister. Coordination is primarily aimed at \"aligning interests, tasks and activities, for example\"; leadership, on the other hand, also involves \"influencing people and organizations or organizational units so that they think and act in a desired direction.<\/p>\n<p>The central goal of lateral leadership is to achieve one's own or higher-level goals (for example, of the company or project). Making a compromise can be one way to achieve this, explains Hans-Peter Machw\u00fcrth. Not infrequently, however, the exact opposite is necessary for this - for example, when achieving the desired top results requires a clear decision between several possible solution paths.<\/p>\n<p>In practice, leadership without authority often proves difficult - especially because the people involved in this process usually have (sometimes) divergent views and interests, for example, due to their different functions and positions in the organization. In addition, according to Georg Kraus, when far-reaching and momentous decisions have to be made, there is no one person who can say at some point: \"This is how we're going to do it now - that's it; I'm taking responsibility for this.\" In lateral management, the opinion-forming and decision-making processes are often correspondingly lengthy, \"since the approval or at least acceptance of all those involved must be sought.<\/p>\n<h3><strong>Lateral leadership can be learned<\/strong><\/h3>\n<p>Nevertheless, the topic of lateral leadership is gaining massive importance in companies. The reasons for this, in addition to the increasingly network-like structure of companies and advancing digitization, are that problem solutions designed in cross-divisional and cross-functional teamwork are becoming more and more complex.<\/p>\n<p>However, the competence to lead laterally does not fall from the sky, it must be developed according to Hans-Peter Machw\u00fcrth - both<\/p>\n<ul>\n<li>with experts and specialists who, in their everyday work, are repeatedly faced with the challenge of convincing other people of the advantages or risks of a possible solution due to their specialized knowledge, as well as<\/li>\n<li>for managers who want to or have to make important decisions as a team because they are dependent on the active support of their employees, other departments or external cooperation partners\/service providers for their implementation.<\/li>\n<\/ul>\n<p>However, it is important to keep in mind: \"Lateral leadership requires certain personality traits,\" emphasizes Barbara Liebermeister. For example<\/p>\n<ul>\n<li>an appreciative attitude towards other people and<\/li>\n<li>the willingness to question one's own thinking and behavior.<\/li>\n<\/ul>\n<p>Because without these basic attitudes, it is neither possible to open up other people's thought models nor to build up a relationship with them characterized by trust in order to achieve the desired effects.<\/p>\n<p><em><strong>To the author: <\/strong>Ramon Lacher, Darmstadt, is a freelance journalist. He specializes in professional and career topics.<\/em><\/p>\n<p>&nbsp;<\/p>","protected":false},"excerpt":{"rendered":"<p>In den tayloristisch organisierten Betrieben der Vergangenheit standen deren Bereiche weitgehend unverkn\u00fcpft nebeneinander \u2013 gleich S\u00e4ulen. Und jeder Bereich hatte sein klar definiertes Aufgabenfeld. Auch die Mitarbeiter hatten klar umrissene Aufgaben, die entweder in ihren Stellenbeschreibungen definiert oder ihnen von ihren Vorgesetzten \u00fcbertragen worden waren. Heute ist dies anders \u2013 \u201ezumindest in den Unternehmen, die [&hellip;]<\/p>\n","protected":false},"author":4,"featured_media":0,"comment_status":"closed","ping_status":"closed","sticky":false,"template":"","format":"standard","meta":{"_acf_changed":false,"_yoast_wpseo_focuskw":"Weisungsbefugnis","_yoast_wpseo_metadesc":"In komplexen Arbeitsstrukturen und -beziehungen in den Unternehmen wird auch F\u00fchrung ohne Weisungsbefugnis immer wichtiger.","articlekey":"","footnotes":""},"categories":[28],"tags":[115,320,335],"class_list":["post-16359","post","type-post","status-publish","format-standard","hentry","category-management","tag-checklisten","tag-leadership","tag-management-und-unternehmensfuehrung"],"acf":[],"yoast_head":"<!-- This site is optimized with the Yoast SEO plugin v27.4 - https:\/\/yoast.com\/product\/yoast-seo-wordpress\/ -->\n<title>F\u00fchren ohne Weisungsbefugnis lernen - Organisator<\/title>\n<meta name=\"description\" content=\"In komplexen Arbeitsstrukturen und -beziehungen in den Unternehmen wird auch F\u00fchrung ohne Weisungsbefugnis immer wichtiger.\" \/>\n<meta name=\"robots\" content=\"index, follow, max-snippet:-1, max-image-preview:large, max-video-preview:-1\" \/>\n<link rel=\"canonical\" href=\"https:\/\/www.organisator.ch\/en\/management\/2022-08-05\/lead-without-learning-authorization\/\" \/>\n<meta property=\"og:locale\" content=\"en_US\" \/>\n<meta property=\"og:type\" content=\"article\" \/>\n<meta property=\"og:title\" content=\"F\u00fchren ohne Weisungsbefugnis lernen\" \/>\n<meta property=\"og:description\" content=\"In komplexen Arbeitsstrukturen und -beziehungen in den Unternehmen wird auch F\u00fchrung ohne Weisungsbefugnis immer wichtiger.\" \/>\n<meta property=\"og:url\" content=\"https:\/\/www.organisator.ch\/en\/management\/2022-08-05\/lead-without-learning-authorization\/\" \/>\n<meta property=\"og:site_name\" content=\"Organisator\" \/>\n<meta property=\"article:publisher\" content=\"https:\/\/www.facebook.com\/OrganisatorFachmagazin\" \/>\n<meta property=\"article:published_time\" content=\"2022-08-05T06:00:22+00:00\" \/>\n<meta property=\"article:modified_time\" content=\"2022-08-16T14:53:09+00:00\" \/>\n<meta property=\"og:image\" content=\"https:\/\/www.organisator.ch\/wp-content\/uploads\/2022\/08\/Fuhren-ohne-Weisungsbefugnis-lernen_Organisator.jpg\" \/>\n\t<meta property=\"og:image:width\" content=\"680\" \/>\n\t<meta property=\"og:image:height\" content=\"395\" \/>\n\t<meta property=\"og:image:type\" content=\"image\/jpeg\" \/>\n<meta name=\"author\" content=\"thomas.berner\" \/>\n<meta name=\"twitter:card\" content=\"summary_large_image\" \/>\n<meta name=\"twitter:title\" content=\"F\u00fchren ohne #Weisungsbefugnis lernen\" \/>\n<meta name=\"twitter:description\" content=\"In komplexen #Arbeitsstrukturen und -beziehungen in den Unternehmen wird auch #F\u00fchrung ohne #Weisungsbefugnis immer wichtiger.\" \/>\n<meta name=\"twitter:image\" content=\"https:\/\/www.organisator.ch\/wp-content\/uploads\/2022\/08\/Fuhren-ohne-Weisungsbefugnis-lernen_Organisator.jpg\" \/>\n<script type=\"application\/ld+json\" class=\"yoast-schema-graph\">{\"@context\":\"https:\\\/\\\/schema.org\",\"@graph\":[{\"@type\":\"Article\",\"@id\":\"https:\\\/\\\/www.organisator.ch\\\/management\\\/2022-08-05\\\/fuehren-ohne-weisungsbefugnis-lernen\\\/#article\",\"isPartOf\":{\"@id\":\"https:\\\/\\\/www.organisator.ch\\\/management\\\/2022-08-05\\\/fuehren-ohne-weisungsbefugnis-lernen\\\/\"},\"author\":{\"name\":\"thomas.berner\",\"@id\":\"https:\\\/\\\/www.organisator.ch\\\/#\\\/schema\\\/person\\\/6f650f90b2842cd4c0cc334b4e36f67e\"},\"headline\":\"F\u00fchren ohne Weisungsbefugnis lernen\",\"datePublished\":\"2022-08-05T06:00:22+00:00\",\"dateModified\":\"2022-08-16T14:53:09+00:00\",\"mainEntityOfPage\":{\"@id\":\"https:\\\/\\\/www.organisator.ch\\\/management\\\/2022-08-05\\\/fuehren-ohne-weisungsbefugnis-lernen\\\/\"},\"wordCount\":751,\"publisher\":{\"@id\":\"https:\\\/\\\/www.organisator.ch\\\/#organization\"},\"image\":{\"@id\":\"https:\\\/\\\/www.organisator.ch\\\/management\\\/2022-08-05\\\/fuehren-ohne-weisungsbefugnis-lernen\\\/#primaryimage\"},\"thumbnailUrl\":\"https:\\\/\\\/www.organisator.ch\\\/wp-content\\\/uploads\\\/2022\\\/08\\\/Fuhren-ohne-Weisungsbefugnis-lernen_Organisator.jpg\",\"keywords\":[\"Checklisten\",\"Leadership\",\"Management und Unternehmensf\u00fchrung\"],\"articleSection\":[\"MANAGEMENT\"],\"inLanguage\":\"en-US\"},{\"@type\":\"WebPage\",\"@id\":\"https:\\\/\\\/www.organisator.ch\\\/management\\\/2022-08-05\\\/fuehren-ohne-weisungsbefugnis-lernen\\\/\",\"url\":\"https:\\\/\\\/www.organisator.ch\\\/management\\\/2022-08-05\\\/fuehren-ohne-weisungsbefugnis-lernen\\\/\",\"name\":\"F\u00fchren ohne Weisungsbefugnis lernen - Organisator\",\"isPartOf\":{\"@id\":\"https:\\\/\\\/www.organisator.ch\\\/#website\"},\"primaryImageOfPage\":{\"@id\":\"https:\\\/\\\/www.organisator.ch\\\/management\\\/2022-08-05\\\/fuehren-ohne-weisungsbefugnis-lernen\\\/#primaryimage\"},\"image\":{\"@id\":\"https:\\\/\\\/www.organisator.ch\\\/management\\\/2022-08-05\\\/fuehren-ohne-weisungsbefugnis-lernen\\\/#primaryimage\"},\"thumbnailUrl\":\"https:\\\/\\\/www.organisator.ch\\\/wp-content\\\/uploads\\\/2022\\\/08\\\/Fuhren-ohne-Weisungsbefugnis-lernen_Organisator.jpg\",\"datePublished\":\"2022-08-05T06:00:22+00:00\",\"dateModified\":\"2022-08-16T14:53:09+00:00\",\"description\":\"In komplexen Arbeitsstrukturen und -beziehungen in den Unternehmen wird auch F\u00fchrung ohne Weisungsbefugnis immer wichtiger.\",\"breadcrumb\":{\"@id\":\"https:\\\/\\\/www.organisator.ch\\\/management\\\/2022-08-05\\\/fuehren-ohne-weisungsbefugnis-lernen\\\/#breadcrumb\"},\"inLanguage\":\"en-US\",\"potentialAction\":[{\"@type\":\"ReadAction\",\"target\":[\"https:\\\/\\\/www.organisator.ch\\\/management\\\/2022-08-05\\\/fuehren-ohne-weisungsbefugnis-lernen\\\/\"]}]},{\"@type\":\"ImageObject\",\"inLanguage\":\"en-US\",\"@id\":\"https:\\\/\\\/www.organisator.ch\\\/management\\\/2022-08-05\\\/fuehren-ohne-weisungsbefugnis-lernen\\\/#primaryimage\",\"url\":\"https:\\\/\\\/www.organisator.ch\\\/wp-content\\\/uploads\\\/2022\\\/08\\\/Fuhren-ohne-Weisungsbefugnis-lernen_Organisator.jpg\",\"contentUrl\":\"https:\\\/\\\/www.organisator.ch\\\/wp-content\\\/uploads\\\/2022\\\/08\\\/Fuhren-ohne-Weisungsbefugnis-lernen_Organisator.jpg\"},{\"@type\":\"BreadcrumbList\",\"@id\":\"https:\\\/\\\/www.organisator.ch\\\/management\\\/2022-08-05\\\/fuehren-ohne-weisungsbefugnis-lernen\\\/#breadcrumb\",\"itemListElement\":[{\"@type\":\"ListItem\",\"position\":1,\"name\":\"Home\",\"item\":\"https:\\\/\\\/www.organisator.ch\\\/\"},{\"@type\":\"ListItem\",\"position\":2,\"name\":\"F\u00fchren ohne Weisungsbefugnis lernen\"}]},{\"@type\":\"WebSite\",\"@id\":\"https:\\\/\\\/www.organisator.ch\\\/#website\",\"url\":\"https:\\\/\\\/www.organisator.ch\\\/\",\"name\":\"Organisator\",\"description\":\"Kompetent. Praxisnah. Der ORGANISATOR bereitet in 10 Ausgaben pro Jahr die wesentlichen Themen f\u00fcr F\u00fchrungskr\u00e4fte von KMU auf.\",\"publisher\":{\"@id\":\"https:\\\/\\\/www.organisator.ch\\\/#organization\"},\"potentialAction\":[{\"@type\":\"SearchAction\",\"target\":{\"@type\":\"EntryPoint\",\"urlTemplate\":\"https:\\\/\\\/www.organisator.ch\\\/?s={search_term_string}\"},\"query-input\":{\"@type\":\"PropertyValueSpecification\",\"valueRequired\":true,\"valueName\":\"search_term_string\"}}],\"inLanguage\":\"en-US\"},{\"@type\":\"Organization\",\"@id\":\"https:\\\/\\\/www.organisator.ch\\\/#organization\",\"name\":\"Organisator\",\"url\":\"https:\\\/\\\/www.organisator.ch\\\/\",\"logo\":{\"@type\":\"ImageObject\",\"inLanguage\":\"en-US\",\"@id\":\"https:\\\/\\\/www.organisator.ch\\\/#\\\/schema\\\/logo\\\/image\\\/\",\"url\":\"https:\\\/\\\/www.organisator.ch\\\/wp-content\\\/uploads\\\/2022\\\/01\\\/Logo_Organisator_Website.png\",\"contentUrl\":\"https:\\\/\\\/www.organisator.ch\\\/wp-content\\\/uploads\\\/2022\\\/01\\\/Logo_Organisator_Website.png\",\"width\":800,\"height\":77,\"caption\":\"Organisator\"},\"image\":{\"@id\":\"https:\\\/\\\/www.organisator.ch\\\/#\\\/schema\\\/logo\\\/image\\\/\"},\"sameAs\":[\"https:\\\/\\\/www.facebook.com\\\/OrganisatorFachmagazin\",\"https:\\\/\\\/www.linkedin.com\\\/showcase\\\/organisator-das-magazin-fr-kmu\",\"https:\\\/\\\/www.xing.com\\\/news\\\/pages\\\/organisator-ch-695\",\"https:\\\/\\\/www.youtube.com\\\/channel\\\/UCGP2Sq0iWaZwT3BdIAQFYpw\"]},{\"@type\":\"Person\",\"@id\":\"https:\\\/\\\/www.organisator.ch\\\/#\\\/schema\\\/person\\\/6f650f90b2842cd4c0cc334b4e36f67e\",\"name\":\"thomas.berner\",\"image\":{\"@type\":\"ImageObject\",\"inLanguage\":\"en-US\",\"@id\":\"https:\\\/\\\/secure.gravatar.com\\\/avatar\\\/ac5001d2a36cb6c6cd3e50789007ffca834b477b74a2144564522e944eabff61?s=96&d=mm&r=g\",\"url\":\"https:\\\/\\\/secure.gravatar.com\\\/avatar\\\/ac5001d2a36cb6c6cd3e50789007ffca834b477b74a2144564522e944eabff61?s=96&d=mm&r=g\",\"contentUrl\":\"https:\\\/\\\/secure.gravatar.com\\\/avatar\\\/ac5001d2a36cb6c6cd3e50789007ffca834b477b74a2144564522e944eabff61?s=96&d=mm&r=g\",\"caption\":\"thomas.berner\"},\"url\":\"https:\\\/\\\/www.organisator.ch\\\/en\\\/author\\\/thomas-berner\\\/\"}]}<\/script>\n<!-- \/ Yoast SEO plugin. -->","yoast_head_json":{"title":"Learning to lead without authority - Organizer","description":"In complex work structures and relationships in companies, leadership without authority to issue directives is also becoming increasingly important.","robots":{"index":"index","follow":"follow","max-snippet":"max-snippet:-1","max-image-preview":"max-image-preview:large","max-video-preview":"max-video-preview:-1"},"canonical":"https:\/\/www.organisator.ch\/en\/management\/2022-08-05\/lead-without-learning-authorization\/","og_locale":"en_US","og_type":"article","og_title":"F\u00fchren ohne Weisungsbefugnis lernen","og_description":"In komplexen Arbeitsstrukturen und -beziehungen in den Unternehmen wird auch F\u00fchrung ohne Weisungsbefugnis immer wichtiger.","og_url":"https:\/\/www.organisator.ch\/en\/management\/2022-08-05\/lead-without-learning-authorization\/","og_site_name":"Organisator","article_publisher":"https:\/\/www.facebook.com\/OrganisatorFachmagazin","article_published_time":"2022-08-05T06:00:22+00:00","article_modified_time":"2022-08-16T14:53:09+00:00","og_image":[{"width":680,"height":395,"url":"https:\/\/www.organisator.ch\/wp-content\/uploads\/2022\/08\/Fuhren-ohne-Weisungsbefugnis-lernen_Organisator.jpg","type":"image\/jpeg"}],"author":"thomas.berner","twitter_card":"summary_large_image","twitter_title":"F\u00fchren ohne #Weisungsbefugnis lernen","twitter_description":"In komplexen #Arbeitsstrukturen und -beziehungen in den Unternehmen wird auch #F\u00fchrung ohne #Weisungsbefugnis immer wichtiger.","twitter_image":"https:\/\/www.organisator.ch\/wp-content\/uploads\/2022\/08\/Fuhren-ohne-Weisungsbefugnis-lernen_Organisator.jpg","schema":{"@context":"https:\/\/schema.org","@graph":[{"@type":"Article","@id":"https:\/\/www.organisator.ch\/management\/2022-08-05\/fuehren-ohne-weisungsbefugnis-lernen\/#article","isPartOf":{"@id":"https:\/\/www.organisator.ch\/management\/2022-08-05\/fuehren-ohne-weisungsbefugnis-lernen\/"},"author":{"name":"thomas.berner","@id":"https:\/\/www.organisator.ch\/#\/schema\/person\/6f650f90b2842cd4c0cc334b4e36f67e"},"headline":"F\u00fchren ohne Weisungsbefugnis lernen","datePublished":"2022-08-05T06:00:22+00:00","dateModified":"2022-08-16T14:53:09+00:00","mainEntityOfPage":{"@id":"https:\/\/www.organisator.ch\/management\/2022-08-05\/fuehren-ohne-weisungsbefugnis-lernen\/"},"wordCount":751,"publisher":{"@id":"https:\/\/www.organisator.ch\/#organization"},"image":{"@id":"https:\/\/www.organisator.ch\/management\/2022-08-05\/fuehren-ohne-weisungsbefugnis-lernen\/#primaryimage"},"thumbnailUrl":"https:\/\/www.organisator.ch\/wp-content\/uploads\/2022\/08\/Fuhren-ohne-Weisungsbefugnis-lernen_Organisator.jpg","keywords":["Checklisten","Leadership","Management und Unternehmensf\u00fchrung"],"articleSection":["MANAGEMENT"],"inLanguage":"en-US"},{"@type":"WebPage","@id":"https:\/\/www.organisator.ch\/management\/2022-08-05\/fuehren-ohne-weisungsbefugnis-lernen\/","url":"https:\/\/www.organisator.ch\/management\/2022-08-05\/fuehren-ohne-weisungsbefugnis-lernen\/","name":"Learning to lead without authority - Organizer","isPartOf":{"@id":"https:\/\/www.organisator.ch\/#website"},"primaryImageOfPage":{"@id":"https:\/\/www.organisator.ch\/management\/2022-08-05\/fuehren-ohne-weisungsbefugnis-lernen\/#primaryimage"},"image":{"@id":"https:\/\/www.organisator.ch\/management\/2022-08-05\/fuehren-ohne-weisungsbefugnis-lernen\/#primaryimage"},"thumbnailUrl":"https:\/\/www.organisator.ch\/wp-content\/uploads\/2022\/08\/Fuhren-ohne-Weisungsbefugnis-lernen_Organisator.jpg","datePublished":"2022-08-05T06:00:22+00:00","dateModified":"2022-08-16T14:53:09+00:00","description":"In complex work structures and relationships in companies, leadership without authority to issue directives is also becoming increasingly important.","breadcrumb":{"@id":"https:\/\/www.organisator.ch\/management\/2022-08-05\/fuehren-ohne-weisungsbefugnis-lernen\/#breadcrumb"},"inLanguage":"en-US","potentialAction":[{"@type":"ReadAction","target":["https:\/\/www.organisator.ch\/management\/2022-08-05\/fuehren-ohne-weisungsbefugnis-lernen\/"]}]},{"@type":"ImageObject","inLanguage":"en-US","@id":"https:\/\/www.organisator.ch\/management\/2022-08-05\/fuehren-ohne-weisungsbefugnis-lernen\/#primaryimage","url":"https:\/\/www.organisator.ch\/wp-content\/uploads\/2022\/08\/Fuhren-ohne-Weisungsbefugnis-lernen_Organisator.jpg","contentUrl":"https:\/\/www.organisator.ch\/wp-content\/uploads\/2022\/08\/Fuhren-ohne-Weisungsbefugnis-lernen_Organisator.jpg"},{"@type":"BreadcrumbList","@id":"https:\/\/www.organisator.ch\/management\/2022-08-05\/fuehren-ohne-weisungsbefugnis-lernen\/#breadcrumb","itemListElement":[{"@type":"ListItem","position":1,"name":"Home","item":"https:\/\/www.organisator.ch\/"},{"@type":"ListItem","position":2,"name":"F\u00fchren ohne Weisungsbefugnis lernen"}]},{"@type":"WebSite","@id":"https:\/\/www.organisator.ch\/#website","url":"https:\/\/www.organisator.ch\/","name":"Organizer","description":"Competent. Practical. In 10 issues per year, ORGANISATOR presents the essential topics for managers of SMEs.","publisher":{"@id":"https:\/\/www.organisator.ch\/#organization"},"potentialAction":[{"@type":"SearchAction","target":{"@type":"EntryPoint","urlTemplate":"https:\/\/www.organisator.ch\/?s={search_term_string}"},"query-input":{"@type":"PropertyValueSpecification","valueRequired":true,"valueName":"search_term_string"}}],"inLanguage":"en-US"},{"@type":"Organization","@id":"https:\/\/www.organisator.ch\/#organization","name":"Organizer","url":"https:\/\/www.organisator.ch\/","logo":{"@type":"ImageObject","inLanguage":"en-US","@id":"https:\/\/www.organisator.ch\/#\/schema\/logo\/image\/","url":"https:\/\/www.organisator.ch\/wp-content\/uploads\/2022\/01\/Logo_Organisator_Website.png","contentUrl":"https:\/\/www.organisator.ch\/wp-content\/uploads\/2022\/01\/Logo_Organisator_Website.png","width":800,"height":77,"caption":"Organisator"},"image":{"@id":"https:\/\/www.organisator.ch\/#\/schema\/logo\/image\/"},"sameAs":["https:\/\/www.facebook.com\/OrganisatorFachmagazin","https:\/\/www.linkedin.com\/showcase\/organisator-das-magazin-fr-kmu","https:\/\/www.xing.com\/news\/pages\/organisator-ch-695","https:\/\/www.youtube.com\/channel\/UCGP2Sq0iWaZwT3BdIAQFYpw"]},{"@type":"Person","@id":"https:\/\/www.organisator.ch\/#\/schema\/person\/6f650f90b2842cd4c0cc334b4e36f67e","name":"thomas.berner","image":{"@type":"ImageObject","inLanguage":"en-US","@id":"https:\/\/secure.gravatar.com\/avatar\/ac5001d2a36cb6c6cd3e50789007ffca834b477b74a2144564522e944eabff61?s=96&d=mm&r=g","url":"https:\/\/secure.gravatar.com\/avatar\/ac5001d2a36cb6c6cd3e50789007ffca834b477b74a2144564522e944eabff61?s=96&d=mm&r=g","contentUrl":"https:\/\/secure.gravatar.com\/avatar\/ac5001d2a36cb6c6cd3e50789007ffca834b477b74a2144564522e944eabff61?s=96&d=mm&r=g","caption":"thomas.berner"},"url":"https:\/\/www.organisator.ch\/en\/author\/thomas-berner\/"}]}},"_links":{"self":[{"href":"https:\/\/www.organisator.ch\/en\/wp-json\/wp\/v2\/posts\/16359","targetHints":{"allow":["GET"]}}],"collection":[{"href":"https:\/\/www.organisator.ch\/en\/wp-json\/wp\/v2\/posts"}],"about":[{"href":"https:\/\/www.organisator.ch\/en\/wp-json\/wp\/v2\/types\/post"}],"author":[{"embeddable":true,"href":"https:\/\/www.organisator.ch\/en\/wp-json\/wp\/v2\/users\/4"}],"replies":[{"embeddable":true,"href":"https:\/\/www.organisator.ch\/en\/wp-json\/wp\/v2\/comments?post=16359"}],"version-history":[{"count":1,"href":"https:\/\/www.organisator.ch\/en\/wp-json\/wp\/v2\/posts\/16359\/revisions"}],"predecessor-version":[{"id":16361,"href":"https:\/\/www.organisator.ch\/en\/wp-json\/wp\/v2\/posts\/16359\/revisions\/16361"}],"wp:attachment":[{"href":"https:\/\/www.organisator.ch\/en\/wp-json\/wp\/v2\/media?parent=16359"}],"wp:term":[{"taxonomy":"category","embeddable":true,"href":"https:\/\/www.organisator.ch\/en\/wp-json\/wp\/v2\/categories?post=16359"},{"taxonomy":"post_tag","embeddable":true,"href":"https:\/\/www.organisator.ch\/en\/wp-json\/wp\/v2\/tags?post=16359"}],"curies":[{"name":"wp","href":"https:\/\/api.w.org\/{rel}","templated":true}]}}