{"id":16372,"date":"2022-08-08T08:32:39","date_gmt":"2022-08-08T06:32:39","guid":{"rendered":"https:\/\/www.m-q.ch\/?p=16753"},"modified":"2024-11-19T13:57:39","modified_gmt":"2024-11-19T12:57:39","slug":"graubuendner-kantonalbank-in-sachen-nachhaltigkeit-mit-aa-bewertet","status":"publish","type":"post","link":"https:\/\/www.organisator.ch\/en\/operational-excellence\/2022-08-08\/graubuendner-kantonalbank-in-sachen-nachhaltigkeit-mit-aa-bewertet\/","title":{"rendered":"Graub\u00fcndner Kantonalbank rated \"AA\" for sustainability"},"content":{"rendered":"<figure id=\"attachment_16754\" class=\"wp-caption alignnone\" style=\"width: 680px;\" aria-describedby=\"caption-attachment-16754\"><img class=\"alignnone wp-image-16754 size-full\" src=\"https:\/\/www.m-q.ch\/wp-content\/uploads\/2022\/08\/Graubuendner-Kantonalbank-in-Sachen-Nachhaltigkeit-mit-AA-bewertet_MQ.jpg\" sizes=\"(max-width: 680px) 100vw, 680px\" srcset=\"https:\/\/www.m-q.ch\/wp-content\/uploads\/2022\/08\/Graubuendner-Kantonalbank-in-Sachen-Nachhaltigkeit-mit-AA-bewertet_MQ.jpg 680w, https:\/\/www.m-q.ch\/wp-content\/uploads\/2022\/08\/Graubuendner-Kantonalbank-in-Sachen-Nachhaltigkeit-mit-AA-bewertet_MQ-18x8.jpg 18w, https:\/\/www.m-q.ch\/wp-content\/uploads\/2022\/08\/Graubuendner-Kantonalbank-in-Sachen-Nachhaltigkeit-mit-AA-bewertet_MQ-375x166.jpg 375w, https:\/\/www.m-q.ch\/wp-content\/uploads\/2022\/08\/Graubuendner-Kantonalbank-in-Sachen-Nachhaltigkeit-mit-AA-bewertet_MQ-300x133.jpg 300w\" alt=\"GKB sustainability rating\" width=\"680\" height=\"301\" \/>\r\n<figcaption id=\"caption-attachment-16754\" class=\"wp-caption-text\">GKB's exposure is now rated \"AA\" by the rating agency MSCI. (Image: GKB)<\/figcaption>\r\n<\/figure>\r\n<p>With an \"AA\" rating, Graub\u00fcndner Kantonalbank GKB receives the second highest sustainability rating from MSCI. The sustainability ratings of agencies such as MSCI aim to measure a company's handling of financially relevant ESG risks and opportunities. The rating takes into account social criteria, governance criteria and environmental aspects.<\/p>\r\n<h3><strong>Sustainability: Commitment and transparency<\/strong><\/h3>\r\n<p>Sustainability is firmly anchored in GKB's strategy, the bank says. \"I am all the more pleased that our commitment and performance are now rated AA,\" says its CEO Daniel Fust. \"For years, we have been committed to sustainable development in the canton as well as in our investment and financing business. With our new GRI sustainability report, we communicate our activities transparently and comprehensibly.\" The rating agency MSCI also confirms that Graub\u00fcndner Kantonalbank meets the highest requirements in the areas of money laundering, corruption and data protection. MSCI also highlights GKB's activities in the area of talent development and employee training, according to the Graub\u00fcndner Kantonalbank press release.<\/p>\r\n<h3><strong>Graub\u00fcndner Kantonalbank is committed to the Swiss Climate Foundation<\/strong><\/h3>\r\n<p>Graub\u00fcndner Kantonalbank is now supporting the Swiss Climate Foundation. \"For effective climate protection, we need to pool our resources and promote innovation beyond the cantonal borders. This is exactly what we achieve as a partner of the Swiss Climate Foundation,\" says Daniel Fust. The foundation's funding flows into the development of innovative technologies to protect the climate, including in the building sector and agriculture, or into projects in the area of circular economy.<\/p>\r\n<p>Graub\u00fcndner Kantonalbank and 27 other companies from the service sector are supporting the investments of the Swiss Climate Foundation. \"By joining the Swiss Climate Foundation, Graub\u00fcndner Kantonalbank is sending a clear signal that climate protection does not end at the cantonal border. Climate change is an immense challenge that we can only master with combined forces and forward-looking solutions and technologies,\" says Vincent Eckert, Managing Director of the Swiss Climate Foundation. Since its establishment in 2009, the foundation has supported around 2100 SMEs in Switzerland and Liechtenstein with over 33 million Swiss francs.<\/p>\r\n<p><em>Source: <a href=\"https:\/\/www.gkb.ch\/de\">GKB<\/a><\/em><\/p>\n<p class=\"syndicated-attribution\">This article originally appeared on m-q.ch - <a href=\"https:\/\/www.m-q.ch\/de\/graubuendner-kantonalbank-in-sachen-nachhaltigkeit-mit-aa-bewertet\/\" target=\"_blank\">https:\/\/www.m-q.ch\/de\/graubuendner-kantonalbank-in-sachen-nachhaltigkeit-mit-aa-bewertet\/<\/a><\/p>","protected":false},"excerpt":{"rendered":"<p>Mit der \u00abAA\u00bb Bewertung erh\u00e4lt die Graub\u00fcndner Kantonalbank GKB das zweith\u00f6chste Nachhaltigkeitsrating von MSCI. Die Nachhaltigkeits-Ratings von Agenturen wie MSCI zielen darauf ab, den Umgang eines Unternehmens mit finanziell relevanten ESG-Risiken und -Chancen zu messen. In das Rating fliessen sozial-gesellschaftliche Kriterien (Social), solche der guten Unternehmensf\u00fchrung (Governance) und Aspekte von Umweltauswirkungen (Environmental) mit ein. Nachhaltigkeit: [\u2026]<\/p>\n","protected":false},"author":8,"featured_media":0,"comment_status":"closed","ping_status":"closed","sticky":false,"template":"","format":"standard","meta":{"_acf_changed":false,"_yoast_wpseo_focuskw":"GKB Nachhaltigkeitsrating","_yoast_wpseo_metadesc":"Die GKB erh\u00e4lt ein AA-Nachhaltigkeitsrating von MSCI. Erfahren Sie mehr \u00fcber ihr Engagement und ihre Transparenz.","articlekey":"","footnotes":""},"categories":[582],"tags":[4769,300,4770,1787,3318],"class_list":["post-16372","post","type-post","status-publish","format-standard","hentry","category-operational-excellence","tag-gkb","tag-klimaschutz","tag-msci","tag-nachhaltigkeit","tag-rating"],"acf":[],"yoast_head":"<!-- This site is optimized with the Yoast SEO plugin v27.5 - https:\/\/yoast.com\/product\/yoast-seo-wordpress\/ -->\n<title>Graub\u00fcndner Kantonalbank in Sachen Nachhaltigkeit mit \u00abAA\u00bb bewertet - Organisator<\/title>\n<meta name=\"description\" content=\"Die GKB erh\u00e4lt ein AA-Nachhaltigkeitsrating von MSCI. Erfahren Sie mehr \u00fcber ihr Engagement und ihre Transparenz.\" \/>\n<meta name=\"robots\" content=\"index, follow, max-snippet:-1, max-image-preview:large, max-video-preview:-1\" \/>\n<link rel=\"canonical\" href=\"https:\/\/www.organisator.ch\/en\/operational-excellence\/2022-08-08\/graubuendner-kantonalbank-in-sachen-nachhaltigkeit-mit-aa-bewertet\/\" \/>\n<meta property=\"og:locale\" content=\"en_US\" \/>\n<meta property=\"og:type\" content=\"article\" \/>\n<meta property=\"og:title\" content=\"Graub\u00fcndner Kantonalbank in Sachen Nachhaltigkeit mit \u00abAA\u00bb bewertet - Organisator\" \/>\n<meta property=\"og:description\" content=\"Die GKB erh\u00e4lt ein AA-Nachhaltigkeitsrating von MSCI. Erfahren Sie mehr \u00fcber ihr Engagement und ihre Transparenz.\" \/>\n<meta property=\"og:url\" content=\"https:\/\/www.organisator.ch\/en\/operational-excellence\/2022-08-08\/graubuendner-kantonalbank-in-sachen-nachhaltigkeit-mit-aa-bewertet\/\" \/>\n<meta property=\"og:site_name\" content=\"Organisator\" \/>\n<meta property=\"article:publisher\" content=\"https:\/\/www.facebook.com\/OrganisatorFachmagazin\" \/>\n<meta property=\"article:published_time\" content=\"2022-08-08T06:32:39+00:00\" \/>\n<meta property=\"article:modified_time\" content=\"2024-11-19T12:57:39+00:00\" \/>\n<meta name=\"author\" content=\"galledia\" \/>\n<meta name=\"twitter:card\" content=\"summary_large_image\" \/>\n<meta name=\"twitter:creator\" content=\"@admin\" \/>\n<script type=\"application\/ld+json\" class=\"yoast-schema-graph\">{\"@context\":\"https:\\\/\\\/schema.org\",\"@graph\":[{\"@type\":\"Article\",\"@id\":\"https:\\\/\\\/www.organisator.ch\\\/operational-excellence\\\/2022-08-08\\\/graubuendner-kantonalbank-in-sachen-nachhaltigkeit-mit-aa-bewertet\\\/#article\",\"isPartOf\":{\"@id\":\"https:\\\/\\\/www.organisator.ch\\\/operational-excellence\\\/2022-08-08\\\/graubuendner-kantonalbank-in-sachen-nachhaltigkeit-mit-aa-bewertet\\\/\"},\"author\":{\"name\":\"galledia\",\"@id\":\"https:\\\/\\\/www.organisator.ch\\\/#\\\/schema\\\/person\\\/4e51799071cd2dd1232ac003643ef5f0\"},\"headline\":\"Graub\u00fcndner Kantonalbank in Sachen Nachhaltigkeit mit \u00abAA\u00bb bewertet\",\"datePublished\":\"2022-08-08T06:32:39+00:00\",\"dateModified\":\"2024-11-19T12:57:39+00:00\",\"mainEntityOfPage\":{\"@id\":\"https:\\\/\\\/www.organisator.ch\\\/operational-excellence\\\/2022-08-08\\\/graubuendner-kantonalbank-in-sachen-nachhaltigkeit-mit-aa-bewertet\\\/\"},\"wordCount\":388,\"publisher\":{\"@id\":\"https:\\\/\\\/www.organisator.ch\\\/#organization\"},\"image\":{\"@id\":\"https:\\\/\\\/www.organisator.ch\\\/operational-excellence\\\/2022-08-08\\\/graubuendner-kantonalbank-in-sachen-nachhaltigkeit-mit-aa-bewertet\\\/#primaryimage\"},\"thumbnailUrl\":\"https:\\\/\\\/www.m-q.ch\\\/wp-content\\\/uploads\\\/2022\\\/08\\\/Graubuendner-Kantonalbank-in-Sachen-Nachhaltigkeit-mit-AA-bewertet_MQ.jpg\",\"keywords\":[\"GKB\",\"Klimaschutz\",\"MSCI\",\"Nachhaltigkeit\",\"Rating\"],\"articleSection\":[\"OPERATIONAL EXCELLENCE\"],\"inLanguage\":\"en-US\"},{\"@type\":\"WebPage\",\"@id\":\"https:\\\/\\\/www.organisator.ch\\\/operational-excellence\\\/2022-08-08\\\/graubuendner-kantonalbank-in-sachen-nachhaltigkeit-mit-aa-bewertet\\\/\",\"url\":\"https:\\\/\\\/www.organisator.ch\\\/operational-excellence\\\/2022-08-08\\\/graubuendner-kantonalbank-in-sachen-nachhaltigkeit-mit-aa-bewertet\\\/\",\"name\":\"Graub\u00fcndner Kantonalbank in Sachen Nachhaltigkeit mit \u00abAA\u00bb bewertet - Organisator\",\"isPartOf\":{\"@id\":\"https:\\\/\\\/www.organisator.ch\\\/#website\"},\"primaryImageOfPage\":{\"@id\":\"https:\\\/\\\/www.organisator.ch\\\/operational-excellence\\\/2022-08-08\\\/graubuendner-kantonalbank-in-sachen-nachhaltigkeit-mit-aa-bewertet\\\/#primaryimage\"},\"image\":{\"@id\":\"https:\\\/\\\/www.organisator.ch\\\/operational-excellence\\\/2022-08-08\\\/graubuendner-kantonalbank-in-sachen-nachhaltigkeit-mit-aa-bewertet\\\/#primaryimage\"},\"thumbnailUrl\":\"https:\\\/\\\/www.m-q.ch\\\/wp-content\\\/uploads\\\/2022\\\/08\\\/Graubuendner-Kantonalbank-in-Sachen-Nachhaltigkeit-mit-AA-bewertet_MQ.jpg\",\"datePublished\":\"2022-08-08T06:32:39+00:00\",\"dateModified\":\"2024-11-19T12:57:39+00:00\",\"description\":\"Die GKB erh\u00e4lt ein AA-Nachhaltigkeitsrating von MSCI. Erfahren Sie mehr \u00fcber ihr Engagement und ihre Transparenz.\",\"breadcrumb\":{\"@id\":\"https:\\\/\\\/www.organisator.ch\\\/operational-excellence\\\/2022-08-08\\\/graubuendner-kantonalbank-in-sachen-nachhaltigkeit-mit-aa-bewertet\\\/#breadcrumb\"},\"inLanguage\":\"en-US\",\"potentialAction\":[{\"@type\":\"ReadAction\",\"target\":[\"https:\\\/\\\/www.organisator.ch\\\/operational-excellence\\\/2022-08-08\\\/graubuendner-kantonalbank-in-sachen-nachhaltigkeit-mit-aa-bewertet\\\/\"]}]},{\"@type\":\"ImageObject\",\"inLanguage\":\"en-US\",\"@id\":\"https:\\\/\\\/www.organisator.ch\\\/operational-excellence\\\/2022-08-08\\\/graubuendner-kantonalbank-in-sachen-nachhaltigkeit-mit-aa-bewertet\\\/#primaryimage\",\"url\":\"https:\\\/\\\/www.m-q.ch\\\/wp-content\\\/uploads\\\/2022\\\/08\\\/Graubuendner-Kantonalbank-in-Sachen-Nachhaltigkeit-mit-AA-bewertet_MQ.jpg\",\"contentUrl\":\"https:\\\/\\\/www.m-q.ch\\\/wp-content\\\/uploads\\\/2022\\\/08\\\/Graubuendner-Kantonalbank-in-Sachen-Nachhaltigkeit-mit-AA-bewertet_MQ.jpg\"},{\"@type\":\"BreadcrumbList\",\"@id\":\"https:\\\/\\\/www.organisator.ch\\\/operational-excellence\\\/2022-08-08\\\/graubuendner-kantonalbank-in-sachen-nachhaltigkeit-mit-aa-bewertet\\\/#breadcrumb\",\"itemListElement\":[{\"@type\":\"ListItem\",\"position\":1,\"name\":\"Home\",\"item\":\"https:\\\/\\\/www.organisator.ch\\\/\"},{\"@type\":\"ListItem\",\"position\":2,\"name\":\"Graub\u00fcndner Kantonalbank in Sachen Nachhaltigkeit mit \u00abAA\u00bb bewertet\"}]},{\"@type\":\"WebSite\",\"@id\":\"https:\\\/\\\/www.organisator.ch\\\/#website\",\"url\":\"https:\\\/\\\/www.organisator.ch\\\/\",\"name\":\"Organisator\",\"description\":\"Kompetent. Praxisnah. Der ORGANISATOR bereitet in 10 Ausgaben pro Jahr die wesentlichen Themen f\u00fcr F\u00fchrungskr\u00e4fte von KMU auf.\",\"publisher\":{\"@id\":\"https:\\\/\\\/www.organisator.ch\\\/#organization\"},\"potentialAction\":[{\"@type\":\"SearchAction\",\"target\":{\"@type\":\"EntryPoint\",\"urlTemplate\":\"https:\\\/\\\/www.organisator.ch\\\/?s={search_term_string}\"},\"query-input\":{\"@type\":\"PropertyValueSpecification\",\"valueRequired\":true,\"valueName\":\"search_term_string\"}}],\"inLanguage\":\"en-US\"},{\"@type\":\"Organization\",\"@id\":\"https:\\\/\\\/www.organisator.ch\\\/#organization\",\"name\":\"Organisator\",\"url\":\"https:\\\/\\\/www.organisator.ch\\\/\",\"logo\":{\"@type\":\"ImageObject\",\"inLanguage\":\"en-US\",\"@id\":\"https:\\\/\\\/www.organisator.ch\\\/#\\\/schema\\\/logo\\\/image\\\/\",\"url\":\"https:\\\/\\\/www.organisator.ch\\\/wp-content\\\/uploads\\\/2022\\\/01\\\/Logo_Organisator_Website.png\",\"contentUrl\":\"https:\\\/\\\/www.organisator.ch\\\/wp-content\\\/uploads\\\/2022\\\/01\\\/Logo_Organisator_Website.png\",\"width\":800,\"height\":77,\"caption\":\"Organisator\"},\"image\":{\"@id\":\"https:\\\/\\\/www.organisator.ch\\\/#\\\/schema\\\/logo\\\/image\\\/\"},\"sameAs\":[\"https:\\\/\\\/www.facebook.com\\\/OrganisatorFachmagazin\",\"https:\\\/\\\/www.linkedin.com\\\/showcase\\\/organisator-das-magazin-fr-kmu\",\"https:\\\/\\\/www.xing.com\\\/news\\\/pages\\\/organisator-ch-695\",\"https:\\\/\\\/www.youtube.com\\\/channel\\\/UCGP2Sq0iWaZwT3BdIAQFYpw\"]},{\"@type\":\"Person\",\"@id\":\"https:\\\/\\\/www.organisator.ch\\\/#\\\/schema\\\/person\\\/4e51799071cd2dd1232ac003643ef5f0\",\"name\":\"galledia\",\"image\":{\"@type\":\"ImageObject\",\"inLanguage\":\"en-US\",\"@id\":\"https:\\\/\\\/secure.gravatar.com\\\/avatar\\\/78a7f90c01fc2bfc875782a0d4922b37cde2cf184ce347b91316d23cd7f69a36?s=96&d=mm&r=g\",\"url\":\"https:\\\/\\\/secure.gravatar.com\\\/avatar\\\/78a7f90c01fc2bfc875782a0d4922b37cde2cf184ce347b91316d23cd7f69a36?s=96&d=mm&r=g\",\"contentUrl\":\"https:\\\/\\\/secure.gravatar.com\\\/avatar\\\/78a7f90c01fc2bfc875782a0d4922b37cde2cf184ce347b91316d23cd7f69a36?s=96&d=mm&r=g\",\"caption\":\"galledia\"},\"sameAs\":[\"https:\\\/\\\/x.com\\\/admin\"],\"url\":\"https:\\\/\\\/www.organisator.ch\\\/en\\\/author\\\/galledia\\\/\"}]}<\/script>\n<!-- \/ Yoast SEO plugin. -->","yoast_head_json":{"title":"Graub\u00fcndner Kantonalbank rated \"AA\" for sustainability - Organizer","description":"GKB receives an AA sustainability rating from MSCI. Find out more about its commitment and transparency.","robots":{"index":"index","follow":"follow","max-snippet":"max-snippet:-1","max-image-preview":"max-image-preview:large","max-video-preview":"max-video-preview:-1"},"canonical":"https:\/\/www.organisator.ch\/en\/operational-excellence\/2022-08-08\/graubuendner-kantonalbank-in-sachen-nachhaltigkeit-mit-aa-bewertet\/","og_locale":"en_US","og_type":"article","og_title":"Graub\u00fcndner Kantonalbank in Sachen Nachhaltigkeit mit \u00abAA\u00bb bewertet - Organisator","og_description":"Die GKB erh\u00e4lt ein AA-Nachhaltigkeitsrating von MSCI. Erfahren Sie mehr \u00fcber ihr Engagement und ihre Transparenz.","og_url":"https:\/\/www.organisator.ch\/en\/operational-excellence\/2022-08-08\/graubuendner-kantonalbank-in-sachen-nachhaltigkeit-mit-aa-bewertet\/","og_site_name":"Organisator","article_publisher":"https:\/\/www.facebook.com\/OrganisatorFachmagazin","article_published_time":"2022-08-08T06:32:39+00:00","article_modified_time":"2024-11-19T12:57:39+00:00","author":"galledia","twitter_card":"summary_large_image","twitter_creator":"@admin","schema":{"@context":"https:\/\/schema.org","@graph":[{"@type":"Article","@id":"https:\/\/www.organisator.ch\/operational-excellence\/2022-08-08\/graubuendner-kantonalbank-in-sachen-nachhaltigkeit-mit-aa-bewertet\/#article","isPartOf":{"@id":"https:\/\/www.organisator.ch\/operational-excellence\/2022-08-08\/graubuendner-kantonalbank-in-sachen-nachhaltigkeit-mit-aa-bewertet\/"},"author":{"name":"galledia","@id":"https:\/\/www.organisator.ch\/#\/schema\/person\/4e51799071cd2dd1232ac003643ef5f0"},"headline":"Graub\u00fcndner Kantonalbank in Sachen Nachhaltigkeit mit \u00abAA\u00bb bewertet","datePublished":"2022-08-08T06:32:39+00:00","dateModified":"2024-11-19T12:57:39+00:00","mainEntityOfPage":{"@id":"https:\/\/www.organisator.ch\/operational-excellence\/2022-08-08\/graubuendner-kantonalbank-in-sachen-nachhaltigkeit-mit-aa-bewertet\/"},"wordCount":388,"publisher":{"@id":"https:\/\/www.organisator.ch\/#organization"},"image":{"@id":"https:\/\/www.organisator.ch\/operational-excellence\/2022-08-08\/graubuendner-kantonalbank-in-sachen-nachhaltigkeit-mit-aa-bewertet\/#primaryimage"},"thumbnailUrl":"https:\/\/www.m-q.ch\/wp-content\/uploads\/2022\/08\/Graubuendner-Kantonalbank-in-Sachen-Nachhaltigkeit-mit-AA-bewertet_MQ.jpg","keywords":["GKB","Klimaschutz","MSCI","Nachhaltigkeit","Rating"],"articleSection":["OPERATIONAL EXCELLENCE"],"inLanguage":"en-US"},{"@type":"WebPage","@id":"https:\/\/www.organisator.ch\/operational-excellence\/2022-08-08\/graubuendner-kantonalbank-in-sachen-nachhaltigkeit-mit-aa-bewertet\/","url":"https:\/\/www.organisator.ch\/operational-excellence\/2022-08-08\/graubuendner-kantonalbank-in-sachen-nachhaltigkeit-mit-aa-bewertet\/","name":"Graub\u00fcndner Kantonalbank rated \"AA\" for sustainability - Organizer","isPartOf":{"@id":"https:\/\/www.organisator.ch\/#website"},"primaryImageOfPage":{"@id":"https:\/\/www.organisator.ch\/operational-excellence\/2022-08-08\/graubuendner-kantonalbank-in-sachen-nachhaltigkeit-mit-aa-bewertet\/#primaryimage"},"image":{"@id":"https:\/\/www.organisator.ch\/operational-excellence\/2022-08-08\/graubuendner-kantonalbank-in-sachen-nachhaltigkeit-mit-aa-bewertet\/#primaryimage"},"thumbnailUrl":"https:\/\/www.m-q.ch\/wp-content\/uploads\/2022\/08\/Graubuendner-Kantonalbank-in-Sachen-Nachhaltigkeit-mit-AA-bewertet_MQ.jpg","datePublished":"2022-08-08T06:32:39+00:00","dateModified":"2024-11-19T12:57:39+00:00","description":"GKB receives an AA sustainability rating from MSCI. Find out more about its commitment and transparency.","breadcrumb":{"@id":"https:\/\/www.organisator.ch\/operational-excellence\/2022-08-08\/graubuendner-kantonalbank-in-sachen-nachhaltigkeit-mit-aa-bewertet\/#breadcrumb"},"inLanguage":"en-US","potentialAction":[{"@type":"ReadAction","target":["https:\/\/www.organisator.ch\/operational-excellence\/2022-08-08\/graubuendner-kantonalbank-in-sachen-nachhaltigkeit-mit-aa-bewertet\/"]}]},{"@type":"ImageObject","inLanguage":"en-US","@id":"https:\/\/www.organisator.ch\/operational-excellence\/2022-08-08\/graubuendner-kantonalbank-in-sachen-nachhaltigkeit-mit-aa-bewertet\/#primaryimage","url":"https:\/\/www.m-q.ch\/wp-content\/uploads\/2022\/08\/Graubuendner-Kantonalbank-in-Sachen-Nachhaltigkeit-mit-AA-bewertet_MQ.jpg","contentUrl":"https:\/\/www.m-q.ch\/wp-content\/uploads\/2022\/08\/Graubuendner-Kantonalbank-in-Sachen-Nachhaltigkeit-mit-AA-bewertet_MQ.jpg"},{"@type":"BreadcrumbList","@id":"https:\/\/www.organisator.ch\/operational-excellence\/2022-08-08\/graubuendner-kantonalbank-in-sachen-nachhaltigkeit-mit-aa-bewertet\/#breadcrumb","itemListElement":[{"@type":"ListItem","position":1,"name":"Home","item":"https:\/\/www.organisator.ch\/"},{"@type":"ListItem","position":2,"name":"Graub\u00fcndner Kantonalbank in Sachen Nachhaltigkeit mit \u00abAA\u00bb bewertet"}]},{"@type":"WebSite","@id":"https:\/\/www.organisator.ch\/#website","url":"https:\/\/www.organisator.ch\/","name":"Organizer","description":"Competent. Practical. In 10 issues per year, ORGANISATOR presents the essential topics for managers of SMEs.","publisher":{"@id":"https:\/\/www.organisator.ch\/#organization"},"potentialAction":[{"@type":"SearchAction","target":{"@type":"EntryPoint","urlTemplate":"https:\/\/www.organisator.ch\/?s={search_term_string}"},"query-input":{"@type":"PropertyValueSpecification","valueRequired":true,"valueName":"search_term_string"}}],"inLanguage":"en-US"},{"@type":"Organization","@id":"https:\/\/www.organisator.ch\/#organization","name":"Organizer","url":"https:\/\/www.organisator.ch\/","logo":{"@type":"ImageObject","inLanguage":"en-US","@id":"https:\/\/www.organisator.ch\/#\/schema\/logo\/image\/","url":"https:\/\/www.organisator.ch\/wp-content\/uploads\/2022\/01\/Logo_Organisator_Website.png","contentUrl":"https:\/\/www.organisator.ch\/wp-content\/uploads\/2022\/01\/Logo_Organisator_Website.png","width":800,"height":77,"caption":"Organisator"},"image":{"@id":"https:\/\/www.organisator.ch\/#\/schema\/logo\/image\/"},"sameAs":["https:\/\/www.facebook.com\/OrganisatorFachmagazin","https:\/\/www.linkedin.com\/showcase\/organisator-das-magazin-fr-kmu","https:\/\/www.xing.com\/news\/pages\/organisator-ch-695","https:\/\/www.youtube.com\/channel\/UCGP2Sq0iWaZwT3BdIAQFYpw"]},{"@type":"Person","@id":"https:\/\/www.organisator.ch\/#\/schema\/person\/4e51799071cd2dd1232ac003643ef5f0","name":"galledia","image":{"@type":"ImageObject","inLanguage":"en-US","@id":"https:\/\/secure.gravatar.com\/avatar\/78a7f90c01fc2bfc875782a0d4922b37cde2cf184ce347b91316d23cd7f69a36?s=96&d=mm&r=g","url":"https:\/\/secure.gravatar.com\/avatar\/78a7f90c01fc2bfc875782a0d4922b37cde2cf184ce347b91316d23cd7f69a36?s=96&d=mm&r=g","contentUrl":"https:\/\/secure.gravatar.com\/avatar\/78a7f90c01fc2bfc875782a0d4922b37cde2cf184ce347b91316d23cd7f69a36?s=96&d=mm&r=g","caption":"galledia"},"sameAs":["https:\/\/x.com\/admin"],"url":"https:\/\/www.organisator.ch\/en\/author\/galledia\/"}]}},"_links":{"self":[{"href":"https:\/\/www.organisator.ch\/en\/wp-json\/wp\/v2\/posts\/16372","targetHints":{"allow":["GET"]}}],"collection":[{"href":"https:\/\/www.organisator.ch\/en\/wp-json\/wp\/v2\/posts"}],"about":[{"href":"https:\/\/www.organisator.ch\/en\/wp-json\/wp\/v2\/types\/post"}],"author":[{"embeddable":true,"href":"https:\/\/www.organisator.ch\/en\/wp-json\/wp\/v2\/users\/8"}],"replies":[{"embeddable":true,"href":"https:\/\/www.organisator.ch\/en\/wp-json\/wp\/v2\/comments?post=16372"}],"version-history":[{"count":3,"href":"https:\/\/www.organisator.ch\/en\/wp-json\/wp\/v2\/posts\/16372\/revisions"}],"predecessor-version":[{"id":33530,"href":"https:\/\/www.organisator.ch\/en\/wp-json\/wp\/v2\/posts\/16372\/revisions\/33530"}],"wp:attachment":[{"href":"https:\/\/www.organisator.ch\/en\/wp-json\/wp\/v2\/media?parent=16372"}],"wp:term":[{"taxonomy":"category","embeddable":true,"href":"https:\/\/www.organisator.ch\/en\/wp-json\/wp\/v2\/categories?post=16372"},{"taxonomy":"post_tag","embeddable":true,"href":"https:\/\/www.organisator.ch\/en\/wp-json\/wp\/v2\/tags?post=16372"}],"curies":[{"name":"wp","href":"https:\/\/api.w.org\/{rel}","templated":true}]}}