{"id":16384,"date":"2022-08-09T11:38:19","date_gmt":"2022-08-09T09:38:19","guid":{"rendered":"https:\/\/www.organisator.ch\/?p=16384"},"modified":"2022-08-09T11:38:19","modified_gmt":"2022-08-09T09:38:19","slug":"swiss-builders-association-two-new-management-members","status":"publish","type":"post","link":"https:\/\/www.organisator.ch\/en\/management\/2022-08-09\/schweizerischer-baumeisterverband-zwei-neue-geschaeftsleitungsmitglieder\/","title":{"rendered":"Swiss Association of Master Builders: Two new members of the Executive Board"},"content":{"rendered":"<figure id=\"attachment_16385\" aria-describedby=\"caption-attachment-16385\" style=\"width: 680px\" class=\"wp-caption alignnone\"><img loading=\"lazy\" decoding=\"async\" class=\"size-full wp-image-16385\" src=\"https:\/\/www.organisator.ch\/wp-content\/uploads\/2022\/08\/Schweizerischer-Baumeisterverband-Zwei-neue-Geschaftsleitungsmitglieder_Organisator.jpg\" alt=\"\" width=\"680\" height=\"408\" srcset=\"https:\/\/www.organisator.ch\/wp-content\/uploads\/2022\/08\/Schweizerischer-Baumeisterverband-Zwei-neue-Geschaftsleitungsmitglieder_Organisator.jpg 680w, https:\/\/www.organisator.ch\/wp-content\/uploads\/2022\/08\/Schweizerischer-Baumeisterverband-Zwei-neue-Geschaftsleitungsmitglieder_Organisator-18x12.jpg 18w, https:\/\/www.organisator.ch\/wp-content\/uploads\/2022\/08\/Schweizerischer-Baumeisterverband-Zwei-neue-Geschaftsleitungsmitglieder_Organisator-292x175.jpg 292w, https:\/\/www.organisator.ch\/wp-content\/uploads\/2022\/08\/Schweizerischer-Baumeisterverband-Zwei-neue-Geschaftsleitungsmitglieder_Organisator-583x350.jpg 583w, https:\/\/www.organisator.ch\/wp-content\/uploads\/2022\/08\/Schweizerischer-Baumeisterverband-Zwei-neue-Geschaftsleitungsmitglieder_Organisator-300x180.jpg 300w\" sizes=\"auto, (max-width: 680px) 100vw, 680px\" \/><figcaption id=\"caption-attachment-16385\" class=\"wp-caption-text\">Marcel Sennhauser, Head of Policy and Communication at the Swiss Association of Master Builders, and Marisa Lienberger, Head of Finance and IT. (Images: obs\/SBV Swiss Association of Master Builders)<\/figcaption><\/figure>\n<p>Marcel Sennhauser is taking over as Head of Policy and Communications at the Swiss Association of Master Builders. The 53-year-old engineer HTL with further education at the HSG in St.Gallen and Columbia University in New York took up the position in the function of a member of the Executive Board in full on August 1, 2022, with the intensive familiarization phase already taking place from the end of June. Most recently, Marcel Sennhauser spent twelve years as Head of Communications and Public Affairs and Deputy Director at the chemical and pharmaceutical association scienceindustries, and from 2018 he also held the position of Head of Education, Research and Innovation. His previous professional stations include the media company Tamedia AG, where he played a key role in shaping online journalism in its pioneering phase and also provided decisive impetus in the introduction of online advertising in Switzerland, as well as the Internet auction house Ricardo, where he was responsible for communications and marketing activities.<\/p>\n<p>Marisa Lienberger has already taken over as Head of Finance and IT on July 1, 2022. Lienberger is a federally certified expert in accounting and controlling with further training in corporate finance (MAS) and real estate management (CAS). She brings many years of experience as Chief Financial Officer (CFO) as well as in leading positions in corporate finance. For the past nine years, Marisa Lienberger has been Head of Finance + Controlling and a member of the Executive Board at Sto AG in Niederglatt, a subsidiary of the German Sto Group. Other previous positions held by Marisa Lienberger include Chief Finance &amp; Administration at a division of the automotive supplier Autoneum in Winterthur and management functions in controlling, planning and corporate development at the Belimo Group in Hinwil.<\/p>\n<p>The Swiss Association of Master Builders has its headquarters on Weinbergstrasse in Zurich. Its Executive Board is made up of Bernhard Salzmann, Director, Martin Graf, Vice Director and Head of Corporate Management, Marc Aurel Hunziker, Vice Director and Head of Vocational Training, Michael Kehrli, Vice Director and Head of Legal Services, Marcel Sennhauser, Vice Director and Head of Policy and Communications, and Marisa Lienberger, Head of Finance and IT.<\/p>\n<p><em><a href=\"http:\/\/www.baumeister.ch\">Source and further information<\/a><\/em><\/p>","protected":false},"excerpt":{"rendered":"<p>Marcel Sennhauser \u00fcbernimmt im Schweizerischen Baumeisterverband die Leitung des Bereichs Politik und Kommunikation. Der 53-j\u00e4hrige Ingenieur HTL mit Weiterbildungen an der HSG in St.Gallen und der Columbia University in New York trat die Stelle in der Funktion eines Gesch\u00e4ftsleitungsmitglieds am 1. August 2022 in vollem Umfang an, wobei die intensive Einarbeitungsphase bereits ab Ende Juni [&hellip;]<\/p>\n","protected":false},"author":4,"featured_media":16385,"comment_status":"closed","ping_status":"closed","sticky":false,"template":"","format":"standard","meta":{"_acf_changed":false,"_yoast_wpseo_focuskw":"Baumeisterverband","_yoast_wpseo_metadesc":"Der Schweizerische Baumeisterverband SBV hat zwei neue Mitglieder in der Gesch\u00e4ftsleitung: Marcel Sennhauser und Marisa Lienberger.","articlekey":"","footnotes":""},"categories":[28],"tags":[334,381,503],"class_list":["post-16384","post","type-post","status-publish","format-standard","has-post-thumbnail","hentry","category-management","tag-management","tag-personalia","tag-verbaende"],"acf":[],"yoast_head":"<!-- This site is optimized with the Yoast SEO plugin v27.5 - https:\/\/yoast.com\/product\/yoast-seo-wordpress\/ -->\n<title>Schweizerischer Baumeisterverband: Zwei neue Gesch\u00e4ftsleitungsmitglieder - Organisator<\/title>\n<meta name=\"description\" content=\"Der Schweizerische Baumeisterverband SBV hat zwei neue Mitglieder in der Gesch\u00e4ftsleitung: Marcel Sennhauser und Marisa Lienberger.\" \/>\n<meta name=\"robots\" content=\"index, follow, max-snippet:-1, max-image-preview:large, max-video-preview:-1\" \/>\n<link rel=\"canonical\" href=\"https:\/\/www.organisator.ch\/en\/management\/2022-08-09\/swiss-builders-association-two-new-management-members\/\" \/>\n<meta property=\"og:locale\" content=\"en_US\" \/>\n<meta property=\"og:type\" content=\"article\" \/>\n<meta property=\"og:title\" content=\"Schweizerischer Baumeisterverband: Zwei neue Gesch\u00e4ftsleitungsmitglieder\" \/>\n<meta property=\"og:description\" content=\"Der Schweizerische Baumeisterverband SBV hat zwei neue Mitglieder in der Gesch\u00e4ftsleitung: Marcel Sennhauser und Marisa Lienberger.\" \/>\n<meta property=\"og:url\" content=\"https:\/\/www.organisator.ch\/en\/management\/2022-08-09\/swiss-builders-association-two-new-management-members\/\" \/>\n<meta property=\"og:site_name\" content=\"Organisator\" \/>\n<meta property=\"article:publisher\" content=\"https:\/\/www.facebook.com\/OrganisatorFachmagazin\" \/>\n<meta property=\"article:published_time\" content=\"2022-08-09T09:38:19+00:00\" \/>\n<meta property=\"og:image\" content=\"https:\/\/www.organisator.ch\/wp-content\/uploads\/2022\/08\/Schweizerischer-Baumeisterverband-Zwei-neue-Geschaftsleitungsmitglieder_Organisator.jpg\" \/>\n\t<meta property=\"og:image:width\" content=\"680\" \/>\n\t<meta property=\"og:image:height\" content=\"408\" \/>\n\t<meta property=\"og:image:type\" content=\"image\/jpeg\" \/>\n<meta name=\"author\" content=\"thomas.berner\" \/>\n<meta name=\"twitter:card\" content=\"summary_large_image\" \/>\n<meta name=\"twitter:title\" content=\"Schweizerischer #Baumeisterverband: Zwei neue #Gesch\u00e4ftsleitungsmitglieder\" \/>\n<meta name=\"twitter:description\" content=\"Der Schweizerische #Baumeisterverband #SBV hat zwei neue Mitglieder in der Gesch\u00e4ftsleitung: Marcel #Sennhauser und Marisa #Lienberger.\" \/>\n<meta name=\"twitter:image\" content=\"https:\/\/www.organisator.ch\/wp-content\/uploads\/2022\/08\/Schweizerischer-Baumeisterverband-Zwei-neue-Geschaftsleitungsmitglieder_Organisator.jpg\" \/>\n<script type=\"application\/ld+json\" class=\"yoast-schema-graph\">{\"@context\":\"https:\\\/\\\/schema.org\",\"@graph\":[{\"@type\":\"Article\",\"@id\":\"https:\\\/\\\/www.organisator.ch\\\/management\\\/2022-08-09\\\/schweizerischer-baumeisterverband-zwei-neue-geschaeftsleitungsmitglieder\\\/#article\",\"isPartOf\":{\"@id\":\"https:\\\/\\\/www.organisator.ch\\\/management\\\/2022-08-09\\\/schweizerischer-baumeisterverband-zwei-neue-geschaeftsleitungsmitglieder\\\/\"},\"author\":{\"name\":\"thomas.berner\",\"@id\":\"https:\\\/\\\/www.organisator.ch\\\/#\\\/schema\\\/person\\\/6f650f90b2842cd4c0cc334b4e36f67e\"},\"headline\":\"Schweizerischer Baumeisterverband: Zwei neue Gesch\u00e4ftsleitungsmitglieder\",\"datePublished\":\"2022-08-09T09:38:19+00:00\",\"mainEntityOfPage\":{\"@id\":\"https:\\\/\\\/www.organisator.ch\\\/management\\\/2022-08-09\\\/schweizerischer-baumeisterverband-zwei-neue-geschaeftsleitungsmitglieder\\\/\"},\"wordCount\":362,\"publisher\":{\"@id\":\"https:\\\/\\\/www.organisator.ch\\\/#organization\"},\"image\":{\"@id\":\"https:\\\/\\\/www.organisator.ch\\\/management\\\/2022-08-09\\\/schweizerischer-baumeisterverband-zwei-neue-geschaeftsleitungsmitglieder\\\/#primaryimage\"},\"thumbnailUrl\":\"https:\\\/\\\/www.organisator.ch\\\/wp-content\\\/uploads\\\/2022\\\/08\\\/Schweizerischer-Baumeisterverband-Zwei-neue-Geschaftsleitungsmitglieder_Organisator.jpg\",\"keywords\":[\"Management\",\"Personalia\",\"Verb\u00e4nde\"],\"articleSection\":[\"MANAGEMENT\"],\"inLanguage\":\"en-US\"},{\"@type\":\"WebPage\",\"@id\":\"https:\\\/\\\/www.organisator.ch\\\/management\\\/2022-08-09\\\/schweizerischer-baumeisterverband-zwei-neue-geschaeftsleitungsmitglieder\\\/\",\"url\":\"https:\\\/\\\/www.organisator.ch\\\/management\\\/2022-08-09\\\/schweizerischer-baumeisterverband-zwei-neue-geschaeftsleitungsmitglieder\\\/\",\"name\":\"Schweizerischer Baumeisterverband: Zwei neue Gesch\u00e4ftsleitungsmitglieder - Organisator\",\"isPartOf\":{\"@id\":\"https:\\\/\\\/www.organisator.ch\\\/#website\"},\"primaryImageOfPage\":{\"@id\":\"https:\\\/\\\/www.organisator.ch\\\/management\\\/2022-08-09\\\/schweizerischer-baumeisterverband-zwei-neue-geschaeftsleitungsmitglieder\\\/#primaryimage\"},\"image\":{\"@id\":\"https:\\\/\\\/www.organisator.ch\\\/management\\\/2022-08-09\\\/schweizerischer-baumeisterverband-zwei-neue-geschaeftsleitungsmitglieder\\\/#primaryimage\"},\"thumbnailUrl\":\"https:\\\/\\\/www.organisator.ch\\\/wp-content\\\/uploads\\\/2022\\\/08\\\/Schweizerischer-Baumeisterverband-Zwei-neue-Geschaftsleitungsmitglieder_Organisator.jpg\",\"datePublished\":\"2022-08-09T09:38:19+00:00\",\"description\":\"Der Schweizerische Baumeisterverband SBV hat zwei neue Mitglieder in der Gesch\u00e4ftsleitung: Marcel Sennhauser und Marisa Lienberger.\",\"breadcrumb\":{\"@id\":\"https:\\\/\\\/www.organisator.ch\\\/management\\\/2022-08-09\\\/schweizerischer-baumeisterverband-zwei-neue-geschaeftsleitungsmitglieder\\\/#breadcrumb\"},\"inLanguage\":\"en-US\",\"potentialAction\":[{\"@type\":\"ReadAction\",\"target\":[\"https:\\\/\\\/www.organisator.ch\\\/management\\\/2022-08-09\\\/schweizerischer-baumeisterverband-zwei-neue-geschaeftsleitungsmitglieder\\\/\"]}]},{\"@type\":\"ImageObject\",\"inLanguage\":\"en-US\",\"@id\":\"https:\\\/\\\/www.organisator.ch\\\/management\\\/2022-08-09\\\/schweizerischer-baumeisterverband-zwei-neue-geschaeftsleitungsmitglieder\\\/#primaryimage\",\"url\":\"https:\\\/\\\/www.organisator.ch\\\/wp-content\\\/uploads\\\/2022\\\/08\\\/Schweizerischer-Baumeisterverband-Zwei-neue-Geschaftsleitungsmitglieder_Organisator.jpg\",\"contentUrl\":\"https:\\\/\\\/www.organisator.ch\\\/wp-content\\\/uploads\\\/2022\\\/08\\\/Schweizerischer-Baumeisterverband-Zwei-neue-Geschaftsleitungsmitglieder_Organisator.jpg\",\"width\":680,\"height\":408,\"caption\":\"Marcel Sennhauser, Leiter Politik und Kommunikation des Schweizerischen Baumeisterverbands, und Marisa Lienberger, Leiterin Finanzen und IT. (Bilder: obs\\\/SBV Schweiz. Baumeisterverband)\"},{\"@type\":\"BreadcrumbList\",\"@id\":\"https:\\\/\\\/www.organisator.ch\\\/management\\\/2022-08-09\\\/schweizerischer-baumeisterverband-zwei-neue-geschaeftsleitungsmitglieder\\\/#breadcrumb\",\"itemListElement\":[{\"@type\":\"ListItem\",\"position\":1,\"name\":\"Home\",\"item\":\"https:\\\/\\\/www.organisator.ch\\\/\"},{\"@type\":\"ListItem\",\"position\":2,\"name\":\"Schweizerischer Baumeisterverband: Zwei neue Gesch\u00e4ftsleitungsmitglieder\"}]},{\"@type\":\"WebSite\",\"@id\":\"https:\\\/\\\/www.organisator.ch\\\/#website\",\"url\":\"https:\\\/\\\/www.organisator.ch\\\/\",\"name\":\"Organisator\",\"description\":\"Kompetent. Praxisnah. Der ORGANISATOR bereitet in 10 Ausgaben pro Jahr die wesentlichen Themen f\u00fcr F\u00fchrungskr\u00e4fte von KMU auf.\",\"publisher\":{\"@id\":\"https:\\\/\\\/www.organisator.ch\\\/#organization\"},\"potentialAction\":[{\"@type\":\"SearchAction\",\"target\":{\"@type\":\"EntryPoint\",\"urlTemplate\":\"https:\\\/\\\/www.organisator.ch\\\/?s={search_term_string}\"},\"query-input\":{\"@type\":\"PropertyValueSpecification\",\"valueRequired\":true,\"valueName\":\"search_term_string\"}}],\"inLanguage\":\"en-US\"},{\"@type\":\"Organization\",\"@id\":\"https:\\\/\\\/www.organisator.ch\\\/#organization\",\"name\":\"Organisator\",\"url\":\"https:\\\/\\\/www.organisator.ch\\\/\",\"logo\":{\"@type\":\"ImageObject\",\"inLanguage\":\"en-US\",\"@id\":\"https:\\\/\\\/www.organisator.ch\\\/#\\\/schema\\\/logo\\\/image\\\/\",\"url\":\"https:\\\/\\\/www.organisator.ch\\\/wp-content\\\/uploads\\\/2022\\\/01\\\/Logo_Organisator_Website.png\",\"contentUrl\":\"https:\\\/\\\/www.organisator.ch\\\/wp-content\\\/uploads\\\/2022\\\/01\\\/Logo_Organisator_Website.png\",\"width\":800,\"height\":77,\"caption\":\"Organisator\"},\"image\":{\"@id\":\"https:\\\/\\\/www.organisator.ch\\\/#\\\/schema\\\/logo\\\/image\\\/\"},\"sameAs\":[\"https:\\\/\\\/www.facebook.com\\\/OrganisatorFachmagazin\",\"https:\\\/\\\/www.linkedin.com\\\/showcase\\\/organisator-das-magazin-fr-kmu\",\"https:\\\/\\\/www.xing.com\\\/news\\\/pages\\\/organisator-ch-695\",\"https:\\\/\\\/www.youtube.com\\\/channel\\\/UCGP2Sq0iWaZwT3BdIAQFYpw\"]},{\"@type\":\"Person\",\"@id\":\"https:\\\/\\\/www.organisator.ch\\\/#\\\/schema\\\/person\\\/6f650f90b2842cd4c0cc334b4e36f67e\",\"name\":\"thomas.berner\",\"image\":{\"@type\":\"ImageObject\",\"inLanguage\":\"en-US\",\"@id\":\"https:\\\/\\\/secure.gravatar.com\\\/avatar\\\/ac5001d2a36cb6c6cd3e50789007ffca834b477b74a2144564522e944eabff61?s=96&d=mm&r=g\",\"url\":\"https:\\\/\\\/secure.gravatar.com\\\/avatar\\\/ac5001d2a36cb6c6cd3e50789007ffca834b477b74a2144564522e944eabff61?s=96&d=mm&r=g\",\"contentUrl\":\"https:\\\/\\\/secure.gravatar.com\\\/avatar\\\/ac5001d2a36cb6c6cd3e50789007ffca834b477b74a2144564522e944eabff61?s=96&d=mm&r=g\",\"caption\":\"thomas.berner\"},\"url\":\"https:\\\/\\\/www.organisator.ch\\\/en\\\/author\\\/thomas-berner\\\/\"}]}<\/script>\n<!-- \/ Yoast SEO plugin. -->","yoast_head_json":{"title":"Swiss Association of Master Builders: Two new members of the Executive Board - Organizer","description":"The Swiss Association of Master Builders SBC has two new members on its Executive Board: Marcel Sennhauser and Marisa Lienberger.","robots":{"index":"index","follow":"follow","max-snippet":"max-snippet:-1","max-image-preview":"max-image-preview:large","max-video-preview":"max-video-preview:-1"},"canonical":"https:\/\/www.organisator.ch\/en\/management\/2022-08-09\/swiss-builders-association-two-new-management-members\/","og_locale":"en_US","og_type":"article","og_title":"Schweizerischer Baumeisterverband: Zwei neue Gesch\u00e4ftsleitungsmitglieder","og_description":"Der Schweizerische Baumeisterverband SBV hat zwei neue Mitglieder in der Gesch\u00e4ftsleitung: Marcel Sennhauser und Marisa Lienberger.","og_url":"https:\/\/www.organisator.ch\/en\/management\/2022-08-09\/swiss-builders-association-two-new-management-members\/","og_site_name":"Organisator","article_publisher":"https:\/\/www.facebook.com\/OrganisatorFachmagazin","article_published_time":"2022-08-09T09:38:19+00:00","og_image":[{"width":680,"height":408,"url":"https:\/\/www.organisator.ch\/wp-content\/uploads\/2022\/08\/Schweizerischer-Baumeisterverband-Zwei-neue-Geschaftsleitungsmitglieder_Organisator.jpg","type":"image\/jpeg"}],"author":"thomas.berner","twitter_card":"summary_large_image","twitter_title":"Schweizerischer #Baumeisterverband: Zwei neue #Gesch\u00e4ftsleitungsmitglieder","twitter_description":"Der Schweizerische #Baumeisterverband #SBV hat zwei neue Mitglieder in der Gesch\u00e4ftsleitung: Marcel #Sennhauser und Marisa #Lienberger.","twitter_image":"https:\/\/www.organisator.ch\/wp-content\/uploads\/2022\/08\/Schweizerischer-Baumeisterverband-Zwei-neue-Geschaftsleitungsmitglieder_Organisator.jpg","schema":{"@context":"https:\/\/schema.org","@graph":[{"@type":"Article","@id":"https:\/\/www.organisator.ch\/management\/2022-08-09\/schweizerischer-baumeisterverband-zwei-neue-geschaeftsleitungsmitglieder\/#article","isPartOf":{"@id":"https:\/\/www.organisator.ch\/management\/2022-08-09\/schweizerischer-baumeisterverband-zwei-neue-geschaeftsleitungsmitglieder\/"},"author":{"name":"thomas.berner","@id":"https:\/\/www.organisator.ch\/#\/schema\/person\/6f650f90b2842cd4c0cc334b4e36f67e"},"headline":"Schweizerischer Baumeisterverband: Zwei neue Gesch\u00e4ftsleitungsmitglieder","datePublished":"2022-08-09T09:38:19+00:00","mainEntityOfPage":{"@id":"https:\/\/www.organisator.ch\/management\/2022-08-09\/schweizerischer-baumeisterverband-zwei-neue-geschaeftsleitungsmitglieder\/"},"wordCount":362,"publisher":{"@id":"https:\/\/www.organisator.ch\/#organization"},"image":{"@id":"https:\/\/www.organisator.ch\/management\/2022-08-09\/schweizerischer-baumeisterverband-zwei-neue-geschaeftsleitungsmitglieder\/#primaryimage"},"thumbnailUrl":"https:\/\/www.organisator.ch\/wp-content\/uploads\/2022\/08\/Schweizerischer-Baumeisterverband-Zwei-neue-Geschaftsleitungsmitglieder_Organisator.jpg","keywords":["Management","Personalia","Verb\u00e4nde"],"articleSection":["MANAGEMENT"],"inLanguage":"en-US"},{"@type":"WebPage","@id":"https:\/\/www.organisator.ch\/management\/2022-08-09\/schweizerischer-baumeisterverband-zwei-neue-geschaeftsleitungsmitglieder\/","url":"https:\/\/www.organisator.ch\/management\/2022-08-09\/schweizerischer-baumeisterverband-zwei-neue-geschaeftsleitungsmitglieder\/","name":"Swiss Association of Master Builders: Two new members of the Executive Board - Organizer","isPartOf":{"@id":"https:\/\/www.organisator.ch\/#website"},"primaryImageOfPage":{"@id":"https:\/\/www.organisator.ch\/management\/2022-08-09\/schweizerischer-baumeisterverband-zwei-neue-geschaeftsleitungsmitglieder\/#primaryimage"},"image":{"@id":"https:\/\/www.organisator.ch\/management\/2022-08-09\/schweizerischer-baumeisterverband-zwei-neue-geschaeftsleitungsmitglieder\/#primaryimage"},"thumbnailUrl":"https:\/\/www.organisator.ch\/wp-content\/uploads\/2022\/08\/Schweizerischer-Baumeisterverband-Zwei-neue-Geschaftsleitungsmitglieder_Organisator.jpg","datePublished":"2022-08-09T09:38:19+00:00","description":"The Swiss Association of Master Builders SBC has two new members on its Executive Board: Marcel Sennhauser and Marisa Lienberger.","breadcrumb":{"@id":"https:\/\/www.organisator.ch\/management\/2022-08-09\/schweizerischer-baumeisterverband-zwei-neue-geschaeftsleitungsmitglieder\/#breadcrumb"},"inLanguage":"en-US","potentialAction":[{"@type":"ReadAction","target":["https:\/\/www.organisator.ch\/management\/2022-08-09\/schweizerischer-baumeisterverband-zwei-neue-geschaeftsleitungsmitglieder\/"]}]},{"@type":"ImageObject","inLanguage":"en-US","@id":"https:\/\/www.organisator.ch\/management\/2022-08-09\/schweizerischer-baumeisterverband-zwei-neue-geschaeftsleitungsmitglieder\/#primaryimage","url":"https:\/\/www.organisator.ch\/wp-content\/uploads\/2022\/08\/Schweizerischer-Baumeisterverband-Zwei-neue-Geschaftsleitungsmitglieder_Organisator.jpg","contentUrl":"https:\/\/www.organisator.ch\/wp-content\/uploads\/2022\/08\/Schweizerischer-Baumeisterverband-Zwei-neue-Geschaftsleitungsmitglieder_Organisator.jpg","width":680,"height":408,"caption":"Marcel Sennhauser, Leiter Politik und Kommunikation des Schweizerischen Baumeisterverbands, und Marisa Lienberger, Leiterin Finanzen und IT. (Bilder: obs\/SBV Schweiz. Baumeisterverband)"},{"@type":"BreadcrumbList","@id":"https:\/\/www.organisator.ch\/management\/2022-08-09\/schweizerischer-baumeisterverband-zwei-neue-geschaeftsleitungsmitglieder\/#breadcrumb","itemListElement":[{"@type":"ListItem","position":1,"name":"Home","item":"https:\/\/www.organisator.ch\/"},{"@type":"ListItem","position":2,"name":"Schweizerischer Baumeisterverband: Zwei neue Gesch\u00e4ftsleitungsmitglieder"}]},{"@type":"WebSite","@id":"https:\/\/www.organisator.ch\/#website","url":"https:\/\/www.organisator.ch\/","name":"Organizer","description":"Competent. Practical. In 10 issues per year, ORGANISATOR presents the essential topics for managers of SMEs.","publisher":{"@id":"https:\/\/www.organisator.ch\/#organization"},"potentialAction":[{"@type":"SearchAction","target":{"@type":"EntryPoint","urlTemplate":"https:\/\/www.organisator.ch\/?s={search_term_string}"},"query-input":{"@type":"PropertyValueSpecification","valueRequired":true,"valueName":"search_term_string"}}],"inLanguage":"en-US"},{"@type":"Organization","@id":"https:\/\/www.organisator.ch\/#organization","name":"Organizer","url":"https:\/\/www.organisator.ch\/","logo":{"@type":"ImageObject","inLanguage":"en-US","@id":"https:\/\/www.organisator.ch\/#\/schema\/logo\/image\/","url":"https:\/\/www.organisator.ch\/wp-content\/uploads\/2022\/01\/Logo_Organisator_Website.png","contentUrl":"https:\/\/www.organisator.ch\/wp-content\/uploads\/2022\/01\/Logo_Organisator_Website.png","width":800,"height":77,"caption":"Organisator"},"image":{"@id":"https:\/\/www.organisator.ch\/#\/schema\/logo\/image\/"},"sameAs":["https:\/\/www.facebook.com\/OrganisatorFachmagazin","https:\/\/www.linkedin.com\/showcase\/organisator-das-magazin-fr-kmu","https:\/\/www.xing.com\/news\/pages\/organisator-ch-695","https:\/\/www.youtube.com\/channel\/UCGP2Sq0iWaZwT3BdIAQFYpw"]},{"@type":"Person","@id":"https:\/\/www.organisator.ch\/#\/schema\/person\/6f650f90b2842cd4c0cc334b4e36f67e","name":"thomas.berner","image":{"@type":"ImageObject","inLanguage":"en-US","@id":"https:\/\/secure.gravatar.com\/avatar\/ac5001d2a36cb6c6cd3e50789007ffca834b477b74a2144564522e944eabff61?s=96&d=mm&r=g","url":"https:\/\/secure.gravatar.com\/avatar\/ac5001d2a36cb6c6cd3e50789007ffca834b477b74a2144564522e944eabff61?s=96&d=mm&r=g","contentUrl":"https:\/\/secure.gravatar.com\/avatar\/ac5001d2a36cb6c6cd3e50789007ffca834b477b74a2144564522e944eabff61?s=96&d=mm&r=g","caption":"thomas.berner"},"url":"https:\/\/www.organisator.ch\/en\/author\/thomas-berner\/"}]}},"_links":{"self":[{"href":"https:\/\/www.organisator.ch\/en\/wp-json\/wp\/v2\/posts\/16384","targetHints":{"allow":["GET"]}}],"collection":[{"href":"https:\/\/www.organisator.ch\/en\/wp-json\/wp\/v2\/posts"}],"about":[{"href":"https:\/\/www.organisator.ch\/en\/wp-json\/wp\/v2\/types\/post"}],"author":[{"embeddable":true,"href":"https:\/\/www.organisator.ch\/en\/wp-json\/wp\/v2\/users\/4"}],"replies":[{"embeddable":true,"href":"https:\/\/www.organisator.ch\/en\/wp-json\/wp\/v2\/comments?post=16384"}],"version-history":[{"count":1,"href":"https:\/\/www.organisator.ch\/en\/wp-json\/wp\/v2\/posts\/16384\/revisions"}],"predecessor-version":[{"id":16386,"href":"https:\/\/www.organisator.ch\/en\/wp-json\/wp\/v2\/posts\/16384\/revisions\/16386"}],"wp:featuredmedia":[{"embeddable":true,"href":"https:\/\/www.organisator.ch\/en\/wp-json\/wp\/v2\/media\/16385"}],"wp:attachment":[{"href":"https:\/\/www.organisator.ch\/en\/wp-json\/wp\/v2\/media?parent=16384"}],"wp:term":[{"taxonomy":"category","embeddable":true,"href":"https:\/\/www.organisator.ch\/en\/wp-json\/wp\/v2\/categories?post=16384"},{"taxonomy":"post_tag","embeddable":true,"href":"https:\/\/www.organisator.ch\/en\/wp-json\/wp\/v2\/tags?post=16384"}],"curies":[{"name":"wp","href":"https:\/\/api.w.org\/{rel}","templated":true}]}}