{"id":16399,"date":"2022-08-10T09:08:24","date_gmt":"2022-08-10T07:08:24","guid":{"rendered":"https:\/\/www.organisator.ch\/?p=16399"},"modified":"2022-08-10T09:08:24","modified_gmt":"2022-08-10T07:08:24","slug":"business-travel-becomes-2023-significantly-more-expensive","status":"publish","type":"post","link":"https:\/\/www.organisator.ch\/en\/allgemein\/2022-08-10\/dienstreisen-werden-2023-deutlich-teurer\/","title":{"rendered":"Business trips will become significantly more expensive in 2023"},"content":{"rendered":"<figure id=\"attachment_16400\" aria-describedby=\"caption-attachment-16400\" style=\"width: 680px\" class=\"wp-caption alignnone\"><img loading=\"lazy\" decoding=\"async\" class=\"size-full wp-image-16400\" src=\"https:\/\/www.organisator.ch\/wp-content\/uploads\/2022\/08\/Dienstreisen-werden-2023-deutlich-teurer-1_Organisator.jpg\" alt=\"\" width=\"680\" height=\"374\" srcset=\"https:\/\/www.organisator.ch\/wp-content\/uploads\/2022\/08\/Dienstreisen-werden-2023-deutlich-teurer-1_Organisator.jpg 680w, https:\/\/www.organisator.ch\/wp-content\/uploads\/2022\/08\/Dienstreisen-werden-2023-deutlich-teurer-1_Organisator-18x10.jpg 18w, https:\/\/www.organisator.ch\/wp-content\/uploads\/2022\/08\/Dienstreisen-werden-2023-deutlich-teurer-1_Organisator-318x175.jpg 318w, https:\/\/www.organisator.ch\/wp-content\/uploads\/2022\/08\/Dienstreisen-werden-2023-deutlich-teurer-1_Organisator-636x350.jpg 636w, https:\/\/www.organisator.ch\/wp-content\/uploads\/2022\/08\/Dienstreisen-werden-2023-deutlich-teurer-1_Organisator-300x165.jpg 300w\" sizes=\"auto, (max-width: 680px) 100vw, 680px\" \/><figcaption id=\"caption-attachment-16400\" class=\"wp-caption-text\">It's not just the planes that are taking off again: out-of-pocket expenses for business travel will also continue to rise. (Image: Unsplash.com)<\/figcaption><\/figure>\n<p>Global travel prices are expected to continue to rise in the remaining months of 2022 and throughout 2023. This is according to the Global Business Travel Forecast 2023, published by business travel services provider CWT together with the Global Business Travel Association (<a href=\"https:\/\/www.gbta.org\/\">GBTA<\/a>), the voice of the global business travel industry, was published. Rising fuel prices, labor shortages and inflationary pressures in commodity costs are the main drivers of expected business travel price increases, according to the report, which uses anonymized data from CWT and GBTA with publicly available industry information, as well as econometric and statistical modeling from the Avrio Institute.<\/p>\n<p>\"Demand for business travel and meetings is back, there's no doubt about that,\" notes Patrick Andersen, chief executive officer of CWT. \"Labor shortages across the travel and hospitality industry, rising commodity prices and a greater awareness of responsible travel are impacting services, but projected prices are broadly in line with 2019.\" And Suzanne Neufang, CEO of GBTA adds, \"What we're seeing now are several factors that come into play when corporate travel buyers and procurement officers model their travel programs. This eighth annual joint forecast combines statistical travel data and trend analysis with macroeconomic influences to provide an important reference point for business travel planning.\"<\/p>\n<h3>Macroeconomic influences<\/h3>\n<p>The global economy contracted by 3.4 % in 2020, experiencing one of the sharpest declines since World War II. Services sectors, including travel and hospitality, were hit particularly hard, but the global economy recovered quickly from the 2020 lows and grew by 5.8 % in 2021. Economic growth is moderating as the recovery continues, although concerns about another recession are growing. The current baseline scenario for 2022 assumes growth of 3 %, followed by growth of 2.8 % in 2023. The 2023 Global Business Travel Forecast also notes the three main forces putting pressure on the economy and the business travel industry. These include Russia's invasion of Ukraine combined with other geopolitical uncertainties, inflationary pressures driving up costs, and the risk of further COVID outbreaks that could limit business\/business travel.<\/p>\n<p>Conversely, the report highlights that companies are placing sustainability among their top priorities, and combating climate change is becoming increasingly important. The report highlights that greater visibility of greener travel options at the point of sale, as well as carbon footprinting and environmental impact assessments, are ways for the travel industry to actively contribute to responsible decision making.<\/p>\n<h3>Meetings and events<\/h3>\n<p>Prices have increased across most spend categories in all regions, fueled by pent-up demand, a desire to strengthen corporate culture, and an uncertain economic outlook. The cost per attendee for meetings and events is expected to be about 25 % higher in 2022 than in 2019, and is projected to increase another 7 % in 2023. In addition to pent-up demand, corporate events are now competing with many other types of events that were canceled in 2020. And with many companies abandoning office space in favor of remote work during the pandemic, they are now booking meeting space so employees can meet in person, further fueling demand.<\/p>\n<p>Shorter lead times for events, varying from six to 12 months to one to three months, are also contributing to this \"perfect storm,\" perhaps underscored by companies' concern that the current situation could change very quickly. This is particularly noticeable in Asia Pacific, where post-pandemic reopenings have been slower than in other regions, with ongoing restrictions in China driving clients to ensure their events can take place, and as quickly as possible.<\/p>\n<h3>Business trip flights<\/h3>\n<p>Airfares for business travel decreased by over 12 % in 2020 compared to 2019, followed by a further decrease of 26 % in 2021. Economy ticket prices decreased by over 24 % from 2019 to 2021, while premium ticket prices decreased by 33 %. Prices are expected to increase by 48.5 % in 2022, but even with this large price increase, prices are expected to remain below pre-pandemic levels through 2023. After rising 48.5 % in 2022, prices are projected to rise 8.4 % in 2023.<br \/>\nRising demand and continued increases in jet fuel prices, which have caused prices to double to more than 160 $\/barrel in some markets, according to S&amp;P Global, are putting upward pressure on ticket prices. First-class tickets accounted for over 7 % of all tickets purchased in 2019. The share of these premium tickets fell to 6.5 % in 2020 and to 4.5 % in 2021, but has been rising again since 2022. In the first half of the year, premium tickets accounted for 6.2 % of all tickets purchased. An increasing share of premium tickets will lead to higher average prices, as the average ticket price is made up of economy and premium.<\/p>\n<figure id=\"attachment_16401\" aria-describedby=\"caption-attachment-16401\" style=\"width: 680px\" class=\"wp-caption alignnone\"><img loading=\"lazy\" decoding=\"async\" class=\"size-full wp-image-16401\" src=\"https:\/\/www.organisator.ch\/wp-content\/uploads\/2022\/08\/Dienstreisen-werden-2023-deutlich-teurer-2_Organisator.jpg\" alt=\"\" width=\"680\" height=\"334\" srcset=\"https:\/\/www.organisator.ch\/wp-content\/uploads\/2022\/08\/Dienstreisen-werden-2023-deutlich-teurer-2_Organisator.jpg 680w, https:\/\/www.organisator.ch\/wp-content\/uploads\/2022\/08\/Dienstreisen-werden-2023-deutlich-teurer-2_Organisator-18x9.jpg 18w, https:\/\/www.organisator.ch\/wp-content\/uploads\/2022\/08\/Dienstreisen-werden-2023-deutlich-teurer-2_Organisator-356x175.jpg 356w, https:\/\/www.organisator.ch\/wp-content\/uploads\/2022\/08\/Dienstreisen-werden-2023-deutlich-teurer-2_Organisator-300x147.jpg 300w\" sizes=\"auto, (max-width: 680px) 100vw, 680px\" \/><figcaption id=\"caption-attachment-16401\" class=\"wp-caption-text\">Price developments for flights. (Source: CWT \/ GBTA)<\/figcaption><\/figure>\n<p>International and cross-border bookings are recovering in most regions, which will lead to a higher share of international ticket bookings and a correspondingly higher average ticket price, despite the uncertainties caused by the war in Ukraine. After two years of minimal or no spending, business travelers will likely be willing to spend more on tickets, especially as availability declines due to labor shortages. This upward trend is largely due to the introduction of vaccines and the reopening of borders.<\/p>\n<h3>Hotels and rental cars<\/h3>\n<p>Hotel prices fell by 13.3 % in 2020 compared to 2019 and by a further 9.5 % in 2021, but the report expects them to rise by 18.5 % in 2022, followed by an increase of 8.2 % in 2023. In some regions, such as Europe, the Middle East and Africa, and North America, hotel prices have already exceeded 2019 levels, and this is expected to be the case globally by 2023. Hotel prices have already risen sharply in some parts of the world, including by 22 % in North America and a projected 31.8 % in Europe, the Middle East and Africa, reflecting an accelerated recovery combined with ongoing capacity constraints. Hotel rate increases were initially driven by strong leisure travel in 2021, but group travel for corporate meetings and events is increasing, and transient business travel is also gaining significant momentum, putting further pressure on average daily hotel rates.<\/p>\n<figure id=\"attachment_16402\" aria-describedby=\"caption-attachment-16402\" style=\"width: 680px\" class=\"wp-caption alignnone\"><img loading=\"lazy\" decoding=\"async\" class=\"size-full wp-image-16402\" src=\"https:\/\/www.organisator.ch\/wp-content\/uploads\/2022\/08\/Dienstreisen-werden-2023-deutlich-teurer-4_Organisator.jpg\" alt=\"\" width=\"680\" height=\"329\" srcset=\"https:\/\/www.organisator.ch\/wp-content\/uploads\/2022\/08\/Dienstreisen-werden-2023-deutlich-teurer-4_Organisator.jpg 680w, https:\/\/www.organisator.ch\/wp-content\/uploads\/2022\/08\/Dienstreisen-werden-2023-deutlich-teurer-4_Organisator-18x9.jpg 18w, https:\/\/www.organisator.ch\/wp-content\/uploads\/2022\/08\/Dienstreisen-werden-2023-deutlich-teurer-4_Organisator-362x175.jpg 362w, https:\/\/www.organisator.ch\/wp-content\/uploads\/2022\/08\/Dienstreisen-werden-2023-deutlich-teurer-4_Organisator-300x145.jpg 300w\" sizes=\"auto, (max-width: 680px) 100vw, 680px\" \/><figcaption id=\"caption-attachment-16402\" class=\"wp-caption-text\">This is how hotel prices have developed. (Source: CWT\/GBTA)<\/figcaption><\/figure>\n<p>Global car rental prices decreased by 2.5 % in 2020 compared to 2019, before increasing by 5.1 % in 2021. Prices are expected to rise by 7.3 % in 2022, reaching a new high, and increase by a further 6.8 % in 2023. There are many reasons for this: the vehicle industry is still facing capacity constraints, and car rental companies, which downsized their fleets after the pandemic, have not yet fully recovered. Car rental companies have switched to buying used vehicles to increase fleet size and are keeping their vehicles longer. Some rental companies are also buying vehicles from manufacturers that are not among the brands they traditionally support.<\/p>\n<figure id=\"attachment_16403\" aria-describedby=\"caption-attachment-16403\" style=\"width: 680px\" class=\"wp-caption alignnone\"><img loading=\"lazy\" decoding=\"async\" class=\"size-full wp-image-16403\" src=\"https:\/\/www.organisator.ch\/wp-content\/uploads\/2022\/08\/Dienstreisen-werden-2023-deutlich-teurer-3_Organisator.jpg\" alt=\"\" width=\"680\" height=\"302\" srcset=\"https:\/\/www.organisator.ch\/wp-content\/uploads\/2022\/08\/Dienstreisen-werden-2023-deutlich-teurer-3_Organisator.jpg 680w, https:\/\/www.organisator.ch\/wp-content\/uploads\/2022\/08\/Dienstreisen-werden-2023-deutlich-teurer-3_Organisator-18x8.jpg 18w, https:\/\/www.organisator.ch\/wp-content\/uploads\/2022\/08\/Dienstreisen-werden-2023-deutlich-teurer-3_Organisator-375x167.jpg 375w, https:\/\/www.organisator.ch\/wp-content\/uploads\/2022\/08\/Dienstreisen-werden-2023-deutlich-teurer-3_Organisator-300x133.jpg 300w\" sizes=\"auto, (max-width: 680px) 100vw, 680px\" \/><figcaption id=\"caption-attachment-16403\" class=\"wp-caption-text\">People also have to spend more money on train or bus rides on business trips than they did recently. (Source: CWT\/GBTA)<\/figcaption><\/figure>\n<p>Skyrocketing prices, vehicle shortages and the need to monitor door-to-door carbon emissions are driving business travel managers to incorporate ground transportation into overall trip planning from the start. This is especially true when considering the inclusion of electric vehicles. Even if widespread adoption is still a few years away, personal preference should not be underestimated.<\/p>\n<p><em>Source: <a href=\"https:\/\/www.mycwt.com\/\">CWT<\/a><\/em><\/p>","protected":false},"excerpt":{"rendered":"<p>Die weltweiten Reisepreise werden in den verbleibenden Monaten des Jahres 2022 und im gesamten Jahr 2023 voraussichtlich weiter steigen. Dies geht aus dem Global Business Travel Forecast 2023 hervor, der vom Gesch\u00e4ftsreisen-Dienstleister CWT gemeinsam mit der Global Business Travel Association (GBTA), dem Sprachrohr der weltweiten Gesch\u00e4ftsreisebranche, ver\u00f6ffentlicht wurde. Steigende Treibstoffpreise, Arbeitskr\u00e4ftemangel und Inflationsdruck bei den [&hellip;]<\/p>\n","protected":false},"author":4,"featured_media":16400,"comment_status":"closed","ping_status":"closed","sticky":false,"template":"","format":"standard","meta":{"_acf_changed":false,"_yoast_wpseo_focuskw":"Dienstreisen","_yoast_wpseo_metadesc":"Gem\u00e4ss dem Gesch\u00e4ftsreise-Dienstleister CWT wird man f\u00fcr Dienstreisen im Jahr 2023 mehr Geld f\u00fcr Flug, Hotel und Mietwagen brauchen.","articlekey":"","footnotes":""},"categories":[1],"tags":[202,239,310],"class_list":["post-16399","post","type-post","status-publish","format-standard","has-post-thumbnail","hentry","category-allgemein","tag-finanzenrecht","tag-geschaeftsreisen","tag-konjunktur"],"acf":[],"yoast_head":"<!-- This site is optimized with the Yoast SEO plugin v27.5 - https:\/\/yoast.com\/product\/yoast-seo-wordpress\/ -->\n<title>Dienstreisen werden 2023 deutlich teurer - Organisator<\/title>\n<meta name=\"description\" content=\"Gem\u00e4ss dem Gesch\u00e4ftsreise-Dienstleister CWT wird man f\u00fcr Dienstreisen im Jahr 2023 mehr Geld f\u00fcr Flug, Hotel und Mietwagen brauchen.\" \/>\n<meta name=\"robots\" content=\"index, follow, max-snippet:-1, max-image-preview:large, max-video-preview:-1\" \/>\n<link rel=\"canonical\" href=\"https:\/\/www.organisator.ch\/en\/general\/2022-08-10\/business-travel-becomes-2023-significantly-more-expensive\/\" \/>\n<meta property=\"og:locale\" content=\"en_US\" \/>\n<meta property=\"og:type\" content=\"article\" \/>\n<meta property=\"og:title\" content=\"Dienstreisen werden 2023 deutlich teurer\" \/>\n<meta property=\"og:description\" content=\"Gem\u00e4ss dem Gesch\u00e4ftsreise-Dienstleister CWT wird man f\u00fcr Dienstreisen im Jahr 2023 mehr Geld f\u00fcr Flug, Hotel und Mietwagen brauchen.\" \/>\n<meta property=\"og:url\" content=\"https:\/\/www.organisator.ch\/en\/general\/2022-08-10\/business-travel-becomes-2023-significantly-more-expensive\/\" \/>\n<meta property=\"og:site_name\" content=\"Organisator\" \/>\n<meta property=\"article:publisher\" content=\"https:\/\/www.facebook.com\/OrganisatorFachmagazin\" \/>\n<meta property=\"article:published_time\" content=\"2022-08-10T07:08:24+00:00\" \/>\n<meta property=\"og:image\" content=\"https:\/\/www.organisator.ch\/wp-content\/uploads\/2022\/08\/Dienstreisen-werden-2023-deutlich-teurer-1_Organisator.jpg\" \/>\n\t<meta property=\"og:image:width\" content=\"680\" \/>\n\t<meta property=\"og:image:height\" content=\"374\" \/>\n\t<meta property=\"og:image:type\" content=\"image\/jpeg\" \/>\n<meta name=\"author\" content=\"thomas.berner\" \/>\n<meta name=\"twitter:card\" content=\"summary_large_image\" \/>\n<meta name=\"twitter:title\" content=\"#Dienstreisen werden 2023 deutlich teurer\" \/>\n<meta name=\"twitter:description\" content=\"Gem\u00e4ss dem #Gesch\u00e4ftsreise-Dienstleister #CWT wird man f\u00fcr #Dienstreisen im Jahr 2023 mehr Geld f\u00fcr Flug, Hotel und Mietwagen brauchen.\" \/>\n<meta name=\"twitter:image\" content=\"https:\/\/www.organisator.ch\/wp-content\/uploads\/2022\/08\/Dienstreisen-werden-2023-deutlich-teurer-1_Organisator.jpg\" \/>\n<script type=\"application\/ld+json\" class=\"yoast-schema-graph\">{\"@context\":\"https:\\\/\\\/schema.org\",\"@graph\":[{\"@type\":\"Article\",\"@id\":\"https:\\\/\\\/www.organisator.ch\\\/it\\\/generale\\\/2022-08-10\\\/i-viaggi-daffari-diventano-2023-significativamente-piu-costosi\\\/#article\",\"isPartOf\":{\"@id\":\"https:\\\/\\\/www.organisator.ch\\\/it\\\/generale\\\/2022-08-10\\\/i-viaggi-daffari-diventano-2023-significativamente-piu-costosi\\\/\"},\"author\":{\"name\":\"thomas.berner\",\"@id\":\"https:\\\/\\\/www.organisator.ch\\\/#\\\/schema\\\/person\\\/6f650f90b2842cd4c0cc334b4e36f67e\"},\"headline\":\"Dienstreisen werden 2023 deutlich teurer\",\"datePublished\":\"2022-08-10T07:08:24+00:00\",\"mainEntityOfPage\":{\"@id\":\"https:\\\/\\\/www.organisator.ch\\\/it\\\/generale\\\/2022-08-10\\\/i-viaggi-daffari-diventano-2023-significativamente-piu-costosi\\\/\"},\"wordCount\":1314,\"publisher\":{\"@id\":\"https:\\\/\\\/www.organisator.ch\\\/#organization\"},\"image\":{\"@id\":\"https:\\\/\\\/www.organisator.ch\\\/it\\\/generale\\\/2022-08-10\\\/i-viaggi-daffari-diventano-2023-significativamente-piu-costosi\\\/#primaryimage\"},\"thumbnailUrl\":\"https:\\\/\\\/www.organisator.ch\\\/wp-content\\\/uploads\\\/2022\\\/08\\\/Dienstreisen-werden-2023-deutlich-teurer-1_Organisator.jpg\",\"keywords\":[\"Finanzen\\\/Recht\",\"Gesch\u00e4ftsreisen\",\"Konjunktur\"],\"articleSection\":[\"Allgemein\"],\"inLanguage\":\"en-US\"},{\"@type\":\"WebPage\",\"@id\":\"https:\\\/\\\/www.organisator.ch\\\/it\\\/generale\\\/2022-08-10\\\/i-viaggi-daffari-diventano-2023-significativamente-piu-costosi\\\/\",\"url\":\"https:\\\/\\\/www.organisator.ch\\\/it\\\/generale\\\/2022-08-10\\\/i-viaggi-daffari-diventano-2023-significativamente-piu-costosi\\\/\",\"name\":\"Dienstreisen werden 2023 deutlich teurer - Organisator\",\"isPartOf\":{\"@id\":\"https:\\\/\\\/www.organisator.ch\\\/#website\"},\"primaryImageOfPage\":{\"@id\":\"https:\\\/\\\/www.organisator.ch\\\/it\\\/generale\\\/2022-08-10\\\/i-viaggi-daffari-diventano-2023-significativamente-piu-costosi\\\/#primaryimage\"},\"image\":{\"@id\":\"https:\\\/\\\/www.organisator.ch\\\/it\\\/generale\\\/2022-08-10\\\/i-viaggi-daffari-diventano-2023-significativamente-piu-costosi\\\/#primaryimage\"},\"thumbnailUrl\":\"https:\\\/\\\/www.organisator.ch\\\/wp-content\\\/uploads\\\/2022\\\/08\\\/Dienstreisen-werden-2023-deutlich-teurer-1_Organisator.jpg\",\"datePublished\":\"2022-08-10T07:08:24+00:00\",\"description\":\"Gem\u00e4ss dem Gesch\u00e4ftsreise-Dienstleister CWT wird man f\u00fcr Dienstreisen im Jahr 2023 mehr Geld f\u00fcr Flug, Hotel und Mietwagen brauchen.\",\"breadcrumb\":{\"@id\":\"https:\\\/\\\/www.organisator.ch\\\/it\\\/generale\\\/2022-08-10\\\/i-viaggi-daffari-diventano-2023-significativamente-piu-costosi\\\/#breadcrumb\"},\"inLanguage\":\"en-US\",\"potentialAction\":[{\"@type\":\"ReadAction\",\"target\":[\"https:\\\/\\\/www.organisator.ch\\\/it\\\/generale\\\/2022-08-10\\\/i-viaggi-daffari-diventano-2023-significativamente-piu-costosi\\\/\"]}]},{\"@type\":\"ImageObject\",\"inLanguage\":\"en-US\",\"@id\":\"https:\\\/\\\/www.organisator.ch\\\/it\\\/generale\\\/2022-08-10\\\/i-viaggi-daffari-diventano-2023-significativamente-piu-costosi\\\/#primaryimage\",\"url\":\"https:\\\/\\\/www.organisator.ch\\\/wp-content\\\/uploads\\\/2022\\\/08\\\/Dienstreisen-werden-2023-deutlich-teurer-1_Organisator.jpg\",\"contentUrl\":\"https:\\\/\\\/www.organisator.ch\\\/wp-content\\\/uploads\\\/2022\\\/08\\\/Dienstreisen-werden-2023-deutlich-teurer-1_Organisator.jpg\",\"width\":680,\"height\":374,\"caption\":\"Nicht nur die Flieger heben wieder ab: Auch die Preise f\u00fcr Dienstreisen werden weiter steigen. (Bild: Unsplash.com)\"},{\"@type\":\"BreadcrumbList\",\"@id\":\"https:\\\/\\\/www.organisator.ch\\\/it\\\/generale\\\/2022-08-10\\\/i-viaggi-daffari-diventano-2023-significativamente-piu-costosi\\\/#breadcrumb\",\"itemListElement\":[{\"@type\":\"ListItem\",\"position\":1,\"name\":\"Home\",\"item\":\"https:\\\/\\\/www.organisator.ch\\\/\"},{\"@type\":\"ListItem\",\"position\":2,\"name\":\"Dienstreisen werden 2023 deutlich teurer\"}]},{\"@type\":\"WebSite\",\"@id\":\"https:\\\/\\\/www.organisator.ch\\\/#website\",\"url\":\"https:\\\/\\\/www.organisator.ch\\\/\",\"name\":\"Organisator\",\"description\":\"Kompetent. Praxisnah. Der ORGANISATOR bereitet in 10 Ausgaben pro Jahr die wesentlichen Themen f\u00fcr F\u00fchrungskr\u00e4fte von KMU auf.\",\"publisher\":{\"@id\":\"https:\\\/\\\/www.organisator.ch\\\/#organization\"},\"potentialAction\":[{\"@type\":\"SearchAction\",\"target\":{\"@type\":\"EntryPoint\",\"urlTemplate\":\"https:\\\/\\\/www.organisator.ch\\\/?s={search_term_string}\"},\"query-input\":{\"@type\":\"PropertyValueSpecification\",\"valueRequired\":true,\"valueName\":\"search_term_string\"}}],\"inLanguage\":\"en-US\"},{\"@type\":\"Organization\",\"@id\":\"https:\\\/\\\/www.organisator.ch\\\/#organization\",\"name\":\"Organisator\",\"url\":\"https:\\\/\\\/www.organisator.ch\\\/\",\"logo\":{\"@type\":\"ImageObject\",\"inLanguage\":\"en-US\",\"@id\":\"https:\\\/\\\/www.organisator.ch\\\/#\\\/schema\\\/logo\\\/image\\\/\",\"url\":\"https:\\\/\\\/www.organisator.ch\\\/wp-content\\\/uploads\\\/2022\\\/01\\\/Logo_Organisator_Website.png\",\"contentUrl\":\"https:\\\/\\\/www.organisator.ch\\\/wp-content\\\/uploads\\\/2022\\\/01\\\/Logo_Organisator_Website.png\",\"width\":800,\"height\":77,\"caption\":\"Organisator\"},\"image\":{\"@id\":\"https:\\\/\\\/www.organisator.ch\\\/#\\\/schema\\\/logo\\\/image\\\/\"},\"sameAs\":[\"https:\\\/\\\/www.facebook.com\\\/OrganisatorFachmagazin\",\"https:\\\/\\\/www.linkedin.com\\\/showcase\\\/organisator-das-magazin-fr-kmu\",\"https:\\\/\\\/www.xing.com\\\/news\\\/pages\\\/organisator-ch-695\",\"https:\\\/\\\/www.youtube.com\\\/channel\\\/UCGP2Sq0iWaZwT3BdIAQFYpw\"]},{\"@type\":\"Person\",\"@id\":\"https:\\\/\\\/www.organisator.ch\\\/#\\\/schema\\\/person\\\/6f650f90b2842cd4c0cc334b4e36f67e\",\"name\":\"thomas.berner\",\"image\":{\"@type\":\"ImageObject\",\"inLanguage\":\"en-US\",\"@id\":\"https:\\\/\\\/secure.gravatar.com\\\/avatar\\\/ac5001d2a36cb6c6cd3e50789007ffca834b477b74a2144564522e944eabff61?s=96&d=mm&r=g\",\"url\":\"https:\\\/\\\/secure.gravatar.com\\\/avatar\\\/ac5001d2a36cb6c6cd3e50789007ffca834b477b74a2144564522e944eabff61?s=96&d=mm&r=g\",\"contentUrl\":\"https:\\\/\\\/secure.gravatar.com\\\/avatar\\\/ac5001d2a36cb6c6cd3e50789007ffca834b477b74a2144564522e944eabff61?s=96&d=mm&r=g\",\"caption\":\"thomas.berner\"},\"url\":\"https:\\\/\\\/www.organisator.ch\\\/en\\\/author\\\/thomas-berner\\\/\"}]}<\/script>\n<!-- \/ Yoast SEO plugin. -->","yoast_head_json":{"title":"Business trips will become significantly more expensive in 2023 - Organizer","description":"According to business travel service provider CWT, people will need more money for flights, hotels and rental cars for business trips in 2023.","robots":{"index":"index","follow":"follow","max-snippet":"max-snippet:-1","max-image-preview":"max-image-preview:large","max-video-preview":"max-video-preview:-1"},"canonical":"https:\/\/www.organisator.ch\/en\/general\/2022-08-10\/business-travel-becomes-2023-significantly-more-expensive\/","og_locale":"en_US","og_type":"article","og_title":"Dienstreisen werden 2023 deutlich teurer","og_description":"Gem\u00e4ss dem Gesch\u00e4ftsreise-Dienstleister CWT wird man f\u00fcr Dienstreisen im Jahr 2023 mehr Geld f\u00fcr Flug, Hotel und Mietwagen brauchen.","og_url":"https:\/\/www.organisator.ch\/en\/general\/2022-08-10\/business-travel-becomes-2023-significantly-more-expensive\/","og_site_name":"Organisator","article_publisher":"https:\/\/www.facebook.com\/OrganisatorFachmagazin","article_published_time":"2022-08-10T07:08:24+00:00","og_image":[{"width":680,"height":374,"url":"https:\/\/www.organisator.ch\/wp-content\/uploads\/2022\/08\/Dienstreisen-werden-2023-deutlich-teurer-1_Organisator.jpg","type":"image\/jpeg"}],"author":"thomas.berner","twitter_card":"summary_large_image","twitter_title":"#Dienstreisen werden 2023 deutlich teurer","twitter_description":"Gem\u00e4ss dem #Gesch\u00e4ftsreise-Dienstleister #CWT wird man f\u00fcr #Dienstreisen im Jahr 2023 mehr Geld f\u00fcr Flug, Hotel und Mietwagen brauchen.","twitter_image":"https:\/\/www.organisator.ch\/wp-content\/uploads\/2022\/08\/Dienstreisen-werden-2023-deutlich-teurer-1_Organisator.jpg","schema":{"@context":"https:\/\/schema.org","@graph":[{"@type":"Article","@id":"https:\/\/www.organisator.ch\/it\/generale\/2022-08-10\/i-viaggi-daffari-diventano-2023-significativamente-piu-costosi\/#article","isPartOf":{"@id":"https:\/\/www.organisator.ch\/it\/generale\/2022-08-10\/i-viaggi-daffari-diventano-2023-significativamente-piu-costosi\/"},"author":{"name":"thomas.berner","@id":"https:\/\/www.organisator.ch\/#\/schema\/person\/6f650f90b2842cd4c0cc334b4e36f67e"},"headline":"Dienstreisen werden 2023 deutlich teurer","datePublished":"2022-08-10T07:08:24+00:00","mainEntityOfPage":{"@id":"https:\/\/www.organisator.ch\/it\/generale\/2022-08-10\/i-viaggi-daffari-diventano-2023-significativamente-piu-costosi\/"},"wordCount":1314,"publisher":{"@id":"https:\/\/www.organisator.ch\/#organization"},"image":{"@id":"https:\/\/www.organisator.ch\/it\/generale\/2022-08-10\/i-viaggi-daffari-diventano-2023-significativamente-piu-costosi\/#primaryimage"},"thumbnailUrl":"https:\/\/www.organisator.ch\/wp-content\/uploads\/2022\/08\/Dienstreisen-werden-2023-deutlich-teurer-1_Organisator.jpg","keywords":["Finanzen\/Recht","Gesch\u00e4ftsreisen","Konjunktur"],"articleSection":["Allgemein"],"inLanguage":"en-US"},{"@type":"WebPage","@id":"https:\/\/www.organisator.ch\/it\/generale\/2022-08-10\/i-viaggi-daffari-diventano-2023-significativamente-piu-costosi\/","url":"https:\/\/www.organisator.ch\/it\/generale\/2022-08-10\/i-viaggi-daffari-diventano-2023-significativamente-piu-costosi\/","name":"Business trips will become significantly more expensive in 2023 - Organizer","isPartOf":{"@id":"https:\/\/www.organisator.ch\/#website"},"primaryImageOfPage":{"@id":"https:\/\/www.organisator.ch\/it\/generale\/2022-08-10\/i-viaggi-daffari-diventano-2023-significativamente-piu-costosi\/#primaryimage"},"image":{"@id":"https:\/\/www.organisator.ch\/it\/generale\/2022-08-10\/i-viaggi-daffari-diventano-2023-significativamente-piu-costosi\/#primaryimage"},"thumbnailUrl":"https:\/\/www.organisator.ch\/wp-content\/uploads\/2022\/08\/Dienstreisen-werden-2023-deutlich-teurer-1_Organisator.jpg","datePublished":"2022-08-10T07:08:24+00:00","description":"According to business travel service provider CWT, people will need more money for flights, hotels and rental cars for business trips in 2023.","breadcrumb":{"@id":"https:\/\/www.organisator.ch\/it\/generale\/2022-08-10\/i-viaggi-daffari-diventano-2023-significativamente-piu-costosi\/#breadcrumb"},"inLanguage":"en-US","potentialAction":[{"@type":"ReadAction","target":["https:\/\/www.organisator.ch\/it\/generale\/2022-08-10\/i-viaggi-daffari-diventano-2023-significativamente-piu-costosi\/"]}]},{"@type":"ImageObject","inLanguage":"en-US","@id":"https:\/\/www.organisator.ch\/it\/generale\/2022-08-10\/i-viaggi-daffari-diventano-2023-significativamente-piu-costosi\/#primaryimage","url":"https:\/\/www.organisator.ch\/wp-content\/uploads\/2022\/08\/Dienstreisen-werden-2023-deutlich-teurer-1_Organisator.jpg","contentUrl":"https:\/\/www.organisator.ch\/wp-content\/uploads\/2022\/08\/Dienstreisen-werden-2023-deutlich-teurer-1_Organisator.jpg","width":680,"height":374,"caption":"Nicht nur die Flieger heben wieder ab: Auch die Preise f\u00fcr Dienstreisen werden weiter steigen. (Bild: Unsplash.com)"},{"@type":"BreadcrumbList","@id":"https:\/\/www.organisator.ch\/it\/generale\/2022-08-10\/i-viaggi-daffari-diventano-2023-significativamente-piu-costosi\/#breadcrumb","itemListElement":[{"@type":"ListItem","position":1,"name":"Home","item":"https:\/\/www.organisator.ch\/"},{"@type":"ListItem","position":2,"name":"Dienstreisen werden 2023 deutlich teurer"}]},{"@type":"WebSite","@id":"https:\/\/www.organisator.ch\/#website","url":"https:\/\/www.organisator.ch\/","name":"Organizer","description":"Competent. Practical. In 10 issues per year, ORGANISATOR presents the essential topics for managers of SMEs.","publisher":{"@id":"https:\/\/www.organisator.ch\/#organization"},"potentialAction":[{"@type":"SearchAction","target":{"@type":"EntryPoint","urlTemplate":"https:\/\/www.organisator.ch\/?s={search_term_string}"},"query-input":{"@type":"PropertyValueSpecification","valueRequired":true,"valueName":"search_term_string"}}],"inLanguage":"en-US"},{"@type":"Organization","@id":"https:\/\/www.organisator.ch\/#organization","name":"Organizer","url":"https:\/\/www.organisator.ch\/","logo":{"@type":"ImageObject","inLanguage":"en-US","@id":"https:\/\/www.organisator.ch\/#\/schema\/logo\/image\/","url":"https:\/\/www.organisator.ch\/wp-content\/uploads\/2022\/01\/Logo_Organisator_Website.png","contentUrl":"https:\/\/www.organisator.ch\/wp-content\/uploads\/2022\/01\/Logo_Organisator_Website.png","width":800,"height":77,"caption":"Organisator"},"image":{"@id":"https:\/\/www.organisator.ch\/#\/schema\/logo\/image\/"},"sameAs":["https:\/\/www.facebook.com\/OrganisatorFachmagazin","https:\/\/www.linkedin.com\/showcase\/organisator-das-magazin-fr-kmu","https:\/\/www.xing.com\/news\/pages\/organisator-ch-695","https:\/\/www.youtube.com\/channel\/UCGP2Sq0iWaZwT3BdIAQFYpw"]},{"@type":"Person","@id":"https:\/\/www.organisator.ch\/#\/schema\/person\/6f650f90b2842cd4c0cc334b4e36f67e","name":"thomas.berner","image":{"@type":"ImageObject","inLanguage":"en-US","@id":"https:\/\/secure.gravatar.com\/avatar\/ac5001d2a36cb6c6cd3e50789007ffca834b477b74a2144564522e944eabff61?s=96&d=mm&r=g","url":"https:\/\/secure.gravatar.com\/avatar\/ac5001d2a36cb6c6cd3e50789007ffca834b477b74a2144564522e944eabff61?s=96&d=mm&r=g","contentUrl":"https:\/\/secure.gravatar.com\/avatar\/ac5001d2a36cb6c6cd3e50789007ffca834b477b74a2144564522e944eabff61?s=96&d=mm&r=g","caption":"thomas.berner"},"url":"https:\/\/www.organisator.ch\/en\/author\/thomas-berner\/"}]}},"_links":{"self":[{"href":"https:\/\/www.organisator.ch\/en\/wp-json\/wp\/v2\/posts\/16399","targetHints":{"allow":["GET"]}}],"collection":[{"href":"https:\/\/www.organisator.ch\/en\/wp-json\/wp\/v2\/posts"}],"about":[{"href":"https:\/\/www.organisator.ch\/en\/wp-json\/wp\/v2\/types\/post"}],"author":[{"embeddable":true,"href":"https:\/\/www.organisator.ch\/en\/wp-json\/wp\/v2\/users\/4"}],"replies":[{"embeddable":true,"href":"https:\/\/www.organisator.ch\/en\/wp-json\/wp\/v2\/comments?post=16399"}],"version-history":[{"count":2,"href":"https:\/\/www.organisator.ch\/en\/wp-json\/wp\/v2\/posts\/16399\/revisions"}],"predecessor-version":[{"id":16405,"href":"https:\/\/www.organisator.ch\/en\/wp-json\/wp\/v2\/posts\/16399\/revisions\/16405"}],"wp:featuredmedia":[{"embeddable":true,"href":"https:\/\/www.organisator.ch\/en\/wp-json\/wp\/v2\/media\/16400"}],"wp:attachment":[{"href":"https:\/\/www.organisator.ch\/en\/wp-json\/wp\/v2\/media?parent=16399"}],"wp:term":[{"taxonomy":"category","embeddable":true,"href":"https:\/\/www.organisator.ch\/en\/wp-json\/wp\/v2\/categories?post=16399"},{"taxonomy":"post_tag","embeddable":true,"href":"https:\/\/www.organisator.ch\/en\/wp-json\/wp\/v2\/tags?post=16399"}],"curies":[{"name":"wp","href":"https:\/\/api.w.org\/{rel}","templated":true}]}}