{"id":16415,"date":"2022-08-11T10:19:38","date_gmt":"2022-08-11T08:19:38","guid":{"rendered":"https:\/\/www.organisator.ch\/?p=16415"},"modified":"2022-08-11T10:19:38","modified_gmt":"2022-08-11T08:19:38","slug":"sges-2022-swiss-green-economy-symposium","status":"publish","type":"post","link":"https:\/\/www.organisator.ch\/en\/sustainability\/2022-08-11\/sges-2022-swiss-green-economy-symposium\/","title":{"rendered":"SGES 2022: Swiss Green Economy Symposium"},"content":{"rendered":"<figure id=\"attachment_16419\" aria-describedby=\"caption-attachment-16419\" style=\"width: 680px\" class=\"wp-caption alignnone\"><img loading=\"lazy\" decoding=\"async\" class=\"size-full wp-image-16419\" src=\"https:\/\/www.organisator.ch\/wp-content\/uploads\/2022\/08\/SGES-2022-Swiss-Green-Economy-Symposium_Organisator.jpg\" alt=\"\" width=\"680\" height=\"451\" srcset=\"https:\/\/www.organisator.ch\/wp-content\/uploads\/2022\/08\/SGES-2022-Swiss-Green-Economy-Symposium_Organisator.jpg 680w, https:\/\/www.organisator.ch\/wp-content\/uploads\/2022\/08\/SGES-2022-Swiss-Green-Economy-Symposium_Organisator-18x12.jpg 18w, https:\/\/www.organisator.ch\/wp-content\/uploads\/2022\/08\/SGES-2022-Swiss-Green-Economy-Symposium_Organisator-264x175.jpg 264w, https:\/\/www.organisator.ch\/wp-content\/uploads\/2022\/08\/SGES-2022-Swiss-Green-Economy-Symposium_Organisator-528x350.jpg 528w, https:\/\/www.organisator.ch\/wp-content\/uploads\/2022\/08\/SGES-2022-Swiss-Green-Economy-Symposium_Organisator-300x199.jpg 300w\" sizes=\"auto, (max-width: 680px) 100vw, 680px\" \/><figcaption id=\"caption-attachment-16419\" class=\"wp-caption-text\">Around 1400 participants are expected at SGES 2022 on September 7 and 8. Here is an impression of last year's event. (Image: SGES)<\/figcaption><\/figure>\n<p>SGES 2022 is probably the most comprehensive business summit in Switzerland on the topic of sustainability. It brings inspiration, knowledge and networking for representatives from business, politics, science and civil society who decide, implement and drive innovation. This year's conference, which will take place on September 7 and 8 in Winterthur, features an exhibition and 270 speakers (including eight keynotes) at 16 innovation forums. Around 1400 participants are expected to attend.<\/p>\n<h3>16 innovation forums on various topics<\/h3>\n<p>The innovation forums are in-depth conferences. High-profile decision-makers, implementers and innovators from business, politics, science and NGOs show how they transform challenges into successful (business) solutions with added value for the economy, society and the environment. Participants will receive concrete recipes for success on topics such as healthcare and the circular economy, nutrition, cooperative urban logistics, energy-efficient operation of buildings, and sustainable financing and investment opportunities.<\/p>\n<h3>Presentations and panels<\/h3>\n<p>Moderated by Sonja Hasler, editor at SRF, and Dominique Reber, partner at Hirzel. Neef. Schmid. Konsulenten and member of the SGES advisory board, various topics will be discussed in the plenary session. For example, the question of the circular economy: How can we scale up? Dr. Katrin Schneeberger, Director, FOEN Federal Office for the Environment, and Dr. Torsten Wintergerste, Division President Chemtech, Sulzer Chemtech AG, will speak on this topic. National Councillor J\u00fcrg Grossen, himself an entrepreneur and President of Swissolar, the Swiss Association for Solar Energy, will address the issue of concrete climate protection in companies. Secure and sustainable energies will be the topic of the thematic block in which Andreas Kuhlmann, Chairman of the Executive Board of the German Energy Agency, and Alexander Keberle, Member of the Executive Board of economiesuisse, will be speakers. A closing event will also be the presentation of the SGES SDG Award for companies.<\/p>\n<h3>Exhibition at SGES 2022<\/h3>\n<p>This year, an exhibition will once again be located at the heart of the symposium. In terms of content, this is closely interlinked with the other topics of SGES 2022 and the innovation forums. Exhibition topics include education and sustainability, bioplastics, printing and design, SMEs and innovation, culture promotion and, of course, the circular economy. <span class=\"testimonial\">\"Today, no company can avoid the topic of sustainability. We are convinced that sustainability is not a compulsory exercise, but an elementary success factor,\" says Mario Weiss of Creaholic, for example, a development partner for improving the ecological compatibility of companies in a wide range of industries.<\/span><span class=\"expo-contact-info\"><br \/>\n<\/span><\/p>\n<p><em><a href=\"https:\/\/sges.ch\/\">More information<\/a> and <a href=\"https:\/\/sges.ch\/anmeldung\/\">Registration<\/a><\/em><\/p>","protected":false},"excerpt":{"rendered":"<p>Das SGES 2022 ist der wohl umfassendste Wirtschaftsgipfel der Schweiz zum Thema Nachhaltigkeit. Er bringt Inspiration, Wissen und Networking f\u00fcr Vertreterinnen und Vertreter aus Wirtschaft, Politik, Wissenschaft und Zivilgesellschaft, die entscheiden, umsetzen und Innovationen vorantreiben. Die diesj\u00e4hrige Tagung, die am 7. und 8. September in Winterthur stattfindet, wartet mit einer Ausstellung und 270 Referierenden (davon [&hellip;]<\/p>\n","protected":false},"author":4,"featured_media":16419,"comment_status":"closed","ping_status":"closed","sticky":false,"template":"","format":"standard","meta":{"_acf_changed":false,"_yoast_wpseo_focuskw":"SGES 2022","_yoast_wpseo_metadesc":"Unter dem Motto \"Verantwortungsvoll und mutig zusammenarbeiten\" findet am 7.\/8. September das Swiss Green Economy Symposium SGES 2022 statt.","articlekey":"","footnotes":""},"categories":[580],"tags":[193,358],"class_list":["post-16415","post","type-post","status-publish","format-standard","has-post-thumbnail","hentry","category-sustainability","tag-fachkongressfachmesse","tag-nachhaltige-wirtschaft"],"acf":[],"yoast_head":"<!-- This site is optimized with the Yoast SEO plugin v27.5 - https:\/\/yoast.com\/product\/yoast-seo-wordpress\/ -->\n<title>SGES 2022: Swiss Green Economy Symposium - Organisator<\/title>\n<meta name=\"description\" content=\"Unter dem Motto &quot;Verantwortungsvoll und mutig zusammenarbeiten&quot; findet am 7.\/8. September das Swiss Green Economy Symposium SGES 2022 statt.\" \/>\n<meta name=\"robots\" content=\"index, follow, max-snippet:-1, max-image-preview:large, max-video-preview:-1\" \/>\n<link rel=\"canonical\" href=\"https:\/\/www.organisator.ch\/en\/sustainability\/2022-08-11\/sges-2022-swiss-green-economy-symposium\/\" \/>\n<meta property=\"og:locale\" content=\"en_US\" \/>\n<meta property=\"og:type\" content=\"article\" \/>\n<meta property=\"og:title\" content=\"SGES 2022: Swiss Green Economy Symposium\" \/>\n<meta property=\"og:description\" content=\"Unter dem Motto &quot;Verantwortungsvoll und mutig zusammenarbeiten&quot; findet am 7.\/8. September das Swiss Green Economy Symposium SGES 2022 statt.\" \/>\n<meta property=\"og:url\" content=\"https:\/\/www.organisator.ch\/en\/sustainability\/2022-08-11\/sges-2022-swiss-green-economy-symposium\/\" \/>\n<meta property=\"og:site_name\" content=\"Organisator\" \/>\n<meta property=\"article:publisher\" content=\"https:\/\/www.facebook.com\/OrganisatorFachmagazin\" \/>\n<meta property=\"article:published_time\" content=\"2022-08-11T08:19:38+00:00\" \/>\n<meta property=\"og:image\" content=\"https:\/\/www.organisator.ch\/wp-content\/uploads\/2022\/08\/SGES-2022-Swiss-Green-Economy-Symposium_Organisator.jpg\" \/>\n\t<meta property=\"og:image:width\" content=\"680\" \/>\n\t<meta property=\"og:image:height\" content=\"451\" \/>\n\t<meta property=\"og:image:type\" content=\"image\/jpeg\" \/>\n<meta name=\"author\" content=\"thomas.berner\" \/>\n<meta name=\"twitter:card\" content=\"summary_large_image\" \/>\n<meta name=\"twitter:title\" content=\"#SGES 2022: Swiss Green Economy Symposium\" \/>\n<meta name=\"twitter:description\" content=\"Unter dem Motto &quot;Verantwortungsvoll und mutig zusammenarbeiten&quot; findet am 7.\/8. September das Swiss Green Economy Symposium #SGES 2022 statt.\" \/>\n<meta name=\"twitter:image\" content=\"https:\/\/www.organisator.ch\/wp-content\/uploads\/2022\/08\/SGES-2022-Swiss-Green-Economy-Symposium_Organisator.jpg\" \/>\n<script type=\"application\/ld+json\" class=\"yoast-schema-graph\">{\"@context\":\"https:\\\/\\\/schema.org\",\"@graph\":[{\"@type\":\"Article\",\"@id\":\"https:\\\/\\\/www.organisator.ch\\\/sustainability\\\/2022-08-11\\\/sges-2022-swiss-green-economy-symposium\\\/#article\",\"isPartOf\":{\"@id\":\"https:\\\/\\\/www.organisator.ch\\\/sustainability\\\/2022-08-11\\\/sges-2022-swiss-green-economy-symposium\\\/\"},\"author\":{\"name\":\"thomas.berner\",\"@id\":\"https:\\\/\\\/www.organisator.ch\\\/#\\\/schema\\\/person\\\/6f650f90b2842cd4c0cc334b4e36f67e\"},\"headline\":\"SGES 2022: Swiss Green Economy Symposium\",\"datePublished\":\"2022-08-11T08:19:38+00:00\",\"mainEntityOfPage\":{\"@id\":\"https:\\\/\\\/www.organisator.ch\\\/sustainability\\\/2022-08-11\\\/sges-2022-swiss-green-economy-symposium\\\/\"},\"wordCount\":402,\"publisher\":{\"@id\":\"https:\\\/\\\/www.organisator.ch\\\/#organization\"},\"image\":{\"@id\":\"https:\\\/\\\/www.organisator.ch\\\/sustainability\\\/2022-08-11\\\/sges-2022-swiss-green-economy-symposium\\\/#primaryimage\"},\"thumbnailUrl\":\"https:\\\/\\\/www.organisator.ch\\\/wp-content\\\/uploads\\\/2022\\\/08\\\/SGES-2022-Swiss-Green-Economy-Symposium_Organisator.jpg\",\"keywords\":[\"Fachkongress\\\/Fachmesse\",\"Nachhaltige Wirtschaft\"],\"articleSection\":[\"SUSTAINABILITY\"],\"inLanguage\":\"en-US\"},{\"@type\":\"WebPage\",\"@id\":\"https:\\\/\\\/www.organisator.ch\\\/sustainability\\\/2022-08-11\\\/sges-2022-swiss-green-economy-symposium\\\/\",\"url\":\"https:\\\/\\\/www.organisator.ch\\\/sustainability\\\/2022-08-11\\\/sges-2022-swiss-green-economy-symposium\\\/\",\"name\":\"SGES 2022: Swiss Green Economy Symposium - Organisator\",\"isPartOf\":{\"@id\":\"https:\\\/\\\/www.organisator.ch\\\/#website\"},\"primaryImageOfPage\":{\"@id\":\"https:\\\/\\\/www.organisator.ch\\\/sustainability\\\/2022-08-11\\\/sges-2022-swiss-green-economy-symposium\\\/#primaryimage\"},\"image\":{\"@id\":\"https:\\\/\\\/www.organisator.ch\\\/sustainability\\\/2022-08-11\\\/sges-2022-swiss-green-economy-symposium\\\/#primaryimage\"},\"thumbnailUrl\":\"https:\\\/\\\/www.organisator.ch\\\/wp-content\\\/uploads\\\/2022\\\/08\\\/SGES-2022-Swiss-Green-Economy-Symposium_Organisator.jpg\",\"datePublished\":\"2022-08-11T08:19:38+00:00\",\"description\":\"Unter dem Motto \\\"Verantwortungsvoll und mutig zusammenarbeiten\\\" findet am 7.\\\/8. September das Swiss Green Economy Symposium SGES 2022 statt.\",\"breadcrumb\":{\"@id\":\"https:\\\/\\\/www.organisator.ch\\\/sustainability\\\/2022-08-11\\\/sges-2022-swiss-green-economy-symposium\\\/#breadcrumb\"},\"inLanguage\":\"en-US\",\"potentialAction\":[{\"@type\":\"ReadAction\",\"target\":[\"https:\\\/\\\/www.organisator.ch\\\/sustainability\\\/2022-08-11\\\/sges-2022-swiss-green-economy-symposium\\\/\"]}]},{\"@type\":\"ImageObject\",\"inLanguage\":\"en-US\",\"@id\":\"https:\\\/\\\/www.organisator.ch\\\/sustainability\\\/2022-08-11\\\/sges-2022-swiss-green-economy-symposium\\\/#primaryimage\",\"url\":\"https:\\\/\\\/www.organisator.ch\\\/wp-content\\\/uploads\\\/2022\\\/08\\\/SGES-2022-Swiss-Green-Economy-Symposium_Organisator.jpg\",\"contentUrl\":\"https:\\\/\\\/www.organisator.ch\\\/wp-content\\\/uploads\\\/2022\\\/08\\\/SGES-2022-Swiss-Green-Economy-Symposium_Organisator.jpg\",\"width\":680,\"height\":451,\"caption\":\"Am SGES 2022 vom 7. und 8. September werden rund 1400 Teilnehmende erwartet. Hier im Bild eine Impression von der letztj\u00e4hrigen Durchf\u00fchrung. (Bild: SGES)\"},{\"@type\":\"BreadcrumbList\",\"@id\":\"https:\\\/\\\/www.organisator.ch\\\/sustainability\\\/2022-08-11\\\/sges-2022-swiss-green-economy-symposium\\\/#breadcrumb\",\"itemListElement\":[{\"@type\":\"ListItem\",\"position\":1,\"name\":\"Home\",\"item\":\"https:\\\/\\\/www.organisator.ch\\\/\"},{\"@type\":\"ListItem\",\"position\":2,\"name\":\"SGES 2022: Swiss Green Economy Symposium\"}]},{\"@type\":\"WebSite\",\"@id\":\"https:\\\/\\\/www.organisator.ch\\\/#website\",\"url\":\"https:\\\/\\\/www.organisator.ch\\\/\",\"name\":\"Organisator\",\"description\":\"Kompetent. Praxisnah. Der ORGANISATOR bereitet in 10 Ausgaben pro Jahr die wesentlichen Themen f\u00fcr F\u00fchrungskr\u00e4fte von KMU auf.\",\"publisher\":{\"@id\":\"https:\\\/\\\/www.organisator.ch\\\/#organization\"},\"potentialAction\":[{\"@type\":\"SearchAction\",\"target\":{\"@type\":\"EntryPoint\",\"urlTemplate\":\"https:\\\/\\\/www.organisator.ch\\\/?s={search_term_string}\"},\"query-input\":{\"@type\":\"PropertyValueSpecification\",\"valueRequired\":true,\"valueName\":\"search_term_string\"}}],\"inLanguage\":\"en-US\"},{\"@type\":\"Organization\",\"@id\":\"https:\\\/\\\/www.organisator.ch\\\/#organization\",\"name\":\"Organisator\",\"url\":\"https:\\\/\\\/www.organisator.ch\\\/\",\"logo\":{\"@type\":\"ImageObject\",\"inLanguage\":\"en-US\",\"@id\":\"https:\\\/\\\/www.organisator.ch\\\/#\\\/schema\\\/logo\\\/image\\\/\",\"url\":\"https:\\\/\\\/www.organisator.ch\\\/wp-content\\\/uploads\\\/2022\\\/01\\\/Logo_Organisator_Website.png\",\"contentUrl\":\"https:\\\/\\\/www.organisator.ch\\\/wp-content\\\/uploads\\\/2022\\\/01\\\/Logo_Organisator_Website.png\",\"width\":800,\"height\":77,\"caption\":\"Organisator\"},\"image\":{\"@id\":\"https:\\\/\\\/www.organisator.ch\\\/#\\\/schema\\\/logo\\\/image\\\/\"},\"sameAs\":[\"https:\\\/\\\/www.facebook.com\\\/OrganisatorFachmagazin\",\"https:\\\/\\\/www.linkedin.com\\\/showcase\\\/organisator-das-magazin-fr-kmu\",\"https:\\\/\\\/www.xing.com\\\/news\\\/pages\\\/organisator-ch-695\",\"https:\\\/\\\/www.youtube.com\\\/channel\\\/UCGP2Sq0iWaZwT3BdIAQFYpw\"]},{\"@type\":\"Person\",\"@id\":\"https:\\\/\\\/www.organisator.ch\\\/#\\\/schema\\\/person\\\/6f650f90b2842cd4c0cc334b4e36f67e\",\"name\":\"thomas.berner\",\"image\":{\"@type\":\"ImageObject\",\"inLanguage\":\"en-US\",\"@id\":\"https:\\\/\\\/secure.gravatar.com\\\/avatar\\\/ac5001d2a36cb6c6cd3e50789007ffca834b477b74a2144564522e944eabff61?s=96&d=mm&r=g\",\"url\":\"https:\\\/\\\/secure.gravatar.com\\\/avatar\\\/ac5001d2a36cb6c6cd3e50789007ffca834b477b74a2144564522e944eabff61?s=96&d=mm&r=g\",\"contentUrl\":\"https:\\\/\\\/secure.gravatar.com\\\/avatar\\\/ac5001d2a36cb6c6cd3e50789007ffca834b477b74a2144564522e944eabff61?s=96&d=mm&r=g\",\"caption\":\"thomas.berner\"},\"url\":\"https:\\\/\\\/www.organisator.ch\\\/en\\\/author\\\/thomas-berner\\\/\"}]}<\/script>\n<!-- \/ Yoast SEO plugin. -->","yoast_head_json":{"title":"SGES 2022: Swiss Green Economy Symposium - Organizer","description":"Under the motto \"Working together responsibly and courageously\", the Swiss Green Economy Symposium SGES 2022 will take place on September 7-8.","robots":{"index":"index","follow":"follow","max-snippet":"max-snippet:-1","max-image-preview":"max-image-preview:large","max-video-preview":"max-video-preview:-1"},"canonical":"https:\/\/www.organisator.ch\/en\/sustainability\/2022-08-11\/sges-2022-swiss-green-economy-symposium\/","og_locale":"en_US","og_type":"article","og_title":"SGES 2022: Swiss Green Economy Symposium","og_description":"Unter dem Motto \"Verantwortungsvoll und mutig zusammenarbeiten\" findet am 7.\/8. September das Swiss Green Economy Symposium SGES 2022 statt.","og_url":"https:\/\/www.organisator.ch\/en\/sustainability\/2022-08-11\/sges-2022-swiss-green-economy-symposium\/","og_site_name":"Organisator","article_publisher":"https:\/\/www.facebook.com\/OrganisatorFachmagazin","article_published_time":"2022-08-11T08:19:38+00:00","og_image":[{"width":680,"height":451,"url":"https:\/\/www.organisator.ch\/wp-content\/uploads\/2022\/08\/SGES-2022-Swiss-Green-Economy-Symposium_Organisator.jpg","type":"image\/jpeg"}],"author":"thomas.berner","twitter_card":"summary_large_image","twitter_title":"#SGES 2022: Swiss Green Economy Symposium","twitter_description":"Unter dem Motto \"Verantwortungsvoll und mutig zusammenarbeiten\" findet am 7.\/8. September das Swiss Green Economy Symposium #SGES 2022 statt.","twitter_image":"https:\/\/www.organisator.ch\/wp-content\/uploads\/2022\/08\/SGES-2022-Swiss-Green-Economy-Symposium_Organisator.jpg","schema":{"@context":"https:\/\/schema.org","@graph":[{"@type":"Article","@id":"https:\/\/www.organisator.ch\/sustainability\/2022-08-11\/sges-2022-swiss-green-economy-symposium\/#article","isPartOf":{"@id":"https:\/\/www.organisator.ch\/sustainability\/2022-08-11\/sges-2022-swiss-green-economy-symposium\/"},"author":{"name":"thomas.berner","@id":"https:\/\/www.organisator.ch\/#\/schema\/person\/6f650f90b2842cd4c0cc334b4e36f67e"},"headline":"SGES 2022: Swiss Green Economy Symposium","datePublished":"2022-08-11T08:19:38+00:00","mainEntityOfPage":{"@id":"https:\/\/www.organisator.ch\/sustainability\/2022-08-11\/sges-2022-swiss-green-economy-symposium\/"},"wordCount":402,"publisher":{"@id":"https:\/\/www.organisator.ch\/#organization"},"image":{"@id":"https:\/\/www.organisator.ch\/sustainability\/2022-08-11\/sges-2022-swiss-green-economy-symposium\/#primaryimage"},"thumbnailUrl":"https:\/\/www.organisator.ch\/wp-content\/uploads\/2022\/08\/SGES-2022-Swiss-Green-Economy-Symposium_Organisator.jpg","keywords":["Fachkongress\/Fachmesse","Nachhaltige Wirtschaft"],"articleSection":["SUSTAINABILITY"],"inLanguage":"en-US"},{"@type":"WebPage","@id":"https:\/\/www.organisator.ch\/sustainability\/2022-08-11\/sges-2022-swiss-green-economy-symposium\/","url":"https:\/\/www.organisator.ch\/sustainability\/2022-08-11\/sges-2022-swiss-green-economy-symposium\/","name":"SGES 2022: Swiss Green Economy Symposium - Organizer","isPartOf":{"@id":"https:\/\/www.organisator.ch\/#website"},"primaryImageOfPage":{"@id":"https:\/\/www.organisator.ch\/sustainability\/2022-08-11\/sges-2022-swiss-green-economy-symposium\/#primaryimage"},"image":{"@id":"https:\/\/www.organisator.ch\/sustainability\/2022-08-11\/sges-2022-swiss-green-economy-symposium\/#primaryimage"},"thumbnailUrl":"https:\/\/www.organisator.ch\/wp-content\/uploads\/2022\/08\/SGES-2022-Swiss-Green-Economy-Symposium_Organisator.jpg","datePublished":"2022-08-11T08:19:38+00:00","description":"Under the motto \"Working together responsibly and courageously\", the Swiss Green Economy Symposium SGES 2022 will take place on September 7-8.","breadcrumb":{"@id":"https:\/\/www.organisator.ch\/sustainability\/2022-08-11\/sges-2022-swiss-green-economy-symposium\/#breadcrumb"},"inLanguage":"en-US","potentialAction":[{"@type":"ReadAction","target":["https:\/\/www.organisator.ch\/sustainability\/2022-08-11\/sges-2022-swiss-green-economy-symposium\/"]}]},{"@type":"ImageObject","inLanguage":"en-US","@id":"https:\/\/www.organisator.ch\/sustainability\/2022-08-11\/sges-2022-swiss-green-economy-symposium\/#primaryimage","url":"https:\/\/www.organisator.ch\/wp-content\/uploads\/2022\/08\/SGES-2022-Swiss-Green-Economy-Symposium_Organisator.jpg","contentUrl":"https:\/\/www.organisator.ch\/wp-content\/uploads\/2022\/08\/SGES-2022-Swiss-Green-Economy-Symposium_Organisator.jpg","width":680,"height":451,"caption":"Am SGES 2022 vom 7. und 8. September werden rund 1400 Teilnehmende erwartet. Hier im Bild eine Impression von der letztj\u00e4hrigen Durchf\u00fchrung. (Bild: SGES)"},{"@type":"BreadcrumbList","@id":"https:\/\/www.organisator.ch\/sustainability\/2022-08-11\/sges-2022-swiss-green-economy-symposium\/#breadcrumb","itemListElement":[{"@type":"ListItem","position":1,"name":"Home","item":"https:\/\/www.organisator.ch\/"},{"@type":"ListItem","position":2,"name":"SGES 2022: Swiss Green Economy Symposium"}]},{"@type":"WebSite","@id":"https:\/\/www.organisator.ch\/#website","url":"https:\/\/www.organisator.ch\/","name":"Organizer","description":"Competent. Practical. In 10 issues per year, ORGANISATOR presents the essential topics for managers of SMEs.","publisher":{"@id":"https:\/\/www.organisator.ch\/#organization"},"potentialAction":[{"@type":"SearchAction","target":{"@type":"EntryPoint","urlTemplate":"https:\/\/www.organisator.ch\/?s={search_term_string}"},"query-input":{"@type":"PropertyValueSpecification","valueRequired":true,"valueName":"search_term_string"}}],"inLanguage":"en-US"},{"@type":"Organization","@id":"https:\/\/www.organisator.ch\/#organization","name":"Organizer","url":"https:\/\/www.organisator.ch\/","logo":{"@type":"ImageObject","inLanguage":"en-US","@id":"https:\/\/www.organisator.ch\/#\/schema\/logo\/image\/","url":"https:\/\/www.organisator.ch\/wp-content\/uploads\/2022\/01\/Logo_Organisator_Website.png","contentUrl":"https:\/\/www.organisator.ch\/wp-content\/uploads\/2022\/01\/Logo_Organisator_Website.png","width":800,"height":77,"caption":"Organisator"},"image":{"@id":"https:\/\/www.organisator.ch\/#\/schema\/logo\/image\/"},"sameAs":["https:\/\/www.facebook.com\/OrganisatorFachmagazin","https:\/\/www.linkedin.com\/showcase\/organisator-das-magazin-fr-kmu","https:\/\/www.xing.com\/news\/pages\/organisator-ch-695","https:\/\/www.youtube.com\/channel\/UCGP2Sq0iWaZwT3BdIAQFYpw"]},{"@type":"Person","@id":"https:\/\/www.organisator.ch\/#\/schema\/person\/6f650f90b2842cd4c0cc334b4e36f67e","name":"thomas.berner","image":{"@type":"ImageObject","inLanguage":"en-US","@id":"https:\/\/secure.gravatar.com\/avatar\/ac5001d2a36cb6c6cd3e50789007ffca834b477b74a2144564522e944eabff61?s=96&d=mm&r=g","url":"https:\/\/secure.gravatar.com\/avatar\/ac5001d2a36cb6c6cd3e50789007ffca834b477b74a2144564522e944eabff61?s=96&d=mm&r=g","contentUrl":"https:\/\/secure.gravatar.com\/avatar\/ac5001d2a36cb6c6cd3e50789007ffca834b477b74a2144564522e944eabff61?s=96&d=mm&r=g","caption":"thomas.berner"},"url":"https:\/\/www.organisator.ch\/en\/author\/thomas-berner\/"}]}},"_links":{"self":[{"href":"https:\/\/www.organisator.ch\/en\/wp-json\/wp\/v2\/posts\/16415","targetHints":{"allow":["GET"]}}],"collection":[{"href":"https:\/\/www.organisator.ch\/en\/wp-json\/wp\/v2\/posts"}],"about":[{"href":"https:\/\/www.organisator.ch\/en\/wp-json\/wp\/v2\/types\/post"}],"author":[{"embeddable":true,"href":"https:\/\/www.organisator.ch\/en\/wp-json\/wp\/v2\/users\/4"}],"replies":[{"embeddable":true,"href":"https:\/\/www.organisator.ch\/en\/wp-json\/wp\/v2\/comments?post=16415"}],"version-history":[{"count":3,"href":"https:\/\/www.organisator.ch\/en\/wp-json\/wp\/v2\/posts\/16415\/revisions"}],"predecessor-version":[{"id":16628,"href":"https:\/\/www.organisator.ch\/en\/wp-json\/wp\/v2\/posts\/16415\/revisions\/16628"}],"wp:featuredmedia":[{"embeddable":true,"href":"https:\/\/www.organisator.ch\/en\/wp-json\/wp\/v2\/media\/16419"}],"wp:attachment":[{"href":"https:\/\/www.organisator.ch\/en\/wp-json\/wp\/v2\/media?parent=16415"}],"wp:term":[{"taxonomy":"category","embeddable":true,"href":"https:\/\/www.organisator.ch\/en\/wp-json\/wp\/v2\/categories?post=16415"},{"taxonomy":"post_tag","embeddable":true,"href":"https:\/\/www.organisator.ch\/en\/wp-json\/wp\/v2\/tags?post=16415"}],"curies":[{"name":"wp","href":"https:\/\/api.w.org\/{rel}","templated":true}]}}