{"id":16421,"date":"2022-08-11T10:43:12","date_gmt":"2022-08-11T08:43:12","guid":{"rendered":"https:\/\/www.organisator.ch\/?p=16421"},"modified":"2022-08-11T10:43:12","modified_gmt":"2022-08-11T08:43:12","slug":"fhnw-praxisintegriertes-bachelorstudium-gegen-den-fachkraeftemangel","status":"publish","type":"post","link":"https:\/\/www.organisator.ch\/en\/weiterbildung\/2022-08-11\/fhnw-praxisintegriertes-bachelorstudium-gegen-den-fachkraeftemangel\/","title":{"rendered":"FHNW: Practice-integrated Bachelor's degree program to combat the shortage of skilled workers"},"content":{"rendered":"<figure id=\"attachment_16422\" aria-describedby=\"caption-attachment-16422\" style=\"width: 680px\" class=\"wp-caption alignnone\"><img loading=\"lazy\" decoding=\"async\" class=\"size-full wp-image-16422\" src=\"https:\/\/www.organisator.ch\/wp-content\/uploads\/2022\/08\/FHNW-Praxisintegriertes-Bachelorstudium-gegen-den-Fachkraftemangel_Organisator.jpg\" alt=\"\" width=\"680\" height=\"453\" srcset=\"https:\/\/www.organisator.ch\/wp-content\/uploads\/2022\/08\/FHNW-Praxisintegriertes-Bachelorstudium-gegen-den-Fachkraftemangel_Organisator.jpg 680w, https:\/\/www.organisator.ch\/wp-content\/uploads\/2022\/08\/FHNW-Praxisintegriertes-Bachelorstudium-gegen-den-Fachkraftemangel_Organisator-18x12.jpg 18w, https:\/\/www.organisator.ch\/wp-content\/uploads\/2022\/08\/FHNW-Praxisintegriertes-Bachelorstudium-gegen-den-Fachkraftemangel_Organisator-263x175.jpg 263w, https:\/\/www.organisator.ch\/wp-content\/uploads\/2022\/08\/FHNW-Praxisintegriertes-Bachelorstudium-gegen-den-Fachkraftemangel_Organisator-525x350.jpg 525w, https:\/\/www.organisator.ch\/wp-content\/uploads\/2022\/08\/FHNW-Praxisintegriertes-Bachelorstudium-gegen-den-Fachkraftemangel_Organisator-300x200.jpg 300w\" sizes=\"auto, (max-width: 680px) 100vw, 680px\" \/><figcaption id=\"caption-attachment-16422\" class=\"wp-caption-text\">The PiBS (practice-integrated bachelor's degree) study model combines practical experience with study - directly from the Matura. (Image: FHNW)<\/figcaption><\/figure>\n<p>The shortage of skilled workers in Switzerland is increasing - especially in the technical sector. The first two places in the Swiss Skilled Worker Shortage Index are occupied by engineering and IT professions. Yet Switzerland's current challenges can hardly be met without the right skilled workers. The focus at the moment is primarily on Switzerland's energy supply and the associated expansion of renewable energies: temperature records, the threat of shortages and rapidly rising prices for fossil fuels and electricity are increasing the urgency of the energy turnaround. \"Well-trained and innovative engineers are needed to implement the energy transition,\" says Ruth Schmitt, head of education at the FHNW School of Engineering. \"That's why we're offering high school graduates a new, direct path to a degree starting in the fall semester of 2022. In this way, we want to attract more young people to a technical education.\" And this path leads via a practice-integrated bachelor's degree program.<\/p>\n<h3><strong>Dual bachelor studies for high school graduates<\/strong><\/h3>\n<p>Students who wish to study at a technical university of applied sciences do not necessarily have to have completed a technical apprenticeship. High school graduates are also admitted if they have at least one year of practical experience in the world of work before starting their studies, which fits in with the chosen course of study. Starting in the fall semester of 2022, high school graduates at the FHNW will be able to start their technical studies directly - and build up their practical work experience in parallel. This is possible thanks to a pilot trial by the federal government: The practice-integrated bachelor's degree (PiBS) was launched as part of a package of measures to combat the shortage of skilled workers in the MINT sector (mathematics, information technology, natural sciences and technology).<\/p>\n<p>The PiBS is a dual education: Students attend the study modules at the FHNW and work 40% at a partner company from industry and business. To do this, they either divide the week into study and internship days or study in phases in the full-time model and spend longer practical phases at the company. The study content is the same as in a three-year full-time program. A practice-integrated course of study usually lasts four years, but offers a major advantage, according to the FHNW: \"The high school graduates start their professional life and their studies at the same time. This allows them to apply what they have learned in practice right away - and, conversely, to bring their practical experience into their everyday studies. For example, in student projects, a central part of every degree program at the FHNW School of Engineering: From the first semester, students work in teams to implement specific assignments from industry,\" says Ruth Schmitt.<\/p>\n<h3><strong>First places for study start in fall 2022<\/strong><\/h3>\n<p>Anyone wishing to enroll in a practice-integrated bachelor's degree program PiBS must sign a training contract with a company for the entire duration of the program. Brugg Cables and Pfiffner Messwandler are two of the first partner companies to offer internships to high school graduates who have made up their minds and want to start a dual study program in electrical and information technology, energy and environmental technology or mechanical engineering in the fall of 2022. Brugg Cables is internationally active in the systems business with high-, medium- and low-voltage cables and accessories. The company's research and development department is constantly working on new, innovative products for the highest voltage levels and for the complex cabling of power supply systems. The company is located just a stone's throw from the FHNW University of Applied Sciences, but is globally networked. Pfiffner Messwandler, on the other hand, develops, produces and sells products and solutions for customers in the field of energy technology with around 220 employees. \"Major technical challenges await us in the energy sector. To master these, we need young people who can shape the grids of the future with their ideas,\" says Dr. J\u00fcrgen Bernauer, CEO of the company, about the motivation to support future students in their careers.<\/p>\n<p>The range of companies offering internships is to be expanded on an ongoing basis.<\/p>\n<p><em>More information: <a href=\"http:\/\/www.fhnw.ch\/technik\/pibs\">www.fhnw.ch\/technik\/pibs<\/a><\/em><\/p>","protected":false},"excerpt":{"rendered":"<p>Der Fachkr\u00e4ftemangel in der Schweiz nimmt zu \u2013 insbesondere im technischen Bereich. Auf den ersten beiden Pl\u00e4tzen des schweizerischen Fachkr\u00e4ftemangel-Index sind die Ingenieur- und Informatikberufe zu finden. Dabei sind die aktuellen Herausforderungen der Schweiz ohne die richtigen Fachkr\u00e4fte kaum zu bew\u00e4ltigen. Im Fokus steht momentan vor allem die schweizerische Energieversorgung und der damit verbundene Ausbau [&hellip;]<\/p>\n","protected":false},"author":4,"featured_media":0,"comment_status":"closed","ping_status":"closed","sticky":false,"template":"","format":"standard","meta":{"_acf_changed":false,"_yoast_wpseo_focuskw":"Bachelorstudium","_yoast_wpseo_metadesc":"Die Hochschule f\u00fcr Technik FHNW hat ein duales Studium (praxisintegriertes Bachelorstudium) f\u00fcr Maturandinnen und Maturanden geschaffen.","articlekey":"","footnotes":""},"categories":[30],"tags":[62,192,194],"class_list":["post-16421","post","type-post","status-publish","format-standard","hentry","category-weiterbildung","tag-aus-weiterbildung","tag-fachhochschulen","tag-fachkraeftemangel"],"acf":[],"yoast_head":"<!-- This site is optimized with the Yoast SEO plugin v27.5 - https:\/\/yoast.com\/product\/yoast-seo-wordpress\/ -->\n<title>FHNW: Praxisintegriertes Bachelorstudium gegen den Fachkr\u00e4ftemangel - Organisator<\/title>\n<meta name=\"description\" content=\"Die Hochschule f\u00fcr Technik FHNW hat ein duales Studium (praxisintegriertes Bachelorstudium) f\u00fcr Maturandinnen und Maturanden geschaffen.\" \/>\n<meta name=\"robots\" content=\"index, follow, max-snippet:-1, max-image-preview:large, max-video-preview:-1\" \/>\n<link rel=\"canonical\" href=\"https:\/\/www.organisator.ch\/en\/further-education\/2022-08-11\/fhnw-praxisintegriertes-bachelorstudium-gegen-den-fachkraeftemangel\/\" \/>\n<meta property=\"og:locale\" content=\"en_US\" \/>\n<meta property=\"og:type\" content=\"article\" \/>\n<meta property=\"og:title\" content=\"FHNW: Praxisintegriertes Bachelorstudium gegen den Fachkr\u00e4ftemangel\" \/>\n<meta property=\"og:description\" content=\"Die Hochschule f\u00fcr Technik FHNW hat ein duales Studium (praxisintegriertes Bachelorstudium) f\u00fcr Maturandinnen und Maturanden geschaffen.\" \/>\n<meta property=\"og:url\" content=\"https:\/\/www.organisator.ch\/en\/further-education\/2022-08-11\/fhnw-praxisintegriertes-bachelorstudium-gegen-den-fachkraeftemangel\/\" \/>\n<meta property=\"og:site_name\" content=\"Organisator\" \/>\n<meta property=\"article:publisher\" content=\"https:\/\/www.facebook.com\/OrganisatorFachmagazin\" \/>\n<meta property=\"article:published_time\" content=\"2022-08-11T08:43:12+00:00\" \/>\n<meta property=\"og:image\" content=\"https:\/\/www.organisator.ch\/wp-content\/uploads\/2022\/08\/FHNW-Praxisintegriertes-Bachelorstudium-gegen-den-Fachkraftemangel_Organisator.jpg\" \/>\n\t<meta property=\"og:image:width\" content=\"680\" \/>\n\t<meta property=\"og:image:height\" content=\"453\" \/>\n\t<meta property=\"og:image:type\" content=\"image\/jpeg\" \/>\n<meta name=\"author\" content=\"thomas.berner\" \/>\n<meta name=\"twitter:card\" content=\"summary_large_image\" \/>\n<meta name=\"twitter:title\" content=\"#FHNW: Praxisintegriertes #Bachelorstudium gegen den #Fachkr\u00e4ftemangel\" \/>\n<meta name=\"twitter:description\" content=\"Die Hochschule f\u00fcr Technik #FHNW hat ein duales Studium (praxisintegriertes #Bachelorstudium) f\u00fcr Maturandinnen und Maturanden geschaffen.\" \/>\n<meta name=\"twitter:image\" content=\"https:\/\/www.organisator.ch\/wp-content\/uploads\/2022\/08\/FHNW-Praxisintegriertes-Bachelorstudium-gegen-den-Fachkraftemangel_Organisator.jpg\" \/>\n<script type=\"application\/ld+json\" class=\"yoast-schema-graph\">{\"@context\":\"https:\\\/\\\/schema.org\",\"@graph\":[{\"@type\":\"Article\",\"@id\":\"https:\\\/\\\/www.organisator.ch\\\/weiterbildung\\\/2022-08-11\\\/fhnw-praxisintegriertes-bachelorstudium-gegen-den-fachkraeftemangel\\\/#article\",\"isPartOf\":{\"@id\":\"https:\\\/\\\/www.organisator.ch\\\/weiterbildung\\\/2022-08-11\\\/fhnw-praxisintegriertes-bachelorstudium-gegen-den-fachkraeftemangel\\\/\"},\"author\":{\"name\":\"thomas.berner\",\"@id\":\"https:\\\/\\\/www.organisator.ch\\\/#\\\/schema\\\/person\\\/6f650f90b2842cd4c0cc334b4e36f67e\"},\"headline\":\"FHNW: Praxisintegriertes Bachelorstudium gegen den Fachkr\u00e4ftemangel\",\"datePublished\":\"2022-08-11T08:43:12+00:00\",\"mainEntityOfPage\":{\"@id\":\"https:\\\/\\\/www.organisator.ch\\\/weiterbildung\\\/2022-08-11\\\/fhnw-praxisintegriertes-bachelorstudium-gegen-den-fachkraeftemangel\\\/\"},\"wordCount\":635,\"publisher\":{\"@id\":\"https:\\\/\\\/www.organisator.ch\\\/#organization\"},\"image\":{\"@id\":\"https:\\\/\\\/www.organisator.ch\\\/weiterbildung\\\/2022-08-11\\\/fhnw-praxisintegriertes-bachelorstudium-gegen-den-fachkraeftemangel\\\/#primaryimage\"},\"thumbnailUrl\":\"https:\\\/\\\/www.organisator.ch\\\/wp-content\\\/uploads\\\/2022\\\/08\\\/FHNW-Praxisintegriertes-Bachelorstudium-gegen-den-Fachkraftemangel_Organisator.jpg\",\"keywords\":[\"Aus-\\\/Weiterbildung\",\"Fachhochschulen\",\"Fachkr\u00e4ftemangel\"],\"articleSection\":[\"WEITERBILDUNG\"],\"inLanguage\":\"en-US\"},{\"@type\":\"WebPage\",\"@id\":\"https:\\\/\\\/www.organisator.ch\\\/weiterbildung\\\/2022-08-11\\\/fhnw-praxisintegriertes-bachelorstudium-gegen-den-fachkraeftemangel\\\/\",\"url\":\"https:\\\/\\\/www.organisator.ch\\\/weiterbildung\\\/2022-08-11\\\/fhnw-praxisintegriertes-bachelorstudium-gegen-den-fachkraeftemangel\\\/\",\"name\":\"FHNW: Praxisintegriertes Bachelorstudium gegen den Fachkr\u00e4ftemangel - Organisator\",\"isPartOf\":{\"@id\":\"https:\\\/\\\/www.organisator.ch\\\/#website\"},\"primaryImageOfPage\":{\"@id\":\"https:\\\/\\\/www.organisator.ch\\\/weiterbildung\\\/2022-08-11\\\/fhnw-praxisintegriertes-bachelorstudium-gegen-den-fachkraeftemangel\\\/#primaryimage\"},\"image\":{\"@id\":\"https:\\\/\\\/www.organisator.ch\\\/weiterbildung\\\/2022-08-11\\\/fhnw-praxisintegriertes-bachelorstudium-gegen-den-fachkraeftemangel\\\/#primaryimage\"},\"thumbnailUrl\":\"https:\\\/\\\/www.organisator.ch\\\/wp-content\\\/uploads\\\/2022\\\/08\\\/FHNW-Praxisintegriertes-Bachelorstudium-gegen-den-Fachkraftemangel_Organisator.jpg\",\"datePublished\":\"2022-08-11T08:43:12+00:00\",\"description\":\"Die Hochschule f\u00fcr Technik FHNW hat ein duales Studium (praxisintegriertes Bachelorstudium) f\u00fcr Maturandinnen und Maturanden geschaffen.\",\"breadcrumb\":{\"@id\":\"https:\\\/\\\/www.organisator.ch\\\/weiterbildung\\\/2022-08-11\\\/fhnw-praxisintegriertes-bachelorstudium-gegen-den-fachkraeftemangel\\\/#breadcrumb\"},\"inLanguage\":\"en-US\",\"potentialAction\":[{\"@type\":\"ReadAction\",\"target\":[\"https:\\\/\\\/www.organisator.ch\\\/weiterbildung\\\/2022-08-11\\\/fhnw-praxisintegriertes-bachelorstudium-gegen-den-fachkraeftemangel\\\/\"]}]},{\"@type\":\"ImageObject\",\"inLanguage\":\"en-US\",\"@id\":\"https:\\\/\\\/www.organisator.ch\\\/weiterbildung\\\/2022-08-11\\\/fhnw-praxisintegriertes-bachelorstudium-gegen-den-fachkraeftemangel\\\/#primaryimage\",\"url\":\"https:\\\/\\\/www.organisator.ch\\\/wp-content\\\/uploads\\\/2022\\\/08\\\/FHNW-Praxisintegriertes-Bachelorstudium-gegen-den-Fachkraftemangel_Organisator.jpg\",\"contentUrl\":\"https:\\\/\\\/www.organisator.ch\\\/wp-content\\\/uploads\\\/2022\\\/08\\\/FHNW-Praxisintegriertes-Bachelorstudium-gegen-den-Fachkraftemangel_Organisator.jpg\"},{\"@type\":\"BreadcrumbList\",\"@id\":\"https:\\\/\\\/www.organisator.ch\\\/weiterbildung\\\/2022-08-11\\\/fhnw-praxisintegriertes-bachelorstudium-gegen-den-fachkraeftemangel\\\/#breadcrumb\",\"itemListElement\":[{\"@type\":\"ListItem\",\"position\":1,\"name\":\"Home\",\"item\":\"https:\\\/\\\/www.organisator.ch\\\/\"},{\"@type\":\"ListItem\",\"position\":2,\"name\":\"FHNW: Praxisintegriertes Bachelorstudium gegen den Fachkr\u00e4ftemangel\"}]},{\"@type\":\"WebSite\",\"@id\":\"https:\\\/\\\/www.organisator.ch\\\/#website\",\"url\":\"https:\\\/\\\/www.organisator.ch\\\/\",\"name\":\"Organisator\",\"description\":\"Kompetent. Praxisnah. Der ORGANISATOR bereitet in 10 Ausgaben pro Jahr die wesentlichen Themen f\u00fcr F\u00fchrungskr\u00e4fte von KMU auf.\",\"publisher\":{\"@id\":\"https:\\\/\\\/www.organisator.ch\\\/#organization\"},\"potentialAction\":[{\"@type\":\"SearchAction\",\"target\":{\"@type\":\"EntryPoint\",\"urlTemplate\":\"https:\\\/\\\/www.organisator.ch\\\/?s={search_term_string}\"},\"query-input\":{\"@type\":\"PropertyValueSpecification\",\"valueRequired\":true,\"valueName\":\"search_term_string\"}}],\"inLanguage\":\"en-US\"},{\"@type\":\"Organization\",\"@id\":\"https:\\\/\\\/www.organisator.ch\\\/#organization\",\"name\":\"Organisator\",\"url\":\"https:\\\/\\\/www.organisator.ch\\\/\",\"logo\":{\"@type\":\"ImageObject\",\"inLanguage\":\"en-US\",\"@id\":\"https:\\\/\\\/www.organisator.ch\\\/#\\\/schema\\\/logo\\\/image\\\/\",\"url\":\"https:\\\/\\\/www.organisator.ch\\\/wp-content\\\/uploads\\\/2022\\\/01\\\/Logo_Organisator_Website.png\",\"contentUrl\":\"https:\\\/\\\/www.organisator.ch\\\/wp-content\\\/uploads\\\/2022\\\/01\\\/Logo_Organisator_Website.png\",\"width\":800,\"height\":77,\"caption\":\"Organisator\"},\"image\":{\"@id\":\"https:\\\/\\\/www.organisator.ch\\\/#\\\/schema\\\/logo\\\/image\\\/\"},\"sameAs\":[\"https:\\\/\\\/www.facebook.com\\\/OrganisatorFachmagazin\",\"https:\\\/\\\/www.linkedin.com\\\/showcase\\\/organisator-das-magazin-fr-kmu\",\"https:\\\/\\\/www.xing.com\\\/news\\\/pages\\\/organisator-ch-695\",\"https:\\\/\\\/www.youtube.com\\\/channel\\\/UCGP2Sq0iWaZwT3BdIAQFYpw\"]},{\"@type\":\"Person\",\"@id\":\"https:\\\/\\\/www.organisator.ch\\\/#\\\/schema\\\/person\\\/6f650f90b2842cd4c0cc334b4e36f67e\",\"name\":\"thomas.berner\",\"image\":{\"@type\":\"ImageObject\",\"inLanguage\":\"en-US\",\"@id\":\"https:\\\/\\\/secure.gravatar.com\\\/avatar\\\/ac5001d2a36cb6c6cd3e50789007ffca834b477b74a2144564522e944eabff61?s=96&d=mm&r=g\",\"url\":\"https:\\\/\\\/secure.gravatar.com\\\/avatar\\\/ac5001d2a36cb6c6cd3e50789007ffca834b477b74a2144564522e944eabff61?s=96&d=mm&r=g\",\"contentUrl\":\"https:\\\/\\\/secure.gravatar.com\\\/avatar\\\/ac5001d2a36cb6c6cd3e50789007ffca834b477b74a2144564522e944eabff61?s=96&d=mm&r=g\",\"caption\":\"thomas.berner\"},\"url\":\"https:\\\/\\\/www.organisator.ch\\\/en\\\/author\\\/thomas-berner\\\/\"}]}<\/script>\n<!-- \/ Yoast SEO plugin. -->","yoast_head_json":{"title":"FHNW: Practice-integrated bachelor studies against the shortage of skilled workers - Organizer","description":"The University of Applied Sciences FHNW has created a dual study program (practice-integrated bachelor's degree) for high school graduates.","robots":{"index":"index","follow":"follow","max-snippet":"max-snippet:-1","max-image-preview":"max-image-preview:large","max-video-preview":"max-video-preview:-1"},"canonical":"https:\/\/www.organisator.ch\/en\/further-education\/2022-08-11\/fhnw-praxisintegriertes-bachelorstudium-gegen-den-fachkraeftemangel\/","og_locale":"en_US","og_type":"article","og_title":"FHNW: Praxisintegriertes Bachelorstudium gegen den Fachkr\u00e4ftemangel","og_description":"Die Hochschule f\u00fcr Technik FHNW hat ein duales Studium (praxisintegriertes Bachelorstudium) f\u00fcr Maturandinnen und Maturanden geschaffen.","og_url":"https:\/\/www.organisator.ch\/en\/further-education\/2022-08-11\/fhnw-praxisintegriertes-bachelorstudium-gegen-den-fachkraeftemangel\/","og_site_name":"Organisator","article_publisher":"https:\/\/www.facebook.com\/OrganisatorFachmagazin","article_published_time":"2022-08-11T08:43:12+00:00","og_image":[{"width":680,"height":453,"url":"https:\/\/www.organisator.ch\/wp-content\/uploads\/2022\/08\/FHNW-Praxisintegriertes-Bachelorstudium-gegen-den-Fachkraftemangel_Organisator.jpg","type":"image\/jpeg"}],"author":"thomas.berner","twitter_card":"summary_large_image","twitter_title":"#FHNW: Praxisintegriertes #Bachelorstudium gegen den #Fachkr\u00e4ftemangel","twitter_description":"Die Hochschule f\u00fcr Technik #FHNW hat ein duales Studium (praxisintegriertes #Bachelorstudium) f\u00fcr Maturandinnen und Maturanden geschaffen.","twitter_image":"https:\/\/www.organisator.ch\/wp-content\/uploads\/2022\/08\/FHNW-Praxisintegriertes-Bachelorstudium-gegen-den-Fachkraftemangel_Organisator.jpg","schema":{"@context":"https:\/\/schema.org","@graph":[{"@type":"Article","@id":"https:\/\/www.organisator.ch\/weiterbildung\/2022-08-11\/fhnw-praxisintegriertes-bachelorstudium-gegen-den-fachkraeftemangel\/#article","isPartOf":{"@id":"https:\/\/www.organisator.ch\/weiterbildung\/2022-08-11\/fhnw-praxisintegriertes-bachelorstudium-gegen-den-fachkraeftemangel\/"},"author":{"name":"thomas.berner","@id":"https:\/\/www.organisator.ch\/#\/schema\/person\/6f650f90b2842cd4c0cc334b4e36f67e"},"headline":"FHNW: Praxisintegriertes Bachelorstudium gegen den Fachkr\u00e4ftemangel","datePublished":"2022-08-11T08:43:12+00:00","mainEntityOfPage":{"@id":"https:\/\/www.organisator.ch\/weiterbildung\/2022-08-11\/fhnw-praxisintegriertes-bachelorstudium-gegen-den-fachkraeftemangel\/"},"wordCount":635,"publisher":{"@id":"https:\/\/www.organisator.ch\/#organization"},"image":{"@id":"https:\/\/www.organisator.ch\/weiterbildung\/2022-08-11\/fhnw-praxisintegriertes-bachelorstudium-gegen-den-fachkraeftemangel\/#primaryimage"},"thumbnailUrl":"https:\/\/www.organisator.ch\/wp-content\/uploads\/2022\/08\/FHNW-Praxisintegriertes-Bachelorstudium-gegen-den-Fachkraftemangel_Organisator.jpg","keywords":["Aus-\/Weiterbildung","Fachhochschulen","Fachkr\u00e4ftemangel"],"articleSection":["WEITERBILDUNG"],"inLanguage":"en-US"},{"@type":"WebPage","@id":"https:\/\/www.organisator.ch\/weiterbildung\/2022-08-11\/fhnw-praxisintegriertes-bachelorstudium-gegen-den-fachkraeftemangel\/","url":"https:\/\/www.organisator.ch\/weiterbildung\/2022-08-11\/fhnw-praxisintegriertes-bachelorstudium-gegen-den-fachkraeftemangel\/","name":"FHNW: Practice-integrated bachelor studies against the shortage of skilled workers - Organizer","isPartOf":{"@id":"https:\/\/www.organisator.ch\/#website"},"primaryImageOfPage":{"@id":"https:\/\/www.organisator.ch\/weiterbildung\/2022-08-11\/fhnw-praxisintegriertes-bachelorstudium-gegen-den-fachkraeftemangel\/#primaryimage"},"image":{"@id":"https:\/\/www.organisator.ch\/weiterbildung\/2022-08-11\/fhnw-praxisintegriertes-bachelorstudium-gegen-den-fachkraeftemangel\/#primaryimage"},"thumbnailUrl":"https:\/\/www.organisator.ch\/wp-content\/uploads\/2022\/08\/FHNW-Praxisintegriertes-Bachelorstudium-gegen-den-Fachkraftemangel_Organisator.jpg","datePublished":"2022-08-11T08:43:12+00:00","description":"The University of Applied Sciences FHNW has created a dual study program (practice-integrated bachelor's degree) for high school graduates.","breadcrumb":{"@id":"https:\/\/www.organisator.ch\/weiterbildung\/2022-08-11\/fhnw-praxisintegriertes-bachelorstudium-gegen-den-fachkraeftemangel\/#breadcrumb"},"inLanguage":"en-US","potentialAction":[{"@type":"ReadAction","target":["https:\/\/www.organisator.ch\/weiterbildung\/2022-08-11\/fhnw-praxisintegriertes-bachelorstudium-gegen-den-fachkraeftemangel\/"]}]},{"@type":"ImageObject","inLanguage":"en-US","@id":"https:\/\/www.organisator.ch\/weiterbildung\/2022-08-11\/fhnw-praxisintegriertes-bachelorstudium-gegen-den-fachkraeftemangel\/#primaryimage","url":"https:\/\/www.organisator.ch\/wp-content\/uploads\/2022\/08\/FHNW-Praxisintegriertes-Bachelorstudium-gegen-den-Fachkraftemangel_Organisator.jpg","contentUrl":"https:\/\/www.organisator.ch\/wp-content\/uploads\/2022\/08\/FHNW-Praxisintegriertes-Bachelorstudium-gegen-den-Fachkraftemangel_Organisator.jpg"},{"@type":"BreadcrumbList","@id":"https:\/\/www.organisator.ch\/weiterbildung\/2022-08-11\/fhnw-praxisintegriertes-bachelorstudium-gegen-den-fachkraeftemangel\/#breadcrumb","itemListElement":[{"@type":"ListItem","position":1,"name":"Home","item":"https:\/\/www.organisator.ch\/"},{"@type":"ListItem","position":2,"name":"FHNW: Praxisintegriertes Bachelorstudium gegen den Fachkr\u00e4ftemangel"}]},{"@type":"WebSite","@id":"https:\/\/www.organisator.ch\/#website","url":"https:\/\/www.organisator.ch\/","name":"Organizer","description":"Competent. Practical. In 10 issues per year, ORGANISATOR presents the essential topics for managers of SMEs.","publisher":{"@id":"https:\/\/www.organisator.ch\/#organization"},"potentialAction":[{"@type":"SearchAction","target":{"@type":"EntryPoint","urlTemplate":"https:\/\/www.organisator.ch\/?s={search_term_string}"},"query-input":{"@type":"PropertyValueSpecification","valueRequired":true,"valueName":"search_term_string"}}],"inLanguage":"en-US"},{"@type":"Organization","@id":"https:\/\/www.organisator.ch\/#organization","name":"Organizer","url":"https:\/\/www.organisator.ch\/","logo":{"@type":"ImageObject","inLanguage":"en-US","@id":"https:\/\/www.organisator.ch\/#\/schema\/logo\/image\/","url":"https:\/\/www.organisator.ch\/wp-content\/uploads\/2022\/01\/Logo_Organisator_Website.png","contentUrl":"https:\/\/www.organisator.ch\/wp-content\/uploads\/2022\/01\/Logo_Organisator_Website.png","width":800,"height":77,"caption":"Organisator"},"image":{"@id":"https:\/\/www.organisator.ch\/#\/schema\/logo\/image\/"},"sameAs":["https:\/\/www.facebook.com\/OrganisatorFachmagazin","https:\/\/www.linkedin.com\/showcase\/organisator-das-magazin-fr-kmu","https:\/\/www.xing.com\/news\/pages\/organisator-ch-695","https:\/\/www.youtube.com\/channel\/UCGP2Sq0iWaZwT3BdIAQFYpw"]},{"@type":"Person","@id":"https:\/\/www.organisator.ch\/#\/schema\/person\/6f650f90b2842cd4c0cc334b4e36f67e","name":"thomas.berner","image":{"@type":"ImageObject","inLanguage":"en-US","@id":"https:\/\/secure.gravatar.com\/avatar\/ac5001d2a36cb6c6cd3e50789007ffca834b477b74a2144564522e944eabff61?s=96&d=mm&r=g","url":"https:\/\/secure.gravatar.com\/avatar\/ac5001d2a36cb6c6cd3e50789007ffca834b477b74a2144564522e944eabff61?s=96&d=mm&r=g","contentUrl":"https:\/\/secure.gravatar.com\/avatar\/ac5001d2a36cb6c6cd3e50789007ffca834b477b74a2144564522e944eabff61?s=96&d=mm&r=g","caption":"thomas.berner"},"url":"https:\/\/www.organisator.ch\/en\/author\/thomas-berner\/"}]}},"_links":{"self":[{"href":"https:\/\/www.organisator.ch\/en\/wp-json\/wp\/v2\/posts\/16421","targetHints":{"allow":["GET"]}}],"collection":[{"href":"https:\/\/www.organisator.ch\/en\/wp-json\/wp\/v2\/posts"}],"about":[{"href":"https:\/\/www.organisator.ch\/en\/wp-json\/wp\/v2\/types\/post"}],"author":[{"embeddable":true,"href":"https:\/\/www.organisator.ch\/en\/wp-json\/wp\/v2\/users\/4"}],"replies":[{"embeddable":true,"href":"https:\/\/www.organisator.ch\/en\/wp-json\/wp\/v2\/comments?post=16421"}],"version-history":[{"count":1,"href":"https:\/\/www.organisator.ch\/en\/wp-json\/wp\/v2\/posts\/16421\/revisions"}],"predecessor-version":[{"id":16423,"href":"https:\/\/www.organisator.ch\/en\/wp-json\/wp\/v2\/posts\/16421\/revisions\/16423"}],"wp:attachment":[{"href":"https:\/\/www.organisator.ch\/en\/wp-json\/wp\/v2\/media?parent=16421"}],"wp:term":[{"taxonomy":"category","embeddable":true,"href":"https:\/\/www.organisator.ch\/en\/wp-json\/wp\/v2\/categories?post=16421"},{"taxonomy":"post_tag","embeddable":true,"href":"https:\/\/www.organisator.ch\/en\/wp-json\/wp\/v2\/tags?post=16421"}],"curies":[{"name":"wp","href":"https:\/\/api.w.org\/{rel}","templated":true}]}}