{"id":16424,"date":"2022-08-11T13:58:56","date_gmt":"2022-08-11T11:58:56","guid":{"rendered":"https:\/\/www.organisator.ch\/?p=16424"},"modified":"2022-08-11T11:13:50","modified_gmt":"2022-08-11T09:13:50","slug":"international-business-travel-new-factors-focus","status":"publish","type":"post","link":"https:\/\/www.organisator.ch\/en\/human-resources\/2022-08-11\/internationale-geschaeftsreisen-neue-faktoren-im-fokus\/","title":{"rendered":"International Business Travel: New factors in focus"},"content":{"rendered":"<figure id=\"attachment_16425\" aria-describedby=\"caption-attachment-16425\" style=\"width: 680px\" class=\"wp-caption alignnone\"><img loading=\"lazy\" decoding=\"async\" class=\"size-full wp-image-16425\" src=\"https:\/\/www.organisator.ch\/wp-content\/uploads\/2022\/08\/Internationale-Geschaftsreisen-Neue-Faktoren-im-Fokus_Organisator.jpg\" alt=\"\" width=\"680\" height=\"430\" srcset=\"https:\/\/www.organisator.ch\/wp-content\/uploads\/2022\/08\/Internationale-Geschaftsreisen-Neue-Faktoren-im-Fokus_Organisator.jpg 680w, https:\/\/www.organisator.ch\/wp-content\/uploads\/2022\/08\/Internationale-Geschaftsreisen-Neue-Faktoren-im-Fokus_Organisator-18x12.jpg 18w, https:\/\/www.organisator.ch\/wp-content\/uploads\/2022\/08\/Internationale-Geschaftsreisen-Neue-Faktoren-im-Fokus_Organisator-277x175.jpg 277w, https:\/\/www.organisator.ch\/wp-content\/uploads\/2022\/08\/Internationale-Geschaftsreisen-Neue-Faktoren-im-Fokus_Organisator-553x350.jpg 553w, https:\/\/www.organisator.ch\/wp-content\/uploads\/2022\/08\/Internationale-Geschaftsreisen-Neue-Faktoren-im-Fokus_Organisator-300x190.jpg 300w\" sizes=\"auto, (max-width: 680px) 100vw, 680px\" \/><figcaption id=\"caption-attachment-16425\" class=\"wp-caption-text\">International business travel is increasingly being evaluated by companies based on factors such as sustainability and well-being. (Image: Pixabay.com)<\/figcaption><\/figure>\n<p>The International Mobility Report 2022 from Aon plc shows that when it comes to international business travel, new factors are in focus: Companies are focusing on re-evaluating business travel. At the top of the list are sustainability, but also <a href=\"https:\/\/www.organisator.ch\/de\/allgemein\/2022-08-10\/dienstreisen-werden-2023-deutlich-teurer\/\">Costs<\/a> and political unrest. At the same time, employee safety and well-being is one of the biggest challenges of international assignments. This means that employers must also be prepared for international talent and establish an international workplace and business policies for them. The report's findings are based on a survey of more than two hundred companies worldwide.<\/p>\n<h3>Corona jointly responsible for changes<\/h3>\n<p>Ingo Trosiner, Head of International People Mobility at Aon, believes that the Corona pandemic in particular has permanently changed international business travel: \"If you look at the current number and also the way companies deal with business travel, you can see that a real reassessment is taking place. In the future, factors such as costs, employee well-being and also the current situation in the country of assignment will determine whether a trip is considered necessary or not. Thus, better decisions can be brought about. This is not to say that business travel will become obsolete, as it adds real value in various areas, but the world after COVID-19 will not be the same.<\/p>\n<p>Gianluca Galli, Broker Health Solutions at Aon adds: \"Employers have learned about the benefits of remote working and want to continue offering it. Not least to ensure the best possible work-life balance for their employees and thus create more resilience. At the same time, however, it is necessary for companies not to focus solely on the benefits of working remotely, but to formulate concrete strategies on how to deal with the challenges and legal requirements - and communicate these to their employees in a way they can understand.\"<\/p>\n<h3><strong>International business travel put to the test<\/strong><\/h3>\n<p>After little to no travel in 2020 and the first half of 2021, business travel in Europe picked up again in the second half of 2021. However, a re-evaluation of international travel is taking place on the part of companies: General safety (75 %) and employee well-being (60 %) are the biggest challenges. The ability to work with and guide posted workers (36.2 %) and compliance with laws and regulations (31.9 %) were also frequently cited as key reasons for whether to implement a posting or business trip. CO2 emissions, on the other hand, were in last place with 15 %.<\/p>\n<p>Many employers are now focusing on quality rather than quantity. This means that companies are increasingly looking for local talent, which is why no increase in the number of international assignments is expected. At the same time, international remote work is seen as a solution when talent is in short supply. In 2021, employees in sales (66 %) and management (65 %) in particular went on business trips again. The main focus here was on maintaining relationships and trust through personal contact.<\/p>\n<p>Overarchingly, the return on investment is the top priority: the actual value for a company, the measurable benefit and the ability to demonstrate this benefit to internal stakeholders are considered the most important criteria in the assessment for or against a trip.  Another decisive factor is the fact that a business trip always places higher demands on due diligence and preparation, such as compliance with laws and regulations and ensuring the safety and well-being of employees.<\/p>\n<h3><strong>Increasing trend toward international remote work<\/strong><\/h3>\n<p>In addition to the challenges already mentioned, international work brings with it many other issues for companies that employers must necessarily address before sending or sending their employees on business trips. These include, for example, regulatory compliance (54.6 %), social security (51.5 %) and taxes (49.5 %). However, 40 % of companies offering international remote work do not have policies in place for this. However, mishandling the issues related to working abroad can have huge consequences.<\/p>\n<p>Previously mentioned reasons often explain the decision of companies to rely on international remote work instead of secondments. Nearly 60 % of employers indicated within the study that remote work is an option within their company. This goes hand in hand with many people's need to be able to work flexibly from anywhere in the world, allowing them to combine leisure and work away from the home office or to be closer to family. Furthermore, remote work can also be a possible solution when it comes to recruiting and retaining much needed talent.<\/p>\n<p><em>Source: <a href=\"https:\/\/www.aon.com\/home\/index\">Aon plc<\/a><\/em><\/p>","protected":false},"excerpt":{"rendered":"<p>Der International Mobility Report 2022 von Aon plc zeigt, dass in Sachen internationale Gesch\u00e4ftsreisen neue Faktoren im Fokus stehen: Bei den Unternehmen steht die Neubewertung von Gesch\u00e4ftsreisen im Mittelpunkt der \u00dcberlegungen. Ganz oben stehen hier Nachhaltigkeit, aber auch Kosten und politische Unruhen. Zugleich stellen die Sicherheit und das Wohlbefinden der Mitarbeitenden eine der gr\u00f6ssten Herausforderungen [&hellip;]<\/p>\n","protected":false},"author":4,"featured_media":16425,"comment_status":"closed","ping_status":"closed","sticky":false,"template":"","format":"standard","meta":{"_acf_changed":false,"_yoast_wpseo_focuskw":"Internationale Gesch\u00e4ftsreisen","_yoast_wpseo_metadesc":"Aon plc hat den \u201eInternational Mobility Report 2022\u201c ver\u00f6ffentlicht. Dieser zeigt, dass internationale Gesch\u00e4ftsreisen neu bewertet werden.","articlekey":"","footnotes":""},"categories":[579],"tags":[77,239,254,358],"class_list":["post-16424","post","type-post","status-publish","format-standard","has-post-thumbnail","hentry","category-human-resources","tag-betriebliches-gesundheitsmanagement","tag-geschaeftsreisen","tag-hrm","tag-nachhaltige-wirtschaft"],"acf":[],"yoast_head":"<!-- This site is optimized with the Yoast SEO plugin v27.5 - https:\/\/yoast.com\/product\/yoast-seo-wordpress\/ -->\n<title>Internationale Gesch\u00e4ftsreisen: Neue Faktoren im Fokus - Organisator<\/title>\n<meta name=\"description\" content=\"Aon plc hat den \u201eInternational Mobility Report 2022\u201c ver\u00f6ffentlicht. Dieser zeigt, dass internationale Gesch\u00e4ftsreisen neu bewertet werden.\" \/>\n<meta name=\"robots\" content=\"index, follow, max-snippet:-1, max-image-preview:large, max-video-preview:-1\" \/>\n<link rel=\"canonical\" href=\"https:\/\/www.organisator.ch\/en\/human-resources\/2022-08-11\/international-business-travel-new-factors-focus\/\" \/>\n<meta property=\"og:locale\" content=\"en_US\" \/>\n<meta property=\"og:type\" content=\"article\" \/>\n<meta property=\"og:title\" content=\"Internationale Gesch\u00e4ftsreisen: Neue Faktoren im Fokus\" \/>\n<meta property=\"og:description\" content=\"Aon plc hat den \u201eInternational Mobility Report 2022\u201c ver\u00f6ffentlicht. Dieser zeigt, dass internationale Gesch\u00e4ftsreisen neu bewertet werden.\" \/>\n<meta property=\"og:url\" content=\"https:\/\/www.organisator.ch\/en\/human-resources\/2022-08-11\/international-business-travel-new-factors-focus\/\" \/>\n<meta property=\"og:site_name\" content=\"Organisator\" \/>\n<meta property=\"article:publisher\" content=\"https:\/\/www.facebook.com\/OrganisatorFachmagazin\" \/>\n<meta property=\"article:published_time\" content=\"2022-08-11T11:58:56+00:00\" \/>\n<meta property=\"og:image\" content=\"https:\/\/www.organisator.ch\/wp-content\/uploads\/2022\/08\/Internationale-Geschaftsreisen-Neue-Faktoren-im-Fokus_Organisator.jpg\" \/>\n\t<meta property=\"og:image:width\" content=\"680\" \/>\n\t<meta property=\"og:image:height\" content=\"430\" \/>\n\t<meta property=\"og:image:type\" content=\"image\/jpeg\" \/>\n<meta name=\"author\" content=\"thomas.berner\" \/>\n<meta name=\"twitter:card\" content=\"summary_large_image\" \/>\n<meta name=\"twitter:title\" content=\"Internationale #Gesch\u00e4ftsreisen: Neue Faktoren im Fokus\" \/>\n<meta name=\"twitter:description\" content=\"#Aon plc hat den \u201eInternational Mobility Report 2022\u201c ver\u00f6ffentlicht. Dieser zeigt, dass internationale #Gesch\u00e4ftsreisen neu bewertet werden.\" \/>\n<meta name=\"twitter:image\" content=\"https:\/\/www.organisator.ch\/wp-content\/uploads\/2022\/08\/Internationale-Geschaftsreisen-Neue-Faktoren-im-Fokus_Organisator.jpg\" \/>\n<script type=\"application\/ld+json\" class=\"yoast-schema-graph\">{\"@context\":\"https:\\\/\\\/schema.org\",\"@graph\":[{\"@type\":\"Article\",\"@id\":\"https:\\\/\\\/www.organisator.ch\\\/human-resources\\\/2022-08-11\\\/internationale-geschaeftsreisen-neue-faktoren-im-fokus\\\/#article\",\"isPartOf\":{\"@id\":\"https:\\\/\\\/www.organisator.ch\\\/human-resources\\\/2022-08-11\\\/internationale-geschaeftsreisen-neue-faktoren-im-fokus\\\/\"},\"author\":{\"name\":\"thomas.berner\",\"@id\":\"https:\\\/\\\/www.organisator.ch\\\/#\\\/schema\\\/person\\\/6f650f90b2842cd4c0cc334b4e36f67e\"},\"headline\":\"Internationale Gesch\u00e4ftsreisen: Neue Faktoren im Fokus\",\"datePublished\":\"2022-08-11T11:58:56+00:00\",\"mainEntityOfPage\":{\"@id\":\"https:\\\/\\\/www.organisator.ch\\\/human-resources\\\/2022-08-11\\\/internationale-geschaeftsreisen-neue-faktoren-im-fokus\\\/\"},\"wordCount\":774,\"publisher\":{\"@id\":\"https:\\\/\\\/www.organisator.ch\\\/#organization\"},\"image\":{\"@id\":\"https:\\\/\\\/www.organisator.ch\\\/human-resources\\\/2022-08-11\\\/internationale-geschaeftsreisen-neue-faktoren-im-fokus\\\/#primaryimage\"},\"thumbnailUrl\":\"https:\\\/\\\/www.organisator.ch\\\/wp-content\\\/uploads\\\/2022\\\/08\\\/Internationale-Geschaftsreisen-Neue-Faktoren-im-Fokus_Organisator.jpg\",\"keywords\":[\"Betriebliches Gesundheitsmanagement\",\"Gesch\u00e4ftsreisen\",\"HRM\",\"Nachhaltige Wirtschaft\"],\"articleSection\":[\"HUMAN RESOURCES\"],\"inLanguage\":\"en-US\"},{\"@type\":\"WebPage\",\"@id\":\"https:\\\/\\\/www.organisator.ch\\\/human-resources\\\/2022-08-11\\\/internationale-geschaeftsreisen-neue-faktoren-im-fokus\\\/\",\"url\":\"https:\\\/\\\/www.organisator.ch\\\/human-resources\\\/2022-08-11\\\/internationale-geschaeftsreisen-neue-faktoren-im-fokus\\\/\",\"name\":\"Internationale Gesch\u00e4ftsreisen: Neue Faktoren im Fokus - Organisator\",\"isPartOf\":{\"@id\":\"https:\\\/\\\/www.organisator.ch\\\/#website\"},\"primaryImageOfPage\":{\"@id\":\"https:\\\/\\\/www.organisator.ch\\\/human-resources\\\/2022-08-11\\\/internationale-geschaeftsreisen-neue-faktoren-im-fokus\\\/#primaryimage\"},\"image\":{\"@id\":\"https:\\\/\\\/www.organisator.ch\\\/human-resources\\\/2022-08-11\\\/internationale-geschaeftsreisen-neue-faktoren-im-fokus\\\/#primaryimage\"},\"thumbnailUrl\":\"https:\\\/\\\/www.organisator.ch\\\/wp-content\\\/uploads\\\/2022\\\/08\\\/Internationale-Geschaftsreisen-Neue-Faktoren-im-Fokus_Organisator.jpg\",\"datePublished\":\"2022-08-11T11:58:56+00:00\",\"description\":\"Aon plc hat den \u201eInternational Mobility Report 2022\u201c ver\u00f6ffentlicht. Dieser zeigt, dass internationale Gesch\u00e4ftsreisen neu bewertet werden.\",\"breadcrumb\":{\"@id\":\"https:\\\/\\\/www.organisator.ch\\\/human-resources\\\/2022-08-11\\\/internationale-geschaeftsreisen-neue-faktoren-im-fokus\\\/#breadcrumb\"},\"inLanguage\":\"en-US\",\"potentialAction\":[{\"@type\":\"ReadAction\",\"target\":[\"https:\\\/\\\/www.organisator.ch\\\/human-resources\\\/2022-08-11\\\/internationale-geschaeftsreisen-neue-faktoren-im-fokus\\\/\"]}]},{\"@type\":\"ImageObject\",\"inLanguage\":\"en-US\",\"@id\":\"https:\\\/\\\/www.organisator.ch\\\/human-resources\\\/2022-08-11\\\/internationale-geschaeftsreisen-neue-faktoren-im-fokus\\\/#primaryimage\",\"url\":\"https:\\\/\\\/www.organisator.ch\\\/wp-content\\\/uploads\\\/2022\\\/08\\\/Internationale-Geschaftsreisen-Neue-Faktoren-im-Fokus_Organisator.jpg\",\"contentUrl\":\"https:\\\/\\\/www.organisator.ch\\\/wp-content\\\/uploads\\\/2022\\\/08\\\/Internationale-Geschaftsreisen-Neue-Faktoren-im-Fokus_Organisator.jpg\",\"width\":680,\"height\":430,\"caption\":\"Internationale Gesch\u00e4ftsreisen werden von Unternehmen zunehmend nach Faktoren wie Nachhaltigkeit und Wohlbefinden bewertet. (Bild: Pixabay.com)\"},{\"@type\":\"BreadcrumbList\",\"@id\":\"https:\\\/\\\/www.organisator.ch\\\/human-resources\\\/2022-08-11\\\/internationale-geschaeftsreisen-neue-faktoren-im-fokus\\\/#breadcrumb\",\"itemListElement\":[{\"@type\":\"ListItem\",\"position\":1,\"name\":\"Home\",\"item\":\"https:\\\/\\\/www.organisator.ch\\\/\"},{\"@type\":\"ListItem\",\"position\":2,\"name\":\"Internationale Gesch\u00e4ftsreisen: Neue Faktoren im Fokus\"}]},{\"@type\":\"WebSite\",\"@id\":\"https:\\\/\\\/www.organisator.ch\\\/#website\",\"url\":\"https:\\\/\\\/www.organisator.ch\\\/\",\"name\":\"Organisator\",\"description\":\"Kompetent. Praxisnah. Der ORGANISATOR bereitet in 10 Ausgaben pro Jahr die wesentlichen Themen f\u00fcr F\u00fchrungskr\u00e4fte von KMU auf.\",\"publisher\":{\"@id\":\"https:\\\/\\\/www.organisator.ch\\\/#organization\"},\"potentialAction\":[{\"@type\":\"SearchAction\",\"target\":{\"@type\":\"EntryPoint\",\"urlTemplate\":\"https:\\\/\\\/www.organisator.ch\\\/?s={search_term_string}\"},\"query-input\":{\"@type\":\"PropertyValueSpecification\",\"valueRequired\":true,\"valueName\":\"search_term_string\"}}],\"inLanguage\":\"en-US\"},{\"@type\":\"Organization\",\"@id\":\"https:\\\/\\\/www.organisator.ch\\\/#organization\",\"name\":\"Organisator\",\"url\":\"https:\\\/\\\/www.organisator.ch\\\/\",\"logo\":{\"@type\":\"ImageObject\",\"inLanguage\":\"en-US\",\"@id\":\"https:\\\/\\\/www.organisator.ch\\\/#\\\/schema\\\/logo\\\/image\\\/\",\"url\":\"https:\\\/\\\/www.organisator.ch\\\/wp-content\\\/uploads\\\/2022\\\/01\\\/Logo_Organisator_Website.png\",\"contentUrl\":\"https:\\\/\\\/www.organisator.ch\\\/wp-content\\\/uploads\\\/2022\\\/01\\\/Logo_Organisator_Website.png\",\"width\":800,\"height\":77,\"caption\":\"Organisator\"},\"image\":{\"@id\":\"https:\\\/\\\/www.organisator.ch\\\/#\\\/schema\\\/logo\\\/image\\\/\"},\"sameAs\":[\"https:\\\/\\\/www.facebook.com\\\/OrganisatorFachmagazin\",\"https:\\\/\\\/www.linkedin.com\\\/showcase\\\/organisator-das-magazin-fr-kmu\",\"https:\\\/\\\/www.xing.com\\\/news\\\/pages\\\/organisator-ch-695\",\"https:\\\/\\\/www.youtube.com\\\/channel\\\/UCGP2Sq0iWaZwT3BdIAQFYpw\"]},{\"@type\":\"Person\",\"@id\":\"https:\\\/\\\/www.organisator.ch\\\/#\\\/schema\\\/person\\\/6f650f90b2842cd4c0cc334b4e36f67e\",\"name\":\"thomas.berner\",\"image\":{\"@type\":\"ImageObject\",\"inLanguage\":\"en-US\",\"@id\":\"https:\\\/\\\/secure.gravatar.com\\\/avatar\\\/ac5001d2a36cb6c6cd3e50789007ffca834b477b74a2144564522e944eabff61?s=96&d=mm&r=g\",\"url\":\"https:\\\/\\\/secure.gravatar.com\\\/avatar\\\/ac5001d2a36cb6c6cd3e50789007ffca834b477b74a2144564522e944eabff61?s=96&d=mm&r=g\",\"contentUrl\":\"https:\\\/\\\/secure.gravatar.com\\\/avatar\\\/ac5001d2a36cb6c6cd3e50789007ffca834b477b74a2144564522e944eabff61?s=96&d=mm&r=g\",\"caption\":\"thomas.berner\"},\"url\":\"https:\\\/\\\/www.organisator.ch\\\/en\\\/author\\\/thomas-berner\\\/\"}]}<\/script>\n<!-- \/ Yoast SEO plugin. -->","yoast_head_json":{"title":"International Business Travel: New factors in focus - Organizer","description":"Aon plc has published the \"International Mobility Report 2022\". This shows that international business travel is being reassessed.","robots":{"index":"index","follow":"follow","max-snippet":"max-snippet:-1","max-image-preview":"max-image-preview:large","max-video-preview":"max-video-preview:-1"},"canonical":"https:\/\/www.organisator.ch\/en\/human-resources\/2022-08-11\/international-business-travel-new-factors-focus\/","og_locale":"en_US","og_type":"article","og_title":"Internationale Gesch\u00e4ftsreisen: Neue Faktoren im Fokus","og_description":"Aon plc hat den \u201eInternational Mobility Report 2022\u201c ver\u00f6ffentlicht. Dieser zeigt, dass internationale Gesch\u00e4ftsreisen neu bewertet werden.","og_url":"https:\/\/www.organisator.ch\/en\/human-resources\/2022-08-11\/international-business-travel-new-factors-focus\/","og_site_name":"Organisator","article_publisher":"https:\/\/www.facebook.com\/OrganisatorFachmagazin","article_published_time":"2022-08-11T11:58:56+00:00","og_image":[{"width":680,"height":430,"url":"https:\/\/www.organisator.ch\/wp-content\/uploads\/2022\/08\/Internationale-Geschaftsreisen-Neue-Faktoren-im-Fokus_Organisator.jpg","type":"image\/jpeg"}],"author":"thomas.berner","twitter_card":"summary_large_image","twitter_title":"Internationale #Gesch\u00e4ftsreisen: Neue Faktoren im Fokus","twitter_description":"#Aon plc hat den \u201eInternational Mobility Report 2022\u201c ver\u00f6ffentlicht. Dieser zeigt, dass internationale #Gesch\u00e4ftsreisen neu bewertet werden.","twitter_image":"https:\/\/www.organisator.ch\/wp-content\/uploads\/2022\/08\/Internationale-Geschaftsreisen-Neue-Faktoren-im-Fokus_Organisator.jpg","schema":{"@context":"https:\/\/schema.org","@graph":[{"@type":"Article","@id":"https:\/\/www.organisator.ch\/human-resources\/2022-08-11\/internationale-geschaeftsreisen-neue-faktoren-im-fokus\/#article","isPartOf":{"@id":"https:\/\/www.organisator.ch\/human-resources\/2022-08-11\/internationale-geschaeftsreisen-neue-faktoren-im-fokus\/"},"author":{"name":"thomas.berner","@id":"https:\/\/www.organisator.ch\/#\/schema\/person\/6f650f90b2842cd4c0cc334b4e36f67e"},"headline":"Internationale Gesch\u00e4ftsreisen: Neue Faktoren im Fokus","datePublished":"2022-08-11T11:58:56+00:00","mainEntityOfPage":{"@id":"https:\/\/www.organisator.ch\/human-resources\/2022-08-11\/internationale-geschaeftsreisen-neue-faktoren-im-fokus\/"},"wordCount":774,"publisher":{"@id":"https:\/\/www.organisator.ch\/#organization"},"image":{"@id":"https:\/\/www.organisator.ch\/human-resources\/2022-08-11\/internationale-geschaeftsreisen-neue-faktoren-im-fokus\/#primaryimage"},"thumbnailUrl":"https:\/\/www.organisator.ch\/wp-content\/uploads\/2022\/08\/Internationale-Geschaftsreisen-Neue-Faktoren-im-Fokus_Organisator.jpg","keywords":["Betriebliches Gesundheitsmanagement","Gesch\u00e4ftsreisen","HRM","Nachhaltige Wirtschaft"],"articleSection":["HUMAN RESOURCES"],"inLanguage":"en-US"},{"@type":"WebPage","@id":"https:\/\/www.organisator.ch\/human-resources\/2022-08-11\/internationale-geschaeftsreisen-neue-faktoren-im-fokus\/","url":"https:\/\/www.organisator.ch\/human-resources\/2022-08-11\/internationale-geschaeftsreisen-neue-faktoren-im-fokus\/","name":"International Business Travel: New factors in focus - Organizer","isPartOf":{"@id":"https:\/\/www.organisator.ch\/#website"},"primaryImageOfPage":{"@id":"https:\/\/www.organisator.ch\/human-resources\/2022-08-11\/internationale-geschaeftsreisen-neue-faktoren-im-fokus\/#primaryimage"},"image":{"@id":"https:\/\/www.organisator.ch\/human-resources\/2022-08-11\/internationale-geschaeftsreisen-neue-faktoren-im-fokus\/#primaryimage"},"thumbnailUrl":"https:\/\/www.organisator.ch\/wp-content\/uploads\/2022\/08\/Internationale-Geschaftsreisen-Neue-Faktoren-im-Fokus_Organisator.jpg","datePublished":"2022-08-11T11:58:56+00:00","description":"Aon plc has published the \"International Mobility Report 2022\". This shows that international business travel is being reassessed.","breadcrumb":{"@id":"https:\/\/www.organisator.ch\/human-resources\/2022-08-11\/internationale-geschaeftsreisen-neue-faktoren-im-fokus\/#breadcrumb"},"inLanguage":"en-US","potentialAction":[{"@type":"ReadAction","target":["https:\/\/www.organisator.ch\/human-resources\/2022-08-11\/internationale-geschaeftsreisen-neue-faktoren-im-fokus\/"]}]},{"@type":"ImageObject","inLanguage":"en-US","@id":"https:\/\/www.organisator.ch\/human-resources\/2022-08-11\/internationale-geschaeftsreisen-neue-faktoren-im-fokus\/#primaryimage","url":"https:\/\/www.organisator.ch\/wp-content\/uploads\/2022\/08\/Internationale-Geschaftsreisen-Neue-Faktoren-im-Fokus_Organisator.jpg","contentUrl":"https:\/\/www.organisator.ch\/wp-content\/uploads\/2022\/08\/Internationale-Geschaftsreisen-Neue-Faktoren-im-Fokus_Organisator.jpg","width":680,"height":430,"caption":"Internationale Gesch\u00e4ftsreisen werden von Unternehmen zunehmend nach Faktoren wie Nachhaltigkeit und Wohlbefinden bewertet. (Bild: Pixabay.com)"},{"@type":"BreadcrumbList","@id":"https:\/\/www.organisator.ch\/human-resources\/2022-08-11\/internationale-geschaeftsreisen-neue-faktoren-im-fokus\/#breadcrumb","itemListElement":[{"@type":"ListItem","position":1,"name":"Home","item":"https:\/\/www.organisator.ch\/"},{"@type":"ListItem","position":2,"name":"Internationale Gesch\u00e4ftsreisen: Neue Faktoren im Fokus"}]},{"@type":"WebSite","@id":"https:\/\/www.organisator.ch\/#website","url":"https:\/\/www.organisator.ch\/","name":"Organizer","description":"Competent. Practical. In 10 issues per year, ORGANISATOR presents the essential topics for managers of SMEs.","publisher":{"@id":"https:\/\/www.organisator.ch\/#organization"},"potentialAction":[{"@type":"SearchAction","target":{"@type":"EntryPoint","urlTemplate":"https:\/\/www.organisator.ch\/?s={search_term_string}"},"query-input":{"@type":"PropertyValueSpecification","valueRequired":true,"valueName":"search_term_string"}}],"inLanguage":"en-US"},{"@type":"Organization","@id":"https:\/\/www.organisator.ch\/#organization","name":"Organizer","url":"https:\/\/www.organisator.ch\/","logo":{"@type":"ImageObject","inLanguage":"en-US","@id":"https:\/\/www.organisator.ch\/#\/schema\/logo\/image\/","url":"https:\/\/www.organisator.ch\/wp-content\/uploads\/2022\/01\/Logo_Organisator_Website.png","contentUrl":"https:\/\/www.organisator.ch\/wp-content\/uploads\/2022\/01\/Logo_Organisator_Website.png","width":800,"height":77,"caption":"Organisator"},"image":{"@id":"https:\/\/www.organisator.ch\/#\/schema\/logo\/image\/"},"sameAs":["https:\/\/www.facebook.com\/OrganisatorFachmagazin","https:\/\/www.linkedin.com\/showcase\/organisator-das-magazin-fr-kmu","https:\/\/www.xing.com\/news\/pages\/organisator-ch-695","https:\/\/www.youtube.com\/channel\/UCGP2Sq0iWaZwT3BdIAQFYpw"]},{"@type":"Person","@id":"https:\/\/www.organisator.ch\/#\/schema\/person\/6f650f90b2842cd4c0cc334b4e36f67e","name":"thomas.berner","image":{"@type":"ImageObject","inLanguage":"en-US","@id":"https:\/\/secure.gravatar.com\/avatar\/ac5001d2a36cb6c6cd3e50789007ffca834b477b74a2144564522e944eabff61?s=96&d=mm&r=g","url":"https:\/\/secure.gravatar.com\/avatar\/ac5001d2a36cb6c6cd3e50789007ffca834b477b74a2144564522e944eabff61?s=96&d=mm&r=g","contentUrl":"https:\/\/secure.gravatar.com\/avatar\/ac5001d2a36cb6c6cd3e50789007ffca834b477b74a2144564522e944eabff61?s=96&d=mm&r=g","caption":"thomas.berner"},"url":"https:\/\/www.organisator.ch\/en\/author\/thomas-berner\/"}]}},"_links":{"self":[{"href":"https:\/\/www.organisator.ch\/en\/wp-json\/wp\/v2\/posts\/16424","targetHints":{"allow":["GET"]}}],"collection":[{"href":"https:\/\/www.organisator.ch\/en\/wp-json\/wp\/v2\/posts"}],"about":[{"href":"https:\/\/www.organisator.ch\/en\/wp-json\/wp\/v2\/types\/post"}],"author":[{"embeddable":true,"href":"https:\/\/www.organisator.ch\/en\/wp-json\/wp\/v2\/users\/4"}],"replies":[{"embeddable":true,"href":"https:\/\/www.organisator.ch\/en\/wp-json\/wp\/v2\/comments?post=16424"}],"version-history":[{"count":1,"href":"https:\/\/www.organisator.ch\/en\/wp-json\/wp\/v2\/posts\/16424\/revisions"}],"predecessor-version":[{"id":16426,"href":"https:\/\/www.organisator.ch\/en\/wp-json\/wp\/v2\/posts\/16424\/revisions\/16426"}],"wp:featuredmedia":[{"embeddable":true,"href":"https:\/\/www.organisator.ch\/en\/wp-json\/wp\/v2\/media\/16425"}],"wp:attachment":[{"href":"https:\/\/www.organisator.ch\/en\/wp-json\/wp\/v2\/media?parent=16424"}],"wp:term":[{"taxonomy":"category","embeddable":true,"href":"https:\/\/www.organisator.ch\/en\/wp-json\/wp\/v2\/categories?post=16424"},{"taxonomy":"post_tag","embeddable":true,"href":"https:\/\/www.organisator.ch\/en\/wp-json\/wp\/v2\/tags?post=16424"}],"curies":[{"name":"wp","href":"https:\/\/api.w.org\/{rel}","templated":true}]}}