{"id":16514,"date":"2022-08-22T23:53:13","date_gmt":"2022-08-22T21:53:13","guid":{"rendered":"https:\/\/www.organisator.ch\/?p=16514"},"modified":"2022-08-16T09:03:29","modified_gmt":"2022-08-16T07:03:29","slug":"shortage-of-skilled-workers","status":"publish","type":"post","link":"https:\/\/www.organisator.ch\/en\/human-resources\/2022-08-22\/fachkraeftemangel\/","title":{"rendered":"Skills shortage ..."},"content":{"rendered":"<figure id=\"attachment_16515\" aria-describedby=\"caption-attachment-16515\" style=\"width: 1100px\" class=\"wp-caption alignnone\"><img loading=\"lazy\" decoding=\"async\" class=\"size-full wp-image-16515\" src=\"https:\/\/www.organisator.ch\/wp-content\/uploads\/2022\/08\/Organisator-Fachkraftemangel.jpg\" alt=\"\" width=\"1100\" height=\"630\" srcset=\"https:\/\/www.organisator.ch\/wp-content\/uploads\/2022\/08\/Organisator-Fachkraftemangel.jpg 1100w, https:\/\/www.organisator.ch\/wp-content\/uploads\/2022\/08\/Organisator-Fachkraftemangel-680x389.jpg 680w, https:\/\/www.organisator.ch\/wp-content\/uploads\/2022\/08\/Organisator-Fachkraftemangel-1024x586.jpg 1024w, https:\/\/www.organisator.ch\/wp-content\/uploads\/2022\/08\/Organisator-Fachkraftemangel-768x440.jpg 768w, https:\/\/www.organisator.ch\/wp-content\/uploads\/2022\/08\/Organisator-Fachkraftemangel-18x10.jpg 18w, https:\/\/www.organisator.ch\/wp-content\/uploads\/2022\/08\/Organisator-Fachkraftemangel-306x175.jpg 306w, https:\/\/www.organisator.ch\/wp-content\/uploads\/2022\/08\/Organisator-Fachkraftemangel-611x350.jpg 611w, https:\/\/www.organisator.ch\/wp-content\/uploads\/2022\/08\/Organisator-Fachkraftemangel-920x527.jpg 920w, https:\/\/www.organisator.ch\/wp-content\/uploads\/2022\/08\/Organisator-Fachkraftemangel-300x172.jpg 300w\" sizes=\"auto, (max-width: 1100px) 100vw, 1100px\" \/><figcaption id=\"caption-attachment-16515\" class=\"wp-caption-text\">Michelle R\u00fctti-Kummli is CEO of the KUMMLI network<br \/>Image: Thomas Berner<\/figcaption><\/figure>\n<p>Who is to blame for the shortage of skilled workers: the stress in the entire economic system? At every event, every conversation about the greatest challenges as entrepreneurs and decision-makers in the Swiss workplace, we hear the same statements. The situation is coming to a head. And the problem is not industry-specific: In the catering sector, there is a shortage of cooks in particular, in timber construction there is a shortage of well-trained carpenters, and in logistics there is a shortage of chauffeurs. In addition, healthcare personnel are suffering from overwork. Start-ups from the digital scene are often reported in the media and trade journals. But the significance and importance of a skilled trade profession would also be worth more than just a report or headline. For the appreciation and attractiveness of the job and not least for motivation. Does it start with the fact that an apprenticeship is no longer attractive enough? But where are the associations to bring the professions closer already at schools? Does a school leaver already have to be offered a work-life balance package? Do future skilled workers have too high expectations or are they constantly made aware by the media of the opportunities available on the job market that do not correspond at all to the everyday working life at an SME? After their apprenticeship or studies, do they only want or should they only work part-time because otherwise there is too little quality time left?<\/p>\n<p>Weighing up the resilience and attractiveness as an employer and facing up to the demands of the employee are daily tasks that take up more and more time and energy that is lacking for tasks and for achieving sales targets. Increasingly, discussions among entrepreneurs, CEOs and board members in our network are that the state is becoming a significant competitor as an employer. Wages are paid, fringe benefits are offered, models such as the 4-day week are discussed, which an SME cannot afford at all. However, the major and relevant difference between the state and the private sector is that companies are at the mercy of a market with supply and demand - the state is not. In addition, regulations are increasing more and more. A logistics entrepreneur in the international market told that for chauffeurs the monitoring and control on every meter and minute does not contribute to the attractiveness of this activity. Or: A Swiss entrepreneur who equips protection and rescue vehicles takes part in a public tender for 16 rescue vehicles. Shortly after the entry is made on time, the rejection comes with the reason: \"not gender-appropriate\" ... Shouldn't we relieve the companies just now, in these times when there is a shortage of good personnel, prices are rising and deliveries are delayed? We know from the pandemic that this is possible with fewer formalities, faster and uncomplicated decisions.<\/p>\n<p>Over the 20 years as a networker, I have been able to look into many great pearls of companies, have countless conversations and share know-how, and from this, provide goal-oriented contacts for our customers. That's exactly what we're doing on the occasion of KNOW HOW PLACE on November 9, 2022 for the 32nd time and the KUMMLI-TALKs: \"Learn from the best - and share.\" Related to the topic, on Thursday evening, August 25, 2022, there will be a KUMMLI-TALK with the title \"Handicraft has golden soil - despite digitalization. But where are the skilled workers?\" will take place. Our talk guests are Daniela Spuhler-Hoffmann, Chairman of the Board of Directors of Esslinger AG, and Nils Planzer, Chairman of the Board of Directors of Planzer Logistik AG. Members and guests from the KUMMLI network will contribute their own experiences and challenges to this event. Ideas are generated on how to counteract the shortage of skilled workers, learn from each other - and of course new business contacts are made.<\/p>\n<p><em><strong>Michelle R\u00fctti-Kummli<\/strong> is CEO of the KUMMLI network, an owner-managed family business that connects entrepreneurs, board members and CEOs, personalities from business and politics - personally, hand-picked and with a high degree of discretion. <a href=\"https:\/\/www.kummli.com\/\">www.kummli.com<\/a><\/em><\/p>","protected":false},"excerpt":{"rendered":"<p>Wer ist Schuld am Fachkr\u00e4ftemangel: der Stress im gesamten Wirtschaftssystem? An jedem Anlass, jedem Gespr\u00e4ch \u00fcber die gr\u00f6ssten Herausforderungen als Unternehmer und Entscheidungstr\u00e4ger auf dem Werkplatz Schweiz h\u00f6ren wir die gleichen Aussagen. Die Situation spitzt sich zu. Und das Problem ist nicht branchenspezifisch: Im Gastrobereich fehlen vor allem K\u00f6che, im Holzbau gut ausgebildete Zimmerleute, und [&hellip;]<\/p>\n","protected":false},"author":1,"featured_media":16515,"comment_status":"closed","ping_status":"closed","sticky":false,"template":"","format":"standard","meta":{"_acf_changed":false,"_yoast_wpseo_focuskw":"Fachkr\u00e4ftemangel","_yoast_wpseo_metadesc":"Auch wenn mittlerweile wieder viele Stellen besetzt wurden, besteht weiterhin grosser Fachkr\u00e4ftemangel. Ein Gastkommentar.","articlekey":"","footnotes":""},"categories":[578,579],"tags":[3105,194,254,334],"class_list":["post-16514","post","type-post","status-publish","format-standard","has-post-thumbnail","hentry","category-abo","category-human-resources","tag-ausgabe-7-8-2022","tag-fachkraeftemangel","tag-hrm","tag-management"],"acf":[],"yoast_head":"<!-- This site is optimized with the Yoast SEO plugin v27.5 - https:\/\/yoast.com\/product\/yoast-seo-wordpress\/ -->\n<title>Fachkr\u00e4ftemangel ... - Organisator<\/title>\n<meta name=\"description\" content=\"Auch wenn mittlerweile wieder viele Stellen besetzt wurden, besteht weiterhin grosser Fachkr\u00e4ftemangel. Ein Gastkommentar.\" \/>\n<meta name=\"robots\" content=\"index, follow, max-snippet:-1, max-image-preview:large, max-video-preview:-1\" \/>\n<link rel=\"canonical\" href=\"https:\/\/www.organisator.ch\/en\/subscription\/2022-08-22\/shortage-of-skilled-workers\/\" \/>\n<meta property=\"og:locale\" content=\"en_US\" \/>\n<meta property=\"og:type\" content=\"article\" \/>\n<meta property=\"og:title\" content=\"Fachkr\u00e4ftemangel ... - Organisator\" \/>\n<meta property=\"og:description\" content=\"Auch wenn mittlerweile wieder viele Stellen besetzt wurden, besteht weiterhin grosser Fachkr\u00e4ftemangel. Ein Gastkommentar.\" \/>\n<meta property=\"og:url\" content=\"https:\/\/www.organisator.ch\/en\/subscription\/2022-08-22\/shortage-of-skilled-workers\/\" \/>\n<meta property=\"og:site_name\" content=\"Organisator\" \/>\n<meta property=\"article:publisher\" content=\"https:\/\/www.facebook.com\/OrganisatorFachmagazin\" \/>\n<meta property=\"article:published_time\" content=\"2022-08-22T21:53:13+00:00\" \/>\n<meta property=\"og:image\" content=\"https:\/\/www.organisator.ch\/wp-content\/uploads\/2022\/08\/Organisator-Fachkraftemangel.jpg\" \/>\n\t<meta property=\"og:image:width\" content=\"1100\" \/>\n\t<meta property=\"og:image:height\" content=\"630\" \/>\n\t<meta property=\"og:image:type\" content=\"image\/jpeg\" \/>\n<meta name=\"author\" content=\"admin\" \/>\n<meta name=\"twitter:card\" content=\"summary_large_image\" \/>\n<script type=\"application\/ld+json\" class=\"yoast-schema-graph\">{\"@context\":\"https:\\\/\\\/schema.org\",\"@graph\":[{\"@type\":\"Article\",\"@id\":\"https:\\\/\\\/www.organisator.ch\\\/abo\\\/2022-08-22\\\/fachkraeftemangel\\\/#article\",\"isPartOf\":{\"@id\":\"https:\\\/\\\/www.organisator.ch\\\/abo\\\/2022-08-22\\\/fachkraeftemangel\\\/\"},\"author\":{\"name\":\"admin\",\"@id\":\"https:\\\/\\\/www.organisator.ch\\\/#\\\/schema\\\/person\\\/aa2bace6c5c5aad60102004a50c4eb1c\"},\"headline\":\"Fachkr\u00e4ftemangel &#8230;\",\"datePublished\":\"2022-08-22T21:53:13+00:00\",\"mainEntityOfPage\":{\"@id\":\"https:\\\/\\\/www.organisator.ch\\\/abo\\\/2022-08-22\\\/fachkraeftemangel\\\/\"},\"wordCount\":632,\"publisher\":{\"@id\":\"https:\\\/\\\/www.organisator.ch\\\/#organization\"},\"image\":{\"@id\":\"https:\\\/\\\/www.organisator.ch\\\/abo\\\/2022-08-22\\\/fachkraeftemangel\\\/#primaryimage\"},\"thumbnailUrl\":\"https:\\\/\\\/www.organisator.ch\\\/wp-content\\\/uploads\\\/2022\\\/08\\\/Organisator-Fachkraftemangel.jpg\",\"keywords\":[\"Ausgabe 7-8\\\/2022\",\"Fachkr\u00e4ftemangel\",\"HRM\",\"Management\"],\"articleSection\":[\"ABO+\",\"HUMAN RESOURCES\"],\"inLanguage\":\"en-US\"},{\"@type\":\"WebPage\",\"@id\":\"https:\\\/\\\/www.organisator.ch\\\/abo\\\/2022-08-22\\\/fachkraeftemangel\\\/\",\"url\":\"https:\\\/\\\/www.organisator.ch\\\/abo\\\/2022-08-22\\\/fachkraeftemangel\\\/\",\"name\":\"Fachkr\u00e4ftemangel ... - Organisator\",\"isPartOf\":{\"@id\":\"https:\\\/\\\/www.organisator.ch\\\/#website\"},\"primaryImageOfPage\":{\"@id\":\"https:\\\/\\\/www.organisator.ch\\\/abo\\\/2022-08-22\\\/fachkraeftemangel\\\/#primaryimage\"},\"image\":{\"@id\":\"https:\\\/\\\/www.organisator.ch\\\/abo\\\/2022-08-22\\\/fachkraeftemangel\\\/#primaryimage\"},\"thumbnailUrl\":\"https:\\\/\\\/www.organisator.ch\\\/wp-content\\\/uploads\\\/2022\\\/08\\\/Organisator-Fachkraftemangel.jpg\",\"datePublished\":\"2022-08-22T21:53:13+00:00\",\"description\":\"Auch wenn mittlerweile wieder viele Stellen besetzt wurden, besteht weiterhin grosser Fachkr\u00e4ftemangel. Ein Gastkommentar.\",\"breadcrumb\":{\"@id\":\"https:\\\/\\\/www.organisator.ch\\\/abo\\\/2022-08-22\\\/fachkraeftemangel\\\/#breadcrumb\"},\"inLanguage\":\"en-US\",\"potentialAction\":[{\"@type\":\"ReadAction\",\"target\":[\"https:\\\/\\\/www.organisator.ch\\\/abo\\\/2022-08-22\\\/fachkraeftemangel\\\/\"]}]},{\"@type\":\"ImageObject\",\"inLanguage\":\"en-US\",\"@id\":\"https:\\\/\\\/www.organisator.ch\\\/abo\\\/2022-08-22\\\/fachkraeftemangel\\\/#primaryimage\",\"url\":\"https:\\\/\\\/www.organisator.ch\\\/wp-content\\\/uploads\\\/2022\\\/08\\\/Organisator-Fachkraftemangel.jpg\",\"contentUrl\":\"https:\\\/\\\/www.organisator.ch\\\/wp-content\\\/uploads\\\/2022\\\/08\\\/Organisator-Fachkraftemangel.jpg\",\"width\":1100,\"height\":630,\"caption\":\"Michelle R\u00fctti-Kummli ist CEO des KUMMLI-Netzwerks Bild: Thomas Berner\"},{\"@type\":\"BreadcrumbList\",\"@id\":\"https:\\\/\\\/www.organisator.ch\\\/abo\\\/2022-08-22\\\/fachkraeftemangel\\\/#breadcrumb\",\"itemListElement\":[{\"@type\":\"ListItem\",\"position\":1,\"name\":\"Home\",\"item\":\"https:\\\/\\\/www.organisator.ch\\\/\"},{\"@type\":\"ListItem\",\"position\":2,\"name\":\"Fachkr\u00e4ftemangel &#8230;\"}]},{\"@type\":\"WebSite\",\"@id\":\"https:\\\/\\\/www.organisator.ch\\\/#website\",\"url\":\"https:\\\/\\\/www.organisator.ch\\\/\",\"name\":\"Organisator\",\"description\":\"Kompetent. Praxisnah. Der ORGANISATOR bereitet in 10 Ausgaben pro Jahr die wesentlichen Themen f\u00fcr F\u00fchrungskr\u00e4fte von KMU auf.\",\"publisher\":{\"@id\":\"https:\\\/\\\/www.organisator.ch\\\/#organization\"},\"potentialAction\":[{\"@type\":\"SearchAction\",\"target\":{\"@type\":\"EntryPoint\",\"urlTemplate\":\"https:\\\/\\\/www.organisator.ch\\\/?s={search_term_string}\"},\"query-input\":{\"@type\":\"PropertyValueSpecification\",\"valueRequired\":true,\"valueName\":\"search_term_string\"}}],\"inLanguage\":\"en-US\"},{\"@type\":\"Organization\",\"@id\":\"https:\\\/\\\/www.organisator.ch\\\/#organization\",\"name\":\"Organisator\",\"url\":\"https:\\\/\\\/www.organisator.ch\\\/\",\"logo\":{\"@type\":\"ImageObject\",\"inLanguage\":\"en-US\",\"@id\":\"https:\\\/\\\/www.organisator.ch\\\/#\\\/schema\\\/logo\\\/image\\\/\",\"url\":\"https:\\\/\\\/www.organisator.ch\\\/wp-content\\\/uploads\\\/2022\\\/01\\\/Logo_Organisator_Website.png\",\"contentUrl\":\"https:\\\/\\\/www.organisator.ch\\\/wp-content\\\/uploads\\\/2022\\\/01\\\/Logo_Organisator_Website.png\",\"width\":800,\"height\":77,\"caption\":\"Organisator\"},\"image\":{\"@id\":\"https:\\\/\\\/www.organisator.ch\\\/#\\\/schema\\\/logo\\\/image\\\/\"},\"sameAs\":[\"https:\\\/\\\/www.facebook.com\\\/OrganisatorFachmagazin\",\"https:\\\/\\\/www.linkedin.com\\\/showcase\\\/organisator-das-magazin-fr-kmu\",\"https:\\\/\\\/www.xing.com\\\/news\\\/pages\\\/organisator-ch-695\",\"https:\\\/\\\/www.youtube.com\\\/channel\\\/UCGP2Sq0iWaZwT3BdIAQFYpw\"]},{\"@type\":\"Person\",\"@id\":\"https:\\\/\\\/www.organisator.ch\\\/#\\\/schema\\\/person\\\/aa2bace6c5c5aad60102004a50c4eb1c\",\"name\":\"admin\",\"image\":{\"@type\":\"ImageObject\",\"inLanguage\":\"en-US\",\"@id\":\"https:\\\/\\\/secure.gravatar.com\\\/avatar\\\/ae2f4d718e6c49043e314ce431e7e645d646302a24a5ef5a8bc8e3f5a032e319?s=96&d=mm&r=g\",\"url\":\"https:\\\/\\\/secure.gravatar.com\\\/avatar\\\/ae2f4d718e6c49043e314ce431e7e645d646302a24a5ef5a8bc8e3f5a032e319?s=96&d=mm&r=g\",\"contentUrl\":\"https:\\\/\\\/secure.gravatar.com\\\/avatar\\\/ae2f4d718e6c49043e314ce431e7e645d646302a24a5ef5a8bc8e3f5a032e319?s=96&d=mm&r=g\",\"caption\":\"admin\"},\"sameAs\":[\"https:\\\/\\\/www.organisator.ch\"],\"url\":\"https:\\\/\\\/www.organisator.ch\\\/en\\\/author\\\/admin\\\/\"}]}<\/script>\n<!-- \/ Yoast SEO plugin. -->","yoast_head_json":{"title":"Skills shortage ... - Organizer","description":"Even though many positions have now been filled again, there is still a major shortage of skilled workers. A guest commentary.","robots":{"index":"index","follow":"follow","max-snippet":"max-snippet:-1","max-image-preview":"max-image-preview:large","max-video-preview":"max-video-preview:-1"},"canonical":"https:\/\/www.organisator.ch\/en\/subscription\/2022-08-22\/shortage-of-skilled-workers\/","og_locale":"en_US","og_type":"article","og_title":"Fachkr\u00e4ftemangel ... - Organisator","og_description":"Auch wenn mittlerweile wieder viele Stellen besetzt wurden, besteht weiterhin grosser Fachkr\u00e4ftemangel. Ein Gastkommentar.","og_url":"https:\/\/www.organisator.ch\/en\/subscription\/2022-08-22\/shortage-of-skilled-workers\/","og_site_name":"Organisator","article_publisher":"https:\/\/www.facebook.com\/OrganisatorFachmagazin","article_published_time":"2022-08-22T21:53:13+00:00","og_image":[{"width":1100,"height":630,"url":"https:\/\/www.organisator.ch\/wp-content\/uploads\/2022\/08\/Organisator-Fachkraftemangel.jpg","type":"image\/jpeg"}],"author":"admin","twitter_card":"summary_large_image","schema":{"@context":"https:\/\/schema.org","@graph":[{"@type":"Article","@id":"https:\/\/www.organisator.ch\/abo\/2022-08-22\/fachkraeftemangel\/#article","isPartOf":{"@id":"https:\/\/www.organisator.ch\/abo\/2022-08-22\/fachkraeftemangel\/"},"author":{"name":"admin","@id":"https:\/\/www.organisator.ch\/#\/schema\/person\/aa2bace6c5c5aad60102004a50c4eb1c"},"headline":"Fachkr\u00e4ftemangel &#8230;","datePublished":"2022-08-22T21:53:13+00:00","mainEntityOfPage":{"@id":"https:\/\/www.organisator.ch\/abo\/2022-08-22\/fachkraeftemangel\/"},"wordCount":632,"publisher":{"@id":"https:\/\/www.organisator.ch\/#organization"},"image":{"@id":"https:\/\/www.organisator.ch\/abo\/2022-08-22\/fachkraeftemangel\/#primaryimage"},"thumbnailUrl":"https:\/\/www.organisator.ch\/wp-content\/uploads\/2022\/08\/Organisator-Fachkraftemangel.jpg","keywords":["Ausgabe 7-8\/2022","Fachkr\u00e4ftemangel","HRM","Management"],"articleSection":["ABO+","HUMAN RESOURCES"],"inLanguage":"en-US"},{"@type":"WebPage","@id":"https:\/\/www.organisator.ch\/abo\/2022-08-22\/fachkraeftemangel\/","url":"https:\/\/www.organisator.ch\/abo\/2022-08-22\/fachkraeftemangel\/","name":"Skills shortage ... - Organizer","isPartOf":{"@id":"https:\/\/www.organisator.ch\/#website"},"primaryImageOfPage":{"@id":"https:\/\/www.organisator.ch\/abo\/2022-08-22\/fachkraeftemangel\/#primaryimage"},"image":{"@id":"https:\/\/www.organisator.ch\/abo\/2022-08-22\/fachkraeftemangel\/#primaryimage"},"thumbnailUrl":"https:\/\/www.organisator.ch\/wp-content\/uploads\/2022\/08\/Organisator-Fachkraftemangel.jpg","datePublished":"2022-08-22T21:53:13+00:00","description":"Even though many positions have now been filled again, there is still a major shortage of skilled workers. A guest commentary.","breadcrumb":{"@id":"https:\/\/www.organisator.ch\/abo\/2022-08-22\/fachkraeftemangel\/#breadcrumb"},"inLanguage":"en-US","potentialAction":[{"@type":"ReadAction","target":["https:\/\/www.organisator.ch\/abo\/2022-08-22\/fachkraeftemangel\/"]}]},{"@type":"ImageObject","inLanguage":"en-US","@id":"https:\/\/www.organisator.ch\/abo\/2022-08-22\/fachkraeftemangel\/#primaryimage","url":"https:\/\/www.organisator.ch\/wp-content\/uploads\/2022\/08\/Organisator-Fachkraftemangel.jpg","contentUrl":"https:\/\/www.organisator.ch\/wp-content\/uploads\/2022\/08\/Organisator-Fachkraftemangel.jpg","width":1100,"height":630,"caption":"Michelle R\u00fctti-Kummli ist CEO des KUMMLI-Netzwerks Bild: Thomas Berner"},{"@type":"BreadcrumbList","@id":"https:\/\/www.organisator.ch\/abo\/2022-08-22\/fachkraeftemangel\/#breadcrumb","itemListElement":[{"@type":"ListItem","position":1,"name":"Home","item":"https:\/\/www.organisator.ch\/"},{"@type":"ListItem","position":2,"name":"Fachkr\u00e4ftemangel &#8230;"}]},{"@type":"WebSite","@id":"https:\/\/www.organisator.ch\/#website","url":"https:\/\/www.organisator.ch\/","name":"Organizer","description":"Competent. Practical. In 10 issues per year, ORGANISATOR presents the essential topics for managers of SMEs.","publisher":{"@id":"https:\/\/www.organisator.ch\/#organization"},"potentialAction":[{"@type":"SearchAction","target":{"@type":"EntryPoint","urlTemplate":"https:\/\/www.organisator.ch\/?s={search_term_string}"},"query-input":{"@type":"PropertyValueSpecification","valueRequired":true,"valueName":"search_term_string"}}],"inLanguage":"en-US"},{"@type":"Organization","@id":"https:\/\/www.organisator.ch\/#organization","name":"Organizer","url":"https:\/\/www.organisator.ch\/","logo":{"@type":"ImageObject","inLanguage":"en-US","@id":"https:\/\/www.organisator.ch\/#\/schema\/logo\/image\/","url":"https:\/\/www.organisator.ch\/wp-content\/uploads\/2022\/01\/Logo_Organisator_Website.png","contentUrl":"https:\/\/www.organisator.ch\/wp-content\/uploads\/2022\/01\/Logo_Organisator_Website.png","width":800,"height":77,"caption":"Organisator"},"image":{"@id":"https:\/\/www.organisator.ch\/#\/schema\/logo\/image\/"},"sameAs":["https:\/\/www.facebook.com\/OrganisatorFachmagazin","https:\/\/www.linkedin.com\/showcase\/organisator-das-magazin-fr-kmu","https:\/\/www.xing.com\/news\/pages\/organisator-ch-695","https:\/\/www.youtube.com\/channel\/UCGP2Sq0iWaZwT3BdIAQFYpw"]},{"@type":"Person","@id":"https:\/\/www.organisator.ch\/#\/schema\/person\/aa2bace6c5c5aad60102004a50c4eb1c","name":"admin","image":{"@type":"ImageObject","inLanguage":"en-US","@id":"https:\/\/secure.gravatar.com\/avatar\/ae2f4d718e6c49043e314ce431e7e645d646302a24a5ef5a8bc8e3f5a032e319?s=96&d=mm&r=g","url":"https:\/\/secure.gravatar.com\/avatar\/ae2f4d718e6c49043e314ce431e7e645d646302a24a5ef5a8bc8e3f5a032e319?s=96&d=mm&r=g","contentUrl":"https:\/\/secure.gravatar.com\/avatar\/ae2f4d718e6c49043e314ce431e7e645d646302a24a5ef5a8bc8e3f5a032e319?s=96&d=mm&r=g","caption":"admin"},"sameAs":["https:\/\/www.organisator.ch"],"url":"https:\/\/www.organisator.ch\/en\/author\/admin\/"}]}},"_links":{"self":[{"href":"https:\/\/www.organisator.ch\/en\/wp-json\/wp\/v2\/posts\/16514","targetHints":{"allow":["GET"]}}],"collection":[{"href":"https:\/\/www.organisator.ch\/en\/wp-json\/wp\/v2\/posts"}],"about":[{"href":"https:\/\/www.organisator.ch\/en\/wp-json\/wp\/v2\/types\/post"}],"author":[{"embeddable":true,"href":"https:\/\/www.organisator.ch\/en\/wp-json\/wp\/v2\/users\/1"}],"replies":[{"embeddable":true,"href":"https:\/\/www.organisator.ch\/en\/wp-json\/wp\/v2\/comments?post=16514"}],"version-history":[{"count":3,"href":"https:\/\/www.organisator.ch\/en\/wp-json\/wp\/v2\/posts\/16514\/revisions"}],"predecessor-version":[{"id":16530,"href":"https:\/\/www.organisator.ch\/en\/wp-json\/wp\/v2\/posts\/16514\/revisions\/16530"}],"wp:featuredmedia":[{"embeddable":true,"href":"https:\/\/www.organisator.ch\/en\/wp-json\/wp\/v2\/media\/16515"}],"wp:attachment":[{"href":"https:\/\/www.organisator.ch\/en\/wp-json\/wp\/v2\/media?parent=16514"}],"wp:term":[{"taxonomy":"category","embeddable":true,"href":"https:\/\/www.organisator.ch\/en\/wp-json\/wp\/v2\/categories?post=16514"},{"taxonomy":"post_tag","embeddable":true,"href":"https:\/\/www.organisator.ch\/en\/wp-json\/wp\/v2\/tags?post=16514"}],"curies":[{"name":"wp","href":"https:\/\/api.w.org\/{rel}","templated":true}]}}