{"id":16585,"date":"2022-08-17T15:28:43","date_gmt":"2022-08-17T13:28:43","guid":{"rendered":"https:\/\/www.werbewoche.ch\/?p=184512"},"modified":"2024-11-22T10:58:55","modified_gmt":"2024-11-22T09:58:55","slug":"notch-publicis-zuerich-develops-new-convenience-hub-for-migrolino","status":"publish","type":"post","link":"https:\/\/www.organisator.ch\/en\/marketing\/2022-08-17\/notch-publicis-zuerich-entwickeln-neuen-convenience-hub-fuer-migrolino\/","title":{"rendered":"Notch &amp; Publicis Zurich develop new convenience hub for Migrolino"},"content":{"rendered":"<p><img class=\"alignnone wp-image-184513 size-full\" src=\"https:\/\/www.werbewoche.ch\/wp-content\/uploads\/2022\/08\/Notch_x_migrolino_Medienmitteilung_220815_Anlage.jpg\" alt=\"Migrolino\" width=\"1200\" height=\"690\" \/>In the last few years, Migrolino has grown strongly through new locations and formats. In order to be able to address all target groups according to their needs, Notch completely revised the online presence in collaboration with Publicis Zurich and designed a new architecture. Now the three websites <a href=\"https:\/\/www.migrolino-ag.ch\/de\">Migrolino-ag.ch<\/a>, <a href=\"https:\/\/www.migrolino.ch\/de\" rel=\"noopener\">Migrolino.ch<\/a> and <a href=\"https:\/\/www.mio-shops.ch\/de\" rel=\"noopener\">Mio-shops.ch<\/a> united under one roof.<\/p>\r\n<p>The core of the fresh Migrolino.ch and Mio-shops.ch website is the Shopfinder. This is tailored to the needs of customers and optimized for mobile-first use. The simple and intuitive navigation and the reduced structure make the online presence a fast and useful information platform. In a short time, the nearest stores including route planner, opening hours, current promotions and offers, services or even specific offers such as e-charging station can be displayed and found. There is also a dark mode. The corporate site Migrolino-ag.ch focuses on the various formats.<\/p>\r\n<p>The design is complemented by the shot Migrolino moments, the newly developed icons and the bolde typography. The UX construction kit is available for all three websites.<\/p>\r\n<hr \/>\r\n<p><strong>Responsible at Migrolino:<\/strong> Marius Masso (Head of Corporate Development), Alexandra Vogel (Head of Marketing), Pascal Wetter (Project Manager), Mich\u00e8le Hug (Marketing Assistant). <strong>Responsible at Notch and Publicis Zurich:<\/strong> Martin Stauch (UX Director), Martin Pfeiffer, Bruno Hofstetter (Senior UX Architect), C\u00e9dric Moor (UX Designer), Nina Martens, Nina Nesnidal (Art Director), David Voges (Senior Copywriter), Sandro Looser (Client Service Director), Selina Bigler (Junior Account Manager). <strong>Responsible at Prodigious:<\/strong> Matteo Attansio (photographer) and Martin Ottinger (retouching). <strong>Responsible at IMF:<\/strong> Simone Marchetta (Head of IWF Web Solutions), Stefan Friedrich (Senior Web Developer).<\/p>","protected":false},"excerpt":{"rendered":"<p>In den letzten Jahren ist Migrolino durch neue Standorte und Formate stark gewachsen. Um alle Zielgruppen bed\u00fcrfnisgerecht ansprechen zu k\u00f6nnen, hat Notch den Online-Auftritt in Kollaboration mit Publicis Z\u00fcrich vollst\u00e4ndig \u00fcberarbeitet und eine neue Architektur konzipiert. Nun sind die drei Websites Migrolino-ag.ch, Migrolino.ch und Mio-shops.ch unter einem Dach vereint. Das Kernst\u00fcck des frischen Auftritts von [\u2026]<\/p>\n","protected":false},"author":8,"featured_media":0,"comment_status":"closed","ping_status":"closed","sticky":false,"template":"","format":"standard","meta":{"_acf_changed":false,"_yoast_wpseo_focuskw":"Migrolino","_yoast_wpseo_metadesc":"Migrolino erneuert Online-Auftritt: Einfache Navigation, Shopfinder und mobile-first Design. Drei Websites unter einem Dach.","articlekey":"","footnotes":""},"categories":[29],"tags":[3330,3331,3332],"class_list":["post-16585","post","type-post","status-publish","format-standard","hentry","category-marketing","tag-migrolino","tag-notch-interactive","tag-publicis"],"acf":[],"yoast_head":"<!-- This site is optimized with the Yoast SEO plugin v27.5 - https:\/\/yoast.com\/product\/yoast-seo-wordpress\/ -->\n<title>Notch &amp; Publicis Z\u00fcrich entwickeln neuen Convenience Hub f\u00fcr Migrolino - Organisator<\/title>\n<meta name=\"description\" content=\"Migrolino erneuert Online-Auftritt: Einfache Navigation, Shopfinder und mobile-first Design. Drei Websites unter einem Dach.\" \/>\n<meta name=\"robots\" content=\"index, follow, max-snippet:-1, max-image-preview:large, max-video-preview:-1\" \/>\n<link rel=\"canonical\" href=\"https:\/\/www.organisator.ch\/en\/marketing\/2022-08-17\/notch-publicis-zuerich-develops-new-convenience-hub-for-migrolino\/\" \/>\n<meta property=\"og:locale\" content=\"en_US\" \/>\n<meta property=\"og:type\" content=\"article\" \/>\n<meta property=\"og:title\" content=\"Notch &amp; Publicis Z\u00fcrich entwickeln neuen Convenience Hub f\u00fcr Migrolino - Organisator\" \/>\n<meta property=\"og:description\" content=\"Migrolino erneuert Online-Auftritt: Einfache Navigation, Shopfinder und mobile-first Design. Drei Websites unter einem Dach.\" \/>\n<meta property=\"og:url\" content=\"https:\/\/www.organisator.ch\/en\/marketing\/2022-08-17\/notch-publicis-zuerich-develops-new-convenience-hub-for-migrolino\/\" \/>\n<meta property=\"og:site_name\" content=\"Organisator\" \/>\n<meta property=\"article:publisher\" content=\"https:\/\/www.facebook.com\/OrganisatorFachmagazin\" \/>\n<meta property=\"article:published_time\" content=\"2022-08-17T13:28:43+00:00\" \/>\n<meta property=\"article:modified_time\" content=\"2024-11-22T09:58:55+00:00\" \/>\n<meta name=\"author\" content=\"galledia\" \/>\n<meta name=\"twitter:card\" content=\"summary_large_image\" \/>\n<meta name=\"twitter:creator\" content=\"@admin\" \/>\n<script type=\"application\/ld+json\" class=\"yoast-schema-graph\">{\"@context\":\"https:\\\/\\\/schema.org\",\"@graph\":[{\"@type\":\"Article\",\"@id\":\"https:\\\/\\\/www.organisator.ch\\\/marketing\\\/2022-08-17\\\/notch-publicis-zuerich-entwickeln-neuen-convenience-hub-fuer-migrolino\\\/#article\",\"isPartOf\":{\"@id\":\"https:\\\/\\\/www.organisator.ch\\\/marketing\\\/2022-08-17\\\/notch-publicis-zuerich-entwickeln-neuen-convenience-hub-fuer-migrolino\\\/\"},\"author\":{\"name\":\"galledia\",\"@id\":\"https:\\\/\\\/www.organisator.ch\\\/#\\\/schema\\\/person\\\/4e51799071cd2dd1232ac003643ef5f0\"},\"headline\":\"Notch &amp; Publicis Z\u00fcrich entwickeln neuen Convenience Hub f\u00fcr Migrolino\",\"datePublished\":\"2022-08-17T13:28:43+00:00\",\"dateModified\":\"2024-11-22T09:58:55+00:00\",\"mainEntityOfPage\":{\"@id\":\"https:\\\/\\\/www.organisator.ch\\\/marketing\\\/2022-08-17\\\/notch-publicis-zuerich-entwickeln-neuen-convenience-hub-fuer-migrolino\\\/\"},\"wordCount\":272,\"publisher\":{\"@id\":\"https:\\\/\\\/www.organisator.ch\\\/#organization\"},\"image\":{\"@id\":\"https:\\\/\\\/www.organisator.ch\\\/marketing\\\/2022-08-17\\\/notch-publicis-zuerich-entwickeln-neuen-convenience-hub-fuer-migrolino\\\/#primaryimage\"},\"thumbnailUrl\":\"https:\\\/\\\/www.werbewoche.ch\\\/wp-content\\\/uploads\\\/2022\\\/08\\\/Notch_x_migrolino_Medienmitteilung_220815_Anlage.jpg\",\"keywords\":[\"Migrolino\",\"Notch Interactive\",\"Publicis\"],\"articleSection\":[\"MARKETING\"],\"inLanguage\":\"en-US\"},{\"@type\":\"WebPage\",\"@id\":\"https:\\\/\\\/www.organisator.ch\\\/marketing\\\/2022-08-17\\\/notch-publicis-zuerich-entwickeln-neuen-convenience-hub-fuer-migrolino\\\/\",\"url\":\"https:\\\/\\\/www.organisator.ch\\\/marketing\\\/2022-08-17\\\/notch-publicis-zuerich-entwickeln-neuen-convenience-hub-fuer-migrolino\\\/\",\"name\":\"Notch &amp; Publicis Z\u00fcrich entwickeln neuen Convenience Hub f\u00fcr Migrolino - Organisator\",\"isPartOf\":{\"@id\":\"https:\\\/\\\/www.organisator.ch\\\/#website\"},\"primaryImageOfPage\":{\"@id\":\"https:\\\/\\\/www.organisator.ch\\\/marketing\\\/2022-08-17\\\/notch-publicis-zuerich-entwickeln-neuen-convenience-hub-fuer-migrolino\\\/#primaryimage\"},\"image\":{\"@id\":\"https:\\\/\\\/www.organisator.ch\\\/marketing\\\/2022-08-17\\\/notch-publicis-zuerich-entwickeln-neuen-convenience-hub-fuer-migrolino\\\/#primaryimage\"},\"thumbnailUrl\":\"https:\\\/\\\/www.werbewoche.ch\\\/wp-content\\\/uploads\\\/2022\\\/08\\\/Notch_x_migrolino_Medienmitteilung_220815_Anlage.jpg\",\"datePublished\":\"2022-08-17T13:28:43+00:00\",\"dateModified\":\"2024-11-22T09:58:55+00:00\",\"description\":\"Migrolino erneuert Online-Auftritt: Einfache Navigation, Shopfinder und mobile-first Design. Drei Websites unter einem Dach.\",\"breadcrumb\":{\"@id\":\"https:\\\/\\\/www.organisator.ch\\\/marketing\\\/2022-08-17\\\/notch-publicis-zuerich-entwickeln-neuen-convenience-hub-fuer-migrolino\\\/#breadcrumb\"},\"inLanguage\":\"en-US\",\"potentialAction\":[{\"@type\":\"ReadAction\",\"target\":[\"https:\\\/\\\/www.organisator.ch\\\/marketing\\\/2022-08-17\\\/notch-publicis-zuerich-entwickeln-neuen-convenience-hub-fuer-migrolino\\\/\"]}]},{\"@type\":\"ImageObject\",\"inLanguage\":\"en-US\",\"@id\":\"https:\\\/\\\/www.organisator.ch\\\/marketing\\\/2022-08-17\\\/notch-publicis-zuerich-entwickeln-neuen-convenience-hub-fuer-migrolino\\\/#primaryimage\",\"url\":\"https:\\\/\\\/www.werbewoche.ch\\\/wp-content\\\/uploads\\\/2022\\\/08\\\/Notch_x_migrolino_Medienmitteilung_220815_Anlage.jpg\",\"contentUrl\":\"https:\\\/\\\/www.werbewoche.ch\\\/wp-content\\\/uploads\\\/2022\\\/08\\\/Notch_x_migrolino_Medienmitteilung_220815_Anlage.jpg\"},{\"@type\":\"BreadcrumbList\",\"@id\":\"https:\\\/\\\/www.organisator.ch\\\/marketing\\\/2022-08-17\\\/notch-publicis-zuerich-entwickeln-neuen-convenience-hub-fuer-migrolino\\\/#breadcrumb\",\"itemListElement\":[{\"@type\":\"ListItem\",\"position\":1,\"name\":\"Home\",\"item\":\"https:\\\/\\\/www.organisator.ch\\\/\"},{\"@type\":\"ListItem\",\"position\":2,\"name\":\"Notch &amp; Publicis Z\u00fcrich entwickeln neuen Convenience Hub f\u00fcr Migrolino\"}]},{\"@type\":\"WebSite\",\"@id\":\"https:\\\/\\\/www.organisator.ch\\\/#website\",\"url\":\"https:\\\/\\\/www.organisator.ch\\\/\",\"name\":\"Organisator\",\"description\":\"Kompetent. Praxisnah. Der ORGANISATOR bereitet in 10 Ausgaben pro Jahr die wesentlichen Themen f\u00fcr F\u00fchrungskr\u00e4fte von KMU auf.\",\"publisher\":{\"@id\":\"https:\\\/\\\/www.organisator.ch\\\/#organization\"},\"potentialAction\":[{\"@type\":\"SearchAction\",\"target\":{\"@type\":\"EntryPoint\",\"urlTemplate\":\"https:\\\/\\\/www.organisator.ch\\\/?s={search_term_string}\"},\"query-input\":{\"@type\":\"PropertyValueSpecification\",\"valueRequired\":true,\"valueName\":\"search_term_string\"}}],\"inLanguage\":\"en-US\"},{\"@type\":\"Organization\",\"@id\":\"https:\\\/\\\/www.organisator.ch\\\/#organization\",\"name\":\"Organisator\",\"url\":\"https:\\\/\\\/www.organisator.ch\\\/\",\"logo\":{\"@type\":\"ImageObject\",\"inLanguage\":\"en-US\",\"@id\":\"https:\\\/\\\/www.organisator.ch\\\/#\\\/schema\\\/logo\\\/image\\\/\",\"url\":\"https:\\\/\\\/www.organisator.ch\\\/wp-content\\\/uploads\\\/2022\\\/01\\\/Logo_Organisator_Website.png\",\"contentUrl\":\"https:\\\/\\\/www.organisator.ch\\\/wp-content\\\/uploads\\\/2022\\\/01\\\/Logo_Organisator_Website.png\",\"width\":800,\"height\":77,\"caption\":\"Organisator\"},\"image\":{\"@id\":\"https:\\\/\\\/www.organisator.ch\\\/#\\\/schema\\\/logo\\\/image\\\/\"},\"sameAs\":[\"https:\\\/\\\/www.facebook.com\\\/OrganisatorFachmagazin\",\"https:\\\/\\\/www.linkedin.com\\\/showcase\\\/organisator-das-magazin-fr-kmu\",\"https:\\\/\\\/www.xing.com\\\/news\\\/pages\\\/organisator-ch-695\",\"https:\\\/\\\/www.youtube.com\\\/channel\\\/UCGP2Sq0iWaZwT3BdIAQFYpw\"]},{\"@type\":\"Person\",\"@id\":\"https:\\\/\\\/www.organisator.ch\\\/#\\\/schema\\\/person\\\/4e51799071cd2dd1232ac003643ef5f0\",\"name\":\"galledia\",\"image\":{\"@type\":\"ImageObject\",\"inLanguage\":\"en-US\",\"@id\":\"https:\\\/\\\/secure.gravatar.com\\\/avatar\\\/78a7f90c01fc2bfc875782a0d4922b37cde2cf184ce347b91316d23cd7f69a36?s=96&d=mm&r=g\",\"url\":\"https:\\\/\\\/secure.gravatar.com\\\/avatar\\\/78a7f90c01fc2bfc875782a0d4922b37cde2cf184ce347b91316d23cd7f69a36?s=96&d=mm&r=g\",\"contentUrl\":\"https:\\\/\\\/secure.gravatar.com\\\/avatar\\\/78a7f90c01fc2bfc875782a0d4922b37cde2cf184ce347b91316d23cd7f69a36?s=96&d=mm&r=g\",\"caption\":\"galledia\"},\"sameAs\":[\"https:\\\/\\\/x.com\\\/admin\"],\"url\":\"https:\\\/\\\/www.organisator.ch\\\/en\\\/author\\\/galledia\\\/\"}]}<\/script>\n<!-- \/ Yoast SEO plugin. -->","yoast_head_json":{"title":"Notch &amp; Publicis Zurich develop new convenience hub for Migrolino - Organizer","description":"Migrolino renews its online presence: simple navigation, store finder and mobile-first design. Three websites under one roof.","robots":{"index":"index","follow":"follow","max-snippet":"max-snippet:-1","max-image-preview":"max-image-preview:large","max-video-preview":"max-video-preview:-1"},"canonical":"https:\/\/www.organisator.ch\/en\/marketing\/2022-08-17\/notch-publicis-zuerich-develops-new-convenience-hub-for-migrolino\/","og_locale":"en_US","og_type":"article","og_title":"Notch &amp; Publicis Z\u00fcrich entwickeln neuen Convenience Hub f\u00fcr Migrolino - Organisator","og_description":"Migrolino erneuert Online-Auftritt: Einfache Navigation, Shopfinder und mobile-first Design. Drei Websites unter einem Dach.","og_url":"https:\/\/www.organisator.ch\/en\/marketing\/2022-08-17\/notch-publicis-zuerich-develops-new-convenience-hub-for-migrolino\/","og_site_name":"Organisator","article_publisher":"https:\/\/www.facebook.com\/OrganisatorFachmagazin","article_published_time":"2022-08-17T13:28:43+00:00","article_modified_time":"2024-11-22T09:58:55+00:00","author":"galledia","twitter_card":"summary_large_image","twitter_creator":"@admin","schema":{"@context":"https:\/\/schema.org","@graph":[{"@type":"Article","@id":"https:\/\/www.organisator.ch\/marketing\/2022-08-17\/notch-publicis-zuerich-entwickeln-neuen-convenience-hub-fuer-migrolino\/#article","isPartOf":{"@id":"https:\/\/www.organisator.ch\/marketing\/2022-08-17\/notch-publicis-zuerich-entwickeln-neuen-convenience-hub-fuer-migrolino\/"},"author":{"name":"galledia","@id":"https:\/\/www.organisator.ch\/#\/schema\/person\/4e51799071cd2dd1232ac003643ef5f0"},"headline":"Notch &amp; Publicis Z\u00fcrich entwickeln neuen Convenience Hub f\u00fcr Migrolino","datePublished":"2022-08-17T13:28:43+00:00","dateModified":"2024-11-22T09:58:55+00:00","mainEntityOfPage":{"@id":"https:\/\/www.organisator.ch\/marketing\/2022-08-17\/notch-publicis-zuerich-entwickeln-neuen-convenience-hub-fuer-migrolino\/"},"wordCount":272,"publisher":{"@id":"https:\/\/www.organisator.ch\/#organization"},"image":{"@id":"https:\/\/www.organisator.ch\/marketing\/2022-08-17\/notch-publicis-zuerich-entwickeln-neuen-convenience-hub-fuer-migrolino\/#primaryimage"},"thumbnailUrl":"https:\/\/www.werbewoche.ch\/wp-content\/uploads\/2022\/08\/Notch_x_migrolino_Medienmitteilung_220815_Anlage.jpg","keywords":["Migrolino","Notch Interactive","Publicis"],"articleSection":["MARKETING"],"inLanguage":"en-US"},{"@type":"WebPage","@id":"https:\/\/www.organisator.ch\/marketing\/2022-08-17\/notch-publicis-zuerich-entwickeln-neuen-convenience-hub-fuer-migrolino\/","url":"https:\/\/www.organisator.ch\/marketing\/2022-08-17\/notch-publicis-zuerich-entwickeln-neuen-convenience-hub-fuer-migrolino\/","name":"Notch &amp; Publicis Zurich develop new convenience hub for Migrolino - Organizer","isPartOf":{"@id":"https:\/\/www.organisator.ch\/#website"},"primaryImageOfPage":{"@id":"https:\/\/www.organisator.ch\/marketing\/2022-08-17\/notch-publicis-zuerich-entwickeln-neuen-convenience-hub-fuer-migrolino\/#primaryimage"},"image":{"@id":"https:\/\/www.organisator.ch\/marketing\/2022-08-17\/notch-publicis-zuerich-entwickeln-neuen-convenience-hub-fuer-migrolino\/#primaryimage"},"thumbnailUrl":"https:\/\/www.werbewoche.ch\/wp-content\/uploads\/2022\/08\/Notch_x_migrolino_Medienmitteilung_220815_Anlage.jpg","datePublished":"2022-08-17T13:28:43+00:00","dateModified":"2024-11-22T09:58:55+00:00","description":"Migrolino renews its online presence: simple navigation, store finder and mobile-first design. Three websites under one roof.","breadcrumb":{"@id":"https:\/\/www.organisator.ch\/marketing\/2022-08-17\/notch-publicis-zuerich-entwickeln-neuen-convenience-hub-fuer-migrolino\/#breadcrumb"},"inLanguage":"en-US","potentialAction":[{"@type":"ReadAction","target":["https:\/\/www.organisator.ch\/marketing\/2022-08-17\/notch-publicis-zuerich-entwickeln-neuen-convenience-hub-fuer-migrolino\/"]}]},{"@type":"ImageObject","inLanguage":"en-US","@id":"https:\/\/www.organisator.ch\/marketing\/2022-08-17\/notch-publicis-zuerich-entwickeln-neuen-convenience-hub-fuer-migrolino\/#primaryimage","url":"https:\/\/www.werbewoche.ch\/wp-content\/uploads\/2022\/08\/Notch_x_migrolino_Medienmitteilung_220815_Anlage.jpg","contentUrl":"https:\/\/www.werbewoche.ch\/wp-content\/uploads\/2022\/08\/Notch_x_migrolino_Medienmitteilung_220815_Anlage.jpg"},{"@type":"BreadcrumbList","@id":"https:\/\/www.organisator.ch\/marketing\/2022-08-17\/notch-publicis-zuerich-entwickeln-neuen-convenience-hub-fuer-migrolino\/#breadcrumb","itemListElement":[{"@type":"ListItem","position":1,"name":"Home","item":"https:\/\/www.organisator.ch\/"},{"@type":"ListItem","position":2,"name":"Notch &amp; Publicis Z\u00fcrich entwickeln neuen Convenience Hub f\u00fcr Migrolino"}]},{"@type":"WebSite","@id":"https:\/\/www.organisator.ch\/#website","url":"https:\/\/www.organisator.ch\/","name":"Organizer","description":"Competent. Practical. In 10 issues per year, ORGANISATOR presents the essential topics for managers of SMEs.","publisher":{"@id":"https:\/\/www.organisator.ch\/#organization"},"potentialAction":[{"@type":"SearchAction","target":{"@type":"EntryPoint","urlTemplate":"https:\/\/www.organisator.ch\/?s={search_term_string}"},"query-input":{"@type":"PropertyValueSpecification","valueRequired":true,"valueName":"search_term_string"}}],"inLanguage":"en-US"},{"@type":"Organization","@id":"https:\/\/www.organisator.ch\/#organization","name":"Organizer","url":"https:\/\/www.organisator.ch\/","logo":{"@type":"ImageObject","inLanguage":"en-US","@id":"https:\/\/www.organisator.ch\/#\/schema\/logo\/image\/","url":"https:\/\/www.organisator.ch\/wp-content\/uploads\/2022\/01\/Logo_Organisator_Website.png","contentUrl":"https:\/\/www.organisator.ch\/wp-content\/uploads\/2022\/01\/Logo_Organisator_Website.png","width":800,"height":77,"caption":"Organisator"},"image":{"@id":"https:\/\/www.organisator.ch\/#\/schema\/logo\/image\/"},"sameAs":["https:\/\/www.facebook.com\/OrganisatorFachmagazin","https:\/\/www.linkedin.com\/showcase\/organisator-das-magazin-fr-kmu","https:\/\/www.xing.com\/news\/pages\/organisator-ch-695","https:\/\/www.youtube.com\/channel\/UCGP2Sq0iWaZwT3BdIAQFYpw"]},{"@type":"Person","@id":"https:\/\/www.organisator.ch\/#\/schema\/person\/4e51799071cd2dd1232ac003643ef5f0","name":"galledia","image":{"@type":"ImageObject","inLanguage":"en-US","@id":"https:\/\/secure.gravatar.com\/avatar\/78a7f90c01fc2bfc875782a0d4922b37cde2cf184ce347b91316d23cd7f69a36?s=96&d=mm&r=g","url":"https:\/\/secure.gravatar.com\/avatar\/78a7f90c01fc2bfc875782a0d4922b37cde2cf184ce347b91316d23cd7f69a36?s=96&d=mm&r=g","contentUrl":"https:\/\/secure.gravatar.com\/avatar\/78a7f90c01fc2bfc875782a0d4922b37cde2cf184ce347b91316d23cd7f69a36?s=96&d=mm&r=g","caption":"galledia"},"sameAs":["https:\/\/x.com\/admin"],"url":"https:\/\/www.organisator.ch\/en\/author\/galledia\/"}]}},"_links":{"self":[{"href":"https:\/\/www.organisator.ch\/en\/wp-json\/wp\/v2\/posts\/16585","targetHints":{"allow":["GET"]}}],"collection":[{"href":"https:\/\/www.organisator.ch\/en\/wp-json\/wp\/v2\/posts"}],"about":[{"href":"https:\/\/www.organisator.ch\/en\/wp-json\/wp\/v2\/types\/post"}],"author":[{"embeddable":true,"href":"https:\/\/www.organisator.ch\/en\/wp-json\/wp\/v2\/users\/8"}],"replies":[{"embeddable":true,"href":"https:\/\/www.organisator.ch\/en\/wp-json\/wp\/v2\/comments?post=16585"}],"version-history":[{"count":2,"href":"https:\/\/www.organisator.ch\/en\/wp-json\/wp\/v2\/posts\/16585\/revisions"}],"predecessor-version":[{"id":33893,"href":"https:\/\/www.organisator.ch\/en\/wp-json\/wp\/v2\/posts\/16585\/revisions\/33893"}],"wp:attachment":[{"href":"https:\/\/www.organisator.ch\/en\/wp-json\/wp\/v2\/media?parent=16585"}],"wp:term":[{"taxonomy":"category","embeddable":true,"href":"https:\/\/www.organisator.ch\/en\/wp-json\/wp\/v2\/categories?post=16585"},{"taxonomy":"post_tag","embeddable":true,"href":"https:\/\/www.organisator.ch\/en\/wp-json\/wp\/v2\/tags?post=16585"}],"curies":[{"name":"wp","href":"https:\/\/api.w.org\/{rel}","templated":true}]}}