{"id":16593,"date":"2022-08-18T09:25:08","date_gmt":"2022-08-18T07:25:08","guid":{"rendered":"https:\/\/www.organisator.ch\/?p=16593"},"modified":"2022-08-18T09:25:08","modified_gmt":"2022-08-18T07:25:08","slug":"employer-middle-thurgau-ubernehmen-business-forum-patronat","status":"publish","type":"post","link":"https:\/\/www.organisator.ch\/en\/allgemein\/2022-08-18\/arbeitgeber-mittelthurgau-uebernimmt-wirtschaftsforum-patronat\/","title":{"rendered":"Employer Mittelthurgau takes over business forum patronage"},"content":{"rendered":"<figure id=\"attachment_16594\" aria-describedby=\"caption-attachment-16594\" style=\"width: 680px\" class=\"wp-caption alignnone\"><img loading=\"lazy\" decoding=\"async\" class=\"size-full wp-image-16594\" src=\"https:\/\/www.organisator.ch\/wp-content\/uploads\/2022\/08\/Arbeitgeber-Mittelthurgau-ubernimmt-Wirtschaftsforum-Patronat_Organisator.jpg\" alt=\"\" width=\"680\" height=\"496\" srcset=\"https:\/\/www.organisator.ch\/wp-content\/uploads\/2022\/08\/Arbeitgeber-Mittelthurgau-ubernimmt-Wirtschaftsforum-Patronat_Organisator.jpg 680w, https:\/\/www.organisator.ch\/wp-content\/uploads\/2022\/08\/Arbeitgeber-Mittelthurgau-ubernimmt-Wirtschaftsforum-Patronat_Organisator-16x12.jpg 16w, https:\/\/www.organisator.ch\/wp-content\/uploads\/2022\/08\/Arbeitgeber-Mittelthurgau-ubernimmt-Wirtschaftsforum-Patronat_Organisator-240x175.jpg 240w, https:\/\/www.organisator.ch\/wp-content\/uploads\/2022\/08\/Arbeitgeber-Mittelthurgau-ubernimmt-Wirtschaftsforum-Patronat_Organisator-480x350.jpg 480w, https:\/\/www.organisator.ch\/wp-content\/uploads\/2022\/08\/Arbeitgeber-Mittelthurgau-ubernimmt-Wirtschaftsforum-Patronat_Organisator-300x219.jpg 300w\" sizes=\"auto, (max-width: 680px) 100vw, 680px\" \/><figcaption id=\"caption-attachment-16594\" class=\"wp-caption-text\">Dominik Hasler (left), President of Arbeitgeber Mittelthurgau, and Reinhard Frei, Head of WFT, have concluded the patronage agreement for the Thurgau Economic Forum. (Image: Thurgau Economic Forum)<\/figcaption><\/figure>\n<p>The Thurgau Economic Forum (WFT) has been one of the most important and largest business and political conferences in Thurgau for 25 years. With the new orientation after the anniversary event last year, the Thurgauer Kantonalbank could be won as a new main sponsor. And now the patronage has been filled again: The Association of Employers Central Thurgau has decided to support the WFT, which will be held in Weinfelden, as the business association of the district.<\/p>\n<h3><strong>Employers Mittelthurgau: Important business representation in Thurgau<\/strong><\/h3>\n<p>The association Arbeitgeber Mittelthurgau represents the economy in the center of the canton Thurgau and connects 144 companies of the district Weinfelden with about 7200 employees. The association focuses on improving the economic framework conditions in the region and the canton. It also expresses itself wherever the freedom of entrepreneurial action is affected. Arbeitgeber Mittelthurgau is also an important contact for the public sector, namely the municipal authorities. The association was formed in 2014 from the merger of the Bischofszell Trade and Industry Association and the Mittelthurgau Employers' Association.<\/p>\n<h3><strong>Same goals as the WFT<\/strong><\/h3>\n<p>The protection of interests, in particular the improvement of the economic and political framework conditions in the canton, orientation on current topics in politics and business, promotion of the exchange of experience and network cultivation are - among other goals - in the foreground of Arbeitgeber Mittelthurgau. These are also the goals of the WFT, at which competent speakers always give lectures on current economic-political topics.<\/p>\n<h3><strong>WFT with Federal Councillor Maurer and Hans-Werner Sinn<\/strong><\/h3>\n<p>The 26th Thurgau Economic Forum will be attended by a member of the Swiss Federal Council: Ueli Maurer, Minister of Finance, is the first Federal Councilor to appear at the WFT. With the professors Hans-Werner Sinn, Monika B\u00fctler and the RAUSCH CEO, Sandra Banholzer, the WFT has been able to engage further competent and prominent speakers. They will provide valuable impulses to the participants on the topic of \"Finance &amp; Global Economy in the Context of Crises\".<\/p>\n<p><em>Applications and further information: <a href=\"http:\/\/www.wft.ch\">www.wft.ch<\/a><\/em><\/p>","protected":false},"excerpt":{"rendered":"<p>Das Wirtschaftsforum Thurgau (WFT) ist seit 25 Jahren eine der bedeutendsten und gr\u00f6ssten Wirtschafts- und Polit-Tagungen im Thurgau. Mit der Neuausrichtung nach dem Jubil\u00e4ums-Event im vergangenen Jahr konnte die Thurgauer Kantonalbank als neuen Hauptsponsor gewonnen werden. Und nun ist auch das Patronat wieder besetzt worden: Der Verband Arbeitgeber Mittelthurgau hat sich entschlossen, als Wirtschaftsverband des [&hellip;]<\/p>\n","protected":false},"author":4,"featured_media":16594,"comment_status":"closed","ping_status":"closed","sticky":false,"template":"","format":"standard","meta":{"_acf_changed":false,"_yoast_wpseo_focuskw":"Arbeitgeber Mittelthurgau","_yoast_wpseo_metadesc":"Der Verband Arbeitgeber Mittelthurgau wird in Zukunft das Patronat des Wirtschaftsforum Thurgau \u00fcbernehmen.","articlekey":"","footnotes":""},"categories":[1],"tags":[502,503],"class_list":["post-16593","post","type-post","status-publish","format-standard","has-post-thumbnail","hentry","category-allgemein","tag-veranstaltungen","tag-verbaende"],"acf":[],"yoast_head":"<!-- This site is optimized with the Yoast SEO plugin v27.5 - https:\/\/yoast.com\/product\/yoast-seo-wordpress\/ -->\n<title>Arbeitgeber Mittelthurgau \u00fcbernimmt Wirtschaftsforum-Patronat - Organisator<\/title>\n<meta name=\"description\" content=\"Der Verband Arbeitgeber Mittelthurgau wird in Zukunft das Patronat des Wirtschaftsforum Thurgau \u00fcbernehmen.\" \/>\n<meta name=\"robots\" content=\"index, follow, max-snippet:-1, max-image-preview:large, max-video-preview:-1\" \/>\n<link rel=\"canonical\" href=\"https:\/\/www.organisator.ch\/en\/general\/2022-08-18\/employer-middle-thurgau-ubernehmen-business-forum-patronat\/\" \/>\n<meta property=\"og:locale\" content=\"en_US\" \/>\n<meta property=\"og:type\" content=\"article\" \/>\n<meta property=\"og:title\" content=\"Arbeitgeber Mittelthurgau \u00fcbernimmt Wirtschaftsforum-Patronat\" \/>\n<meta property=\"og:description\" content=\"Der Verband Arbeitgeber Mittelthurgau wird in Zukunft das Patronat des Wirtschaftsforum Thurgau \u00fcbernehmen.\" \/>\n<meta property=\"og:url\" content=\"https:\/\/www.organisator.ch\/en\/general\/2022-08-18\/employer-middle-thurgau-ubernehmen-business-forum-patronat\/\" \/>\n<meta property=\"og:site_name\" content=\"Organisator\" \/>\n<meta property=\"article:publisher\" content=\"https:\/\/www.facebook.com\/OrganisatorFachmagazin\" \/>\n<meta property=\"article:published_time\" content=\"2022-08-18T07:25:08+00:00\" \/>\n<meta property=\"og:image\" content=\"https:\/\/www.organisator.ch\/wp-content\/uploads\/2022\/08\/Arbeitgeber-Mittelthurgau-ubernimmt-Wirtschaftsforum-Patronat_Organisator.jpg\" \/>\n\t<meta property=\"og:image:width\" content=\"680\" \/>\n\t<meta property=\"og:image:height\" content=\"496\" \/>\n\t<meta property=\"og:image:type\" content=\"image\/jpeg\" \/>\n<meta name=\"author\" content=\"thomas.berner\" \/>\n<meta name=\"twitter:card\" content=\"summary_large_image\" \/>\n<meta name=\"twitter:title\" content=\"Arbeitgeber #Mittelthurgau \u00fcbernimmt #Wirtschaftsforum-Patronat\" \/>\n<meta name=\"twitter:description\" content=\"Der Verband Arbeitgeber #Mittelthurgau wird in Zukunft das Patronat des #Wirtschaftsforum Thurgau \u00fcbernehmen.\" \/>\n<meta name=\"twitter:image\" content=\"https:\/\/www.organisator.ch\/wp-content\/uploads\/2022\/08\/Arbeitgeber-Mittelthurgau-ubernimmt-Wirtschaftsforum-Patronat_Organisator.jpg\" \/>\n<script type=\"application\/ld+json\" class=\"yoast-schema-graph\">{\"@context\":\"https:\\\/\\\/schema.org\",\"@graph\":[{\"@type\":\"Article\",\"@id\":\"https:\\\/\\\/www.organisator.ch\\\/it\\\/generale\\\/2022-08-18\\\/datore-di-lavoro-medio-turgovia-ubernehmen-business-forum-patronat\\\/#article\",\"isPartOf\":{\"@id\":\"https:\\\/\\\/www.organisator.ch\\\/it\\\/generale\\\/2022-08-18\\\/datore-di-lavoro-medio-turgovia-ubernehmen-business-forum-patronat\\\/\"},\"author\":{\"name\":\"thomas.berner\",\"@id\":\"https:\\\/\\\/www.organisator.ch\\\/#\\\/schema\\\/person\\\/6f650f90b2842cd4c0cc334b4e36f67e\"},\"headline\":\"Arbeitgeber Mittelthurgau \u00fcbernimmt Wirtschaftsforum-Patronat\",\"datePublished\":\"2022-08-18T07:25:08+00:00\",\"mainEntityOfPage\":{\"@id\":\"https:\\\/\\\/www.organisator.ch\\\/it\\\/generale\\\/2022-08-18\\\/datore-di-lavoro-medio-turgovia-ubernehmen-business-forum-patronat\\\/\"},\"wordCount\":331,\"publisher\":{\"@id\":\"https:\\\/\\\/www.organisator.ch\\\/#organization\"},\"image\":{\"@id\":\"https:\\\/\\\/www.organisator.ch\\\/it\\\/generale\\\/2022-08-18\\\/datore-di-lavoro-medio-turgovia-ubernehmen-business-forum-patronat\\\/#primaryimage\"},\"thumbnailUrl\":\"https:\\\/\\\/www.organisator.ch\\\/wp-content\\\/uploads\\\/2022\\\/08\\\/Arbeitgeber-Mittelthurgau-ubernimmt-Wirtschaftsforum-Patronat_Organisator.jpg\",\"keywords\":[\"Veranstaltungen\",\"Verb\u00e4nde\"],\"articleSection\":[\"Allgemein\"],\"inLanguage\":\"en-US\"},{\"@type\":\"WebPage\",\"@id\":\"https:\\\/\\\/www.organisator.ch\\\/it\\\/generale\\\/2022-08-18\\\/datore-di-lavoro-medio-turgovia-ubernehmen-business-forum-patronat\\\/\",\"url\":\"https:\\\/\\\/www.organisator.ch\\\/it\\\/generale\\\/2022-08-18\\\/datore-di-lavoro-medio-turgovia-ubernehmen-business-forum-patronat\\\/\",\"name\":\"Arbeitgeber Mittelthurgau \u00fcbernimmt Wirtschaftsforum-Patronat - Organisator\",\"isPartOf\":{\"@id\":\"https:\\\/\\\/www.organisator.ch\\\/#website\"},\"primaryImageOfPage\":{\"@id\":\"https:\\\/\\\/www.organisator.ch\\\/it\\\/generale\\\/2022-08-18\\\/datore-di-lavoro-medio-turgovia-ubernehmen-business-forum-patronat\\\/#primaryimage\"},\"image\":{\"@id\":\"https:\\\/\\\/www.organisator.ch\\\/it\\\/generale\\\/2022-08-18\\\/datore-di-lavoro-medio-turgovia-ubernehmen-business-forum-patronat\\\/#primaryimage\"},\"thumbnailUrl\":\"https:\\\/\\\/www.organisator.ch\\\/wp-content\\\/uploads\\\/2022\\\/08\\\/Arbeitgeber-Mittelthurgau-ubernimmt-Wirtschaftsforum-Patronat_Organisator.jpg\",\"datePublished\":\"2022-08-18T07:25:08+00:00\",\"description\":\"Der Verband Arbeitgeber Mittelthurgau wird in Zukunft das Patronat des Wirtschaftsforum Thurgau \u00fcbernehmen.\",\"breadcrumb\":{\"@id\":\"https:\\\/\\\/www.organisator.ch\\\/it\\\/generale\\\/2022-08-18\\\/datore-di-lavoro-medio-turgovia-ubernehmen-business-forum-patronat\\\/#breadcrumb\"},\"inLanguage\":\"en-US\",\"potentialAction\":[{\"@type\":\"ReadAction\",\"target\":[\"https:\\\/\\\/www.organisator.ch\\\/it\\\/generale\\\/2022-08-18\\\/datore-di-lavoro-medio-turgovia-ubernehmen-business-forum-patronat\\\/\"]}]},{\"@type\":\"ImageObject\",\"inLanguage\":\"en-US\",\"@id\":\"https:\\\/\\\/www.organisator.ch\\\/it\\\/generale\\\/2022-08-18\\\/datore-di-lavoro-medio-turgovia-ubernehmen-business-forum-patronat\\\/#primaryimage\",\"url\":\"https:\\\/\\\/www.organisator.ch\\\/wp-content\\\/uploads\\\/2022\\\/08\\\/Arbeitgeber-Mittelthurgau-ubernimmt-Wirtschaftsforum-Patronat_Organisator.jpg\",\"contentUrl\":\"https:\\\/\\\/www.organisator.ch\\\/wp-content\\\/uploads\\\/2022\\\/08\\\/Arbeitgeber-Mittelthurgau-ubernimmt-Wirtschaftsforum-Patronat_Organisator.jpg\",\"width\":680,\"height\":496,\"caption\":\"Dominik Hasler (links), Pr\u00e4sident Arbeitgeber Mittelthurgau, und Reinhard Frei, Leiter WFT, haben die Patronats-Vereinbarung f\u00fcr das Wirtschaftsforum Thurgau abgeschlossen. (Bild: Wirtschaftsforum Thurgau)\"},{\"@type\":\"BreadcrumbList\",\"@id\":\"https:\\\/\\\/www.organisator.ch\\\/it\\\/generale\\\/2022-08-18\\\/datore-di-lavoro-medio-turgovia-ubernehmen-business-forum-patronat\\\/#breadcrumb\",\"itemListElement\":[{\"@type\":\"ListItem\",\"position\":1,\"name\":\"Home\",\"item\":\"https:\\\/\\\/www.organisator.ch\\\/\"},{\"@type\":\"ListItem\",\"position\":2,\"name\":\"Arbeitgeber Mittelthurgau \u00fcbernimmt Wirtschaftsforum-Patronat\"}]},{\"@type\":\"WebSite\",\"@id\":\"https:\\\/\\\/www.organisator.ch\\\/#website\",\"url\":\"https:\\\/\\\/www.organisator.ch\\\/\",\"name\":\"Organisator\",\"description\":\"Kompetent. Praxisnah. Der ORGANISATOR bereitet in 10 Ausgaben pro Jahr die wesentlichen Themen f\u00fcr F\u00fchrungskr\u00e4fte von KMU auf.\",\"publisher\":{\"@id\":\"https:\\\/\\\/www.organisator.ch\\\/#organization\"},\"potentialAction\":[{\"@type\":\"SearchAction\",\"target\":{\"@type\":\"EntryPoint\",\"urlTemplate\":\"https:\\\/\\\/www.organisator.ch\\\/?s={search_term_string}\"},\"query-input\":{\"@type\":\"PropertyValueSpecification\",\"valueRequired\":true,\"valueName\":\"search_term_string\"}}],\"inLanguage\":\"en-US\"},{\"@type\":\"Organization\",\"@id\":\"https:\\\/\\\/www.organisator.ch\\\/#organization\",\"name\":\"Organisator\",\"url\":\"https:\\\/\\\/www.organisator.ch\\\/\",\"logo\":{\"@type\":\"ImageObject\",\"inLanguage\":\"en-US\",\"@id\":\"https:\\\/\\\/www.organisator.ch\\\/#\\\/schema\\\/logo\\\/image\\\/\",\"url\":\"https:\\\/\\\/www.organisator.ch\\\/wp-content\\\/uploads\\\/2022\\\/01\\\/Logo_Organisator_Website.png\",\"contentUrl\":\"https:\\\/\\\/www.organisator.ch\\\/wp-content\\\/uploads\\\/2022\\\/01\\\/Logo_Organisator_Website.png\",\"width\":800,\"height\":77,\"caption\":\"Organisator\"},\"image\":{\"@id\":\"https:\\\/\\\/www.organisator.ch\\\/#\\\/schema\\\/logo\\\/image\\\/\"},\"sameAs\":[\"https:\\\/\\\/www.facebook.com\\\/OrganisatorFachmagazin\",\"https:\\\/\\\/www.linkedin.com\\\/showcase\\\/organisator-das-magazin-fr-kmu\",\"https:\\\/\\\/www.xing.com\\\/news\\\/pages\\\/organisator-ch-695\",\"https:\\\/\\\/www.youtube.com\\\/channel\\\/UCGP2Sq0iWaZwT3BdIAQFYpw\"]},{\"@type\":\"Person\",\"@id\":\"https:\\\/\\\/www.organisator.ch\\\/#\\\/schema\\\/person\\\/6f650f90b2842cd4c0cc334b4e36f67e\",\"name\":\"thomas.berner\",\"image\":{\"@type\":\"ImageObject\",\"inLanguage\":\"en-US\",\"@id\":\"https:\\\/\\\/secure.gravatar.com\\\/avatar\\\/ac5001d2a36cb6c6cd3e50789007ffca834b477b74a2144564522e944eabff61?s=96&d=mm&r=g\",\"url\":\"https:\\\/\\\/secure.gravatar.com\\\/avatar\\\/ac5001d2a36cb6c6cd3e50789007ffca834b477b74a2144564522e944eabff61?s=96&d=mm&r=g\",\"contentUrl\":\"https:\\\/\\\/secure.gravatar.com\\\/avatar\\\/ac5001d2a36cb6c6cd3e50789007ffca834b477b74a2144564522e944eabff61?s=96&d=mm&r=g\",\"caption\":\"thomas.berner\"},\"url\":\"https:\\\/\\\/www.organisator.ch\\\/en\\\/author\\\/thomas-berner\\\/\"}]}<\/script>\n<!-- \/ Yoast SEO plugin. -->","yoast_head_json":{"title":"Employers Mittelthurgau takes over business forum patronage - Organizer","description":"The Association of Employers Central Thurgau will take over the patronage of the Economic Forum Thurgau in the future.","robots":{"index":"index","follow":"follow","max-snippet":"max-snippet:-1","max-image-preview":"max-image-preview:large","max-video-preview":"max-video-preview:-1"},"canonical":"https:\/\/www.organisator.ch\/en\/general\/2022-08-18\/employer-middle-thurgau-ubernehmen-business-forum-patronat\/","og_locale":"en_US","og_type":"article","og_title":"Arbeitgeber Mittelthurgau \u00fcbernimmt Wirtschaftsforum-Patronat","og_description":"Der Verband Arbeitgeber Mittelthurgau wird in Zukunft das Patronat des Wirtschaftsforum Thurgau \u00fcbernehmen.","og_url":"https:\/\/www.organisator.ch\/en\/general\/2022-08-18\/employer-middle-thurgau-ubernehmen-business-forum-patronat\/","og_site_name":"Organisator","article_publisher":"https:\/\/www.facebook.com\/OrganisatorFachmagazin","article_published_time":"2022-08-18T07:25:08+00:00","og_image":[{"width":680,"height":496,"url":"https:\/\/www.organisator.ch\/wp-content\/uploads\/2022\/08\/Arbeitgeber-Mittelthurgau-ubernimmt-Wirtschaftsforum-Patronat_Organisator.jpg","type":"image\/jpeg"}],"author":"thomas.berner","twitter_card":"summary_large_image","twitter_title":"Arbeitgeber #Mittelthurgau \u00fcbernimmt #Wirtschaftsforum-Patronat","twitter_description":"Der Verband Arbeitgeber #Mittelthurgau wird in Zukunft das Patronat des #Wirtschaftsforum Thurgau \u00fcbernehmen.","twitter_image":"https:\/\/www.organisator.ch\/wp-content\/uploads\/2022\/08\/Arbeitgeber-Mittelthurgau-ubernimmt-Wirtschaftsforum-Patronat_Organisator.jpg","schema":{"@context":"https:\/\/schema.org","@graph":[{"@type":"Article","@id":"https:\/\/www.organisator.ch\/it\/generale\/2022-08-18\/datore-di-lavoro-medio-turgovia-ubernehmen-business-forum-patronat\/#article","isPartOf":{"@id":"https:\/\/www.organisator.ch\/it\/generale\/2022-08-18\/datore-di-lavoro-medio-turgovia-ubernehmen-business-forum-patronat\/"},"author":{"name":"thomas.berner","@id":"https:\/\/www.organisator.ch\/#\/schema\/person\/6f650f90b2842cd4c0cc334b4e36f67e"},"headline":"Arbeitgeber Mittelthurgau \u00fcbernimmt Wirtschaftsforum-Patronat","datePublished":"2022-08-18T07:25:08+00:00","mainEntityOfPage":{"@id":"https:\/\/www.organisator.ch\/it\/generale\/2022-08-18\/datore-di-lavoro-medio-turgovia-ubernehmen-business-forum-patronat\/"},"wordCount":331,"publisher":{"@id":"https:\/\/www.organisator.ch\/#organization"},"image":{"@id":"https:\/\/www.organisator.ch\/it\/generale\/2022-08-18\/datore-di-lavoro-medio-turgovia-ubernehmen-business-forum-patronat\/#primaryimage"},"thumbnailUrl":"https:\/\/www.organisator.ch\/wp-content\/uploads\/2022\/08\/Arbeitgeber-Mittelthurgau-ubernimmt-Wirtschaftsforum-Patronat_Organisator.jpg","keywords":["Veranstaltungen","Verb\u00e4nde"],"articleSection":["Allgemein"],"inLanguage":"en-US"},{"@type":"WebPage","@id":"https:\/\/www.organisator.ch\/it\/generale\/2022-08-18\/datore-di-lavoro-medio-turgovia-ubernehmen-business-forum-patronat\/","url":"https:\/\/www.organisator.ch\/it\/generale\/2022-08-18\/datore-di-lavoro-medio-turgovia-ubernehmen-business-forum-patronat\/","name":"Employers Mittelthurgau takes over business forum patronage - Organizer","isPartOf":{"@id":"https:\/\/www.organisator.ch\/#website"},"primaryImageOfPage":{"@id":"https:\/\/www.organisator.ch\/it\/generale\/2022-08-18\/datore-di-lavoro-medio-turgovia-ubernehmen-business-forum-patronat\/#primaryimage"},"image":{"@id":"https:\/\/www.organisator.ch\/it\/generale\/2022-08-18\/datore-di-lavoro-medio-turgovia-ubernehmen-business-forum-patronat\/#primaryimage"},"thumbnailUrl":"https:\/\/www.organisator.ch\/wp-content\/uploads\/2022\/08\/Arbeitgeber-Mittelthurgau-ubernimmt-Wirtschaftsforum-Patronat_Organisator.jpg","datePublished":"2022-08-18T07:25:08+00:00","description":"The Association of Employers Central Thurgau will take over the patronage of the Economic Forum Thurgau in the future.","breadcrumb":{"@id":"https:\/\/www.organisator.ch\/it\/generale\/2022-08-18\/datore-di-lavoro-medio-turgovia-ubernehmen-business-forum-patronat\/#breadcrumb"},"inLanguage":"en-US","potentialAction":[{"@type":"ReadAction","target":["https:\/\/www.organisator.ch\/it\/generale\/2022-08-18\/datore-di-lavoro-medio-turgovia-ubernehmen-business-forum-patronat\/"]}]},{"@type":"ImageObject","inLanguage":"en-US","@id":"https:\/\/www.organisator.ch\/it\/generale\/2022-08-18\/datore-di-lavoro-medio-turgovia-ubernehmen-business-forum-patronat\/#primaryimage","url":"https:\/\/www.organisator.ch\/wp-content\/uploads\/2022\/08\/Arbeitgeber-Mittelthurgau-ubernimmt-Wirtschaftsforum-Patronat_Organisator.jpg","contentUrl":"https:\/\/www.organisator.ch\/wp-content\/uploads\/2022\/08\/Arbeitgeber-Mittelthurgau-ubernimmt-Wirtschaftsforum-Patronat_Organisator.jpg","width":680,"height":496,"caption":"Dominik Hasler (links), Pr\u00e4sident Arbeitgeber Mittelthurgau, und Reinhard Frei, Leiter WFT, haben die Patronats-Vereinbarung f\u00fcr das Wirtschaftsforum Thurgau abgeschlossen. (Bild: Wirtschaftsforum Thurgau)"},{"@type":"BreadcrumbList","@id":"https:\/\/www.organisator.ch\/it\/generale\/2022-08-18\/datore-di-lavoro-medio-turgovia-ubernehmen-business-forum-patronat\/#breadcrumb","itemListElement":[{"@type":"ListItem","position":1,"name":"Home","item":"https:\/\/www.organisator.ch\/"},{"@type":"ListItem","position":2,"name":"Arbeitgeber Mittelthurgau \u00fcbernimmt Wirtschaftsforum-Patronat"}]},{"@type":"WebSite","@id":"https:\/\/www.organisator.ch\/#website","url":"https:\/\/www.organisator.ch\/","name":"Organizer","description":"Competent. Practical. In 10 issues per year, ORGANISATOR presents the essential topics for managers of SMEs.","publisher":{"@id":"https:\/\/www.organisator.ch\/#organization"},"potentialAction":[{"@type":"SearchAction","target":{"@type":"EntryPoint","urlTemplate":"https:\/\/www.organisator.ch\/?s={search_term_string}"},"query-input":{"@type":"PropertyValueSpecification","valueRequired":true,"valueName":"search_term_string"}}],"inLanguage":"en-US"},{"@type":"Organization","@id":"https:\/\/www.organisator.ch\/#organization","name":"Organizer","url":"https:\/\/www.organisator.ch\/","logo":{"@type":"ImageObject","inLanguage":"en-US","@id":"https:\/\/www.organisator.ch\/#\/schema\/logo\/image\/","url":"https:\/\/www.organisator.ch\/wp-content\/uploads\/2022\/01\/Logo_Organisator_Website.png","contentUrl":"https:\/\/www.organisator.ch\/wp-content\/uploads\/2022\/01\/Logo_Organisator_Website.png","width":800,"height":77,"caption":"Organisator"},"image":{"@id":"https:\/\/www.organisator.ch\/#\/schema\/logo\/image\/"},"sameAs":["https:\/\/www.facebook.com\/OrganisatorFachmagazin","https:\/\/www.linkedin.com\/showcase\/organisator-das-magazin-fr-kmu","https:\/\/www.xing.com\/news\/pages\/organisator-ch-695","https:\/\/www.youtube.com\/channel\/UCGP2Sq0iWaZwT3BdIAQFYpw"]},{"@type":"Person","@id":"https:\/\/www.organisator.ch\/#\/schema\/person\/6f650f90b2842cd4c0cc334b4e36f67e","name":"thomas.berner","image":{"@type":"ImageObject","inLanguage":"en-US","@id":"https:\/\/secure.gravatar.com\/avatar\/ac5001d2a36cb6c6cd3e50789007ffca834b477b74a2144564522e944eabff61?s=96&d=mm&r=g","url":"https:\/\/secure.gravatar.com\/avatar\/ac5001d2a36cb6c6cd3e50789007ffca834b477b74a2144564522e944eabff61?s=96&d=mm&r=g","contentUrl":"https:\/\/secure.gravatar.com\/avatar\/ac5001d2a36cb6c6cd3e50789007ffca834b477b74a2144564522e944eabff61?s=96&d=mm&r=g","caption":"thomas.berner"},"url":"https:\/\/www.organisator.ch\/en\/author\/thomas-berner\/"}]}},"_links":{"self":[{"href":"https:\/\/www.organisator.ch\/en\/wp-json\/wp\/v2\/posts\/16593","targetHints":{"allow":["GET"]}}],"collection":[{"href":"https:\/\/www.organisator.ch\/en\/wp-json\/wp\/v2\/posts"}],"about":[{"href":"https:\/\/www.organisator.ch\/en\/wp-json\/wp\/v2\/types\/post"}],"author":[{"embeddable":true,"href":"https:\/\/www.organisator.ch\/en\/wp-json\/wp\/v2\/users\/4"}],"replies":[{"embeddable":true,"href":"https:\/\/www.organisator.ch\/en\/wp-json\/wp\/v2\/comments?post=16593"}],"version-history":[{"count":1,"href":"https:\/\/www.organisator.ch\/en\/wp-json\/wp\/v2\/posts\/16593\/revisions"}],"predecessor-version":[{"id":16595,"href":"https:\/\/www.organisator.ch\/en\/wp-json\/wp\/v2\/posts\/16593\/revisions\/16595"}],"wp:featuredmedia":[{"embeddable":true,"href":"https:\/\/www.organisator.ch\/en\/wp-json\/wp\/v2\/media\/16594"}],"wp:attachment":[{"href":"https:\/\/www.organisator.ch\/en\/wp-json\/wp\/v2\/media?parent=16593"}],"wp:term":[{"taxonomy":"category","embeddable":true,"href":"https:\/\/www.organisator.ch\/en\/wp-json\/wp\/v2\/categories?post=16593"},{"taxonomy":"post_tag","embeddable":true,"href":"https:\/\/www.organisator.ch\/en\/wp-json\/wp\/v2\/tags?post=16593"}],"curies":[{"name":"wp","href":"https:\/\/api.w.org\/{rel}","templated":true}]}}