{"id":16662,"date":"2022-08-23T10:58:52","date_gmt":"2022-08-23T08:58:52","guid":{"rendered":"https:\/\/www.werbewoche.ch\/?p=184758"},"modified":"2024-11-22T10:57:45","modified_gmt":"2024-11-22T09:57:45","slug":"fs-parker-fresh-the-brand-pro-juventute-at","status":"publish","type":"post","link":"https:\/\/www.organisator.ch\/en\/marketing\/2022-08-23\/fs-parker-frischt-die-marke-pro-juventute-auf\/","title":{"rendered":"FS Parker refreshes the Pro Juventute brand"},"content":{"rendered":"<p><img class=\"alignnone wp-image-184763 size-full\" src=\"https:\/\/www.werbewoche.ch\/wp-content\/uploads\/2022\/08\/Pro_Juventute_1.jpg\" alt=\"Pro Juventute \" width=\"1200\" height=\"800\" \/><\/p>\r\n<p>Sales is the lifeblood for many companies. But what is the key to winning a lead? The effect is achieved through the skilful interplay of various elements such as the product itself and the presentation to potential investors or customers.<\/p>\r\n<p>FS Parker advised Pro Juventute on the creation of the new appearance of the partnership presentation and gave the communication materials a brand refresh. The foundation uses these materials to introduce itself to potential partners. Because of its many uses, the pitch deck must function both as a presentation document in face-to-face meetings and as a stand-alone document for digital distribution.<\/p>\r\n<p>\"The previous deck contained all the important information, but was very neutral and factual, and an ordinary PowerPoint presentation packed with bullet points and little emotional text,\" explains Hannes Sigrist-Thompson, executive creative director at FS Parker. \"As is our aspiration, we challenged the existing structure and then reorganized the content to be able to tell a story. As a result, the presentation has a clear message and helps the recipient absorb the key points. In addition, we added color-based chapter organization and new icons that simplify understanding.\"<\/p>\r\n<p><\/p>\r\n<p><img class=\"alignnone size-full wp-image-184759\" src=\"https:\/\/www.werbewoche.ch\/wp-content\/uploads\/2022\/08\/Pro_Juventute_2.jpg\" alt=\"Pro Juventute\" width=\"1200\" height=\"744\" \/> <img class=\"alignnone size-full wp-image-184760\" src=\"https:\/\/www.werbewoche.ch\/wp-content\/uploads\/2022\/08\/Pro_Juventute_3.jpg\" alt=\"Pro Juventute\" width=\"1200\" height=\"803\" \/> <img class=\"alignnone size-full wp-image-184761\" src=\"https:\/\/www.werbewoche.ch\/wp-content\/uploads\/2022\/08\/Pro_Juventute_4.jpg\" alt=\"Pro Juventute\" width=\"1200\" height=\"854\" \/> <img class=\"alignnone size-full wp-image-184762\" src=\"https:\/\/www.werbewoche.ch\/wp-content\/uploads\/2022\/08\/Pro_Juventute_5.jpg\" alt=\"Pro Juventute\" width=\"1200\" height=\"953\" \/><\/p>\r\n<hr \/>\r\n<p><strong>V<\/strong><strong>eresponsible<\/strong> <strong>at<\/strong> <strong>FS Parker<\/strong>: Hannes Sigrist-Thompson (Executive Creative Director), Michaela Aerne (Project Management and Consulting), Marvin Osenda and Bettina Schlichter (Graphic Design), Mascha Schweizer (Junior Graphic Design).<\/p>","protected":false},"excerpt":{"rendered":"<p>Sales ist f\u00fcr viele Unternehmen das Lebenselixier. Aber was ist der Schl\u00fcssel, um einen Lead ins Trockene zu bringen? Wirkung erzielt das gekonnte Zusammenspiel diverser Elemente wie das Produkt selbst und der Auftritt vor potenziellen Investoren oder Kunden. FS Parker stand Pro Juventute in der Erstellung des neuen Auftritts der Partnership-Pr\u00e4sentation beratend zur Seite und [\u2026]<\/p>\n","protected":false},"author":8,"featured_media":0,"comment_status":"closed","ping_status":"closed","sticky":false,"template":"","format":"standard","meta":{"_acf_changed":false,"_yoast_wpseo_focuskw":"Pro Juventute","_yoast_wpseo_metadesc":"Pro Juventute Pitch-Deck: Frischer Auftritt dank FS Parker. Effektive Kommunikationsmaterialien f\u00fcr Partnerpr\u00e4sentationen.","articlekey":"","footnotes":""},"categories":[29],"tags":[3338,3339],"class_list":["post-16662","post","type-post","status-publish","format-standard","hentry","category-marketing","tag-fs-parker","tag-pro-juventute"],"acf":[],"yoast_head":"<!-- This site is optimized with the Yoast SEO plugin v27.4 - https:\/\/yoast.com\/product\/yoast-seo-wordpress\/ -->\n<title>FS Parker frischt die Marke Pro Juventute auf - Organisator<\/title>\n<meta name=\"description\" content=\"Pro Juventute Pitch-Deck: Frischer Auftritt dank FS Parker. Effektive Kommunikationsmaterialien f\u00fcr Partnerpr\u00e4sentationen.\" \/>\n<meta name=\"robots\" content=\"index, follow, max-snippet:-1, max-image-preview:large, max-video-preview:-1\" \/>\n<link rel=\"canonical\" href=\"https:\/\/www.organisator.ch\/en\/marketing\/2022-08-23\/fs-parker-fresh-the-brand-pro-juventute-at\/\" \/>\n<meta property=\"og:locale\" content=\"en_US\" \/>\n<meta property=\"og:type\" content=\"article\" \/>\n<meta property=\"og:title\" content=\"FS Parker frischt die Marke Pro Juventute auf - Organisator\" \/>\n<meta property=\"og:description\" content=\"Pro Juventute Pitch-Deck: Frischer Auftritt dank FS Parker. Effektive Kommunikationsmaterialien f\u00fcr Partnerpr\u00e4sentationen.\" \/>\n<meta property=\"og:url\" content=\"https:\/\/www.organisator.ch\/en\/marketing\/2022-08-23\/fs-parker-fresh-the-brand-pro-juventute-at\/\" \/>\n<meta property=\"og:site_name\" content=\"Organisator\" \/>\n<meta property=\"article:publisher\" content=\"https:\/\/www.facebook.com\/OrganisatorFachmagazin\" \/>\n<meta property=\"article:published_time\" content=\"2022-08-23T08:58:52+00:00\" \/>\n<meta property=\"article:modified_time\" content=\"2024-11-22T09:57:45+00:00\" \/>\n<meta name=\"author\" content=\"galledia\" \/>\n<meta name=\"twitter:card\" content=\"summary_large_image\" \/>\n<meta name=\"twitter:creator\" content=\"@admin\" \/>\n<script type=\"application\/ld+json\" class=\"yoast-schema-graph\">{\"@context\":\"https:\\\/\\\/schema.org\",\"@graph\":[{\"@type\":\"Article\",\"@id\":\"https:\\\/\\\/www.organisator.ch\\\/marketing\\\/2022-08-23\\\/fs-parker-frischt-die-marke-pro-juventute-auf\\\/#article\",\"isPartOf\":{\"@id\":\"https:\\\/\\\/www.organisator.ch\\\/marketing\\\/2022-08-23\\\/fs-parker-frischt-die-marke-pro-juventute-auf\\\/\"},\"author\":{\"name\":\"galledia\",\"@id\":\"https:\\\/\\\/www.organisator.ch\\\/#\\\/schema\\\/person\\\/4e51799071cd2dd1232ac003643ef5f0\"},\"headline\":\"FS Parker frischt die Marke Pro Juventute auf\",\"datePublished\":\"2022-08-23T08:58:52+00:00\",\"dateModified\":\"2024-11-22T09:57:45+00:00\",\"mainEntityOfPage\":{\"@id\":\"https:\\\/\\\/www.organisator.ch\\\/marketing\\\/2022-08-23\\\/fs-parker-frischt-die-marke-pro-juventute-auf\\\/\"},\"wordCount\":243,\"publisher\":{\"@id\":\"https:\\\/\\\/www.organisator.ch\\\/#organization\"},\"image\":{\"@id\":\"https:\\\/\\\/www.organisator.ch\\\/marketing\\\/2022-08-23\\\/fs-parker-frischt-die-marke-pro-juventute-auf\\\/#primaryimage\"},\"thumbnailUrl\":\"https:\\\/\\\/www.werbewoche.ch\\\/wp-content\\\/uploads\\\/2022\\\/08\\\/Pro_Juventute_1.jpg\",\"keywords\":[\"FS Parker\",\"Pro Juventute\"],\"articleSection\":[\"MARKETING\"],\"inLanguage\":\"en-US\"},{\"@type\":\"WebPage\",\"@id\":\"https:\\\/\\\/www.organisator.ch\\\/marketing\\\/2022-08-23\\\/fs-parker-frischt-die-marke-pro-juventute-auf\\\/\",\"url\":\"https:\\\/\\\/www.organisator.ch\\\/marketing\\\/2022-08-23\\\/fs-parker-frischt-die-marke-pro-juventute-auf\\\/\",\"name\":\"FS Parker frischt die Marke Pro Juventute auf - Organisator\",\"isPartOf\":{\"@id\":\"https:\\\/\\\/www.organisator.ch\\\/#website\"},\"primaryImageOfPage\":{\"@id\":\"https:\\\/\\\/www.organisator.ch\\\/marketing\\\/2022-08-23\\\/fs-parker-frischt-die-marke-pro-juventute-auf\\\/#primaryimage\"},\"image\":{\"@id\":\"https:\\\/\\\/www.organisator.ch\\\/marketing\\\/2022-08-23\\\/fs-parker-frischt-die-marke-pro-juventute-auf\\\/#primaryimage\"},\"thumbnailUrl\":\"https:\\\/\\\/www.werbewoche.ch\\\/wp-content\\\/uploads\\\/2022\\\/08\\\/Pro_Juventute_1.jpg\",\"datePublished\":\"2022-08-23T08:58:52+00:00\",\"dateModified\":\"2024-11-22T09:57:45+00:00\",\"description\":\"Pro Juventute Pitch-Deck: Frischer Auftritt dank FS Parker. Effektive Kommunikationsmaterialien f\u00fcr Partnerpr\u00e4sentationen.\",\"breadcrumb\":{\"@id\":\"https:\\\/\\\/www.organisator.ch\\\/marketing\\\/2022-08-23\\\/fs-parker-frischt-die-marke-pro-juventute-auf\\\/#breadcrumb\"},\"inLanguage\":\"en-US\",\"potentialAction\":[{\"@type\":\"ReadAction\",\"target\":[\"https:\\\/\\\/www.organisator.ch\\\/marketing\\\/2022-08-23\\\/fs-parker-frischt-die-marke-pro-juventute-auf\\\/\"]}]},{\"@type\":\"ImageObject\",\"inLanguage\":\"en-US\",\"@id\":\"https:\\\/\\\/www.organisator.ch\\\/marketing\\\/2022-08-23\\\/fs-parker-frischt-die-marke-pro-juventute-auf\\\/#primaryimage\",\"url\":\"https:\\\/\\\/www.werbewoche.ch\\\/wp-content\\\/uploads\\\/2022\\\/08\\\/Pro_Juventute_1.jpg\",\"contentUrl\":\"https:\\\/\\\/www.werbewoche.ch\\\/wp-content\\\/uploads\\\/2022\\\/08\\\/Pro_Juventute_1.jpg\"},{\"@type\":\"BreadcrumbList\",\"@id\":\"https:\\\/\\\/www.organisator.ch\\\/marketing\\\/2022-08-23\\\/fs-parker-frischt-die-marke-pro-juventute-auf\\\/#breadcrumb\",\"itemListElement\":[{\"@type\":\"ListItem\",\"position\":1,\"name\":\"Home\",\"item\":\"https:\\\/\\\/www.organisator.ch\\\/\"},{\"@type\":\"ListItem\",\"position\":2,\"name\":\"FS Parker frischt die Marke Pro Juventute auf\"}]},{\"@type\":\"WebSite\",\"@id\":\"https:\\\/\\\/www.organisator.ch\\\/#website\",\"url\":\"https:\\\/\\\/www.organisator.ch\\\/\",\"name\":\"Organisator\",\"description\":\"Kompetent. Praxisnah. Der ORGANISATOR bereitet in 10 Ausgaben pro Jahr die wesentlichen Themen f\u00fcr F\u00fchrungskr\u00e4fte von KMU auf.\",\"publisher\":{\"@id\":\"https:\\\/\\\/www.organisator.ch\\\/#organization\"},\"potentialAction\":[{\"@type\":\"SearchAction\",\"target\":{\"@type\":\"EntryPoint\",\"urlTemplate\":\"https:\\\/\\\/www.organisator.ch\\\/?s={search_term_string}\"},\"query-input\":{\"@type\":\"PropertyValueSpecification\",\"valueRequired\":true,\"valueName\":\"search_term_string\"}}],\"inLanguage\":\"en-US\"},{\"@type\":\"Organization\",\"@id\":\"https:\\\/\\\/www.organisator.ch\\\/#organization\",\"name\":\"Organisator\",\"url\":\"https:\\\/\\\/www.organisator.ch\\\/\",\"logo\":{\"@type\":\"ImageObject\",\"inLanguage\":\"en-US\",\"@id\":\"https:\\\/\\\/www.organisator.ch\\\/#\\\/schema\\\/logo\\\/image\\\/\",\"url\":\"https:\\\/\\\/www.organisator.ch\\\/wp-content\\\/uploads\\\/2022\\\/01\\\/Logo_Organisator_Website.png\",\"contentUrl\":\"https:\\\/\\\/www.organisator.ch\\\/wp-content\\\/uploads\\\/2022\\\/01\\\/Logo_Organisator_Website.png\",\"width\":800,\"height\":77,\"caption\":\"Organisator\"},\"image\":{\"@id\":\"https:\\\/\\\/www.organisator.ch\\\/#\\\/schema\\\/logo\\\/image\\\/\"},\"sameAs\":[\"https:\\\/\\\/www.facebook.com\\\/OrganisatorFachmagazin\",\"https:\\\/\\\/www.linkedin.com\\\/showcase\\\/organisator-das-magazin-fr-kmu\",\"https:\\\/\\\/www.xing.com\\\/news\\\/pages\\\/organisator-ch-695\",\"https:\\\/\\\/www.youtube.com\\\/channel\\\/UCGP2Sq0iWaZwT3BdIAQFYpw\"]},{\"@type\":\"Person\",\"@id\":\"https:\\\/\\\/www.organisator.ch\\\/#\\\/schema\\\/person\\\/4e51799071cd2dd1232ac003643ef5f0\",\"name\":\"galledia\",\"image\":{\"@type\":\"ImageObject\",\"inLanguage\":\"en-US\",\"@id\":\"https:\\\/\\\/secure.gravatar.com\\\/avatar\\\/78a7f90c01fc2bfc875782a0d4922b37cde2cf184ce347b91316d23cd7f69a36?s=96&d=mm&r=g\",\"url\":\"https:\\\/\\\/secure.gravatar.com\\\/avatar\\\/78a7f90c01fc2bfc875782a0d4922b37cde2cf184ce347b91316d23cd7f69a36?s=96&d=mm&r=g\",\"contentUrl\":\"https:\\\/\\\/secure.gravatar.com\\\/avatar\\\/78a7f90c01fc2bfc875782a0d4922b37cde2cf184ce347b91316d23cd7f69a36?s=96&d=mm&r=g\",\"caption\":\"galledia\"},\"sameAs\":[\"https:\\\/\\\/x.com\\\/admin\"],\"url\":\"https:\\\/\\\/www.organisator.ch\\\/en\\\/author\\\/galledia\\\/\"}]}<\/script>\n<!-- \/ Yoast SEO plugin. -->","yoast_head_json":{"title":"FS Parker refreshes the Pro Juventute brand - organizer","description":"Pro Juventute pitch deck: Fresh appearance thanks to FS Parker. Effective communication materials for partner presentations.","robots":{"index":"index","follow":"follow","max-snippet":"max-snippet:-1","max-image-preview":"max-image-preview:large","max-video-preview":"max-video-preview:-1"},"canonical":"https:\/\/www.organisator.ch\/en\/marketing\/2022-08-23\/fs-parker-fresh-the-brand-pro-juventute-at\/","og_locale":"en_US","og_type":"article","og_title":"FS Parker frischt die Marke Pro Juventute auf - Organisator","og_description":"Pro Juventute Pitch-Deck: Frischer Auftritt dank FS Parker. Effektive Kommunikationsmaterialien f\u00fcr Partnerpr\u00e4sentationen.","og_url":"https:\/\/www.organisator.ch\/en\/marketing\/2022-08-23\/fs-parker-fresh-the-brand-pro-juventute-at\/","og_site_name":"Organisator","article_publisher":"https:\/\/www.facebook.com\/OrganisatorFachmagazin","article_published_time":"2022-08-23T08:58:52+00:00","article_modified_time":"2024-11-22T09:57:45+00:00","author":"galledia","twitter_card":"summary_large_image","twitter_creator":"@admin","schema":{"@context":"https:\/\/schema.org","@graph":[{"@type":"Article","@id":"https:\/\/www.organisator.ch\/marketing\/2022-08-23\/fs-parker-frischt-die-marke-pro-juventute-auf\/#article","isPartOf":{"@id":"https:\/\/www.organisator.ch\/marketing\/2022-08-23\/fs-parker-frischt-die-marke-pro-juventute-auf\/"},"author":{"name":"galledia","@id":"https:\/\/www.organisator.ch\/#\/schema\/person\/4e51799071cd2dd1232ac003643ef5f0"},"headline":"FS Parker frischt die Marke Pro Juventute auf","datePublished":"2022-08-23T08:58:52+00:00","dateModified":"2024-11-22T09:57:45+00:00","mainEntityOfPage":{"@id":"https:\/\/www.organisator.ch\/marketing\/2022-08-23\/fs-parker-frischt-die-marke-pro-juventute-auf\/"},"wordCount":243,"publisher":{"@id":"https:\/\/www.organisator.ch\/#organization"},"image":{"@id":"https:\/\/www.organisator.ch\/marketing\/2022-08-23\/fs-parker-frischt-die-marke-pro-juventute-auf\/#primaryimage"},"thumbnailUrl":"https:\/\/www.werbewoche.ch\/wp-content\/uploads\/2022\/08\/Pro_Juventute_1.jpg","keywords":["FS Parker","Pro Juventute"],"articleSection":["MARKETING"],"inLanguage":"en-US"},{"@type":"WebPage","@id":"https:\/\/www.organisator.ch\/marketing\/2022-08-23\/fs-parker-frischt-die-marke-pro-juventute-auf\/","url":"https:\/\/www.organisator.ch\/marketing\/2022-08-23\/fs-parker-frischt-die-marke-pro-juventute-auf\/","name":"FS Parker refreshes the Pro Juventute brand - organizer","isPartOf":{"@id":"https:\/\/www.organisator.ch\/#website"},"primaryImageOfPage":{"@id":"https:\/\/www.organisator.ch\/marketing\/2022-08-23\/fs-parker-frischt-die-marke-pro-juventute-auf\/#primaryimage"},"image":{"@id":"https:\/\/www.organisator.ch\/marketing\/2022-08-23\/fs-parker-frischt-die-marke-pro-juventute-auf\/#primaryimage"},"thumbnailUrl":"https:\/\/www.werbewoche.ch\/wp-content\/uploads\/2022\/08\/Pro_Juventute_1.jpg","datePublished":"2022-08-23T08:58:52+00:00","dateModified":"2024-11-22T09:57:45+00:00","description":"Pro Juventute pitch deck: Fresh appearance thanks to FS Parker. Effective communication materials for partner presentations.","breadcrumb":{"@id":"https:\/\/www.organisator.ch\/marketing\/2022-08-23\/fs-parker-frischt-die-marke-pro-juventute-auf\/#breadcrumb"},"inLanguage":"en-US","potentialAction":[{"@type":"ReadAction","target":["https:\/\/www.organisator.ch\/marketing\/2022-08-23\/fs-parker-frischt-die-marke-pro-juventute-auf\/"]}]},{"@type":"ImageObject","inLanguage":"en-US","@id":"https:\/\/www.organisator.ch\/marketing\/2022-08-23\/fs-parker-frischt-die-marke-pro-juventute-auf\/#primaryimage","url":"https:\/\/www.werbewoche.ch\/wp-content\/uploads\/2022\/08\/Pro_Juventute_1.jpg","contentUrl":"https:\/\/www.werbewoche.ch\/wp-content\/uploads\/2022\/08\/Pro_Juventute_1.jpg"},{"@type":"BreadcrumbList","@id":"https:\/\/www.organisator.ch\/marketing\/2022-08-23\/fs-parker-frischt-die-marke-pro-juventute-auf\/#breadcrumb","itemListElement":[{"@type":"ListItem","position":1,"name":"Home","item":"https:\/\/www.organisator.ch\/"},{"@type":"ListItem","position":2,"name":"FS Parker frischt die Marke Pro Juventute auf"}]},{"@type":"WebSite","@id":"https:\/\/www.organisator.ch\/#website","url":"https:\/\/www.organisator.ch\/","name":"Organizer","description":"Competent. Practical. In 10 issues per year, ORGANISATOR presents the essential topics for managers of SMEs.","publisher":{"@id":"https:\/\/www.organisator.ch\/#organization"},"potentialAction":[{"@type":"SearchAction","target":{"@type":"EntryPoint","urlTemplate":"https:\/\/www.organisator.ch\/?s={search_term_string}"},"query-input":{"@type":"PropertyValueSpecification","valueRequired":true,"valueName":"search_term_string"}}],"inLanguage":"en-US"},{"@type":"Organization","@id":"https:\/\/www.organisator.ch\/#organization","name":"Organizer","url":"https:\/\/www.organisator.ch\/","logo":{"@type":"ImageObject","inLanguage":"en-US","@id":"https:\/\/www.organisator.ch\/#\/schema\/logo\/image\/","url":"https:\/\/www.organisator.ch\/wp-content\/uploads\/2022\/01\/Logo_Organisator_Website.png","contentUrl":"https:\/\/www.organisator.ch\/wp-content\/uploads\/2022\/01\/Logo_Organisator_Website.png","width":800,"height":77,"caption":"Organisator"},"image":{"@id":"https:\/\/www.organisator.ch\/#\/schema\/logo\/image\/"},"sameAs":["https:\/\/www.facebook.com\/OrganisatorFachmagazin","https:\/\/www.linkedin.com\/showcase\/organisator-das-magazin-fr-kmu","https:\/\/www.xing.com\/news\/pages\/organisator-ch-695","https:\/\/www.youtube.com\/channel\/UCGP2Sq0iWaZwT3BdIAQFYpw"]},{"@type":"Person","@id":"https:\/\/www.organisator.ch\/#\/schema\/person\/4e51799071cd2dd1232ac003643ef5f0","name":"galledia","image":{"@type":"ImageObject","inLanguage":"en-US","@id":"https:\/\/secure.gravatar.com\/avatar\/78a7f90c01fc2bfc875782a0d4922b37cde2cf184ce347b91316d23cd7f69a36?s=96&d=mm&r=g","url":"https:\/\/secure.gravatar.com\/avatar\/78a7f90c01fc2bfc875782a0d4922b37cde2cf184ce347b91316d23cd7f69a36?s=96&d=mm&r=g","contentUrl":"https:\/\/secure.gravatar.com\/avatar\/78a7f90c01fc2bfc875782a0d4922b37cde2cf184ce347b91316d23cd7f69a36?s=96&d=mm&r=g","caption":"galledia"},"sameAs":["https:\/\/x.com\/admin"],"url":"https:\/\/www.organisator.ch\/en\/author\/galledia\/"}]}},"_links":{"self":[{"href":"https:\/\/www.organisator.ch\/en\/wp-json\/wp\/v2\/posts\/16662","targetHints":{"allow":["GET"]}}],"collection":[{"href":"https:\/\/www.organisator.ch\/en\/wp-json\/wp\/v2\/posts"}],"about":[{"href":"https:\/\/www.organisator.ch\/en\/wp-json\/wp\/v2\/types\/post"}],"author":[{"embeddable":true,"href":"https:\/\/www.organisator.ch\/en\/wp-json\/wp\/v2\/users\/8"}],"replies":[{"embeddable":true,"href":"https:\/\/www.organisator.ch\/en\/wp-json\/wp\/v2\/comments?post=16662"}],"version-history":[{"count":4,"href":"https:\/\/www.organisator.ch\/en\/wp-json\/wp\/v2\/posts\/16662\/revisions"}],"predecessor-version":[{"id":33889,"href":"https:\/\/www.organisator.ch\/en\/wp-json\/wp\/v2\/posts\/16662\/revisions\/33889"}],"wp:attachment":[{"href":"https:\/\/www.organisator.ch\/en\/wp-json\/wp\/v2\/media?parent=16662"}],"wp:term":[{"taxonomy":"category","embeddable":true,"href":"https:\/\/www.organisator.ch\/en\/wp-json\/wp\/v2\/categories?post=16662"},{"taxonomy":"post_tag","embeddable":true,"href":"https:\/\/www.organisator.ch\/en\/wp-json\/wp\/v2\/tags?post=16662"}],"curies":[{"name":"wp","href":"https:\/\/api.w.org\/{rel}","templated":true}]}}