{"id":16664,"date":"2022-08-23T16:43:41","date_gmt":"2022-08-23T14:43:41","guid":{"rendered":"https:\/\/www.organisator.ch\/?p=16664"},"modified":"2022-08-23T16:43:41","modified_gmt":"2022-08-23T14:43:41","slug":"border-experienced-switzerland-4-0-theme-at-kmu-swiss-symposium","status":"publish","type":"post","link":"https:\/\/www.organisator.ch\/en\/management\/2022-08-23\/grenzen-erfahren-schweiz-4-0-thema-am-kmu-swiss-symposium\/","title":{"rendered":"Borders (experienced) - Switzerland 4.0: Topic at the KMU Swiss Symposium"},"content":{"rendered":"<figure id=\"attachment_16665\" aria-describedby=\"caption-attachment-16665\" style=\"width: 680px\" class=\"wp-caption alignnone\"><img loading=\"lazy\" decoding=\"async\" class=\"size-full wp-image-16665\" src=\"https:\/\/www.organisator.ch\/wp-content\/uploads\/2022\/08\/Grenzen-erfahren-Schweiz-40-Thema-am-KMU-Swiss-Symposium_Organisator.jpg\" alt=\"\" width=\"680\" height=\"453\" srcset=\"https:\/\/www.organisator.ch\/wp-content\/uploads\/2022\/08\/Grenzen-erfahren-Schweiz-40-Thema-am-KMU-Swiss-Symposium_Organisator.jpg 680w, https:\/\/www.organisator.ch\/wp-content\/uploads\/2022\/08\/Grenzen-erfahren-Schweiz-40-Thema-am-KMU-Swiss-Symposium_Organisator-18x12.jpg 18w, https:\/\/www.organisator.ch\/wp-content\/uploads\/2022\/08\/Grenzen-erfahren-Schweiz-40-Thema-am-KMU-Swiss-Symposium_Organisator-263x175.jpg 263w, https:\/\/www.organisator.ch\/wp-content\/uploads\/2022\/08\/Grenzen-erfahren-Schweiz-40-Thema-am-KMU-Swiss-Symposium_Organisator-525x350.jpg 525w, https:\/\/www.organisator.ch\/wp-content\/uploads\/2022\/08\/Grenzen-erfahren-Schweiz-40-Thema-am-KMU-Swiss-Symposium_Organisator-300x200.jpg 300w\" sizes=\"auto, (max-width: 680px) 100vw, 680px\" \/><figcaption id=\"caption-attachment-16665\" class=\"wp-caption-text\">Impressions of the KMU Swiss Symposium 2021. This year, the focus is on \"Switzerland 4.0\" and experiencing boundaries. (Image: KMU Swiss)<br \/>Copyright by: Alexander Wagner<\/figcaption><\/figure>\n<p>At the KMU Swiss Symposium, successful personalities from various sectors and industries will speak about their experiences in a practical and timely manner. They illuminate and discuss the topic from different perspectives on key words such as industry, trade, power, innovation, succession, etc.<\/p>\n<h3>Switzerland 4.0: Is it reaching its limits?<\/h3>\n<p>After the first successful <a href=\"https:\/\/www.organisator.ch\/de\/management\/2022-03-18\/bundesraetin-viola-amherd-am-kmu-swiss-symposium-nicht-in-panik-verfallen\/\">Event from 17 March 2022<\/a> (actually the 2021 edition), a second KMU Swiss Symposium will take place on Thursday, September 8, 2022 in the CAMPUSSAAL Kultur + Kongresse in Brugg, the \"real\" edition of this year. The event deals in the broadest sense with perceptions and realities in business, society and politics. Are we after as good as we think? Are we reaching our limits? Are we in a state of upheaval and are we creating change with probable limitations? Questions about questions, which should be partially answered at the symposium. This also with inclusion of the actualities of the energy crisis coming up to us, world-political tensions and availabilities of production goods. 250-300 participants are expected with illustrious personalities from economy and politics. \"In addition to the familiar atmosphere, the participants appreciate the high practical relevance of the presentations,\" says Armin Baumann, initiator of KMU Swiss.<\/p>\n<h3><strong>Supply bottlenecks, energy problems and global political situation in upheaval<\/strong><\/h3>\n<p>Is Switzerland as well positioned as we think? What needs to be done so that we can master tomorrow? This in an environment of shortages of skilled workers, supply problems, expected energy bottlenecks and in the event of armed conflicts. Currently, problems and crises are being replaced by others, and yet things will continue. But how? The facts are and remain that changes happen continuously and crises always reveal weak points. These require farsightedness and decisiveness! Actors who act instead of react are in demand. But unfortunately, people in such situations too often sink into lethargy. People still try to solve problems instead of recognizing the causes and deriving something new from them.<\/p>\n<p>Self-responsibility instead of egoism and narcissism are needed to master the future. What concerns everyone can only be solved by everyone. In addition, political mills work more slowly than economic ones and, unfortunately, sometimes against each other.<\/p>\n<h3><strong>Notable personalities<\/strong><\/h3>\n<p>The following entrepreneurial personalities provide lasting impressions:<\/p>\n<ul>\n<li>Natalie Spross, Spross Group<\/li>\n<li>Carla Kaufmann, companymarket<\/li>\n<li>Raphael Gilgen, Vitra<\/li>\n<li>Dr. Christian Schaffner, ETH Zurich<\/li>\n<li>Christoph Brand, Axpo<\/li>\n<li>Dr. Thomas Borer, Dr. Borer Consulting<\/li>\n<li>Guio Honegger, entrepreneur<\/li>\n<li>Beat Flach, National Council<\/li>\n<li>Thomas F\u00f6rst, Switzerland Global Enterprise<\/li>\n<li>Moderator: Michael Sokoll<\/li>\n<\/ul>\n<p><em>For more information on the speakers, please visit <\/em><a href=\"http:\/\/www.kmuswiss.ch\/symposium\"><em>www.kmuswiss.ch\/symposium<\/em><\/a><\/p>","protected":false},"excerpt":{"rendered":"<p>Am KMU Swiss Symposium referieren erfolgreiche Pers\u00f6nlichkeiten aus verschiedenen Bereichen und Branchen deren Erfahrungen praxis- und zeitnah. Sie beleuchten und diskutieren das Thema aus verschiedenen Perspektiven zu Stichworten wie unter anderem Industrie, Handel, Strom, Innovation, Nachfolge, etc. Schweiz 4.0: St\u00f6sst sie an Grenzen? Nach dem ersten erfolgreichen Anlass vom 17. M\u00e4rz 2022 (eigentlich die Ausgabe [&hellip;]<\/p>\n","protected":false},"author":4,"featured_media":0,"comment_status":"closed","ping_status":"closed","sticky":false,"template":"","format":"standard","meta":{"_acf_changed":false,"_yoast_wpseo_focuskw":"Schweiz 4.0","_yoast_wpseo_metadesc":"\u00abGrenzen (erfahren) \u2013 Schweiz 4.0\u00bb: So lautet am 8. September 2022 das Thema am KMU SWISS Symposium in Brugg.","articlekey":"","footnotes":""},"categories":[28],"tags":[302,335,502,503],"class_list":["post-16664","post","type-post","status-publish","format-standard","hentry","category-management","tag-kmu-swiss","tag-management-und-unternehmensfuehrung","tag-veranstaltungen","tag-verbaende"],"acf":[],"yoast_head":"<!-- This site is optimized with the Yoast SEO plugin v27.5 - https:\/\/yoast.com\/product\/yoast-seo-wordpress\/ -->\n<title>Grenzen (erfahren) \u2013 Schweiz 4.0: Thema am KMU Swiss Symposium - Organisator<\/title>\n<meta name=\"description\" content=\"\u00abGrenzen (erfahren) \u2013 Schweiz 4.0\u00bb: So lautet am 8. September 2022 das Thema am KMU SWISS Symposium in Brugg.\" \/>\n<meta name=\"robots\" content=\"index, follow, max-snippet:-1, max-image-preview:large, max-video-preview:-1\" \/>\n<link rel=\"canonical\" href=\"https:\/\/www.organisator.ch\/en\/management\/2022-08-23\/border-experienced-switzerland-4-0-theme-at-kmu-swiss-symposium\/\" \/>\n<meta property=\"og:locale\" content=\"en_US\" \/>\n<meta property=\"og:type\" content=\"article\" \/>\n<meta property=\"og:title\" content=\"Grenzen (erfahren) \u2013 Schweiz 4.0: Thema am KMU Swiss Symposium\" \/>\n<meta property=\"og:description\" content=\"\u00abGrenzen (erfahren) \u2013 Schweiz 4.0\u00bb: So lautet am 8. September 2022 das Thema am KMU SWISS Symposium in Brugg.\" \/>\n<meta property=\"og:url\" content=\"https:\/\/www.organisator.ch\/en\/management\/2022-08-23\/border-experienced-switzerland-4-0-theme-at-kmu-swiss-symposium\/\" \/>\n<meta property=\"og:site_name\" content=\"Organisator\" \/>\n<meta property=\"article:publisher\" content=\"https:\/\/www.facebook.com\/OrganisatorFachmagazin\" \/>\n<meta property=\"article:published_time\" content=\"2022-08-23T14:43:41+00:00\" \/>\n<meta property=\"og:image\" content=\"https:\/\/www.organisator.ch\/wp-content\/uploads\/2022\/08\/Grenzen-erfahren-Schweiz-40-Thema-am-KMU-Swiss-Symposium_Organisator.jpg\" \/>\n\t<meta property=\"og:image:width\" content=\"680\" \/>\n\t<meta property=\"og:image:height\" content=\"453\" \/>\n\t<meta property=\"og:image:type\" content=\"image\/jpeg\" \/>\n<meta name=\"author\" content=\"thomas.berner\" \/>\n<meta name=\"twitter:card\" content=\"summary_large_image\" \/>\n<meta name=\"twitter:title\" content=\"#Grenzen (erfahren) \u2013 Schweiz 4.0: Thema am KMU Swiss #Symposium\" \/>\n<meta name=\"twitter:description\" content=\"\u00abGrenzen (erfahren) \u2013 #Schweiz 4.0\u00bb: So lautet am 8. September 2022 das Thema am KMU #SWISS #Symposium in Brugg.\" \/>\n<meta name=\"twitter:image\" content=\"https:\/\/www.organisator.ch\/wp-content\/uploads\/2022\/08\/Grenzen-erfahren-Schweiz-40-Thema-am-KMU-Swiss-Symposium_Organisator.jpg\" \/>\n<script type=\"application\/ld+json\" class=\"yoast-schema-graph\">{\"@context\":\"https:\\\/\\\/schema.org\",\"@graph\":[{\"@type\":\"Article\",\"@id\":\"https:\\\/\\\/www.organisator.ch\\\/management\\\/2022-08-23\\\/grenzen-erfahren-schweiz-4-0-thema-am-kmu-swiss-symposium\\\/#article\",\"isPartOf\":{\"@id\":\"https:\\\/\\\/www.organisator.ch\\\/management\\\/2022-08-23\\\/grenzen-erfahren-schweiz-4-0-thema-am-kmu-swiss-symposium\\\/\"},\"author\":{\"name\":\"thomas.berner\",\"@id\":\"https:\\\/\\\/www.organisator.ch\\\/#\\\/schema\\\/person\\\/6f650f90b2842cd4c0cc334b4e36f67e\"},\"headline\":\"Grenzen (erfahren) \u2013 Schweiz 4.0: Thema am KMU Swiss Symposium\",\"datePublished\":\"2022-08-23T14:43:41+00:00\",\"mainEntityOfPage\":{\"@id\":\"https:\\\/\\\/www.organisator.ch\\\/management\\\/2022-08-23\\\/grenzen-erfahren-schweiz-4-0-thema-am-kmu-swiss-symposium\\\/\"},\"wordCount\":443,\"publisher\":{\"@id\":\"https:\\\/\\\/www.organisator.ch\\\/#organization\"},\"image\":{\"@id\":\"https:\\\/\\\/www.organisator.ch\\\/management\\\/2022-08-23\\\/grenzen-erfahren-schweiz-4-0-thema-am-kmu-swiss-symposium\\\/#primaryimage\"},\"thumbnailUrl\":\"https:\\\/\\\/www.organisator.ch\\\/wp-content\\\/uploads\\\/2022\\\/08\\\/Grenzen-erfahren-Schweiz-40-Thema-am-KMU-Swiss-Symposium_Organisator.jpg\",\"keywords\":[\"KMU Swiss\",\"Management und Unternehmensf\u00fchrung\",\"Veranstaltungen\",\"Verb\u00e4nde\"],\"articleSection\":[\"MANAGEMENT\"],\"inLanguage\":\"en-US\"},{\"@type\":\"WebPage\",\"@id\":\"https:\\\/\\\/www.organisator.ch\\\/management\\\/2022-08-23\\\/grenzen-erfahren-schweiz-4-0-thema-am-kmu-swiss-symposium\\\/\",\"url\":\"https:\\\/\\\/www.organisator.ch\\\/management\\\/2022-08-23\\\/grenzen-erfahren-schweiz-4-0-thema-am-kmu-swiss-symposium\\\/\",\"name\":\"Grenzen (erfahren) \u2013 Schweiz 4.0: Thema am KMU Swiss Symposium - Organisator\",\"isPartOf\":{\"@id\":\"https:\\\/\\\/www.organisator.ch\\\/#website\"},\"primaryImageOfPage\":{\"@id\":\"https:\\\/\\\/www.organisator.ch\\\/management\\\/2022-08-23\\\/grenzen-erfahren-schweiz-4-0-thema-am-kmu-swiss-symposium\\\/#primaryimage\"},\"image\":{\"@id\":\"https:\\\/\\\/www.organisator.ch\\\/management\\\/2022-08-23\\\/grenzen-erfahren-schweiz-4-0-thema-am-kmu-swiss-symposium\\\/#primaryimage\"},\"thumbnailUrl\":\"https:\\\/\\\/www.organisator.ch\\\/wp-content\\\/uploads\\\/2022\\\/08\\\/Grenzen-erfahren-Schweiz-40-Thema-am-KMU-Swiss-Symposium_Organisator.jpg\",\"datePublished\":\"2022-08-23T14:43:41+00:00\",\"description\":\"\u00abGrenzen (erfahren) \u2013 Schweiz 4.0\u00bb: So lautet am 8. September 2022 das Thema am KMU SWISS Symposium in Brugg.\",\"breadcrumb\":{\"@id\":\"https:\\\/\\\/www.organisator.ch\\\/management\\\/2022-08-23\\\/grenzen-erfahren-schweiz-4-0-thema-am-kmu-swiss-symposium\\\/#breadcrumb\"},\"inLanguage\":\"en-US\",\"potentialAction\":[{\"@type\":\"ReadAction\",\"target\":[\"https:\\\/\\\/www.organisator.ch\\\/management\\\/2022-08-23\\\/grenzen-erfahren-schweiz-4-0-thema-am-kmu-swiss-symposium\\\/\"]}]},{\"@type\":\"ImageObject\",\"inLanguage\":\"en-US\",\"@id\":\"https:\\\/\\\/www.organisator.ch\\\/management\\\/2022-08-23\\\/grenzen-erfahren-schweiz-4-0-thema-am-kmu-swiss-symposium\\\/#primaryimage\",\"url\":\"https:\\\/\\\/www.organisator.ch\\\/wp-content\\\/uploads\\\/2022\\\/08\\\/Grenzen-erfahren-Schweiz-40-Thema-am-KMU-Swiss-Symposium_Organisator.jpg\",\"contentUrl\":\"https:\\\/\\\/www.organisator.ch\\\/wp-content\\\/uploads\\\/2022\\\/08\\\/Grenzen-erfahren-Schweiz-40-Thema-am-KMU-Swiss-Symposium_Organisator.jpg\"},{\"@type\":\"BreadcrumbList\",\"@id\":\"https:\\\/\\\/www.organisator.ch\\\/management\\\/2022-08-23\\\/grenzen-erfahren-schweiz-4-0-thema-am-kmu-swiss-symposium\\\/#breadcrumb\",\"itemListElement\":[{\"@type\":\"ListItem\",\"position\":1,\"name\":\"Home\",\"item\":\"https:\\\/\\\/www.organisator.ch\\\/\"},{\"@type\":\"ListItem\",\"position\":2,\"name\":\"Grenzen (erfahren) \u2013 Schweiz 4.0: Thema am KMU Swiss Symposium\"}]},{\"@type\":\"WebSite\",\"@id\":\"https:\\\/\\\/www.organisator.ch\\\/#website\",\"url\":\"https:\\\/\\\/www.organisator.ch\\\/\",\"name\":\"Organisator\",\"description\":\"Kompetent. Praxisnah. Der ORGANISATOR bereitet in 10 Ausgaben pro Jahr die wesentlichen Themen f\u00fcr F\u00fchrungskr\u00e4fte von KMU auf.\",\"publisher\":{\"@id\":\"https:\\\/\\\/www.organisator.ch\\\/#organization\"},\"potentialAction\":[{\"@type\":\"SearchAction\",\"target\":{\"@type\":\"EntryPoint\",\"urlTemplate\":\"https:\\\/\\\/www.organisator.ch\\\/?s={search_term_string}\"},\"query-input\":{\"@type\":\"PropertyValueSpecification\",\"valueRequired\":true,\"valueName\":\"search_term_string\"}}],\"inLanguage\":\"en-US\"},{\"@type\":\"Organization\",\"@id\":\"https:\\\/\\\/www.organisator.ch\\\/#organization\",\"name\":\"Organisator\",\"url\":\"https:\\\/\\\/www.organisator.ch\\\/\",\"logo\":{\"@type\":\"ImageObject\",\"inLanguage\":\"en-US\",\"@id\":\"https:\\\/\\\/www.organisator.ch\\\/#\\\/schema\\\/logo\\\/image\\\/\",\"url\":\"https:\\\/\\\/www.organisator.ch\\\/wp-content\\\/uploads\\\/2022\\\/01\\\/Logo_Organisator_Website.png\",\"contentUrl\":\"https:\\\/\\\/www.organisator.ch\\\/wp-content\\\/uploads\\\/2022\\\/01\\\/Logo_Organisator_Website.png\",\"width\":800,\"height\":77,\"caption\":\"Organisator\"},\"image\":{\"@id\":\"https:\\\/\\\/www.organisator.ch\\\/#\\\/schema\\\/logo\\\/image\\\/\"},\"sameAs\":[\"https:\\\/\\\/www.facebook.com\\\/OrganisatorFachmagazin\",\"https:\\\/\\\/www.linkedin.com\\\/showcase\\\/organisator-das-magazin-fr-kmu\",\"https:\\\/\\\/www.xing.com\\\/news\\\/pages\\\/organisator-ch-695\",\"https:\\\/\\\/www.youtube.com\\\/channel\\\/UCGP2Sq0iWaZwT3BdIAQFYpw\"]},{\"@type\":\"Person\",\"@id\":\"https:\\\/\\\/www.organisator.ch\\\/#\\\/schema\\\/person\\\/6f650f90b2842cd4c0cc334b4e36f67e\",\"name\":\"thomas.berner\",\"image\":{\"@type\":\"ImageObject\",\"inLanguage\":\"en-US\",\"@id\":\"https:\\\/\\\/secure.gravatar.com\\\/avatar\\\/ac5001d2a36cb6c6cd3e50789007ffca834b477b74a2144564522e944eabff61?s=96&d=mm&r=g\",\"url\":\"https:\\\/\\\/secure.gravatar.com\\\/avatar\\\/ac5001d2a36cb6c6cd3e50789007ffca834b477b74a2144564522e944eabff61?s=96&d=mm&r=g\",\"contentUrl\":\"https:\\\/\\\/secure.gravatar.com\\\/avatar\\\/ac5001d2a36cb6c6cd3e50789007ffca834b477b74a2144564522e944eabff61?s=96&d=mm&r=g\",\"caption\":\"thomas.berner\"},\"url\":\"https:\\\/\\\/www.organisator.ch\\\/en\\\/author\\\/thomas-berner\\\/\"}]}<\/script>\n<!-- \/ Yoast SEO plugin. -->","yoast_head_json":{"title":"Borders (experienced) - Switzerland 4.0: Topic at the KMU Swiss Symposium - Organizer","description":"\"Borders (experienced) - Switzerland 4.0\": This is the theme of the KMU SWISS Symposium in Brugg on September 8, 2022.","robots":{"index":"index","follow":"follow","max-snippet":"max-snippet:-1","max-image-preview":"max-image-preview:large","max-video-preview":"max-video-preview:-1"},"canonical":"https:\/\/www.organisator.ch\/en\/management\/2022-08-23\/border-experienced-switzerland-4-0-theme-at-kmu-swiss-symposium\/","og_locale":"en_US","og_type":"article","og_title":"Grenzen (erfahren) \u2013 Schweiz 4.0: Thema am KMU Swiss Symposium","og_description":"\u00abGrenzen (erfahren) \u2013 Schweiz 4.0\u00bb: So lautet am 8. September 2022 das Thema am KMU SWISS Symposium in Brugg.","og_url":"https:\/\/www.organisator.ch\/en\/management\/2022-08-23\/border-experienced-switzerland-4-0-theme-at-kmu-swiss-symposium\/","og_site_name":"Organisator","article_publisher":"https:\/\/www.facebook.com\/OrganisatorFachmagazin","article_published_time":"2022-08-23T14:43:41+00:00","og_image":[{"width":680,"height":453,"url":"https:\/\/www.organisator.ch\/wp-content\/uploads\/2022\/08\/Grenzen-erfahren-Schweiz-40-Thema-am-KMU-Swiss-Symposium_Organisator.jpg","type":"image\/jpeg"}],"author":"thomas.berner","twitter_card":"summary_large_image","twitter_title":"#Grenzen (erfahren) \u2013 Schweiz 4.0: Thema am KMU Swiss #Symposium","twitter_description":"\u00abGrenzen (erfahren) \u2013 #Schweiz 4.0\u00bb: So lautet am 8. September 2022 das Thema am KMU #SWISS #Symposium in Brugg.","twitter_image":"https:\/\/www.organisator.ch\/wp-content\/uploads\/2022\/08\/Grenzen-erfahren-Schweiz-40-Thema-am-KMU-Swiss-Symposium_Organisator.jpg","schema":{"@context":"https:\/\/schema.org","@graph":[{"@type":"Article","@id":"https:\/\/www.organisator.ch\/management\/2022-08-23\/grenzen-erfahren-schweiz-4-0-thema-am-kmu-swiss-symposium\/#article","isPartOf":{"@id":"https:\/\/www.organisator.ch\/management\/2022-08-23\/grenzen-erfahren-schweiz-4-0-thema-am-kmu-swiss-symposium\/"},"author":{"name":"thomas.berner","@id":"https:\/\/www.organisator.ch\/#\/schema\/person\/6f650f90b2842cd4c0cc334b4e36f67e"},"headline":"Grenzen (erfahren) \u2013 Schweiz 4.0: Thema am KMU Swiss Symposium","datePublished":"2022-08-23T14:43:41+00:00","mainEntityOfPage":{"@id":"https:\/\/www.organisator.ch\/management\/2022-08-23\/grenzen-erfahren-schweiz-4-0-thema-am-kmu-swiss-symposium\/"},"wordCount":443,"publisher":{"@id":"https:\/\/www.organisator.ch\/#organization"},"image":{"@id":"https:\/\/www.organisator.ch\/management\/2022-08-23\/grenzen-erfahren-schweiz-4-0-thema-am-kmu-swiss-symposium\/#primaryimage"},"thumbnailUrl":"https:\/\/www.organisator.ch\/wp-content\/uploads\/2022\/08\/Grenzen-erfahren-Schweiz-40-Thema-am-KMU-Swiss-Symposium_Organisator.jpg","keywords":["KMU Swiss","Management und Unternehmensf\u00fchrung","Veranstaltungen","Verb\u00e4nde"],"articleSection":["MANAGEMENT"],"inLanguage":"en-US"},{"@type":"WebPage","@id":"https:\/\/www.organisator.ch\/management\/2022-08-23\/grenzen-erfahren-schweiz-4-0-thema-am-kmu-swiss-symposium\/","url":"https:\/\/www.organisator.ch\/management\/2022-08-23\/grenzen-erfahren-schweiz-4-0-thema-am-kmu-swiss-symposium\/","name":"Borders (experienced) - Switzerland 4.0: Topic at the KMU Swiss Symposium - Organizer","isPartOf":{"@id":"https:\/\/www.organisator.ch\/#website"},"primaryImageOfPage":{"@id":"https:\/\/www.organisator.ch\/management\/2022-08-23\/grenzen-erfahren-schweiz-4-0-thema-am-kmu-swiss-symposium\/#primaryimage"},"image":{"@id":"https:\/\/www.organisator.ch\/management\/2022-08-23\/grenzen-erfahren-schweiz-4-0-thema-am-kmu-swiss-symposium\/#primaryimage"},"thumbnailUrl":"https:\/\/www.organisator.ch\/wp-content\/uploads\/2022\/08\/Grenzen-erfahren-Schweiz-40-Thema-am-KMU-Swiss-Symposium_Organisator.jpg","datePublished":"2022-08-23T14:43:41+00:00","description":"\"Borders (experienced) - Switzerland 4.0\": This is the theme of the KMU SWISS Symposium in Brugg on September 8, 2022.","breadcrumb":{"@id":"https:\/\/www.organisator.ch\/management\/2022-08-23\/grenzen-erfahren-schweiz-4-0-thema-am-kmu-swiss-symposium\/#breadcrumb"},"inLanguage":"en-US","potentialAction":[{"@type":"ReadAction","target":["https:\/\/www.organisator.ch\/management\/2022-08-23\/grenzen-erfahren-schweiz-4-0-thema-am-kmu-swiss-symposium\/"]}]},{"@type":"ImageObject","inLanguage":"en-US","@id":"https:\/\/www.organisator.ch\/management\/2022-08-23\/grenzen-erfahren-schweiz-4-0-thema-am-kmu-swiss-symposium\/#primaryimage","url":"https:\/\/www.organisator.ch\/wp-content\/uploads\/2022\/08\/Grenzen-erfahren-Schweiz-40-Thema-am-KMU-Swiss-Symposium_Organisator.jpg","contentUrl":"https:\/\/www.organisator.ch\/wp-content\/uploads\/2022\/08\/Grenzen-erfahren-Schweiz-40-Thema-am-KMU-Swiss-Symposium_Organisator.jpg"},{"@type":"BreadcrumbList","@id":"https:\/\/www.organisator.ch\/management\/2022-08-23\/grenzen-erfahren-schweiz-4-0-thema-am-kmu-swiss-symposium\/#breadcrumb","itemListElement":[{"@type":"ListItem","position":1,"name":"Home","item":"https:\/\/www.organisator.ch\/"},{"@type":"ListItem","position":2,"name":"Grenzen (erfahren) \u2013 Schweiz 4.0: Thema am KMU Swiss Symposium"}]},{"@type":"WebSite","@id":"https:\/\/www.organisator.ch\/#website","url":"https:\/\/www.organisator.ch\/","name":"Organizer","description":"Competent. Practical. In 10 issues per year, ORGANISATOR presents the essential topics for managers of SMEs.","publisher":{"@id":"https:\/\/www.organisator.ch\/#organization"},"potentialAction":[{"@type":"SearchAction","target":{"@type":"EntryPoint","urlTemplate":"https:\/\/www.organisator.ch\/?s={search_term_string}"},"query-input":{"@type":"PropertyValueSpecification","valueRequired":true,"valueName":"search_term_string"}}],"inLanguage":"en-US"},{"@type":"Organization","@id":"https:\/\/www.organisator.ch\/#organization","name":"Organizer","url":"https:\/\/www.organisator.ch\/","logo":{"@type":"ImageObject","inLanguage":"en-US","@id":"https:\/\/www.organisator.ch\/#\/schema\/logo\/image\/","url":"https:\/\/www.organisator.ch\/wp-content\/uploads\/2022\/01\/Logo_Organisator_Website.png","contentUrl":"https:\/\/www.organisator.ch\/wp-content\/uploads\/2022\/01\/Logo_Organisator_Website.png","width":800,"height":77,"caption":"Organisator"},"image":{"@id":"https:\/\/www.organisator.ch\/#\/schema\/logo\/image\/"},"sameAs":["https:\/\/www.facebook.com\/OrganisatorFachmagazin","https:\/\/www.linkedin.com\/showcase\/organisator-das-magazin-fr-kmu","https:\/\/www.xing.com\/news\/pages\/organisator-ch-695","https:\/\/www.youtube.com\/channel\/UCGP2Sq0iWaZwT3BdIAQFYpw"]},{"@type":"Person","@id":"https:\/\/www.organisator.ch\/#\/schema\/person\/6f650f90b2842cd4c0cc334b4e36f67e","name":"thomas.berner","image":{"@type":"ImageObject","inLanguage":"en-US","@id":"https:\/\/secure.gravatar.com\/avatar\/ac5001d2a36cb6c6cd3e50789007ffca834b477b74a2144564522e944eabff61?s=96&d=mm&r=g","url":"https:\/\/secure.gravatar.com\/avatar\/ac5001d2a36cb6c6cd3e50789007ffca834b477b74a2144564522e944eabff61?s=96&d=mm&r=g","contentUrl":"https:\/\/secure.gravatar.com\/avatar\/ac5001d2a36cb6c6cd3e50789007ffca834b477b74a2144564522e944eabff61?s=96&d=mm&r=g","caption":"thomas.berner"},"url":"https:\/\/www.organisator.ch\/en\/author\/thomas-berner\/"}]}},"_links":{"self":[{"href":"https:\/\/www.organisator.ch\/en\/wp-json\/wp\/v2\/posts\/16664","targetHints":{"allow":["GET"]}}],"collection":[{"href":"https:\/\/www.organisator.ch\/en\/wp-json\/wp\/v2\/posts"}],"about":[{"href":"https:\/\/www.organisator.ch\/en\/wp-json\/wp\/v2\/types\/post"}],"author":[{"embeddable":true,"href":"https:\/\/www.organisator.ch\/en\/wp-json\/wp\/v2\/users\/4"}],"replies":[{"embeddable":true,"href":"https:\/\/www.organisator.ch\/en\/wp-json\/wp\/v2\/comments?post=16664"}],"version-history":[{"count":1,"href":"https:\/\/www.organisator.ch\/en\/wp-json\/wp\/v2\/posts\/16664\/revisions"}],"predecessor-version":[{"id":16666,"href":"https:\/\/www.organisator.ch\/en\/wp-json\/wp\/v2\/posts\/16664\/revisions\/16666"}],"wp:attachment":[{"href":"https:\/\/www.organisator.ch\/en\/wp-json\/wp\/v2\/media?parent=16664"}],"wp:term":[{"taxonomy":"category","embeddable":true,"href":"https:\/\/www.organisator.ch\/en\/wp-json\/wp\/v2\/categories?post=16664"},{"taxonomy":"post_tag","embeddable":true,"href":"https:\/\/www.organisator.ch\/en\/wp-json\/wp\/v2\/tags?post=16664"}],"curies":[{"name":"wp","href":"https:\/\/api.w.org\/{rel}","templated":true}]}}