{"id":16691,"date":"2022-08-25T13:40:17","date_gmt":"2022-08-25T11:40:17","guid":{"rendered":"https:\/\/www.organisator.ch\/?p=16691"},"modified":"2022-08-25T13:40:17","modified_gmt":"2022-08-25T11:40:17","slug":"salaries-in-the-it-industry-remain-stable-at-a-high-level","status":"publish","type":"post","link":"https:\/\/www.organisator.ch\/en\/human-resources\/2022-08-25\/salaere-in-der-it-branche-bleiben-auf-hohem-niveau-stabil\/","title":{"rendered":"Salaries in the IT industry remain stable at a high level"},"content":{"rendered":"<figure id=\"attachment_16698\" aria-describedby=\"caption-attachment-16698\" style=\"width: 680px\" class=\"wp-caption alignnone\"><img loading=\"lazy\" decoding=\"async\" class=\"size-full wp-image-16698\" src=\"https:\/\/www.organisator.ch\/wp-content\/uploads\/2022\/08\/Salare-in-der-IT-Branche-bleiben-auf-hohem-Niveau-stabil_Organisator.jpg\" alt=\"\" width=\"680\" height=\"349\" srcset=\"https:\/\/www.organisator.ch\/wp-content\/uploads\/2022\/08\/Salare-in-der-IT-Branche-bleiben-auf-hohem-Niveau-stabil_Organisator.jpg 680w, https:\/\/www.organisator.ch\/wp-content\/uploads\/2022\/08\/Salare-in-der-IT-Branche-bleiben-auf-hohem-Niveau-stabil_Organisator-18x9.jpg 18w, https:\/\/www.organisator.ch\/wp-content\/uploads\/2022\/08\/Salare-in-der-IT-Branche-bleiben-auf-hohem-Niveau-stabil_Organisator-341x175.jpg 341w, https:\/\/www.organisator.ch\/wp-content\/uploads\/2022\/08\/Salare-in-der-IT-Branche-bleiben-auf-hohem-Niveau-stabil_Organisator-300x154.jpg 300w\" sizes=\"auto, (max-width: 680px) 100vw, 680px\" \/><figcaption id=\"caption-attachment-16698\" class=\"wp-caption-text\">Salaries in ICT 2022: Despite the digitalization push, salaries remain stable at a high level. (Graphic: Swiss ICT)<\/figcaption><\/figure>\n<p>Despite higher demand, with the increasing digitization of recent years, and contrary to common expectations, salaries in the ICT industry remain largely stable for 2022. This is confirmed by the annual salary study published by SwissICT. Taking inflation into account (as of May 01, '22), salaries are actually declining slightly, the study finds. Possible explanations for this development are, on the one hand, the recruitment of talents who still need promotion and, on the other hand, the shift in competence levels within the agile job profiles. For SMEs and micro-enterprises, this ensures continued access to ICT specialists. Salaries remain stable across all industries.<\/p>\n<p>However, a more differentiated analysis reveals an increase in the number of mentions and also an increase in the salary level, particularly for lower salaries. This could indicate that the shortage of skilled workers has led to an increase in the number of entry-level employees, who could benefit from a higher salary than before. It remains to be seen what the 2023 figures will tell us about further developments.<\/p>\n<h3>Growth in agile professional profiles<\/h3>\n<p>As in previous surveys, there was also an increase in agile job profiles this year. The Product Manager and Release Train Engineer profiles were also surveyed for the first time. There were 97 responses to the Product Manager profile and as many as 136 responses to the Release Train Engineer salary. This is very promising for the first survey of these professional profiles and shows that the establishment of agile professions is progressing continuously.<\/p>\n<p>Further innovations this year were made with regard to age grouping. The additional, expanded age grading makes it possible to better view social changes and draw clearer conclusions from salary trends and mentions. Similarly, an industry adjustment was made. The consolidation of industries was made based on input from the past five years. The change increases the informative value and robustness of the figures collected many times over.<\/p>\n<h3>Salaries for ICT trainees higher than expected<\/h3>\n<p>For the first time, a salary survey was conducted on the wages of apprentices. The survey was carried out in the basic vocational training programs for computer scientists, ICT specialists and mediamaticians. 122 Swiss companies entered their data on apprentices. Interesting: The median is at the upper limit of the recommendations (partly also above) of the responsible association ICT-Berufsbildung Schweiz. The results of the salary survey show that the salaries of ICT apprentices are highest at banks and insurance companies. They are followed by public administrations and other industries. An exciting finding: the lowest wages are found in IT companies.<\/p>\n<p><em>Source: <a href=\"http:\/\/www.swissict.ch\">SwissICT<\/a><\/em><\/p>","protected":false},"excerpt":{"rendered":"<p>Trotz der h\u00f6heren Nachfrage, mit der zunehmenden Digitalisierung der letzten Jahre, und entgegen den g\u00e4ngigen Erwartungen bleiben die Sal\u00e4re in der ICT-Branche f\u00fcr 2022 weitgehend stabil. Dies belegt die j\u00e4hrlich erscheinende Sal\u00e4rstudie von SwissICT. Unter Betrachtung der Inflation (per 01.Mai \u201922) sind die L\u00f6hne sogar leicht r\u00fcckl\u00e4ufig, stellt die Studie fest. M\u00f6gliche Erkl\u00e4rungen zu dieser [&hellip;]<\/p>\n","protected":false},"author":4,"featured_media":16698,"comment_status":"closed","ping_status":"closed","sticky":false,"template":"","format":"standard","meta":{"_acf_changed":false,"_yoast_wpseo_focuskw":"Sal\u00e4re","_yoast_wpseo_metadesc":"Der Branchenverband SwissICT hat die Sal\u00e4rstudie 2022 ver\u00f6ffentlicht. Zum ersten Mal wurden auch die Sal\u00e4re von Lernenden erhoben.","articlekey":"","footnotes":""},"categories":[579,27],"tags":[254,286,329,3344],"class_list":["post-16691","post","type-post","status-publish","format-standard","has-post-thumbnail","hentry","category-human-resources","category-it","tag-hrm","tag-it","tag-loehne","tag-salaerstudie"],"acf":[],"yoast_head":"<!-- This site is optimized with the Yoast SEO plugin v27.4 - https:\/\/yoast.com\/product\/yoast-seo-wordpress\/ -->\n<title>Sal\u00e4re in der IT-Branche bleiben auf hohem Niveau stabil - Organisator<\/title>\n<meta name=\"description\" content=\"Der Branchenverband SwissICT hat die Sal\u00e4rstudie 2022 ver\u00f6ffentlicht. Zum ersten Mal wurden auch die Sal\u00e4re von Lernenden erhoben.\" \/>\n<meta name=\"robots\" content=\"index, follow, max-snippet:-1, max-image-preview:large, max-video-preview:-1\" \/>\n<link rel=\"canonical\" href=\"https:\/\/www.organisator.ch\/en\/management\/it\/2022-08-25\/salaries-in-the-it-industry-remain-stable-at-a-high-level\/\" \/>\n<meta property=\"og:locale\" content=\"en_US\" \/>\n<meta property=\"og:type\" content=\"article\" \/>\n<meta property=\"og:title\" content=\"Sal\u00e4re in der IT-Branche bleiben auf hohem Niveau stabil\" \/>\n<meta property=\"og:description\" content=\"Der Branchenverband SwissICT hat die Sal\u00e4rstudie 2022 ver\u00f6ffentlicht. Zum ersten Mal wurden auch die Sal\u00e4re von Lernenden erhoben.\" \/>\n<meta property=\"og:url\" content=\"https:\/\/www.organisator.ch\/en\/management\/it\/2022-08-25\/salaries-in-the-it-industry-remain-stable-at-a-high-level\/\" \/>\n<meta property=\"og:site_name\" content=\"Organisator\" \/>\n<meta property=\"article:publisher\" content=\"https:\/\/www.facebook.com\/OrganisatorFachmagazin\" \/>\n<meta property=\"article:published_time\" content=\"2022-08-25T11:40:17+00:00\" \/>\n<meta property=\"og:image\" content=\"https:\/\/www.organisator.ch\/wp-content\/uploads\/2022\/08\/Salare-in-der-IT-Branche-bleiben-auf-hohem-Niveau-stabil_Organisator.jpg\" \/>\n\t<meta property=\"og:image:width\" content=\"680\" \/>\n\t<meta property=\"og:image:height\" content=\"349\" \/>\n\t<meta property=\"og:image:type\" content=\"image\/jpeg\" \/>\n<meta name=\"author\" content=\"thomas.berner\" \/>\n<meta name=\"twitter:card\" content=\"summary_large_image\" \/>\n<meta name=\"twitter:title\" content=\"#Sal\u00e4re in der #IT-Branche bleiben auf hohem Niveau stabil\" \/>\n<meta name=\"twitter:description\" content=\"Der #Branchenverband #SwissICT hat die #Sal\u00e4rstudie 2022 ver\u00f6ffentlicht. Zum ersten Mal wurden auch die #Sal\u00e4re von Lernenden erhoben.\" \/>\n<meta name=\"twitter:image\" content=\"https:\/\/www.organisator.ch\/wp-content\/uploads\/2022\/08\/Salare-in-der-IT-Branche-bleiben-auf-hohem-Niveau-stabil_Organisator.jpg\" \/>\n<script type=\"application\/ld+json\" class=\"yoast-schema-graph\">{\"@context\":\"https:\\\/\\\/schema.org\",\"@graph\":[{\"@type\":\"Article\",\"@id\":\"https:\\\/\\\/www.organisator.ch\\\/management\\\/it\\\/2022-08-25\\\/salaere-in-der-it-branche-bleiben-auf-hohem-niveau-stabil\\\/#article\",\"isPartOf\":{\"@id\":\"https:\\\/\\\/www.organisator.ch\\\/management\\\/it\\\/2022-08-25\\\/salaere-in-der-it-branche-bleiben-auf-hohem-niveau-stabil\\\/\"},\"author\":{\"name\":\"thomas.berner\",\"@id\":\"https:\\\/\\\/www.organisator.ch\\\/#\\\/schema\\\/person\\\/6f650f90b2842cd4c0cc334b4e36f67e\"},\"headline\":\"Sal\u00e4re in der IT-Branche bleiben auf hohem Niveau stabil\",\"datePublished\":\"2022-08-25T11:40:17+00:00\",\"mainEntityOfPage\":{\"@id\":\"https:\\\/\\\/www.organisator.ch\\\/management\\\/it\\\/2022-08-25\\\/salaere-in-der-it-branche-bleiben-auf-hohem-niveau-stabil\\\/\"},\"wordCount\":463,\"publisher\":{\"@id\":\"https:\\\/\\\/www.organisator.ch\\\/#organization\"},\"image\":{\"@id\":\"https:\\\/\\\/www.organisator.ch\\\/management\\\/it\\\/2022-08-25\\\/salaere-in-der-it-branche-bleiben-auf-hohem-niveau-stabil\\\/#primaryimage\"},\"thumbnailUrl\":\"https:\\\/\\\/www.organisator.ch\\\/wp-content\\\/uploads\\\/2022\\\/08\\\/Salare-in-der-IT-Branche-bleiben-auf-hohem-Niveau-stabil_Organisator.jpg\",\"keywords\":[\"HRM\",\"IT\",\"L\u00f6hne\",\"Sal\u00e4rstudie\"],\"articleSection\":[\"HUMAN RESOURCES\",\"IT\"],\"inLanguage\":\"en-US\"},{\"@type\":\"WebPage\",\"@id\":\"https:\\\/\\\/www.organisator.ch\\\/management\\\/it\\\/2022-08-25\\\/salaere-in-der-it-branche-bleiben-auf-hohem-niveau-stabil\\\/\",\"url\":\"https:\\\/\\\/www.organisator.ch\\\/management\\\/it\\\/2022-08-25\\\/salaere-in-der-it-branche-bleiben-auf-hohem-niveau-stabil\\\/\",\"name\":\"Sal\u00e4re in der IT-Branche bleiben auf hohem Niveau stabil - Organisator\",\"isPartOf\":{\"@id\":\"https:\\\/\\\/www.organisator.ch\\\/#website\"},\"primaryImageOfPage\":{\"@id\":\"https:\\\/\\\/www.organisator.ch\\\/management\\\/it\\\/2022-08-25\\\/salaere-in-der-it-branche-bleiben-auf-hohem-niveau-stabil\\\/#primaryimage\"},\"image\":{\"@id\":\"https:\\\/\\\/www.organisator.ch\\\/management\\\/it\\\/2022-08-25\\\/salaere-in-der-it-branche-bleiben-auf-hohem-niveau-stabil\\\/#primaryimage\"},\"thumbnailUrl\":\"https:\\\/\\\/www.organisator.ch\\\/wp-content\\\/uploads\\\/2022\\\/08\\\/Salare-in-der-IT-Branche-bleiben-auf-hohem-Niveau-stabil_Organisator.jpg\",\"datePublished\":\"2022-08-25T11:40:17+00:00\",\"description\":\"Der Branchenverband SwissICT hat die Sal\u00e4rstudie 2022 ver\u00f6ffentlicht. Zum ersten Mal wurden auch die Sal\u00e4re von Lernenden erhoben.\",\"breadcrumb\":{\"@id\":\"https:\\\/\\\/www.organisator.ch\\\/management\\\/it\\\/2022-08-25\\\/salaere-in-der-it-branche-bleiben-auf-hohem-niveau-stabil\\\/#breadcrumb\"},\"inLanguage\":\"en-US\",\"potentialAction\":[{\"@type\":\"ReadAction\",\"target\":[\"https:\\\/\\\/www.organisator.ch\\\/management\\\/it\\\/2022-08-25\\\/salaere-in-der-it-branche-bleiben-auf-hohem-niveau-stabil\\\/\"]}]},{\"@type\":\"ImageObject\",\"inLanguage\":\"en-US\",\"@id\":\"https:\\\/\\\/www.organisator.ch\\\/management\\\/it\\\/2022-08-25\\\/salaere-in-der-it-branche-bleiben-auf-hohem-niveau-stabil\\\/#primaryimage\",\"url\":\"https:\\\/\\\/www.organisator.ch\\\/wp-content\\\/uploads\\\/2022\\\/08\\\/Salare-in-der-IT-Branche-bleiben-auf-hohem-Niveau-stabil_Organisator.jpg\",\"contentUrl\":\"https:\\\/\\\/www.organisator.ch\\\/wp-content\\\/uploads\\\/2022\\\/08\\\/Salare-in-der-IT-Branche-bleiben-auf-hohem-Niveau-stabil_Organisator.jpg\",\"width\":680,\"height\":349,\"caption\":\"Sal\u00e4re der ICT 2022: Trotz Digitalisierungsschub bleiben die L\u00f6hne auf hohem Niveau stabil. (Grafik: Swiss ICT)\"},{\"@type\":\"BreadcrumbList\",\"@id\":\"https:\\\/\\\/www.organisator.ch\\\/management\\\/it\\\/2022-08-25\\\/salaere-in-der-it-branche-bleiben-auf-hohem-niveau-stabil\\\/#breadcrumb\",\"itemListElement\":[{\"@type\":\"ListItem\",\"position\":1,\"name\":\"Home\",\"item\":\"https:\\\/\\\/www.organisator.ch\\\/\"},{\"@type\":\"ListItem\",\"position\":2,\"name\":\"Sal\u00e4re in der IT-Branche bleiben auf hohem Niveau stabil\"}]},{\"@type\":\"WebSite\",\"@id\":\"https:\\\/\\\/www.organisator.ch\\\/#website\",\"url\":\"https:\\\/\\\/www.organisator.ch\\\/\",\"name\":\"Organisator\",\"description\":\"Kompetent. Praxisnah. Der ORGANISATOR bereitet in 10 Ausgaben pro Jahr die wesentlichen Themen f\u00fcr F\u00fchrungskr\u00e4fte von KMU auf.\",\"publisher\":{\"@id\":\"https:\\\/\\\/www.organisator.ch\\\/#organization\"},\"potentialAction\":[{\"@type\":\"SearchAction\",\"target\":{\"@type\":\"EntryPoint\",\"urlTemplate\":\"https:\\\/\\\/www.organisator.ch\\\/?s={search_term_string}\"},\"query-input\":{\"@type\":\"PropertyValueSpecification\",\"valueRequired\":true,\"valueName\":\"search_term_string\"}}],\"inLanguage\":\"en-US\"},{\"@type\":\"Organization\",\"@id\":\"https:\\\/\\\/www.organisator.ch\\\/#organization\",\"name\":\"Organisator\",\"url\":\"https:\\\/\\\/www.organisator.ch\\\/\",\"logo\":{\"@type\":\"ImageObject\",\"inLanguage\":\"en-US\",\"@id\":\"https:\\\/\\\/www.organisator.ch\\\/#\\\/schema\\\/logo\\\/image\\\/\",\"url\":\"https:\\\/\\\/www.organisator.ch\\\/wp-content\\\/uploads\\\/2022\\\/01\\\/Logo_Organisator_Website.png\",\"contentUrl\":\"https:\\\/\\\/www.organisator.ch\\\/wp-content\\\/uploads\\\/2022\\\/01\\\/Logo_Organisator_Website.png\",\"width\":800,\"height\":77,\"caption\":\"Organisator\"},\"image\":{\"@id\":\"https:\\\/\\\/www.organisator.ch\\\/#\\\/schema\\\/logo\\\/image\\\/\"},\"sameAs\":[\"https:\\\/\\\/www.facebook.com\\\/OrganisatorFachmagazin\",\"https:\\\/\\\/www.linkedin.com\\\/showcase\\\/organisator-das-magazin-fr-kmu\",\"https:\\\/\\\/www.xing.com\\\/news\\\/pages\\\/organisator-ch-695\",\"https:\\\/\\\/www.youtube.com\\\/channel\\\/UCGP2Sq0iWaZwT3BdIAQFYpw\"]},{\"@type\":\"Person\",\"@id\":\"https:\\\/\\\/www.organisator.ch\\\/#\\\/schema\\\/person\\\/6f650f90b2842cd4c0cc334b4e36f67e\",\"name\":\"thomas.berner\",\"image\":{\"@type\":\"ImageObject\",\"inLanguage\":\"en-US\",\"@id\":\"https:\\\/\\\/secure.gravatar.com\\\/avatar\\\/ac5001d2a36cb6c6cd3e50789007ffca834b477b74a2144564522e944eabff61?s=96&d=mm&r=g\",\"url\":\"https:\\\/\\\/secure.gravatar.com\\\/avatar\\\/ac5001d2a36cb6c6cd3e50789007ffca834b477b74a2144564522e944eabff61?s=96&d=mm&r=g\",\"contentUrl\":\"https:\\\/\\\/secure.gravatar.com\\\/avatar\\\/ac5001d2a36cb6c6cd3e50789007ffca834b477b74a2144564522e944eabff61?s=96&d=mm&r=g\",\"caption\":\"thomas.berner\"},\"url\":\"https:\\\/\\\/www.organisator.ch\\\/en\\\/author\\\/thomas-berner\\\/\"}]}<\/script>\n<!-- \/ Yoast SEO plugin. -->","yoast_head_json":{"title":"Salaries in the IT industry remain stable at a high level - Organizer","description":"The industry association SwissICT has published the Salary Survey 2022. For the first time, the salaries of apprentices were also surveyed.","robots":{"index":"index","follow":"follow","max-snippet":"max-snippet:-1","max-image-preview":"max-image-preview:large","max-video-preview":"max-video-preview:-1"},"canonical":"https:\/\/www.organisator.ch\/en\/management\/it\/2022-08-25\/salaries-in-the-it-industry-remain-stable-at-a-high-level\/","og_locale":"en_US","og_type":"article","og_title":"Sal\u00e4re in der IT-Branche bleiben auf hohem Niveau stabil","og_description":"Der Branchenverband SwissICT hat die Sal\u00e4rstudie 2022 ver\u00f6ffentlicht. Zum ersten Mal wurden auch die Sal\u00e4re von Lernenden erhoben.","og_url":"https:\/\/www.organisator.ch\/en\/management\/it\/2022-08-25\/salaries-in-the-it-industry-remain-stable-at-a-high-level\/","og_site_name":"Organisator","article_publisher":"https:\/\/www.facebook.com\/OrganisatorFachmagazin","article_published_time":"2022-08-25T11:40:17+00:00","og_image":[{"width":680,"height":349,"url":"https:\/\/www.organisator.ch\/wp-content\/uploads\/2022\/08\/Salare-in-der-IT-Branche-bleiben-auf-hohem-Niveau-stabil_Organisator.jpg","type":"image\/jpeg"}],"author":"thomas.berner","twitter_card":"summary_large_image","twitter_title":"#Sal\u00e4re in der #IT-Branche bleiben auf hohem Niveau stabil","twitter_description":"Der #Branchenverband #SwissICT hat die #Sal\u00e4rstudie 2022 ver\u00f6ffentlicht. Zum ersten Mal wurden auch die #Sal\u00e4re von Lernenden erhoben.","twitter_image":"https:\/\/www.organisator.ch\/wp-content\/uploads\/2022\/08\/Salare-in-der-IT-Branche-bleiben-auf-hohem-Niveau-stabil_Organisator.jpg","schema":{"@context":"https:\/\/schema.org","@graph":[{"@type":"Article","@id":"https:\/\/www.organisator.ch\/management\/it\/2022-08-25\/salaere-in-der-it-branche-bleiben-auf-hohem-niveau-stabil\/#article","isPartOf":{"@id":"https:\/\/www.organisator.ch\/management\/it\/2022-08-25\/salaere-in-der-it-branche-bleiben-auf-hohem-niveau-stabil\/"},"author":{"name":"thomas.berner","@id":"https:\/\/www.organisator.ch\/#\/schema\/person\/6f650f90b2842cd4c0cc334b4e36f67e"},"headline":"Sal\u00e4re in der IT-Branche bleiben auf hohem Niveau stabil","datePublished":"2022-08-25T11:40:17+00:00","mainEntityOfPage":{"@id":"https:\/\/www.organisator.ch\/management\/it\/2022-08-25\/salaere-in-der-it-branche-bleiben-auf-hohem-niveau-stabil\/"},"wordCount":463,"publisher":{"@id":"https:\/\/www.organisator.ch\/#organization"},"image":{"@id":"https:\/\/www.organisator.ch\/management\/it\/2022-08-25\/salaere-in-der-it-branche-bleiben-auf-hohem-niveau-stabil\/#primaryimage"},"thumbnailUrl":"https:\/\/www.organisator.ch\/wp-content\/uploads\/2022\/08\/Salare-in-der-IT-Branche-bleiben-auf-hohem-Niveau-stabil_Organisator.jpg","keywords":["HRM","IT","L\u00f6hne","Sal\u00e4rstudie"],"articleSection":["HUMAN RESOURCES","IT"],"inLanguage":"en-US"},{"@type":"WebPage","@id":"https:\/\/www.organisator.ch\/management\/it\/2022-08-25\/salaere-in-der-it-branche-bleiben-auf-hohem-niveau-stabil\/","url":"https:\/\/www.organisator.ch\/management\/it\/2022-08-25\/salaere-in-der-it-branche-bleiben-auf-hohem-niveau-stabil\/","name":"Salaries in the IT industry remain stable at a high level - Organizer","isPartOf":{"@id":"https:\/\/www.organisator.ch\/#website"},"primaryImageOfPage":{"@id":"https:\/\/www.organisator.ch\/management\/it\/2022-08-25\/salaere-in-der-it-branche-bleiben-auf-hohem-niveau-stabil\/#primaryimage"},"image":{"@id":"https:\/\/www.organisator.ch\/management\/it\/2022-08-25\/salaere-in-der-it-branche-bleiben-auf-hohem-niveau-stabil\/#primaryimage"},"thumbnailUrl":"https:\/\/www.organisator.ch\/wp-content\/uploads\/2022\/08\/Salare-in-der-IT-Branche-bleiben-auf-hohem-Niveau-stabil_Organisator.jpg","datePublished":"2022-08-25T11:40:17+00:00","description":"The industry association SwissICT has published the Salary Survey 2022. For the first time, the salaries of apprentices were also surveyed.","breadcrumb":{"@id":"https:\/\/www.organisator.ch\/management\/it\/2022-08-25\/salaere-in-der-it-branche-bleiben-auf-hohem-niveau-stabil\/#breadcrumb"},"inLanguage":"en-US","potentialAction":[{"@type":"ReadAction","target":["https:\/\/www.organisator.ch\/management\/it\/2022-08-25\/salaere-in-der-it-branche-bleiben-auf-hohem-niveau-stabil\/"]}]},{"@type":"ImageObject","inLanguage":"en-US","@id":"https:\/\/www.organisator.ch\/management\/it\/2022-08-25\/salaere-in-der-it-branche-bleiben-auf-hohem-niveau-stabil\/#primaryimage","url":"https:\/\/www.organisator.ch\/wp-content\/uploads\/2022\/08\/Salare-in-der-IT-Branche-bleiben-auf-hohem-Niveau-stabil_Organisator.jpg","contentUrl":"https:\/\/www.organisator.ch\/wp-content\/uploads\/2022\/08\/Salare-in-der-IT-Branche-bleiben-auf-hohem-Niveau-stabil_Organisator.jpg","width":680,"height":349,"caption":"Sal\u00e4re der ICT 2022: Trotz Digitalisierungsschub bleiben die L\u00f6hne auf hohem Niveau stabil. (Grafik: Swiss ICT)"},{"@type":"BreadcrumbList","@id":"https:\/\/www.organisator.ch\/management\/it\/2022-08-25\/salaere-in-der-it-branche-bleiben-auf-hohem-niveau-stabil\/#breadcrumb","itemListElement":[{"@type":"ListItem","position":1,"name":"Home","item":"https:\/\/www.organisator.ch\/"},{"@type":"ListItem","position":2,"name":"Sal\u00e4re in der IT-Branche bleiben auf hohem Niveau stabil"}]},{"@type":"WebSite","@id":"https:\/\/www.organisator.ch\/#website","url":"https:\/\/www.organisator.ch\/","name":"Organizer","description":"Competent. Practical. In 10 issues per year, ORGANISATOR presents the essential topics for managers of SMEs.","publisher":{"@id":"https:\/\/www.organisator.ch\/#organization"},"potentialAction":[{"@type":"SearchAction","target":{"@type":"EntryPoint","urlTemplate":"https:\/\/www.organisator.ch\/?s={search_term_string}"},"query-input":{"@type":"PropertyValueSpecification","valueRequired":true,"valueName":"search_term_string"}}],"inLanguage":"en-US"},{"@type":"Organization","@id":"https:\/\/www.organisator.ch\/#organization","name":"Organizer","url":"https:\/\/www.organisator.ch\/","logo":{"@type":"ImageObject","inLanguage":"en-US","@id":"https:\/\/www.organisator.ch\/#\/schema\/logo\/image\/","url":"https:\/\/www.organisator.ch\/wp-content\/uploads\/2022\/01\/Logo_Organisator_Website.png","contentUrl":"https:\/\/www.organisator.ch\/wp-content\/uploads\/2022\/01\/Logo_Organisator_Website.png","width":800,"height":77,"caption":"Organisator"},"image":{"@id":"https:\/\/www.organisator.ch\/#\/schema\/logo\/image\/"},"sameAs":["https:\/\/www.facebook.com\/OrganisatorFachmagazin","https:\/\/www.linkedin.com\/showcase\/organisator-das-magazin-fr-kmu","https:\/\/www.xing.com\/news\/pages\/organisator-ch-695","https:\/\/www.youtube.com\/channel\/UCGP2Sq0iWaZwT3BdIAQFYpw"]},{"@type":"Person","@id":"https:\/\/www.organisator.ch\/#\/schema\/person\/6f650f90b2842cd4c0cc334b4e36f67e","name":"thomas.berner","image":{"@type":"ImageObject","inLanguage":"en-US","@id":"https:\/\/secure.gravatar.com\/avatar\/ac5001d2a36cb6c6cd3e50789007ffca834b477b74a2144564522e944eabff61?s=96&d=mm&r=g","url":"https:\/\/secure.gravatar.com\/avatar\/ac5001d2a36cb6c6cd3e50789007ffca834b477b74a2144564522e944eabff61?s=96&d=mm&r=g","contentUrl":"https:\/\/secure.gravatar.com\/avatar\/ac5001d2a36cb6c6cd3e50789007ffca834b477b74a2144564522e944eabff61?s=96&d=mm&r=g","caption":"thomas.berner"},"url":"https:\/\/www.organisator.ch\/en\/author\/thomas-berner\/"}]}},"_links":{"self":[{"href":"https:\/\/www.organisator.ch\/en\/wp-json\/wp\/v2\/posts\/16691","targetHints":{"allow":["GET"]}}],"collection":[{"href":"https:\/\/www.organisator.ch\/en\/wp-json\/wp\/v2\/posts"}],"about":[{"href":"https:\/\/www.organisator.ch\/en\/wp-json\/wp\/v2\/types\/post"}],"author":[{"embeddable":true,"href":"https:\/\/www.organisator.ch\/en\/wp-json\/wp\/v2\/users\/4"}],"replies":[{"embeddable":true,"href":"https:\/\/www.organisator.ch\/en\/wp-json\/wp\/v2\/comments?post=16691"}],"version-history":[{"count":2,"href":"https:\/\/www.organisator.ch\/en\/wp-json\/wp\/v2\/posts\/16691\/revisions"}],"predecessor-version":[{"id":16699,"href":"https:\/\/www.organisator.ch\/en\/wp-json\/wp\/v2\/posts\/16691\/revisions\/16699"}],"wp:featuredmedia":[{"embeddable":true,"href":"https:\/\/www.organisator.ch\/en\/wp-json\/wp\/v2\/media\/16698"}],"wp:attachment":[{"href":"https:\/\/www.organisator.ch\/en\/wp-json\/wp\/v2\/media?parent=16691"}],"wp:term":[{"taxonomy":"category","embeddable":true,"href":"https:\/\/www.organisator.ch\/en\/wp-json\/wp\/v2\/categories?post=16691"},{"taxonomy":"post_tag","embeddable":true,"href":"https:\/\/www.organisator.ch\/en\/wp-json\/wp\/v2\/tags?post=16691"}],"curies":[{"name":"wp","href":"https:\/\/api.w.org\/{rel}","templated":true}]}}