{"id":16693,"date":"2022-08-25T10:31:27","date_gmt":"2022-08-25T08:31:27","guid":{"rendered":"https:\/\/www.m-q.ch\/?p=16817"},"modified":"2024-11-22T10:56:16","modified_gmt":"2024-11-22T09:56:16","slug":"it-procurement-conference-sets-an-example-of-administration-in-public-awards","status":"publish","type":"post","link":"https:\/\/www.organisator.ch\/en\/operational-excellence\/2022-08-25\/it-beschaffungskonferenz-vorbildfunktion-der-verwaltung-bei-oeffentlichen-vergaben\/","title":{"rendered":"IT Procurement Conference: The Administration's Role as a Role Model in Public Procurement"},"content":{"rendered":"<figure id=\"attachment_16818\" class=\"wp-caption alignnone\" style=\"width: 680px\" aria-describedby=\"caption-attachment-16818\"><img class=\"alignnone wp-image-16818 size-full\" src=\"https:\/\/www.m-q.ch\/wp-content\/uploads\/2022\/08\/IT-Beschaffungskonferenz-Vorbildfunktion-der-Verwaltung-bei-oeffentlichen-Vergaben_MQr.jpg\" alt=\"IT Procurement Conference\" width=\"680\" height=\"467\" \/>\r\n<figcaption id=\"caption-attachment-16818\" class=\"wp-caption-text\">Plenum at the IT Procurement Conference: Rika Koch, Matthias St\u00fcrmer. Daniel Markwalder, Bertrand Loison. (Image: BFH)<\/figcaption>\r\n<\/figure>\r\n<p>The annual IT procurement conference was organized by the Institute Public Sector Transformation of the Bern University of Applied Sciences (BFH) and the Institute of Business Informatics of the University of Bern, in cooperation with the Digital Transformation and ICT Steering Division (DTI) of the Federal Chancellery, the Federal Office for Buildings and Logistics (BBL), Digital Administration Switzerland (DVS) and the associations swissICT and CH Open. The event was aimed at procurers, consultants, lawyers and specialists working in the field of public procurement.<\/p>\r\n<h3>Targeted promotion of sustainability with new criteria in public procurement law<\/h3>\r\n<p>Public procurement of information and communication technology (ICT) goods is complex. Procurers of ICT equipment must constantly weigh up the legal minimum social and ecological requirements, rising expectations of the products and the cost pressure of the client. In the process, applicable standards are rarely monitored, and sustainability has not played a significant role in the balancing act until now. This could now change.<\/p>\r\n<h3>New opportunities through revision of public procurement law<\/h3>\r\n<p>With the current revision of the Federal Law on Public Procurement (B\u00f6B), procurers can not only define additional sustainability requirements as exclusion criteria, but also reward innovation and a better life cycle assessment as part of determining the most advantageous offer. In addition, compliance with minimum standards in particular can be better verified. How these criteria are actually used in tenders and how<br \/>\r\nThe discussion among invited experts focused on the actual extent of the impact in practice.<\/p>\r\n<h3>Some insights from the IT procurement conference<\/h3>\r\n<p>Dr. Peter Pawlicki of Electronic Watch, representing a monitoring organization, notes \"a great demand for industry-independent monitoring of contractual obligations to comply with human rights and labor standards\". Another promising approach is the use of digital solutions that support the procurement process end-to-end and thus have great potential to support not only effectiveness and efficiency in purchasing, but also the enforcement and assurance of compliance with legal requirements.<\/p>\r\n<p>How can the new law be implemented in such a way that real change becomes tangible? Both the WTO panel and the specialist session on sustainable procurement revealed that cooperation between the public procuring entity and the trade associations is essential.<br \/>\r\nof the IT industry can decisively advance the issue of sustainability in the IT sector. This is vividly illustrated by the example of the negotiations between the Ministry of the Interior and the IT industry association BITKOM in Germany.<\/p>\r\n<p><a href=\"https:\/\/www.bfh.ch\/wirtschaft\/de\/aktuell\/fachveranstaltungen\/it-beschaffungskonferenz-2022\/detailprogramm\/\"><em>More information<\/em><\/a><\/p>\n<p class=\"syndicated-attribution\">This article originally appeared on m-q.ch - <a href=\"https:\/\/www.m-q.ch\/de\/it-beschaffungskonferenz-vorbildfunktion-der-verwaltung-bei-oeffentlichen-vergaben\/\" target=\"_blank\">https:\/\/www.m-q.ch\/de\/it-beschaffungskonferenz-vorbildfunktion-der-verwaltung-bei-oeffentlichen-vergaben\/<\/a><\/p>","protected":false},"excerpt":{"rendered":"<p>Die j\u00e4hrlich durchgef\u00fchrte IT-Beschaffungskonferenz wurde vom Institut Public Sector Transformation der Berner Fachhochschule BFH und dem Institut f\u00fcr Wirtschaftsinformatik der Universit\u00e4t Bern organisiert, in Kooperation mit dem Bereich Digitale Transformation und IKT-Lenkung (DTI) der Bundeskanzlei, dem Bundesamt f\u00fcr Bauten und Logistik (BBL), Digitale Verwaltung Schweiz (DVS) sowie den Vereinen swissICT und CH Open. Der Anlass [\u2026]<\/p>\n","protected":false},"author":8,"featured_media":0,"comment_status":"closed","ping_status":"closed","sticky":false,"template":"","format":"standard","meta":{"_acf_changed":false,"_yoast_wpseo_focuskw":"IT-Beschaffungskonferenz","_yoast_wpseo_metadesc":"IT-Beschaffungskonferenz: F\u00f6rderung von Nachhaltigkeit durch neue Vergabekriterien. Experten diskutieren Umsetzung.","articlekey":"","footnotes":""},"categories":[582],"tags":[3342,3343],"class_list":["post-16693","post","type-post","status-publish","format-standard","hentry","category-operational-excellence","tag-beschaffungswesen","tag-konferenz"],"acf":[],"yoast_head":"<!-- This site is optimized with the Yoast SEO plugin v27.5 - https:\/\/yoast.com\/product\/yoast-seo-wordpress\/ -->\n<title>IT-Beschaffungskonferenz: Vorbildfunktion der Verwaltung bei \u00f6ffentlichen Vergaben - Organisator<\/title>\n<meta name=\"description\" content=\"IT-Beschaffungskonferenz: F\u00f6rderung von Nachhaltigkeit durch neue Vergabekriterien. Experten diskutieren Umsetzung.\" \/>\n<meta name=\"robots\" content=\"index, follow, max-snippet:-1, max-image-preview:large, max-video-preview:-1\" \/>\n<link rel=\"canonical\" href=\"https:\/\/www.organisator.ch\/en\/operational-excellence\/2022-08-25\/it-procurement-conference-sets-an-example-of-administration-in-public-awards\/\" \/>\n<meta property=\"og:locale\" content=\"en_US\" \/>\n<meta property=\"og:type\" content=\"article\" \/>\n<meta property=\"og:title\" content=\"IT-Beschaffungskonferenz: Vorbildfunktion der Verwaltung bei \u00f6ffentlichen Vergaben - Organisator\" \/>\n<meta property=\"og:description\" content=\"IT-Beschaffungskonferenz: F\u00f6rderung von Nachhaltigkeit durch neue Vergabekriterien. Experten diskutieren Umsetzung.\" \/>\n<meta property=\"og:url\" content=\"https:\/\/www.organisator.ch\/en\/operational-excellence\/2022-08-25\/it-procurement-conference-sets-an-example-of-administration-in-public-awards\/\" \/>\n<meta property=\"og:site_name\" content=\"Organisator\" \/>\n<meta property=\"article:publisher\" content=\"https:\/\/www.facebook.com\/OrganisatorFachmagazin\" \/>\n<meta property=\"article:published_time\" content=\"2022-08-25T08:31:27+00:00\" \/>\n<meta property=\"article:modified_time\" content=\"2024-11-22T09:56:16+00:00\" \/>\n<meta name=\"author\" content=\"galledia\" \/>\n<meta name=\"twitter:card\" content=\"summary_large_image\" \/>\n<meta name=\"twitter:creator\" content=\"@admin\" \/>\n<script type=\"application\/ld+json\" class=\"yoast-schema-graph\">{\"@context\":\"https:\\\/\\\/schema.org\",\"@graph\":[{\"@type\":\"Article\",\"@id\":\"https:\\\/\\\/www.organisator.ch\\\/operational-excellence\\\/2022-08-25\\\/it-beschaffungskonferenz-vorbildfunktion-der-verwaltung-bei-oeffentlichen-vergaben\\\/#article\",\"isPartOf\":{\"@id\":\"https:\\\/\\\/www.organisator.ch\\\/operational-excellence\\\/2022-08-25\\\/it-beschaffungskonferenz-vorbildfunktion-der-verwaltung-bei-oeffentlichen-vergaben\\\/\"},\"author\":{\"name\":\"galledia\",\"@id\":\"https:\\\/\\\/www.organisator.ch\\\/#\\\/schema\\\/person\\\/4e51799071cd2dd1232ac003643ef5f0\"},\"headline\":\"IT-Beschaffungskonferenz: Vorbildfunktion der Verwaltung bei \u00f6ffentlichen Vergaben\",\"datePublished\":\"2022-08-25T08:31:27+00:00\",\"dateModified\":\"2024-11-22T09:56:16+00:00\",\"mainEntityOfPage\":{\"@id\":\"https:\\\/\\\/www.organisator.ch\\\/operational-excellence\\\/2022-08-25\\\/it-beschaffungskonferenz-vorbildfunktion-der-verwaltung-bei-oeffentlichen-vergaben\\\/\"},\"wordCount\":408,\"publisher\":{\"@id\":\"https:\\\/\\\/www.organisator.ch\\\/#organization\"},\"image\":{\"@id\":\"https:\\\/\\\/www.organisator.ch\\\/operational-excellence\\\/2022-08-25\\\/it-beschaffungskonferenz-vorbildfunktion-der-verwaltung-bei-oeffentlichen-vergaben\\\/#primaryimage\"},\"thumbnailUrl\":\"https:\\\/\\\/www.m-q.ch\\\/wp-content\\\/uploads\\\/2022\\\/08\\\/IT-Beschaffungskonferenz-Vorbildfunktion-der-Verwaltung-bei-oeffentlichen-Vergaben_MQr.jpg\",\"keywords\":[\"Beschaffungswesen\",\"Konferenz\"],\"articleSection\":[\"OPERATIONAL EXCELLENCE\"],\"inLanguage\":\"en-US\"},{\"@type\":\"WebPage\",\"@id\":\"https:\\\/\\\/www.organisator.ch\\\/operational-excellence\\\/2022-08-25\\\/it-beschaffungskonferenz-vorbildfunktion-der-verwaltung-bei-oeffentlichen-vergaben\\\/\",\"url\":\"https:\\\/\\\/www.organisator.ch\\\/operational-excellence\\\/2022-08-25\\\/it-beschaffungskonferenz-vorbildfunktion-der-verwaltung-bei-oeffentlichen-vergaben\\\/\",\"name\":\"IT-Beschaffungskonferenz: Vorbildfunktion der Verwaltung bei \u00f6ffentlichen Vergaben - Organisator\",\"isPartOf\":{\"@id\":\"https:\\\/\\\/www.organisator.ch\\\/#website\"},\"primaryImageOfPage\":{\"@id\":\"https:\\\/\\\/www.organisator.ch\\\/operational-excellence\\\/2022-08-25\\\/it-beschaffungskonferenz-vorbildfunktion-der-verwaltung-bei-oeffentlichen-vergaben\\\/#primaryimage\"},\"image\":{\"@id\":\"https:\\\/\\\/www.organisator.ch\\\/operational-excellence\\\/2022-08-25\\\/it-beschaffungskonferenz-vorbildfunktion-der-verwaltung-bei-oeffentlichen-vergaben\\\/#primaryimage\"},\"thumbnailUrl\":\"https:\\\/\\\/www.m-q.ch\\\/wp-content\\\/uploads\\\/2022\\\/08\\\/IT-Beschaffungskonferenz-Vorbildfunktion-der-Verwaltung-bei-oeffentlichen-Vergaben_MQr.jpg\",\"datePublished\":\"2022-08-25T08:31:27+00:00\",\"dateModified\":\"2024-11-22T09:56:16+00:00\",\"description\":\"IT-Beschaffungskonferenz: F\u00f6rderung von Nachhaltigkeit durch neue Vergabekriterien. Experten diskutieren Umsetzung.\",\"breadcrumb\":{\"@id\":\"https:\\\/\\\/www.organisator.ch\\\/operational-excellence\\\/2022-08-25\\\/it-beschaffungskonferenz-vorbildfunktion-der-verwaltung-bei-oeffentlichen-vergaben\\\/#breadcrumb\"},\"inLanguage\":\"en-US\",\"potentialAction\":[{\"@type\":\"ReadAction\",\"target\":[\"https:\\\/\\\/www.organisator.ch\\\/operational-excellence\\\/2022-08-25\\\/it-beschaffungskonferenz-vorbildfunktion-der-verwaltung-bei-oeffentlichen-vergaben\\\/\"]}]},{\"@type\":\"ImageObject\",\"inLanguage\":\"en-US\",\"@id\":\"https:\\\/\\\/www.organisator.ch\\\/operational-excellence\\\/2022-08-25\\\/it-beschaffungskonferenz-vorbildfunktion-der-verwaltung-bei-oeffentlichen-vergaben\\\/#primaryimage\",\"url\":\"https:\\\/\\\/www.m-q.ch\\\/wp-content\\\/uploads\\\/2022\\\/08\\\/IT-Beschaffungskonferenz-Vorbildfunktion-der-Verwaltung-bei-oeffentlichen-Vergaben_MQr.jpg\",\"contentUrl\":\"https:\\\/\\\/www.m-q.ch\\\/wp-content\\\/uploads\\\/2022\\\/08\\\/IT-Beschaffungskonferenz-Vorbildfunktion-der-Verwaltung-bei-oeffentlichen-Vergaben_MQr.jpg\"},{\"@type\":\"BreadcrumbList\",\"@id\":\"https:\\\/\\\/www.organisator.ch\\\/operational-excellence\\\/2022-08-25\\\/it-beschaffungskonferenz-vorbildfunktion-der-verwaltung-bei-oeffentlichen-vergaben\\\/#breadcrumb\",\"itemListElement\":[{\"@type\":\"ListItem\",\"position\":1,\"name\":\"Home\",\"item\":\"https:\\\/\\\/www.organisator.ch\\\/\"},{\"@type\":\"ListItem\",\"position\":2,\"name\":\"IT-Beschaffungskonferenz: Vorbildfunktion der Verwaltung bei \u00f6ffentlichen Vergaben\"}]},{\"@type\":\"WebSite\",\"@id\":\"https:\\\/\\\/www.organisator.ch\\\/#website\",\"url\":\"https:\\\/\\\/www.organisator.ch\\\/\",\"name\":\"Organisator\",\"description\":\"Kompetent. Praxisnah. Der ORGANISATOR bereitet in 10 Ausgaben pro Jahr die wesentlichen Themen f\u00fcr F\u00fchrungskr\u00e4fte von KMU auf.\",\"publisher\":{\"@id\":\"https:\\\/\\\/www.organisator.ch\\\/#organization\"},\"potentialAction\":[{\"@type\":\"SearchAction\",\"target\":{\"@type\":\"EntryPoint\",\"urlTemplate\":\"https:\\\/\\\/www.organisator.ch\\\/?s={search_term_string}\"},\"query-input\":{\"@type\":\"PropertyValueSpecification\",\"valueRequired\":true,\"valueName\":\"search_term_string\"}}],\"inLanguage\":\"en-US\"},{\"@type\":\"Organization\",\"@id\":\"https:\\\/\\\/www.organisator.ch\\\/#organization\",\"name\":\"Organisator\",\"url\":\"https:\\\/\\\/www.organisator.ch\\\/\",\"logo\":{\"@type\":\"ImageObject\",\"inLanguage\":\"en-US\",\"@id\":\"https:\\\/\\\/www.organisator.ch\\\/#\\\/schema\\\/logo\\\/image\\\/\",\"url\":\"https:\\\/\\\/www.organisator.ch\\\/wp-content\\\/uploads\\\/2022\\\/01\\\/Logo_Organisator_Website.png\",\"contentUrl\":\"https:\\\/\\\/www.organisator.ch\\\/wp-content\\\/uploads\\\/2022\\\/01\\\/Logo_Organisator_Website.png\",\"width\":800,\"height\":77,\"caption\":\"Organisator\"},\"image\":{\"@id\":\"https:\\\/\\\/www.organisator.ch\\\/#\\\/schema\\\/logo\\\/image\\\/\"},\"sameAs\":[\"https:\\\/\\\/www.facebook.com\\\/OrganisatorFachmagazin\",\"https:\\\/\\\/www.linkedin.com\\\/showcase\\\/organisator-das-magazin-fr-kmu\",\"https:\\\/\\\/www.xing.com\\\/news\\\/pages\\\/organisator-ch-695\",\"https:\\\/\\\/www.youtube.com\\\/channel\\\/UCGP2Sq0iWaZwT3BdIAQFYpw\"]},{\"@type\":\"Person\",\"@id\":\"https:\\\/\\\/www.organisator.ch\\\/#\\\/schema\\\/person\\\/4e51799071cd2dd1232ac003643ef5f0\",\"name\":\"galledia\",\"image\":{\"@type\":\"ImageObject\",\"inLanguage\":\"en-US\",\"@id\":\"https:\\\/\\\/secure.gravatar.com\\\/avatar\\\/78a7f90c01fc2bfc875782a0d4922b37cde2cf184ce347b91316d23cd7f69a36?s=96&d=mm&r=g\",\"url\":\"https:\\\/\\\/secure.gravatar.com\\\/avatar\\\/78a7f90c01fc2bfc875782a0d4922b37cde2cf184ce347b91316d23cd7f69a36?s=96&d=mm&r=g\",\"contentUrl\":\"https:\\\/\\\/secure.gravatar.com\\\/avatar\\\/78a7f90c01fc2bfc875782a0d4922b37cde2cf184ce347b91316d23cd7f69a36?s=96&d=mm&r=g\",\"caption\":\"galledia\"},\"sameAs\":[\"https:\\\/\\\/x.com\\\/admin\"],\"url\":\"https:\\\/\\\/www.organisator.ch\\\/en\\\/author\\\/galledia\\\/\"}]}<\/script>\n<!-- \/ Yoast SEO plugin. -->","yoast_head_json":{"title":"IT Procurement Conference: Exemplary Role of the Administration in Public Procurement - Organizer","description":"IT procurement conference: Promoting sustainability through new award criteria. Experts discuss implementation.","robots":{"index":"index","follow":"follow","max-snippet":"max-snippet:-1","max-image-preview":"max-image-preview:large","max-video-preview":"max-video-preview:-1"},"canonical":"https:\/\/www.organisator.ch\/en\/operational-excellence\/2022-08-25\/it-procurement-conference-sets-an-example-of-administration-in-public-awards\/","og_locale":"en_US","og_type":"article","og_title":"IT-Beschaffungskonferenz: Vorbildfunktion der Verwaltung bei \u00f6ffentlichen Vergaben - Organisator","og_description":"IT-Beschaffungskonferenz: F\u00f6rderung von Nachhaltigkeit durch neue Vergabekriterien. Experten diskutieren Umsetzung.","og_url":"https:\/\/www.organisator.ch\/en\/operational-excellence\/2022-08-25\/it-procurement-conference-sets-an-example-of-administration-in-public-awards\/","og_site_name":"Organisator","article_publisher":"https:\/\/www.facebook.com\/OrganisatorFachmagazin","article_published_time":"2022-08-25T08:31:27+00:00","article_modified_time":"2024-11-22T09:56:16+00:00","author":"galledia","twitter_card":"summary_large_image","twitter_creator":"@admin","schema":{"@context":"https:\/\/schema.org","@graph":[{"@type":"Article","@id":"https:\/\/www.organisator.ch\/operational-excellence\/2022-08-25\/it-beschaffungskonferenz-vorbildfunktion-der-verwaltung-bei-oeffentlichen-vergaben\/#article","isPartOf":{"@id":"https:\/\/www.organisator.ch\/operational-excellence\/2022-08-25\/it-beschaffungskonferenz-vorbildfunktion-der-verwaltung-bei-oeffentlichen-vergaben\/"},"author":{"name":"galledia","@id":"https:\/\/www.organisator.ch\/#\/schema\/person\/4e51799071cd2dd1232ac003643ef5f0"},"headline":"IT-Beschaffungskonferenz: Vorbildfunktion der Verwaltung bei \u00f6ffentlichen Vergaben","datePublished":"2022-08-25T08:31:27+00:00","dateModified":"2024-11-22T09:56:16+00:00","mainEntityOfPage":{"@id":"https:\/\/www.organisator.ch\/operational-excellence\/2022-08-25\/it-beschaffungskonferenz-vorbildfunktion-der-verwaltung-bei-oeffentlichen-vergaben\/"},"wordCount":408,"publisher":{"@id":"https:\/\/www.organisator.ch\/#organization"},"image":{"@id":"https:\/\/www.organisator.ch\/operational-excellence\/2022-08-25\/it-beschaffungskonferenz-vorbildfunktion-der-verwaltung-bei-oeffentlichen-vergaben\/#primaryimage"},"thumbnailUrl":"https:\/\/www.m-q.ch\/wp-content\/uploads\/2022\/08\/IT-Beschaffungskonferenz-Vorbildfunktion-der-Verwaltung-bei-oeffentlichen-Vergaben_MQr.jpg","keywords":["Beschaffungswesen","Konferenz"],"articleSection":["OPERATIONAL EXCELLENCE"],"inLanguage":"en-US"},{"@type":"WebPage","@id":"https:\/\/www.organisator.ch\/operational-excellence\/2022-08-25\/it-beschaffungskonferenz-vorbildfunktion-der-verwaltung-bei-oeffentlichen-vergaben\/","url":"https:\/\/www.organisator.ch\/operational-excellence\/2022-08-25\/it-beschaffungskonferenz-vorbildfunktion-der-verwaltung-bei-oeffentlichen-vergaben\/","name":"IT Procurement Conference: Exemplary Role of the Administration in Public Procurement - Organizer","isPartOf":{"@id":"https:\/\/www.organisator.ch\/#website"},"primaryImageOfPage":{"@id":"https:\/\/www.organisator.ch\/operational-excellence\/2022-08-25\/it-beschaffungskonferenz-vorbildfunktion-der-verwaltung-bei-oeffentlichen-vergaben\/#primaryimage"},"image":{"@id":"https:\/\/www.organisator.ch\/operational-excellence\/2022-08-25\/it-beschaffungskonferenz-vorbildfunktion-der-verwaltung-bei-oeffentlichen-vergaben\/#primaryimage"},"thumbnailUrl":"https:\/\/www.m-q.ch\/wp-content\/uploads\/2022\/08\/IT-Beschaffungskonferenz-Vorbildfunktion-der-Verwaltung-bei-oeffentlichen-Vergaben_MQr.jpg","datePublished":"2022-08-25T08:31:27+00:00","dateModified":"2024-11-22T09:56:16+00:00","description":"IT procurement conference: Promoting sustainability through new award criteria. Experts discuss implementation.","breadcrumb":{"@id":"https:\/\/www.organisator.ch\/operational-excellence\/2022-08-25\/it-beschaffungskonferenz-vorbildfunktion-der-verwaltung-bei-oeffentlichen-vergaben\/#breadcrumb"},"inLanguage":"en-US","potentialAction":[{"@type":"ReadAction","target":["https:\/\/www.organisator.ch\/operational-excellence\/2022-08-25\/it-beschaffungskonferenz-vorbildfunktion-der-verwaltung-bei-oeffentlichen-vergaben\/"]}]},{"@type":"ImageObject","inLanguage":"en-US","@id":"https:\/\/www.organisator.ch\/operational-excellence\/2022-08-25\/it-beschaffungskonferenz-vorbildfunktion-der-verwaltung-bei-oeffentlichen-vergaben\/#primaryimage","url":"https:\/\/www.m-q.ch\/wp-content\/uploads\/2022\/08\/IT-Beschaffungskonferenz-Vorbildfunktion-der-Verwaltung-bei-oeffentlichen-Vergaben_MQr.jpg","contentUrl":"https:\/\/www.m-q.ch\/wp-content\/uploads\/2022\/08\/IT-Beschaffungskonferenz-Vorbildfunktion-der-Verwaltung-bei-oeffentlichen-Vergaben_MQr.jpg"},{"@type":"BreadcrumbList","@id":"https:\/\/www.organisator.ch\/operational-excellence\/2022-08-25\/it-beschaffungskonferenz-vorbildfunktion-der-verwaltung-bei-oeffentlichen-vergaben\/#breadcrumb","itemListElement":[{"@type":"ListItem","position":1,"name":"Home","item":"https:\/\/www.organisator.ch\/"},{"@type":"ListItem","position":2,"name":"IT-Beschaffungskonferenz: Vorbildfunktion der Verwaltung bei \u00f6ffentlichen Vergaben"}]},{"@type":"WebSite","@id":"https:\/\/www.organisator.ch\/#website","url":"https:\/\/www.organisator.ch\/","name":"Organizer","description":"Competent. Practical. In 10 issues per year, ORGANISATOR presents the essential topics for managers of SMEs.","publisher":{"@id":"https:\/\/www.organisator.ch\/#organization"},"potentialAction":[{"@type":"SearchAction","target":{"@type":"EntryPoint","urlTemplate":"https:\/\/www.organisator.ch\/?s={search_term_string}"},"query-input":{"@type":"PropertyValueSpecification","valueRequired":true,"valueName":"search_term_string"}}],"inLanguage":"en-US"},{"@type":"Organization","@id":"https:\/\/www.organisator.ch\/#organization","name":"Organizer","url":"https:\/\/www.organisator.ch\/","logo":{"@type":"ImageObject","inLanguage":"en-US","@id":"https:\/\/www.organisator.ch\/#\/schema\/logo\/image\/","url":"https:\/\/www.organisator.ch\/wp-content\/uploads\/2022\/01\/Logo_Organisator_Website.png","contentUrl":"https:\/\/www.organisator.ch\/wp-content\/uploads\/2022\/01\/Logo_Organisator_Website.png","width":800,"height":77,"caption":"Organisator"},"image":{"@id":"https:\/\/www.organisator.ch\/#\/schema\/logo\/image\/"},"sameAs":["https:\/\/www.facebook.com\/OrganisatorFachmagazin","https:\/\/www.linkedin.com\/showcase\/organisator-das-magazin-fr-kmu","https:\/\/www.xing.com\/news\/pages\/organisator-ch-695","https:\/\/www.youtube.com\/channel\/UCGP2Sq0iWaZwT3BdIAQFYpw"]},{"@type":"Person","@id":"https:\/\/www.organisator.ch\/#\/schema\/person\/4e51799071cd2dd1232ac003643ef5f0","name":"galledia","image":{"@type":"ImageObject","inLanguage":"en-US","@id":"https:\/\/secure.gravatar.com\/avatar\/78a7f90c01fc2bfc875782a0d4922b37cde2cf184ce347b91316d23cd7f69a36?s=96&d=mm&r=g","url":"https:\/\/secure.gravatar.com\/avatar\/78a7f90c01fc2bfc875782a0d4922b37cde2cf184ce347b91316d23cd7f69a36?s=96&d=mm&r=g","contentUrl":"https:\/\/secure.gravatar.com\/avatar\/78a7f90c01fc2bfc875782a0d4922b37cde2cf184ce347b91316d23cd7f69a36?s=96&d=mm&r=g","caption":"galledia"},"sameAs":["https:\/\/x.com\/admin"],"url":"https:\/\/www.organisator.ch\/en\/author\/galledia\/"}]}},"_links":{"self":[{"href":"https:\/\/www.organisator.ch\/en\/wp-json\/wp\/v2\/posts\/16693","targetHints":{"allow":["GET"]}}],"collection":[{"href":"https:\/\/www.organisator.ch\/en\/wp-json\/wp\/v2\/posts"}],"about":[{"href":"https:\/\/www.organisator.ch\/en\/wp-json\/wp\/v2\/types\/post"}],"author":[{"embeddable":true,"href":"https:\/\/www.organisator.ch\/en\/wp-json\/wp\/v2\/users\/8"}],"replies":[{"embeddable":true,"href":"https:\/\/www.organisator.ch\/en\/wp-json\/wp\/v2\/comments?post=16693"}],"version-history":[{"count":3,"href":"https:\/\/www.organisator.ch\/en\/wp-json\/wp\/v2\/posts\/16693\/revisions"}],"predecessor-version":[{"id":33886,"href":"https:\/\/www.organisator.ch\/en\/wp-json\/wp\/v2\/posts\/16693\/revisions\/33886"}],"wp:attachment":[{"href":"https:\/\/www.organisator.ch\/en\/wp-json\/wp\/v2\/media?parent=16693"}],"wp:term":[{"taxonomy":"category","embeddable":true,"href":"https:\/\/www.organisator.ch\/en\/wp-json\/wp\/v2\/categories?post=16693"},{"taxonomy":"post_tag","embeddable":true,"href":"https:\/\/www.organisator.ch\/en\/wp-json\/wp\/v2\/tags?post=16693"}],"curies":[{"name":"wp","href":"https:\/\/api.w.org\/{rel}","templated":true}]}}