{"id":16704,"date":"2022-08-25T16:58:37","date_gmt":"2022-08-25T14:58:37","guid":{"rendered":"https:\/\/www.werbewoche.ch\/?p=184952"},"modified":"2024-11-22T10:53:12","modified_gmt":"2024-11-22T09:53:12","slug":"brand-campaign-salted-salt-the-top-result","status":"publish","type":"post","link":"https:\/\/www.organisator.ch\/en\/marketing\/2022-08-25\/markenkampagne-versalzt-salt-das-top-ergebnis\/","title":{"rendered":"Brand campaign spoils Salt's top result"},"content":{"rendered":"<p class=\"p1\"><img class=\"alignnone wp-image-184953 size-full\" src=\"https:\/\/www.werbewoche.ch\/wp-content\/uploads\/2022\/08\/Bildschirmfoto-2022-08-25-um-16.55.png\" alt=\"Salt sales growth\" width=\"1200\" height=\"392\" \/>Sales increased by 4.2 percent to CHF 520.2 million in the first six months, Salt parent company Matterhorn Telecom announced in its half-year report on Thursday. Operating profit before depreciation and amortization (EBITDA) climbed 3.8 percent to 264.7 million francs. EBITDA was held back by expenses for a national brand campaign in May.<\/p>\r\n<p class=\"p1\">Net profit at Salt parent company Matterhorn Telecom fell significantly in the first half to CHF 52.8 million from CHF 92.8 million a year ago. However, the marked decline is attributable to the sale of cell phone antenna masts a year ago, which at the time had flushed a one-time gain of CHF 48.2 million into the coffers and thus pushed the result upward.<\/p>\r\n<h3 class=\"p1\"><b>Significant customer growth<\/b><\/h3>\r\n<p class=\"p1\">The third-largest telecom provider in Switzerland grew in all three business segments. In mobile telephony, Salt gained 42,800 net new subscription customers in the first half of the year. In the second quarter alone, Salt reported the strongest customer growth in ten years.<\/p>\r\n<p class=\"p1\">This resulted in a subscriber base of 1.419 million as of the end of June. The company owned by French telecoms entrepreneur Xavier Niel thus broke the 1.4 million subscriber barrier. The positive momentum also continued in broadband Internet and TV services, as well as in mobile communications for corporate customers.<\/p>\r\n<p class=\"p1\">By way of comparison, Swisscom was able to attract around 72,000 net additional mobile subscription customers in the first half of the year, Sunrise as many as 92,000.<\/p>\r\n<p class=\"p1\">All three providers have thus gained over 200,000 new customers in the first six months. One reason is the population growth in Switzerland, said Salt CEO Pascal Grieder in an interview with the news agency AWP on the sidelines of the media conference. Another reason is the increasing use of multiple mobile devices and therefore also SIM cards.<\/p>\r\n<h3 class=\"p1\"><b>Attack on Swisscom and Sunrise at SMEs<\/b><\/h3>\r\n<p class=\"p1\">In the micro and small business segment, Salt now wants to attack its competitors Swisscom and Sunrise in the fixed network as well. To this end, the number three is launching a new broadband and fixed-network telephony offering that aims to win SME customers from the two competitors with significantly cheaper prices.<\/p>\r\n<p class=\"p1\">Demand for the new residential subscriptions launched in July is very good, Grieder said. Roaming revenues, however, are still below pre-Corona levels, despite the travel boom this summer, and are unlikely to reach them again.<\/p>\r\n<p class=\"p1\">On the one hand, there are more subscriptions that include roaming packages, said Grieder. On the other hand, customers without roaming packages would be more reluctant to use their mobile devices abroad. \"We therefore assume that the roaming peak is behind us,\" said the Salt CEO.<\/p>\r\n<h3 class=\"p1\"><b>Dispute with Bakom settled<\/b><\/h3>\r\n<p class=\"p1\">The dispute with the Federal Office of Communications (Bakom) over excessive roaming limits, which led to bill shocks after returning from abroad, is over, he said. The limit has been lowered to 250 francs in the default settings, Grieder said. With the new subscriptions, the limit is even zero. Customers would first have to buy a roaming package, otherwise they would not be able to surf on their cell phones abroad.<\/p>\r\n<p class=\"p1\">Last year, consumer protection groups accused Salt of breaking the law with regard to roaming rates. Bakom had threatened the telecom provider with an injunction if Salt did not relent.<\/p>\r\n<p class=\"p1\">Looking ahead, Grieder is optimistic: \"We had a very good first half and have carried good momentum into the second half.\"<\/p>\r\n<p class=\"p1\">The dispute between Swisscom and the Swiss Federal Competition Commission Weko over the type of fiber optic rollout has not yet been resolved. The Weko has stopped Swisscom's rollout, which also affects Salt, which has a cooperation agreement with Swisscom. As a result, Salt cannot put a six-digit number of fiber-optic connections into operation. <em>(sda.)<\/em><\/p>","protected":false},"excerpt":{"rendered":"<p>Der Umsatz legte in den ersten sechs Monaten um 4,2 Prozent auf 520,2 Millionen Franken zu, wie die Salt-Muttergesellschaft Matterhorn Telecom am Donnerstag im Semesterbericht bekannt gab. Der Betriebsgewinn vor Abschreibungen und Amortisationen (EBITDA) kletterte um 3,8 Prozent auf 264,7 Millionen Franken. Dabei wurde der EBITDA von den Ausgaben f\u00fcr eine nationale Markenkampagne im Mai [\u2026]<\/p>\n","protected":false},"author":8,"featured_media":0,"comment_status":"closed","ping_status":"closed","sticky":false,"template":"","format":"standard","meta":{"_acf_changed":false,"_yoast_wpseo_focuskw":"Salt Umsatzwachstum","_yoast_wpseo_metadesc":"Salt steigert Umsatz um 4,2 % im ersten Halbjahr 2022. Starkes Kundenwachstum trotz Herausforderungen.","articlekey":"","footnotes":""},"categories":[29],"tags":[3345],"class_list":["post-16704","post","type-post","status-publish","format-standard","hentry","category-marketing","tag-salt"],"acf":[],"yoast_head":"<!-- This site is optimized with the Yoast SEO plugin v27.5 - https:\/\/yoast.com\/product\/yoast-seo-wordpress\/ -->\n<title>Markenkampagne versalzt Salt das Top-Ergebnis - Organisator<\/title>\n<meta name=\"description\" content=\"Salt steigert Umsatz um 4,2 % im ersten Halbjahr 2022. Starkes Kundenwachstum trotz Herausforderungen.\" \/>\n<meta name=\"robots\" content=\"index, follow, max-snippet:-1, max-image-preview:large, max-video-preview:-1\" \/>\n<link rel=\"canonical\" href=\"https:\/\/www.organisator.ch\/en\/marketing\/2022-08-25\/brand-campaign-salted-salt-the-top-result\/\" \/>\n<meta property=\"og:locale\" content=\"en_US\" \/>\n<meta property=\"og:type\" content=\"article\" \/>\n<meta property=\"og:title\" content=\"Markenkampagne versalzt Salt das Top-Ergebnis - Organisator\" \/>\n<meta property=\"og:description\" content=\"Salt steigert Umsatz um 4,2 % im ersten Halbjahr 2022. Starkes Kundenwachstum trotz Herausforderungen.\" \/>\n<meta property=\"og:url\" content=\"https:\/\/www.organisator.ch\/en\/marketing\/2022-08-25\/brand-campaign-salted-salt-the-top-result\/\" \/>\n<meta property=\"og:site_name\" content=\"Organisator\" \/>\n<meta property=\"article:publisher\" content=\"https:\/\/www.facebook.com\/OrganisatorFachmagazin\" \/>\n<meta property=\"article:published_time\" content=\"2022-08-25T14:58:37+00:00\" \/>\n<meta property=\"article:modified_time\" content=\"2024-11-22T09:53:12+00:00\" \/>\n<meta name=\"author\" content=\"galledia\" \/>\n<meta name=\"twitter:card\" content=\"summary_large_image\" \/>\n<meta name=\"twitter:creator\" content=\"@admin\" \/>\n<script type=\"application\/ld+json\" class=\"yoast-schema-graph\">{\"@context\":\"https:\\\/\\\/schema.org\",\"@graph\":[{\"@type\":\"Article\",\"@id\":\"https:\\\/\\\/www.organisator.ch\\\/marketing\\\/2022-08-25\\\/markenkampagne-versalzt-salt-das-top-ergebnis\\\/#article\",\"isPartOf\":{\"@id\":\"https:\\\/\\\/www.organisator.ch\\\/marketing\\\/2022-08-25\\\/markenkampagne-versalzt-salt-das-top-ergebnis\\\/\"},\"author\":{\"name\":\"galledia\",\"@id\":\"https:\\\/\\\/www.organisator.ch\\\/#\\\/schema\\\/person\\\/4e51799071cd2dd1232ac003643ef5f0\"},\"headline\":\"Markenkampagne versalzt Salt das Top-Ergebnis\",\"datePublished\":\"2022-08-25T14:58:37+00:00\",\"dateModified\":\"2024-11-22T09:53:12+00:00\",\"mainEntityOfPage\":{\"@id\":\"https:\\\/\\\/www.organisator.ch\\\/marketing\\\/2022-08-25\\\/markenkampagne-versalzt-salt-das-top-ergebnis\\\/\"},\"wordCount\":583,\"publisher\":{\"@id\":\"https:\\\/\\\/www.organisator.ch\\\/#organization\"},\"image\":{\"@id\":\"https:\\\/\\\/www.organisator.ch\\\/marketing\\\/2022-08-25\\\/markenkampagne-versalzt-salt-das-top-ergebnis\\\/#primaryimage\"},\"thumbnailUrl\":\"https:\\\/\\\/www.werbewoche.ch\\\/wp-content\\\/uploads\\\/2022\\\/08\\\/Bildschirmfoto-2022-08-25-um-16.55.png\",\"keywords\":[\"Salt\"],\"articleSection\":[\"MARKETING\"],\"inLanguage\":\"en-US\"},{\"@type\":\"WebPage\",\"@id\":\"https:\\\/\\\/www.organisator.ch\\\/marketing\\\/2022-08-25\\\/markenkampagne-versalzt-salt-das-top-ergebnis\\\/\",\"url\":\"https:\\\/\\\/www.organisator.ch\\\/marketing\\\/2022-08-25\\\/markenkampagne-versalzt-salt-das-top-ergebnis\\\/\",\"name\":\"Markenkampagne versalzt Salt das Top-Ergebnis - Organisator\",\"isPartOf\":{\"@id\":\"https:\\\/\\\/www.organisator.ch\\\/#website\"},\"primaryImageOfPage\":{\"@id\":\"https:\\\/\\\/www.organisator.ch\\\/marketing\\\/2022-08-25\\\/markenkampagne-versalzt-salt-das-top-ergebnis\\\/#primaryimage\"},\"image\":{\"@id\":\"https:\\\/\\\/www.organisator.ch\\\/marketing\\\/2022-08-25\\\/markenkampagne-versalzt-salt-das-top-ergebnis\\\/#primaryimage\"},\"thumbnailUrl\":\"https:\\\/\\\/www.werbewoche.ch\\\/wp-content\\\/uploads\\\/2022\\\/08\\\/Bildschirmfoto-2022-08-25-um-16.55.png\",\"datePublished\":\"2022-08-25T14:58:37+00:00\",\"dateModified\":\"2024-11-22T09:53:12+00:00\",\"description\":\"Salt steigert Umsatz um 4,2 % im ersten Halbjahr 2022. Starkes Kundenwachstum trotz Herausforderungen.\",\"breadcrumb\":{\"@id\":\"https:\\\/\\\/www.organisator.ch\\\/marketing\\\/2022-08-25\\\/markenkampagne-versalzt-salt-das-top-ergebnis\\\/#breadcrumb\"},\"inLanguage\":\"en-US\",\"potentialAction\":[{\"@type\":\"ReadAction\",\"target\":[\"https:\\\/\\\/www.organisator.ch\\\/marketing\\\/2022-08-25\\\/markenkampagne-versalzt-salt-das-top-ergebnis\\\/\"]}]},{\"@type\":\"ImageObject\",\"inLanguage\":\"en-US\",\"@id\":\"https:\\\/\\\/www.organisator.ch\\\/marketing\\\/2022-08-25\\\/markenkampagne-versalzt-salt-das-top-ergebnis\\\/#primaryimage\",\"url\":\"https:\\\/\\\/www.werbewoche.ch\\\/wp-content\\\/uploads\\\/2022\\\/08\\\/Bildschirmfoto-2022-08-25-um-16.55.png\",\"contentUrl\":\"https:\\\/\\\/www.werbewoche.ch\\\/wp-content\\\/uploads\\\/2022\\\/08\\\/Bildschirmfoto-2022-08-25-um-16.55.png\"},{\"@type\":\"BreadcrumbList\",\"@id\":\"https:\\\/\\\/www.organisator.ch\\\/marketing\\\/2022-08-25\\\/markenkampagne-versalzt-salt-das-top-ergebnis\\\/#breadcrumb\",\"itemListElement\":[{\"@type\":\"ListItem\",\"position\":1,\"name\":\"Home\",\"item\":\"https:\\\/\\\/www.organisator.ch\\\/\"},{\"@type\":\"ListItem\",\"position\":2,\"name\":\"Markenkampagne versalzt Salt das Top-Ergebnis\"}]},{\"@type\":\"WebSite\",\"@id\":\"https:\\\/\\\/www.organisator.ch\\\/#website\",\"url\":\"https:\\\/\\\/www.organisator.ch\\\/\",\"name\":\"Organisator\",\"description\":\"Kompetent. Praxisnah. Der ORGANISATOR bereitet in 10 Ausgaben pro Jahr die wesentlichen Themen f\u00fcr F\u00fchrungskr\u00e4fte von KMU auf.\",\"publisher\":{\"@id\":\"https:\\\/\\\/www.organisator.ch\\\/#organization\"},\"potentialAction\":[{\"@type\":\"SearchAction\",\"target\":{\"@type\":\"EntryPoint\",\"urlTemplate\":\"https:\\\/\\\/www.organisator.ch\\\/?s={search_term_string}\"},\"query-input\":{\"@type\":\"PropertyValueSpecification\",\"valueRequired\":true,\"valueName\":\"search_term_string\"}}],\"inLanguage\":\"en-US\"},{\"@type\":\"Organization\",\"@id\":\"https:\\\/\\\/www.organisator.ch\\\/#organization\",\"name\":\"Organisator\",\"url\":\"https:\\\/\\\/www.organisator.ch\\\/\",\"logo\":{\"@type\":\"ImageObject\",\"inLanguage\":\"en-US\",\"@id\":\"https:\\\/\\\/www.organisator.ch\\\/#\\\/schema\\\/logo\\\/image\\\/\",\"url\":\"https:\\\/\\\/www.organisator.ch\\\/wp-content\\\/uploads\\\/2022\\\/01\\\/Logo_Organisator_Website.png\",\"contentUrl\":\"https:\\\/\\\/www.organisator.ch\\\/wp-content\\\/uploads\\\/2022\\\/01\\\/Logo_Organisator_Website.png\",\"width\":800,\"height\":77,\"caption\":\"Organisator\"},\"image\":{\"@id\":\"https:\\\/\\\/www.organisator.ch\\\/#\\\/schema\\\/logo\\\/image\\\/\"},\"sameAs\":[\"https:\\\/\\\/www.facebook.com\\\/OrganisatorFachmagazin\",\"https:\\\/\\\/www.linkedin.com\\\/showcase\\\/organisator-das-magazin-fr-kmu\",\"https:\\\/\\\/www.xing.com\\\/news\\\/pages\\\/organisator-ch-695\",\"https:\\\/\\\/www.youtube.com\\\/channel\\\/UCGP2Sq0iWaZwT3BdIAQFYpw\"]},{\"@type\":\"Person\",\"@id\":\"https:\\\/\\\/www.organisator.ch\\\/#\\\/schema\\\/person\\\/4e51799071cd2dd1232ac003643ef5f0\",\"name\":\"galledia\",\"image\":{\"@type\":\"ImageObject\",\"inLanguage\":\"en-US\",\"@id\":\"https:\\\/\\\/secure.gravatar.com\\\/avatar\\\/78a7f90c01fc2bfc875782a0d4922b37cde2cf184ce347b91316d23cd7f69a36?s=96&d=mm&r=g\",\"url\":\"https:\\\/\\\/secure.gravatar.com\\\/avatar\\\/78a7f90c01fc2bfc875782a0d4922b37cde2cf184ce347b91316d23cd7f69a36?s=96&d=mm&r=g\",\"contentUrl\":\"https:\\\/\\\/secure.gravatar.com\\\/avatar\\\/78a7f90c01fc2bfc875782a0d4922b37cde2cf184ce347b91316d23cd7f69a36?s=96&d=mm&r=g\",\"caption\":\"galledia\"},\"sameAs\":[\"https:\\\/\\\/x.com\\\/admin\"],\"url\":\"https:\\\/\\\/www.organisator.ch\\\/en\\\/author\\\/galledia\\\/\"}]}<\/script>\n<!-- \/ Yoast SEO plugin. -->","yoast_head_json":{"title":"Brand campaign sours Salt's top result - organizer","description":"Salt increases revenue by 4.2 % in the first half of 2022. Strong customer growth despite challenges.","robots":{"index":"index","follow":"follow","max-snippet":"max-snippet:-1","max-image-preview":"max-image-preview:large","max-video-preview":"max-video-preview:-1"},"canonical":"https:\/\/www.organisator.ch\/en\/marketing\/2022-08-25\/brand-campaign-salted-salt-the-top-result\/","og_locale":"en_US","og_type":"article","og_title":"Markenkampagne versalzt Salt das Top-Ergebnis - Organisator","og_description":"Salt steigert Umsatz um 4,2 % im ersten Halbjahr 2022. Starkes Kundenwachstum trotz Herausforderungen.","og_url":"https:\/\/www.organisator.ch\/en\/marketing\/2022-08-25\/brand-campaign-salted-salt-the-top-result\/","og_site_name":"Organisator","article_publisher":"https:\/\/www.facebook.com\/OrganisatorFachmagazin","article_published_time":"2022-08-25T14:58:37+00:00","article_modified_time":"2024-11-22T09:53:12+00:00","author":"galledia","twitter_card":"summary_large_image","twitter_creator":"@admin","schema":{"@context":"https:\/\/schema.org","@graph":[{"@type":"Article","@id":"https:\/\/www.organisator.ch\/marketing\/2022-08-25\/markenkampagne-versalzt-salt-das-top-ergebnis\/#article","isPartOf":{"@id":"https:\/\/www.organisator.ch\/marketing\/2022-08-25\/markenkampagne-versalzt-salt-das-top-ergebnis\/"},"author":{"name":"galledia","@id":"https:\/\/www.organisator.ch\/#\/schema\/person\/4e51799071cd2dd1232ac003643ef5f0"},"headline":"Markenkampagne versalzt Salt das Top-Ergebnis","datePublished":"2022-08-25T14:58:37+00:00","dateModified":"2024-11-22T09:53:12+00:00","mainEntityOfPage":{"@id":"https:\/\/www.organisator.ch\/marketing\/2022-08-25\/markenkampagne-versalzt-salt-das-top-ergebnis\/"},"wordCount":583,"publisher":{"@id":"https:\/\/www.organisator.ch\/#organization"},"image":{"@id":"https:\/\/www.organisator.ch\/marketing\/2022-08-25\/markenkampagne-versalzt-salt-das-top-ergebnis\/#primaryimage"},"thumbnailUrl":"https:\/\/www.werbewoche.ch\/wp-content\/uploads\/2022\/08\/Bildschirmfoto-2022-08-25-um-16.55.png","keywords":["Salt"],"articleSection":["MARKETING"],"inLanguage":"en-US"},{"@type":"WebPage","@id":"https:\/\/www.organisator.ch\/marketing\/2022-08-25\/markenkampagne-versalzt-salt-das-top-ergebnis\/","url":"https:\/\/www.organisator.ch\/marketing\/2022-08-25\/markenkampagne-versalzt-salt-das-top-ergebnis\/","name":"Brand campaign sours Salt's top result - organizer","isPartOf":{"@id":"https:\/\/www.organisator.ch\/#website"},"primaryImageOfPage":{"@id":"https:\/\/www.organisator.ch\/marketing\/2022-08-25\/markenkampagne-versalzt-salt-das-top-ergebnis\/#primaryimage"},"image":{"@id":"https:\/\/www.organisator.ch\/marketing\/2022-08-25\/markenkampagne-versalzt-salt-das-top-ergebnis\/#primaryimage"},"thumbnailUrl":"https:\/\/www.werbewoche.ch\/wp-content\/uploads\/2022\/08\/Bildschirmfoto-2022-08-25-um-16.55.png","datePublished":"2022-08-25T14:58:37+00:00","dateModified":"2024-11-22T09:53:12+00:00","description":"Salt increases revenue by 4.2 % in the first half of 2022. Strong customer growth despite challenges.","breadcrumb":{"@id":"https:\/\/www.organisator.ch\/marketing\/2022-08-25\/markenkampagne-versalzt-salt-das-top-ergebnis\/#breadcrumb"},"inLanguage":"en-US","potentialAction":[{"@type":"ReadAction","target":["https:\/\/www.organisator.ch\/marketing\/2022-08-25\/markenkampagne-versalzt-salt-das-top-ergebnis\/"]}]},{"@type":"ImageObject","inLanguage":"en-US","@id":"https:\/\/www.organisator.ch\/marketing\/2022-08-25\/markenkampagne-versalzt-salt-das-top-ergebnis\/#primaryimage","url":"https:\/\/www.werbewoche.ch\/wp-content\/uploads\/2022\/08\/Bildschirmfoto-2022-08-25-um-16.55.png","contentUrl":"https:\/\/www.werbewoche.ch\/wp-content\/uploads\/2022\/08\/Bildschirmfoto-2022-08-25-um-16.55.png"},{"@type":"BreadcrumbList","@id":"https:\/\/www.organisator.ch\/marketing\/2022-08-25\/markenkampagne-versalzt-salt-das-top-ergebnis\/#breadcrumb","itemListElement":[{"@type":"ListItem","position":1,"name":"Home","item":"https:\/\/www.organisator.ch\/"},{"@type":"ListItem","position":2,"name":"Markenkampagne versalzt Salt das Top-Ergebnis"}]},{"@type":"WebSite","@id":"https:\/\/www.organisator.ch\/#website","url":"https:\/\/www.organisator.ch\/","name":"Organizer","description":"Competent. Practical. In 10 issues per year, ORGANISATOR presents the essential topics for managers of SMEs.","publisher":{"@id":"https:\/\/www.organisator.ch\/#organization"},"potentialAction":[{"@type":"SearchAction","target":{"@type":"EntryPoint","urlTemplate":"https:\/\/www.organisator.ch\/?s={search_term_string}"},"query-input":{"@type":"PropertyValueSpecification","valueRequired":true,"valueName":"search_term_string"}}],"inLanguage":"en-US"},{"@type":"Organization","@id":"https:\/\/www.organisator.ch\/#organization","name":"Organizer","url":"https:\/\/www.organisator.ch\/","logo":{"@type":"ImageObject","inLanguage":"en-US","@id":"https:\/\/www.organisator.ch\/#\/schema\/logo\/image\/","url":"https:\/\/www.organisator.ch\/wp-content\/uploads\/2022\/01\/Logo_Organisator_Website.png","contentUrl":"https:\/\/www.organisator.ch\/wp-content\/uploads\/2022\/01\/Logo_Organisator_Website.png","width":800,"height":77,"caption":"Organisator"},"image":{"@id":"https:\/\/www.organisator.ch\/#\/schema\/logo\/image\/"},"sameAs":["https:\/\/www.facebook.com\/OrganisatorFachmagazin","https:\/\/www.linkedin.com\/showcase\/organisator-das-magazin-fr-kmu","https:\/\/www.xing.com\/news\/pages\/organisator-ch-695","https:\/\/www.youtube.com\/channel\/UCGP2Sq0iWaZwT3BdIAQFYpw"]},{"@type":"Person","@id":"https:\/\/www.organisator.ch\/#\/schema\/person\/4e51799071cd2dd1232ac003643ef5f0","name":"galledia","image":{"@type":"ImageObject","inLanguage":"en-US","@id":"https:\/\/secure.gravatar.com\/avatar\/78a7f90c01fc2bfc875782a0d4922b37cde2cf184ce347b91316d23cd7f69a36?s=96&d=mm&r=g","url":"https:\/\/secure.gravatar.com\/avatar\/78a7f90c01fc2bfc875782a0d4922b37cde2cf184ce347b91316d23cd7f69a36?s=96&d=mm&r=g","contentUrl":"https:\/\/secure.gravatar.com\/avatar\/78a7f90c01fc2bfc875782a0d4922b37cde2cf184ce347b91316d23cd7f69a36?s=96&d=mm&r=g","caption":"galledia"},"sameAs":["https:\/\/x.com\/admin"],"url":"https:\/\/www.organisator.ch\/en\/author\/galledia\/"}]}},"_links":{"self":[{"href":"https:\/\/www.organisator.ch\/en\/wp-json\/wp\/v2\/posts\/16704","targetHints":{"allow":["GET"]}}],"collection":[{"href":"https:\/\/www.organisator.ch\/en\/wp-json\/wp\/v2\/posts"}],"about":[{"href":"https:\/\/www.organisator.ch\/en\/wp-json\/wp\/v2\/types\/post"}],"author":[{"embeddable":true,"href":"https:\/\/www.organisator.ch\/en\/wp-json\/wp\/v2\/users\/8"}],"replies":[{"embeddable":true,"href":"https:\/\/www.organisator.ch\/en\/wp-json\/wp\/v2\/comments?post=16704"}],"version-history":[{"count":2,"href":"https:\/\/www.organisator.ch\/en\/wp-json\/wp\/v2\/posts\/16704\/revisions"}],"predecessor-version":[{"id":33885,"href":"https:\/\/www.organisator.ch\/en\/wp-json\/wp\/v2\/posts\/16704\/revisions\/33885"}],"wp:attachment":[{"href":"https:\/\/www.organisator.ch\/en\/wp-json\/wp\/v2\/media?parent=16704"}],"wp:term":[{"taxonomy":"category","embeddable":true,"href":"https:\/\/www.organisator.ch\/en\/wp-json\/wp\/v2\/categories?post=16704"},{"taxonomy":"post_tag","embeddable":true,"href":"https:\/\/www.organisator.ch\/en\/wp-json\/wp\/v2\/tags?post=16704"}],"curies":[{"name":"wp","href":"https:\/\/api.w.org\/{rel}","templated":true}]}}