{"id":16707,"date":"2022-08-26T08:04:28","date_gmt":"2022-08-26T06:04:28","guid":{"rendered":"https:\/\/www.m-q.ch\/?p=16820"},"modified":"2024-11-22T10:52:40","modified_gmt":"2024-11-22T09:52:40","slug":"new-manager-audit-at-the-zuercher-cantonal-bank","status":"publish","type":"post","link":"https:\/\/www.organisator.ch\/en\/operational-excellence\/2022-08-26\/neuer-leiter-audit-bei-der-zuercher-kantonalbank\/","title":{"rendered":"New Head of Audit at Z\u00fcrcher Kantonalbank"},"content":{"rendered":"<figure id=\"attachment_16822\" class=\"wp-caption alignnone\" style=\"width: 680px\" aria-describedby=\"caption-attachment-16822\"><img class=\"alignnone wp-image-16822 size-full\" src=\"https:\/\/www.m-q.ch\/wp-content\/uploads\/2022\/08\/Neuer-Leiter-Audit-bei-der-Zuercher-Kantonalbank_MQ.jpg\" alt=\"Zurich Cantonal Bank\" width=\"680\" height=\"454\" \/>\r\n<figcaption id=\"caption-attachment-16822\" class=\"wp-caption-text\">Designated new Head of Audit at Z\u00fcrcher Kantonalbank: Dr. J\u00f6rg Steinger. (Image: ZKB)<\/figcaption>\r\n<\/figure>\r\n<p>Dr. J\u00f6rg Steinger has been appointed at Z\u00fcrcher Kantonalbank ZKB to succeed Walter Seif, who has been Head of Internal Audit since 2015 and will leave the bank on June 30, 2023. To ensure an orderly transition, Dr. J\u00f6rg Steinger will join the bank as the new Head of Audit as early as April 1, 2023, according to ZKB.<\/p>\r\n<h3>For strong corporate governance<\/h3>\r\n<p>\"We are very pleased to have been able to recruit Dr. J\u00f6rg Steinger for this responsible role. He is a recognized expert in the field of internal audit and a proven leader who also has broad experience in various banks,\" said Dr. J\u00f6rg M\u00fcller-Ganz, Chairman of the Bank Council of Z\u00fcrcher Kantonalbank. \"As part of a multi-stage selection process, the Bank Council carefully evaluated internal and external candidates. Dr. J\u00f6rg Steinger brings with him all the prerequisites to continue the strong corporate governance of Z\u00fcrcher Kantonalbank and to tackle future challenges. His extensive experience in the financial industry and in the area of digitalization will stand him in good stead.\"<\/p>\r\n<h3>From Vontobel to ZKB<\/h3>\r\n<p>Dr. J\u00f6rg Steinger looks back on more than 30 years in internal auditing. He has been Head of Internal Audit at Vontobel since 2013. Prior to that, he spent around 15 years at Luzerner Kantonalbank, first as Head of Internal Audit and then as Head of Risk &amp; Process Management. From 1994 to 1999, he worked in Internal Audit at Schweizerische Kreditanstalt and Credit Suisse Group respectively. He received his doctorate from the University of St. Gallen on digitalization in internal auditing and holds a degree as a Swiss Certified Public Accountant. Dr. J\u00f6rg Steinger is a Swiss citizen.<\/p>\r\n<h3>Reporting to the Bank Council as Head of Audit<\/h3>\r\n<p>With over 50 specialists, Audit is responsible for the internal auditing of Z\u00fcrcher Kantonalbank. It supports the Bank Council in fulfilling its statutory supervisory and control duties and performs the monitoring tasks assigned to it by the Bank Council. In particular, the Audit independently and objectively assesses the appropriateness and effectiveness of the internal control and risk management processes and contributes to their improvement. Audit reports to the Presidium of the Bank Council.<\/p>\r\n<p><em>Source: <a href=\"https:\/\/www.zkb.ch\/\">Zurich Cantonal Bank<\/a><\/em><\/p>\n<p class=\"syndicated-attribution\">This article originally appeared on m-q.ch - <a href=\"https:\/\/www.m-q.ch\/de\/neuer-leiter-audit-bei-der-zuercher-kantonalbank\/\" target=\"_blank\">https:\/\/www.m-q.ch\/de\/neuer-leiter-audit-bei-der-zuercher-kantonalbank\/<\/a><\/p>","protected":false},"excerpt":{"rendered":"<p>Dr. J\u00f6rg Steinger wird bei der Z\u00fcrcher Kantonalbank ZKB zum Nachfolger von Walter Seif berufen, der die interne Revision seit 2015 leitet und die Bank am 30. Juni 2023 verlassen wird. Um einen geordneten \u00dcbergang sicherzustellen, wird Dr. J\u00f6rg Steinger bereits am 1. April 2023 als neuer Leiter Audit in die Bank eintreten, wie die [\u2026]<\/p>\n","protected":false},"author":8,"featured_media":0,"comment_status":"closed","ping_status":"closed","sticky":false,"template":"","format":"standard","meta":{"_acf_changed":false,"_yoast_wpseo_focuskw":"Z\u00fcrcher Kantonalbank","_yoast_wpseo_metadesc":"Dr. J\u00f6rg Steinger wird neuer Leiter Audit der Z\u00fcrcher Kantonalbank. Erfahrung und Expertise st\u00e4rken Corporate Governance.","articlekey":"","footnotes":""},"categories":[582],"tags":[3346],"class_list":["post-16707","post","type-post","status-publish","format-standard","hentry","category-operational-excellence","tag-kantonalbank"],"acf":[],"yoast_head":"<!-- This site is optimized with the Yoast SEO plugin v27.5 - https:\/\/yoast.com\/product\/yoast-seo-wordpress\/ -->\n<title>Neuer Leiter Audit bei der Z\u00fcrcher Kantonalbank - Organisator<\/title>\n<meta name=\"description\" content=\"Dr. J\u00f6rg Steinger wird neuer Leiter Audit der Z\u00fcrcher Kantonalbank. Erfahrung und Expertise st\u00e4rken Corporate Governance.\" \/>\n<meta name=\"robots\" content=\"index, follow, max-snippet:-1, max-image-preview:large, max-video-preview:-1\" \/>\n<link rel=\"canonical\" href=\"https:\/\/www.organisator.ch\/en\/operational-excellence\/2022-08-26\/new-manager-audit-at-the-zuercher-cantonal-bank\/\" \/>\n<meta property=\"og:locale\" content=\"en_US\" \/>\n<meta property=\"og:type\" content=\"article\" \/>\n<meta property=\"og:title\" content=\"Neuer Leiter Audit bei der Z\u00fcrcher Kantonalbank - Organisator\" \/>\n<meta property=\"og:description\" content=\"Dr. J\u00f6rg Steinger wird neuer Leiter Audit der Z\u00fcrcher Kantonalbank. Erfahrung und Expertise st\u00e4rken Corporate Governance.\" \/>\n<meta property=\"og:url\" content=\"https:\/\/www.organisator.ch\/en\/operational-excellence\/2022-08-26\/new-manager-audit-at-the-zuercher-cantonal-bank\/\" \/>\n<meta property=\"og:site_name\" content=\"Organisator\" \/>\n<meta property=\"article:publisher\" content=\"https:\/\/www.facebook.com\/OrganisatorFachmagazin\" \/>\n<meta property=\"article:published_time\" content=\"2022-08-26T06:04:28+00:00\" \/>\n<meta property=\"article:modified_time\" content=\"2024-11-22T09:52:40+00:00\" \/>\n<meta name=\"author\" content=\"galledia\" \/>\n<meta name=\"twitter:card\" content=\"summary_large_image\" \/>\n<meta name=\"twitter:creator\" content=\"@admin\" \/>\n<script type=\"application\/ld+json\" class=\"yoast-schema-graph\">{\"@context\":\"https:\\\/\\\/schema.org\",\"@graph\":[{\"@type\":\"Article\",\"@id\":\"https:\\\/\\\/www.organisator.ch\\\/operational-excellence\\\/2022-08-26\\\/neuer-leiter-audit-bei-der-zuercher-kantonalbank\\\/#article\",\"isPartOf\":{\"@id\":\"https:\\\/\\\/www.organisator.ch\\\/operational-excellence\\\/2022-08-26\\\/neuer-leiter-audit-bei-der-zuercher-kantonalbank\\\/\"},\"author\":{\"name\":\"galledia\",\"@id\":\"https:\\\/\\\/www.organisator.ch\\\/#\\\/schema\\\/person\\\/4e51799071cd2dd1232ac003643ef5f0\"},\"headline\":\"Neuer Leiter Audit bei der Z\u00fcrcher Kantonalbank\",\"datePublished\":\"2022-08-26T06:04:28+00:00\",\"dateModified\":\"2024-11-22T09:52:40+00:00\",\"mainEntityOfPage\":{\"@id\":\"https:\\\/\\\/www.organisator.ch\\\/operational-excellence\\\/2022-08-26\\\/neuer-leiter-audit-bei-der-zuercher-kantonalbank\\\/\"},\"wordCount\":377,\"publisher\":{\"@id\":\"https:\\\/\\\/www.organisator.ch\\\/#organization\"},\"image\":{\"@id\":\"https:\\\/\\\/www.organisator.ch\\\/operational-excellence\\\/2022-08-26\\\/neuer-leiter-audit-bei-der-zuercher-kantonalbank\\\/#primaryimage\"},\"thumbnailUrl\":\"https:\\\/\\\/www.m-q.ch\\\/wp-content\\\/uploads\\\/2022\\\/08\\\/Neuer-Leiter-Audit-bei-der-Zuercher-Kantonalbank_MQ.jpg\",\"keywords\":[\"Kantonalbank\"],\"articleSection\":[\"OPERATIONAL EXCELLENCE\"],\"inLanguage\":\"en-US\"},{\"@type\":\"WebPage\",\"@id\":\"https:\\\/\\\/www.organisator.ch\\\/operational-excellence\\\/2022-08-26\\\/neuer-leiter-audit-bei-der-zuercher-kantonalbank\\\/\",\"url\":\"https:\\\/\\\/www.organisator.ch\\\/operational-excellence\\\/2022-08-26\\\/neuer-leiter-audit-bei-der-zuercher-kantonalbank\\\/\",\"name\":\"Neuer Leiter Audit bei der Z\u00fcrcher Kantonalbank - Organisator\",\"isPartOf\":{\"@id\":\"https:\\\/\\\/www.organisator.ch\\\/#website\"},\"primaryImageOfPage\":{\"@id\":\"https:\\\/\\\/www.organisator.ch\\\/operational-excellence\\\/2022-08-26\\\/neuer-leiter-audit-bei-der-zuercher-kantonalbank\\\/#primaryimage\"},\"image\":{\"@id\":\"https:\\\/\\\/www.organisator.ch\\\/operational-excellence\\\/2022-08-26\\\/neuer-leiter-audit-bei-der-zuercher-kantonalbank\\\/#primaryimage\"},\"thumbnailUrl\":\"https:\\\/\\\/www.m-q.ch\\\/wp-content\\\/uploads\\\/2022\\\/08\\\/Neuer-Leiter-Audit-bei-der-Zuercher-Kantonalbank_MQ.jpg\",\"datePublished\":\"2022-08-26T06:04:28+00:00\",\"dateModified\":\"2024-11-22T09:52:40+00:00\",\"description\":\"Dr. J\u00f6rg Steinger wird neuer Leiter Audit der Z\u00fcrcher Kantonalbank. Erfahrung und Expertise st\u00e4rken Corporate Governance.\",\"breadcrumb\":{\"@id\":\"https:\\\/\\\/www.organisator.ch\\\/operational-excellence\\\/2022-08-26\\\/neuer-leiter-audit-bei-der-zuercher-kantonalbank\\\/#breadcrumb\"},\"inLanguage\":\"en-US\",\"potentialAction\":[{\"@type\":\"ReadAction\",\"target\":[\"https:\\\/\\\/www.organisator.ch\\\/operational-excellence\\\/2022-08-26\\\/neuer-leiter-audit-bei-der-zuercher-kantonalbank\\\/\"]}]},{\"@type\":\"ImageObject\",\"inLanguage\":\"en-US\",\"@id\":\"https:\\\/\\\/www.organisator.ch\\\/operational-excellence\\\/2022-08-26\\\/neuer-leiter-audit-bei-der-zuercher-kantonalbank\\\/#primaryimage\",\"url\":\"https:\\\/\\\/www.m-q.ch\\\/wp-content\\\/uploads\\\/2022\\\/08\\\/Neuer-Leiter-Audit-bei-der-Zuercher-Kantonalbank_MQ.jpg\",\"contentUrl\":\"https:\\\/\\\/www.m-q.ch\\\/wp-content\\\/uploads\\\/2022\\\/08\\\/Neuer-Leiter-Audit-bei-der-Zuercher-Kantonalbank_MQ.jpg\"},{\"@type\":\"BreadcrumbList\",\"@id\":\"https:\\\/\\\/www.organisator.ch\\\/operational-excellence\\\/2022-08-26\\\/neuer-leiter-audit-bei-der-zuercher-kantonalbank\\\/#breadcrumb\",\"itemListElement\":[{\"@type\":\"ListItem\",\"position\":1,\"name\":\"Home\",\"item\":\"https:\\\/\\\/www.organisator.ch\\\/\"},{\"@type\":\"ListItem\",\"position\":2,\"name\":\"Neuer Leiter Audit bei der Z\u00fcrcher Kantonalbank\"}]},{\"@type\":\"WebSite\",\"@id\":\"https:\\\/\\\/www.organisator.ch\\\/#website\",\"url\":\"https:\\\/\\\/www.organisator.ch\\\/\",\"name\":\"Organisator\",\"description\":\"Kompetent. Praxisnah. Der ORGANISATOR bereitet in 10 Ausgaben pro Jahr die wesentlichen Themen f\u00fcr F\u00fchrungskr\u00e4fte von KMU auf.\",\"publisher\":{\"@id\":\"https:\\\/\\\/www.organisator.ch\\\/#organization\"},\"potentialAction\":[{\"@type\":\"SearchAction\",\"target\":{\"@type\":\"EntryPoint\",\"urlTemplate\":\"https:\\\/\\\/www.organisator.ch\\\/?s={search_term_string}\"},\"query-input\":{\"@type\":\"PropertyValueSpecification\",\"valueRequired\":true,\"valueName\":\"search_term_string\"}}],\"inLanguage\":\"en-US\"},{\"@type\":\"Organization\",\"@id\":\"https:\\\/\\\/www.organisator.ch\\\/#organization\",\"name\":\"Organisator\",\"url\":\"https:\\\/\\\/www.organisator.ch\\\/\",\"logo\":{\"@type\":\"ImageObject\",\"inLanguage\":\"en-US\",\"@id\":\"https:\\\/\\\/www.organisator.ch\\\/#\\\/schema\\\/logo\\\/image\\\/\",\"url\":\"https:\\\/\\\/www.organisator.ch\\\/wp-content\\\/uploads\\\/2022\\\/01\\\/Logo_Organisator_Website.png\",\"contentUrl\":\"https:\\\/\\\/www.organisator.ch\\\/wp-content\\\/uploads\\\/2022\\\/01\\\/Logo_Organisator_Website.png\",\"width\":800,\"height\":77,\"caption\":\"Organisator\"},\"image\":{\"@id\":\"https:\\\/\\\/www.organisator.ch\\\/#\\\/schema\\\/logo\\\/image\\\/\"},\"sameAs\":[\"https:\\\/\\\/www.facebook.com\\\/OrganisatorFachmagazin\",\"https:\\\/\\\/www.linkedin.com\\\/showcase\\\/organisator-das-magazin-fr-kmu\",\"https:\\\/\\\/www.xing.com\\\/news\\\/pages\\\/organisator-ch-695\",\"https:\\\/\\\/www.youtube.com\\\/channel\\\/UCGP2Sq0iWaZwT3BdIAQFYpw\"]},{\"@type\":\"Person\",\"@id\":\"https:\\\/\\\/www.organisator.ch\\\/#\\\/schema\\\/person\\\/4e51799071cd2dd1232ac003643ef5f0\",\"name\":\"galledia\",\"image\":{\"@type\":\"ImageObject\",\"inLanguage\":\"en-US\",\"@id\":\"https:\\\/\\\/secure.gravatar.com\\\/avatar\\\/78a7f90c01fc2bfc875782a0d4922b37cde2cf184ce347b91316d23cd7f69a36?s=96&d=mm&r=g\",\"url\":\"https:\\\/\\\/secure.gravatar.com\\\/avatar\\\/78a7f90c01fc2bfc875782a0d4922b37cde2cf184ce347b91316d23cd7f69a36?s=96&d=mm&r=g\",\"contentUrl\":\"https:\\\/\\\/secure.gravatar.com\\\/avatar\\\/78a7f90c01fc2bfc875782a0d4922b37cde2cf184ce347b91316d23cd7f69a36?s=96&d=mm&r=g\",\"caption\":\"galledia\"},\"sameAs\":[\"https:\\\/\\\/x.com\\\/admin\"],\"url\":\"https:\\\/\\\/www.organisator.ch\\\/en\\\/author\\\/galledia\\\/\"}]}<\/script>\n<!-- \/ Yoast SEO plugin. -->","yoast_head_json":{"title":"New Head of Audit at Z\u00fcrcher Kantonalbank - Organizer","description":"Dr. J\u00f6rg Steinger becomes new Head of Audit at Z\u00fcrcher Kantonalbank. Experience and expertise strengthen corporate governance.","robots":{"index":"index","follow":"follow","max-snippet":"max-snippet:-1","max-image-preview":"max-image-preview:large","max-video-preview":"max-video-preview:-1"},"canonical":"https:\/\/www.organisator.ch\/en\/operational-excellence\/2022-08-26\/new-manager-audit-at-the-zuercher-cantonal-bank\/","og_locale":"en_US","og_type":"article","og_title":"Neuer Leiter Audit bei der Z\u00fcrcher Kantonalbank - Organisator","og_description":"Dr. J\u00f6rg Steinger wird neuer Leiter Audit der Z\u00fcrcher Kantonalbank. Erfahrung und Expertise st\u00e4rken Corporate Governance.","og_url":"https:\/\/www.organisator.ch\/en\/operational-excellence\/2022-08-26\/new-manager-audit-at-the-zuercher-cantonal-bank\/","og_site_name":"Organisator","article_publisher":"https:\/\/www.facebook.com\/OrganisatorFachmagazin","article_published_time":"2022-08-26T06:04:28+00:00","article_modified_time":"2024-11-22T09:52:40+00:00","author":"galledia","twitter_card":"summary_large_image","twitter_creator":"@admin","schema":{"@context":"https:\/\/schema.org","@graph":[{"@type":"Article","@id":"https:\/\/www.organisator.ch\/operational-excellence\/2022-08-26\/neuer-leiter-audit-bei-der-zuercher-kantonalbank\/#article","isPartOf":{"@id":"https:\/\/www.organisator.ch\/operational-excellence\/2022-08-26\/neuer-leiter-audit-bei-der-zuercher-kantonalbank\/"},"author":{"name":"galledia","@id":"https:\/\/www.organisator.ch\/#\/schema\/person\/4e51799071cd2dd1232ac003643ef5f0"},"headline":"Neuer Leiter Audit bei der Z\u00fcrcher Kantonalbank","datePublished":"2022-08-26T06:04:28+00:00","dateModified":"2024-11-22T09:52:40+00:00","mainEntityOfPage":{"@id":"https:\/\/www.organisator.ch\/operational-excellence\/2022-08-26\/neuer-leiter-audit-bei-der-zuercher-kantonalbank\/"},"wordCount":377,"publisher":{"@id":"https:\/\/www.organisator.ch\/#organization"},"image":{"@id":"https:\/\/www.organisator.ch\/operational-excellence\/2022-08-26\/neuer-leiter-audit-bei-der-zuercher-kantonalbank\/#primaryimage"},"thumbnailUrl":"https:\/\/www.m-q.ch\/wp-content\/uploads\/2022\/08\/Neuer-Leiter-Audit-bei-der-Zuercher-Kantonalbank_MQ.jpg","keywords":["Kantonalbank"],"articleSection":["OPERATIONAL EXCELLENCE"],"inLanguage":"en-US"},{"@type":"WebPage","@id":"https:\/\/www.organisator.ch\/operational-excellence\/2022-08-26\/neuer-leiter-audit-bei-der-zuercher-kantonalbank\/","url":"https:\/\/www.organisator.ch\/operational-excellence\/2022-08-26\/neuer-leiter-audit-bei-der-zuercher-kantonalbank\/","name":"New Head of Audit at Z\u00fcrcher Kantonalbank - Organizer","isPartOf":{"@id":"https:\/\/www.organisator.ch\/#website"},"primaryImageOfPage":{"@id":"https:\/\/www.organisator.ch\/operational-excellence\/2022-08-26\/neuer-leiter-audit-bei-der-zuercher-kantonalbank\/#primaryimage"},"image":{"@id":"https:\/\/www.organisator.ch\/operational-excellence\/2022-08-26\/neuer-leiter-audit-bei-der-zuercher-kantonalbank\/#primaryimage"},"thumbnailUrl":"https:\/\/www.m-q.ch\/wp-content\/uploads\/2022\/08\/Neuer-Leiter-Audit-bei-der-Zuercher-Kantonalbank_MQ.jpg","datePublished":"2022-08-26T06:04:28+00:00","dateModified":"2024-11-22T09:52:40+00:00","description":"Dr. J\u00f6rg Steinger becomes new Head of Audit at Z\u00fcrcher Kantonalbank. Experience and expertise strengthen corporate governance.","breadcrumb":{"@id":"https:\/\/www.organisator.ch\/operational-excellence\/2022-08-26\/neuer-leiter-audit-bei-der-zuercher-kantonalbank\/#breadcrumb"},"inLanguage":"en-US","potentialAction":[{"@type":"ReadAction","target":["https:\/\/www.organisator.ch\/operational-excellence\/2022-08-26\/neuer-leiter-audit-bei-der-zuercher-kantonalbank\/"]}]},{"@type":"ImageObject","inLanguage":"en-US","@id":"https:\/\/www.organisator.ch\/operational-excellence\/2022-08-26\/neuer-leiter-audit-bei-der-zuercher-kantonalbank\/#primaryimage","url":"https:\/\/www.m-q.ch\/wp-content\/uploads\/2022\/08\/Neuer-Leiter-Audit-bei-der-Zuercher-Kantonalbank_MQ.jpg","contentUrl":"https:\/\/www.m-q.ch\/wp-content\/uploads\/2022\/08\/Neuer-Leiter-Audit-bei-der-Zuercher-Kantonalbank_MQ.jpg"},{"@type":"BreadcrumbList","@id":"https:\/\/www.organisator.ch\/operational-excellence\/2022-08-26\/neuer-leiter-audit-bei-der-zuercher-kantonalbank\/#breadcrumb","itemListElement":[{"@type":"ListItem","position":1,"name":"Home","item":"https:\/\/www.organisator.ch\/"},{"@type":"ListItem","position":2,"name":"Neuer Leiter Audit bei der Z\u00fcrcher Kantonalbank"}]},{"@type":"WebSite","@id":"https:\/\/www.organisator.ch\/#website","url":"https:\/\/www.organisator.ch\/","name":"Organizer","description":"Competent. Practical. In 10 issues per year, ORGANISATOR presents the essential topics for managers of SMEs.","publisher":{"@id":"https:\/\/www.organisator.ch\/#organization"},"potentialAction":[{"@type":"SearchAction","target":{"@type":"EntryPoint","urlTemplate":"https:\/\/www.organisator.ch\/?s={search_term_string}"},"query-input":{"@type":"PropertyValueSpecification","valueRequired":true,"valueName":"search_term_string"}}],"inLanguage":"en-US"},{"@type":"Organization","@id":"https:\/\/www.organisator.ch\/#organization","name":"Organizer","url":"https:\/\/www.organisator.ch\/","logo":{"@type":"ImageObject","inLanguage":"en-US","@id":"https:\/\/www.organisator.ch\/#\/schema\/logo\/image\/","url":"https:\/\/www.organisator.ch\/wp-content\/uploads\/2022\/01\/Logo_Organisator_Website.png","contentUrl":"https:\/\/www.organisator.ch\/wp-content\/uploads\/2022\/01\/Logo_Organisator_Website.png","width":800,"height":77,"caption":"Organisator"},"image":{"@id":"https:\/\/www.organisator.ch\/#\/schema\/logo\/image\/"},"sameAs":["https:\/\/www.facebook.com\/OrganisatorFachmagazin","https:\/\/www.linkedin.com\/showcase\/organisator-das-magazin-fr-kmu","https:\/\/www.xing.com\/news\/pages\/organisator-ch-695","https:\/\/www.youtube.com\/channel\/UCGP2Sq0iWaZwT3BdIAQFYpw"]},{"@type":"Person","@id":"https:\/\/www.organisator.ch\/#\/schema\/person\/4e51799071cd2dd1232ac003643ef5f0","name":"galledia","image":{"@type":"ImageObject","inLanguage":"en-US","@id":"https:\/\/secure.gravatar.com\/avatar\/78a7f90c01fc2bfc875782a0d4922b37cde2cf184ce347b91316d23cd7f69a36?s=96&d=mm&r=g","url":"https:\/\/secure.gravatar.com\/avatar\/78a7f90c01fc2bfc875782a0d4922b37cde2cf184ce347b91316d23cd7f69a36?s=96&d=mm&r=g","contentUrl":"https:\/\/secure.gravatar.com\/avatar\/78a7f90c01fc2bfc875782a0d4922b37cde2cf184ce347b91316d23cd7f69a36?s=96&d=mm&r=g","caption":"galledia"},"sameAs":["https:\/\/x.com\/admin"],"url":"https:\/\/www.organisator.ch\/en\/author\/galledia\/"}]}},"_links":{"self":[{"href":"https:\/\/www.organisator.ch\/en\/wp-json\/wp\/v2\/posts\/16707","targetHints":{"allow":["GET"]}}],"collection":[{"href":"https:\/\/www.organisator.ch\/en\/wp-json\/wp\/v2\/posts"}],"about":[{"href":"https:\/\/www.organisator.ch\/en\/wp-json\/wp\/v2\/types\/post"}],"author":[{"embeddable":true,"href":"https:\/\/www.organisator.ch\/en\/wp-json\/wp\/v2\/users\/8"}],"replies":[{"embeddable":true,"href":"https:\/\/www.organisator.ch\/en\/wp-json\/wp\/v2\/comments?post=16707"}],"version-history":[{"count":3,"href":"https:\/\/www.organisator.ch\/en\/wp-json\/wp\/v2\/posts\/16707\/revisions"}],"predecessor-version":[{"id":33884,"href":"https:\/\/www.organisator.ch\/en\/wp-json\/wp\/v2\/posts\/16707\/revisions\/33884"}],"wp:attachment":[{"href":"https:\/\/www.organisator.ch\/en\/wp-json\/wp\/v2\/media?parent=16707"}],"wp:term":[{"taxonomy":"category","embeddable":true,"href":"https:\/\/www.organisator.ch\/en\/wp-json\/wp\/v2\/categories?post=16707"},{"taxonomy":"post_tag","embeddable":true,"href":"https:\/\/www.organisator.ch\/en\/wp-json\/wp\/v2\/tags?post=16707"}],"curies":[{"name":"wp","href":"https:\/\/api.w.org\/{rel}","templated":true}]}}