{"id":16713,"date":"2022-08-26T11:47:32","date_gmt":"2022-08-26T09:47:32","guid":{"rendered":"https:\/\/www.organisator.ch\/?p=16713"},"modified":"2022-08-26T11:47:32","modified_gmt":"2022-08-26T09:47:32","slug":"former-federal-councillor-kaspar-villiger-at-the-rhine-valley-economic-forum","status":"publish","type":"post","link":"https:\/\/www.organisator.ch\/en\/allgemein\/2022-08-26\/alt-bundesrat-kaspar-villiger-am-rheintaler-wirtschaftsforum\/","title":{"rendered":"Former Federal Councillor Kaspar Villiger at the Rhine Valley Economic Forum"},"content":{"rendered":"<figure id=\"attachment_16714\" aria-describedby=\"caption-attachment-16714\" style=\"width: 680px\" class=\"wp-caption alignnone\"><img loading=\"lazy\" decoding=\"async\" class=\"size-full wp-image-16714\" src=\"https:\/\/www.organisator.ch\/wp-content\/uploads\/2022\/08\/Alt-Bundesrat-Kaspar-Villiger-am-Rheintaler-Wirtschaftsforum_Organisator.jpg\" alt=\"\" width=\"680\" height=\"730\" srcset=\"https:\/\/www.organisator.ch\/wp-content\/uploads\/2022\/08\/Alt-Bundesrat-Kaspar-Villiger-am-Rheintaler-Wirtschaftsforum_Organisator.jpg 680w, https:\/\/www.organisator.ch\/wp-content\/uploads\/2022\/08\/Alt-Bundesrat-Kaspar-Villiger-am-Rheintaler-Wirtschaftsforum_Organisator-11x12.jpg 11w, https:\/\/www.organisator.ch\/wp-content\/uploads\/2022\/08\/Alt-Bundesrat-Kaspar-Villiger-am-Rheintaler-Wirtschaftsforum_Organisator-163x175.jpg 163w, https:\/\/www.organisator.ch\/wp-content\/uploads\/2022\/08\/Alt-Bundesrat-Kaspar-Villiger-am-Rheintaler-Wirtschaftsforum_Organisator-326x350.jpg 326w, https:\/\/www.organisator.ch\/wp-content\/uploads\/2022\/08\/Alt-Bundesrat-Kaspar-Villiger-am-Rheintaler-Wirtschaftsforum_Organisator-300x322.jpg 300w\" sizes=\"auto, (max-width: 680px) 100vw, 680px\" \/><figcaption id=\"caption-attachment-16714\" class=\"wp-caption-text\">Could be won over as keynote speaker for the 28th Rhine Valley Economic Forum: Former Federal Councilor Kaspar Villiger. (Image: zVg \/ Wifo)<\/figcaption><\/figure>\n<p>A virus, inflation, war in Ukraine - a \"new normal\" has dawned. At the 28th Rheintaler Wirtschaftsforum (Wifo), leading figures from business, politics and the army set out what they expect from this new \"age\" and how they are responding to it.<\/p>\n<h3>Kaspar Villiger as keynote speaker<\/h3>\n<p>Keynote speaker Kaspar Villiger will address the Rheintal Economic Forum on \"Crises as the new normal? Democracies in the headwind\" and illuminate the topic with his decades of political experience. After graduating from the ETH with a degree in engineering, Villiger was president and CEO of the family-owned cigar factory Villiger and Sons. His political career began when he was elected to the Grand Council of the Canton of Lucerne in 1972. From 1982 to 1989, Villiger served five years in the National Council and then in the Council of States. In 1989, he was elected to the Federal Council and served first as defense minister, then finance minister. Twice he was president of the Swiss Confederation. In 2003, he resigned from the Federal Council and joined the boards of directors of Nestl\u00e9, Swiss Re and the Neue Z\u00fcrcher Zeitung. From 2009 to 2012, Villiger was chairman of the board of directors at UBS. In 2004, he received an honorary doctorate from the University of Lucerne. Since 2009, he has been Chairman of the UBS Foundation of Economics in Society.<\/p>\n<h3>High-profile panel with Gutmann, Walser and Thoma<\/h3>\n<p>Another speaker will be Johannes Gutmann, who will tell how he was able to use the crisis for his Sonnentor Kr\u00e4uterhandels GmbH with 370 employees and 1000 organic contract farmers thanks to sustainability and environmental justice. Furthermore, Corps Commander Hans-Peter Walser, member of the army leadership and Deputy Chief of the Armed Forces, will speak from a military perspective on \"Security policy after a geopolitical turning point\". And finally, Suzanne Thoma, Chairman of the Board of Directors of Sulzer AG since April 2022, will explore the question: Does the new normal demand a new kind of corporate governance? Thoma started her career at Ciba Specialty Chemicals Ltd after completing her doctorate at the ETH. She was still CEO of the BKW Group until the end of June 2022.<\/p>\n<h3>Abacus new as main sponsor<\/h3>\n<p>Furthermore, the organizers of the Economic Forum announce a significant change in sponsors: Abacus has moved up from co-sponsor to main sponsor. This means that Wifo is now supported by the five main sponsors Abacus, Alpha Rheintal Bank AG, BDO AG, Helvetia Versicherungen and RLC AG.<\/p>\n<p><em>Registrations for the event are already possible today via the new website <a href=\"http:\/\/www.wifo.ch\">www.wifo.ch<\/a> possible.<\/em><\/p>","protected":false},"excerpt":{"rendered":"<p>Ein Virus, Inflation, Krieg in der Ukraine \u2013 eine \u00abneue Normalit\u00e4t\u00bb ist angebrochen. Am 28. Rheintaler Wirtschaftsforum (Wifo) legen f\u00fchrende Pers\u00f6nlichkeiten aus Wirtschaft, Politik und Armee dar, welche Erwartungen sie an dieses neue \u00abZeitalter\u00bb haben und wie sie darauf reagieren. Kaspar Villiger als Hauptreferent Hauptreferent Kaspar Villiger wird sich am Rheintaler Wirtschaftsforum mit \u00abKrisen als [&hellip;]<\/p>\n","protected":false},"author":4,"featured_media":16714,"comment_status":"closed","ping_status":"closed","sticky":false,"template":"","format":"standard","meta":{"_acf_changed":false,"_yoast_wpseo_focuskw":"Kaspar Villiger","_yoast_wpseo_metadesc":"Das 28. Rheintaler Wirtschaftsforum findet am 20. Januar 2023 statt. Hauptreferent ist Alt-Bundesrat Kaspar Villiger.","articlekey":"","footnotes":""},"categories":[1],"tags":[193,381,386,3348],"class_list":["post-16713","post","type-post","status-publish","format-standard","has-post-thumbnail","hentry","category-allgemein","tag-fachkongressfachmesse","tag-personalia","tag-politik","tag-rheintaler-wirtschaftsforum"],"acf":[],"yoast_head":"<!-- This site is optimized with the Yoast SEO plugin v27.4 - https:\/\/yoast.com\/product\/yoast-seo-wordpress\/ -->\n<title>Alt-Bundesrat Kaspar Villiger am Rheintaler Wirtschaftsforum - Organisator<\/title>\n<meta name=\"description\" content=\"Das 28. Rheintaler Wirtschaftsforum findet am 20. Januar 2023 statt. Hauptreferent ist Alt-Bundesrat Kaspar Villiger.\" \/>\n<meta name=\"robots\" content=\"index, follow, max-snippet:-1, max-image-preview:large, max-video-preview:-1\" \/>\n<link rel=\"canonical\" href=\"https:\/\/www.organisator.ch\/en\/general\/2022-08-26\/former-federal-councillor-kaspar-villiger-at-the-rhine-valley-economic-forum\/\" \/>\n<meta property=\"og:locale\" content=\"en_US\" \/>\n<meta property=\"og:type\" content=\"article\" \/>\n<meta property=\"og:title\" content=\"Alt-Bundesrat Kaspar Villiger am Rheintaler Wirtschaftsforum\" \/>\n<meta property=\"og:description\" content=\"Das 28. Rheintaler Wirtschaftsforum findet am 20. Januar 2023 statt. Hauptreferent ist Alt-Bundesrat Kaspar Villiger.\" \/>\n<meta property=\"og:url\" content=\"https:\/\/www.organisator.ch\/en\/general\/2022-08-26\/former-federal-councillor-kaspar-villiger-at-the-rhine-valley-economic-forum\/\" \/>\n<meta property=\"og:site_name\" content=\"Organisator\" \/>\n<meta property=\"article:publisher\" content=\"https:\/\/www.facebook.com\/OrganisatorFachmagazin\" \/>\n<meta property=\"article:published_time\" content=\"2022-08-26T09:47:32+00:00\" \/>\n<meta property=\"og:image\" content=\"https:\/\/www.organisator.ch\/wp-content\/uploads\/2022\/08\/Alt-Bundesrat-Kaspar-Villiger-am-Rheintaler-Wirtschaftsforum_Organisator.jpg\" \/>\n\t<meta property=\"og:image:width\" content=\"680\" \/>\n\t<meta property=\"og:image:height\" content=\"730\" \/>\n\t<meta property=\"og:image:type\" content=\"image\/jpeg\" \/>\n<meta name=\"author\" content=\"thomas.berner\" \/>\n<meta name=\"twitter:card\" content=\"summary_large_image\" \/>\n<meta name=\"twitter:title\" content=\"#Alt-Bundesrat Kaspar #Villiger am Rheintaler #Wirtschaftsforum\" \/>\n<meta name=\"twitter:description\" content=\"Das 28. #Rheintaler #Wirtschaftsforum findet am 20. Januar 2023 statt. #Hauptreferent ist #Alt-Bundesrat Kaspar #Villiger.\" \/>\n<meta name=\"twitter:image\" content=\"https:\/\/www.organisator.ch\/wp-content\/uploads\/2022\/08\/Alt-Bundesrat-Kaspar-Villiger-am-Rheintaler-Wirtschaftsforum_Organisator.jpg\" \/>\n<script type=\"application\/ld+json\" class=\"yoast-schema-graph\">{\"@context\":\"https:\\\/\\\/schema.org\",\"@graph\":[{\"@type\":\"Article\",\"@id\":\"https:\\\/\\\/www.organisator.ch\\\/it\\\/generale\\\/2022-08-26\\\/lex-consigliere-federale-kaspar-villiger-al-forum-economico-di-rheintal\\\/#article\",\"isPartOf\":{\"@id\":\"https:\\\/\\\/www.organisator.ch\\\/it\\\/generale\\\/2022-08-26\\\/lex-consigliere-federale-kaspar-villiger-al-forum-economico-di-rheintal\\\/\"},\"author\":{\"name\":\"thomas.berner\",\"@id\":\"https:\\\/\\\/www.organisator.ch\\\/#\\\/schema\\\/person\\\/6f650f90b2842cd4c0cc334b4e36f67e\"},\"headline\":\"Alt-Bundesrat Kaspar Villiger am Rheintaler Wirtschaftsforum\",\"datePublished\":\"2022-08-26T09:47:32+00:00\",\"mainEntityOfPage\":{\"@id\":\"https:\\\/\\\/www.organisator.ch\\\/it\\\/generale\\\/2022-08-26\\\/lex-consigliere-federale-kaspar-villiger-al-forum-economico-di-rheintal\\\/\"},\"wordCount\":405,\"publisher\":{\"@id\":\"https:\\\/\\\/www.organisator.ch\\\/#organization\"},\"image\":{\"@id\":\"https:\\\/\\\/www.organisator.ch\\\/it\\\/generale\\\/2022-08-26\\\/lex-consigliere-federale-kaspar-villiger-al-forum-economico-di-rheintal\\\/#primaryimage\"},\"thumbnailUrl\":\"https:\\\/\\\/www.organisator.ch\\\/wp-content\\\/uploads\\\/2022\\\/08\\\/Alt-Bundesrat-Kaspar-Villiger-am-Rheintaler-Wirtschaftsforum_Organisator.jpg\",\"keywords\":[\"Fachkongress\\\/Fachmesse\",\"Personalia\",\"Politik\",\"Rheintaler Wirtschaftsforum\"],\"articleSection\":[\"Allgemein\"],\"inLanguage\":\"en-US\"},{\"@type\":\"WebPage\",\"@id\":\"https:\\\/\\\/www.organisator.ch\\\/it\\\/generale\\\/2022-08-26\\\/lex-consigliere-federale-kaspar-villiger-al-forum-economico-di-rheintal\\\/\",\"url\":\"https:\\\/\\\/www.organisator.ch\\\/it\\\/generale\\\/2022-08-26\\\/lex-consigliere-federale-kaspar-villiger-al-forum-economico-di-rheintal\\\/\",\"name\":\"Alt-Bundesrat Kaspar Villiger am Rheintaler Wirtschaftsforum - Organisator\",\"isPartOf\":{\"@id\":\"https:\\\/\\\/www.organisator.ch\\\/#website\"},\"primaryImageOfPage\":{\"@id\":\"https:\\\/\\\/www.organisator.ch\\\/it\\\/generale\\\/2022-08-26\\\/lex-consigliere-federale-kaspar-villiger-al-forum-economico-di-rheintal\\\/#primaryimage\"},\"image\":{\"@id\":\"https:\\\/\\\/www.organisator.ch\\\/it\\\/generale\\\/2022-08-26\\\/lex-consigliere-federale-kaspar-villiger-al-forum-economico-di-rheintal\\\/#primaryimage\"},\"thumbnailUrl\":\"https:\\\/\\\/www.organisator.ch\\\/wp-content\\\/uploads\\\/2022\\\/08\\\/Alt-Bundesrat-Kaspar-Villiger-am-Rheintaler-Wirtschaftsforum_Organisator.jpg\",\"datePublished\":\"2022-08-26T09:47:32+00:00\",\"description\":\"Das 28. Rheintaler Wirtschaftsforum findet am 20. Januar 2023 statt. Hauptreferent ist Alt-Bundesrat Kaspar Villiger.\",\"breadcrumb\":{\"@id\":\"https:\\\/\\\/www.organisator.ch\\\/it\\\/generale\\\/2022-08-26\\\/lex-consigliere-federale-kaspar-villiger-al-forum-economico-di-rheintal\\\/#breadcrumb\"},\"inLanguage\":\"en-US\",\"potentialAction\":[{\"@type\":\"ReadAction\",\"target\":[\"https:\\\/\\\/www.organisator.ch\\\/it\\\/generale\\\/2022-08-26\\\/lex-consigliere-federale-kaspar-villiger-al-forum-economico-di-rheintal\\\/\"]}]},{\"@type\":\"ImageObject\",\"inLanguage\":\"en-US\",\"@id\":\"https:\\\/\\\/www.organisator.ch\\\/it\\\/generale\\\/2022-08-26\\\/lex-consigliere-federale-kaspar-villiger-al-forum-economico-di-rheintal\\\/#primaryimage\",\"url\":\"https:\\\/\\\/www.organisator.ch\\\/wp-content\\\/uploads\\\/2022\\\/08\\\/Alt-Bundesrat-Kaspar-Villiger-am-Rheintaler-Wirtschaftsforum_Organisator.jpg\",\"contentUrl\":\"https:\\\/\\\/www.organisator.ch\\\/wp-content\\\/uploads\\\/2022\\\/08\\\/Alt-Bundesrat-Kaspar-Villiger-am-Rheintaler-Wirtschaftsforum_Organisator.jpg\",\"width\":680,\"height\":730,\"caption\":\"Konnte f\u00fcr das 28. Rheintaler Wirtschaftsforum als Hauptreferent gewonnen werden: Der ehemalige Bundesrat Kaspar Villiger. (Bild: zVg \\\/ Wifo)\"},{\"@type\":\"BreadcrumbList\",\"@id\":\"https:\\\/\\\/www.organisator.ch\\\/it\\\/generale\\\/2022-08-26\\\/lex-consigliere-federale-kaspar-villiger-al-forum-economico-di-rheintal\\\/#breadcrumb\",\"itemListElement\":[{\"@type\":\"ListItem\",\"position\":1,\"name\":\"Home\",\"item\":\"https:\\\/\\\/www.organisator.ch\\\/\"},{\"@type\":\"ListItem\",\"position\":2,\"name\":\"Alt-Bundesrat Kaspar Villiger am Rheintaler Wirtschaftsforum\"}]},{\"@type\":\"WebSite\",\"@id\":\"https:\\\/\\\/www.organisator.ch\\\/#website\",\"url\":\"https:\\\/\\\/www.organisator.ch\\\/\",\"name\":\"Organisator\",\"description\":\"Kompetent. Praxisnah. Der ORGANISATOR bereitet in 10 Ausgaben pro Jahr die wesentlichen Themen f\u00fcr F\u00fchrungskr\u00e4fte von KMU auf.\",\"publisher\":{\"@id\":\"https:\\\/\\\/www.organisator.ch\\\/#organization\"},\"potentialAction\":[{\"@type\":\"SearchAction\",\"target\":{\"@type\":\"EntryPoint\",\"urlTemplate\":\"https:\\\/\\\/www.organisator.ch\\\/?s={search_term_string}\"},\"query-input\":{\"@type\":\"PropertyValueSpecification\",\"valueRequired\":true,\"valueName\":\"search_term_string\"}}],\"inLanguage\":\"en-US\"},{\"@type\":\"Organization\",\"@id\":\"https:\\\/\\\/www.organisator.ch\\\/#organization\",\"name\":\"Organisator\",\"url\":\"https:\\\/\\\/www.organisator.ch\\\/\",\"logo\":{\"@type\":\"ImageObject\",\"inLanguage\":\"en-US\",\"@id\":\"https:\\\/\\\/www.organisator.ch\\\/#\\\/schema\\\/logo\\\/image\\\/\",\"url\":\"https:\\\/\\\/www.organisator.ch\\\/wp-content\\\/uploads\\\/2022\\\/01\\\/Logo_Organisator_Website.png\",\"contentUrl\":\"https:\\\/\\\/www.organisator.ch\\\/wp-content\\\/uploads\\\/2022\\\/01\\\/Logo_Organisator_Website.png\",\"width\":800,\"height\":77,\"caption\":\"Organisator\"},\"image\":{\"@id\":\"https:\\\/\\\/www.organisator.ch\\\/#\\\/schema\\\/logo\\\/image\\\/\"},\"sameAs\":[\"https:\\\/\\\/www.facebook.com\\\/OrganisatorFachmagazin\",\"https:\\\/\\\/www.linkedin.com\\\/showcase\\\/organisator-das-magazin-fr-kmu\",\"https:\\\/\\\/www.xing.com\\\/news\\\/pages\\\/organisator-ch-695\",\"https:\\\/\\\/www.youtube.com\\\/channel\\\/UCGP2Sq0iWaZwT3BdIAQFYpw\"]},{\"@type\":\"Person\",\"@id\":\"https:\\\/\\\/www.organisator.ch\\\/#\\\/schema\\\/person\\\/6f650f90b2842cd4c0cc334b4e36f67e\",\"name\":\"thomas.berner\",\"image\":{\"@type\":\"ImageObject\",\"inLanguage\":\"en-US\",\"@id\":\"https:\\\/\\\/secure.gravatar.com\\\/avatar\\\/ac5001d2a36cb6c6cd3e50789007ffca834b477b74a2144564522e944eabff61?s=96&d=mm&r=g\",\"url\":\"https:\\\/\\\/secure.gravatar.com\\\/avatar\\\/ac5001d2a36cb6c6cd3e50789007ffca834b477b74a2144564522e944eabff61?s=96&d=mm&r=g\",\"contentUrl\":\"https:\\\/\\\/secure.gravatar.com\\\/avatar\\\/ac5001d2a36cb6c6cd3e50789007ffca834b477b74a2144564522e944eabff61?s=96&d=mm&r=g\",\"caption\":\"thomas.berner\"},\"url\":\"https:\\\/\\\/www.organisator.ch\\\/en\\\/author\\\/thomas-berner\\\/\"}]}<\/script>\n<!-- \/ Yoast SEO plugin. -->","yoast_head_json":{"title":"Former Federal Councillor Kaspar Villiger at the Rhine Valley Economic Forum - Organizer","description":"The 28th Rhine Valley Economic Forum will take place on January 20, 2023. The keynote speaker is former Federal Councilor Kaspar Villiger.","robots":{"index":"index","follow":"follow","max-snippet":"max-snippet:-1","max-image-preview":"max-image-preview:large","max-video-preview":"max-video-preview:-1"},"canonical":"https:\/\/www.organisator.ch\/en\/general\/2022-08-26\/former-federal-councillor-kaspar-villiger-at-the-rhine-valley-economic-forum\/","og_locale":"en_US","og_type":"article","og_title":"Alt-Bundesrat Kaspar Villiger am Rheintaler Wirtschaftsforum","og_description":"Das 28. Rheintaler Wirtschaftsforum findet am 20. Januar 2023 statt. Hauptreferent ist Alt-Bundesrat Kaspar Villiger.","og_url":"https:\/\/www.organisator.ch\/en\/general\/2022-08-26\/former-federal-councillor-kaspar-villiger-at-the-rhine-valley-economic-forum\/","og_site_name":"Organisator","article_publisher":"https:\/\/www.facebook.com\/OrganisatorFachmagazin","article_published_time":"2022-08-26T09:47:32+00:00","og_image":[{"width":680,"height":730,"url":"https:\/\/www.organisator.ch\/wp-content\/uploads\/2022\/08\/Alt-Bundesrat-Kaspar-Villiger-am-Rheintaler-Wirtschaftsforum_Organisator.jpg","type":"image\/jpeg"}],"author":"thomas.berner","twitter_card":"summary_large_image","twitter_title":"#Alt-Bundesrat Kaspar #Villiger am Rheintaler #Wirtschaftsforum","twitter_description":"Das 28. #Rheintaler #Wirtschaftsforum findet am 20. Januar 2023 statt. #Hauptreferent ist #Alt-Bundesrat Kaspar #Villiger.","twitter_image":"https:\/\/www.organisator.ch\/wp-content\/uploads\/2022\/08\/Alt-Bundesrat-Kaspar-Villiger-am-Rheintaler-Wirtschaftsforum_Organisator.jpg","schema":{"@context":"https:\/\/schema.org","@graph":[{"@type":"Article","@id":"https:\/\/www.organisator.ch\/it\/generale\/2022-08-26\/lex-consigliere-federale-kaspar-villiger-al-forum-economico-di-rheintal\/#article","isPartOf":{"@id":"https:\/\/www.organisator.ch\/it\/generale\/2022-08-26\/lex-consigliere-federale-kaspar-villiger-al-forum-economico-di-rheintal\/"},"author":{"name":"thomas.berner","@id":"https:\/\/www.organisator.ch\/#\/schema\/person\/6f650f90b2842cd4c0cc334b4e36f67e"},"headline":"Alt-Bundesrat Kaspar Villiger am Rheintaler Wirtschaftsforum","datePublished":"2022-08-26T09:47:32+00:00","mainEntityOfPage":{"@id":"https:\/\/www.organisator.ch\/it\/generale\/2022-08-26\/lex-consigliere-federale-kaspar-villiger-al-forum-economico-di-rheintal\/"},"wordCount":405,"publisher":{"@id":"https:\/\/www.organisator.ch\/#organization"},"image":{"@id":"https:\/\/www.organisator.ch\/it\/generale\/2022-08-26\/lex-consigliere-federale-kaspar-villiger-al-forum-economico-di-rheintal\/#primaryimage"},"thumbnailUrl":"https:\/\/www.organisator.ch\/wp-content\/uploads\/2022\/08\/Alt-Bundesrat-Kaspar-Villiger-am-Rheintaler-Wirtschaftsforum_Organisator.jpg","keywords":["Fachkongress\/Fachmesse","Personalia","Politik","Rheintaler Wirtschaftsforum"],"articleSection":["Allgemein"],"inLanguage":"en-US"},{"@type":"WebPage","@id":"https:\/\/www.organisator.ch\/it\/generale\/2022-08-26\/lex-consigliere-federale-kaspar-villiger-al-forum-economico-di-rheintal\/","url":"https:\/\/www.organisator.ch\/it\/generale\/2022-08-26\/lex-consigliere-federale-kaspar-villiger-al-forum-economico-di-rheintal\/","name":"Former Federal Councillor Kaspar Villiger at the Rhine Valley Economic Forum - Organizer","isPartOf":{"@id":"https:\/\/www.organisator.ch\/#website"},"primaryImageOfPage":{"@id":"https:\/\/www.organisator.ch\/it\/generale\/2022-08-26\/lex-consigliere-federale-kaspar-villiger-al-forum-economico-di-rheintal\/#primaryimage"},"image":{"@id":"https:\/\/www.organisator.ch\/it\/generale\/2022-08-26\/lex-consigliere-federale-kaspar-villiger-al-forum-economico-di-rheintal\/#primaryimage"},"thumbnailUrl":"https:\/\/www.organisator.ch\/wp-content\/uploads\/2022\/08\/Alt-Bundesrat-Kaspar-Villiger-am-Rheintaler-Wirtschaftsforum_Organisator.jpg","datePublished":"2022-08-26T09:47:32+00:00","description":"The 28th Rhine Valley Economic Forum will take place on January 20, 2023. The keynote speaker is former Federal Councilor Kaspar Villiger.","breadcrumb":{"@id":"https:\/\/www.organisator.ch\/it\/generale\/2022-08-26\/lex-consigliere-federale-kaspar-villiger-al-forum-economico-di-rheintal\/#breadcrumb"},"inLanguage":"en-US","potentialAction":[{"@type":"ReadAction","target":["https:\/\/www.organisator.ch\/it\/generale\/2022-08-26\/lex-consigliere-federale-kaspar-villiger-al-forum-economico-di-rheintal\/"]}]},{"@type":"ImageObject","inLanguage":"en-US","@id":"https:\/\/www.organisator.ch\/it\/generale\/2022-08-26\/lex-consigliere-federale-kaspar-villiger-al-forum-economico-di-rheintal\/#primaryimage","url":"https:\/\/www.organisator.ch\/wp-content\/uploads\/2022\/08\/Alt-Bundesrat-Kaspar-Villiger-am-Rheintaler-Wirtschaftsforum_Organisator.jpg","contentUrl":"https:\/\/www.organisator.ch\/wp-content\/uploads\/2022\/08\/Alt-Bundesrat-Kaspar-Villiger-am-Rheintaler-Wirtschaftsforum_Organisator.jpg","width":680,"height":730,"caption":"Konnte f\u00fcr das 28. Rheintaler Wirtschaftsforum als Hauptreferent gewonnen werden: Der ehemalige Bundesrat Kaspar Villiger. (Bild: zVg \/ Wifo)"},{"@type":"BreadcrumbList","@id":"https:\/\/www.organisator.ch\/it\/generale\/2022-08-26\/lex-consigliere-federale-kaspar-villiger-al-forum-economico-di-rheintal\/#breadcrumb","itemListElement":[{"@type":"ListItem","position":1,"name":"Home","item":"https:\/\/www.organisator.ch\/"},{"@type":"ListItem","position":2,"name":"Alt-Bundesrat Kaspar Villiger am Rheintaler Wirtschaftsforum"}]},{"@type":"WebSite","@id":"https:\/\/www.organisator.ch\/#website","url":"https:\/\/www.organisator.ch\/","name":"Organizer","description":"Competent. Practical. In 10 issues per year, ORGANISATOR presents the essential topics for managers of SMEs.","publisher":{"@id":"https:\/\/www.organisator.ch\/#organization"},"potentialAction":[{"@type":"SearchAction","target":{"@type":"EntryPoint","urlTemplate":"https:\/\/www.organisator.ch\/?s={search_term_string}"},"query-input":{"@type":"PropertyValueSpecification","valueRequired":true,"valueName":"search_term_string"}}],"inLanguage":"en-US"},{"@type":"Organization","@id":"https:\/\/www.organisator.ch\/#organization","name":"Organizer","url":"https:\/\/www.organisator.ch\/","logo":{"@type":"ImageObject","inLanguage":"en-US","@id":"https:\/\/www.organisator.ch\/#\/schema\/logo\/image\/","url":"https:\/\/www.organisator.ch\/wp-content\/uploads\/2022\/01\/Logo_Organisator_Website.png","contentUrl":"https:\/\/www.organisator.ch\/wp-content\/uploads\/2022\/01\/Logo_Organisator_Website.png","width":800,"height":77,"caption":"Organisator"},"image":{"@id":"https:\/\/www.organisator.ch\/#\/schema\/logo\/image\/"},"sameAs":["https:\/\/www.facebook.com\/OrganisatorFachmagazin","https:\/\/www.linkedin.com\/showcase\/organisator-das-magazin-fr-kmu","https:\/\/www.xing.com\/news\/pages\/organisator-ch-695","https:\/\/www.youtube.com\/channel\/UCGP2Sq0iWaZwT3BdIAQFYpw"]},{"@type":"Person","@id":"https:\/\/www.organisator.ch\/#\/schema\/person\/6f650f90b2842cd4c0cc334b4e36f67e","name":"thomas.berner","image":{"@type":"ImageObject","inLanguage":"en-US","@id":"https:\/\/secure.gravatar.com\/avatar\/ac5001d2a36cb6c6cd3e50789007ffca834b477b74a2144564522e944eabff61?s=96&d=mm&r=g","url":"https:\/\/secure.gravatar.com\/avatar\/ac5001d2a36cb6c6cd3e50789007ffca834b477b74a2144564522e944eabff61?s=96&d=mm&r=g","contentUrl":"https:\/\/secure.gravatar.com\/avatar\/ac5001d2a36cb6c6cd3e50789007ffca834b477b74a2144564522e944eabff61?s=96&d=mm&r=g","caption":"thomas.berner"},"url":"https:\/\/www.organisator.ch\/en\/author\/thomas-berner\/"}]}},"_links":{"self":[{"href":"https:\/\/www.organisator.ch\/en\/wp-json\/wp\/v2\/posts\/16713","targetHints":{"allow":["GET"]}}],"collection":[{"href":"https:\/\/www.organisator.ch\/en\/wp-json\/wp\/v2\/posts"}],"about":[{"href":"https:\/\/www.organisator.ch\/en\/wp-json\/wp\/v2\/types\/post"}],"author":[{"embeddable":true,"href":"https:\/\/www.organisator.ch\/en\/wp-json\/wp\/v2\/users\/4"}],"replies":[{"embeddable":true,"href":"https:\/\/www.organisator.ch\/en\/wp-json\/wp\/v2\/comments?post=16713"}],"version-history":[{"count":1,"href":"https:\/\/www.organisator.ch\/en\/wp-json\/wp\/v2\/posts\/16713\/revisions"}],"predecessor-version":[{"id":16715,"href":"https:\/\/www.organisator.ch\/en\/wp-json\/wp\/v2\/posts\/16713\/revisions\/16715"}],"wp:featuredmedia":[{"embeddable":true,"href":"https:\/\/www.organisator.ch\/en\/wp-json\/wp\/v2\/media\/16714"}],"wp:attachment":[{"href":"https:\/\/www.organisator.ch\/en\/wp-json\/wp\/v2\/media?parent=16713"}],"wp:term":[{"taxonomy":"category","embeddable":true,"href":"https:\/\/www.organisator.ch\/en\/wp-json\/wp\/v2\/categories?post=16713"},{"taxonomy":"post_tag","embeddable":true,"href":"https:\/\/www.organisator.ch\/en\/wp-json\/wp\/v2\/tags?post=16713"}],"curies":[{"name":"wp","href":"https:\/\/api.w.org\/{rel}","templated":true}]}}