{"id":16716,"date":"2022-08-26T11:29:25","date_gmt":"2022-08-26T09:29:25","guid":{"rendered":"https:\/\/www.werbewoche.ch\/?p=184989"},"modified":"2024-11-22T10:59:35","modified_gmt":"2024-11-22T09:59:35","slug":"pandemic-was-burdensome-especially-for-young-adults","status":"publish","type":"post","link":"https:\/\/www.organisator.ch\/en\/marketing\/2022-08-26\/pandemie-war-vor-allem-fuer-junge-erwachsene-belastend\/","title":{"rendered":"Pandemic was particularly stressful for young adults"},"content":{"rendered":"<figure id=\"attachment_184991\" class=\"wp-caption alignnone\" style=\"width: 1067px\" aria-describedby=\"caption-attachment-184991\"><img class=\"alignnone wp-image-184991 size-full\" src=\"https:\/\/www.werbewoche.ch\/wp-content\/uploads\/2022\/08\/Bildschirmfoto-2022-08-26-um-11.27.23.png\" alt=\"Corona Pandemic\" width=\"1067\" height=\"503\" \/>\r\n<figcaption id=\"caption-attachment-184991\" class=\"wp-caption-text\">(Photo: Unsplash)<\/figcaption>\r\n<\/figure>\r\n<p>What influence does or did the Corona pandemic and the associated measures have on our personal well-being? And above all, for whom? Marketagent.com Switzerland wanted to know this in a current, representative survey. It was conducted from July 7 to 16, 2022 in German- and French-speaking Switzerland. A total of 1,036 people between the ages of 14 and 74 were surveyed.<\/p>\r\n<p>The results confirm that the Corona measures, with their sometimes profound changes in everyday life, were a challenge for many. This is especially true for an age group that has often remained under the radar in the public discussion so far: young adults.<\/p>\r\n<h3><strong>The 20- to 29-year-olds are fighting on several fronts<\/strong><\/h3>\r\n<p>For example, more than half (52 percent) of 20- to 29-year-olds say that the pandemic has been psychologically stressful for them. That is 14 to 24 percentage points more than among all other age groups.<\/p>\r\n<p>\"We can only speculate about the reasons,\" says Cornelia Eck, Managing Director of Marketagent.com Switzerland, and elaborates: \"Many are facing a new phase of life at this age, starting their studies, positioning themselves in their careers. This is the worst possible time to have to do without interpersonal contacts and exchanges with fellow students and peers.\"<\/p>\r\n<p>In addition, partnerships and relationships in this age group are usually also first established and strengthened, which is more difficult to implement in view of the isolation and limited opportunities. At least this is how the results can be interpreted: For example, one-fifth of young adults (21 percent) say that the pandemic has negatively affected their relationship.  This proportion is significantly higher than among those aged 50 to 74 (9 percent) and also tends to be higher than among those aged 30 to 49 (16 percent) and those under 20 (17 percent).<\/p>\r\n<h3><strong>Teenagers: thrown back on the family<\/strong><\/h3>\r\n<p>As far as the family is concerned, the picture is somewhat different. Here, it is mainly the under-20s who have difficulty. This is not too surprising, since this is the age at which young people seek new, social contacts and distance themselves from the parental home. Instead, they saw the pandemic as being thrown back on the family. 38 percent of them say that Corona has had a negative impact on family life.<\/p>\r\n<p>However, this is not the case for the representatives of those age groups most likely to have teenagers at home. Here, the proportion is significantly lower (30 to 49-year-olds: 17 percent; 50 to 74-year-olds:15 percent).<\/p>\r\n<h3><strong>Hardly any influence on physical well-being<\/strong><\/h3>\r\n<p>For a majority of 53 percent, the pandemic did not affect their physical well-being according to their own assessment. This is particularly true for 30 to 49-year-olds and 50 to 74-year-olds (52 percent and 61 percent, respectively). However, if we look at who felt negatively affected physically, the comparatively high proportion among young adults is again striking. One-third of 20- to 29-year-olds (34 percent) say Corona has negatively affected their physical well-being, while \"only\" a quarter (25 percent) of 30- to 49-year-olds say the same, for example.<\/p>\r\n<p>As far as the professional situation is concerned, a majority of 55 percent see no influence. For one fifth of respondents (21 percent), the professional situation has even had a positive impact. Here, the flexibilization of working models will have been welcomed by many.<\/p>","protected":false},"excerpt":{"rendered":"<p>Welchen Einfluss hat bzw. hatte die Corona-Pandemie und die damit verbundenen Massnahmen auf unser pers\u00f6nliches Befinden?\u00a0Und vor allem f\u00fcr wen? Das wollte Marketagent.com Schweiz in einer aktuellen, repr\u00e4sentativen Umfrage wissen. Sie wurde vom\u00a07. bis 16. Juli 2022 in der\u00a0Deutsch- und Westschweiz durchgef\u00fchrt. Dabei wurden 1\u2019036 Personen im Alter von 14 bis 74 Jahren befragt. Die [\u2026]<\/p>\n","protected":false},"author":8,"featured_media":0,"comment_status":"closed","ping_status":"closed","sticky":false,"template":"","format":"standard","meta":{"_acf_changed":false,"_yoast_wpseo_focuskw":"Corona-Pandemie","_yoast_wpseo_metadesc":"Studie zeigt: Corona-Pandemie belastet besonders junge Erwachsene psychisch. Auswirkungen auf Beziehungen und Wohlbefinden.","articlekey":"","footnotes":""},"categories":[29],"tags":[3349,3350],"class_list":["post-16716","post","type-post","status-publish","format-standard","hentry","category-marketing","tag-corona-zeiten","tag-marketagent-com"],"acf":[],"yoast_head":"<!-- This site is optimized with the Yoast SEO plugin v27.5 - https:\/\/yoast.com\/product\/yoast-seo-wordpress\/ -->\n<title>Pandemie war vor allem f\u00fcr junge Erwachsene belastend - Organisator<\/title>\n<meta name=\"description\" content=\"Studie zeigt: Corona-Pandemie belastet besonders junge Erwachsene psychisch. Auswirkungen auf Beziehungen und Wohlbefinden.\" \/>\n<meta name=\"robots\" content=\"index, follow, max-snippet:-1, max-image-preview:large, max-video-preview:-1\" \/>\n<link rel=\"canonical\" href=\"https:\/\/www.organisator.ch\/en\/marketing\/2022-08-26\/pandemic-was-burdensome-especially-for-young-adults\/\" \/>\n<meta property=\"og:locale\" content=\"en_US\" \/>\n<meta property=\"og:type\" content=\"article\" \/>\n<meta property=\"og:title\" content=\"Pandemie war vor allem f\u00fcr junge Erwachsene belastend - Organisator\" \/>\n<meta property=\"og:description\" content=\"Studie zeigt: Corona-Pandemie belastet besonders junge Erwachsene psychisch. Auswirkungen auf Beziehungen und Wohlbefinden.\" \/>\n<meta property=\"og:url\" content=\"https:\/\/www.organisator.ch\/en\/marketing\/2022-08-26\/pandemic-was-burdensome-especially-for-young-adults\/\" \/>\n<meta property=\"og:site_name\" content=\"Organisator\" \/>\n<meta property=\"article:publisher\" content=\"https:\/\/www.facebook.com\/OrganisatorFachmagazin\" \/>\n<meta property=\"article:published_time\" content=\"2022-08-26T09:29:25+00:00\" \/>\n<meta property=\"article:modified_time\" content=\"2024-11-22T09:59:35+00:00\" \/>\n<meta name=\"author\" content=\"galledia\" \/>\n<meta name=\"twitter:card\" content=\"summary_large_image\" \/>\n<meta name=\"twitter:creator\" content=\"@admin\" \/>\n<script type=\"application\/ld+json\" class=\"yoast-schema-graph\">{\"@context\":\"https:\\\/\\\/schema.org\",\"@graph\":[{\"@type\":\"Article\",\"@id\":\"https:\\\/\\\/www.organisator.ch\\\/marketing\\\/2022-08-26\\\/pandemie-war-vor-allem-fuer-junge-erwachsene-belastend\\\/#article\",\"isPartOf\":{\"@id\":\"https:\\\/\\\/www.organisator.ch\\\/marketing\\\/2022-08-26\\\/pandemie-war-vor-allem-fuer-junge-erwachsene-belastend\\\/\"},\"author\":{\"name\":\"galledia\",\"@id\":\"https:\\\/\\\/www.organisator.ch\\\/#\\\/schema\\\/person\\\/4e51799071cd2dd1232ac003643ef5f0\"},\"headline\":\"Pandemie war vor allem f\u00fcr junge Erwachsene belastend\",\"datePublished\":\"2022-08-26T09:29:25+00:00\",\"dateModified\":\"2024-11-22T09:59:35+00:00\",\"mainEntityOfPage\":{\"@id\":\"https:\\\/\\\/www.organisator.ch\\\/marketing\\\/2022-08-26\\\/pandemie-war-vor-allem-fuer-junge-erwachsene-belastend\\\/\"},\"wordCount\":560,\"publisher\":{\"@id\":\"https:\\\/\\\/www.organisator.ch\\\/#organization\"},\"image\":{\"@id\":\"https:\\\/\\\/www.organisator.ch\\\/marketing\\\/2022-08-26\\\/pandemie-war-vor-allem-fuer-junge-erwachsene-belastend\\\/#primaryimage\"},\"thumbnailUrl\":\"https:\\\/\\\/www.werbewoche.ch\\\/wp-content\\\/uploads\\\/2022\\\/08\\\/Bildschirmfoto-2022-08-26-um-11.27.23.png\",\"keywords\":[\"Corona-Zeiten\",\"Marketagent.com\"],\"articleSection\":[\"MARKETING\"],\"inLanguage\":\"en-US\"},{\"@type\":\"WebPage\",\"@id\":\"https:\\\/\\\/www.organisator.ch\\\/marketing\\\/2022-08-26\\\/pandemie-war-vor-allem-fuer-junge-erwachsene-belastend\\\/\",\"url\":\"https:\\\/\\\/www.organisator.ch\\\/marketing\\\/2022-08-26\\\/pandemie-war-vor-allem-fuer-junge-erwachsene-belastend\\\/\",\"name\":\"Pandemie war vor allem f\u00fcr junge Erwachsene belastend - Organisator\",\"isPartOf\":{\"@id\":\"https:\\\/\\\/www.organisator.ch\\\/#website\"},\"primaryImageOfPage\":{\"@id\":\"https:\\\/\\\/www.organisator.ch\\\/marketing\\\/2022-08-26\\\/pandemie-war-vor-allem-fuer-junge-erwachsene-belastend\\\/#primaryimage\"},\"image\":{\"@id\":\"https:\\\/\\\/www.organisator.ch\\\/marketing\\\/2022-08-26\\\/pandemie-war-vor-allem-fuer-junge-erwachsene-belastend\\\/#primaryimage\"},\"thumbnailUrl\":\"https:\\\/\\\/www.werbewoche.ch\\\/wp-content\\\/uploads\\\/2022\\\/08\\\/Bildschirmfoto-2022-08-26-um-11.27.23.png\",\"datePublished\":\"2022-08-26T09:29:25+00:00\",\"dateModified\":\"2024-11-22T09:59:35+00:00\",\"description\":\"Studie zeigt: Corona-Pandemie belastet besonders junge Erwachsene psychisch. Auswirkungen auf Beziehungen und Wohlbefinden.\",\"breadcrumb\":{\"@id\":\"https:\\\/\\\/www.organisator.ch\\\/marketing\\\/2022-08-26\\\/pandemie-war-vor-allem-fuer-junge-erwachsene-belastend\\\/#breadcrumb\"},\"inLanguage\":\"en-US\",\"potentialAction\":[{\"@type\":\"ReadAction\",\"target\":[\"https:\\\/\\\/www.organisator.ch\\\/marketing\\\/2022-08-26\\\/pandemie-war-vor-allem-fuer-junge-erwachsene-belastend\\\/\"]}]},{\"@type\":\"ImageObject\",\"inLanguage\":\"en-US\",\"@id\":\"https:\\\/\\\/www.organisator.ch\\\/marketing\\\/2022-08-26\\\/pandemie-war-vor-allem-fuer-junge-erwachsene-belastend\\\/#primaryimage\",\"url\":\"https:\\\/\\\/www.werbewoche.ch\\\/wp-content\\\/uploads\\\/2022\\\/08\\\/Bildschirmfoto-2022-08-26-um-11.27.23.png\",\"contentUrl\":\"https:\\\/\\\/www.werbewoche.ch\\\/wp-content\\\/uploads\\\/2022\\\/08\\\/Bildschirmfoto-2022-08-26-um-11.27.23.png\"},{\"@type\":\"BreadcrumbList\",\"@id\":\"https:\\\/\\\/www.organisator.ch\\\/marketing\\\/2022-08-26\\\/pandemie-war-vor-allem-fuer-junge-erwachsene-belastend\\\/#breadcrumb\",\"itemListElement\":[{\"@type\":\"ListItem\",\"position\":1,\"name\":\"Home\",\"item\":\"https:\\\/\\\/www.organisator.ch\\\/\"},{\"@type\":\"ListItem\",\"position\":2,\"name\":\"Pandemie war vor allem f\u00fcr junge Erwachsene belastend\"}]},{\"@type\":\"WebSite\",\"@id\":\"https:\\\/\\\/www.organisator.ch\\\/#website\",\"url\":\"https:\\\/\\\/www.organisator.ch\\\/\",\"name\":\"Organisator\",\"description\":\"Kompetent. Praxisnah. Der ORGANISATOR bereitet in 10 Ausgaben pro Jahr die wesentlichen Themen f\u00fcr F\u00fchrungskr\u00e4fte von KMU auf.\",\"publisher\":{\"@id\":\"https:\\\/\\\/www.organisator.ch\\\/#organization\"},\"potentialAction\":[{\"@type\":\"SearchAction\",\"target\":{\"@type\":\"EntryPoint\",\"urlTemplate\":\"https:\\\/\\\/www.organisator.ch\\\/?s={search_term_string}\"},\"query-input\":{\"@type\":\"PropertyValueSpecification\",\"valueRequired\":true,\"valueName\":\"search_term_string\"}}],\"inLanguage\":\"en-US\"},{\"@type\":\"Organization\",\"@id\":\"https:\\\/\\\/www.organisator.ch\\\/#organization\",\"name\":\"Organisator\",\"url\":\"https:\\\/\\\/www.organisator.ch\\\/\",\"logo\":{\"@type\":\"ImageObject\",\"inLanguage\":\"en-US\",\"@id\":\"https:\\\/\\\/www.organisator.ch\\\/#\\\/schema\\\/logo\\\/image\\\/\",\"url\":\"https:\\\/\\\/www.organisator.ch\\\/wp-content\\\/uploads\\\/2022\\\/01\\\/Logo_Organisator_Website.png\",\"contentUrl\":\"https:\\\/\\\/www.organisator.ch\\\/wp-content\\\/uploads\\\/2022\\\/01\\\/Logo_Organisator_Website.png\",\"width\":800,\"height\":77,\"caption\":\"Organisator\"},\"image\":{\"@id\":\"https:\\\/\\\/www.organisator.ch\\\/#\\\/schema\\\/logo\\\/image\\\/\"},\"sameAs\":[\"https:\\\/\\\/www.facebook.com\\\/OrganisatorFachmagazin\",\"https:\\\/\\\/www.linkedin.com\\\/showcase\\\/organisator-das-magazin-fr-kmu\",\"https:\\\/\\\/www.xing.com\\\/news\\\/pages\\\/organisator-ch-695\",\"https:\\\/\\\/www.youtube.com\\\/channel\\\/UCGP2Sq0iWaZwT3BdIAQFYpw\"]},{\"@type\":\"Person\",\"@id\":\"https:\\\/\\\/www.organisator.ch\\\/#\\\/schema\\\/person\\\/4e51799071cd2dd1232ac003643ef5f0\",\"name\":\"galledia\",\"image\":{\"@type\":\"ImageObject\",\"inLanguage\":\"en-US\",\"@id\":\"https:\\\/\\\/secure.gravatar.com\\\/avatar\\\/78a7f90c01fc2bfc875782a0d4922b37cde2cf184ce347b91316d23cd7f69a36?s=96&d=mm&r=g\",\"url\":\"https:\\\/\\\/secure.gravatar.com\\\/avatar\\\/78a7f90c01fc2bfc875782a0d4922b37cde2cf184ce347b91316d23cd7f69a36?s=96&d=mm&r=g\",\"contentUrl\":\"https:\\\/\\\/secure.gravatar.com\\\/avatar\\\/78a7f90c01fc2bfc875782a0d4922b37cde2cf184ce347b91316d23cd7f69a36?s=96&d=mm&r=g\",\"caption\":\"galledia\"},\"sameAs\":[\"https:\\\/\\\/x.com\\\/admin\"],\"url\":\"https:\\\/\\\/www.organisator.ch\\\/en\\\/author\\\/galledia\\\/\"}]}<\/script>\n<!-- \/ Yoast SEO plugin. -->","yoast_head_json":{"title":"Pandemic was especially stressful for young adults - organizer","description":"Study shows: Corona pandemic puts particular psychological strain on young adults. Effects on relationships and well-being.","robots":{"index":"index","follow":"follow","max-snippet":"max-snippet:-1","max-image-preview":"max-image-preview:large","max-video-preview":"max-video-preview:-1"},"canonical":"https:\/\/www.organisator.ch\/en\/marketing\/2022-08-26\/pandemic-was-burdensome-especially-for-young-adults\/","og_locale":"en_US","og_type":"article","og_title":"Pandemie war vor allem f\u00fcr junge Erwachsene belastend - Organisator","og_description":"Studie zeigt: Corona-Pandemie belastet besonders junge Erwachsene psychisch. Auswirkungen auf Beziehungen und Wohlbefinden.","og_url":"https:\/\/www.organisator.ch\/en\/marketing\/2022-08-26\/pandemic-was-burdensome-especially-for-young-adults\/","og_site_name":"Organisator","article_publisher":"https:\/\/www.facebook.com\/OrganisatorFachmagazin","article_published_time":"2022-08-26T09:29:25+00:00","article_modified_time":"2024-11-22T09:59:35+00:00","author":"galledia","twitter_card":"summary_large_image","twitter_creator":"@admin","schema":{"@context":"https:\/\/schema.org","@graph":[{"@type":"Article","@id":"https:\/\/www.organisator.ch\/marketing\/2022-08-26\/pandemie-war-vor-allem-fuer-junge-erwachsene-belastend\/#article","isPartOf":{"@id":"https:\/\/www.organisator.ch\/marketing\/2022-08-26\/pandemie-war-vor-allem-fuer-junge-erwachsene-belastend\/"},"author":{"name":"galledia","@id":"https:\/\/www.organisator.ch\/#\/schema\/person\/4e51799071cd2dd1232ac003643ef5f0"},"headline":"Pandemie war vor allem f\u00fcr junge Erwachsene belastend","datePublished":"2022-08-26T09:29:25+00:00","dateModified":"2024-11-22T09:59:35+00:00","mainEntityOfPage":{"@id":"https:\/\/www.organisator.ch\/marketing\/2022-08-26\/pandemie-war-vor-allem-fuer-junge-erwachsene-belastend\/"},"wordCount":560,"publisher":{"@id":"https:\/\/www.organisator.ch\/#organization"},"image":{"@id":"https:\/\/www.organisator.ch\/marketing\/2022-08-26\/pandemie-war-vor-allem-fuer-junge-erwachsene-belastend\/#primaryimage"},"thumbnailUrl":"https:\/\/www.werbewoche.ch\/wp-content\/uploads\/2022\/08\/Bildschirmfoto-2022-08-26-um-11.27.23.png","keywords":["Corona-Zeiten","Marketagent.com"],"articleSection":["MARKETING"],"inLanguage":"en-US"},{"@type":"WebPage","@id":"https:\/\/www.organisator.ch\/marketing\/2022-08-26\/pandemie-war-vor-allem-fuer-junge-erwachsene-belastend\/","url":"https:\/\/www.organisator.ch\/marketing\/2022-08-26\/pandemie-war-vor-allem-fuer-junge-erwachsene-belastend\/","name":"Pandemic was especially stressful for young adults - organizer","isPartOf":{"@id":"https:\/\/www.organisator.ch\/#website"},"primaryImageOfPage":{"@id":"https:\/\/www.organisator.ch\/marketing\/2022-08-26\/pandemie-war-vor-allem-fuer-junge-erwachsene-belastend\/#primaryimage"},"image":{"@id":"https:\/\/www.organisator.ch\/marketing\/2022-08-26\/pandemie-war-vor-allem-fuer-junge-erwachsene-belastend\/#primaryimage"},"thumbnailUrl":"https:\/\/www.werbewoche.ch\/wp-content\/uploads\/2022\/08\/Bildschirmfoto-2022-08-26-um-11.27.23.png","datePublished":"2022-08-26T09:29:25+00:00","dateModified":"2024-11-22T09:59:35+00:00","description":"Study shows: Corona pandemic puts particular psychological strain on young adults. Effects on relationships and well-being.","breadcrumb":{"@id":"https:\/\/www.organisator.ch\/marketing\/2022-08-26\/pandemie-war-vor-allem-fuer-junge-erwachsene-belastend\/#breadcrumb"},"inLanguage":"en-US","potentialAction":[{"@type":"ReadAction","target":["https:\/\/www.organisator.ch\/marketing\/2022-08-26\/pandemie-war-vor-allem-fuer-junge-erwachsene-belastend\/"]}]},{"@type":"ImageObject","inLanguage":"en-US","@id":"https:\/\/www.organisator.ch\/marketing\/2022-08-26\/pandemie-war-vor-allem-fuer-junge-erwachsene-belastend\/#primaryimage","url":"https:\/\/www.werbewoche.ch\/wp-content\/uploads\/2022\/08\/Bildschirmfoto-2022-08-26-um-11.27.23.png","contentUrl":"https:\/\/www.werbewoche.ch\/wp-content\/uploads\/2022\/08\/Bildschirmfoto-2022-08-26-um-11.27.23.png"},{"@type":"BreadcrumbList","@id":"https:\/\/www.organisator.ch\/marketing\/2022-08-26\/pandemie-war-vor-allem-fuer-junge-erwachsene-belastend\/#breadcrumb","itemListElement":[{"@type":"ListItem","position":1,"name":"Home","item":"https:\/\/www.organisator.ch\/"},{"@type":"ListItem","position":2,"name":"Pandemie war vor allem f\u00fcr junge Erwachsene belastend"}]},{"@type":"WebSite","@id":"https:\/\/www.organisator.ch\/#website","url":"https:\/\/www.organisator.ch\/","name":"Organizer","description":"Competent. Practical. In 10 issues per year, ORGANISATOR presents the essential topics for managers of SMEs.","publisher":{"@id":"https:\/\/www.organisator.ch\/#organization"},"potentialAction":[{"@type":"SearchAction","target":{"@type":"EntryPoint","urlTemplate":"https:\/\/www.organisator.ch\/?s={search_term_string}"},"query-input":{"@type":"PropertyValueSpecification","valueRequired":true,"valueName":"search_term_string"}}],"inLanguage":"en-US"},{"@type":"Organization","@id":"https:\/\/www.organisator.ch\/#organization","name":"Organizer","url":"https:\/\/www.organisator.ch\/","logo":{"@type":"ImageObject","inLanguage":"en-US","@id":"https:\/\/www.organisator.ch\/#\/schema\/logo\/image\/","url":"https:\/\/www.organisator.ch\/wp-content\/uploads\/2022\/01\/Logo_Organisator_Website.png","contentUrl":"https:\/\/www.organisator.ch\/wp-content\/uploads\/2022\/01\/Logo_Organisator_Website.png","width":800,"height":77,"caption":"Organisator"},"image":{"@id":"https:\/\/www.organisator.ch\/#\/schema\/logo\/image\/"},"sameAs":["https:\/\/www.facebook.com\/OrganisatorFachmagazin","https:\/\/www.linkedin.com\/showcase\/organisator-das-magazin-fr-kmu","https:\/\/www.xing.com\/news\/pages\/organisator-ch-695","https:\/\/www.youtube.com\/channel\/UCGP2Sq0iWaZwT3BdIAQFYpw"]},{"@type":"Person","@id":"https:\/\/www.organisator.ch\/#\/schema\/person\/4e51799071cd2dd1232ac003643ef5f0","name":"galledia","image":{"@type":"ImageObject","inLanguage":"en-US","@id":"https:\/\/secure.gravatar.com\/avatar\/78a7f90c01fc2bfc875782a0d4922b37cde2cf184ce347b91316d23cd7f69a36?s=96&d=mm&r=g","url":"https:\/\/secure.gravatar.com\/avatar\/78a7f90c01fc2bfc875782a0d4922b37cde2cf184ce347b91316d23cd7f69a36?s=96&d=mm&r=g","contentUrl":"https:\/\/secure.gravatar.com\/avatar\/78a7f90c01fc2bfc875782a0d4922b37cde2cf184ce347b91316d23cd7f69a36?s=96&d=mm&r=g","caption":"galledia"},"sameAs":["https:\/\/x.com\/admin"],"url":"https:\/\/www.organisator.ch\/en\/author\/galledia\/"}]}},"_links":{"self":[{"href":"https:\/\/www.organisator.ch\/en\/wp-json\/wp\/v2\/posts\/16716","targetHints":{"allow":["GET"]}}],"collection":[{"href":"https:\/\/www.organisator.ch\/en\/wp-json\/wp\/v2\/posts"}],"about":[{"href":"https:\/\/www.organisator.ch\/en\/wp-json\/wp\/v2\/types\/post"}],"author":[{"embeddable":true,"href":"https:\/\/www.organisator.ch\/en\/wp-json\/wp\/v2\/users\/8"}],"replies":[{"embeddable":true,"href":"https:\/\/www.organisator.ch\/en\/wp-json\/wp\/v2\/comments?post=16716"}],"version-history":[{"count":3,"href":"https:\/\/www.organisator.ch\/en\/wp-json\/wp\/v2\/posts\/16716\/revisions"}],"predecessor-version":[{"id":33894,"href":"https:\/\/www.organisator.ch\/en\/wp-json\/wp\/v2\/posts\/16716\/revisions\/33894"}],"wp:attachment":[{"href":"https:\/\/www.organisator.ch\/en\/wp-json\/wp\/v2\/media?parent=16716"}],"wp:term":[{"taxonomy":"category","embeddable":true,"href":"https:\/\/www.organisator.ch\/en\/wp-json\/wp\/v2\/categories?post=16716"},{"taxonomy":"post_tag","embeddable":true,"href":"https:\/\/www.organisator.ch\/en\/wp-json\/wp\/v2\/tags?post=16716"}],"curies":[{"name":"wp","href":"https:\/\/api.w.org\/{rel}","templated":true}]}}