{"id":16725,"date":"2022-08-29T15:10:37","date_gmt":"2022-08-29T13:10:37","guid":{"rendered":"https:\/\/www.organisator.ch\/?p=16725"},"modified":"2022-08-29T15:10:37","modified_gmt":"2022-08-29T13:10:37","slug":"fernuni-schweiz-under-new-guidance","status":"publish","type":"post","link":"https:\/\/www.organisator.ch\/en\/weiterbildung\/2022-08-29\/fernuni-schweiz-unter-neuer-fuehrung\/","title":{"rendered":"FernUni Switzerland under new management"},"content":{"rendered":"<figure id=\"attachment_16726\" aria-describedby=\"caption-attachment-16726\" style=\"width: 680px\" class=\"wp-caption alignnone\"><img loading=\"lazy\" decoding=\"async\" class=\"size-full wp-image-16726\" src=\"https:\/\/www.organisator.ch\/wp-content\/uploads\/2022\/08\/FernUni-Schweiz-unter-neuer-Fuhrung_Organisator.jpg\" alt=\"\" width=\"680\" height=\"453\" srcset=\"https:\/\/www.organisator.ch\/wp-content\/uploads\/2022\/08\/FernUni-Schweiz-unter-neuer-Fuhrung_Organisator.jpg 680w, https:\/\/www.organisator.ch\/wp-content\/uploads\/2022\/08\/FernUni-Schweiz-unter-neuer-Fuhrung_Organisator-18x12.jpg 18w, https:\/\/www.organisator.ch\/wp-content\/uploads\/2022\/08\/FernUni-Schweiz-unter-neuer-Fuhrung_Organisator-263x175.jpg 263w, https:\/\/www.organisator.ch\/wp-content\/uploads\/2022\/08\/FernUni-Schweiz-unter-neuer-Fuhrung_Organisator-525x350.jpg 525w, https:\/\/www.organisator.ch\/wp-content\/uploads\/2022\/08\/FernUni-Schweiz-unter-neuer-Fuhrung_Organisator-300x200.jpg 300w\" sizes=\"auto, (max-width: 680px) 100vw, 680px\" \/><figcaption id=\"caption-attachment-16726\" class=\"wp-caption-text\">Stefan Bumann, new President of the Foundation Board of FernUni Switzerland. (Image: zVg \/ FernUni Switzerland)<\/figcaption><\/figure>\n<p>FernUni Switzerland can already look back on several highlights this year 2022. The <a href=\"https:\/\/www.organisator.ch\/de\/weiterbildung\/2022-07-04\/die-fernuni-schweiz-feiert-ihr-30-jaehriges-bestehen\/\">Anniversary celebrations for 30 years of existence<\/a> was followed last weekend by the inauguration of the Briger university campus. And this week, the top management of FernUni Switzerland has been reappointed: With Stefan Bumann, Dipl. Ing. ETHZ, a personality takes over who is characterized by a rich experience in the private sector and a long-standing leadership position in the public service. Stefan Bumann is also very familiar with both the Valais and the Swiss educational landscape. Since joining FernUni Switzerland's governing bodies, he has played a key role in shaping the institution's new university development plan and has been a strong advocate for the expansion of research at FernUni Switzerland.<\/p>\n<h3>The further expansion of FernUni Switzerland will be shaped by<\/h3>\n<p>On his election, the new president said: \"I am, of course, very pleased with the election. I accept this task with respect and humility. The word humility also contains the word courage. With courage, I want to tackle the challenges of the coming years with the committees of our institution and with all employees. The development of further educational offerings, the increase in the number of our own professorships, the strengthening of research in all faculties, as well as continuing education and service offerings are among them. First and foremost comes the 2027 accreditation as a university.\"<\/p>\n<h3>Merits of the departing management members<\/h3>\n<p>In his closing remarks, outgoing President Wilhelm Schnyder expressed his sincere thanks to all employees, to the members of the Directorate headed by Rector Prof. Dr. Marc Bors, and to all members of the governing bodies of FernUni Switzerland. Also to the address of the local communities, the canton of Valais and the canton of Schwyz, as well as the federal government. In a brief review, he paid tribute to the extremely successful path taken by FernUni Switzerland over the past ten years. As a highlight, he highlighted the accreditation as a<br \/>\nuniversity institute as well as the recognition of the eligibility for contributions by the federal government.<\/p>\n<p>The previous vice president Maria-Pia Tschopp and foundation board member Bruno Attinger have also stepped down. Maria-Pia Tschopp and Bruno Attinger have been on board for many years. Vice-President Maria-Pia Tschopp was one of the driving forces behind the foundation of the Centre romand d'enseignement \u00e0 distance in Sierre, the former Study Center Sierre, and Bruno Attinger was involved in the establishment of the Study Center in Pf\u00e4ffikon\/SZ from the very beginning and was responsible for the construction of the university campus at FernUni Switzerland as President of the Building Commission.<\/p>\n<h3>Appointments to the Political Strategic Advisory Board and the Scientific Advisory Board<\/h3>\n<p>Both the political-strategic advisory board, which is jointly elected by FernUni Switzerland and FernUni Switzerland, and the scientific advisory board of FernUni Switzerland play an extremely important role in advising the foundation board and the management. The political-strategic advisory board is chaired by former National Councillor Felix M\u00fcri, former President of the Education Commission of the National Council. The former Vice President of ETHZ, Prof. Dr. Gerhard Schmitt, chairs the scientific advisory board of the Fern-<br \/>\nUni Switzerland.<\/p>\n<p>Dr. Mauro Dell'Ambrogio, who headed the State Secretariat for Education, Research and Innovation for many years, joins the aforementioned bodies as a new member. Mauro Dell'Ambrogio built up the University and the University of Applied Sciences in the Canton of Ticino and has an international network in the field of education and research. Serge Gaudin, Director of Novelis, has been appointed to the political-strategic advisory board and the scientific advisory board as a representative of French-speaking Switzerland. He has successfully implemented the principles of the circular economy in the private sector. President Stefan Bumann as well as Mauro Dell'Ambrogio and Serge Gaudin will take up their duties next September 1, 2022.<\/p>\n<p><a href=\"http:\/\/www.FernUni.ch\"><em>Source and further information<\/em><\/a><\/p>","protected":false},"excerpt":{"rendered":"<p>Die FernUni Schweiz kann dieses Jahr 2022 bereits auf mehrere H\u00f6hepunkte zur\u00fcckblicken. Den Jubil\u00e4umsfeierlichkeiten zum 30-j\u00e4hrigen Bestehen folgte am vergangenen Wochenende die Einweihung des Briger Hochschulcampus. Und in dieser Woche ist die Spitze der FernUni Schweiz neu bestellt worden: Mit Stefan Bumann, Dipl. Ing. ETHZ, \u00fcbernimmt eine Pers\u00f6nlichkeit, die sich durch eine reiche Erfahrung in [&hellip;]<\/p>\n","protected":false},"author":4,"featured_media":16726,"comment_status":"closed","ping_status":"closed","sticky":false,"template":"","format":"standard","meta":{"_acf_changed":false,"_yoast_wpseo_focuskw":"FernUni Schweiz","_yoast_wpseo_metadesc":"Stefan Bumann, Dipl. Ing. ETHZ, \u00fcbernimmt am 1. September 2022 die F\u00fchrung der FernUni Schweiz als Pr\u00e4sident des Stiftungsrates.","articlekey":"","footnotes":""},"categories":[30],"tags":[62,192,381,2404],"class_list":["post-16725","post","type-post","status-publish","format-standard","has-post-thumbnail","hentry","category-weiterbildung","tag-aus-weiterbildung","tag-fachhochschulen","tag-personalia","tag-universitaet"],"acf":[],"yoast_head":"<!-- This site is optimized with the Yoast SEO plugin v27.4 - https:\/\/yoast.com\/product\/yoast-seo-wordpress\/ -->\n<title>FernUni Schweiz unter neuer F\u00fchrung - Organisator<\/title>\n<meta name=\"description\" content=\"Stefan Bumann, Dipl. Ing. ETHZ, \u00fcbernimmt am 1. September 2022 die F\u00fchrung der FernUni Schweiz als Pr\u00e4sident des Stiftungsrates.\" \/>\n<meta name=\"robots\" content=\"index, follow, max-snippet:-1, max-image-preview:large, max-video-preview:-1\" \/>\n<link rel=\"canonical\" href=\"https:\/\/www.organisator.ch\/en\/further-education\/2022-08-29\/fernuni-schweiz-under-new-guidance\/\" \/>\n<meta property=\"og:locale\" content=\"en_US\" \/>\n<meta property=\"og:type\" content=\"article\" \/>\n<meta property=\"og:title\" content=\"FernUni Schweiz unter neuer F\u00fchrung\" \/>\n<meta property=\"og:description\" content=\"Stefan Bumann, Dipl. Ing. ETHZ, \u00fcbernimmt am 1. September 2022 die F\u00fchrung der FernUni Schweiz als Pr\u00e4sident des Stiftungsrates.\" \/>\n<meta property=\"og:url\" content=\"https:\/\/www.organisator.ch\/en\/further-education\/2022-08-29\/fernuni-schweiz-under-new-guidance\/\" \/>\n<meta property=\"og:site_name\" content=\"Organisator\" \/>\n<meta property=\"article:publisher\" content=\"https:\/\/www.facebook.com\/OrganisatorFachmagazin\" \/>\n<meta property=\"article:published_time\" content=\"2022-08-29T13:10:37+00:00\" \/>\n<meta property=\"og:image\" content=\"https:\/\/www.organisator.ch\/wp-content\/uploads\/2022\/08\/FernUni-Schweiz-unter-neuer-Fuhrung_Organisator.jpg\" \/>\n\t<meta property=\"og:image:width\" content=\"680\" \/>\n\t<meta property=\"og:image:height\" content=\"453\" \/>\n\t<meta property=\"og:image:type\" content=\"image\/jpeg\" \/>\n<meta name=\"author\" content=\"thomas.berner\" \/>\n<meta name=\"twitter:card\" content=\"summary_large_image\" \/>\n<meta name=\"twitter:title\" content=\"FernUni Schweiz unter neuer F\u00fchrung\" \/>\n<meta name=\"twitter:description\" content=\"Stefan Bumann, Dipl. Ing. ETHZ, \u00fcbernimmt am 1. September 2022 die F\u00fchrung der FernUni Schweiz als Pr\u00e4sident des Stiftungsrates.\" \/>\n<meta name=\"twitter:image\" content=\"https:\/\/www.organisator.ch\/wp-content\/uploads\/2022\/08\/FernUni-Schweiz-unter-neuer-Fuhrung_Organisator.jpg\" \/>\n<script type=\"application\/ld+json\" class=\"yoast-schema-graph\">{\"@context\":\"https:\\\/\\\/schema.org\",\"@graph\":[{\"@type\":\"Article\",\"@id\":\"https:\\\/\\\/www.organisator.ch\\\/weiterbildung\\\/2022-08-29\\\/fernuni-schweiz-unter-neuer-fuehrung\\\/#article\",\"isPartOf\":{\"@id\":\"https:\\\/\\\/www.organisator.ch\\\/weiterbildung\\\/2022-08-29\\\/fernuni-schweiz-unter-neuer-fuehrung\\\/\"},\"author\":{\"name\":\"thomas.berner\",\"@id\":\"https:\\\/\\\/www.organisator.ch\\\/#\\\/schema\\\/person\\\/6f650f90b2842cd4c0cc334b4e36f67e\"},\"headline\":\"FernUni Schweiz unter neuer F\u00fchrung\",\"datePublished\":\"2022-08-29T13:10:37+00:00\",\"mainEntityOfPage\":{\"@id\":\"https:\\\/\\\/www.organisator.ch\\\/weiterbildung\\\/2022-08-29\\\/fernuni-schweiz-unter-neuer-fuehrung\\\/\"},\"wordCount\":623,\"publisher\":{\"@id\":\"https:\\\/\\\/www.organisator.ch\\\/#organization\"},\"image\":{\"@id\":\"https:\\\/\\\/www.organisator.ch\\\/weiterbildung\\\/2022-08-29\\\/fernuni-schweiz-unter-neuer-fuehrung\\\/#primaryimage\"},\"thumbnailUrl\":\"https:\\\/\\\/www.organisator.ch\\\/wp-content\\\/uploads\\\/2022\\\/08\\\/FernUni-Schweiz-unter-neuer-Fuhrung_Organisator.jpg\",\"keywords\":[\"Aus-\\\/Weiterbildung\",\"Fachhochschulen\",\"Personalia\",\"Universit\u00e4t\"],\"articleSection\":[\"WEITERBILDUNG\"],\"inLanguage\":\"en-US\"},{\"@type\":\"WebPage\",\"@id\":\"https:\\\/\\\/www.organisator.ch\\\/weiterbildung\\\/2022-08-29\\\/fernuni-schweiz-unter-neuer-fuehrung\\\/\",\"url\":\"https:\\\/\\\/www.organisator.ch\\\/weiterbildung\\\/2022-08-29\\\/fernuni-schweiz-unter-neuer-fuehrung\\\/\",\"name\":\"FernUni Schweiz unter neuer F\u00fchrung - Organisator\",\"isPartOf\":{\"@id\":\"https:\\\/\\\/www.organisator.ch\\\/#website\"},\"primaryImageOfPage\":{\"@id\":\"https:\\\/\\\/www.organisator.ch\\\/weiterbildung\\\/2022-08-29\\\/fernuni-schweiz-unter-neuer-fuehrung\\\/#primaryimage\"},\"image\":{\"@id\":\"https:\\\/\\\/www.organisator.ch\\\/weiterbildung\\\/2022-08-29\\\/fernuni-schweiz-unter-neuer-fuehrung\\\/#primaryimage\"},\"thumbnailUrl\":\"https:\\\/\\\/www.organisator.ch\\\/wp-content\\\/uploads\\\/2022\\\/08\\\/FernUni-Schweiz-unter-neuer-Fuhrung_Organisator.jpg\",\"datePublished\":\"2022-08-29T13:10:37+00:00\",\"description\":\"Stefan Bumann, Dipl. Ing. ETHZ, \u00fcbernimmt am 1. September 2022 die F\u00fchrung der FernUni Schweiz als Pr\u00e4sident des Stiftungsrates.\",\"breadcrumb\":{\"@id\":\"https:\\\/\\\/www.organisator.ch\\\/weiterbildung\\\/2022-08-29\\\/fernuni-schweiz-unter-neuer-fuehrung\\\/#breadcrumb\"},\"inLanguage\":\"en-US\",\"potentialAction\":[{\"@type\":\"ReadAction\",\"target\":[\"https:\\\/\\\/www.organisator.ch\\\/weiterbildung\\\/2022-08-29\\\/fernuni-schweiz-unter-neuer-fuehrung\\\/\"]}]},{\"@type\":\"ImageObject\",\"inLanguage\":\"en-US\",\"@id\":\"https:\\\/\\\/www.organisator.ch\\\/weiterbildung\\\/2022-08-29\\\/fernuni-schweiz-unter-neuer-fuehrung\\\/#primaryimage\",\"url\":\"https:\\\/\\\/www.organisator.ch\\\/wp-content\\\/uploads\\\/2022\\\/08\\\/FernUni-Schweiz-unter-neuer-Fuhrung_Organisator.jpg\",\"contentUrl\":\"https:\\\/\\\/www.organisator.ch\\\/wp-content\\\/uploads\\\/2022\\\/08\\\/FernUni-Schweiz-unter-neuer-Fuhrung_Organisator.jpg\",\"width\":680,\"height\":453,\"caption\":\"Stefan Bumann, neuer Pr\u00e4sident des Stiftungsrats der FernUni Schweiz. (Bild: zVg \\\/ FernUni Schweiz)\"},{\"@type\":\"BreadcrumbList\",\"@id\":\"https:\\\/\\\/www.organisator.ch\\\/weiterbildung\\\/2022-08-29\\\/fernuni-schweiz-unter-neuer-fuehrung\\\/#breadcrumb\",\"itemListElement\":[{\"@type\":\"ListItem\",\"position\":1,\"name\":\"Home\",\"item\":\"https:\\\/\\\/www.organisator.ch\\\/\"},{\"@type\":\"ListItem\",\"position\":2,\"name\":\"FernUni Schweiz unter neuer F\u00fchrung\"}]},{\"@type\":\"WebSite\",\"@id\":\"https:\\\/\\\/www.organisator.ch\\\/#website\",\"url\":\"https:\\\/\\\/www.organisator.ch\\\/\",\"name\":\"Organisator\",\"description\":\"Kompetent. Praxisnah. Der ORGANISATOR bereitet in 10 Ausgaben pro Jahr die wesentlichen Themen f\u00fcr F\u00fchrungskr\u00e4fte von KMU auf.\",\"publisher\":{\"@id\":\"https:\\\/\\\/www.organisator.ch\\\/#organization\"},\"potentialAction\":[{\"@type\":\"SearchAction\",\"target\":{\"@type\":\"EntryPoint\",\"urlTemplate\":\"https:\\\/\\\/www.organisator.ch\\\/?s={search_term_string}\"},\"query-input\":{\"@type\":\"PropertyValueSpecification\",\"valueRequired\":true,\"valueName\":\"search_term_string\"}}],\"inLanguage\":\"en-US\"},{\"@type\":\"Organization\",\"@id\":\"https:\\\/\\\/www.organisator.ch\\\/#organization\",\"name\":\"Organisator\",\"url\":\"https:\\\/\\\/www.organisator.ch\\\/\",\"logo\":{\"@type\":\"ImageObject\",\"inLanguage\":\"en-US\",\"@id\":\"https:\\\/\\\/www.organisator.ch\\\/#\\\/schema\\\/logo\\\/image\\\/\",\"url\":\"https:\\\/\\\/www.organisator.ch\\\/wp-content\\\/uploads\\\/2022\\\/01\\\/Logo_Organisator_Website.png\",\"contentUrl\":\"https:\\\/\\\/www.organisator.ch\\\/wp-content\\\/uploads\\\/2022\\\/01\\\/Logo_Organisator_Website.png\",\"width\":800,\"height\":77,\"caption\":\"Organisator\"},\"image\":{\"@id\":\"https:\\\/\\\/www.organisator.ch\\\/#\\\/schema\\\/logo\\\/image\\\/\"},\"sameAs\":[\"https:\\\/\\\/www.facebook.com\\\/OrganisatorFachmagazin\",\"https:\\\/\\\/www.linkedin.com\\\/showcase\\\/organisator-das-magazin-fr-kmu\",\"https:\\\/\\\/www.xing.com\\\/news\\\/pages\\\/organisator-ch-695\",\"https:\\\/\\\/www.youtube.com\\\/channel\\\/UCGP2Sq0iWaZwT3BdIAQFYpw\"]},{\"@type\":\"Person\",\"@id\":\"https:\\\/\\\/www.organisator.ch\\\/#\\\/schema\\\/person\\\/6f650f90b2842cd4c0cc334b4e36f67e\",\"name\":\"thomas.berner\",\"image\":{\"@type\":\"ImageObject\",\"inLanguage\":\"en-US\",\"@id\":\"https:\\\/\\\/secure.gravatar.com\\\/avatar\\\/ac5001d2a36cb6c6cd3e50789007ffca834b477b74a2144564522e944eabff61?s=96&d=mm&r=g\",\"url\":\"https:\\\/\\\/secure.gravatar.com\\\/avatar\\\/ac5001d2a36cb6c6cd3e50789007ffca834b477b74a2144564522e944eabff61?s=96&d=mm&r=g\",\"contentUrl\":\"https:\\\/\\\/secure.gravatar.com\\\/avatar\\\/ac5001d2a36cb6c6cd3e50789007ffca834b477b74a2144564522e944eabff61?s=96&d=mm&r=g\",\"caption\":\"thomas.berner\"},\"url\":\"https:\\\/\\\/www.organisator.ch\\\/en\\\/author\\\/thomas-berner\\\/\"}]}<\/script>\n<!-- \/ Yoast SEO plugin. -->","yoast_head_json":{"title":"FernUni Switzerland under new leadership - Organizer","description":"Stefan Bumann, Dipl. Ing. ETHZ, will take over the leadership of FernUni Switzerland as President of the Foundation Board on September 1, 2022.","robots":{"index":"index","follow":"follow","max-snippet":"max-snippet:-1","max-image-preview":"max-image-preview:large","max-video-preview":"max-video-preview:-1"},"canonical":"https:\/\/www.organisator.ch\/en\/further-education\/2022-08-29\/fernuni-schweiz-under-new-guidance\/","og_locale":"en_US","og_type":"article","og_title":"FernUni Schweiz unter neuer F\u00fchrung","og_description":"Stefan Bumann, Dipl. Ing. ETHZ, \u00fcbernimmt am 1. September 2022 die F\u00fchrung der FernUni Schweiz als Pr\u00e4sident des Stiftungsrates.","og_url":"https:\/\/www.organisator.ch\/en\/further-education\/2022-08-29\/fernuni-schweiz-under-new-guidance\/","og_site_name":"Organisator","article_publisher":"https:\/\/www.facebook.com\/OrganisatorFachmagazin","article_published_time":"2022-08-29T13:10:37+00:00","og_image":[{"width":680,"height":453,"url":"https:\/\/www.organisator.ch\/wp-content\/uploads\/2022\/08\/FernUni-Schweiz-unter-neuer-Fuhrung_Organisator.jpg","type":"image\/jpeg"}],"author":"thomas.berner","twitter_card":"summary_large_image","twitter_title":"FernUni Schweiz unter neuer F\u00fchrung","twitter_description":"Stefan Bumann, Dipl. Ing. ETHZ, \u00fcbernimmt am 1. September 2022 die F\u00fchrung der FernUni Schweiz als Pr\u00e4sident des Stiftungsrates.","twitter_image":"https:\/\/www.organisator.ch\/wp-content\/uploads\/2022\/08\/FernUni-Schweiz-unter-neuer-Fuhrung_Organisator.jpg","schema":{"@context":"https:\/\/schema.org","@graph":[{"@type":"Article","@id":"https:\/\/www.organisator.ch\/weiterbildung\/2022-08-29\/fernuni-schweiz-unter-neuer-fuehrung\/#article","isPartOf":{"@id":"https:\/\/www.organisator.ch\/weiterbildung\/2022-08-29\/fernuni-schweiz-unter-neuer-fuehrung\/"},"author":{"name":"thomas.berner","@id":"https:\/\/www.organisator.ch\/#\/schema\/person\/6f650f90b2842cd4c0cc334b4e36f67e"},"headline":"FernUni Schweiz unter neuer F\u00fchrung","datePublished":"2022-08-29T13:10:37+00:00","mainEntityOfPage":{"@id":"https:\/\/www.organisator.ch\/weiterbildung\/2022-08-29\/fernuni-schweiz-unter-neuer-fuehrung\/"},"wordCount":623,"publisher":{"@id":"https:\/\/www.organisator.ch\/#organization"},"image":{"@id":"https:\/\/www.organisator.ch\/weiterbildung\/2022-08-29\/fernuni-schweiz-unter-neuer-fuehrung\/#primaryimage"},"thumbnailUrl":"https:\/\/www.organisator.ch\/wp-content\/uploads\/2022\/08\/FernUni-Schweiz-unter-neuer-Fuhrung_Organisator.jpg","keywords":["Aus-\/Weiterbildung","Fachhochschulen","Personalia","Universit\u00e4t"],"articleSection":["WEITERBILDUNG"],"inLanguage":"en-US"},{"@type":"WebPage","@id":"https:\/\/www.organisator.ch\/weiterbildung\/2022-08-29\/fernuni-schweiz-unter-neuer-fuehrung\/","url":"https:\/\/www.organisator.ch\/weiterbildung\/2022-08-29\/fernuni-schweiz-unter-neuer-fuehrung\/","name":"FernUni Switzerland under new leadership - Organizer","isPartOf":{"@id":"https:\/\/www.organisator.ch\/#website"},"primaryImageOfPage":{"@id":"https:\/\/www.organisator.ch\/weiterbildung\/2022-08-29\/fernuni-schweiz-unter-neuer-fuehrung\/#primaryimage"},"image":{"@id":"https:\/\/www.organisator.ch\/weiterbildung\/2022-08-29\/fernuni-schweiz-unter-neuer-fuehrung\/#primaryimage"},"thumbnailUrl":"https:\/\/www.organisator.ch\/wp-content\/uploads\/2022\/08\/FernUni-Schweiz-unter-neuer-Fuhrung_Organisator.jpg","datePublished":"2022-08-29T13:10:37+00:00","description":"Stefan Bumann, Dipl. Ing. ETHZ, will take over the leadership of FernUni Switzerland as President of the Foundation Board on September 1, 2022.","breadcrumb":{"@id":"https:\/\/www.organisator.ch\/weiterbildung\/2022-08-29\/fernuni-schweiz-unter-neuer-fuehrung\/#breadcrumb"},"inLanguage":"en-US","potentialAction":[{"@type":"ReadAction","target":["https:\/\/www.organisator.ch\/weiterbildung\/2022-08-29\/fernuni-schweiz-unter-neuer-fuehrung\/"]}]},{"@type":"ImageObject","inLanguage":"en-US","@id":"https:\/\/www.organisator.ch\/weiterbildung\/2022-08-29\/fernuni-schweiz-unter-neuer-fuehrung\/#primaryimage","url":"https:\/\/www.organisator.ch\/wp-content\/uploads\/2022\/08\/FernUni-Schweiz-unter-neuer-Fuhrung_Organisator.jpg","contentUrl":"https:\/\/www.organisator.ch\/wp-content\/uploads\/2022\/08\/FernUni-Schweiz-unter-neuer-Fuhrung_Organisator.jpg","width":680,"height":453,"caption":"Stefan Bumann, neuer Pr\u00e4sident des Stiftungsrats der FernUni Schweiz. (Bild: zVg \/ FernUni Schweiz)"},{"@type":"BreadcrumbList","@id":"https:\/\/www.organisator.ch\/weiterbildung\/2022-08-29\/fernuni-schweiz-unter-neuer-fuehrung\/#breadcrumb","itemListElement":[{"@type":"ListItem","position":1,"name":"Home","item":"https:\/\/www.organisator.ch\/"},{"@type":"ListItem","position":2,"name":"FernUni Schweiz unter neuer F\u00fchrung"}]},{"@type":"WebSite","@id":"https:\/\/www.organisator.ch\/#website","url":"https:\/\/www.organisator.ch\/","name":"Organizer","description":"Competent. Practical. In 10 issues per year, ORGANISATOR presents the essential topics for managers of SMEs.","publisher":{"@id":"https:\/\/www.organisator.ch\/#organization"},"potentialAction":[{"@type":"SearchAction","target":{"@type":"EntryPoint","urlTemplate":"https:\/\/www.organisator.ch\/?s={search_term_string}"},"query-input":{"@type":"PropertyValueSpecification","valueRequired":true,"valueName":"search_term_string"}}],"inLanguage":"en-US"},{"@type":"Organization","@id":"https:\/\/www.organisator.ch\/#organization","name":"Organizer","url":"https:\/\/www.organisator.ch\/","logo":{"@type":"ImageObject","inLanguage":"en-US","@id":"https:\/\/www.organisator.ch\/#\/schema\/logo\/image\/","url":"https:\/\/www.organisator.ch\/wp-content\/uploads\/2022\/01\/Logo_Organisator_Website.png","contentUrl":"https:\/\/www.organisator.ch\/wp-content\/uploads\/2022\/01\/Logo_Organisator_Website.png","width":800,"height":77,"caption":"Organisator"},"image":{"@id":"https:\/\/www.organisator.ch\/#\/schema\/logo\/image\/"},"sameAs":["https:\/\/www.facebook.com\/OrganisatorFachmagazin","https:\/\/www.linkedin.com\/showcase\/organisator-das-magazin-fr-kmu","https:\/\/www.xing.com\/news\/pages\/organisator-ch-695","https:\/\/www.youtube.com\/channel\/UCGP2Sq0iWaZwT3BdIAQFYpw"]},{"@type":"Person","@id":"https:\/\/www.organisator.ch\/#\/schema\/person\/6f650f90b2842cd4c0cc334b4e36f67e","name":"thomas.berner","image":{"@type":"ImageObject","inLanguage":"en-US","@id":"https:\/\/secure.gravatar.com\/avatar\/ac5001d2a36cb6c6cd3e50789007ffca834b477b74a2144564522e944eabff61?s=96&d=mm&r=g","url":"https:\/\/secure.gravatar.com\/avatar\/ac5001d2a36cb6c6cd3e50789007ffca834b477b74a2144564522e944eabff61?s=96&d=mm&r=g","contentUrl":"https:\/\/secure.gravatar.com\/avatar\/ac5001d2a36cb6c6cd3e50789007ffca834b477b74a2144564522e944eabff61?s=96&d=mm&r=g","caption":"thomas.berner"},"url":"https:\/\/www.organisator.ch\/en\/author\/thomas-berner\/"}]}},"_links":{"self":[{"href":"https:\/\/www.organisator.ch\/en\/wp-json\/wp\/v2\/posts\/16725","targetHints":{"allow":["GET"]}}],"collection":[{"href":"https:\/\/www.organisator.ch\/en\/wp-json\/wp\/v2\/posts"}],"about":[{"href":"https:\/\/www.organisator.ch\/en\/wp-json\/wp\/v2\/types\/post"}],"author":[{"embeddable":true,"href":"https:\/\/www.organisator.ch\/en\/wp-json\/wp\/v2\/users\/4"}],"replies":[{"embeddable":true,"href":"https:\/\/www.organisator.ch\/en\/wp-json\/wp\/v2\/comments?post=16725"}],"version-history":[{"count":2,"href":"https:\/\/www.organisator.ch\/en\/wp-json\/wp\/v2\/posts\/16725\/revisions"}],"predecessor-version":[{"id":16728,"href":"https:\/\/www.organisator.ch\/en\/wp-json\/wp\/v2\/posts\/16725\/revisions\/16728"}],"wp:featuredmedia":[{"embeddable":true,"href":"https:\/\/www.organisator.ch\/en\/wp-json\/wp\/v2\/media\/16726"}],"wp:attachment":[{"href":"https:\/\/www.organisator.ch\/en\/wp-json\/wp\/v2\/media?parent=16725"}],"wp:term":[{"taxonomy":"category","embeddable":true,"href":"https:\/\/www.organisator.ch\/en\/wp-json\/wp\/v2\/categories?post=16725"},{"taxonomy":"post_tag","embeddable":true,"href":"https:\/\/www.organisator.ch\/en\/wp-json\/wp\/v2\/tags?post=16725"}],"curies":[{"name":"wp","href":"https:\/\/api.w.org\/{rel}","templated":true}]}}