{"id":16764,"date":"2022-08-31T11:18:48","date_gmt":"2022-08-31T09:18:48","guid":{"rendered":"https:\/\/www.werbewoche.ch\/?p=185258"},"modified":"2024-11-22T07:52:07","modified_gmt":"2024-11-22T06:52:07","slug":"update-realize-new-website-for-buehnen-bern","status":"publish","type":"post","link":"https:\/\/www.organisator.ch\/en\/marketing\/2022-08-31\/update-realisiert-neue-website-fuer-buehnen-bern\/","title":{"rendered":"Update realizes new website for B\u00fchnen Bern"},"content":{"rendered":"<p><img class=\"aligncenter wp-image-185259 size-full\" src=\"https:\/\/www.werbewoche.ch\/wp-content\/uploads\/2022\/08\/Buehnen-Bern-Update.jpg\" alt=\"Stages Bern\" width=\"1200\" height=\"900\" \/><\/p>\r\n<p>In time for the start of the 2022\/2023 season, B\u00fchnen Bern is launching a colorful and clear website. With the change in web design, the Bernese cultural institution, with its theater, ballet, Bern Symphony Orchestra and opera divisions, hopes to attract a younger audience.<\/p>\r\n<p>The new season kicked off on Saturday with a \"Theaterfest\" that celebrated the new beginning with popping corks, streamers and all kinds of spectacle, and an open-air concert on Bundesplatz. The rest of the program of the new season can be found at the domain <a href=\"http:\/\/buehnenbern.ch\/\" rel=\"noopener\">Buehnenbern.ch<\/a> to be explored.<\/p>\r\n<p>The new website was realized by the Zurich agency Update on the technical basis of the internet presence retread in 2018. The design comes from the agency Wapico. In addition to many functional and process adjustments, the focus was on the visual redesign. Increased use was made of fractal programming techniques and \"responsive design\", so that the website can be used optimally on all device sizes.<\/p>\r\n<p>The proven CMS Processwire continues to be used. In addition, the interface to the internal theater system \"TheaSoft\" was optimized. Update has supported the Bernese cultural institution in its Internet activities since 2012.<\/p>\r\n<hr \/>\r\n<p><strong>Project Management:<\/strong> Oliver Arnoczky.<\/p>","protected":false},"excerpt":{"rendered":"<p>Farbenfroh und \u00fcbersichtlich pr\u00e4sentieren sich die B\u00fchnen Bern mit ihrer Website p\u00fcnktlich zum Saisonstart 2022\/2023. Mit dem Webdesignwechsel will die Berner Kulturinstitution mit seinen Sparten Theater, Ballett, Berner Symphonieorchester und Oper nicht zuletzt ein j\u00fcngeres Publikum f\u00fcr sich gewinnen. Gestartet wurde die neue Saison am Samstag mit einem \u00abTheaterfest\u00bb, das den Neuanfang mit knallenden Korken, [\u2026]<\/p>\n","protected":false},"author":8,"featured_media":0,"comment_status":"closed","ping_status":"closed","sticky":false,"template":"","format":"standard","meta":{"_acf_changed":false,"_yoast_wpseo_focuskw":"B\u00fchnen Bern","_yoast_wpseo_metadesc":"B\u00fchnen Bern startet farbenfrohe neue Website zur Saison 2022\/2023. Fraktale Programmierung und responsive Design im Fokus.","articlekey":"","footnotes":""},"categories":[29],"tags":[3361],"class_list":["post-16764","post","type-post","status-publish","format-standard","hentry","category-marketing","tag-update"],"acf":[],"yoast_head":"<!-- This site is optimized with the Yoast SEO plugin v27.5 - https:\/\/yoast.com\/product\/yoast-seo-wordpress\/ -->\n<title>Update realisiert neue Website f\u00fcr B\u00fchnen Bern - Organisator<\/title>\n<meta name=\"description\" content=\"B\u00fchnen Bern startet farbenfrohe neue Website zur Saison 2022\/2023. Fraktale Programmierung und responsive Design im Fokus.\" \/>\n<meta name=\"robots\" content=\"index, follow, max-snippet:-1, max-image-preview:large, max-video-preview:-1\" \/>\n<link rel=\"canonical\" href=\"https:\/\/www.organisator.ch\/en\/marketing\/2022-08-31\/update-realize-new-website-for-buehnen-bern\/\" \/>\n<meta property=\"og:locale\" content=\"en_US\" \/>\n<meta property=\"og:type\" content=\"article\" \/>\n<meta property=\"og:title\" content=\"Update realisiert neue Website f\u00fcr B\u00fchnen Bern - Organisator\" \/>\n<meta property=\"og:description\" content=\"B\u00fchnen Bern startet farbenfrohe neue Website zur Saison 2022\/2023. Fraktale Programmierung und responsive Design im Fokus.\" \/>\n<meta property=\"og:url\" content=\"https:\/\/www.organisator.ch\/en\/marketing\/2022-08-31\/update-realize-new-website-for-buehnen-bern\/\" \/>\n<meta property=\"og:site_name\" content=\"Organisator\" \/>\n<meta property=\"article:publisher\" content=\"https:\/\/www.facebook.com\/OrganisatorFachmagazin\" \/>\n<meta property=\"article:published_time\" content=\"2022-08-31T09:18:48+00:00\" \/>\n<meta property=\"article:modified_time\" content=\"2024-11-22T06:52:07+00:00\" \/>\n<meta name=\"author\" content=\"galledia\" \/>\n<meta name=\"twitter:card\" content=\"summary_large_image\" \/>\n<meta name=\"twitter:creator\" content=\"@admin\" \/>\n<script type=\"application\/ld+json\" class=\"yoast-schema-graph\">{\"@context\":\"https:\\\/\\\/schema.org\",\"@graph\":[{\"@type\":\"Article\",\"@id\":\"https:\\\/\\\/www.organisator.ch\\\/marketing\\\/2022-08-31\\\/update-realisiert-neue-website-fuer-buehnen-bern\\\/#article\",\"isPartOf\":{\"@id\":\"https:\\\/\\\/www.organisator.ch\\\/marketing\\\/2022-08-31\\\/update-realisiert-neue-website-fuer-buehnen-bern\\\/\"},\"author\":{\"name\":\"galledia\",\"@id\":\"https:\\\/\\\/www.organisator.ch\\\/#\\\/schema\\\/person\\\/4e51799071cd2dd1232ac003643ef5f0\"},\"headline\":\"Update realisiert neue Website f\u00fcr B\u00fchnen Bern\",\"datePublished\":\"2022-08-31T09:18:48+00:00\",\"dateModified\":\"2024-11-22T06:52:07+00:00\",\"mainEntityOfPage\":{\"@id\":\"https:\\\/\\\/www.organisator.ch\\\/marketing\\\/2022-08-31\\\/update-realisiert-neue-website-fuer-buehnen-bern\\\/\"},\"wordCount\":190,\"publisher\":{\"@id\":\"https:\\\/\\\/www.organisator.ch\\\/#organization\"},\"image\":{\"@id\":\"https:\\\/\\\/www.organisator.ch\\\/marketing\\\/2022-08-31\\\/update-realisiert-neue-website-fuer-buehnen-bern\\\/#primaryimage\"},\"thumbnailUrl\":\"https:\\\/\\\/www.werbewoche.ch\\\/wp-content\\\/uploads\\\/2022\\\/08\\\/Buehnen-Bern-Update.jpg\",\"keywords\":[\"Update\"],\"articleSection\":[\"MARKETING\"],\"inLanguage\":\"en-US\"},{\"@type\":\"WebPage\",\"@id\":\"https:\\\/\\\/www.organisator.ch\\\/marketing\\\/2022-08-31\\\/update-realisiert-neue-website-fuer-buehnen-bern\\\/\",\"url\":\"https:\\\/\\\/www.organisator.ch\\\/marketing\\\/2022-08-31\\\/update-realisiert-neue-website-fuer-buehnen-bern\\\/\",\"name\":\"Update realisiert neue Website f\u00fcr B\u00fchnen Bern - Organisator\",\"isPartOf\":{\"@id\":\"https:\\\/\\\/www.organisator.ch\\\/#website\"},\"primaryImageOfPage\":{\"@id\":\"https:\\\/\\\/www.organisator.ch\\\/marketing\\\/2022-08-31\\\/update-realisiert-neue-website-fuer-buehnen-bern\\\/#primaryimage\"},\"image\":{\"@id\":\"https:\\\/\\\/www.organisator.ch\\\/marketing\\\/2022-08-31\\\/update-realisiert-neue-website-fuer-buehnen-bern\\\/#primaryimage\"},\"thumbnailUrl\":\"https:\\\/\\\/www.werbewoche.ch\\\/wp-content\\\/uploads\\\/2022\\\/08\\\/Buehnen-Bern-Update.jpg\",\"datePublished\":\"2022-08-31T09:18:48+00:00\",\"dateModified\":\"2024-11-22T06:52:07+00:00\",\"description\":\"B\u00fchnen Bern startet farbenfrohe neue Website zur Saison 2022\\\/2023. Fraktale Programmierung und responsive Design im Fokus.\",\"breadcrumb\":{\"@id\":\"https:\\\/\\\/www.organisator.ch\\\/marketing\\\/2022-08-31\\\/update-realisiert-neue-website-fuer-buehnen-bern\\\/#breadcrumb\"},\"inLanguage\":\"en-US\",\"potentialAction\":[{\"@type\":\"ReadAction\",\"target\":[\"https:\\\/\\\/www.organisator.ch\\\/marketing\\\/2022-08-31\\\/update-realisiert-neue-website-fuer-buehnen-bern\\\/\"]}]},{\"@type\":\"ImageObject\",\"inLanguage\":\"en-US\",\"@id\":\"https:\\\/\\\/www.organisator.ch\\\/marketing\\\/2022-08-31\\\/update-realisiert-neue-website-fuer-buehnen-bern\\\/#primaryimage\",\"url\":\"https:\\\/\\\/www.werbewoche.ch\\\/wp-content\\\/uploads\\\/2022\\\/08\\\/Buehnen-Bern-Update.jpg\",\"contentUrl\":\"https:\\\/\\\/www.werbewoche.ch\\\/wp-content\\\/uploads\\\/2022\\\/08\\\/Buehnen-Bern-Update.jpg\"},{\"@type\":\"BreadcrumbList\",\"@id\":\"https:\\\/\\\/www.organisator.ch\\\/marketing\\\/2022-08-31\\\/update-realisiert-neue-website-fuer-buehnen-bern\\\/#breadcrumb\",\"itemListElement\":[{\"@type\":\"ListItem\",\"position\":1,\"name\":\"Home\",\"item\":\"https:\\\/\\\/www.organisator.ch\\\/\"},{\"@type\":\"ListItem\",\"position\":2,\"name\":\"Update realisiert neue Website f\u00fcr B\u00fchnen Bern\"}]},{\"@type\":\"WebSite\",\"@id\":\"https:\\\/\\\/www.organisator.ch\\\/#website\",\"url\":\"https:\\\/\\\/www.organisator.ch\\\/\",\"name\":\"Organisator\",\"description\":\"Kompetent. Praxisnah. Der ORGANISATOR bereitet in 10 Ausgaben pro Jahr die wesentlichen Themen f\u00fcr F\u00fchrungskr\u00e4fte von KMU auf.\",\"publisher\":{\"@id\":\"https:\\\/\\\/www.organisator.ch\\\/#organization\"},\"potentialAction\":[{\"@type\":\"SearchAction\",\"target\":{\"@type\":\"EntryPoint\",\"urlTemplate\":\"https:\\\/\\\/www.organisator.ch\\\/?s={search_term_string}\"},\"query-input\":{\"@type\":\"PropertyValueSpecification\",\"valueRequired\":true,\"valueName\":\"search_term_string\"}}],\"inLanguage\":\"en-US\"},{\"@type\":\"Organization\",\"@id\":\"https:\\\/\\\/www.organisator.ch\\\/#organization\",\"name\":\"Organisator\",\"url\":\"https:\\\/\\\/www.organisator.ch\\\/\",\"logo\":{\"@type\":\"ImageObject\",\"inLanguage\":\"en-US\",\"@id\":\"https:\\\/\\\/www.organisator.ch\\\/#\\\/schema\\\/logo\\\/image\\\/\",\"url\":\"https:\\\/\\\/www.organisator.ch\\\/wp-content\\\/uploads\\\/2022\\\/01\\\/Logo_Organisator_Website.png\",\"contentUrl\":\"https:\\\/\\\/www.organisator.ch\\\/wp-content\\\/uploads\\\/2022\\\/01\\\/Logo_Organisator_Website.png\",\"width\":800,\"height\":77,\"caption\":\"Organisator\"},\"image\":{\"@id\":\"https:\\\/\\\/www.organisator.ch\\\/#\\\/schema\\\/logo\\\/image\\\/\"},\"sameAs\":[\"https:\\\/\\\/www.facebook.com\\\/OrganisatorFachmagazin\",\"https:\\\/\\\/www.linkedin.com\\\/showcase\\\/organisator-das-magazin-fr-kmu\",\"https:\\\/\\\/www.xing.com\\\/news\\\/pages\\\/organisator-ch-695\",\"https:\\\/\\\/www.youtube.com\\\/channel\\\/UCGP2Sq0iWaZwT3BdIAQFYpw\"]},{\"@type\":\"Person\",\"@id\":\"https:\\\/\\\/www.organisator.ch\\\/#\\\/schema\\\/person\\\/4e51799071cd2dd1232ac003643ef5f0\",\"name\":\"galledia\",\"image\":{\"@type\":\"ImageObject\",\"inLanguage\":\"en-US\",\"@id\":\"https:\\\/\\\/secure.gravatar.com\\\/avatar\\\/78a7f90c01fc2bfc875782a0d4922b37cde2cf184ce347b91316d23cd7f69a36?s=96&d=mm&r=g\",\"url\":\"https:\\\/\\\/secure.gravatar.com\\\/avatar\\\/78a7f90c01fc2bfc875782a0d4922b37cde2cf184ce347b91316d23cd7f69a36?s=96&d=mm&r=g\",\"contentUrl\":\"https:\\\/\\\/secure.gravatar.com\\\/avatar\\\/78a7f90c01fc2bfc875782a0d4922b37cde2cf184ce347b91316d23cd7f69a36?s=96&d=mm&r=g\",\"caption\":\"galledia\"},\"sameAs\":[\"https:\\\/\\\/x.com\\\/admin\"],\"url\":\"https:\\\/\\\/www.organisator.ch\\\/en\\\/author\\\/galledia\\\/\"}]}<\/script>\n<!-- \/ Yoast SEO plugin. -->","yoast_head_json":{"title":"Update realized new website for stages Bern - organizer","description":"B\u00fchnen Bern launches colorful new website for the 2022\/2023 season, focusing on fractal programming and responsive design.","robots":{"index":"index","follow":"follow","max-snippet":"max-snippet:-1","max-image-preview":"max-image-preview:large","max-video-preview":"max-video-preview:-1"},"canonical":"https:\/\/www.organisator.ch\/en\/marketing\/2022-08-31\/update-realize-new-website-for-buehnen-bern\/","og_locale":"en_US","og_type":"article","og_title":"Update realisiert neue Website f\u00fcr B\u00fchnen Bern - Organisator","og_description":"B\u00fchnen Bern startet farbenfrohe neue Website zur Saison 2022\/2023. Fraktale Programmierung und responsive Design im Fokus.","og_url":"https:\/\/www.organisator.ch\/en\/marketing\/2022-08-31\/update-realize-new-website-for-buehnen-bern\/","og_site_name":"Organisator","article_publisher":"https:\/\/www.facebook.com\/OrganisatorFachmagazin","article_published_time":"2022-08-31T09:18:48+00:00","article_modified_time":"2024-11-22T06:52:07+00:00","author":"galledia","twitter_card":"summary_large_image","twitter_creator":"@admin","schema":{"@context":"https:\/\/schema.org","@graph":[{"@type":"Article","@id":"https:\/\/www.organisator.ch\/marketing\/2022-08-31\/update-realisiert-neue-website-fuer-buehnen-bern\/#article","isPartOf":{"@id":"https:\/\/www.organisator.ch\/marketing\/2022-08-31\/update-realisiert-neue-website-fuer-buehnen-bern\/"},"author":{"name":"galledia","@id":"https:\/\/www.organisator.ch\/#\/schema\/person\/4e51799071cd2dd1232ac003643ef5f0"},"headline":"Update realisiert neue Website f\u00fcr B\u00fchnen Bern","datePublished":"2022-08-31T09:18:48+00:00","dateModified":"2024-11-22T06:52:07+00:00","mainEntityOfPage":{"@id":"https:\/\/www.organisator.ch\/marketing\/2022-08-31\/update-realisiert-neue-website-fuer-buehnen-bern\/"},"wordCount":190,"publisher":{"@id":"https:\/\/www.organisator.ch\/#organization"},"image":{"@id":"https:\/\/www.organisator.ch\/marketing\/2022-08-31\/update-realisiert-neue-website-fuer-buehnen-bern\/#primaryimage"},"thumbnailUrl":"https:\/\/www.werbewoche.ch\/wp-content\/uploads\/2022\/08\/Buehnen-Bern-Update.jpg","keywords":["Update"],"articleSection":["MARKETING"],"inLanguage":"en-US"},{"@type":"WebPage","@id":"https:\/\/www.organisator.ch\/marketing\/2022-08-31\/update-realisiert-neue-website-fuer-buehnen-bern\/","url":"https:\/\/www.organisator.ch\/marketing\/2022-08-31\/update-realisiert-neue-website-fuer-buehnen-bern\/","name":"Update realized new website for stages Bern - organizer","isPartOf":{"@id":"https:\/\/www.organisator.ch\/#website"},"primaryImageOfPage":{"@id":"https:\/\/www.organisator.ch\/marketing\/2022-08-31\/update-realisiert-neue-website-fuer-buehnen-bern\/#primaryimage"},"image":{"@id":"https:\/\/www.organisator.ch\/marketing\/2022-08-31\/update-realisiert-neue-website-fuer-buehnen-bern\/#primaryimage"},"thumbnailUrl":"https:\/\/www.werbewoche.ch\/wp-content\/uploads\/2022\/08\/Buehnen-Bern-Update.jpg","datePublished":"2022-08-31T09:18:48+00:00","dateModified":"2024-11-22T06:52:07+00:00","description":"B\u00fchnen Bern launches colorful new website for the 2022\/2023 season, focusing on fractal programming and responsive design.","breadcrumb":{"@id":"https:\/\/www.organisator.ch\/marketing\/2022-08-31\/update-realisiert-neue-website-fuer-buehnen-bern\/#breadcrumb"},"inLanguage":"en-US","potentialAction":[{"@type":"ReadAction","target":["https:\/\/www.organisator.ch\/marketing\/2022-08-31\/update-realisiert-neue-website-fuer-buehnen-bern\/"]}]},{"@type":"ImageObject","inLanguage":"en-US","@id":"https:\/\/www.organisator.ch\/marketing\/2022-08-31\/update-realisiert-neue-website-fuer-buehnen-bern\/#primaryimage","url":"https:\/\/www.werbewoche.ch\/wp-content\/uploads\/2022\/08\/Buehnen-Bern-Update.jpg","contentUrl":"https:\/\/www.werbewoche.ch\/wp-content\/uploads\/2022\/08\/Buehnen-Bern-Update.jpg"},{"@type":"BreadcrumbList","@id":"https:\/\/www.organisator.ch\/marketing\/2022-08-31\/update-realisiert-neue-website-fuer-buehnen-bern\/#breadcrumb","itemListElement":[{"@type":"ListItem","position":1,"name":"Home","item":"https:\/\/www.organisator.ch\/"},{"@type":"ListItem","position":2,"name":"Update realisiert neue Website f\u00fcr B\u00fchnen Bern"}]},{"@type":"WebSite","@id":"https:\/\/www.organisator.ch\/#website","url":"https:\/\/www.organisator.ch\/","name":"Organizer","description":"Competent. Practical. In 10 issues per year, ORGANISATOR presents the essential topics for managers of SMEs.","publisher":{"@id":"https:\/\/www.organisator.ch\/#organization"},"potentialAction":[{"@type":"SearchAction","target":{"@type":"EntryPoint","urlTemplate":"https:\/\/www.organisator.ch\/?s={search_term_string}"},"query-input":{"@type":"PropertyValueSpecification","valueRequired":true,"valueName":"search_term_string"}}],"inLanguage":"en-US"},{"@type":"Organization","@id":"https:\/\/www.organisator.ch\/#organization","name":"Organizer","url":"https:\/\/www.organisator.ch\/","logo":{"@type":"ImageObject","inLanguage":"en-US","@id":"https:\/\/www.organisator.ch\/#\/schema\/logo\/image\/","url":"https:\/\/www.organisator.ch\/wp-content\/uploads\/2022\/01\/Logo_Organisator_Website.png","contentUrl":"https:\/\/www.organisator.ch\/wp-content\/uploads\/2022\/01\/Logo_Organisator_Website.png","width":800,"height":77,"caption":"Organisator"},"image":{"@id":"https:\/\/www.organisator.ch\/#\/schema\/logo\/image\/"},"sameAs":["https:\/\/www.facebook.com\/OrganisatorFachmagazin","https:\/\/www.linkedin.com\/showcase\/organisator-das-magazin-fr-kmu","https:\/\/www.xing.com\/news\/pages\/organisator-ch-695","https:\/\/www.youtube.com\/channel\/UCGP2Sq0iWaZwT3BdIAQFYpw"]},{"@type":"Person","@id":"https:\/\/www.organisator.ch\/#\/schema\/person\/4e51799071cd2dd1232ac003643ef5f0","name":"galledia","image":{"@type":"ImageObject","inLanguage":"en-US","@id":"https:\/\/secure.gravatar.com\/avatar\/78a7f90c01fc2bfc875782a0d4922b37cde2cf184ce347b91316d23cd7f69a36?s=96&d=mm&r=g","url":"https:\/\/secure.gravatar.com\/avatar\/78a7f90c01fc2bfc875782a0d4922b37cde2cf184ce347b91316d23cd7f69a36?s=96&d=mm&r=g","contentUrl":"https:\/\/secure.gravatar.com\/avatar\/78a7f90c01fc2bfc875782a0d4922b37cde2cf184ce347b91316d23cd7f69a36?s=96&d=mm&r=g","caption":"galledia"},"sameAs":["https:\/\/x.com\/admin"],"url":"https:\/\/www.organisator.ch\/en\/author\/galledia\/"}]}},"_links":{"self":[{"href":"https:\/\/www.organisator.ch\/en\/wp-json\/wp\/v2\/posts\/16764","targetHints":{"allow":["GET"]}}],"collection":[{"href":"https:\/\/www.organisator.ch\/en\/wp-json\/wp\/v2\/posts"}],"about":[{"href":"https:\/\/www.organisator.ch\/en\/wp-json\/wp\/v2\/types\/post"}],"author":[{"embeddable":true,"href":"https:\/\/www.organisator.ch\/en\/wp-json\/wp\/v2\/users\/8"}],"replies":[{"embeddable":true,"href":"https:\/\/www.organisator.ch\/en\/wp-json\/wp\/v2\/comments?post=16764"}],"version-history":[{"count":3,"href":"https:\/\/www.organisator.ch\/en\/wp-json\/wp\/v2\/posts\/16764\/revisions"}],"predecessor-version":[{"id":33846,"href":"https:\/\/www.organisator.ch\/en\/wp-json\/wp\/v2\/posts\/16764\/revisions\/33846"}],"wp:attachment":[{"href":"https:\/\/www.organisator.ch\/en\/wp-json\/wp\/v2\/media?parent=16764"}],"wp:term":[{"taxonomy":"category","embeddable":true,"href":"https:\/\/www.organisator.ch\/en\/wp-json\/wp\/v2\/categories?post=16764"},{"taxonomy":"post_tag","embeddable":true,"href":"https:\/\/www.organisator.ch\/en\/wp-json\/wp\/v2\/tags?post=16764"}],"curies":[{"name":"wp","href":"https:\/\/api.w.org\/{rel}","templated":true}]}}