{"id":16773,"date":"2022-09-01T13:21:42","date_gmt":"2022-09-01T11:21:42","guid":{"rendered":"https:\/\/www.organisator.ch\/?p=16773"},"modified":"2022-09-01T13:21:42","modified_gmt":"2022-09-01T11:21:42","slug":"biogas-and-net-zero-in-the-gas-supply","status":"publish","type":"post","link":"https:\/\/www.organisator.ch\/en\/sustainability\/2022-09-01\/biogas-und-netto-null-in-der-gasversorgung\/","title":{"rendered":"Biogas and net zero in gas supply"},"content":{"rendered":"<figure id=\"attachment_16778\" aria-describedby=\"caption-attachment-16778\" style=\"width: 680px\" class=\"wp-caption alignnone\"><img loading=\"lazy\" decoding=\"async\" class=\"size-full wp-image-16778\" src=\"https:\/\/www.organisator.ch\/wp-content\/uploads\/2022\/09\/Biogas-und-Netto-Null-in-der-Gasversorgung-1_Organisator.jpg\" alt=\"\" width=\"680\" height=\"388\" srcset=\"https:\/\/www.organisator.ch\/wp-content\/uploads\/2022\/09\/Biogas-und-Netto-Null-in-der-Gasversorgung-1_Organisator.jpg 680w, https:\/\/www.organisator.ch\/wp-content\/uploads\/2022\/09\/Biogas-und-Netto-Null-in-der-Gasversorgung-1_Organisator-18x10.jpg 18w, https:\/\/www.organisator.ch\/wp-content\/uploads\/2022\/09\/Biogas-und-Netto-Null-in-der-Gasversorgung-1_Organisator-307x175.jpg 307w, https:\/\/www.organisator.ch\/wp-content\/uploads\/2022\/09\/Biogas-und-Netto-Null-in-der-Gasversorgung-1_Organisator-613x350.jpg 613w, https:\/\/www.organisator.ch\/wp-content\/uploads\/2022\/09\/Biogas-und-Netto-Null-in-der-Gasversorgung-1_Organisator-300x171.jpg 300w\" sizes=\"auto, (max-width: 680px) 100vw, 680px\" \/><figcaption id=\"caption-attachment-16778\" class=\"wp-caption-text\">Discussion around the potential of biogas at the 9th Bioenergy Forum with Urs Baier, Thomas K\u00e4gi and Fr\u00e9d\u00e9ric Vogel (from left to right) (\u00a9 Biomasse Suisse)<\/figcaption><\/figure>\n<p>According to Biomasse Suisse and the Swiss Gas Industry Association VSG, biogas and other climate-neutral gases are key to the decarbonization of gas supply envisaged by politicians and the industry. The technologies to provide renewable and climate-neutral gases such as biogas and synthetic biomethane and hydrogen have been available for years. Against this background, the topic of this year's Bioenergy Forum could not have been more topical: Implementing a net-zero gas supply is challenging. The annual gathering of research, producers, business, administration and politics provided a platform to discuss seminal ideas on how to shape the gas supply of the future.<\/p>\n<h3>Contribution of biogas to decarbonization is underestimated<\/h3>\n<p>The first part of the forum was devoted to biogas, which still receives far too little attention as a domestic, renewable and flexible energy source. Biogas can be produced on our doorstep from waste and at the same time reduces greenhouse gas emissions (especially methane from livestock). The presentations showed that the contribution of biogas to decarbonization is generally underestimated.<\/p>\n<figure id=\"attachment_16779\" aria-describedby=\"caption-attachment-16779\" style=\"width: 680px\" class=\"wp-caption alignnone\"><img loading=\"lazy\" decoding=\"async\" class=\"size-full wp-image-16779\" src=\"https:\/\/www.organisator.ch\/wp-content\/uploads\/2022\/09\/Biogas-und-Netto-Null-in-der-Gasversorgung-2_Organisator.jpg\" alt=\"\" width=\"680\" height=\"454\" srcset=\"https:\/\/www.organisator.ch\/wp-content\/uploads\/2022\/09\/Biogas-und-Netto-Null-in-der-Gasversorgung-2_Organisator.jpg 680w, https:\/\/www.organisator.ch\/wp-content\/uploads\/2022\/09\/Biogas-und-Netto-Null-in-der-Gasversorgung-2_Organisator-18x12.jpg 18w, https:\/\/www.organisator.ch\/wp-content\/uploads\/2022\/09\/Biogas-und-Netto-Null-in-der-Gasversorgung-2_Organisator-262x175.jpg 262w, https:\/\/www.organisator.ch\/wp-content\/uploads\/2022\/09\/Biogas-und-Netto-Null-in-der-Gasversorgung-2_Organisator-524x350.jpg 524w, https:\/\/www.organisator.ch\/wp-content\/uploads\/2022\/09\/Biogas-und-Netto-Null-in-der-Gasversorgung-2_Organisator-300x200.jpg 300w\" sizes=\"auto, (max-width: 680px) 100vw, 680px\" \/><figcaption id=\"caption-attachment-16779\" class=\"wp-caption-text\">Hans-Christian Angele, head of policy at the VSG association. (\u00a9 Biomasse Suisse)<\/figcaption><\/figure>\n<h3>Power-to-gas plants on an industrial scale<\/h3>\n<p>In the second part, representatives of research from Germany and abroad reported on the latest innovations in the field of renewable gases and their potential for sector coupling. Power-to-gas plants can only play their key role in the seasonal storage of renewable energies if the framework conditions are right. The Limeco plant was presented as the first industrial-scale example in Switzerland. It also dealt with its economic operation and issues such as an exemption from grid usage fees. Another presentation addressed the technical challenges of using green hydrogen to increase biogas production.<\/p>\n<h3>General conditions must be adapted<\/h3>\n<p>The third part dealt with the necessary technical adjustments to the gas infrastructure so that hydrogen and other renewable gases can also be transported safely. Furthermore, a research project was presented that converts the electrically produced hydrogen into biogas deep underground (power-to-gas). The fact that seasonal storage can also take place there underground could efficiently combine two important processes of sector coupling.<\/p>\n<p>In a panel consisting of representatives from politics, business and administration, the various topics were discussed in depth. The participants agreed that increased promotion of biogas and climate-neutral gases is the order of the day. There is still room for further debate on the how.<\/p>\n<p><em>Source and further information: <a href=\"https:\/\/biomassesuisse.ch\/\">Biomass Suisse<\/a><\/em><\/p>","protected":false},"excerpt":{"rendered":"<p>Biogas und andere klimaneutrale Gase sind gem\u00e4ss Biomasse Suisse und dem Verband der Schweizerischen Gasindustrie VSG ein Schl\u00fcssel zu der von Politik und Branche anvisierten Dekarbonisierung der Gasversorgung. Die Technologien zur Bereitstellung von erneuerbaren und klimaneutralen Gasen wie Biogas und synthetisches Biomethan und Wasserstoff sind seit Jahren vorhanden. Vor diesem Hintergrund h\u00e4tte das Thema des [&hellip;]<\/p>\n","protected":false},"author":4,"featured_media":16778,"comment_status":"closed","ping_status":"closed","sticky":false,"template":"","format":"standard","meta":{"_acf_changed":false,"_yoast_wpseo_focuskw":"Biogas","_yoast_wpseo_metadesc":"Durch die von Russland provozierte Gas- und Energiekrise erh\u00e4lt die Versorgung durch Biogas zus\u00e4tzliche Aktualit\u00e4t.","articlekey":"","footnotes":""},"categories":[580],"tags":[835,3363,193,358],"class_list":["post-16773","post","type-post","status-publish","format-standard","has-post-thumbnail","hentry","category-sustainability","tag-biogas","tag-energiekrise","tag-fachkongressfachmesse","tag-nachhaltige-wirtschaft"],"acf":[],"yoast_head":"<!-- This site is optimized with the Yoast SEO plugin v27.4 - https:\/\/yoast.com\/product\/yoast-seo-wordpress\/ -->\n<title>Biogas und Netto-Null in der Gasversorgung - Organisator<\/title>\n<meta name=\"description\" content=\"Durch die von Russland provozierte Gas- und Energiekrise erh\u00e4lt die Versorgung durch Biogas zus\u00e4tzliche Aktualit\u00e4t.\" \/>\n<meta name=\"robots\" content=\"index, follow, max-snippet:-1, max-image-preview:large, max-video-preview:-1\" \/>\n<link rel=\"canonical\" href=\"https:\/\/www.organisator.ch\/en\/sustainability\/2022-09-01\/biogas-and-net-zero-in-the-gas-supply\/\" \/>\n<meta property=\"og:locale\" content=\"en_US\" \/>\n<meta property=\"og:type\" content=\"article\" \/>\n<meta property=\"og:title\" content=\"Biogas und Netto-Null in der Gasversorgung\" \/>\n<meta property=\"og:description\" content=\"Durch die von Russland provozierte Gas- und Energiekrise erh\u00e4lt die Versorgung durch Biogas zus\u00e4tzliche Aktualit\u00e4t.\" \/>\n<meta property=\"og:url\" content=\"https:\/\/www.organisator.ch\/en\/sustainability\/2022-09-01\/biogas-and-net-zero-in-the-gas-supply\/\" \/>\n<meta property=\"og:site_name\" content=\"Organisator\" \/>\n<meta property=\"article:publisher\" content=\"https:\/\/www.facebook.com\/OrganisatorFachmagazin\" \/>\n<meta property=\"article:published_time\" content=\"2022-09-01T11:21:42+00:00\" \/>\n<meta property=\"og:image\" content=\"https:\/\/www.organisator.ch\/wp-content\/uploads\/2022\/09\/Biogas-und-Netto-Null-in-der-Gasversorgung-1_Organisator.jpg\" \/>\n\t<meta property=\"og:image:width\" content=\"680\" \/>\n\t<meta property=\"og:image:height\" content=\"388\" \/>\n\t<meta property=\"og:image:type\" content=\"image\/jpeg\" \/>\n<meta name=\"author\" content=\"thomas.berner\" \/>\n<meta name=\"twitter:card\" content=\"summary_large_image\" \/>\n<meta name=\"twitter:title\" content=\"#Biogas und #Netto-Null in der #Gasversorgung\" \/>\n<meta name=\"twitter:description\" content=\"Durch die von Russland provozierte Gas- und #Energiekrise erh\u00e4lt die Versorgung durch #Biogas zus\u00e4tzliche Aktualit\u00e4t.\" \/>\n<meta name=\"twitter:image\" content=\"https:\/\/www.organisator.ch\/wp-content\/uploads\/2022\/09\/Biogas-und-Netto-Null-in-der-Gasversorgung-1_Organisator.jpg\" \/>\n<script type=\"application\/ld+json\" class=\"yoast-schema-graph\">{\"@context\":\"https:\\\/\\\/schema.org\",\"@graph\":[{\"@type\":\"Article\",\"@id\":\"https:\\\/\\\/www.organisator.ch\\\/sustainability\\\/2022-09-01\\\/biogas-und-netto-null-in-der-gasversorgung\\\/#article\",\"isPartOf\":{\"@id\":\"https:\\\/\\\/www.organisator.ch\\\/sustainability\\\/2022-09-01\\\/biogas-und-netto-null-in-der-gasversorgung\\\/\"},\"author\":{\"name\":\"thomas.berner\",\"@id\":\"https:\\\/\\\/www.organisator.ch\\\/#\\\/schema\\\/person\\\/6f650f90b2842cd4c0cc334b4e36f67e\"},\"headline\":\"Biogas und Netto-Null in der Gasversorgung\",\"datePublished\":\"2022-09-01T11:21:42+00:00\",\"mainEntityOfPage\":{\"@id\":\"https:\\\/\\\/www.organisator.ch\\\/sustainability\\\/2022-09-01\\\/biogas-und-netto-null-in-der-gasversorgung\\\/\"},\"wordCount\":450,\"publisher\":{\"@id\":\"https:\\\/\\\/www.organisator.ch\\\/#organization\"},\"image\":{\"@id\":\"https:\\\/\\\/www.organisator.ch\\\/sustainability\\\/2022-09-01\\\/biogas-und-netto-null-in-der-gasversorgung\\\/#primaryimage\"},\"thumbnailUrl\":\"https:\\\/\\\/www.organisator.ch\\\/wp-content\\\/uploads\\\/2022\\\/09\\\/Biogas-und-Netto-Null-in-der-Gasversorgung-1_Organisator.jpg\",\"keywords\":[\"Biogas\",\"Energiekrise\",\"Fachkongress\\\/Fachmesse\",\"Nachhaltige Wirtschaft\"],\"articleSection\":[\"SUSTAINABILITY\"],\"inLanguage\":\"en-US\"},{\"@type\":\"WebPage\",\"@id\":\"https:\\\/\\\/www.organisator.ch\\\/sustainability\\\/2022-09-01\\\/biogas-und-netto-null-in-der-gasversorgung\\\/\",\"url\":\"https:\\\/\\\/www.organisator.ch\\\/sustainability\\\/2022-09-01\\\/biogas-und-netto-null-in-der-gasversorgung\\\/\",\"name\":\"Biogas und Netto-Null in der Gasversorgung - Organisator\",\"isPartOf\":{\"@id\":\"https:\\\/\\\/www.organisator.ch\\\/#website\"},\"primaryImageOfPage\":{\"@id\":\"https:\\\/\\\/www.organisator.ch\\\/sustainability\\\/2022-09-01\\\/biogas-und-netto-null-in-der-gasversorgung\\\/#primaryimage\"},\"image\":{\"@id\":\"https:\\\/\\\/www.organisator.ch\\\/sustainability\\\/2022-09-01\\\/biogas-und-netto-null-in-der-gasversorgung\\\/#primaryimage\"},\"thumbnailUrl\":\"https:\\\/\\\/www.organisator.ch\\\/wp-content\\\/uploads\\\/2022\\\/09\\\/Biogas-und-Netto-Null-in-der-Gasversorgung-1_Organisator.jpg\",\"datePublished\":\"2022-09-01T11:21:42+00:00\",\"description\":\"Durch die von Russland provozierte Gas- und Energiekrise erh\u00e4lt die Versorgung durch Biogas zus\u00e4tzliche Aktualit\u00e4t.\",\"breadcrumb\":{\"@id\":\"https:\\\/\\\/www.organisator.ch\\\/sustainability\\\/2022-09-01\\\/biogas-und-netto-null-in-der-gasversorgung\\\/#breadcrumb\"},\"inLanguage\":\"en-US\",\"potentialAction\":[{\"@type\":\"ReadAction\",\"target\":[\"https:\\\/\\\/www.organisator.ch\\\/sustainability\\\/2022-09-01\\\/biogas-und-netto-null-in-der-gasversorgung\\\/\"]}]},{\"@type\":\"ImageObject\",\"inLanguage\":\"en-US\",\"@id\":\"https:\\\/\\\/www.organisator.ch\\\/sustainability\\\/2022-09-01\\\/biogas-und-netto-null-in-der-gasversorgung\\\/#primaryimage\",\"url\":\"https:\\\/\\\/www.organisator.ch\\\/wp-content\\\/uploads\\\/2022\\\/09\\\/Biogas-und-Netto-Null-in-der-Gasversorgung-1_Organisator.jpg\",\"contentUrl\":\"https:\\\/\\\/www.organisator.ch\\\/wp-content\\\/uploads\\\/2022\\\/09\\\/Biogas-und-Netto-Null-in-der-Gasversorgung-1_Organisator.jpg\",\"width\":680,\"height\":388,\"caption\":\"Diskussion am 9. Bioenergie Forum mit Urs Baier, Thomas K\u00e4gi und Fr\u00e9d\u00e9ric Vogel (von links nach rechts) (\u00a9 Biomasse Suisse)\"},{\"@type\":\"BreadcrumbList\",\"@id\":\"https:\\\/\\\/www.organisator.ch\\\/sustainability\\\/2022-09-01\\\/biogas-und-netto-null-in-der-gasversorgung\\\/#breadcrumb\",\"itemListElement\":[{\"@type\":\"ListItem\",\"position\":1,\"name\":\"Home\",\"item\":\"https:\\\/\\\/www.organisator.ch\\\/\"},{\"@type\":\"ListItem\",\"position\":2,\"name\":\"Biogas und Netto-Null in der Gasversorgung\"}]},{\"@type\":\"WebSite\",\"@id\":\"https:\\\/\\\/www.organisator.ch\\\/#website\",\"url\":\"https:\\\/\\\/www.organisator.ch\\\/\",\"name\":\"Organisator\",\"description\":\"Kompetent. Praxisnah. Der ORGANISATOR bereitet in 10 Ausgaben pro Jahr die wesentlichen Themen f\u00fcr F\u00fchrungskr\u00e4fte von KMU auf.\",\"publisher\":{\"@id\":\"https:\\\/\\\/www.organisator.ch\\\/#organization\"},\"potentialAction\":[{\"@type\":\"SearchAction\",\"target\":{\"@type\":\"EntryPoint\",\"urlTemplate\":\"https:\\\/\\\/www.organisator.ch\\\/?s={search_term_string}\"},\"query-input\":{\"@type\":\"PropertyValueSpecification\",\"valueRequired\":true,\"valueName\":\"search_term_string\"}}],\"inLanguage\":\"en-US\"},{\"@type\":\"Organization\",\"@id\":\"https:\\\/\\\/www.organisator.ch\\\/#organization\",\"name\":\"Organisator\",\"url\":\"https:\\\/\\\/www.organisator.ch\\\/\",\"logo\":{\"@type\":\"ImageObject\",\"inLanguage\":\"en-US\",\"@id\":\"https:\\\/\\\/www.organisator.ch\\\/#\\\/schema\\\/logo\\\/image\\\/\",\"url\":\"https:\\\/\\\/www.organisator.ch\\\/wp-content\\\/uploads\\\/2022\\\/01\\\/Logo_Organisator_Website.png\",\"contentUrl\":\"https:\\\/\\\/www.organisator.ch\\\/wp-content\\\/uploads\\\/2022\\\/01\\\/Logo_Organisator_Website.png\",\"width\":800,\"height\":77,\"caption\":\"Organisator\"},\"image\":{\"@id\":\"https:\\\/\\\/www.organisator.ch\\\/#\\\/schema\\\/logo\\\/image\\\/\"},\"sameAs\":[\"https:\\\/\\\/www.facebook.com\\\/OrganisatorFachmagazin\",\"https:\\\/\\\/www.linkedin.com\\\/showcase\\\/organisator-das-magazin-fr-kmu\",\"https:\\\/\\\/www.xing.com\\\/news\\\/pages\\\/organisator-ch-695\",\"https:\\\/\\\/www.youtube.com\\\/channel\\\/UCGP2Sq0iWaZwT3BdIAQFYpw\"]},{\"@type\":\"Person\",\"@id\":\"https:\\\/\\\/www.organisator.ch\\\/#\\\/schema\\\/person\\\/6f650f90b2842cd4c0cc334b4e36f67e\",\"name\":\"thomas.berner\",\"image\":{\"@type\":\"ImageObject\",\"inLanguage\":\"en-US\",\"@id\":\"https:\\\/\\\/secure.gravatar.com\\\/avatar\\\/ac5001d2a36cb6c6cd3e50789007ffca834b477b74a2144564522e944eabff61?s=96&d=mm&r=g\",\"url\":\"https:\\\/\\\/secure.gravatar.com\\\/avatar\\\/ac5001d2a36cb6c6cd3e50789007ffca834b477b74a2144564522e944eabff61?s=96&d=mm&r=g\",\"contentUrl\":\"https:\\\/\\\/secure.gravatar.com\\\/avatar\\\/ac5001d2a36cb6c6cd3e50789007ffca834b477b74a2144564522e944eabff61?s=96&d=mm&r=g\",\"caption\":\"thomas.berner\"},\"url\":\"https:\\\/\\\/www.organisator.ch\\\/en\\\/author\\\/thomas-berner\\\/\"}]}<\/script>\n<!-- \/ Yoast SEO plugin. -->","yoast_head_json":{"title":"Biogas and net zero in gas supply - organizer","description":"Due to the gas and energy crisis provoked by Russia, the supply by biogas gets additional topicality.","robots":{"index":"index","follow":"follow","max-snippet":"max-snippet:-1","max-image-preview":"max-image-preview:large","max-video-preview":"max-video-preview:-1"},"canonical":"https:\/\/www.organisator.ch\/en\/sustainability\/2022-09-01\/biogas-and-net-zero-in-the-gas-supply\/","og_locale":"en_US","og_type":"article","og_title":"Biogas und Netto-Null in der Gasversorgung","og_description":"Durch die von Russland provozierte Gas- und Energiekrise erh\u00e4lt die Versorgung durch Biogas zus\u00e4tzliche Aktualit\u00e4t.","og_url":"https:\/\/www.organisator.ch\/en\/sustainability\/2022-09-01\/biogas-and-net-zero-in-the-gas-supply\/","og_site_name":"Organisator","article_publisher":"https:\/\/www.facebook.com\/OrganisatorFachmagazin","article_published_time":"2022-09-01T11:21:42+00:00","og_image":[{"width":680,"height":388,"url":"https:\/\/www.organisator.ch\/wp-content\/uploads\/2022\/09\/Biogas-und-Netto-Null-in-der-Gasversorgung-1_Organisator.jpg","type":"image\/jpeg"}],"author":"thomas.berner","twitter_card":"summary_large_image","twitter_title":"#Biogas und #Netto-Null in der #Gasversorgung","twitter_description":"Durch die von Russland provozierte Gas- und #Energiekrise erh\u00e4lt die Versorgung durch #Biogas zus\u00e4tzliche Aktualit\u00e4t.","twitter_image":"https:\/\/www.organisator.ch\/wp-content\/uploads\/2022\/09\/Biogas-und-Netto-Null-in-der-Gasversorgung-1_Organisator.jpg","schema":{"@context":"https:\/\/schema.org","@graph":[{"@type":"Article","@id":"https:\/\/www.organisator.ch\/sustainability\/2022-09-01\/biogas-und-netto-null-in-der-gasversorgung\/#article","isPartOf":{"@id":"https:\/\/www.organisator.ch\/sustainability\/2022-09-01\/biogas-und-netto-null-in-der-gasversorgung\/"},"author":{"name":"thomas.berner","@id":"https:\/\/www.organisator.ch\/#\/schema\/person\/6f650f90b2842cd4c0cc334b4e36f67e"},"headline":"Biogas und Netto-Null in der Gasversorgung","datePublished":"2022-09-01T11:21:42+00:00","mainEntityOfPage":{"@id":"https:\/\/www.organisator.ch\/sustainability\/2022-09-01\/biogas-und-netto-null-in-der-gasversorgung\/"},"wordCount":450,"publisher":{"@id":"https:\/\/www.organisator.ch\/#organization"},"image":{"@id":"https:\/\/www.organisator.ch\/sustainability\/2022-09-01\/biogas-und-netto-null-in-der-gasversorgung\/#primaryimage"},"thumbnailUrl":"https:\/\/www.organisator.ch\/wp-content\/uploads\/2022\/09\/Biogas-und-Netto-Null-in-der-Gasversorgung-1_Organisator.jpg","keywords":["Biogas","Energiekrise","Fachkongress\/Fachmesse","Nachhaltige Wirtschaft"],"articleSection":["SUSTAINABILITY"],"inLanguage":"en-US"},{"@type":"WebPage","@id":"https:\/\/www.organisator.ch\/sustainability\/2022-09-01\/biogas-und-netto-null-in-der-gasversorgung\/","url":"https:\/\/www.organisator.ch\/sustainability\/2022-09-01\/biogas-und-netto-null-in-der-gasversorgung\/","name":"Biogas and net zero in gas supply - organizer","isPartOf":{"@id":"https:\/\/www.organisator.ch\/#website"},"primaryImageOfPage":{"@id":"https:\/\/www.organisator.ch\/sustainability\/2022-09-01\/biogas-und-netto-null-in-der-gasversorgung\/#primaryimage"},"image":{"@id":"https:\/\/www.organisator.ch\/sustainability\/2022-09-01\/biogas-und-netto-null-in-der-gasversorgung\/#primaryimage"},"thumbnailUrl":"https:\/\/www.organisator.ch\/wp-content\/uploads\/2022\/09\/Biogas-und-Netto-Null-in-der-Gasversorgung-1_Organisator.jpg","datePublished":"2022-09-01T11:21:42+00:00","description":"Due to the gas and energy crisis provoked by Russia, the supply by biogas gets additional topicality.","breadcrumb":{"@id":"https:\/\/www.organisator.ch\/sustainability\/2022-09-01\/biogas-und-netto-null-in-der-gasversorgung\/#breadcrumb"},"inLanguage":"en-US","potentialAction":[{"@type":"ReadAction","target":["https:\/\/www.organisator.ch\/sustainability\/2022-09-01\/biogas-und-netto-null-in-der-gasversorgung\/"]}]},{"@type":"ImageObject","inLanguage":"en-US","@id":"https:\/\/www.organisator.ch\/sustainability\/2022-09-01\/biogas-und-netto-null-in-der-gasversorgung\/#primaryimage","url":"https:\/\/www.organisator.ch\/wp-content\/uploads\/2022\/09\/Biogas-und-Netto-Null-in-der-Gasversorgung-1_Organisator.jpg","contentUrl":"https:\/\/www.organisator.ch\/wp-content\/uploads\/2022\/09\/Biogas-und-Netto-Null-in-der-Gasversorgung-1_Organisator.jpg","width":680,"height":388,"caption":"Diskussion am 9. Bioenergie Forum mit Urs Baier, Thomas K\u00e4gi und Fr\u00e9d\u00e9ric Vogel (von links nach rechts) (\u00a9 Biomasse Suisse)"},{"@type":"BreadcrumbList","@id":"https:\/\/www.organisator.ch\/sustainability\/2022-09-01\/biogas-und-netto-null-in-der-gasversorgung\/#breadcrumb","itemListElement":[{"@type":"ListItem","position":1,"name":"Home","item":"https:\/\/www.organisator.ch\/"},{"@type":"ListItem","position":2,"name":"Biogas und Netto-Null in der Gasversorgung"}]},{"@type":"WebSite","@id":"https:\/\/www.organisator.ch\/#website","url":"https:\/\/www.organisator.ch\/","name":"Organizer","description":"Competent. Practical. In 10 issues per year, ORGANISATOR presents the essential topics for managers of SMEs.","publisher":{"@id":"https:\/\/www.organisator.ch\/#organization"},"potentialAction":[{"@type":"SearchAction","target":{"@type":"EntryPoint","urlTemplate":"https:\/\/www.organisator.ch\/?s={search_term_string}"},"query-input":{"@type":"PropertyValueSpecification","valueRequired":true,"valueName":"search_term_string"}}],"inLanguage":"en-US"},{"@type":"Organization","@id":"https:\/\/www.organisator.ch\/#organization","name":"Organizer","url":"https:\/\/www.organisator.ch\/","logo":{"@type":"ImageObject","inLanguage":"en-US","@id":"https:\/\/www.organisator.ch\/#\/schema\/logo\/image\/","url":"https:\/\/www.organisator.ch\/wp-content\/uploads\/2022\/01\/Logo_Organisator_Website.png","contentUrl":"https:\/\/www.organisator.ch\/wp-content\/uploads\/2022\/01\/Logo_Organisator_Website.png","width":800,"height":77,"caption":"Organisator"},"image":{"@id":"https:\/\/www.organisator.ch\/#\/schema\/logo\/image\/"},"sameAs":["https:\/\/www.facebook.com\/OrganisatorFachmagazin","https:\/\/www.linkedin.com\/showcase\/organisator-das-magazin-fr-kmu","https:\/\/www.xing.com\/news\/pages\/organisator-ch-695","https:\/\/www.youtube.com\/channel\/UCGP2Sq0iWaZwT3BdIAQFYpw"]},{"@type":"Person","@id":"https:\/\/www.organisator.ch\/#\/schema\/person\/6f650f90b2842cd4c0cc334b4e36f67e","name":"thomas.berner","image":{"@type":"ImageObject","inLanguage":"en-US","@id":"https:\/\/secure.gravatar.com\/avatar\/ac5001d2a36cb6c6cd3e50789007ffca834b477b74a2144564522e944eabff61?s=96&d=mm&r=g","url":"https:\/\/secure.gravatar.com\/avatar\/ac5001d2a36cb6c6cd3e50789007ffca834b477b74a2144564522e944eabff61?s=96&d=mm&r=g","contentUrl":"https:\/\/secure.gravatar.com\/avatar\/ac5001d2a36cb6c6cd3e50789007ffca834b477b74a2144564522e944eabff61?s=96&d=mm&r=g","caption":"thomas.berner"},"url":"https:\/\/www.organisator.ch\/en\/author\/thomas-berner\/"}]}},"_links":{"self":[{"href":"https:\/\/www.organisator.ch\/en\/wp-json\/wp\/v2\/posts\/16773","targetHints":{"allow":["GET"]}}],"collection":[{"href":"https:\/\/www.organisator.ch\/en\/wp-json\/wp\/v2\/posts"}],"about":[{"href":"https:\/\/www.organisator.ch\/en\/wp-json\/wp\/v2\/types\/post"}],"author":[{"embeddable":true,"href":"https:\/\/www.organisator.ch\/en\/wp-json\/wp\/v2\/users\/4"}],"replies":[{"embeddable":true,"href":"https:\/\/www.organisator.ch\/en\/wp-json\/wp\/v2\/comments?post=16773"}],"version-history":[{"count":4,"href":"https:\/\/www.organisator.ch\/en\/wp-json\/wp\/v2\/posts\/16773\/revisions"}],"predecessor-version":[{"id":16797,"href":"https:\/\/www.organisator.ch\/en\/wp-json\/wp\/v2\/posts\/16773\/revisions\/16797"}],"wp:featuredmedia":[{"embeddable":true,"href":"https:\/\/www.organisator.ch\/en\/wp-json\/wp\/v2\/media\/16778"}],"wp:attachment":[{"href":"https:\/\/www.organisator.ch\/en\/wp-json\/wp\/v2\/media?parent=16773"}],"wp:term":[{"taxonomy":"category","embeddable":true,"href":"https:\/\/www.organisator.ch\/en\/wp-json\/wp\/v2\/categories?post=16773"},{"taxonomy":"post_tag","embeddable":true,"href":"https:\/\/www.organisator.ch\/en\/wp-json\/wp\/v2\/tags?post=16773"}],"curies":[{"name":"wp","href":"https:\/\/api.w.org\/{rel}","templated":true}]}}