{"id":16781,"date":"2022-09-01T13:39:31","date_gmt":"2022-09-01T11:39:31","guid":{"rendered":"https:\/\/www.organisator.ch\/?p=16781"},"modified":"2022-09-01T13:39:31","modified_gmt":"2022-09-01T11:39:31","slug":"generation-forum-zuerich-on-3-september-2022","status":"publish","type":"post","link":"https:\/\/www.organisator.ch\/en\/human-resources\/2022-09-01\/generationenforum-zuerich-am-3-september-2022\/","title":{"rendered":"Generations Forum Zurich on September 3, 2022"},"content":{"rendered":"<figure id=\"attachment_16786\" aria-describedby=\"caption-attachment-16786\" style=\"width: 680px\" class=\"wp-caption alignnone\"><img loading=\"lazy\" decoding=\"async\" class=\"size-full wp-image-16786\" src=\"https:\/\/www.organisator.ch\/wp-content\/uploads\/2022\/09\/Generationenforum-Zurich-am-3-September-2022_Organisator.jpg\" alt=\"\" width=\"680\" height=\"391\" srcset=\"https:\/\/www.organisator.ch\/wp-content\/uploads\/2022\/09\/Generationenforum-Zurich-am-3-September-2022_Organisator.jpg 680w, https:\/\/www.organisator.ch\/wp-content\/uploads\/2022\/09\/Generationenforum-Zurich-am-3-September-2022_Organisator-18x10.jpg 18w, https:\/\/www.organisator.ch\/wp-content\/uploads\/2022\/09\/Generationenforum-Zurich-am-3-September-2022_Organisator-304x175.jpg 304w, https:\/\/www.organisator.ch\/wp-content\/uploads\/2022\/09\/Generationenforum-Zurich-am-3-September-2022_Organisator-609x350.jpg 609w, https:\/\/www.organisator.ch\/wp-content\/uploads\/2022\/09\/Generationenforum-Zurich-am-3-September-2022_Organisator-300x173.jpg 300w\" sizes=\"auto, (max-width: 680px) 100vw, 680px\" \/><figcaption id=\"caption-attachment-16786\" class=\"wp-caption-text\">On September 3, the Generations Forum in Zurich will be ceremoniously opened. (Image: Kulturpark.ch)<\/figcaption><\/figure>\n<p>On September 3, 2022, the Generations Forum will be ceremoniously opened in the Kulturpark Z\u00fcrich. The promotion of a changed culture of the perception of age images, the understanding of generations and a meaningful contribution of the \"old\" and \"young\" as an active contribution to a better generation togetherness are the goals of the Generation Forum Zurich.<\/p>\n<h3>Solutions for relevant future topics<\/h3>\n<p>Initially, the Kulturpark will offer a platform as a sounding board and breeding ground for existing projects that connect generations. In the future, solutions for relevant future issues will be actively developed and promoted with partners from civil society, government and business. The Generations Forum is initially financed by the Hamasil Foundation, which also operates the Culture Park. In and with the Kulturpark at Pfingstweidstrasse 10 and 16 in Zurich, over 200 new jobs have since been created. The business activities are diverse and are all committed to a sustainable society. In addition to societal, social and cultural services, others are offered in the environmental sector and for the economy.<\/p>\n<h3>Promote meaningful dialogue between generations<\/h3>\n<p>Exciting panelists from different generations, such as Samantha Zaugg (28), journalist and art student, and Ludwig Hasler (78), philosopher and publicist, who have been conducting a public correspondence for two years, will show on September 3 in Zurich how the dialog between the generations succeeds - or fails. They discuss expectations, attitudes, experiences, dating, climate and humor.<\/p>\n<p><a href=\"http:\/\/www.kulturpark.ch\"><em>www.kulturpark.ch<\/em><\/a><\/p>","protected":false},"excerpt":{"rendered":"<p>Am 3. September 2022 wird im Kulturpark Z\u00fcrich feierlich das Generationenforum er\u00f6ffnet. Die F\u00f6rderung einer ver\u00e4nderten Kultur der Wahrnehmung der Altersbilder, des Generationenverst\u00e4ndnisses und ein sinnstiftendes Einbringen der \u00abAlten\u00bb und \u00abJungen\u00bb als aktiver Beitrag zu einem besseren Generationen-Miteinander sind die Ziele des Generationenforums Z\u00fcrich. L\u00f6sungen f\u00fcr relevante Zukunftsthemen Zu Beginn wird im Kulturpark eine Plattform [&hellip;]<\/p>\n","protected":false},"author":4,"featured_media":16786,"comment_status":"closed","ping_status":"closed","sticky":false,"template":"","format":"standard","meta":{"_acf_changed":false,"_yoast_wpseo_focuskw":"Generationenforum","_yoast_wpseo_metadesc":"Aktiv mitwirken an unserer Zukunft: So lautet das Thema am Generationenforum, das am 3. September 2022 im Kulturpark Z\u00fcrich er\u00f6ffnet wird.","articlekey":"","footnotes":""},"categories":[579],"tags":[193,3365,254],"class_list":["post-16781","post","type-post","status-publish","format-standard","has-post-thumbnail","hentry","category-human-resources","tag-fachkongressfachmesse","tag-generationen","tag-hrm"],"acf":[],"yoast_head":"<!-- This site is optimized with the Yoast SEO plugin v27.5 - https:\/\/yoast.com\/product\/yoast-seo-wordpress\/ -->\n<title>Generationenforum Z\u00fcrich am 3. September 2022 - Organisator<\/title>\n<meta name=\"description\" content=\"Aktiv mitwirken an unserer Zukunft: So lautet das Thema am Generationenforum, das am 3. September 2022 im Kulturpark Z\u00fcrich er\u00f6ffnet wird.\" \/>\n<meta name=\"robots\" content=\"index, follow, max-snippet:-1, max-image-preview:large, max-video-preview:-1\" \/>\n<link rel=\"canonical\" href=\"https:\/\/www.organisator.ch\/en\/human-resources\/2022-09-01\/generation-forum-zuerich-on-3-september-2022\/\" \/>\n<meta property=\"og:locale\" content=\"en_US\" \/>\n<meta property=\"og:type\" content=\"article\" \/>\n<meta property=\"og:title\" content=\"Generationenforum Z\u00fcrich am 3. September 2022\" \/>\n<meta property=\"og:description\" content=\"Aktiv mitwirken an unserer Zukunft: So lautet das Thema am Generationenforum, das am 3. September 2022 im Kulturpark Z\u00fcrich er\u00f6ffnet wird.\" \/>\n<meta property=\"og:url\" content=\"https:\/\/www.organisator.ch\/en\/human-resources\/2022-09-01\/generation-forum-zuerich-on-3-september-2022\/\" \/>\n<meta property=\"og:site_name\" content=\"Organisator\" \/>\n<meta property=\"article:publisher\" content=\"https:\/\/www.facebook.com\/OrganisatorFachmagazin\" \/>\n<meta property=\"article:published_time\" content=\"2022-09-01T11:39:31+00:00\" \/>\n<meta property=\"og:image\" content=\"https:\/\/www.organisator.ch\/wp-content\/uploads\/2022\/09\/Generationenforum-Zurich-am-3-September-2022_Organisator.jpg\" \/>\n\t<meta property=\"og:image:width\" content=\"680\" \/>\n\t<meta property=\"og:image:height\" content=\"391\" \/>\n\t<meta property=\"og:image:type\" content=\"image\/jpeg\" \/>\n<meta name=\"author\" content=\"thomas.berner\" \/>\n<meta name=\"twitter:card\" content=\"summary_large_image\" \/>\n<meta name=\"twitter:title\" content=\"#Generationenforum Z\u00fcrich am 3. September 2022\" \/>\n<meta name=\"twitter:description\" content=\"Aktiv mitwirken an unserer Zukunft: So lautet das Thema am #Generationenforum, das am 3. September 2022 im #Kulturpark Z\u00fcrich er\u00f6ffnet wird.\" \/>\n<meta name=\"twitter:image\" content=\"https:\/\/www.organisator.ch\/wp-content\/uploads\/2022\/09\/Generationenforum-Zurich-am-3-September-2022_Organisator.jpg\" \/>\n<script type=\"application\/ld+json\" class=\"yoast-schema-graph\">{\"@context\":\"https:\\\/\\\/schema.org\",\"@graph\":[{\"@type\":\"Article\",\"@id\":\"https:\\\/\\\/www.organisator.ch\\\/human-resources\\\/2022-09-01\\\/generationenforum-zuerich-am-3-september-2022\\\/#article\",\"isPartOf\":{\"@id\":\"https:\\\/\\\/www.organisator.ch\\\/human-resources\\\/2022-09-01\\\/generationenforum-zuerich-am-3-september-2022\\\/\"},\"author\":{\"name\":\"thomas.berner\",\"@id\":\"https:\\\/\\\/www.organisator.ch\\\/#\\\/schema\\\/person\\\/6f650f90b2842cd4c0cc334b4e36f67e\"},\"headline\":\"Generationenforum Z\u00fcrich am 3. September 2022\",\"datePublished\":\"2022-09-01T11:39:31+00:00\",\"mainEntityOfPage\":{\"@id\":\"https:\\\/\\\/www.organisator.ch\\\/human-resources\\\/2022-09-01\\\/generationenforum-zuerich-am-3-september-2022\\\/\"},\"wordCount\":256,\"publisher\":{\"@id\":\"https:\\\/\\\/www.organisator.ch\\\/#organization\"},\"image\":{\"@id\":\"https:\\\/\\\/www.organisator.ch\\\/human-resources\\\/2022-09-01\\\/generationenforum-zuerich-am-3-september-2022\\\/#primaryimage\"},\"thumbnailUrl\":\"https:\\\/\\\/www.organisator.ch\\\/wp-content\\\/uploads\\\/2022\\\/09\\\/Generationenforum-Zurich-am-3-September-2022_Organisator.jpg\",\"keywords\":[\"Fachkongress\\\/Fachmesse\",\"Generationen\",\"HRM\"],\"articleSection\":[\"HUMAN RESOURCES\"],\"inLanguage\":\"en-US\"},{\"@type\":\"WebPage\",\"@id\":\"https:\\\/\\\/www.organisator.ch\\\/human-resources\\\/2022-09-01\\\/generationenforum-zuerich-am-3-september-2022\\\/\",\"url\":\"https:\\\/\\\/www.organisator.ch\\\/human-resources\\\/2022-09-01\\\/generationenforum-zuerich-am-3-september-2022\\\/\",\"name\":\"Generationenforum Z\u00fcrich am 3. September 2022 - Organisator\",\"isPartOf\":{\"@id\":\"https:\\\/\\\/www.organisator.ch\\\/#website\"},\"primaryImageOfPage\":{\"@id\":\"https:\\\/\\\/www.organisator.ch\\\/human-resources\\\/2022-09-01\\\/generationenforum-zuerich-am-3-september-2022\\\/#primaryimage\"},\"image\":{\"@id\":\"https:\\\/\\\/www.organisator.ch\\\/human-resources\\\/2022-09-01\\\/generationenforum-zuerich-am-3-september-2022\\\/#primaryimage\"},\"thumbnailUrl\":\"https:\\\/\\\/www.organisator.ch\\\/wp-content\\\/uploads\\\/2022\\\/09\\\/Generationenforum-Zurich-am-3-September-2022_Organisator.jpg\",\"datePublished\":\"2022-09-01T11:39:31+00:00\",\"description\":\"Aktiv mitwirken an unserer Zukunft: So lautet das Thema am Generationenforum, das am 3. September 2022 im Kulturpark Z\u00fcrich er\u00f6ffnet wird.\",\"breadcrumb\":{\"@id\":\"https:\\\/\\\/www.organisator.ch\\\/human-resources\\\/2022-09-01\\\/generationenforum-zuerich-am-3-september-2022\\\/#breadcrumb\"},\"inLanguage\":\"en-US\",\"potentialAction\":[{\"@type\":\"ReadAction\",\"target\":[\"https:\\\/\\\/www.organisator.ch\\\/human-resources\\\/2022-09-01\\\/generationenforum-zuerich-am-3-september-2022\\\/\"]}]},{\"@type\":\"ImageObject\",\"inLanguage\":\"en-US\",\"@id\":\"https:\\\/\\\/www.organisator.ch\\\/human-resources\\\/2022-09-01\\\/generationenforum-zuerich-am-3-september-2022\\\/#primaryimage\",\"url\":\"https:\\\/\\\/www.organisator.ch\\\/wp-content\\\/uploads\\\/2022\\\/09\\\/Generationenforum-Zurich-am-3-September-2022_Organisator.jpg\",\"contentUrl\":\"https:\\\/\\\/www.organisator.ch\\\/wp-content\\\/uploads\\\/2022\\\/09\\\/Generationenforum-Zurich-am-3-September-2022_Organisator.jpg\",\"width\":680,\"height\":391,\"caption\":\"Am 3. September wird das Generationenforum in Z\u00fcrich feierlich er\u00f6ffnet. (Bild: Kulturpark.ch)\"},{\"@type\":\"BreadcrumbList\",\"@id\":\"https:\\\/\\\/www.organisator.ch\\\/human-resources\\\/2022-09-01\\\/generationenforum-zuerich-am-3-september-2022\\\/#breadcrumb\",\"itemListElement\":[{\"@type\":\"ListItem\",\"position\":1,\"name\":\"Home\",\"item\":\"https:\\\/\\\/www.organisator.ch\\\/\"},{\"@type\":\"ListItem\",\"position\":2,\"name\":\"Generationenforum Z\u00fcrich am 3. September 2022\"}]},{\"@type\":\"WebSite\",\"@id\":\"https:\\\/\\\/www.organisator.ch\\\/#website\",\"url\":\"https:\\\/\\\/www.organisator.ch\\\/\",\"name\":\"Organisator\",\"description\":\"Kompetent. Praxisnah. Der ORGANISATOR bereitet in 10 Ausgaben pro Jahr die wesentlichen Themen f\u00fcr F\u00fchrungskr\u00e4fte von KMU auf.\",\"publisher\":{\"@id\":\"https:\\\/\\\/www.organisator.ch\\\/#organization\"},\"potentialAction\":[{\"@type\":\"SearchAction\",\"target\":{\"@type\":\"EntryPoint\",\"urlTemplate\":\"https:\\\/\\\/www.organisator.ch\\\/?s={search_term_string}\"},\"query-input\":{\"@type\":\"PropertyValueSpecification\",\"valueRequired\":true,\"valueName\":\"search_term_string\"}}],\"inLanguage\":\"en-US\"},{\"@type\":\"Organization\",\"@id\":\"https:\\\/\\\/www.organisator.ch\\\/#organization\",\"name\":\"Organisator\",\"url\":\"https:\\\/\\\/www.organisator.ch\\\/\",\"logo\":{\"@type\":\"ImageObject\",\"inLanguage\":\"en-US\",\"@id\":\"https:\\\/\\\/www.organisator.ch\\\/#\\\/schema\\\/logo\\\/image\\\/\",\"url\":\"https:\\\/\\\/www.organisator.ch\\\/wp-content\\\/uploads\\\/2022\\\/01\\\/Logo_Organisator_Website.png\",\"contentUrl\":\"https:\\\/\\\/www.organisator.ch\\\/wp-content\\\/uploads\\\/2022\\\/01\\\/Logo_Organisator_Website.png\",\"width\":800,\"height\":77,\"caption\":\"Organisator\"},\"image\":{\"@id\":\"https:\\\/\\\/www.organisator.ch\\\/#\\\/schema\\\/logo\\\/image\\\/\"},\"sameAs\":[\"https:\\\/\\\/www.facebook.com\\\/OrganisatorFachmagazin\",\"https:\\\/\\\/www.linkedin.com\\\/showcase\\\/organisator-das-magazin-fr-kmu\",\"https:\\\/\\\/www.xing.com\\\/news\\\/pages\\\/organisator-ch-695\",\"https:\\\/\\\/www.youtube.com\\\/channel\\\/UCGP2Sq0iWaZwT3BdIAQFYpw\"]},{\"@type\":\"Person\",\"@id\":\"https:\\\/\\\/www.organisator.ch\\\/#\\\/schema\\\/person\\\/6f650f90b2842cd4c0cc334b4e36f67e\",\"name\":\"thomas.berner\",\"image\":{\"@type\":\"ImageObject\",\"inLanguage\":\"en-US\",\"@id\":\"https:\\\/\\\/secure.gravatar.com\\\/avatar\\\/ac5001d2a36cb6c6cd3e50789007ffca834b477b74a2144564522e944eabff61?s=96&d=mm&r=g\",\"url\":\"https:\\\/\\\/secure.gravatar.com\\\/avatar\\\/ac5001d2a36cb6c6cd3e50789007ffca834b477b74a2144564522e944eabff61?s=96&d=mm&r=g\",\"contentUrl\":\"https:\\\/\\\/secure.gravatar.com\\\/avatar\\\/ac5001d2a36cb6c6cd3e50789007ffca834b477b74a2144564522e944eabff61?s=96&d=mm&r=g\",\"caption\":\"thomas.berner\"},\"url\":\"https:\\\/\\\/www.organisator.ch\\\/en\\\/author\\\/thomas-berner\\\/\"}]}<\/script>\n<!-- \/ Yoast SEO plugin. -->","yoast_head_json":{"title":"Generations Forum Zurich on September 3, 2022 - Organizer","description":"Actively participating in our future: This is the theme at the Generations Forum, which will open on September 3, 2022 at the Kulturpark Z\u00fcrich.","robots":{"index":"index","follow":"follow","max-snippet":"max-snippet:-1","max-image-preview":"max-image-preview:large","max-video-preview":"max-video-preview:-1"},"canonical":"https:\/\/www.organisator.ch\/en\/human-resources\/2022-09-01\/generation-forum-zuerich-on-3-september-2022\/","og_locale":"en_US","og_type":"article","og_title":"Generationenforum Z\u00fcrich am 3. September 2022","og_description":"Aktiv mitwirken an unserer Zukunft: So lautet das Thema am Generationenforum, das am 3. September 2022 im Kulturpark Z\u00fcrich er\u00f6ffnet wird.","og_url":"https:\/\/www.organisator.ch\/en\/human-resources\/2022-09-01\/generation-forum-zuerich-on-3-september-2022\/","og_site_name":"Organisator","article_publisher":"https:\/\/www.facebook.com\/OrganisatorFachmagazin","article_published_time":"2022-09-01T11:39:31+00:00","og_image":[{"width":680,"height":391,"url":"https:\/\/www.organisator.ch\/wp-content\/uploads\/2022\/09\/Generationenforum-Zurich-am-3-September-2022_Organisator.jpg","type":"image\/jpeg"}],"author":"thomas.berner","twitter_card":"summary_large_image","twitter_title":"#Generationenforum Z\u00fcrich am 3. September 2022","twitter_description":"Aktiv mitwirken an unserer Zukunft: So lautet das Thema am #Generationenforum, das am 3. September 2022 im #Kulturpark Z\u00fcrich er\u00f6ffnet wird.","twitter_image":"https:\/\/www.organisator.ch\/wp-content\/uploads\/2022\/09\/Generationenforum-Zurich-am-3-September-2022_Organisator.jpg","schema":{"@context":"https:\/\/schema.org","@graph":[{"@type":"Article","@id":"https:\/\/www.organisator.ch\/human-resources\/2022-09-01\/generationenforum-zuerich-am-3-september-2022\/#article","isPartOf":{"@id":"https:\/\/www.organisator.ch\/human-resources\/2022-09-01\/generationenforum-zuerich-am-3-september-2022\/"},"author":{"name":"thomas.berner","@id":"https:\/\/www.organisator.ch\/#\/schema\/person\/6f650f90b2842cd4c0cc334b4e36f67e"},"headline":"Generationenforum Z\u00fcrich am 3. September 2022","datePublished":"2022-09-01T11:39:31+00:00","mainEntityOfPage":{"@id":"https:\/\/www.organisator.ch\/human-resources\/2022-09-01\/generationenforum-zuerich-am-3-september-2022\/"},"wordCount":256,"publisher":{"@id":"https:\/\/www.organisator.ch\/#organization"},"image":{"@id":"https:\/\/www.organisator.ch\/human-resources\/2022-09-01\/generationenforum-zuerich-am-3-september-2022\/#primaryimage"},"thumbnailUrl":"https:\/\/www.organisator.ch\/wp-content\/uploads\/2022\/09\/Generationenforum-Zurich-am-3-September-2022_Organisator.jpg","keywords":["Fachkongress\/Fachmesse","Generationen","HRM"],"articleSection":["HUMAN RESOURCES"],"inLanguage":"en-US"},{"@type":"WebPage","@id":"https:\/\/www.organisator.ch\/human-resources\/2022-09-01\/generationenforum-zuerich-am-3-september-2022\/","url":"https:\/\/www.organisator.ch\/human-resources\/2022-09-01\/generationenforum-zuerich-am-3-september-2022\/","name":"Generations Forum Zurich on September 3, 2022 - Organizer","isPartOf":{"@id":"https:\/\/www.organisator.ch\/#website"},"primaryImageOfPage":{"@id":"https:\/\/www.organisator.ch\/human-resources\/2022-09-01\/generationenforum-zuerich-am-3-september-2022\/#primaryimage"},"image":{"@id":"https:\/\/www.organisator.ch\/human-resources\/2022-09-01\/generationenforum-zuerich-am-3-september-2022\/#primaryimage"},"thumbnailUrl":"https:\/\/www.organisator.ch\/wp-content\/uploads\/2022\/09\/Generationenforum-Zurich-am-3-September-2022_Organisator.jpg","datePublished":"2022-09-01T11:39:31+00:00","description":"Actively participating in our future: This is the theme at the Generations Forum, which will open on September 3, 2022 at the Kulturpark Z\u00fcrich.","breadcrumb":{"@id":"https:\/\/www.organisator.ch\/human-resources\/2022-09-01\/generationenforum-zuerich-am-3-september-2022\/#breadcrumb"},"inLanguage":"en-US","potentialAction":[{"@type":"ReadAction","target":["https:\/\/www.organisator.ch\/human-resources\/2022-09-01\/generationenforum-zuerich-am-3-september-2022\/"]}]},{"@type":"ImageObject","inLanguage":"en-US","@id":"https:\/\/www.organisator.ch\/human-resources\/2022-09-01\/generationenforum-zuerich-am-3-september-2022\/#primaryimage","url":"https:\/\/www.organisator.ch\/wp-content\/uploads\/2022\/09\/Generationenforum-Zurich-am-3-September-2022_Organisator.jpg","contentUrl":"https:\/\/www.organisator.ch\/wp-content\/uploads\/2022\/09\/Generationenforum-Zurich-am-3-September-2022_Organisator.jpg","width":680,"height":391,"caption":"Am 3. September wird das Generationenforum in Z\u00fcrich feierlich er\u00f6ffnet. (Bild: Kulturpark.ch)"},{"@type":"BreadcrumbList","@id":"https:\/\/www.organisator.ch\/human-resources\/2022-09-01\/generationenforum-zuerich-am-3-september-2022\/#breadcrumb","itemListElement":[{"@type":"ListItem","position":1,"name":"Home","item":"https:\/\/www.organisator.ch\/"},{"@type":"ListItem","position":2,"name":"Generationenforum Z\u00fcrich am 3. September 2022"}]},{"@type":"WebSite","@id":"https:\/\/www.organisator.ch\/#website","url":"https:\/\/www.organisator.ch\/","name":"Organizer","description":"Competent. Practical. In 10 issues per year, ORGANISATOR presents the essential topics for managers of SMEs.","publisher":{"@id":"https:\/\/www.organisator.ch\/#organization"},"potentialAction":[{"@type":"SearchAction","target":{"@type":"EntryPoint","urlTemplate":"https:\/\/www.organisator.ch\/?s={search_term_string}"},"query-input":{"@type":"PropertyValueSpecification","valueRequired":true,"valueName":"search_term_string"}}],"inLanguage":"en-US"},{"@type":"Organization","@id":"https:\/\/www.organisator.ch\/#organization","name":"Organizer","url":"https:\/\/www.organisator.ch\/","logo":{"@type":"ImageObject","inLanguage":"en-US","@id":"https:\/\/www.organisator.ch\/#\/schema\/logo\/image\/","url":"https:\/\/www.organisator.ch\/wp-content\/uploads\/2022\/01\/Logo_Organisator_Website.png","contentUrl":"https:\/\/www.organisator.ch\/wp-content\/uploads\/2022\/01\/Logo_Organisator_Website.png","width":800,"height":77,"caption":"Organisator"},"image":{"@id":"https:\/\/www.organisator.ch\/#\/schema\/logo\/image\/"},"sameAs":["https:\/\/www.facebook.com\/OrganisatorFachmagazin","https:\/\/www.linkedin.com\/showcase\/organisator-das-magazin-fr-kmu","https:\/\/www.xing.com\/news\/pages\/organisator-ch-695","https:\/\/www.youtube.com\/channel\/UCGP2Sq0iWaZwT3BdIAQFYpw"]},{"@type":"Person","@id":"https:\/\/www.organisator.ch\/#\/schema\/person\/6f650f90b2842cd4c0cc334b4e36f67e","name":"thomas.berner","image":{"@type":"ImageObject","inLanguage":"en-US","@id":"https:\/\/secure.gravatar.com\/avatar\/ac5001d2a36cb6c6cd3e50789007ffca834b477b74a2144564522e944eabff61?s=96&d=mm&r=g","url":"https:\/\/secure.gravatar.com\/avatar\/ac5001d2a36cb6c6cd3e50789007ffca834b477b74a2144564522e944eabff61?s=96&d=mm&r=g","contentUrl":"https:\/\/secure.gravatar.com\/avatar\/ac5001d2a36cb6c6cd3e50789007ffca834b477b74a2144564522e944eabff61?s=96&d=mm&r=g","caption":"thomas.berner"},"url":"https:\/\/www.organisator.ch\/en\/author\/thomas-berner\/"}]}},"_links":{"self":[{"href":"https:\/\/www.organisator.ch\/en\/wp-json\/wp\/v2\/posts\/16781","targetHints":{"allow":["GET"]}}],"collection":[{"href":"https:\/\/www.organisator.ch\/en\/wp-json\/wp\/v2\/posts"}],"about":[{"href":"https:\/\/www.organisator.ch\/en\/wp-json\/wp\/v2\/types\/post"}],"author":[{"embeddable":true,"href":"https:\/\/www.organisator.ch\/en\/wp-json\/wp\/v2\/users\/4"}],"replies":[{"embeddable":true,"href":"https:\/\/www.organisator.ch\/en\/wp-json\/wp\/v2\/comments?post=16781"}],"version-history":[{"count":1,"href":"https:\/\/www.organisator.ch\/en\/wp-json\/wp\/v2\/posts\/16781\/revisions"}],"predecessor-version":[{"id":16787,"href":"https:\/\/www.organisator.ch\/en\/wp-json\/wp\/v2\/posts\/16781\/revisions\/16787"}],"wp:featuredmedia":[{"embeddable":true,"href":"https:\/\/www.organisator.ch\/en\/wp-json\/wp\/v2\/media\/16786"}],"wp:attachment":[{"href":"https:\/\/www.organisator.ch\/en\/wp-json\/wp\/v2\/media?parent=16781"}],"wp:term":[{"taxonomy":"category","embeddable":true,"href":"https:\/\/www.organisator.ch\/en\/wp-json\/wp\/v2\/categories?post=16781"},{"taxonomy":"post_tag","embeddable":true,"href":"https:\/\/www.organisator.ch\/en\/wp-json\/wp\/v2\/tags?post=16781"}],"curies":[{"name":"wp","href":"https:\/\/api.w.org\/{rel}","templated":true}]}}