{"id":16790,"date":"2022-09-02T10:24:12","date_gmt":"2022-09-02T08:24:12","guid":{"rendered":"https:\/\/www.organisator.ch\/?p=16790"},"modified":"2022-09-02T10:24:12","modified_gmt":"2022-09-02T08:24:12","slug":"together-against-electrical-waste-revendo-and-salt-giving-partnership-known","status":"publish","type":"post","link":"https:\/\/www.organisator.ch\/en\/sustainability\/2022-09-02\/gemeinsam-gegen-elektroschrott-revendo-und-salt-geben-partnerschaft-bekannt\/","title":{"rendered":"Together against e-waste: Revendo and Salt announce partnership"},"content":{"rendered":"<figure id=\"attachment_16794\" aria-describedby=\"caption-attachment-16794\" style=\"width: 680px\" class=\"wp-caption alignnone\"><img loading=\"lazy\" decoding=\"async\" class=\"size-full wp-image-16794\" src=\"https:\/\/www.organisator.ch\/wp-content\/uploads\/2022\/09\/Gemeinsam-gegen-Elektroschrott-Revendo-und-Salt-geben-Partnerschaft-bekannt_Organisator.jpg\" alt=\"\" width=\"680\" height=\"453\" srcset=\"https:\/\/www.organisator.ch\/wp-content\/uploads\/2022\/09\/Gemeinsam-gegen-Elektroschrott-Revendo-und-Salt-geben-Partnerschaft-bekannt_Organisator.jpg 680w, https:\/\/www.organisator.ch\/wp-content\/uploads\/2022\/09\/Gemeinsam-gegen-Elektroschrott-Revendo-und-Salt-geben-Partnerschaft-bekannt_Organisator-18x12.jpg 18w, https:\/\/www.organisator.ch\/wp-content\/uploads\/2022\/09\/Gemeinsam-gegen-Elektroschrott-Revendo-und-Salt-geben-Partnerschaft-bekannt_Organisator-263x175.jpg 263w, https:\/\/www.organisator.ch\/wp-content\/uploads\/2022\/09\/Gemeinsam-gegen-Elektroschrott-Revendo-und-Salt-geben-Partnerschaft-bekannt_Organisator-525x350.jpg 525w, https:\/\/www.organisator.ch\/wp-content\/uploads\/2022\/09\/Gemeinsam-gegen-Elektroschrott-Revendo-und-Salt-geben-Partnerschaft-bekannt_Organisator-300x200.jpg 300w\" sizes=\"auto, (max-width: 680px) 100vw, 680px\" \/><figcaption id=\"caption-attachment-16794\" class=\"wp-caption-text\">Smartphones that are no longer used are bought back by Revendo and made functional again, thus giving them a second life and reducing e-waste. (Image: Depositphotos.com)<\/figcaption><\/figure>\n<p>It all started at a table half rented on the second floor of a coffee house in Basel: The start-up Revendo was founded in 2013 by two friends to fight electronic waste - a growing problem: More and more smartphones and computers end up in the trash, even though they could still be used. To combat this, Revendo started buying used devices, repairing or upgrading them, and then reselling them at a low price. The concept was successful: one year after the online store, the first store was opened. Today, Revendo already has 10 stores and more than 145 employees. And at the end of 2021, the company won the <a href=\"https:\/\/www.organisator.ch\/de\/allgemein\/2021-11-26\/prix-svc-nordschweiz-2021-zwei-junge-unternehmer-ganz-gross\/\">Prix SVC Northern Switzerland a prestigious entrepreneurial award<\/a>.<\/p>\n<h3>Salt customers benefit several times over<\/h3>\n<p>Now Revendo has found a new partner in telecom service provider Salt: Together, the two companies are fighting e-waste and thus promoting a sustainable circular economy. Thanks to the partnership with Revendo, Salt can now simplify the buyback of used devices: In a Salt branch, customers can have their smartphone valued directly on site. In doing so, they benefit from a price guarantee: The amount estimated in the branch is guaranteed to be paid out to the customer by Revendo. Alternatively, customers can also have their device valued conveniently online and then send it in for sale. They also benefit from an eco-bonus: For every device sold at Salt, customers receive an additional eco-bonus of CHF 15. By selling their old devices, they are helping to conserve our planet's resources. The used devices will be recycled by Revendo<br \/>\nreconditioned and then sold to new owners. In this way, the useful life of the equipment can be massively extended.<\/p>\n<h3>Two strong partners for less e-waste<\/h3>\n<p>As Aurel Greiner, CEO of Revendo elaborates: \"We are convinced that our two companies complement each other ideally in this partnership. Revendo has nine branches and over 145 employees. This makes Revendo the largest provider of refurbished devices in Switzerland and a perfect fit with a strong partner like Salt, one of the largest telecommunications providers in Switzerland.\" Thanks to the competencies of the two partners in their respective core businesses, the collaboration has the potential to be the start of a longer-term trend towards reducing e-waste in Switzerland, the two companies are convinced. According to estimates, there are currently more than one million unused devices lying around in Swiss households. Only about 20% of the e-waste produced worldwide is recycled. \"By all of us consistently focusing on more upcycling and reuse, we can change that. That's why we are very motivated to use this partnership to ensure that fewer used smartphones are gathering dust in Swiss drawers. After all, it would be much better if these devices found new owners again and gave them plenty of pleasure for a long time to come,\" says Aurel Greiner.<\/p>\n<p><em>Source and further information: <a href=\"http:\/\/www.revendo.ch\">Revendo<\/a> \/ <a href=\"https:\/\/fiber.salt.ch\/de\/home\">Salt<\/a><\/em><\/p>","protected":false},"excerpt":{"rendered":"<p>Alles begann an einer Tischh\u00e4lfte, eingemietet im ersten Stock eines Kaffeehauses in Basel: Das Start-up Revendo wurde 2013 von zwei Freunden gegr\u00fcndet, um gegen den Elektroschrott anzuk\u00e4mpfen &#8211; einem wachsenden Problem: Immer mehr Smartphones und Computer landen auf dem M\u00fcll, obwohl sie noch weiter genutzt werden k\u00f6nnten. Um dem entgegenzuwirken, fing man bei Revendo an, [&hellip;]<\/p>\n","protected":false},"author":4,"featured_media":16794,"comment_status":"closed","ping_status":"closed","sticky":false,"template":"","format":"standard","meta":{"_acf_changed":false,"_yoast_wpseo_focuskw":"Elektroschrott","_yoast_wpseo_metadesc":"In der Schweiz fallen jedes Jahr mehr als 23 kg Elektroschrott pro Kopf an. Revendo und Salt k\u00e4mpfen gemeinsam dagegen an.","articlekey":"","footnotes":""},"categories":[580],"tags":[1041,286,594,492],"class_list":["post-16790","post","type-post","status-publish","format-standard","has-post-thumbnail","hentry","category-sustainability","tag-elektroschrott","tag-it","tag-kreislaufwirtschaft","tag-unternehmen"],"acf":[],"yoast_head":"<!-- This site is optimized with the Yoast SEO plugin v27.5 - https:\/\/yoast.com\/product\/yoast-seo-wordpress\/ -->\n<title>Gemeinsam gegen Elektroschrott: Revendo und Salt geben Partnerschaft bekannt - Organisator<\/title>\n<meta name=\"description\" content=\"In der Schweiz fallen jedes Jahr mehr als 23 kg Elektroschrott pro Kopf an. Revendo und Salt k\u00e4mpfen gemeinsam dagegen an.\" \/>\n<meta name=\"robots\" content=\"index, follow, max-snippet:-1, max-image-preview:large, max-video-preview:-1\" \/>\n<link rel=\"canonical\" href=\"https:\/\/www.organisator.ch\/en\/sustainability\/2022-09-02\/together-against-electrical-waste-revendo-and-salt-giving-partnership-known\/\" \/>\n<meta property=\"og:locale\" content=\"en_US\" \/>\n<meta property=\"og:type\" content=\"article\" \/>\n<meta property=\"og:title\" content=\"Gemeinsam gegen Elektroschrott: Revendo und Salt geben Partnerschaft bekannt\" \/>\n<meta property=\"og:description\" content=\"In der Schweiz fallen jedes Jahr mehr als 23 kg Elektroschrott pro Kopf an. Revendo und Salt k\u00e4mpfen gemeinsam dagegen an.\" \/>\n<meta property=\"og:url\" content=\"https:\/\/www.organisator.ch\/en\/sustainability\/2022-09-02\/together-against-electrical-waste-revendo-and-salt-giving-partnership-known\/\" \/>\n<meta property=\"og:site_name\" content=\"Organisator\" \/>\n<meta property=\"article:publisher\" content=\"https:\/\/www.facebook.com\/OrganisatorFachmagazin\" \/>\n<meta property=\"article:published_time\" content=\"2022-09-02T08:24:12+00:00\" \/>\n<meta property=\"og:image\" content=\"https:\/\/www.organisator.ch\/wp-content\/uploads\/2022\/09\/Gemeinsam-gegen-Elektroschrott-Revendo-und-Salt-geben-Partnerschaft-bekannt_Organisator.jpg\" \/>\n\t<meta property=\"og:image:width\" content=\"680\" \/>\n\t<meta property=\"og:image:height\" content=\"453\" \/>\n\t<meta property=\"og:image:type\" content=\"image\/jpeg\" \/>\n<meta name=\"author\" content=\"thomas.berner\" \/>\n<meta name=\"twitter:card\" content=\"summary_large_image\" \/>\n<meta name=\"twitter:title\" content=\"Gemeinsam gegen #Elektroschrott: #Revendo und #Salt geben Partnerschaft bekannt\" \/>\n<meta name=\"twitter:description\" content=\"In der Schweiz fallen jedes Jahr mehr als 23 kg #Elektroschrott pro Kopf an. #Revendo und #Salt k\u00e4mpfen gemeinsam dagegen an.\" \/>\n<meta name=\"twitter:image\" content=\"https:\/\/www.organisator.ch\/wp-content\/uploads\/2022\/09\/Gemeinsam-gegen-Elektroschrott-Revendo-und-Salt-geben-Partnerschaft-bekannt_Organisator.jpg\" \/>\n<script type=\"application\/ld+json\" class=\"yoast-schema-graph\">{\"@context\":\"https:\\\/\\\/schema.org\",\"@graph\":[{\"@type\":\"Article\",\"@id\":\"https:\\\/\\\/www.organisator.ch\\\/sustainability\\\/2022-09-02\\\/gemeinsam-gegen-elektroschrott-revendo-und-salt-geben-partnerschaft-bekannt\\\/#article\",\"isPartOf\":{\"@id\":\"https:\\\/\\\/www.organisator.ch\\\/sustainability\\\/2022-09-02\\\/gemeinsam-gegen-elektroschrott-revendo-und-salt-geben-partnerschaft-bekannt\\\/\"},\"author\":{\"name\":\"thomas.berner\",\"@id\":\"https:\\\/\\\/www.organisator.ch\\\/#\\\/schema\\\/person\\\/6f650f90b2842cd4c0cc334b4e36f67e\"},\"headline\":\"Gemeinsam gegen Elektroschrott: Revendo und Salt geben Partnerschaft bekannt\",\"datePublished\":\"2022-09-02T08:24:12+00:00\",\"mainEntityOfPage\":{\"@id\":\"https:\\\/\\\/www.organisator.ch\\\/sustainability\\\/2022-09-02\\\/gemeinsam-gegen-elektroschrott-revendo-und-salt-geben-partnerschaft-bekannt\\\/\"},\"wordCount\":523,\"publisher\":{\"@id\":\"https:\\\/\\\/www.organisator.ch\\\/#organization\"},\"image\":{\"@id\":\"https:\\\/\\\/www.organisator.ch\\\/sustainability\\\/2022-09-02\\\/gemeinsam-gegen-elektroschrott-revendo-und-salt-geben-partnerschaft-bekannt\\\/#primaryimage\"},\"thumbnailUrl\":\"https:\\\/\\\/www.organisator.ch\\\/wp-content\\\/uploads\\\/2022\\\/09\\\/Gemeinsam-gegen-Elektroschrott-Revendo-und-Salt-geben-Partnerschaft-bekannt_Organisator.jpg\",\"keywords\":[\"Elektroschrott\",\"IT\",\"Kreislaufwirtschaft\",\"Unternehmen\"],\"articleSection\":[\"SUSTAINABILITY\"],\"inLanguage\":\"en-US\"},{\"@type\":\"WebPage\",\"@id\":\"https:\\\/\\\/www.organisator.ch\\\/sustainability\\\/2022-09-02\\\/gemeinsam-gegen-elektroschrott-revendo-und-salt-geben-partnerschaft-bekannt\\\/\",\"url\":\"https:\\\/\\\/www.organisator.ch\\\/sustainability\\\/2022-09-02\\\/gemeinsam-gegen-elektroschrott-revendo-und-salt-geben-partnerschaft-bekannt\\\/\",\"name\":\"Gemeinsam gegen Elektroschrott: Revendo und Salt geben Partnerschaft bekannt - Organisator\",\"isPartOf\":{\"@id\":\"https:\\\/\\\/www.organisator.ch\\\/#website\"},\"primaryImageOfPage\":{\"@id\":\"https:\\\/\\\/www.organisator.ch\\\/sustainability\\\/2022-09-02\\\/gemeinsam-gegen-elektroschrott-revendo-und-salt-geben-partnerschaft-bekannt\\\/#primaryimage\"},\"image\":{\"@id\":\"https:\\\/\\\/www.organisator.ch\\\/sustainability\\\/2022-09-02\\\/gemeinsam-gegen-elektroschrott-revendo-und-salt-geben-partnerschaft-bekannt\\\/#primaryimage\"},\"thumbnailUrl\":\"https:\\\/\\\/www.organisator.ch\\\/wp-content\\\/uploads\\\/2022\\\/09\\\/Gemeinsam-gegen-Elektroschrott-Revendo-und-Salt-geben-Partnerschaft-bekannt_Organisator.jpg\",\"datePublished\":\"2022-09-02T08:24:12+00:00\",\"description\":\"In der Schweiz fallen jedes Jahr mehr als 23 kg Elektroschrott pro Kopf an. Revendo und Salt k\u00e4mpfen gemeinsam dagegen an.\",\"breadcrumb\":{\"@id\":\"https:\\\/\\\/www.organisator.ch\\\/sustainability\\\/2022-09-02\\\/gemeinsam-gegen-elektroschrott-revendo-und-salt-geben-partnerschaft-bekannt\\\/#breadcrumb\"},\"inLanguage\":\"en-US\",\"potentialAction\":[{\"@type\":\"ReadAction\",\"target\":[\"https:\\\/\\\/www.organisator.ch\\\/sustainability\\\/2022-09-02\\\/gemeinsam-gegen-elektroschrott-revendo-und-salt-geben-partnerschaft-bekannt\\\/\"]}]},{\"@type\":\"ImageObject\",\"inLanguage\":\"en-US\",\"@id\":\"https:\\\/\\\/www.organisator.ch\\\/sustainability\\\/2022-09-02\\\/gemeinsam-gegen-elektroschrott-revendo-und-salt-geben-partnerschaft-bekannt\\\/#primaryimage\",\"url\":\"https:\\\/\\\/www.organisator.ch\\\/wp-content\\\/uploads\\\/2022\\\/09\\\/Gemeinsam-gegen-Elektroschrott-Revendo-und-Salt-geben-Partnerschaft-bekannt_Organisator.jpg\",\"contentUrl\":\"https:\\\/\\\/www.organisator.ch\\\/wp-content\\\/uploads\\\/2022\\\/09\\\/Gemeinsam-gegen-Elektroschrott-Revendo-und-Salt-geben-Partnerschaft-bekannt_Organisator.jpg\",\"width\":680,\"height\":453,\"caption\":\"Nicht mehr gebrauchte Smartphones werden von Revendo zur\u00fcckgekauft, wieder funktionsf\u00e4hig gemacht und erhalten somit ein zweites Leben. (Bild: Depositphotos.com)\"},{\"@type\":\"BreadcrumbList\",\"@id\":\"https:\\\/\\\/www.organisator.ch\\\/sustainability\\\/2022-09-02\\\/gemeinsam-gegen-elektroschrott-revendo-und-salt-geben-partnerschaft-bekannt\\\/#breadcrumb\",\"itemListElement\":[{\"@type\":\"ListItem\",\"position\":1,\"name\":\"Home\",\"item\":\"https:\\\/\\\/www.organisator.ch\\\/\"},{\"@type\":\"ListItem\",\"position\":2,\"name\":\"Gemeinsam gegen Elektroschrott: Revendo und Salt geben Partnerschaft bekannt\"}]},{\"@type\":\"WebSite\",\"@id\":\"https:\\\/\\\/www.organisator.ch\\\/#website\",\"url\":\"https:\\\/\\\/www.organisator.ch\\\/\",\"name\":\"Organisator\",\"description\":\"Kompetent. Praxisnah. Der ORGANISATOR bereitet in 10 Ausgaben pro Jahr die wesentlichen Themen f\u00fcr F\u00fchrungskr\u00e4fte von KMU auf.\",\"publisher\":{\"@id\":\"https:\\\/\\\/www.organisator.ch\\\/#organization\"},\"potentialAction\":[{\"@type\":\"SearchAction\",\"target\":{\"@type\":\"EntryPoint\",\"urlTemplate\":\"https:\\\/\\\/www.organisator.ch\\\/?s={search_term_string}\"},\"query-input\":{\"@type\":\"PropertyValueSpecification\",\"valueRequired\":true,\"valueName\":\"search_term_string\"}}],\"inLanguage\":\"en-US\"},{\"@type\":\"Organization\",\"@id\":\"https:\\\/\\\/www.organisator.ch\\\/#organization\",\"name\":\"Organisator\",\"url\":\"https:\\\/\\\/www.organisator.ch\\\/\",\"logo\":{\"@type\":\"ImageObject\",\"inLanguage\":\"en-US\",\"@id\":\"https:\\\/\\\/www.organisator.ch\\\/#\\\/schema\\\/logo\\\/image\\\/\",\"url\":\"https:\\\/\\\/www.organisator.ch\\\/wp-content\\\/uploads\\\/2022\\\/01\\\/Logo_Organisator_Website.png\",\"contentUrl\":\"https:\\\/\\\/www.organisator.ch\\\/wp-content\\\/uploads\\\/2022\\\/01\\\/Logo_Organisator_Website.png\",\"width\":800,\"height\":77,\"caption\":\"Organisator\"},\"image\":{\"@id\":\"https:\\\/\\\/www.organisator.ch\\\/#\\\/schema\\\/logo\\\/image\\\/\"},\"sameAs\":[\"https:\\\/\\\/www.facebook.com\\\/OrganisatorFachmagazin\",\"https:\\\/\\\/www.linkedin.com\\\/showcase\\\/organisator-das-magazin-fr-kmu\",\"https:\\\/\\\/www.xing.com\\\/news\\\/pages\\\/organisator-ch-695\",\"https:\\\/\\\/www.youtube.com\\\/channel\\\/UCGP2Sq0iWaZwT3BdIAQFYpw\"]},{\"@type\":\"Person\",\"@id\":\"https:\\\/\\\/www.organisator.ch\\\/#\\\/schema\\\/person\\\/6f650f90b2842cd4c0cc334b4e36f67e\",\"name\":\"thomas.berner\",\"image\":{\"@type\":\"ImageObject\",\"inLanguage\":\"en-US\",\"@id\":\"https:\\\/\\\/secure.gravatar.com\\\/avatar\\\/ac5001d2a36cb6c6cd3e50789007ffca834b477b74a2144564522e944eabff61?s=96&d=mm&r=g\",\"url\":\"https:\\\/\\\/secure.gravatar.com\\\/avatar\\\/ac5001d2a36cb6c6cd3e50789007ffca834b477b74a2144564522e944eabff61?s=96&d=mm&r=g\",\"contentUrl\":\"https:\\\/\\\/secure.gravatar.com\\\/avatar\\\/ac5001d2a36cb6c6cd3e50789007ffca834b477b74a2144564522e944eabff61?s=96&d=mm&r=g\",\"caption\":\"thomas.berner\"},\"url\":\"https:\\\/\\\/www.organisator.ch\\\/en\\\/author\\\/thomas-berner\\\/\"}]}<\/script>\n<!-- \/ Yoast SEO plugin. -->","yoast_head_json":{"title":"Together against e-waste: Revendo and Salt announce partnership - Organizer","description":"In Switzerland, more than 23 kg of electronic waste per capita is generated every year. Revendo and Salt are working together to combat this.","robots":{"index":"index","follow":"follow","max-snippet":"max-snippet:-1","max-image-preview":"max-image-preview:large","max-video-preview":"max-video-preview:-1"},"canonical":"https:\/\/www.organisator.ch\/en\/sustainability\/2022-09-02\/together-against-electrical-waste-revendo-and-salt-giving-partnership-known\/","og_locale":"en_US","og_type":"article","og_title":"Gemeinsam gegen Elektroschrott: Revendo und Salt geben Partnerschaft bekannt","og_description":"In der Schweiz fallen jedes Jahr mehr als 23 kg Elektroschrott pro Kopf an. Revendo und Salt k\u00e4mpfen gemeinsam dagegen an.","og_url":"https:\/\/www.organisator.ch\/en\/sustainability\/2022-09-02\/together-against-electrical-waste-revendo-and-salt-giving-partnership-known\/","og_site_name":"Organisator","article_publisher":"https:\/\/www.facebook.com\/OrganisatorFachmagazin","article_published_time":"2022-09-02T08:24:12+00:00","og_image":[{"width":680,"height":453,"url":"https:\/\/www.organisator.ch\/wp-content\/uploads\/2022\/09\/Gemeinsam-gegen-Elektroschrott-Revendo-und-Salt-geben-Partnerschaft-bekannt_Organisator.jpg","type":"image\/jpeg"}],"author":"thomas.berner","twitter_card":"summary_large_image","twitter_title":"Gemeinsam gegen #Elektroschrott: #Revendo und #Salt geben Partnerschaft bekannt","twitter_description":"In der Schweiz fallen jedes Jahr mehr als 23 kg #Elektroschrott pro Kopf an. #Revendo und #Salt k\u00e4mpfen gemeinsam dagegen an.","twitter_image":"https:\/\/www.organisator.ch\/wp-content\/uploads\/2022\/09\/Gemeinsam-gegen-Elektroschrott-Revendo-und-Salt-geben-Partnerschaft-bekannt_Organisator.jpg","schema":{"@context":"https:\/\/schema.org","@graph":[{"@type":"Article","@id":"https:\/\/www.organisator.ch\/sustainability\/2022-09-02\/gemeinsam-gegen-elektroschrott-revendo-und-salt-geben-partnerschaft-bekannt\/#article","isPartOf":{"@id":"https:\/\/www.organisator.ch\/sustainability\/2022-09-02\/gemeinsam-gegen-elektroschrott-revendo-und-salt-geben-partnerschaft-bekannt\/"},"author":{"name":"thomas.berner","@id":"https:\/\/www.organisator.ch\/#\/schema\/person\/6f650f90b2842cd4c0cc334b4e36f67e"},"headline":"Gemeinsam gegen Elektroschrott: Revendo und Salt geben Partnerschaft bekannt","datePublished":"2022-09-02T08:24:12+00:00","mainEntityOfPage":{"@id":"https:\/\/www.organisator.ch\/sustainability\/2022-09-02\/gemeinsam-gegen-elektroschrott-revendo-und-salt-geben-partnerschaft-bekannt\/"},"wordCount":523,"publisher":{"@id":"https:\/\/www.organisator.ch\/#organization"},"image":{"@id":"https:\/\/www.organisator.ch\/sustainability\/2022-09-02\/gemeinsam-gegen-elektroschrott-revendo-und-salt-geben-partnerschaft-bekannt\/#primaryimage"},"thumbnailUrl":"https:\/\/www.organisator.ch\/wp-content\/uploads\/2022\/09\/Gemeinsam-gegen-Elektroschrott-Revendo-und-Salt-geben-Partnerschaft-bekannt_Organisator.jpg","keywords":["Elektroschrott","IT","Kreislaufwirtschaft","Unternehmen"],"articleSection":["SUSTAINABILITY"],"inLanguage":"en-US"},{"@type":"WebPage","@id":"https:\/\/www.organisator.ch\/sustainability\/2022-09-02\/gemeinsam-gegen-elektroschrott-revendo-und-salt-geben-partnerschaft-bekannt\/","url":"https:\/\/www.organisator.ch\/sustainability\/2022-09-02\/gemeinsam-gegen-elektroschrott-revendo-und-salt-geben-partnerschaft-bekannt\/","name":"Together against e-waste: Revendo and Salt announce partnership - Organizer","isPartOf":{"@id":"https:\/\/www.organisator.ch\/#website"},"primaryImageOfPage":{"@id":"https:\/\/www.organisator.ch\/sustainability\/2022-09-02\/gemeinsam-gegen-elektroschrott-revendo-und-salt-geben-partnerschaft-bekannt\/#primaryimage"},"image":{"@id":"https:\/\/www.organisator.ch\/sustainability\/2022-09-02\/gemeinsam-gegen-elektroschrott-revendo-und-salt-geben-partnerschaft-bekannt\/#primaryimage"},"thumbnailUrl":"https:\/\/www.organisator.ch\/wp-content\/uploads\/2022\/09\/Gemeinsam-gegen-Elektroschrott-Revendo-und-Salt-geben-Partnerschaft-bekannt_Organisator.jpg","datePublished":"2022-09-02T08:24:12+00:00","description":"In Switzerland, more than 23 kg of electronic waste per capita is generated every year. Revendo and Salt are working together to combat this.","breadcrumb":{"@id":"https:\/\/www.organisator.ch\/sustainability\/2022-09-02\/gemeinsam-gegen-elektroschrott-revendo-und-salt-geben-partnerschaft-bekannt\/#breadcrumb"},"inLanguage":"en-US","potentialAction":[{"@type":"ReadAction","target":["https:\/\/www.organisator.ch\/sustainability\/2022-09-02\/gemeinsam-gegen-elektroschrott-revendo-und-salt-geben-partnerschaft-bekannt\/"]}]},{"@type":"ImageObject","inLanguage":"en-US","@id":"https:\/\/www.organisator.ch\/sustainability\/2022-09-02\/gemeinsam-gegen-elektroschrott-revendo-und-salt-geben-partnerschaft-bekannt\/#primaryimage","url":"https:\/\/www.organisator.ch\/wp-content\/uploads\/2022\/09\/Gemeinsam-gegen-Elektroschrott-Revendo-und-Salt-geben-Partnerschaft-bekannt_Organisator.jpg","contentUrl":"https:\/\/www.organisator.ch\/wp-content\/uploads\/2022\/09\/Gemeinsam-gegen-Elektroschrott-Revendo-und-Salt-geben-Partnerschaft-bekannt_Organisator.jpg","width":680,"height":453,"caption":"Nicht mehr gebrauchte Smartphones werden von Revendo zur\u00fcckgekauft, wieder funktionsf\u00e4hig gemacht und erhalten somit ein zweites Leben. (Bild: Depositphotos.com)"},{"@type":"BreadcrumbList","@id":"https:\/\/www.organisator.ch\/sustainability\/2022-09-02\/gemeinsam-gegen-elektroschrott-revendo-und-salt-geben-partnerschaft-bekannt\/#breadcrumb","itemListElement":[{"@type":"ListItem","position":1,"name":"Home","item":"https:\/\/www.organisator.ch\/"},{"@type":"ListItem","position":2,"name":"Gemeinsam gegen Elektroschrott: Revendo und Salt geben Partnerschaft bekannt"}]},{"@type":"WebSite","@id":"https:\/\/www.organisator.ch\/#website","url":"https:\/\/www.organisator.ch\/","name":"Organizer","description":"Competent. Practical. In 10 issues per year, ORGANISATOR presents the essential topics for managers of SMEs.","publisher":{"@id":"https:\/\/www.organisator.ch\/#organization"},"potentialAction":[{"@type":"SearchAction","target":{"@type":"EntryPoint","urlTemplate":"https:\/\/www.organisator.ch\/?s={search_term_string}"},"query-input":{"@type":"PropertyValueSpecification","valueRequired":true,"valueName":"search_term_string"}}],"inLanguage":"en-US"},{"@type":"Organization","@id":"https:\/\/www.organisator.ch\/#organization","name":"Organizer","url":"https:\/\/www.organisator.ch\/","logo":{"@type":"ImageObject","inLanguage":"en-US","@id":"https:\/\/www.organisator.ch\/#\/schema\/logo\/image\/","url":"https:\/\/www.organisator.ch\/wp-content\/uploads\/2022\/01\/Logo_Organisator_Website.png","contentUrl":"https:\/\/www.organisator.ch\/wp-content\/uploads\/2022\/01\/Logo_Organisator_Website.png","width":800,"height":77,"caption":"Organisator"},"image":{"@id":"https:\/\/www.organisator.ch\/#\/schema\/logo\/image\/"},"sameAs":["https:\/\/www.facebook.com\/OrganisatorFachmagazin","https:\/\/www.linkedin.com\/showcase\/organisator-das-magazin-fr-kmu","https:\/\/www.xing.com\/news\/pages\/organisator-ch-695","https:\/\/www.youtube.com\/channel\/UCGP2Sq0iWaZwT3BdIAQFYpw"]},{"@type":"Person","@id":"https:\/\/www.organisator.ch\/#\/schema\/person\/6f650f90b2842cd4c0cc334b4e36f67e","name":"thomas.berner","image":{"@type":"ImageObject","inLanguage":"en-US","@id":"https:\/\/secure.gravatar.com\/avatar\/ac5001d2a36cb6c6cd3e50789007ffca834b477b74a2144564522e944eabff61?s=96&d=mm&r=g","url":"https:\/\/secure.gravatar.com\/avatar\/ac5001d2a36cb6c6cd3e50789007ffca834b477b74a2144564522e944eabff61?s=96&d=mm&r=g","contentUrl":"https:\/\/secure.gravatar.com\/avatar\/ac5001d2a36cb6c6cd3e50789007ffca834b477b74a2144564522e944eabff61?s=96&d=mm&r=g","caption":"thomas.berner"},"url":"https:\/\/www.organisator.ch\/en\/author\/thomas-berner\/"}]}},"_links":{"self":[{"href":"https:\/\/www.organisator.ch\/en\/wp-json\/wp\/v2\/posts\/16790","targetHints":{"allow":["GET"]}}],"collection":[{"href":"https:\/\/www.organisator.ch\/en\/wp-json\/wp\/v2\/posts"}],"about":[{"href":"https:\/\/www.organisator.ch\/en\/wp-json\/wp\/v2\/types\/post"}],"author":[{"embeddable":true,"href":"https:\/\/www.organisator.ch\/en\/wp-json\/wp\/v2\/users\/4"}],"replies":[{"embeddable":true,"href":"https:\/\/www.organisator.ch\/en\/wp-json\/wp\/v2\/comments?post=16790"}],"version-history":[{"count":3,"href":"https:\/\/www.organisator.ch\/en\/wp-json\/wp\/v2\/posts\/16790\/revisions"}],"predecessor-version":[{"id":16802,"href":"https:\/\/www.organisator.ch\/en\/wp-json\/wp\/v2\/posts\/16790\/revisions\/16802"}],"wp:featuredmedia":[{"embeddable":true,"href":"https:\/\/www.organisator.ch\/en\/wp-json\/wp\/v2\/media\/16794"}],"wp:attachment":[{"href":"https:\/\/www.organisator.ch\/en\/wp-json\/wp\/v2\/media?parent=16790"}],"wp:term":[{"taxonomy":"category","embeddable":true,"href":"https:\/\/www.organisator.ch\/en\/wp-json\/wp\/v2\/categories?post=16790"},{"taxonomy":"post_tag","embeddable":true,"href":"https:\/\/www.organisator.ch\/en\/wp-json\/wp\/v2\/tags?post=16790"}],"curies":[{"name":"wp","href":"https:\/\/api.w.org\/{rel}","templated":true}]}}