{"id":16823,"date":"2022-09-06T09:07:30","date_gmt":"2022-09-06T07:07:30","guid":{"rendered":"https:\/\/www.organisator.ch\/?p=16823"},"modified":"2022-09-06T09:07:30","modified_gmt":"2022-09-06T07:07:30","slug":"new-campaign-wants-joy-at-work","status":"publish","type":"post","link":"https:\/\/www.organisator.ch\/en\/human-resources\/2022-09-06\/neue-kampagne-will-freude-am-job-vermitteln\/","title":{"rendered":"New campaign aims to convey joy in the job"},"content":{"rendered":"<figure id=\"attachment_16825\" aria-describedby=\"caption-attachment-16825\" style=\"width: 680px\" class=\"wp-caption alignnone\"><img loading=\"lazy\" decoding=\"async\" class=\"size-full wp-image-16825\" src=\"https:\/\/www.organisator.ch\/wp-content\/uploads\/2022\/09\/Neue-Kampagne-will-Freude-am-Job-vermitteln_Organisator.jpg\" alt=\"\" width=\"680\" height=\"329\" srcset=\"https:\/\/www.organisator.ch\/wp-content\/uploads\/2022\/09\/Neue-Kampagne-will-Freude-am-Job-vermitteln_Organisator.jpg 680w, https:\/\/www.organisator.ch\/wp-content\/uploads\/2022\/09\/Neue-Kampagne-will-Freude-am-Job-vermitteln_Organisator-18x9.jpg 18w, https:\/\/www.organisator.ch\/wp-content\/uploads\/2022\/09\/Neue-Kampagne-will-Freude-am-Job-vermitteln_Organisator-362x175.jpg 362w, https:\/\/www.organisator.ch\/wp-content\/uploads\/2022\/09\/Neue-Kampagne-will-Freude-am-Job-vermitteln_Organisator-300x145.jpg 300w\" sizes=\"auto, (max-width: 680px) 100vw, 680px\" \/><figcaption id=\"caption-attachment-16825\" class=\"wp-caption-text\">The new jobs.ch campaign \"Stop working. Love what you do.\" (Image: jobs.ch)<\/figcaption><\/figure>\n<p>According to a survey conducted by LINK on behalf of JobCloud (<a href=\"https:\/\/www.jobs.ch\" target=\"_blank\" rel=\"noopener\">jobs.ch<\/a> \/ <a href=\"https:\/\/www.jobup.ch\" target=\"_blank\" rel=\"noopener\">jobup.ch<\/a>), 40% of employees currently love their jobs. In addition, every second employee in Switzerland does not feel properly valued at work, while every fourth person is seriously considering changing companies. In addition, for around two-thirds of Swiss employees, salary is an important value at work. As part of this study, 1034 professionals aged 16 to 60 in German- and French-speaking Switzerland were surveyed.<\/p>\n<h3>New campaign for more love for the job<\/h3>\n<p>Helping workers be happy in their jobs and enabling them to find their dream job are the goals of jobs.ch and jobup.ch's new campaign: \"Stop working. Love what you do\", which was launched on September 5. However, the new campaign of the two job portals of JobCloud does not primarily want to call on people to quit their current job. Rather, it aims to challenge them to question their daily job routine and do everything they can to enjoy their job. JobCloud has recruiting tools to help find a job or company that leads to higher satisfaction. The ability to be notified when the ideal job becomes available or to see if the salary is reasonable will help in the search for the dream job.<\/p>\n<p>Another goal of the campaign is to make Switzerland a place where as many people as possible have a job they love. This is important for both employees and employers. People who love their job show more commitment, are more creative and less prone to stress. This also reduces employee turnover. So it should be in the interest of all companies to ensure more than ever that their staff love their job.<\/p>\n<h3>Conveying the meaningfulness of work<\/h3>\n<p>\"We know that having a sense of purpose at work can lead to greater satisfaction in all areas of life. That's why we suggest companies do more to meet the needs of their employees - for example, by involving them in defining goals, giving them confidence and allowing flexibility. Employees thus gain more control over their own work-life balance. And that pays off: Not only will the company get more productive, engaged and satisfied employees, but it will also be more likely to attract top talent,\" explains Davide Villa, CEO of JobCloud.<\/p>\n<p>The survey clearly shows that employees who love their job are generally more satisfied - whether with their work, the company or their salary. They generally prefer to go to work, are more likely to see the meaning of their work, and the majority of them say that their work also has an enriching effect on the rest of their lives. \"At JobCloud, we firmly believe that if you find a job you love, you won't feel like you have to work anymore,\" Villa concludes.<\/p>\n<p><a href=\"https:\/\/lovewhatyoudo.jobs.ch\/de\/\"><em>Click here to go to the campaign<\/em><\/a><\/p>","protected":false},"excerpt":{"rendered":"<p>Gem\u00e4ss einer Befragung, die LINK im Auftrag von JobCloud (jobs.ch \/ jobup.ch) durchgef\u00fchrt hat, lieben aktuell 40% der Mitarbeitenden ihren Job. Zudem f\u00fchlt sich jede zweite Arbeitskraft in der Schweiz am Arbeitsplatz nicht richtig wertgesch\u00e4tzt, w\u00e4hrend jede vierte Person ernsthaft dar\u00fcber nachdenkt, das Unternehmen zu wechseln. Zudem ist f\u00fcr rund zwei Drittel der Schweizer Arbeitnehmenden [&hellip;]<\/p>\n","protected":false},"author":4,"featured_media":16825,"comment_status":"closed","ping_status":"closed","sticky":false,"template":"","format":"standard","meta":{"_acf_changed":false,"_yoast_wpseo_focuskw":"Neue Kampagne","_yoast_wpseo_metadesc":"Die Liebe zum Job bleibt oft auf der Strecke. Eine neue Kampagne von JobCloud macht auf dieses Defizit aufmerksam.","articlekey":"","footnotes":""},"categories":[579],"tags":[254,293,407],"class_list":["post-16823","post","type-post","status-publish","format-standard","has-post-thumbnail","hentry","category-human-resources","tag-hrm","tag-kampagne","tag-recruiting"],"acf":[],"yoast_head":"<!-- This site is optimized with the Yoast SEO plugin v27.5 - https:\/\/yoast.com\/product\/yoast-seo-wordpress\/ -->\n<title>Neue Kampagne will Freude am Job vermitteln - Organisator<\/title>\n<meta name=\"description\" content=\"Die Liebe zum Job bleibt oft auf der Strecke. Eine neue Kampagne von JobCloud macht auf dieses Defizit aufmerksam.\" \/>\n<meta name=\"robots\" content=\"index, follow, max-snippet:-1, max-image-preview:large, max-video-preview:-1\" \/>\n<link rel=\"canonical\" href=\"https:\/\/www.organisator.ch\/en\/human-resources\/2022-09-06\/new-campaign-wants-joy-at-work\/\" \/>\n<meta property=\"og:locale\" content=\"en_US\" \/>\n<meta property=\"og:type\" content=\"article\" \/>\n<meta property=\"og:title\" content=\"Neue Kampagne will Freude am Job vermitteln\" \/>\n<meta property=\"og:description\" content=\"Die Liebe zum Job bleibt oft auf der Strecke. Eine neue Kampagne von JobCloud macht auf dieses Defizit aufmerksam.\" \/>\n<meta property=\"og:url\" content=\"https:\/\/www.organisator.ch\/en\/human-resources\/2022-09-06\/new-campaign-wants-joy-at-work\/\" \/>\n<meta property=\"og:site_name\" content=\"Organisator\" \/>\n<meta property=\"article:publisher\" content=\"https:\/\/www.facebook.com\/OrganisatorFachmagazin\" \/>\n<meta property=\"article:published_time\" content=\"2022-09-06T07:07:30+00:00\" \/>\n<meta property=\"og:image\" content=\"https:\/\/www.organisator.ch\/wp-content\/uploads\/2022\/09\/Neue-Kampagne-will-Freude-am-Job-vermitteln_Organisator.jpg\" \/>\n\t<meta property=\"og:image:width\" content=\"680\" \/>\n\t<meta property=\"og:image:height\" content=\"329\" \/>\n\t<meta property=\"og:image:type\" content=\"image\/jpeg\" \/>\n<meta name=\"author\" content=\"thomas.berner\" \/>\n<meta name=\"twitter:card\" content=\"summary_large_image\" \/>\n<meta name=\"twitter:title\" content=\"Neue #Kampagne will Freude am #Job vermitteln\" \/>\n<meta name=\"twitter:description\" content=\"Die Liebe zum #Job bleibt oft auf der Strecke. Eine neue #Kampagne von #JobCloud macht auf dieses #Defizit aufmerksam.\" \/>\n<meta name=\"twitter:image\" content=\"https:\/\/www.organisator.ch\/wp-content\/uploads\/2022\/09\/Neue-Kampagne-will-Freude-am-Job-vermitteln_Organisator.jpg\" \/>\n<script type=\"application\/ld+json\" class=\"yoast-schema-graph\">{\"@context\":\"https:\\\/\\\/schema.org\",\"@graph\":[{\"@type\":\"Article\",\"@id\":\"https:\\\/\\\/www.organisator.ch\\\/human-resources\\\/2022-09-06\\\/neue-kampagne-will-freude-am-job-vermitteln\\\/#article\",\"isPartOf\":{\"@id\":\"https:\\\/\\\/www.organisator.ch\\\/human-resources\\\/2022-09-06\\\/neue-kampagne-will-freude-am-job-vermitteln\\\/\"},\"author\":{\"name\":\"thomas.berner\",\"@id\":\"https:\\\/\\\/www.organisator.ch\\\/#\\\/schema\\\/person\\\/6f650f90b2842cd4c0cc334b4e36f67e\"},\"headline\":\"Neue Kampagne will Freude am Job vermitteln\",\"datePublished\":\"2022-09-06T07:07:30+00:00\",\"mainEntityOfPage\":{\"@id\":\"https:\\\/\\\/www.organisator.ch\\\/human-resources\\\/2022-09-06\\\/neue-kampagne-will-freude-am-job-vermitteln\\\/\"},\"wordCount\":540,\"publisher\":{\"@id\":\"https:\\\/\\\/www.organisator.ch\\\/#organization\"},\"image\":{\"@id\":\"https:\\\/\\\/www.organisator.ch\\\/human-resources\\\/2022-09-06\\\/neue-kampagne-will-freude-am-job-vermitteln\\\/#primaryimage\"},\"thumbnailUrl\":\"https:\\\/\\\/www.organisator.ch\\\/wp-content\\\/uploads\\\/2022\\\/09\\\/Neue-Kampagne-will-Freude-am-Job-vermitteln_Organisator.jpg\",\"keywords\":[\"HRM\",\"Kampagne\",\"Recruiting\"],\"articleSection\":[\"HUMAN RESOURCES\"],\"inLanguage\":\"en-US\"},{\"@type\":\"WebPage\",\"@id\":\"https:\\\/\\\/www.organisator.ch\\\/human-resources\\\/2022-09-06\\\/neue-kampagne-will-freude-am-job-vermitteln\\\/\",\"url\":\"https:\\\/\\\/www.organisator.ch\\\/human-resources\\\/2022-09-06\\\/neue-kampagne-will-freude-am-job-vermitteln\\\/\",\"name\":\"Neue Kampagne will Freude am Job vermitteln - Organisator\",\"isPartOf\":{\"@id\":\"https:\\\/\\\/www.organisator.ch\\\/#website\"},\"primaryImageOfPage\":{\"@id\":\"https:\\\/\\\/www.organisator.ch\\\/human-resources\\\/2022-09-06\\\/neue-kampagne-will-freude-am-job-vermitteln\\\/#primaryimage\"},\"image\":{\"@id\":\"https:\\\/\\\/www.organisator.ch\\\/human-resources\\\/2022-09-06\\\/neue-kampagne-will-freude-am-job-vermitteln\\\/#primaryimage\"},\"thumbnailUrl\":\"https:\\\/\\\/www.organisator.ch\\\/wp-content\\\/uploads\\\/2022\\\/09\\\/Neue-Kampagne-will-Freude-am-Job-vermitteln_Organisator.jpg\",\"datePublished\":\"2022-09-06T07:07:30+00:00\",\"description\":\"Die Liebe zum Job bleibt oft auf der Strecke. Eine neue Kampagne von JobCloud macht auf dieses Defizit aufmerksam.\",\"breadcrumb\":{\"@id\":\"https:\\\/\\\/www.organisator.ch\\\/human-resources\\\/2022-09-06\\\/neue-kampagne-will-freude-am-job-vermitteln\\\/#breadcrumb\"},\"inLanguage\":\"en-US\",\"potentialAction\":[{\"@type\":\"ReadAction\",\"target\":[\"https:\\\/\\\/www.organisator.ch\\\/human-resources\\\/2022-09-06\\\/neue-kampagne-will-freude-am-job-vermitteln\\\/\"]}]},{\"@type\":\"ImageObject\",\"inLanguage\":\"en-US\",\"@id\":\"https:\\\/\\\/www.organisator.ch\\\/human-resources\\\/2022-09-06\\\/neue-kampagne-will-freude-am-job-vermitteln\\\/#primaryimage\",\"url\":\"https:\\\/\\\/www.organisator.ch\\\/wp-content\\\/uploads\\\/2022\\\/09\\\/Neue-Kampagne-will-Freude-am-Job-vermitteln_Organisator.jpg\",\"contentUrl\":\"https:\\\/\\\/www.organisator.ch\\\/wp-content\\\/uploads\\\/2022\\\/09\\\/Neue-Kampagne-will-Freude-am-Job-vermitteln_Organisator.jpg\",\"width\":680,\"height\":329,\"caption\":\"Die neue Kampagne von jobs.ch-Kampagne \\\"H\u00f6r auf zu arbeiten. Love what you do.\\\" (Bild: jobs.ch)\"},{\"@type\":\"BreadcrumbList\",\"@id\":\"https:\\\/\\\/www.organisator.ch\\\/human-resources\\\/2022-09-06\\\/neue-kampagne-will-freude-am-job-vermitteln\\\/#breadcrumb\",\"itemListElement\":[{\"@type\":\"ListItem\",\"position\":1,\"name\":\"Home\",\"item\":\"https:\\\/\\\/www.organisator.ch\\\/\"},{\"@type\":\"ListItem\",\"position\":2,\"name\":\"Neue Kampagne will Freude am Job vermitteln\"}]},{\"@type\":\"WebSite\",\"@id\":\"https:\\\/\\\/www.organisator.ch\\\/#website\",\"url\":\"https:\\\/\\\/www.organisator.ch\\\/\",\"name\":\"Organisator\",\"description\":\"Kompetent. Praxisnah. Der ORGANISATOR bereitet in 10 Ausgaben pro Jahr die wesentlichen Themen f\u00fcr F\u00fchrungskr\u00e4fte von KMU auf.\",\"publisher\":{\"@id\":\"https:\\\/\\\/www.organisator.ch\\\/#organization\"},\"potentialAction\":[{\"@type\":\"SearchAction\",\"target\":{\"@type\":\"EntryPoint\",\"urlTemplate\":\"https:\\\/\\\/www.organisator.ch\\\/?s={search_term_string}\"},\"query-input\":{\"@type\":\"PropertyValueSpecification\",\"valueRequired\":true,\"valueName\":\"search_term_string\"}}],\"inLanguage\":\"en-US\"},{\"@type\":\"Organization\",\"@id\":\"https:\\\/\\\/www.organisator.ch\\\/#organization\",\"name\":\"Organisator\",\"url\":\"https:\\\/\\\/www.organisator.ch\\\/\",\"logo\":{\"@type\":\"ImageObject\",\"inLanguage\":\"en-US\",\"@id\":\"https:\\\/\\\/www.organisator.ch\\\/#\\\/schema\\\/logo\\\/image\\\/\",\"url\":\"https:\\\/\\\/www.organisator.ch\\\/wp-content\\\/uploads\\\/2022\\\/01\\\/Logo_Organisator_Website.png\",\"contentUrl\":\"https:\\\/\\\/www.organisator.ch\\\/wp-content\\\/uploads\\\/2022\\\/01\\\/Logo_Organisator_Website.png\",\"width\":800,\"height\":77,\"caption\":\"Organisator\"},\"image\":{\"@id\":\"https:\\\/\\\/www.organisator.ch\\\/#\\\/schema\\\/logo\\\/image\\\/\"},\"sameAs\":[\"https:\\\/\\\/www.facebook.com\\\/OrganisatorFachmagazin\",\"https:\\\/\\\/www.linkedin.com\\\/showcase\\\/organisator-das-magazin-fr-kmu\",\"https:\\\/\\\/www.xing.com\\\/news\\\/pages\\\/organisator-ch-695\",\"https:\\\/\\\/www.youtube.com\\\/channel\\\/UCGP2Sq0iWaZwT3BdIAQFYpw\"]},{\"@type\":\"Person\",\"@id\":\"https:\\\/\\\/www.organisator.ch\\\/#\\\/schema\\\/person\\\/6f650f90b2842cd4c0cc334b4e36f67e\",\"name\":\"thomas.berner\",\"image\":{\"@type\":\"ImageObject\",\"inLanguage\":\"en-US\",\"@id\":\"https:\\\/\\\/secure.gravatar.com\\\/avatar\\\/ac5001d2a36cb6c6cd3e50789007ffca834b477b74a2144564522e944eabff61?s=96&d=mm&r=g\",\"url\":\"https:\\\/\\\/secure.gravatar.com\\\/avatar\\\/ac5001d2a36cb6c6cd3e50789007ffca834b477b74a2144564522e944eabff61?s=96&d=mm&r=g\",\"contentUrl\":\"https:\\\/\\\/secure.gravatar.com\\\/avatar\\\/ac5001d2a36cb6c6cd3e50789007ffca834b477b74a2144564522e944eabff61?s=96&d=mm&r=g\",\"caption\":\"thomas.berner\"},\"url\":\"https:\\\/\\\/www.organisator.ch\\\/en\\\/author\\\/thomas-berner\\\/\"}]}<\/script>\n<!-- \/ Yoast SEO plugin. -->","yoast_head_json":{"title":"New campaign aims to convey joy in the job - organizer","description":"Love for the job often falls by the wayside. A new campaign from JobCloud draws attention to this deficit.","robots":{"index":"index","follow":"follow","max-snippet":"max-snippet:-1","max-image-preview":"max-image-preview:large","max-video-preview":"max-video-preview:-1"},"canonical":"https:\/\/www.organisator.ch\/en\/human-resources\/2022-09-06\/new-campaign-wants-joy-at-work\/","og_locale":"en_US","og_type":"article","og_title":"Neue Kampagne will Freude am Job vermitteln","og_description":"Die Liebe zum Job bleibt oft auf der Strecke. Eine neue Kampagne von JobCloud macht auf dieses Defizit aufmerksam.","og_url":"https:\/\/www.organisator.ch\/en\/human-resources\/2022-09-06\/new-campaign-wants-joy-at-work\/","og_site_name":"Organisator","article_publisher":"https:\/\/www.facebook.com\/OrganisatorFachmagazin","article_published_time":"2022-09-06T07:07:30+00:00","og_image":[{"width":680,"height":329,"url":"https:\/\/www.organisator.ch\/wp-content\/uploads\/2022\/09\/Neue-Kampagne-will-Freude-am-Job-vermitteln_Organisator.jpg","type":"image\/jpeg"}],"author":"thomas.berner","twitter_card":"summary_large_image","twitter_title":"Neue #Kampagne will Freude am #Job vermitteln","twitter_description":"Die Liebe zum #Job bleibt oft auf der Strecke. Eine neue #Kampagne von #JobCloud macht auf dieses #Defizit aufmerksam.","twitter_image":"https:\/\/www.organisator.ch\/wp-content\/uploads\/2022\/09\/Neue-Kampagne-will-Freude-am-Job-vermitteln_Organisator.jpg","schema":{"@context":"https:\/\/schema.org","@graph":[{"@type":"Article","@id":"https:\/\/www.organisator.ch\/human-resources\/2022-09-06\/neue-kampagne-will-freude-am-job-vermitteln\/#article","isPartOf":{"@id":"https:\/\/www.organisator.ch\/human-resources\/2022-09-06\/neue-kampagne-will-freude-am-job-vermitteln\/"},"author":{"name":"thomas.berner","@id":"https:\/\/www.organisator.ch\/#\/schema\/person\/6f650f90b2842cd4c0cc334b4e36f67e"},"headline":"Neue Kampagne will Freude am Job vermitteln","datePublished":"2022-09-06T07:07:30+00:00","mainEntityOfPage":{"@id":"https:\/\/www.organisator.ch\/human-resources\/2022-09-06\/neue-kampagne-will-freude-am-job-vermitteln\/"},"wordCount":540,"publisher":{"@id":"https:\/\/www.organisator.ch\/#organization"},"image":{"@id":"https:\/\/www.organisator.ch\/human-resources\/2022-09-06\/neue-kampagne-will-freude-am-job-vermitteln\/#primaryimage"},"thumbnailUrl":"https:\/\/www.organisator.ch\/wp-content\/uploads\/2022\/09\/Neue-Kampagne-will-Freude-am-Job-vermitteln_Organisator.jpg","keywords":["HRM","Kampagne","Recruiting"],"articleSection":["HUMAN RESOURCES"],"inLanguage":"en-US"},{"@type":"WebPage","@id":"https:\/\/www.organisator.ch\/human-resources\/2022-09-06\/neue-kampagne-will-freude-am-job-vermitteln\/","url":"https:\/\/www.organisator.ch\/human-resources\/2022-09-06\/neue-kampagne-will-freude-am-job-vermitteln\/","name":"New campaign aims to convey joy in the job - organizer","isPartOf":{"@id":"https:\/\/www.organisator.ch\/#website"},"primaryImageOfPage":{"@id":"https:\/\/www.organisator.ch\/human-resources\/2022-09-06\/neue-kampagne-will-freude-am-job-vermitteln\/#primaryimage"},"image":{"@id":"https:\/\/www.organisator.ch\/human-resources\/2022-09-06\/neue-kampagne-will-freude-am-job-vermitteln\/#primaryimage"},"thumbnailUrl":"https:\/\/www.organisator.ch\/wp-content\/uploads\/2022\/09\/Neue-Kampagne-will-Freude-am-Job-vermitteln_Organisator.jpg","datePublished":"2022-09-06T07:07:30+00:00","description":"Love for the job often falls by the wayside. A new campaign from JobCloud draws attention to this deficit.","breadcrumb":{"@id":"https:\/\/www.organisator.ch\/human-resources\/2022-09-06\/neue-kampagne-will-freude-am-job-vermitteln\/#breadcrumb"},"inLanguage":"en-US","potentialAction":[{"@type":"ReadAction","target":["https:\/\/www.organisator.ch\/human-resources\/2022-09-06\/neue-kampagne-will-freude-am-job-vermitteln\/"]}]},{"@type":"ImageObject","inLanguage":"en-US","@id":"https:\/\/www.organisator.ch\/human-resources\/2022-09-06\/neue-kampagne-will-freude-am-job-vermitteln\/#primaryimage","url":"https:\/\/www.organisator.ch\/wp-content\/uploads\/2022\/09\/Neue-Kampagne-will-Freude-am-Job-vermitteln_Organisator.jpg","contentUrl":"https:\/\/www.organisator.ch\/wp-content\/uploads\/2022\/09\/Neue-Kampagne-will-Freude-am-Job-vermitteln_Organisator.jpg","width":680,"height":329,"caption":"Die neue Kampagne von jobs.ch-Kampagne \"H\u00f6r auf zu arbeiten. Love what you do.\" (Bild: jobs.ch)"},{"@type":"BreadcrumbList","@id":"https:\/\/www.organisator.ch\/human-resources\/2022-09-06\/neue-kampagne-will-freude-am-job-vermitteln\/#breadcrumb","itemListElement":[{"@type":"ListItem","position":1,"name":"Home","item":"https:\/\/www.organisator.ch\/"},{"@type":"ListItem","position":2,"name":"Neue Kampagne will Freude am Job vermitteln"}]},{"@type":"WebSite","@id":"https:\/\/www.organisator.ch\/#website","url":"https:\/\/www.organisator.ch\/","name":"Organizer","description":"Competent. Practical. In 10 issues per year, ORGANISATOR presents the essential topics for managers of SMEs.","publisher":{"@id":"https:\/\/www.organisator.ch\/#organization"},"potentialAction":[{"@type":"SearchAction","target":{"@type":"EntryPoint","urlTemplate":"https:\/\/www.organisator.ch\/?s={search_term_string}"},"query-input":{"@type":"PropertyValueSpecification","valueRequired":true,"valueName":"search_term_string"}}],"inLanguage":"en-US"},{"@type":"Organization","@id":"https:\/\/www.organisator.ch\/#organization","name":"Organizer","url":"https:\/\/www.organisator.ch\/","logo":{"@type":"ImageObject","inLanguage":"en-US","@id":"https:\/\/www.organisator.ch\/#\/schema\/logo\/image\/","url":"https:\/\/www.organisator.ch\/wp-content\/uploads\/2022\/01\/Logo_Organisator_Website.png","contentUrl":"https:\/\/www.organisator.ch\/wp-content\/uploads\/2022\/01\/Logo_Organisator_Website.png","width":800,"height":77,"caption":"Organisator"},"image":{"@id":"https:\/\/www.organisator.ch\/#\/schema\/logo\/image\/"},"sameAs":["https:\/\/www.facebook.com\/OrganisatorFachmagazin","https:\/\/www.linkedin.com\/showcase\/organisator-das-magazin-fr-kmu","https:\/\/www.xing.com\/news\/pages\/organisator-ch-695","https:\/\/www.youtube.com\/channel\/UCGP2Sq0iWaZwT3BdIAQFYpw"]},{"@type":"Person","@id":"https:\/\/www.organisator.ch\/#\/schema\/person\/6f650f90b2842cd4c0cc334b4e36f67e","name":"thomas.berner","image":{"@type":"ImageObject","inLanguage":"en-US","@id":"https:\/\/secure.gravatar.com\/avatar\/ac5001d2a36cb6c6cd3e50789007ffca834b477b74a2144564522e944eabff61?s=96&d=mm&r=g","url":"https:\/\/secure.gravatar.com\/avatar\/ac5001d2a36cb6c6cd3e50789007ffca834b477b74a2144564522e944eabff61?s=96&d=mm&r=g","contentUrl":"https:\/\/secure.gravatar.com\/avatar\/ac5001d2a36cb6c6cd3e50789007ffca834b477b74a2144564522e944eabff61?s=96&d=mm&r=g","caption":"thomas.berner"},"url":"https:\/\/www.organisator.ch\/en\/author\/thomas-berner\/"}]}},"_links":{"self":[{"href":"https:\/\/www.organisator.ch\/en\/wp-json\/wp\/v2\/posts\/16823","targetHints":{"allow":["GET"]}}],"collection":[{"href":"https:\/\/www.organisator.ch\/en\/wp-json\/wp\/v2\/posts"}],"about":[{"href":"https:\/\/www.organisator.ch\/en\/wp-json\/wp\/v2\/types\/post"}],"author":[{"embeddable":true,"href":"https:\/\/www.organisator.ch\/en\/wp-json\/wp\/v2\/users\/4"}],"replies":[{"embeddable":true,"href":"https:\/\/www.organisator.ch\/en\/wp-json\/wp\/v2\/comments?post=16823"}],"version-history":[{"count":2,"href":"https:\/\/www.organisator.ch\/en\/wp-json\/wp\/v2\/posts\/16823\/revisions"}],"predecessor-version":[{"id":16826,"href":"https:\/\/www.organisator.ch\/en\/wp-json\/wp\/v2\/posts\/16823\/revisions\/16826"}],"wp:featuredmedia":[{"embeddable":true,"href":"https:\/\/www.organisator.ch\/en\/wp-json\/wp\/v2\/media\/16825"}],"wp:attachment":[{"href":"https:\/\/www.organisator.ch\/en\/wp-json\/wp\/v2\/media?parent=16823"}],"wp:term":[{"taxonomy":"category","embeddable":true,"href":"https:\/\/www.organisator.ch\/en\/wp-json\/wp\/v2\/categories?post=16823"},{"taxonomy":"post_tag","embeddable":true,"href":"https:\/\/www.organisator.ch\/en\/wp-json\/wp\/v2\/tags?post=16823"}],"curies":[{"name":"wp","href":"https:\/\/api.w.org\/{rel}","templated":true}]}}