{"id":16883,"date":"2022-09-12T09:30:10","date_gmt":"2022-09-12T07:30:10","guid":{"rendered":"https:\/\/www.organisator.ch\/?p=16883"},"modified":"2022-09-12T11:44:23","modified_gmt":"2022-09-12T09:44:23","slug":"retrospective-sges-2022-catching-up-with-missed-activities","status":"publish","type":"post","link":"https:\/\/www.organisator.ch\/en\/sustainability\/2022-09-12\/rueckblick-sges-2022-versaeumtes-nachholen\/","title":{"rendered":"Review SGES 2022: \"Making up for lost time\""},"content":{"rendered":"<figure id=\"attachment_16884\" aria-describedby=\"caption-attachment-16884\" style=\"width: 680px\" class=\"wp-caption alignnone\"><img loading=\"lazy\" decoding=\"async\" class=\"size-full wp-image-16884\" src=\"https:\/\/www.organisator.ch\/wp-content\/uploads\/2022\/09\/Ruckblick-SGES-2022-Versaumtes-nachholen_Organisator.jpg\" alt=\"\" width=\"680\" height=\"452\" srcset=\"https:\/\/www.organisator.ch\/wp-content\/uploads\/2022\/09\/Ruckblick-SGES-2022-Versaumtes-nachholen_Organisator.jpg 680w, https:\/\/www.organisator.ch\/wp-content\/uploads\/2022\/09\/Ruckblick-SGES-2022-Versaumtes-nachholen_Organisator-18x12.jpg 18w, https:\/\/www.organisator.ch\/wp-content\/uploads\/2022\/09\/Ruckblick-SGES-2022-Versaumtes-nachholen_Organisator-263x175.jpg 263w, https:\/\/www.organisator.ch\/wp-content\/uploads\/2022\/09\/Ruckblick-SGES-2022-Versaumtes-nachholen_Organisator-527x350.jpg 527w, https:\/\/www.organisator.ch\/wp-content\/uploads\/2022\/09\/Ruckblick-SGES-2022-Versaumtes-nachholen_Organisator-300x199.jpg 300w\" sizes=\"auto, (max-width: 680px) 100vw, 680px\" \/><figcaption id=\"caption-attachment-16884\" class=\"wp-caption-text\">National Councilor J\u00fcrg Grossen expressed clear criticism of the Federal Council's climate policy at SGES 2022. (Image; Thomas Berner)<\/figcaption><\/figure>\n<p>Green Economy is one of the most important future trends. In the near future, more and more companies are likely to be involved in some form of concrete sustainable products - and for everyone else, regulations and other constraints such as climate change and the energy crisis alone are likely to lead to an increased focus on sustainable business. The current energy supply situation clearly shows that we now have to \"make up for lost ground,\" he said. \"We are not facing the energy crisis, we are in it,\" said Bern's mayor Alec von Graffenried in his welcoming message on the first day of the Swiss Green Economy Symposium SGES, and he admitted: \"We have to act now.\"<\/p>\n<h3>SGES: The \"green\" business summit since 2013<\/h3>\n<p>Since 2013, the Swiss Green Economy Symposium (SGES) has been using concrete examples to show how business, politics, science and NGOs can jointly contribute to greater prosperity, environmental protection and more peaceful coexistence. This year's event was held under the motto \"Working together responsibly and courageously\". On the two symposium days of September 7 and 8, 2022, current issues around circular economy, climate protection and social responsibility were discussed in plenary sessions and various so-called innovation forums. A highlight was the keynote speech by Prof. Dr. Ernst Ulrich von Weizs\u00e4cker, Honorary President of the Club of Rome, who first pointed out the limits to growth 50 years ago. Today, it must be stated that the appeals of 1972 have unfortunately become more urgent - worldwide, but also in Switzerland.<\/p>\n<h3>Climate protection: Do we still have enough time?<\/h3>\n<p>On the first day of SGES 2022, for example, Katrin Schneeberger, Director of the Federal Office for the Environment FOEN, provided an overview of the status of the circular economy in Switzerland. Although much is already being done, there is still a lot of room for improvement, she said: for example, only 12 percent of all Swiss companies have their own circular activities in their business. Only 9 percent invest more than 10 percent in the circular economy. And likewise, only 12 percent of Swiss companies generate more than 10 percent of sales with circular economy. On the subject of climate protection, National Councilor J\u00fcrg Grossen fired a broadside against the Federal Council. He said that the Federal Council had failed to set the course in good time and now had to take emergency measures on an ongoing basis. J\u00fcrg Grossen sees the greatest opportunities in digitization: Thanks to smart technology, up to 80 percent of energy can be saved, as he explained with reference to his own company building. \"That's what we need to talk about, not more energy production,\" Grossen said. A sign of how proverbially heated the discussion currently is was probably also the action of some climate activists. They unceremoniously stormed the stage and demanded of panelist Juan Beer, CEO of Zurich Insurance, that his company abandon all investments in oil and gas on the spot. \"We are in a transition, and it takes time,\" Beer's replica said, stressing that the first steps to phase out oil and gas had already been taken.<\/p>\n<p>Existing narratives no longer work, as David Sch\u00e4rer from Rod Kommunikation also emphasized on the first day of the symposium. Companies need to become even more aware of their social responsibility. There are more and more examples of this. A pioneer in this area is Migros, for example, which invests considerable sums in social and cultural life every year with its cultural percentage.<\/p>\n<h3>Climate protection in companies: Still much to do<\/h3>\n<p>How much courage and responsibility are necessary for safe and sustainable energies was discussed in depth on the second day of the event. The question of how a global and sustainable Switzerland can be achieved through more cooperation was also discussed. As on the first day, various innovation forums took place, which dealt with circular economy, climate protection and social responsibility with a focus on individual industries. For example, they dealt with energy management in buildings, urban logistics, sustainable financing instruments, sustainability communication or concrete climate protection in companies. The Swiss Climate Action Initiative (SCAI) was presented in this context. One of its aims is to develop a guide for SMEs that they can use to draw up their own roadmap for achieving climate targets. The initiative also focuses on a climate information cockpit and the implementation of climate protection along the entire supply chains.<\/p>\n<h3>Next SGES: September 6-7, 2023<\/h3>\n<p>In addition to the presentations and the innovation forums, a small exhibition was held with 16 participating organizations. The focus was on different innovations for the way to achieve individual of the 17 sustainability goals of the UN. For example, solutions made of bioplastics were on display, as were sustainable building materials and consulting and training services. With a total of 250 speakers, 16 innovation forums and 11 keynotes, the SGES certainly lived up to its claim of being Switzerland's most comprehensive business summit on the Green Economy. Nevertheless, at times one could still get the impression of moving in a \"bubble of like-minded people\" for whom the direction is clear: words must now be followed by deeds. Ideologically colored lightning actions or consistent obstructionism are not very effective. Nevertheless, the direction of Goal No. 17 of the UN 2030 Agenda was right on both symposium days: \"Strengthen means of implementation and breathe new life into the global partnership for sustainable development\". The next Swiss Green Economy Symposium will take place on September 6-7, 2023.<\/p>\n<p><em><a href=\"http:\/\/www.sges,ch\">More information<\/a><\/em><\/p>","protected":false},"excerpt":{"rendered":"<p>Green Economy geh\u00f6rt zu den wichtigsten Zukunftstrends. In naher Zukunft werden wohl immer mehr Unternehmen sich in irgendeiner Form konkret mit nachhaltigen Produkten besch\u00e4ftigen \u2013 und f\u00fcr alle anderen d\u00fcrften allein schon Regulierungen und andere Sachzw\u00e4nge wie Klimawandel und Energiekrise zu einer verst\u00e4rkten Besch\u00e4ftigung mit nachhaltiger Wirtschaft f\u00fchren. Die aktuelle Situation bei der Energieversorgung zeige [&hellip;]<\/p>\n","protected":false},"author":4,"featured_media":16884,"comment_status":"closed","ping_status":"closed","sticky":false,"template":"","format":"standard","meta":{"_acf_changed":false,"_yoast_wpseo_focuskw":"SGES","_yoast_wpseo_metadesc":"Am 7. und 8. September 2022 trafen sich mehrere hundert Teilnehmende in Winterthur zum Swiss Green Economy Symposium SGES.","articlekey":"","footnotes":""},"categories":[580],"tags":[193,358,502],"class_list":["post-16883","post","type-post","status-publish","format-standard","has-post-thumbnail","hentry","category-sustainability","tag-fachkongressfachmesse","tag-nachhaltige-wirtschaft","tag-veranstaltungen"],"acf":[],"yoast_head":"<!-- This site is optimized with the Yoast SEO plugin v27.5 - https:\/\/yoast.com\/product\/yoast-seo-wordpress\/ -->\n<title>R\u00fcckblick SGES 2022: \u00abVers\u00e4umtes nachholen\u00bb - Organisator<\/title>\n<meta name=\"description\" content=\"Am 7. und 8. September 2022 trafen sich mehrere hundert Teilnehmende in Winterthur zum Swiss Green Economy Symposium SGES.\" \/>\n<meta name=\"robots\" content=\"index, follow, max-snippet:-1, max-image-preview:large, max-video-preview:-1\" \/>\n<link rel=\"canonical\" href=\"https:\/\/www.organisator.ch\/en\/sustainability\/2022-09-12\/retrospective-sges-2022-catching-up-with-missed-activities\/\" \/>\n<meta property=\"og:locale\" content=\"en_US\" \/>\n<meta property=\"og:type\" content=\"article\" \/>\n<meta property=\"og:title\" content=\"R\u00fcckblick SGES 2022: \u00abVers\u00e4umtes nachholen\u00bb\" \/>\n<meta property=\"og:description\" content=\"Am 7. und 8. September 2022 trafen sich mehrere hundert Teilnehmende in Winterthur zum Swiss Green Economy Symposium SGES.\" \/>\n<meta property=\"og:url\" content=\"https:\/\/www.organisator.ch\/en\/sustainability\/2022-09-12\/retrospective-sges-2022-catching-up-with-missed-activities\/\" \/>\n<meta property=\"og:site_name\" content=\"Organisator\" \/>\n<meta property=\"article:publisher\" content=\"https:\/\/www.facebook.com\/OrganisatorFachmagazin\" \/>\n<meta property=\"article:published_time\" content=\"2022-09-12T07:30:10+00:00\" \/>\n<meta property=\"article:modified_time\" content=\"2022-09-12T09:44:23+00:00\" \/>\n<meta property=\"og:image\" content=\"https:\/\/www.organisator.ch\/wp-content\/uploads\/2022\/09\/Ruckblick-SGES-2022-Versaumtes-nachholen_Organisator.jpg\" \/>\n\t<meta property=\"og:image:width\" content=\"680\" \/>\n\t<meta property=\"og:image:height\" content=\"452\" \/>\n\t<meta property=\"og:image:type\" content=\"image\/jpeg\" \/>\n<meta name=\"author\" content=\"thomas.berner\" \/>\n<meta name=\"twitter:card\" content=\"summary_large_image\" \/>\n<meta name=\"twitter:title\" content=\"#R\u00fcckblick #SGES 2022: \u00abVers\u00e4umtes nachholen\u00bb\" \/>\n<meta name=\"twitter:description\" content=\"Am 7. und 8. September 2022 trafen sich mehrere hundert Teilnehmende in #Winterthur zum Swiss Green Economy Symposium #SGES.\" \/>\n<meta name=\"twitter:image\" content=\"https:\/\/www.organisator.ch\/wp-content\/uploads\/2022\/09\/Ruckblick-SGES-2022-Versaumtes-nachholen_Organisator.jpg\" \/>\n<script type=\"application\/ld+json\" class=\"yoast-schema-graph\">{\"@context\":\"https:\\\/\\\/schema.org\",\"@graph\":[{\"@type\":\"Article\",\"@id\":\"https:\\\/\\\/www.organisator.ch\\\/sustainability\\\/2022-09-12\\\/rueckblick-sges-2022-versaeumtes-nachholen\\\/#article\",\"isPartOf\":{\"@id\":\"https:\\\/\\\/www.organisator.ch\\\/sustainability\\\/2022-09-12\\\/rueckblick-sges-2022-versaeumtes-nachholen\\\/\"},\"author\":{\"name\":\"thomas.berner\",\"@id\":\"https:\\\/\\\/www.organisator.ch\\\/#\\\/schema\\\/person\\\/6f650f90b2842cd4c0cc334b4e36f67e\"},\"headline\":\"R\u00fcckblick SGES 2022: \u00abVers\u00e4umtes nachholen\u00bb\",\"datePublished\":\"2022-09-12T07:30:10+00:00\",\"dateModified\":\"2022-09-12T09:44:23+00:00\",\"mainEntityOfPage\":{\"@id\":\"https:\\\/\\\/www.organisator.ch\\\/sustainability\\\/2022-09-12\\\/rueckblick-sges-2022-versaeumtes-nachholen\\\/\"},\"wordCount\":865,\"publisher\":{\"@id\":\"https:\\\/\\\/www.organisator.ch\\\/#organization\"},\"image\":{\"@id\":\"https:\\\/\\\/www.organisator.ch\\\/sustainability\\\/2022-09-12\\\/rueckblick-sges-2022-versaeumtes-nachholen\\\/#primaryimage\"},\"thumbnailUrl\":\"https:\\\/\\\/www.organisator.ch\\\/wp-content\\\/uploads\\\/2022\\\/09\\\/Ruckblick-SGES-2022-Versaumtes-nachholen_Organisator.jpg\",\"keywords\":[\"Fachkongress\\\/Fachmesse\",\"Nachhaltige Wirtschaft\",\"Veranstaltungen\"],\"articleSection\":[\"SUSTAINABILITY\"],\"inLanguage\":\"en-US\"},{\"@type\":\"WebPage\",\"@id\":\"https:\\\/\\\/www.organisator.ch\\\/sustainability\\\/2022-09-12\\\/rueckblick-sges-2022-versaeumtes-nachholen\\\/\",\"url\":\"https:\\\/\\\/www.organisator.ch\\\/sustainability\\\/2022-09-12\\\/rueckblick-sges-2022-versaeumtes-nachholen\\\/\",\"name\":\"R\u00fcckblick SGES 2022: \u00abVers\u00e4umtes nachholen\u00bb - Organisator\",\"isPartOf\":{\"@id\":\"https:\\\/\\\/www.organisator.ch\\\/#website\"},\"primaryImageOfPage\":{\"@id\":\"https:\\\/\\\/www.organisator.ch\\\/sustainability\\\/2022-09-12\\\/rueckblick-sges-2022-versaeumtes-nachholen\\\/#primaryimage\"},\"image\":{\"@id\":\"https:\\\/\\\/www.organisator.ch\\\/sustainability\\\/2022-09-12\\\/rueckblick-sges-2022-versaeumtes-nachholen\\\/#primaryimage\"},\"thumbnailUrl\":\"https:\\\/\\\/www.organisator.ch\\\/wp-content\\\/uploads\\\/2022\\\/09\\\/Ruckblick-SGES-2022-Versaumtes-nachholen_Organisator.jpg\",\"datePublished\":\"2022-09-12T07:30:10+00:00\",\"dateModified\":\"2022-09-12T09:44:23+00:00\",\"description\":\"Am 7. und 8. September 2022 trafen sich mehrere hundert Teilnehmende in Winterthur zum Swiss Green Economy Symposium SGES.\",\"breadcrumb\":{\"@id\":\"https:\\\/\\\/www.organisator.ch\\\/sustainability\\\/2022-09-12\\\/rueckblick-sges-2022-versaeumtes-nachholen\\\/#breadcrumb\"},\"inLanguage\":\"en-US\",\"potentialAction\":[{\"@type\":\"ReadAction\",\"target\":[\"https:\\\/\\\/www.organisator.ch\\\/sustainability\\\/2022-09-12\\\/rueckblick-sges-2022-versaeumtes-nachholen\\\/\"]}]},{\"@type\":\"ImageObject\",\"inLanguage\":\"en-US\",\"@id\":\"https:\\\/\\\/www.organisator.ch\\\/sustainability\\\/2022-09-12\\\/rueckblick-sges-2022-versaeumtes-nachholen\\\/#primaryimage\",\"url\":\"https:\\\/\\\/www.organisator.ch\\\/wp-content\\\/uploads\\\/2022\\\/09\\\/Ruckblick-SGES-2022-Versaumtes-nachholen_Organisator.jpg\",\"contentUrl\":\"https:\\\/\\\/www.organisator.ch\\\/wp-content\\\/uploads\\\/2022\\\/09\\\/Ruckblick-SGES-2022-Versaumtes-nachholen_Organisator.jpg\",\"width\":680,\"height\":452,\"caption\":\"Nationalrat J\u00fcrg Grossen \u00e4usserte am SGES 2022 deutliche Kritik an der Klimapolitik des Bundesrats. (Bild; Thomas Berner)\"},{\"@type\":\"BreadcrumbList\",\"@id\":\"https:\\\/\\\/www.organisator.ch\\\/sustainability\\\/2022-09-12\\\/rueckblick-sges-2022-versaeumtes-nachholen\\\/#breadcrumb\",\"itemListElement\":[{\"@type\":\"ListItem\",\"position\":1,\"name\":\"Home\",\"item\":\"https:\\\/\\\/www.organisator.ch\\\/\"},{\"@type\":\"ListItem\",\"position\":2,\"name\":\"R\u00fcckblick SGES 2022: \u00abVers\u00e4umtes nachholen\u00bb\"}]},{\"@type\":\"WebSite\",\"@id\":\"https:\\\/\\\/www.organisator.ch\\\/#website\",\"url\":\"https:\\\/\\\/www.organisator.ch\\\/\",\"name\":\"Organisator\",\"description\":\"Kompetent. Praxisnah. Der ORGANISATOR bereitet in 10 Ausgaben pro Jahr die wesentlichen Themen f\u00fcr F\u00fchrungskr\u00e4fte von KMU auf.\",\"publisher\":{\"@id\":\"https:\\\/\\\/www.organisator.ch\\\/#organization\"},\"potentialAction\":[{\"@type\":\"SearchAction\",\"target\":{\"@type\":\"EntryPoint\",\"urlTemplate\":\"https:\\\/\\\/www.organisator.ch\\\/?s={search_term_string}\"},\"query-input\":{\"@type\":\"PropertyValueSpecification\",\"valueRequired\":true,\"valueName\":\"search_term_string\"}}],\"inLanguage\":\"en-US\"},{\"@type\":\"Organization\",\"@id\":\"https:\\\/\\\/www.organisator.ch\\\/#organization\",\"name\":\"Organisator\",\"url\":\"https:\\\/\\\/www.organisator.ch\\\/\",\"logo\":{\"@type\":\"ImageObject\",\"inLanguage\":\"en-US\",\"@id\":\"https:\\\/\\\/www.organisator.ch\\\/#\\\/schema\\\/logo\\\/image\\\/\",\"url\":\"https:\\\/\\\/www.organisator.ch\\\/wp-content\\\/uploads\\\/2022\\\/01\\\/Logo_Organisator_Website.png\",\"contentUrl\":\"https:\\\/\\\/www.organisator.ch\\\/wp-content\\\/uploads\\\/2022\\\/01\\\/Logo_Organisator_Website.png\",\"width\":800,\"height\":77,\"caption\":\"Organisator\"},\"image\":{\"@id\":\"https:\\\/\\\/www.organisator.ch\\\/#\\\/schema\\\/logo\\\/image\\\/\"},\"sameAs\":[\"https:\\\/\\\/www.facebook.com\\\/OrganisatorFachmagazin\",\"https:\\\/\\\/www.linkedin.com\\\/showcase\\\/organisator-das-magazin-fr-kmu\",\"https:\\\/\\\/www.xing.com\\\/news\\\/pages\\\/organisator-ch-695\",\"https:\\\/\\\/www.youtube.com\\\/channel\\\/UCGP2Sq0iWaZwT3BdIAQFYpw\"]},{\"@type\":\"Person\",\"@id\":\"https:\\\/\\\/www.organisator.ch\\\/#\\\/schema\\\/person\\\/6f650f90b2842cd4c0cc334b4e36f67e\",\"name\":\"thomas.berner\",\"image\":{\"@type\":\"ImageObject\",\"inLanguage\":\"en-US\",\"@id\":\"https:\\\/\\\/secure.gravatar.com\\\/avatar\\\/ac5001d2a36cb6c6cd3e50789007ffca834b477b74a2144564522e944eabff61?s=96&d=mm&r=g\",\"url\":\"https:\\\/\\\/secure.gravatar.com\\\/avatar\\\/ac5001d2a36cb6c6cd3e50789007ffca834b477b74a2144564522e944eabff61?s=96&d=mm&r=g\",\"contentUrl\":\"https:\\\/\\\/secure.gravatar.com\\\/avatar\\\/ac5001d2a36cb6c6cd3e50789007ffca834b477b74a2144564522e944eabff61?s=96&d=mm&r=g\",\"caption\":\"thomas.berner\"},\"url\":\"https:\\\/\\\/www.organisator.ch\\\/en\\\/author\\\/thomas-berner\\\/\"}]}<\/script>\n<!-- \/ Yoast SEO plugin. -->","yoast_head_json":{"title":"Review SGES 2022: \"Making up for lost time\" - Organizer","description":"On September 7 and 8, 2022, several hundred participants met in Winterthur for the Swiss Green Economy Symposium SGES.","robots":{"index":"index","follow":"follow","max-snippet":"max-snippet:-1","max-image-preview":"max-image-preview:large","max-video-preview":"max-video-preview:-1"},"canonical":"https:\/\/www.organisator.ch\/en\/sustainability\/2022-09-12\/retrospective-sges-2022-catching-up-with-missed-activities\/","og_locale":"en_US","og_type":"article","og_title":"R\u00fcckblick SGES 2022: \u00abVers\u00e4umtes nachholen\u00bb","og_description":"Am 7. und 8. September 2022 trafen sich mehrere hundert Teilnehmende in Winterthur zum Swiss Green Economy Symposium SGES.","og_url":"https:\/\/www.organisator.ch\/en\/sustainability\/2022-09-12\/retrospective-sges-2022-catching-up-with-missed-activities\/","og_site_name":"Organisator","article_publisher":"https:\/\/www.facebook.com\/OrganisatorFachmagazin","article_published_time":"2022-09-12T07:30:10+00:00","article_modified_time":"2022-09-12T09:44:23+00:00","og_image":[{"width":680,"height":452,"url":"https:\/\/www.organisator.ch\/wp-content\/uploads\/2022\/09\/Ruckblick-SGES-2022-Versaumtes-nachholen_Organisator.jpg","type":"image\/jpeg"}],"author":"thomas.berner","twitter_card":"summary_large_image","twitter_title":"#R\u00fcckblick #SGES 2022: \u00abVers\u00e4umtes nachholen\u00bb","twitter_description":"Am 7. und 8. September 2022 trafen sich mehrere hundert Teilnehmende in #Winterthur zum Swiss Green Economy Symposium #SGES.","twitter_image":"https:\/\/www.organisator.ch\/wp-content\/uploads\/2022\/09\/Ruckblick-SGES-2022-Versaumtes-nachholen_Organisator.jpg","schema":{"@context":"https:\/\/schema.org","@graph":[{"@type":"Article","@id":"https:\/\/www.organisator.ch\/sustainability\/2022-09-12\/rueckblick-sges-2022-versaeumtes-nachholen\/#article","isPartOf":{"@id":"https:\/\/www.organisator.ch\/sustainability\/2022-09-12\/rueckblick-sges-2022-versaeumtes-nachholen\/"},"author":{"name":"thomas.berner","@id":"https:\/\/www.organisator.ch\/#\/schema\/person\/6f650f90b2842cd4c0cc334b4e36f67e"},"headline":"R\u00fcckblick SGES 2022: \u00abVers\u00e4umtes nachholen\u00bb","datePublished":"2022-09-12T07:30:10+00:00","dateModified":"2022-09-12T09:44:23+00:00","mainEntityOfPage":{"@id":"https:\/\/www.organisator.ch\/sustainability\/2022-09-12\/rueckblick-sges-2022-versaeumtes-nachholen\/"},"wordCount":865,"publisher":{"@id":"https:\/\/www.organisator.ch\/#organization"},"image":{"@id":"https:\/\/www.organisator.ch\/sustainability\/2022-09-12\/rueckblick-sges-2022-versaeumtes-nachholen\/#primaryimage"},"thumbnailUrl":"https:\/\/www.organisator.ch\/wp-content\/uploads\/2022\/09\/Ruckblick-SGES-2022-Versaumtes-nachholen_Organisator.jpg","keywords":["Fachkongress\/Fachmesse","Nachhaltige Wirtschaft","Veranstaltungen"],"articleSection":["SUSTAINABILITY"],"inLanguage":"en-US"},{"@type":"WebPage","@id":"https:\/\/www.organisator.ch\/sustainability\/2022-09-12\/rueckblick-sges-2022-versaeumtes-nachholen\/","url":"https:\/\/www.organisator.ch\/sustainability\/2022-09-12\/rueckblick-sges-2022-versaeumtes-nachholen\/","name":"Review SGES 2022: \"Making up for lost time\" - Organizer","isPartOf":{"@id":"https:\/\/www.organisator.ch\/#website"},"primaryImageOfPage":{"@id":"https:\/\/www.organisator.ch\/sustainability\/2022-09-12\/rueckblick-sges-2022-versaeumtes-nachholen\/#primaryimage"},"image":{"@id":"https:\/\/www.organisator.ch\/sustainability\/2022-09-12\/rueckblick-sges-2022-versaeumtes-nachholen\/#primaryimage"},"thumbnailUrl":"https:\/\/www.organisator.ch\/wp-content\/uploads\/2022\/09\/Ruckblick-SGES-2022-Versaumtes-nachholen_Organisator.jpg","datePublished":"2022-09-12T07:30:10+00:00","dateModified":"2022-09-12T09:44:23+00:00","description":"On September 7 and 8, 2022, several hundred participants met in Winterthur for the Swiss Green Economy Symposium SGES.","breadcrumb":{"@id":"https:\/\/www.organisator.ch\/sustainability\/2022-09-12\/rueckblick-sges-2022-versaeumtes-nachholen\/#breadcrumb"},"inLanguage":"en-US","potentialAction":[{"@type":"ReadAction","target":["https:\/\/www.organisator.ch\/sustainability\/2022-09-12\/rueckblick-sges-2022-versaeumtes-nachholen\/"]}]},{"@type":"ImageObject","inLanguage":"en-US","@id":"https:\/\/www.organisator.ch\/sustainability\/2022-09-12\/rueckblick-sges-2022-versaeumtes-nachholen\/#primaryimage","url":"https:\/\/www.organisator.ch\/wp-content\/uploads\/2022\/09\/Ruckblick-SGES-2022-Versaumtes-nachholen_Organisator.jpg","contentUrl":"https:\/\/www.organisator.ch\/wp-content\/uploads\/2022\/09\/Ruckblick-SGES-2022-Versaumtes-nachholen_Organisator.jpg","width":680,"height":452,"caption":"Nationalrat J\u00fcrg Grossen \u00e4usserte am SGES 2022 deutliche Kritik an der Klimapolitik des Bundesrats. (Bild; Thomas Berner)"},{"@type":"BreadcrumbList","@id":"https:\/\/www.organisator.ch\/sustainability\/2022-09-12\/rueckblick-sges-2022-versaeumtes-nachholen\/#breadcrumb","itemListElement":[{"@type":"ListItem","position":1,"name":"Home","item":"https:\/\/www.organisator.ch\/"},{"@type":"ListItem","position":2,"name":"R\u00fcckblick SGES 2022: \u00abVers\u00e4umtes nachholen\u00bb"}]},{"@type":"WebSite","@id":"https:\/\/www.organisator.ch\/#website","url":"https:\/\/www.organisator.ch\/","name":"Organizer","description":"Competent. Practical. In 10 issues per year, ORGANISATOR presents the essential topics for managers of SMEs.","publisher":{"@id":"https:\/\/www.organisator.ch\/#organization"},"potentialAction":[{"@type":"SearchAction","target":{"@type":"EntryPoint","urlTemplate":"https:\/\/www.organisator.ch\/?s={search_term_string}"},"query-input":{"@type":"PropertyValueSpecification","valueRequired":true,"valueName":"search_term_string"}}],"inLanguage":"en-US"},{"@type":"Organization","@id":"https:\/\/www.organisator.ch\/#organization","name":"Organizer","url":"https:\/\/www.organisator.ch\/","logo":{"@type":"ImageObject","inLanguage":"en-US","@id":"https:\/\/www.organisator.ch\/#\/schema\/logo\/image\/","url":"https:\/\/www.organisator.ch\/wp-content\/uploads\/2022\/01\/Logo_Organisator_Website.png","contentUrl":"https:\/\/www.organisator.ch\/wp-content\/uploads\/2022\/01\/Logo_Organisator_Website.png","width":800,"height":77,"caption":"Organisator"},"image":{"@id":"https:\/\/www.organisator.ch\/#\/schema\/logo\/image\/"},"sameAs":["https:\/\/www.facebook.com\/OrganisatorFachmagazin","https:\/\/www.linkedin.com\/showcase\/organisator-das-magazin-fr-kmu","https:\/\/www.xing.com\/news\/pages\/organisator-ch-695","https:\/\/www.youtube.com\/channel\/UCGP2Sq0iWaZwT3BdIAQFYpw"]},{"@type":"Person","@id":"https:\/\/www.organisator.ch\/#\/schema\/person\/6f650f90b2842cd4c0cc334b4e36f67e","name":"thomas.berner","image":{"@type":"ImageObject","inLanguage":"en-US","@id":"https:\/\/secure.gravatar.com\/avatar\/ac5001d2a36cb6c6cd3e50789007ffca834b477b74a2144564522e944eabff61?s=96&d=mm&r=g","url":"https:\/\/secure.gravatar.com\/avatar\/ac5001d2a36cb6c6cd3e50789007ffca834b477b74a2144564522e944eabff61?s=96&d=mm&r=g","contentUrl":"https:\/\/secure.gravatar.com\/avatar\/ac5001d2a36cb6c6cd3e50789007ffca834b477b74a2144564522e944eabff61?s=96&d=mm&r=g","caption":"thomas.berner"},"url":"https:\/\/www.organisator.ch\/en\/author\/thomas-berner\/"}]}},"_links":{"self":[{"href":"https:\/\/www.organisator.ch\/en\/wp-json\/wp\/v2\/posts\/16883","targetHints":{"allow":["GET"]}}],"collection":[{"href":"https:\/\/www.organisator.ch\/en\/wp-json\/wp\/v2\/posts"}],"about":[{"href":"https:\/\/www.organisator.ch\/en\/wp-json\/wp\/v2\/types\/post"}],"author":[{"embeddable":true,"href":"https:\/\/www.organisator.ch\/en\/wp-json\/wp\/v2\/users\/4"}],"replies":[{"embeddable":true,"href":"https:\/\/www.organisator.ch\/en\/wp-json\/wp\/v2\/comments?post=16883"}],"version-history":[{"count":5,"href":"https:\/\/www.organisator.ch\/en\/wp-json\/wp\/v2\/posts\/16883\/revisions"}],"predecessor-version":[{"id":16901,"href":"https:\/\/www.organisator.ch\/en\/wp-json\/wp\/v2\/posts\/16883\/revisions\/16901"}],"wp:featuredmedia":[{"embeddable":true,"href":"https:\/\/www.organisator.ch\/en\/wp-json\/wp\/v2\/media\/16884"}],"wp:attachment":[{"href":"https:\/\/www.organisator.ch\/en\/wp-json\/wp\/v2\/media?parent=16883"}],"wp:term":[{"taxonomy":"category","embeddable":true,"href":"https:\/\/www.organisator.ch\/en\/wp-json\/wp\/v2\/categories?post=16883"},{"taxonomy":"post_tag","embeddable":true,"href":"https:\/\/www.organisator.ch\/en\/wp-json\/wp\/v2\/tags?post=16883"}],"curies":[{"name":"wp","href":"https:\/\/api.w.org\/{rel}","templated":true}]}}