{"id":16913,"date":"2022-09-13T03:15:45","date_gmt":"2022-09-13T01:15:45","guid":{"rendered":"https:\/\/www.m-q.ch\/?p=16879"},"modified":"2024-11-22T06:38:15","modified_gmt":"2024-11-22T05:38:15","slug":"diversity-and-inclusion-competitive-advantage-for-companies","status":"publish","type":"post","link":"https:\/\/www.organisator.ch\/en\/operational-excellence\/2022-09-13\/diversity-und-inklusion-wettbewerbsvorteil-fuer-firmen\/","title":{"rendered":"Diversity and Inclusion: Competitive Advantage for Companies?"},"content":{"rendered":"<figure id=\"attachment_16880\" class=\"wp-caption alignnone\" style=\"width: 680px\" aria-describedby=\"caption-attachment-16880\"><img class=\"alignnone wp-image-16880 size-full\" src=\"https:\/\/www.m-q.ch\/wp-content\/uploads\/2022\/09\/Diversity-und-Inklusion-Wettbewerbsvorteil-fuer-Firmen_MQ.jpg\" alt=\"Diversity &amp; Inclusion\" width=\"680\" height=\"453\" \/>\r\n<figcaption id=\"caption-attachment-16880\" class=\"wp-caption-text\">The persons responsible for the study Simone M\u00fcller-Staubli, Helena Trachsel, Sonja Michel, Daniela Frau, Christian M\u00fcller. (Image: Sandra Blaser)<\/figcaption>\r\n<\/figure>\r\n<p>The study \"Diversity &amp; Inclusion as a Competitive Advantage\" addresses the relationship between diversity, inclusion and corporate competitiveness. The goal of the reviewers was to test the following hypothesis: Companies that implement diversity and inclusion strategically are more resilient and more successful in the long term than companies that do not pursue such a strategy.<\/p>\r\n<h3><strong>Social commitment has positive consequences<\/strong><\/h3>\r\n<p>With the help of various research questions, the ZHAW reviewed existing literature and empirical data and also addressed the economic, managerial and political perspectives. The findings of the report confirm that strategic management of diversity and inclusion increases the competitive advantage of companies by enhancing their creativity, innovation and brand attractiveness and reducing the shortage of skilled workers.<\/p>\r\n<p>One of the reviewers is the head of the Center for Competition Law and Compliance at the Zurich University of Applied Sciences (ZHAW), Patrick Krauskopf: \"The report scientifically demonstrates how diversity and inclusion positively influence the competitiveness of companies and thus creates an important link between social commitment and business development.<\/p>\r\n<h3><strong>Expert opinion simplifies implementation in practice<\/strong><\/h3>\r\n<p>But why is a scientific report needed to advance society's commitment to equality? \"In the study, we create a solid foundation that helps to enable a development towards more diversity and inclusion in practice,\" explains Simone M\u00fcller-Staubli, initiator of Swiss Diversity.<\/p>\r\n<p>Swiss Diversity and the ZHAW are supported by the Equal Opportunities Office of the Canton of Zurich and BKW AG, the energy and infrastructure company based in Bern. Sonja Michel, Business Transformation at BKW, explains BKW's commitment with the fact that a huge variety of personalities, cultures and experiences come together in the internationally active company: \"We support the study with the goal of ensuring that as many people as possible can work in equal-opportunity and inclusive corporate cultures. Because on the one hand, the study promotes understanding in our company about the connections between diversity and economic success. On the other hand, it also provides other Swiss companies with valuable recommendations for action for their strategic diversity management.\"<\/p>\r\n<h3><strong>Inspiration for Swiss Companies in Diversity and Inclusion<\/strong><\/h3>\r\n<p>The results should inspire Swiss companies to stand up for a diverse and inclusive corporate culture. Patrick Krauskopf emphasizes that it is essential to treat diversity and inclusion at the highest level: \"Strategic diversity and inclusion management is needed that goes beyond the HR departments and is anchored in all areas of the organization. After all, increased equality of opportunity benefits the company economically.<\/p>\r\n<p>This finding is central for the Equality Office of the Canton of Zurich: \"For us, the key to confirming the cost-effectiveness of inclusion and diversity is to use this study to show the economic progress. In this way, we can implement diversity and inclusion convincingly and more comprehensively,\" says Head Helena Trachsel.<\/p>\r\n<p><em>Source and further information: <a href=\"http:\/\/www.swissdiversity.com\/\">www.swissdiversity.com<\/a><\/em><\/p>\n<p class=\"syndicated-attribution\">This article originally appeared on m-q.ch - <a href=\"https:\/\/www.m-q.ch\/de\/diversity-und-inklusion-wettbewerbsvorteil-fuer-firmen\/\" target=\"_blank\">https:\/\/www.m-q.ch\/de\/diversity-und-inklusion-wettbewerbsvorteil-fuer-firmen\/<\/a><\/p>","protected":false},"excerpt":{"rendered":"<p>Die Studie \u00abDiversity &amp; Inclusion als Wettbewerbsvorteil\u00bb behandelt den Zusammenhang zwischen Diversit\u00e4t, Inklusion und Wettbewerbsf\u00e4higkeit von Unternehmen. Das Ziel der Gutachterinnen und Gutachter war es, folgende Hypothese zu pr\u00fcfen: Unternehmen, die Diversity und Inklusion strategisch implementieren, sind resilienter und langfristig erfolgreicher als Unternehmen, die eine solche Strategie nicht verfolgen. Gesellschaftliches Engagement hat positive Folgen Mit [\u2026]<\/p>\n","protected":false},"author":8,"featured_media":0,"comment_status":"closed","ping_status":"closed","sticky":false,"template":"","format":"standard","meta":{"_acf_changed":false,"_yoast_wpseo_focuskw":"Diversity & Inclusion","_yoast_wpseo_metadesc":"Studie belegt: Diversit\u00e4t und Inklusion steigern Wettbewerbsf\u00e4higkeit. Wirtschaftlicher Erfolg durch strategisches Diversity Management.","articlekey":"","footnotes":""},"categories":[582],"tags":[3383],"class_list":["post-16913","post","type-post","status-publish","format-standard","hentry","category-operational-excellence","tag-diversity-and-inclusion-management"],"acf":[],"yoast_head":"<!-- This site is optimized with the Yoast SEO plugin v27.5 - https:\/\/yoast.com\/product\/yoast-seo-wordpress\/ -->\n<title>Diversity und Inklusion: Wettbewerbsvorteil f\u00fcr Firmen? - Organisator<\/title>\n<meta name=\"description\" content=\"Studie belegt: Diversit\u00e4t und Inklusion steigern Wettbewerbsf\u00e4higkeit. Wirtschaftlicher Erfolg durch strategisches Diversity Management.\" \/>\n<meta name=\"robots\" content=\"index, follow, max-snippet:-1, max-image-preview:large, max-video-preview:-1\" \/>\n<link rel=\"canonical\" href=\"https:\/\/www.organisator.ch\/en\/operational-excellence\/2022-09-13\/diversity-and-inclusion-competitive-advantage-for-companies\/\" \/>\n<meta property=\"og:locale\" content=\"en_US\" \/>\n<meta property=\"og:type\" content=\"article\" \/>\n<meta property=\"og:title\" content=\"Diversity und Inklusion: Wettbewerbsvorteil f\u00fcr Firmen? - Organisator\" \/>\n<meta property=\"og:description\" content=\"Studie belegt: Diversit\u00e4t und Inklusion steigern Wettbewerbsf\u00e4higkeit. Wirtschaftlicher Erfolg durch strategisches Diversity Management.\" \/>\n<meta property=\"og:url\" content=\"https:\/\/www.organisator.ch\/en\/operational-excellence\/2022-09-13\/diversity-and-inclusion-competitive-advantage-for-companies\/\" \/>\n<meta property=\"og:site_name\" content=\"Organisator\" \/>\n<meta property=\"article:publisher\" content=\"https:\/\/www.facebook.com\/OrganisatorFachmagazin\" \/>\n<meta property=\"article:published_time\" content=\"2022-09-13T01:15:45+00:00\" \/>\n<meta property=\"article:modified_time\" content=\"2024-11-22T05:38:15+00:00\" \/>\n<meta name=\"author\" content=\"galledia\" \/>\n<meta name=\"twitter:card\" content=\"summary_large_image\" \/>\n<meta name=\"twitter:creator\" content=\"@admin\" \/>\n<script type=\"application\/ld+json\" class=\"yoast-schema-graph\">{\"@context\":\"https:\\\/\\\/schema.org\",\"@graph\":[{\"@type\":\"Article\",\"@id\":\"https:\\\/\\\/www.organisator.ch\\\/operational-excellence\\\/2022-09-13\\\/diversity-und-inklusion-wettbewerbsvorteil-fuer-firmen\\\/#article\",\"isPartOf\":{\"@id\":\"https:\\\/\\\/www.organisator.ch\\\/operational-excellence\\\/2022-09-13\\\/diversity-und-inklusion-wettbewerbsvorteil-fuer-firmen\\\/\"},\"author\":{\"name\":\"galledia\",\"@id\":\"https:\\\/\\\/www.organisator.ch\\\/#\\\/schema\\\/person\\\/4e51799071cd2dd1232ac003643ef5f0\"},\"headline\":\"Diversity und Inklusion: Wettbewerbsvorteil f\u00fcr Firmen?\",\"datePublished\":\"2022-09-13T01:15:45+00:00\",\"dateModified\":\"2024-11-22T05:38:15+00:00\",\"mainEntityOfPage\":{\"@id\":\"https:\\\/\\\/www.organisator.ch\\\/operational-excellence\\\/2022-09-13\\\/diversity-und-inklusion-wettbewerbsvorteil-fuer-firmen\\\/\"},\"wordCount\":497,\"publisher\":{\"@id\":\"https:\\\/\\\/www.organisator.ch\\\/#organization\"},\"image\":{\"@id\":\"https:\\\/\\\/www.organisator.ch\\\/operational-excellence\\\/2022-09-13\\\/diversity-und-inklusion-wettbewerbsvorteil-fuer-firmen\\\/#primaryimage\"},\"thumbnailUrl\":\"https:\\\/\\\/www.m-q.ch\\\/wp-content\\\/uploads\\\/2022\\\/09\\\/Diversity-und-Inklusion-Wettbewerbsvorteil-fuer-Firmen_MQ.jpg\",\"keywords\":[\"Diversity and Inclusion Management\"],\"articleSection\":[\"OPERATIONAL EXCELLENCE\"],\"inLanguage\":\"en-US\"},{\"@type\":\"WebPage\",\"@id\":\"https:\\\/\\\/www.organisator.ch\\\/operational-excellence\\\/2022-09-13\\\/diversity-und-inklusion-wettbewerbsvorteil-fuer-firmen\\\/\",\"url\":\"https:\\\/\\\/www.organisator.ch\\\/operational-excellence\\\/2022-09-13\\\/diversity-und-inklusion-wettbewerbsvorteil-fuer-firmen\\\/\",\"name\":\"Diversity und Inklusion: Wettbewerbsvorteil f\u00fcr Firmen? - Organisator\",\"isPartOf\":{\"@id\":\"https:\\\/\\\/www.organisator.ch\\\/#website\"},\"primaryImageOfPage\":{\"@id\":\"https:\\\/\\\/www.organisator.ch\\\/operational-excellence\\\/2022-09-13\\\/diversity-und-inklusion-wettbewerbsvorteil-fuer-firmen\\\/#primaryimage\"},\"image\":{\"@id\":\"https:\\\/\\\/www.organisator.ch\\\/operational-excellence\\\/2022-09-13\\\/diversity-und-inklusion-wettbewerbsvorteil-fuer-firmen\\\/#primaryimage\"},\"thumbnailUrl\":\"https:\\\/\\\/www.m-q.ch\\\/wp-content\\\/uploads\\\/2022\\\/09\\\/Diversity-und-Inklusion-Wettbewerbsvorteil-fuer-Firmen_MQ.jpg\",\"datePublished\":\"2022-09-13T01:15:45+00:00\",\"dateModified\":\"2024-11-22T05:38:15+00:00\",\"description\":\"Studie belegt: Diversit\u00e4t und Inklusion steigern Wettbewerbsf\u00e4higkeit. Wirtschaftlicher Erfolg durch strategisches Diversity Management.\",\"breadcrumb\":{\"@id\":\"https:\\\/\\\/www.organisator.ch\\\/operational-excellence\\\/2022-09-13\\\/diversity-und-inklusion-wettbewerbsvorteil-fuer-firmen\\\/#breadcrumb\"},\"inLanguage\":\"en-US\",\"potentialAction\":[{\"@type\":\"ReadAction\",\"target\":[\"https:\\\/\\\/www.organisator.ch\\\/operational-excellence\\\/2022-09-13\\\/diversity-und-inklusion-wettbewerbsvorteil-fuer-firmen\\\/\"]}]},{\"@type\":\"ImageObject\",\"inLanguage\":\"en-US\",\"@id\":\"https:\\\/\\\/www.organisator.ch\\\/operational-excellence\\\/2022-09-13\\\/diversity-und-inklusion-wettbewerbsvorteil-fuer-firmen\\\/#primaryimage\",\"url\":\"https:\\\/\\\/www.m-q.ch\\\/wp-content\\\/uploads\\\/2022\\\/09\\\/Diversity-und-Inklusion-Wettbewerbsvorteil-fuer-Firmen_MQ.jpg\",\"contentUrl\":\"https:\\\/\\\/www.m-q.ch\\\/wp-content\\\/uploads\\\/2022\\\/09\\\/Diversity-und-Inklusion-Wettbewerbsvorteil-fuer-Firmen_MQ.jpg\"},{\"@type\":\"BreadcrumbList\",\"@id\":\"https:\\\/\\\/www.organisator.ch\\\/operational-excellence\\\/2022-09-13\\\/diversity-und-inklusion-wettbewerbsvorteil-fuer-firmen\\\/#breadcrumb\",\"itemListElement\":[{\"@type\":\"ListItem\",\"position\":1,\"name\":\"Home\",\"item\":\"https:\\\/\\\/www.organisator.ch\\\/\"},{\"@type\":\"ListItem\",\"position\":2,\"name\":\"Diversity und Inklusion: Wettbewerbsvorteil f\u00fcr Firmen?\"}]},{\"@type\":\"WebSite\",\"@id\":\"https:\\\/\\\/www.organisator.ch\\\/#website\",\"url\":\"https:\\\/\\\/www.organisator.ch\\\/\",\"name\":\"Organisator\",\"description\":\"Kompetent. Praxisnah. Der ORGANISATOR bereitet in 10 Ausgaben pro Jahr die wesentlichen Themen f\u00fcr F\u00fchrungskr\u00e4fte von KMU auf.\",\"publisher\":{\"@id\":\"https:\\\/\\\/www.organisator.ch\\\/#organization\"},\"potentialAction\":[{\"@type\":\"SearchAction\",\"target\":{\"@type\":\"EntryPoint\",\"urlTemplate\":\"https:\\\/\\\/www.organisator.ch\\\/?s={search_term_string}\"},\"query-input\":{\"@type\":\"PropertyValueSpecification\",\"valueRequired\":true,\"valueName\":\"search_term_string\"}}],\"inLanguage\":\"en-US\"},{\"@type\":\"Organization\",\"@id\":\"https:\\\/\\\/www.organisator.ch\\\/#organization\",\"name\":\"Organisator\",\"url\":\"https:\\\/\\\/www.organisator.ch\\\/\",\"logo\":{\"@type\":\"ImageObject\",\"inLanguage\":\"en-US\",\"@id\":\"https:\\\/\\\/www.organisator.ch\\\/#\\\/schema\\\/logo\\\/image\\\/\",\"url\":\"https:\\\/\\\/www.organisator.ch\\\/wp-content\\\/uploads\\\/2022\\\/01\\\/Logo_Organisator_Website.png\",\"contentUrl\":\"https:\\\/\\\/www.organisator.ch\\\/wp-content\\\/uploads\\\/2022\\\/01\\\/Logo_Organisator_Website.png\",\"width\":800,\"height\":77,\"caption\":\"Organisator\"},\"image\":{\"@id\":\"https:\\\/\\\/www.organisator.ch\\\/#\\\/schema\\\/logo\\\/image\\\/\"},\"sameAs\":[\"https:\\\/\\\/www.facebook.com\\\/OrganisatorFachmagazin\",\"https:\\\/\\\/www.linkedin.com\\\/showcase\\\/organisator-das-magazin-fr-kmu\",\"https:\\\/\\\/www.xing.com\\\/news\\\/pages\\\/organisator-ch-695\",\"https:\\\/\\\/www.youtube.com\\\/channel\\\/UCGP2Sq0iWaZwT3BdIAQFYpw\"]},{\"@type\":\"Person\",\"@id\":\"https:\\\/\\\/www.organisator.ch\\\/#\\\/schema\\\/person\\\/4e51799071cd2dd1232ac003643ef5f0\",\"name\":\"galledia\",\"image\":{\"@type\":\"ImageObject\",\"inLanguage\":\"en-US\",\"@id\":\"https:\\\/\\\/secure.gravatar.com\\\/avatar\\\/78a7f90c01fc2bfc875782a0d4922b37cde2cf184ce347b91316d23cd7f69a36?s=96&d=mm&r=g\",\"url\":\"https:\\\/\\\/secure.gravatar.com\\\/avatar\\\/78a7f90c01fc2bfc875782a0d4922b37cde2cf184ce347b91316d23cd7f69a36?s=96&d=mm&r=g\",\"contentUrl\":\"https:\\\/\\\/secure.gravatar.com\\\/avatar\\\/78a7f90c01fc2bfc875782a0d4922b37cde2cf184ce347b91316d23cd7f69a36?s=96&d=mm&r=g\",\"caption\":\"galledia\"},\"sameAs\":[\"https:\\\/\\\/x.com\\\/admin\"],\"url\":\"https:\\\/\\\/www.organisator.ch\\\/en\\\/author\\\/galledia\\\/\"}]}<\/script>\n<!-- \/ Yoast SEO plugin. -->","yoast_head_json":{"title":"Diversity and inclusion: competitive advantage for companies? - Organizer","description":"Study proves it: Diversity and inclusion increase competitiveness. Economic success through strategic diversity management.","robots":{"index":"index","follow":"follow","max-snippet":"max-snippet:-1","max-image-preview":"max-image-preview:large","max-video-preview":"max-video-preview:-1"},"canonical":"https:\/\/www.organisator.ch\/en\/operational-excellence\/2022-09-13\/diversity-and-inclusion-competitive-advantage-for-companies\/","og_locale":"en_US","og_type":"article","og_title":"Diversity und Inklusion: Wettbewerbsvorteil f\u00fcr Firmen? - Organisator","og_description":"Studie belegt: Diversit\u00e4t und Inklusion steigern Wettbewerbsf\u00e4higkeit. Wirtschaftlicher Erfolg durch strategisches Diversity Management.","og_url":"https:\/\/www.organisator.ch\/en\/operational-excellence\/2022-09-13\/diversity-and-inclusion-competitive-advantage-for-companies\/","og_site_name":"Organisator","article_publisher":"https:\/\/www.facebook.com\/OrganisatorFachmagazin","article_published_time":"2022-09-13T01:15:45+00:00","article_modified_time":"2024-11-22T05:38:15+00:00","author":"galledia","twitter_card":"summary_large_image","twitter_creator":"@admin","schema":{"@context":"https:\/\/schema.org","@graph":[{"@type":"Article","@id":"https:\/\/www.organisator.ch\/operational-excellence\/2022-09-13\/diversity-und-inklusion-wettbewerbsvorteil-fuer-firmen\/#article","isPartOf":{"@id":"https:\/\/www.organisator.ch\/operational-excellence\/2022-09-13\/diversity-und-inklusion-wettbewerbsvorteil-fuer-firmen\/"},"author":{"name":"galledia","@id":"https:\/\/www.organisator.ch\/#\/schema\/person\/4e51799071cd2dd1232ac003643ef5f0"},"headline":"Diversity und Inklusion: Wettbewerbsvorteil f\u00fcr Firmen?","datePublished":"2022-09-13T01:15:45+00:00","dateModified":"2024-11-22T05:38:15+00:00","mainEntityOfPage":{"@id":"https:\/\/www.organisator.ch\/operational-excellence\/2022-09-13\/diversity-und-inklusion-wettbewerbsvorteil-fuer-firmen\/"},"wordCount":497,"publisher":{"@id":"https:\/\/www.organisator.ch\/#organization"},"image":{"@id":"https:\/\/www.organisator.ch\/operational-excellence\/2022-09-13\/diversity-und-inklusion-wettbewerbsvorteil-fuer-firmen\/#primaryimage"},"thumbnailUrl":"https:\/\/www.m-q.ch\/wp-content\/uploads\/2022\/09\/Diversity-und-Inklusion-Wettbewerbsvorteil-fuer-Firmen_MQ.jpg","keywords":["Diversity and Inclusion Management"],"articleSection":["OPERATIONAL EXCELLENCE"],"inLanguage":"en-US"},{"@type":"WebPage","@id":"https:\/\/www.organisator.ch\/operational-excellence\/2022-09-13\/diversity-und-inklusion-wettbewerbsvorteil-fuer-firmen\/","url":"https:\/\/www.organisator.ch\/operational-excellence\/2022-09-13\/diversity-und-inklusion-wettbewerbsvorteil-fuer-firmen\/","name":"Diversity and inclusion: competitive advantage for companies? - Organizer","isPartOf":{"@id":"https:\/\/www.organisator.ch\/#website"},"primaryImageOfPage":{"@id":"https:\/\/www.organisator.ch\/operational-excellence\/2022-09-13\/diversity-und-inklusion-wettbewerbsvorteil-fuer-firmen\/#primaryimage"},"image":{"@id":"https:\/\/www.organisator.ch\/operational-excellence\/2022-09-13\/diversity-und-inklusion-wettbewerbsvorteil-fuer-firmen\/#primaryimage"},"thumbnailUrl":"https:\/\/www.m-q.ch\/wp-content\/uploads\/2022\/09\/Diversity-und-Inklusion-Wettbewerbsvorteil-fuer-Firmen_MQ.jpg","datePublished":"2022-09-13T01:15:45+00:00","dateModified":"2024-11-22T05:38:15+00:00","description":"Study proves it: Diversity and inclusion increase competitiveness. Economic success through strategic diversity management.","breadcrumb":{"@id":"https:\/\/www.organisator.ch\/operational-excellence\/2022-09-13\/diversity-und-inklusion-wettbewerbsvorteil-fuer-firmen\/#breadcrumb"},"inLanguage":"en-US","potentialAction":[{"@type":"ReadAction","target":["https:\/\/www.organisator.ch\/operational-excellence\/2022-09-13\/diversity-und-inklusion-wettbewerbsvorteil-fuer-firmen\/"]}]},{"@type":"ImageObject","inLanguage":"en-US","@id":"https:\/\/www.organisator.ch\/operational-excellence\/2022-09-13\/diversity-und-inklusion-wettbewerbsvorteil-fuer-firmen\/#primaryimage","url":"https:\/\/www.m-q.ch\/wp-content\/uploads\/2022\/09\/Diversity-und-Inklusion-Wettbewerbsvorteil-fuer-Firmen_MQ.jpg","contentUrl":"https:\/\/www.m-q.ch\/wp-content\/uploads\/2022\/09\/Diversity-und-Inklusion-Wettbewerbsvorteil-fuer-Firmen_MQ.jpg"},{"@type":"BreadcrumbList","@id":"https:\/\/www.organisator.ch\/operational-excellence\/2022-09-13\/diversity-und-inklusion-wettbewerbsvorteil-fuer-firmen\/#breadcrumb","itemListElement":[{"@type":"ListItem","position":1,"name":"Home","item":"https:\/\/www.organisator.ch\/"},{"@type":"ListItem","position":2,"name":"Diversity und Inklusion: Wettbewerbsvorteil f\u00fcr Firmen?"}]},{"@type":"WebSite","@id":"https:\/\/www.organisator.ch\/#website","url":"https:\/\/www.organisator.ch\/","name":"Organizer","description":"Competent. Practical. In 10 issues per year, ORGANISATOR presents the essential topics for managers of SMEs.","publisher":{"@id":"https:\/\/www.organisator.ch\/#organization"},"potentialAction":[{"@type":"SearchAction","target":{"@type":"EntryPoint","urlTemplate":"https:\/\/www.organisator.ch\/?s={search_term_string}"},"query-input":{"@type":"PropertyValueSpecification","valueRequired":true,"valueName":"search_term_string"}}],"inLanguage":"en-US"},{"@type":"Organization","@id":"https:\/\/www.organisator.ch\/#organization","name":"Organizer","url":"https:\/\/www.organisator.ch\/","logo":{"@type":"ImageObject","inLanguage":"en-US","@id":"https:\/\/www.organisator.ch\/#\/schema\/logo\/image\/","url":"https:\/\/www.organisator.ch\/wp-content\/uploads\/2022\/01\/Logo_Organisator_Website.png","contentUrl":"https:\/\/www.organisator.ch\/wp-content\/uploads\/2022\/01\/Logo_Organisator_Website.png","width":800,"height":77,"caption":"Organisator"},"image":{"@id":"https:\/\/www.organisator.ch\/#\/schema\/logo\/image\/"},"sameAs":["https:\/\/www.facebook.com\/OrganisatorFachmagazin","https:\/\/www.linkedin.com\/showcase\/organisator-das-magazin-fr-kmu","https:\/\/www.xing.com\/news\/pages\/organisator-ch-695","https:\/\/www.youtube.com\/channel\/UCGP2Sq0iWaZwT3BdIAQFYpw"]},{"@type":"Person","@id":"https:\/\/www.organisator.ch\/#\/schema\/person\/4e51799071cd2dd1232ac003643ef5f0","name":"galledia","image":{"@type":"ImageObject","inLanguage":"en-US","@id":"https:\/\/secure.gravatar.com\/avatar\/78a7f90c01fc2bfc875782a0d4922b37cde2cf184ce347b91316d23cd7f69a36?s=96&d=mm&r=g","url":"https:\/\/secure.gravatar.com\/avatar\/78a7f90c01fc2bfc875782a0d4922b37cde2cf184ce347b91316d23cd7f69a36?s=96&d=mm&r=g","contentUrl":"https:\/\/secure.gravatar.com\/avatar\/78a7f90c01fc2bfc875782a0d4922b37cde2cf184ce347b91316d23cd7f69a36?s=96&d=mm&r=g","caption":"galledia"},"sameAs":["https:\/\/x.com\/admin"],"url":"https:\/\/www.organisator.ch\/en\/author\/galledia\/"}]}},"_links":{"self":[{"href":"https:\/\/www.organisator.ch\/en\/wp-json\/wp\/v2\/posts\/16913","targetHints":{"allow":["GET"]}}],"collection":[{"href":"https:\/\/www.organisator.ch\/en\/wp-json\/wp\/v2\/posts"}],"about":[{"href":"https:\/\/www.organisator.ch\/en\/wp-json\/wp\/v2\/types\/post"}],"author":[{"embeddable":true,"href":"https:\/\/www.organisator.ch\/en\/wp-json\/wp\/v2\/users\/8"}],"replies":[{"embeddable":true,"href":"https:\/\/www.organisator.ch\/en\/wp-json\/wp\/v2\/comments?post=16913"}],"version-history":[{"count":3,"href":"https:\/\/www.organisator.ch\/en\/wp-json\/wp\/v2\/posts\/16913\/revisions"}],"predecessor-version":[{"id":33812,"href":"https:\/\/www.organisator.ch\/en\/wp-json\/wp\/v2\/posts\/16913\/revisions\/33812"}],"wp:attachment":[{"href":"https:\/\/www.organisator.ch\/en\/wp-json\/wp\/v2\/media?parent=16913"}],"wp:term":[{"taxonomy":"category","embeddable":true,"href":"https:\/\/www.organisator.ch\/en\/wp-json\/wp\/v2\/categories?post=16913"},{"taxonomy":"post_tag","embeddable":true,"href":"https:\/\/www.organisator.ch\/en\/wp-json\/wp\/v2\/tags?post=16913"}],"curies":[{"name":"wp","href":"https:\/\/api.w.org\/{rel}","templated":true}]}}