{"id":1692,"date":"2017-03-29T11:39:31","date_gmt":"2017-03-29T09:39:31","guid":{"rendered":"https:\/\/www.organisator.ch\/?p=1692"},"modified":"2017-03-29T11:39:31","modified_gmt":"2017-03-29T09:39:31","slug":"fmh-statistik-zeigt-viele-aerzte-sind-im-pensionsalter","status":"publish","type":"post","link":"https:\/\/www.organisator.ch\/en\/allgemein\/2017-03-29\/fmh-statistik-zeigt-viele-aerzte-sind-im-pensionsalter\/","title":{"rendered":"FMH statistics show: many doctors are of retirement age"},"content":{"rendered":"<figure id=\"attachment_1693\" aria-describedby=\"caption-attachment-1693\" style=\"width: 680px\" class=\"wp-caption alignnone\"><img loading=\"lazy\" decoding=\"async\" class=\"size-medium wp-image-1693\" src=\"https:\/\/www.organisator.ch\/wp-content\/uploads\/2017\/03\/FMH_Statistik-viel-Aerzte-sind-im-Pensionsalter-org-organisator.jpg\" alt=\"\" width=\"680\" height=\"454\" srcset=\"https:\/\/www.organisator.ch\/wp-content\/uploads\/2017\/03\/FMH_Statistik-viel-Aerzte-sind-im-Pensionsalter-org-organisator.jpg 1000w, https:\/\/www.organisator.ch\/wp-content\/uploads\/2017\/03\/FMH_Statistik-viel-Aerzte-sind-im-Pensionsalter-org-organisator-680x454.jpg 680w, https:\/\/www.organisator.ch\/wp-content\/uploads\/2017\/03\/FMH_Statistik-viel-Aerzte-sind-im-Pensionsalter-org-organisator-768x512.jpg 768w, https:\/\/www.organisator.ch\/wp-content\/uploads\/2017\/03\/FMH_Statistik-viel-Aerzte-sind-im-Pensionsalter-org-organisator-16x12.jpg 16w, https:\/\/www.organisator.ch\/wp-content\/uploads\/2017\/03\/FMH_Statistik-viel-Aerzte-sind-im-Pensionsalter-org-organisator-262x175.jpg 262w, https:\/\/www.organisator.ch\/wp-content\/uploads\/2017\/03\/FMH_Statistik-viel-Aerzte-sind-im-Pensionsalter-org-organisator-525x350.jpg 525w, https:\/\/www.organisator.ch\/wp-content\/uploads\/2017\/03\/FMH_Statistik-viel-Aerzte-sind-im-Pensionsalter-org-organisator-920x614.jpg 920w, https:\/\/www.organisator.ch\/wp-content\/uploads\/2017\/03\/FMH_Statistik-viel-Aerzte-sind-im-Pensionsalter-org-organisator-300x200.jpg 300w\" sizes=\"auto, (max-width: 680px) 100vw, 680px\" \/><figcaption id=\"caption-attachment-1693\" class=\"wp-caption-text\">According to FMH statistics from 2016, the longer doctors work in the outpatient sector, the more they work beyond retirement age. (Image: depositphotos)<\/figcaption><\/figure>\n<p>The FMH statistics underline the fact that a total of 36,175 physicians were employed in this country in 2016. Men still make up the majority of the medical profession with 58.7 percent. But the proportion of women has increased by 37.9 percent since 2010.<\/p>\n<p>A majority of 51.1 percent of physicians work in the outpatient sector - 47.3 percent work in the inpatient sector. 23 percent of physicians have a specialist title in general internal medicine, followed by psychiatry and psychotherapy (10.1 percent) and pediatrics and adolescent medicine (4.9 percent).<\/p>\n<p><strong>Doctors of retirement age <\/strong><\/p>\n<p>The average age of physicians in Switzerland was 49.2 years in 2016, with physicians in the outpatient sector (54.6 years) being more than ten years older on average than their colleagues in the inpatient sector(43.2 years). This is due in particular to the fact that further training up to the award of the specialist title takes place predominantly in hospitals.<\/p>\n<p>If residents are excluded from the consideration of average age, the average age of physicians working in the inpatient sector increases to 46.0 years.<\/p>\n<p>Compared to 2008, it appears that primary care providers working in outpatient settings were significantly more likely to be working past retirement age in 2016. There may be several reasons for this: First, succession planning for a practice is likely to remain difficult, but second, physicians also want to work beyond retirement age regardless of succession planning.<\/p>\n<p><strong>Proportion of foreigners continues to rise<\/strong><\/p>\n<p>In 2016, 11,900 of the working physicians in Switzerland have a foreign medical degree. This corresponds to a share of 32.9 percent of the total physician workforce. In the inpatient sector, the proportion is 38.4 percent. Most working foreign physicians come from surrounding countries: Germany (53.6 percent), Austria (10.8 percent), Italy (9.6 percent) and France (3.0 percent).<\/p>\n<p>A look at continuing education shows that 44.2 percent of physicians who earned a federal medical specialty degree in 2016 hold a foreign medical degree.<\/p>\n<p><em>For more information on the \"FMH Physician Statistics 2016\", please visit this <a href=\"https:\/\/contens30.fmh.ch\/fmh\/_files\/pdf18\/FMH-rztestatistik_20162.pdf\">Link <\/a>\u00a0<\/em><\/p>","protected":false},"excerpt":{"rendered":"<p>Die FMH-Statistik unterstreicht: Im Jahr 2016 waren gesamthaft 36\u2018175 \u00c4rztinnen und \u00c4rzte hierzulande berufst\u00e4tig. Zwar machen die M\u00e4nner mit 58,7 Prozent nach wie vor die Mehrheit der \u00c4rzteschaft aus. Aber der Anteil der Frauen ist seit 2010 um 37,9 Prozent angewachsen. Eine Mehrheit von 51,1 Prozent der \u00c4rztinnen und \u00c4rzte arbeitet im ambulanten Sektor \u2013 [&hellip;]<\/p>\n","protected":false},"author":5,"featured_media":1693,"comment_status":"open","ping_status":"open","sticky":false,"template":"","format":"standard","meta":{"_acf_changed":false,"_yoast_wpseo_focuskw":"FMH Statistik","_yoast_wpseo_metadesc":"Gem\u00e4ss der FMH-Statistik von 2016 arbeiten \u00c4rzte und \u00c4rztinnen im ambulanten Bereich je l\u00e4nger je mehr \u00fcber das Pensionsalter hinaus.","articlekey":"","footnotes":""},"categories":[1],"tags":[215,376,452],"class_list":["post-1692","post","type-post","status-publish","format-standard","has-post-thumbnail","hentry","category-allgemein","tag-fmh","tag-pensionsalter","tag-statistik"],"acf":[],"yoast_head":"<!-- This site is optimized with the Yoast SEO plugin v27.5 - https:\/\/yoast.com\/product\/yoast-seo-wordpress\/ -->\n<title>FMH Statistik zeigt: viele \u00c4rzte sind im Pensionsalter - Organisator<\/title>\n<meta name=\"description\" content=\"Gem\u00e4ss der FMH-Statistik von 2016 arbeiten \u00c4rzte und \u00c4rztinnen im ambulanten Bereich je l\u00e4nger je mehr \u00fcber das Pensionsalter hinaus.\" \/>\n<meta name=\"robots\" content=\"index, follow, max-snippet:-1, max-image-preview:large, max-video-preview:-1\" \/>\n<link rel=\"canonical\" href=\"https:\/\/www.organisator.ch\/en\/general\/2017-03-29\/fmh-statistik-zeigt-viele-aerzte-sind-im-pensionsalter\/\" \/>\n<meta property=\"og:locale\" content=\"en_US\" \/>\n<meta property=\"og:type\" content=\"article\" \/>\n<meta property=\"og:title\" content=\"FMH Statistik zeigt: viele \u00c4rzte sind im Pensionsalter - Organisator\" \/>\n<meta property=\"og:description\" content=\"Gem\u00e4ss der FMH-Statistik von 2016 arbeiten \u00c4rzte und \u00c4rztinnen im ambulanten Bereich je l\u00e4nger je mehr \u00fcber das Pensionsalter hinaus.\" \/>\n<meta property=\"og:url\" content=\"https:\/\/www.organisator.ch\/en\/general\/2017-03-29\/fmh-statistik-zeigt-viele-aerzte-sind-im-pensionsalter\/\" \/>\n<meta property=\"og:site_name\" content=\"Organisator\" \/>\n<meta property=\"article:publisher\" content=\"https:\/\/www.facebook.com\/OrganisatorFachmagazin\" \/>\n<meta property=\"article:published_time\" content=\"2017-03-29T09:39:31+00:00\" \/>\n<meta property=\"og:image\" content=\"https:\/\/www.organisator.ch\/wp-content\/uploads\/2017\/03\/FMH_Statistik-viel-Aerzte-sind-im-Pensionsalter-org-organisator.jpg\" \/>\n\t<meta property=\"og:image:width\" content=\"1000\" \/>\n\t<meta property=\"og:image:height\" content=\"667\" \/>\n\t<meta property=\"og:image:type\" content=\"image\/jpeg\" \/>\n<meta name=\"author\" content=\"michael.merz\" \/>\n<meta name=\"twitter:card\" content=\"summary_large_image\" \/>\n<script type=\"application\/ld+json\" class=\"yoast-schema-graph\">{\"@context\":\"https:\\\/\\\/schema.org\",\"@graph\":[{\"@type\":\"Article\",\"@id\":\"https:\\\/\\\/www.organisator.ch\\\/fr\\\/general\\\/2017-03-29\\\/fmh-statistik-zeigt-viele-aerzte-sind-im-pensionsalter\\\/#article\",\"isPartOf\":{\"@id\":\"https:\\\/\\\/www.organisator.ch\\\/fr\\\/general\\\/2017-03-29\\\/fmh-statistik-zeigt-viele-aerzte-sind-im-pensionsalter\\\/\"},\"author\":{\"name\":\"michael.merz\",\"@id\":\"https:\\\/\\\/www.organisator.ch\\\/#\\\/schema\\\/person\\\/134708ca9321c57b0362cceb7948ffbd\"},\"headline\":\"FMH Statistik zeigt: viele \u00c4rzte sind im Pensionsalter\",\"datePublished\":\"2017-03-29T09:39:31+00:00\",\"mainEntityOfPage\":{\"@id\":\"https:\\\/\\\/www.organisator.ch\\\/fr\\\/general\\\/2017-03-29\\\/fmh-statistik-zeigt-viele-aerzte-sind-im-pensionsalter\\\/\"},\"wordCount\":354,\"commentCount\":0,\"publisher\":{\"@id\":\"https:\\\/\\\/www.organisator.ch\\\/#organization\"},\"image\":{\"@id\":\"https:\\\/\\\/www.organisator.ch\\\/fr\\\/general\\\/2017-03-29\\\/fmh-statistik-zeigt-viele-aerzte-sind-im-pensionsalter\\\/#primaryimage\"},\"thumbnailUrl\":\"https:\\\/\\\/www.organisator.ch\\\/wp-content\\\/uploads\\\/2017\\\/03\\\/FMH_Statistik-viel-Aerzte-sind-im-Pensionsalter-org-organisator.jpg\",\"keywords\":[\"FMH\",\"Pensionsalter\",\"Statistik\"],\"articleSection\":[\"Allgemein\"],\"inLanguage\":\"en-US\"},{\"@type\":\"WebPage\",\"@id\":\"https:\\\/\\\/www.organisator.ch\\\/fr\\\/general\\\/2017-03-29\\\/fmh-statistik-zeigt-viele-aerzte-sind-im-pensionsalter\\\/\",\"url\":\"https:\\\/\\\/www.organisator.ch\\\/fr\\\/general\\\/2017-03-29\\\/fmh-statistik-zeigt-viele-aerzte-sind-im-pensionsalter\\\/\",\"name\":\"FMH Statistik zeigt: viele \u00c4rzte sind im Pensionsalter - Organisator\",\"isPartOf\":{\"@id\":\"https:\\\/\\\/www.organisator.ch\\\/#website\"},\"primaryImageOfPage\":{\"@id\":\"https:\\\/\\\/www.organisator.ch\\\/fr\\\/general\\\/2017-03-29\\\/fmh-statistik-zeigt-viele-aerzte-sind-im-pensionsalter\\\/#primaryimage\"},\"image\":{\"@id\":\"https:\\\/\\\/www.organisator.ch\\\/fr\\\/general\\\/2017-03-29\\\/fmh-statistik-zeigt-viele-aerzte-sind-im-pensionsalter\\\/#primaryimage\"},\"thumbnailUrl\":\"https:\\\/\\\/www.organisator.ch\\\/wp-content\\\/uploads\\\/2017\\\/03\\\/FMH_Statistik-viel-Aerzte-sind-im-Pensionsalter-org-organisator.jpg\",\"datePublished\":\"2017-03-29T09:39:31+00:00\",\"description\":\"Gem\u00e4ss der FMH-Statistik von 2016 arbeiten \u00c4rzte und \u00c4rztinnen im ambulanten Bereich je l\u00e4nger je mehr \u00fcber das Pensionsalter hinaus.\",\"breadcrumb\":{\"@id\":\"https:\\\/\\\/www.organisator.ch\\\/fr\\\/general\\\/2017-03-29\\\/fmh-statistik-zeigt-viele-aerzte-sind-im-pensionsalter\\\/#breadcrumb\"},\"inLanguage\":\"en-US\",\"potentialAction\":[{\"@type\":\"ReadAction\",\"target\":[\"https:\\\/\\\/www.organisator.ch\\\/fr\\\/general\\\/2017-03-29\\\/fmh-statistik-zeigt-viele-aerzte-sind-im-pensionsalter\\\/\"]}]},{\"@type\":\"ImageObject\",\"inLanguage\":\"en-US\",\"@id\":\"https:\\\/\\\/www.organisator.ch\\\/fr\\\/general\\\/2017-03-29\\\/fmh-statistik-zeigt-viele-aerzte-sind-im-pensionsalter\\\/#primaryimage\",\"url\":\"https:\\\/\\\/www.organisator.ch\\\/wp-content\\\/uploads\\\/2017\\\/03\\\/FMH_Statistik-viel-Aerzte-sind-im-Pensionsalter-org-organisator.jpg\",\"contentUrl\":\"https:\\\/\\\/www.organisator.ch\\\/wp-content\\\/uploads\\\/2017\\\/03\\\/FMH_Statistik-viel-Aerzte-sind-im-Pensionsalter-org-organisator.jpg\",\"width\":1000,\"height\":667,\"caption\":\"Gem\u00e4ss der FMH-Statistik von 2016 arbeiten \u00c4rzte und \u00c4rztinnen im ambulanten Bereich je l\u00e4nger je mehr \u00fcber das Pensionsalter hinaus. (Bild: depositphotos)\"},{\"@type\":\"BreadcrumbList\",\"@id\":\"https:\\\/\\\/www.organisator.ch\\\/fr\\\/general\\\/2017-03-29\\\/fmh-statistik-zeigt-viele-aerzte-sind-im-pensionsalter\\\/#breadcrumb\",\"itemListElement\":[{\"@type\":\"ListItem\",\"position\":1,\"name\":\"Home\",\"item\":\"https:\\\/\\\/www.organisator.ch\\\/\"},{\"@type\":\"ListItem\",\"position\":2,\"name\":\"FMH Statistik zeigt: viele \u00c4rzte sind im Pensionsalter\"}]},{\"@type\":\"WebSite\",\"@id\":\"https:\\\/\\\/www.organisator.ch\\\/#website\",\"url\":\"https:\\\/\\\/www.organisator.ch\\\/\",\"name\":\"Organisator\",\"description\":\"Kompetent. Praxisnah. Der ORGANISATOR bereitet in 10 Ausgaben pro Jahr die wesentlichen Themen f\u00fcr F\u00fchrungskr\u00e4fte von KMU auf.\",\"publisher\":{\"@id\":\"https:\\\/\\\/www.organisator.ch\\\/#organization\"},\"potentialAction\":[{\"@type\":\"SearchAction\",\"target\":{\"@type\":\"EntryPoint\",\"urlTemplate\":\"https:\\\/\\\/www.organisator.ch\\\/?s={search_term_string}\"},\"query-input\":{\"@type\":\"PropertyValueSpecification\",\"valueRequired\":true,\"valueName\":\"search_term_string\"}}],\"inLanguage\":\"en-US\"},{\"@type\":\"Organization\",\"@id\":\"https:\\\/\\\/www.organisator.ch\\\/#organization\",\"name\":\"Organisator\",\"url\":\"https:\\\/\\\/www.organisator.ch\\\/\",\"logo\":{\"@type\":\"ImageObject\",\"inLanguage\":\"en-US\",\"@id\":\"https:\\\/\\\/www.organisator.ch\\\/#\\\/schema\\\/logo\\\/image\\\/\",\"url\":\"https:\\\/\\\/www.organisator.ch\\\/wp-content\\\/uploads\\\/2022\\\/01\\\/Logo_Organisator_Website.png\",\"contentUrl\":\"https:\\\/\\\/www.organisator.ch\\\/wp-content\\\/uploads\\\/2022\\\/01\\\/Logo_Organisator_Website.png\",\"width\":800,\"height\":77,\"caption\":\"Organisator\"},\"image\":{\"@id\":\"https:\\\/\\\/www.organisator.ch\\\/#\\\/schema\\\/logo\\\/image\\\/\"},\"sameAs\":[\"https:\\\/\\\/www.facebook.com\\\/OrganisatorFachmagazin\",\"https:\\\/\\\/www.linkedin.com\\\/showcase\\\/organisator-das-magazin-fr-kmu\",\"https:\\\/\\\/www.xing.com\\\/news\\\/pages\\\/organisator-ch-695\",\"https:\\\/\\\/www.youtube.com\\\/channel\\\/UCGP2Sq0iWaZwT3BdIAQFYpw\"]},{\"@type\":\"Person\",\"@id\":\"https:\\\/\\\/www.organisator.ch\\\/#\\\/schema\\\/person\\\/134708ca9321c57b0362cceb7948ffbd\",\"name\":\"michael.merz\",\"image\":{\"@type\":\"ImageObject\",\"inLanguage\":\"en-US\",\"@id\":\"https:\\\/\\\/secure.gravatar.com\\\/avatar\\\/?s=96&d=mm&r=g\",\"url\":\"https:\\\/\\\/secure.gravatar.com\\\/avatar\\\/?s=96&d=mm&r=g\",\"contentUrl\":\"https:\\\/\\\/secure.gravatar.com\\\/avatar\\\/?s=96&d=mm&r=g\",\"caption\":\"michael.merz\"},\"url\":\"https:\\\/\\\/www.organisator.ch\\\/en\\\/author\\\/michael-merz\\\/\"}]}<\/script>\n<!-- \/ Yoast SEO plugin. -->","yoast_head_json":{"title":"FMH statistics show: many doctors are of retirement age - Organizer","description":"According to FMH statistics from 2016, the longer doctors work in the outpatient sector, the more they work beyond retirement age.","robots":{"index":"index","follow":"follow","max-snippet":"max-snippet:-1","max-image-preview":"max-image-preview:large","max-video-preview":"max-video-preview:-1"},"canonical":"https:\/\/www.organisator.ch\/en\/general\/2017-03-29\/fmh-statistik-zeigt-viele-aerzte-sind-im-pensionsalter\/","og_locale":"en_US","og_type":"article","og_title":"FMH Statistik zeigt: viele \u00c4rzte sind im Pensionsalter - Organisator","og_description":"Gem\u00e4ss der FMH-Statistik von 2016 arbeiten \u00c4rzte und \u00c4rztinnen im ambulanten Bereich je l\u00e4nger je mehr \u00fcber das Pensionsalter hinaus.","og_url":"https:\/\/www.organisator.ch\/en\/general\/2017-03-29\/fmh-statistik-zeigt-viele-aerzte-sind-im-pensionsalter\/","og_site_name":"Organisator","article_publisher":"https:\/\/www.facebook.com\/OrganisatorFachmagazin","article_published_time":"2017-03-29T09:39:31+00:00","og_image":[{"width":1000,"height":667,"url":"https:\/\/www.organisator.ch\/wp-content\/uploads\/2017\/03\/FMH_Statistik-viel-Aerzte-sind-im-Pensionsalter-org-organisator.jpg","type":"image\/jpeg"}],"author":"michael.merz","twitter_card":"summary_large_image","schema":{"@context":"https:\/\/schema.org","@graph":[{"@type":"Article","@id":"https:\/\/www.organisator.ch\/fr\/general\/2017-03-29\/fmh-statistik-zeigt-viele-aerzte-sind-im-pensionsalter\/#article","isPartOf":{"@id":"https:\/\/www.organisator.ch\/fr\/general\/2017-03-29\/fmh-statistik-zeigt-viele-aerzte-sind-im-pensionsalter\/"},"author":{"name":"michael.merz","@id":"https:\/\/www.organisator.ch\/#\/schema\/person\/134708ca9321c57b0362cceb7948ffbd"},"headline":"FMH Statistik zeigt: viele \u00c4rzte sind im Pensionsalter","datePublished":"2017-03-29T09:39:31+00:00","mainEntityOfPage":{"@id":"https:\/\/www.organisator.ch\/fr\/general\/2017-03-29\/fmh-statistik-zeigt-viele-aerzte-sind-im-pensionsalter\/"},"wordCount":354,"commentCount":0,"publisher":{"@id":"https:\/\/www.organisator.ch\/#organization"},"image":{"@id":"https:\/\/www.organisator.ch\/fr\/general\/2017-03-29\/fmh-statistik-zeigt-viele-aerzte-sind-im-pensionsalter\/#primaryimage"},"thumbnailUrl":"https:\/\/www.organisator.ch\/wp-content\/uploads\/2017\/03\/FMH_Statistik-viel-Aerzte-sind-im-Pensionsalter-org-organisator.jpg","keywords":["FMH","Pensionsalter","Statistik"],"articleSection":["Allgemein"],"inLanguage":"en-US"},{"@type":"WebPage","@id":"https:\/\/www.organisator.ch\/fr\/general\/2017-03-29\/fmh-statistik-zeigt-viele-aerzte-sind-im-pensionsalter\/","url":"https:\/\/www.organisator.ch\/fr\/general\/2017-03-29\/fmh-statistik-zeigt-viele-aerzte-sind-im-pensionsalter\/","name":"FMH statistics show: many doctors are of retirement age - Organizer","isPartOf":{"@id":"https:\/\/www.organisator.ch\/#website"},"primaryImageOfPage":{"@id":"https:\/\/www.organisator.ch\/fr\/general\/2017-03-29\/fmh-statistik-zeigt-viele-aerzte-sind-im-pensionsalter\/#primaryimage"},"image":{"@id":"https:\/\/www.organisator.ch\/fr\/general\/2017-03-29\/fmh-statistik-zeigt-viele-aerzte-sind-im-pensionsalter\/#primaryimage"},"thumbnailUrl":"https:\/\/www.organisator.ch\/wp-content\/uploads\/2017\/03\/FMH_Statistik-viel-Aerzte-sind-im-Pensionsalter-org-organisator.jpg","datePublished":"2017-03-29T09:39:31+00:00","description":"According to FMH statistics from 2016, the longer doctors work in the outpatient sector, the more they work beyond retirement age.","breadcrumb":{"@id":"https:\/\/www.organisator.ch\/fr\/general\/2017-03-29\/fmh-statistik-zeigt-viele-aerzte-sind-im-pensionsalter\/#breadcrumb"},"inLanguage":"en-US","potentialAction":[{"@type":"ReadAction","target":["https:\/\/www.organisator.ch\/fr\/general\/2017-03-29\/fmh-statistik-zeigt-viele-aerzte-sind-im-pensionsalter\/"]}]},{"@type":"ImageObject","inLanguage":"en-US","@id":"https:\/\/www.organisator.ch\/fr\/general\/2017-03-29\/fmh-statistik-zeigt-viele-aerzte-sind-im-pensionsalter\/#primaryimage","url":"https:\/\/www.organisator.ch\/wp-content\/uploads\/2017\/03\/FMH_Statistik-viel-Aerzte-sind-im-Pensionsalter-org-organisator.jpg","contentUrl":"https:\/\/www.organisator.ch\/wp-content\/uploads\/2017\/03\/FMH_Statistik-viel-Aerzte-sind-im-Pensionsalter-org-organisator.jpg","width":1000,"height":667,"caption":"Gem\u00e4ss der FMH-Statistik von 2016 arbeiten \u00c4rzte und \u00c4rztinnen im ambulanten Bereich je l\u00e4nger je mehr \u00fcber das Pensionsalter hinaus. (Bild: depositphotos)"},{"@type":"BreadcrumbList","@id":"https:\/\/www.organisator.ch\/fr\/general\/2017-03-29\/fmh-statistik-zeigt-viele-aerzte-sind-im-pensionsalter\/#breadcrumb","itemListElement":[{"@type":"ListItem","position":1,"name":"Home","item":"https:\/\/www.organisator.ch\/"},{"@type":"ListItem","position":2,"name":"FMH Statistik zeigt: viele \u00c4rzte sind im Pensionsalter"}]},{"@type":"WebSite","@id":"https:\/\/www.organisator.ch\/#website","url":"https:\/\/www.organisator.ch\/","name":"Organizer","description":"Competent. Practical. In 10 issues per year, ORGANISATOR presents the essential topics for managers of SMEs.","publisher":{"@id":"https:\/\/www.organisator.ch\/#organization"},"potentialAction":[{"@type":"SearchAction","target":{"@type":"EntryPoint","urlTemplate":"https:\/\/www.organisator.ch\/?s={search_term_string}"},"query-input":{"@type":"PropertyValueSpecification","valueRequired":true,"valueName":"search_term_string"}}],"inLanguage":"en-US"},{"@type":"Organization","@id":"https:\/\/www.organisator.ch\/#organization","name":"Organizer","url":"https:\/\/www.organisator.ch\/","logo":{"@type":"ImageObject","inLanguage":"en-US","@id":"https:\/\/www.organisator.ch\/#\/schema\/logo\/image\/","url":"https:\/\/www.organisator.ch\/wp-content\/uploads\/2022\/01\/Logo_Organisator_Website.png","contentUrl":"https:\/\/www.organisator.ch\/wp-content\/uploads\/2022\/01\/Logo_Organisator_Website.png","width":800,"height":77,"caption":"Organisator"},"image":{"@id":"https:\/\/www.organisator.ch\/#\/schema\/logo\/image\/"},"sameAs":["https:\/\/www.facebook.com\/OrganisatorFachmagazin","https:\/\/www.linkedin.com\/showcase\/organisator-das-magazin-fr-kmu","https:\/\/www.xing.com\/news\/pages\/organisator-ch-695","https:\/\/www.youtube.com\/channel\/UCGP2Sq0iWaZwT3BdIAQFYpw"]},{"@type":"Person","@id":"https:\/\/www.organisator.ch\/#\/schema\/person\/134708ca9321c57b0362cceb7948ffbd","name":"michael.merz","image":{"@type":"ImageObject","inLanguage":"en-US","@id":"https:\/\/secure.gravatar.com\/avatar\/?s=96&d=mm&r=g","url":"https:\/\/secure.gravatar.com\/avatar\/?s=96&d=mm&r=g","contentUrl":"https:\/\/secure.gravatar.com\/avatar\/?s=96&d=mm&r=g","caption":"michael.merz"},"url":"https:\/\/www.organisator.ch\/en\/author\/michael-merz\/"}]}},"_links":{"self":[{"href":"https:\/\/www.organisator.ch\/en\/wp-json\/wp\/v2\/posts\/1692","targetHints":{"allow":["GET"]}}],"collection":[{"href":"https:\/\/www.organisator.ch\/en\/wp-json\/wp\/v2\/posts"}],"about":[{"href":"https:\/\/www.organisator.ch\/en\/wp-json\/wp\/v2\/types\/post"}],"author":[{"embeddable":true,"href":"https:\/\/www.organisator.ch\/en\/wp-json\/wp\/v2\/users\/5"}],"replies":[{"embeddable":true,"href":"https:\/\/www.organisator.ch\/en\/wp-json\/wp\/v2\/comments?post=1692"}],"version-history":[{"count":0,"href":"https:\/\/www.organisator.ch\/en\/wp-json\/wp\/v2\/posts\/1692\/revisions"}],"wp:featuredmedia":[{"embeddable":true,"href":"https:\/\/www.organisator.ch\/en\/wp-json\/wp\/v2\/media\/1693"}],"wp:attachment":[{"href":"https:\/\/www.organisator.ch\/en\/wp-json\/wp\/v2\/media?parent=1692"}],"wp:term":[{"taxonomy":"category","embeddable":true,"href":"https:\/\/www.organisator.ch\/en\/wp-json\/wp\/v2\/categories?post=1692"},{"taxonomy":"post_tag","embeddable":true,"href":"https:\/\/www.organisator.ch\/en\/wp-json\/wp\/v2\/tags?post=1692"}],"curies":[{"name":"wp","href":"https:\/\/api.w.org\/{rel}","templated":true}]}}